{"id":2686,"date":"2018-03-10T10:42:51","date_gmt":"2018-03-10T16:42:51","guid":{"rendered":"http:\/\/bloquepopularjuvenil.org\/?p=2686"},"modified":"2018-03-10T14:51:15","modified_gmt":"2018-03-10T20:51:15","slug":"dimision-de-la-cp-del-fmln-congreso-extraordinario-por-la-construccion-de-un-programa-anticapitalista","status":"publish","type":"post","link":"https:\/\/elcomunista.org\/?p=2686","title":{"rendered":"\u00a1Dimisi\u00f3n de la CP del FMLN! Congreso extraordinario por la construcci\u00f3n de un programa anticapitalista"},"content":{"rendered":"<p class=\"p1\">Despu\u00e9s de la humillante derrota del FMLN el 4M, se ha desarrollado una crisis aguda en sus filas, la rabia y el descontento de las bases se han apuntalado hacia la direcci\u00f3n del FMLN. Varios sectores organizados han pedido la dimisi\u00f3n de esta Comisi\u00f3n Pol\u00edtica que se ha mantenido durante muchos a\u00f1os al mando del FMLN haciendo pantomimas de elecciones internas, aplicando m\u00e9todos autoritarios y antidemocr\u00e1ticos para la toma de decisiones, aparte de defender un programa reformista y conciliatorio con la clase dominante, dejando a un lado el programa revolucionario y socialista con el cual naci\u00f3 el FMLN en medio de una monta\u00f1a de cad\u00e1veres de los militantes m\u00e1s abnegados y heroicos de la d\u00e9cada de los 70, que lucharon por transformar de ra\u00edz los cimientos de una sociedad decadente.<\/p>\n<p class=\"p3\">Los resultados de las elecciones son la expresi\u00f3n de la crisis profunda de la direcci\u00f3n reformista y su programa de conciliaci\u00f3n de clases. En Am\u00e9rica Latina y el mundo estamos viendo los mismos resultados, el avance y ca\u00edda de los grandes partidos de masas de la clase obrera, no son m\u00e1s que los efectos de la profunda crisis del sistema capitalista, de ninguna manera es el fracaso del socialismo ni de la izquierda como expresi\u00f3n pol\u00edtica cl\u00e1sica, sino el fracaso de una caricatura de mal gusto del socialismo defendido por Marx, Engels, Lenin y Trotsky, que han aplicado las direcciones deformadas y burocr\u00e1ticas de los grandes partidos de masas, que ante las presiones de la clase dominante han sucumbido servilmente ante las burgues\u00edas nacionales y el imperialismo. <span class=\"Apple-converted-space\">\u00a0 \u00a0<\/span><\/p>\n<p class=\"p3\">Por lo tanto, estamos as\u00ed en una lucha cruenta contra el capitalismo, contra la burgues\u00eda y el imperialismo fundamentalmente pero tambi\u00e9n contra los dirigentes deformados reformistas, bur\u00f3cratas y carreristas de las filas del movimiento obrero, que por traidores representan un peligro cancer\u00edgeno en nuestras filas. La lucha contra ellos no debe ser menos implacable que la lucha contra la burgues\u00eda y el capital. En realidad estos tipos hacen el trabajo sucio de la burgues\u00eda, en los momentos cr\u00edticos del sistema fungen como la tercera pata del capitalismo manteniendo al moribundo sistema en pie. Le hacen el juego sucio a la burgues\u00eda cuando no declaran la lucha revolucionaria en las calles a trav\u00e9s de la movilizaci\u00f3n de las masas, la huelga y la elevaci\u00f3n del nivel pol\u00edtico de las capas atrasadas de la sociedad para preparar la toma del poder en las manos de los trabajadores, quienes son los que realmente generan la riqueza de la sociedad y que contradictoriamente padecen el hambre y la degradaci\u00f3n m\u00e1s despiadada que genera el sistema.<\/p>\n<p class=\"p3\">En el FMLN no estamos absueltos de estos peligros, de hecho sufrimos ahora los resultados de las decisiones incorrectas de esta direcci\u00f3n reformista y oportunista. El regreso de la derecha al Parlamento con mayor\u00eda absoluta, es un crimen y tras un crimen hay un culpable, y el culpable no est\u00e1 fuera del FMLN, claro que no, est\u00e1 dentro y se llama Comisi\u00f3n Pol\u00edtica la cual funge bajo el mando de Medardo Gonzalez, Norma Guevara, Gerson Martinez, Lorena Pe\u00f1a, Sigfrido Reyes, Jos\u00e9 Luis Merino, Lourdes Palacios, Charlin Z\u00fa\u00f1iga etc. Estos deben enfrentar el tribunal de las bases en el pr\u00f3ximo periodo, antes que cometan un crimen m\u00e1s: la aniquilaci\u00f3n del partido. La direcci\u00f3n actual ha demostrado ser un freno para la revoluci\u00f3n, es un tumor maligno del movimiento obrero salvadore\u00f1o y ese tumor se puede desarrollar en c\u00e1ncer por eso debemos combatirlo de ra\u00edz. Por lo tanto, la actual direcci\u00f3n debe deponer sus cargos y convocar a un <strong>congreso extraordinario<\/strong>, desarrollando asambleas en todos los municipios, donde se debatan libremente por todos los militantes a los candidatos para la direcci\u00f3n y el programa que debemos defender, que a nuestro parecer debe ser un programa revolucionario y anticapitalista, no m\u00e1s reformismo caduco. El padr\u00f3n como ha sido depurado antojadizamente no debe mantenerse igual, deber\u00eda hacerse un llamado a los militantes -que por \u201cA\u201d o \u201cB\u201d motivo se han alejado- a participar nuevamente, adem\u00e1s de someterse a una reevaluaci\u00f3n de los criterios de militancia y que\u00a0 estos est\u00e9n sujetos a la aceptaci\u00f3n de un m\u00ednimo de condiciones revolucionarias y desde luego la aceptaci\u00f3n nuevamente de los estatutos del partido, para que vuelvan a integrarse. Adem\u00e1s el congreso debe adoptar el centralismo democr\u00e1tico como herramienta de debate.<\/p>\n<p class=\"p3\">Despues del congreso y bajo el rescato de los m\u00e9todos mas sanos, las decisiones deben estar en un constante movimiento entre la base y la direcci\u00f3n, utilizando los congresos cada a\u00f1o o a\u00f1o y medio como m\u00ednimo, para debatir con toda la militancia las perspectivas de la lucha de clases y la pol\u00edtica a aplicarse seg\u00fan las perspectivas en el siguiente periodo. El congreso debe ser desarrollado a nivel nacional, partiendo de lo micro a lo macro. Adem\u00e1s los cargos de direcci\u00f3n no deben ser irrevocables, sino tener un car\u00e1cter revocable por cualquier falla \u00e9tica y antirrevolucionaria, donde la militancia tenga la \u00faltima palabra de revocar o no del cargo, as\u00ed combatiremos a los dirigentes oportunistas y prepotentes.<\/p>\n<p class=\"p3\">La presente crisis nos presenta grandes oportunidades debemos ser audaces para aprovecharla inteligentemente, llamamos a todos los militantes del partido a presionar constantemente por estas demandas:<\/p>\n<p class=\"p4\" style=\"text-align: left;\"><strong>1. \u00a1Fuera oportunistas de la CP!<\/strong><br \/>\n<strong> 2. Volver a las elecciones internas libres y democr\u00e1ticas<\/strong><br \/>\n<strong> 3. Debates en todas las instancias, comit\u00e9s de bases, ampliadas y secretar\u00edas, bajo los m\u00e9todos del centralismo democr\u00e1tico<\/strong><br \/>\n<strong> 4. Puesto pol\u00edtico, salario obrero, no m\u00e1s vividores en el partido<\/strong><br \/>\n<strong> 5. Puestos de direcci\u00f3n revocables por las bases en todo momento<\/strong><br \/>\n<strong> 6. Vuelta a los m\u00e9todos tradicionales de lucha, la movilizaci\u00f3n, las protestas en las f\u00e1bricas contra los explotadores y la huelga, \u00a1por un partido que luche en las calles, f\u00e1bricas y no simplemente en elecciones!<\/strong><br \/>\n<strong> 8. Rendici\u00f3n de cuentas financieras y pol\u00edticas, basta de donaciones con dinero de dudosa procedencia \u00a1la construcci\u00f3n del partido debe ser obra de la clase obrera misma!<\/strong><br \/>\n<strong> 9. Por un programa revolucionario y anticapitalista que nos saque de la crisis<\/strong><\/p>\n<p>Para lograr ser escuchados, el BPJ iniciar\u00e1 una campa\u00f1a de recolecci\u00f3n de firmas con todos aquellos militantes y simpatizantes, que tambi\u00e9n entienden que la dimisi\u00f3n de la CP es el primer paso para avanzar hacia la transformaci\u00f3n del partido y hacia la defensa de un verdadero programa socialista, nos sentimos acuerpados por miles de militantes honestos que piden lo mismo.<\/p>\n<p class=\"p4\" style=\"text-align: center;\"><span class=\"s1\"><br \/>\n<span style=\"color: #800000;\"><strong>Ante la derrota electoral: \u00a1Dimisi\u00f3n de la Comisi\u00f3n Pol\u00edtica ya!<\/strong><\/span><\/span><\/p>\n<p>&nbsp;<\/p>\n","protected":false},"excerpt":{"rendered":"<p>Despu\u00e9s de la humillante derrota del FMLN el 4M, se ha desarrollado una crisis aguda en sus filas, la rabia y el descontento de las bases se han apuntalado hacia la direcci\u00f3n del FMLN. Varios sectores organizados han pedido la dimisi\u00f3n de esta Comisi\u00f3n Pol\u00edtica que se ha mantenido durante muchos a\u00f1os al mando del&#8230;<\/p>\n","protected":false},"author":1,"featured_media":2687,"comment_status":"open","ping_status":"open","sticky":false,"template":"","format":"standard","meta":{"_monsterinsights_skip_tracking":false,"_monsterinsights_sitenote_active":false,"_monsterinsights_sitenote_note":"","_monsterinsights_sitenote_category":0,"_uf_show_specific_survey":0,"_uf_disable_surveys":false,"_jetpack_memberships_contains_paid_content":false,"footnotes":""},"categories":[2,3],"tags":[109,110,103,111],"class_list":["post-2686","post","type-post","status-publish","format-standard","has-post-thumbnail","hentry","category-nacional","category-politica","tag-comision-politica","tag-dimision","tag-fmln","tag-por-un-programa-anticapitalista"],"aioseo_notices":[],"yoast_head":"<!-- This site is optimized with the Yoast SEO plugin v25.6 - https:\/\/yoast.com\/wordpress\/plugins\/seo\/ -->\n<title>\u00a1Dimisi\u00f3n de la CP del FMLN! Congreso extraordinario por la construcci\u00f3n de un programa anticapitalista<\/title>\n<meta name=\"robots\" content=\"index, follow, max-snippet:-1, max-image-preview:large, max-video-preview:-1\" \/>\n<link rel=\"canonical\" href=\"https:\/\/elcomunista.org\/?p=2686\" \/>\n<meta property=\"og:locale\" content=\"es_ES\" \/>\n<meta property=\"og:type\" content=\"article\" \/>\n<meta property=\"og:title\" content=\"\u00a1Dimisi\u00f3n de la CP del FMLN! Congreso extraordinario por la construcci\u00f3n de un programa anticapitalista\" \/>\n<meta property=\"og:description\" content=\"Despu\u00e9s de la humillante derrota del FMLN el 4M, se ha desarrollado una crisis aguda en sus filas, la rabia y el descontento de las bases se han apuntalado hacia la direcci\u00f3n del FMLN. Varios sectores organizados han pedido la dimisi\u00f3n de esta Comisi\u00f3n Pol\u00edtica que se ha mantenido durante muchos a\u00f1os al mando del...\" \/>\n<meta property=\"og:url\" content=\"https:\/\/elcomunista.org\/?p=2686\" \/>\n<meta property=\"og:site_name\" content=\"Revoluci\u00f3n Comunista\" \/>\n<meta property=\"article:publisher\" content=\"https:\/\/www.facebook.com\/Bloquepopularjuvenil\" \/>\n<meta property=\"article:published_time\" content=\"2018-03-10T16:42:51+00:00\" \/>\n<meta property=\"article:modified_time\" content=\"2018-03-10T20:51:15+00:00\" \/>\n<meta property=\"og:image\" content=\"https:\/\/elcomunista.org\/wp-content\/uploads\/2018\/03\/conferencia-fmln1.jpg\" \/>\n\t<meta property=\"og:image:width\" content=\"900\" \/>\n\t<meta property=\"og:image:height\" content=\"506\" \/>\n\t<meta property=\"og:image:type\" content=\"image\/jpeg\" \/>\n<meta name=\"author\" content=\"Bloque Popular Juvenil\" \/>\n<meta name=\"twitter:card\" content=\"summary_large_image\" \/>\n<meta name=\"twitter:creator\" content=\"@ElBPJ\" \/>\n<meta name=\"twitter:site\" content=\"@ElBPJ\" \/>\n<meta name=\"twitter:label1\" content=\"Escrito por\" \/>\n\t<meta name=\"twitter:data1\" content=\"Bloque Popular Juvenil\" \/>\n\t<meta name=\"twitter:label2\" content=\"Tiempo de lectura\" \/>\n\t<meta name=\"twitter:data2\" content=\"6 minutos\" \/>\n<script type=\"application\/ld+json\" class=\"yoast-schema-graph\">{\"@context\":\"https:\/\/schema.org\",\"@graph\":[{\"@type\":\"Article\",\"@id\":\"https:\/\/elcomunista.org\/?p=2686#article\",\"isPartOf\":{\"@id\":\"https:\/\/elcomunista.org\/?p=2686\"},\"author\":{\"name\":\"Bloque Popular Juvenil\",\"@id\":\"https:\/\/elcomunista.org\/#\/schema\/person\/d55d5350d790a4464cbc0e898065567d\"},\"headline\":\"\u00a1Dimisi\u00f3n de la CP del FMLN! Congreso extraordinario por la construcci\u00f3n de un programa anticapitalista\",\"datePublished\":\"2018-03-10T16:42:51+00:00\",\"dateModified\":\"2018-03-10T20:51:15+00:00\",\"mainEntityOfPage\":{\"@id\":\"https:\/\/elcomunista.org\/?p=2686\"},\"wordCount\":1162,\"commentCount\":3,\"publisher\":{\"@id\":\"https:\/\/elcomunista.org\/#organization\"},\"image\":{\"@id\":\"https:\/\/elcomunista.org\/?p=2686#primaryimage\"},\"thumbnailUrl\":\"https:\/\/elcomunista.org\/wp-content\/uploads\/2018\/03\/conferencia-fmln1.jpg\",\"keywords\":[\"Comisi\u00f3n Pol\u00edtica\",\"Dimisi\u00f3n\",\"FMLN\",\"Por un programa anticapitalista\"],\"articleSection\":[\"Nacional\",\"Pol\u00edtica\"],\"inLanguage\":\"es\",\"potentialAction\":[{\"@type\":\"CommentAction\",\"name\":\"Comment\",\"target\":[\"https:\/\/elcomunista.org\/?p=2686#respond\"]}]},{\"@type\":\"WebPage\",\"@id\":\"https:\/\/elcomunista.org\/?p=2686\",\"url\":\"https:\/\/elcomunista.org\/?p=2686\",\"name\":\"\u00a1Dimisi\u00f3n de la CP del FMLN! Congreso extraordinario por la construcci\u00f3n de un programa anticapitalista\",\"isPartOf\":{\"@id\":\"https:\/\/elcomunista.org\/#website\"},\"primaryImageOfPage\":{\"@id\":\"https:\/\/elcomunista.org\/?p=2686#primaryimage\"},\"image\":{\"@id\":\"https:\/\/elcomunista.org\/?p=2686#primaryimage\"},\"thumbnailUrl\":\"https:\/\/elcomunista.org\/wp-content\/uploads\/2018\/03\/conferencia-fmln1.jpg\",\"datePublished\":\"2018-03-10T16:42:51+00:00\",\"dateModified\":\"2018-03-10T20:51:15+00:00\",\"breadcrumb\":{\"@id\":\"https:\/\/elcomunista.org\/?p=2686#breadcrumb\"},\"inLanguage\":\"es\",\"potentialAction\":[{\"@type\":\"ReadAction\",\"target\":[\"https:\/\/elcomunista.org\/?p=2686\"]}]},{\"@type\":\"ImageObject\",\"inLanguage\":\"es\",\"@id\":\"https:\/\/elcomunista.org\/?p=2686#primaryimage\",\"url\":\"https:\/\/elcomunista.org\/wp-content\/uploads\/2018\/03\/conferencia-fmln1.jpg\",\"contentUrl\":\"https:\/\/elcomunista.org\/wp-content\/uploads\/2018\/03\/conferencia-fmln1.jpg\",\"width\":900,\"height\":506},{\"@type\":\"BreadcrumbList\",\"@id\":\"https:\/\/elcomunista.org\/?p=2686#breadcrumb\",\"itemListElement\":[{\"@type\":\"ListItem\",\"position\":1,\"name\":\"Portada\",\"item\":\"https:\/\/elcomunista.org\/\"},{\"@type\":\"ListItem\",\"position\":2,\"name\":\"\u00a1Dimisi\u00f3n de la CP del FMLN! Congreso extraordinario por la construcci\u00f3n de un programa anticapitalista\"}]},{\"@type\":\"WebSite\",\"@id\":\"https:\/\/elcomunista.org\/#website\",\"url\":\"https:\/\/elcomunista.org\/\",\"name\":\"Revoluci\u00f3n Comunista\",\"description\":\"Internacional Comunista Revolucionaria\",\"publisher\":{\"@id\":\"https:\/\/elcomunista.org\/#organization\"},\"potentialAction\":[{\"@type\":\"SearchAction\",\"target\":{\"@type\":\"EntryPoint\",\"urlTemplate\":\"https:\/\/elcomunista.org\/?s={search_term_string}\"},\"query-input\":{\"@type\":\"PropertyValueSpecification\",\"valueRequired\":true,\"valueName\":\"search_term_string\"}}],\"inLanguage\":\"es\"},{\"@type\":\"Organization\",\"@id\":\"https:\/\/elcomunista.org\/#organization\",\"name\":\"Bloque Popular Juvenil\",\"url\":\"https:\/\/elcomunista.org\/\",\"logo\":{\"@type\":\"ImageObject\",\"inLanguage\":\"es\",\"@id\":\"https:\/\/elcomunista.org\/#\/schema\/logo\/image\/\",\"url\":\"https:\/\/bloquepopularjuvenil.org\/wp-content\/uploads\/2018\/11\/bpj-militante.jpg\",\"contentUrl\":\"https:\/\/bloquepopularjuvenil.org\/wp-content\/uploads\/2018\/11\/bpj-militante.jpg\",\"width\":4000,\"height\":1390,\"caption\":\"Bloque Popular Juvenil\"},\"image\":{\"@id\":\"https:\/\/elcomunista.org\/#\/schema\/logo\/image\/\"},\"sameAs\":[\"https:\/\/www.facebook.com\/Bloquepopularjuvenil\",\"https:\/\/x.com\/ElBPJ\",\"https:\/\/www.instagram.com\/elbloque_bpj\/?hl=es-la\"]},{\"@type\":\"Person\",\"@id\":\"https:\/\/elcomunista.org\/#\/schema\/person\/d55d5350d790a4464cbc0e898065567d\",\"name\":\"Bloque Popular Juvenil\",\"image\":{\"@type\":\"ImageObject\",\"inLanguage\":\"es\",\"@id\":\"https:\/\/elcomunista.org\/#\/schema\/person\/image\/\",\"url\":\"https:\/\/secure.gravatar.com\/avatar\/85d12dca789bb6379dc38a198e1576cd?s=96&d=mm&r=g\",\"contentUrl\":\"https:\/\/secure.gravatar.com\/avatar\/85d12dca789bb6379dc38a198e1576cd?s=96&d=mm&r=g\",\"caption\":\"Bloque Popular Juvenil\"},\"url\":\"https:\/\/elcomunista.org\/?author=1\"}]}<\/script>\n<!-- \/ Yoast SEO plugin. -->","yoast_head_json":{"title":"\u00a1Dimisi\u00f3n de la CP del FMLN! Congreso extraordinario por la construcci\u00f3n de un programa anticapitalista","robots":{"index":"index","follow":"follow","max-snippet":"max-snippet:-1","max-image-preview":"max-image-preview:large","max-video-preview":"max-video-preview:-1"},"canonical":"https:\/\/elcomunista.org\/?p=2686","og_locale":"es_ES","og_type":"article","og_title":"\u00a1Dimisi\u00f3n de la CP del FMLN! Congreso extraordinario por la construcci\u00f3n de un programa anticapitalista","og_description":"Despu\u00e9s de la humillante derrota del FMLN el 4M, se ha desarrollado una crisis aguda en sus filas, la rabia y el descontento de las bases se han apuntalado hacia la direcci\u00f3n del FMLN. Varios sectores organizados han pedido la dimisi\u00f3n de esta Comisi\u00f3n Pol\u00edtica que se ha mantenido durante muchos a\u00f1os al mando del...","og_url":"https:\/\/elcomunista.org\/?p=2686","og_site_name":"Revoluci\u00f3n Comunista","article_publisher":"https:\/\/www.facebook.com\/Bloquepopularjuvenil","article_published_time":"2018-03-10T16:42:51+00:00","article_modified_time":"2018-03-10T20:51:15+00:00","og_image":[{"width":900,"height":506,"url":"https:\/\/elcomunista.org\/wp-content\/uploads\/2018\/03\/conferencia-fmln1.jpg","type":"image\/jpeg"}],"author":"Bloque Popular Juvenil","twitter_card":"summary_large_image","twitter_creator":"@ElBPJ","twitter_site":"@ElBPJ","twitter_misc":{"Escrito por":"Bloque Popular Juvenil","Tiempo de lectura":"6 minutos"},"schema":{"@context":"https:\/\/schema.org","@graph":[{"@type":"Article","@id":"https:\/\/elcomunista.org\/?p=2686#article","isPartOf":{"@id":"https:\/\/elcomunista.org\/?p=2686"},"author":{"name":"Bloque Popular Juvenil","@id":"https:\/\/elcomunista.org\/#\/schema\/person\/d55d5350d790a4464cbc0e898065567d"},"headline":"\u00a1Dimisi\u00f3n de la CP del FMLN! Congreso extraordinario por la construcci\u00f3n de un programa anticapitalista","datePublished":"2018-03-10T16:42:51+00:00","dateModified":"2018-03-10T20:51:15+00:00","mainEntityOfPage":{"@id":"https:\/\/elcomunista.org\/?p=2686"},"wordCount":1162,"commentCount":3,"publisher":{"@id":"https:\/\/elcomunista.org\/#organization"},"image":{"@id":"https:\/\/elcomunista.org\/?p=2686#primaryimage"},"thumbnailUrl":"https:\/\/elcomunista.org\/wp-content\/uploads\/2018\/03\/conferencia-fmln1.jpg","keywords":["Comisi\u00f3n Pol\u00edtica","Dimisi\u00f3n","FMLN","Por un programa anticapitalista"],"articleSection":["Nacional","Pol\u00edtica"],"inLanguage":"es","potentialAction":[{"@type":"CommentAction","name":"Comment","target":["https:\/\/elcomunista.org\/?p=2686#respond"]}]},{"@type":"WebPage","@id":"https:\/\/elcomunista.org\/?p=2686","url":"https:\/\/elcomunista.org\/?p=2686","name":"\u00a1Dimisi\u00f3n de la CP del FMLN! Congreso extraordinario por la construcci\u00f3n de un programa anticapitalista","isPartOf":{"@id":"https:\/\/elcomunista.org\/#website"},"primaryImageOfPage":{"@id":"https:\/\/elcomunista.org\/?p=2686#primaryimage"},"image":{"@id":"https:\/\/elcomunista.org\/?p=2686#primaryimage"},"thumbnailUrl":"https:\/\/elcomunista.org\/wp-content\/uploads\/2018\/03\/conferencia-fmln1.jpg","datePublished":"2018-03-10T16:42:51+00:00","dateModified":"2018-03-10T20:51:15+00:00","breadcrumb":{"@id":"https:\/\/elcomunista.org\/?p=2686#breadcrumb"},"inLanguage":"es","potentialAction":[{"@type":"ReadAction","target":["https:\/\/elcomunista.org\/?p=2686"]}]},{"@type":"ImageObject","inLanguage":"es","@id":"https:\/\/elcomunista.org\/?p=2686#primaryimage","url":"https:\/\/elcomunista.org\/wp-content\/uploads\/2018\/03\/conferencia-fmln1.jpg","contentUrl":"https:\/\/elcomunista.org\/wp-content\/uploads\/2018\/03\/conferencia-fmln1.jpg","width":900,"height":506},{"@type":"BreadcrumbList","@id":"https:\/\/elcomunista.org\/?p=2686#breadcrumb","itemListElement":[{"@type":"ListItem","position":1,"name":"Portada","item":"https:\/\/elcomunista.org\/"},{"@type":"ListItem","position":2,"name":"\u00a1Dimisi\u00f3n de la CP del FMLN! Congreso extraordinario por la construcci\u00f3n de un programa anticapitalista"}]},{"@type":"WebSite","@id":"https:\/\/elcomunista.org\/#website","url":"https:\/\/elcomunista.org\/","name":"Revoluci\u00f3n Comunista","description":"Internacional Comunista Revolucionaria","publisher":{"@id":"https:\/\/elcomunista.org\/#organization"},"potentialAction":[{"@type":"SearchAction","target":{"@type":"EntryPoint","urlTemplate":"https:\/\/elcomunista.org\/?s={search_term_string}"},"query-input":{"@type":"PropertyValueSpecification","valueRequired":true,"valueName":"search_term_string"}}],"inLanguage":"es"},{"@type":"Organization","@id":"https:\/\/elcomunista.org\/#organization","name":"Bloque Popular Juvenil","url":"https:\/\/elcomunista.org\/","logo":{"@type":"ImageObject","inLanguage":"es","@id":"https:\/\/elcomunista.org\/#\/schema\/logo\/image\/","url":"https:\/\/bloquepopularjuvenil.org\/wp-content\/uploads\/2018\/11\/bpj-militante.jpg","contentUrl":"https:\/\/bloquepopularjuvenil.org\/wp-content\/uploads\/2018\/11\/bpj-militante.jpg","width":4000,"height":1390,"caption":"Bloque Popular Juvenil"},"image":{"@id":"https:\/\/elcomunista.org\/#\/schema\/logo\/image\/"},"sameAs":["https:\/\/www.facebook.com\/Bloquepopularjuvenil","https:\/\/x.com\/ElBPJ","https:\/\/www.instagram.com\/elbloque_bpj\/?hl=es-la"]},{"@type":"Person","@id":"https:\/\/elcomunista.org\/#\/schema\/person\/d55d5350d790a4464cbc0e898065567d","name":"Bloque Popular Juvenil","image":{"@type":"ImageObject","inLanguage":"es","@id":"https:\/\/elcomunista.org\/#\/schema\/person\/image\/","url":"https:\/\/secure.gravatar.com\/avatar\/85d12dca789bb6379dc38a198e1576cd?s=96&d=mm&r=g","contentUrl":"https:\/\/secure.gravatar.com\/avatar\/85d12dca789bb6379dc38a198e1576cd?s=96&d=mm&r=g","caption":"Bloque Popular Juvenil"},"url":"https:\/\/elcomunista.org\/?author=1"}]}},"jetpack_featured_media_url":"https:\/\/elcomunista.org\/wp-content\/uploads\/2018\/03\/conferencia-fmln1.jpg","jetpack_likes_enabled":true,"jetpack_sharing_enabled":true,"_links":{"self":[{"href":"https:\/\/elcomunista.org\/index.php?rest_route=\/wp\/v2\/posts\/2686"}],"collection":[{"href":"https:\/\/elcomunista.org\/index.php?rest_route=\/wp\/v2\/posts"}],"about":[{"href":"https:\/\/elcomunista.org\/index.php?rest_route=\/wp\/v2\/types\/post"}],"author":[{"embeddable":true,"href":"https:\/\/elcomunista.org\/index.php?rest_route=\/wp\/v2\/users\/1"}],"replies":[{"embeddable":true,"href":"https:\/\/elcomunista.org\/index.php?rest_route=%2Fwp%2Fv2%2Fcomments&post=2686"}],"version-history":[{"count":0,"href":"https:\/\/elcomunista.org\/index.php?rest_route=\/wp\/v2\/posts\/2686\/revisions"}],"wp:featuredmedia":[{"embeddable":true,"href":"https:\/\/elcomunista.org\/index.php?rest_route=\/wp\/v2\/media\/2687"}],"wp:attachment":[{"href":"https:\/\/elcomunista.org\/index.php?rest_route=%2Fwp%2Fv2%2Fmedia&parent=2686"}],"wp:term":[{"taxonomy":"category","embeddable":true,"href":"https:\/\/elcomunista.org\/index.php?rest_route=%2Fwp%2Fv2%2Fcategories&post=2686"},{"taxonomy":"post_tag","embeddable":true,"href":"https:\/\/elcomunista.org\/index.php?rest_route=%2Fwp%2Fv2%2Ftags&post=2686"}],"curies":[{"name":"wp","href":"https:\/\/api.w.org\/{rel}","templated":true}]}}