{"id":2757,"date":"2018-03-15T10:47:46","date_gmt":"2018-03-15T16:47:46","guid":{"rendered":"http:\/\/bloquepopularjuvenil.org\/?p=2757"},"modified":"2018-10-15T10:47:58","modified_gmt":"2018-10-15T16:47:58","slug":"el-movimiento-nuevas-ideas-y-la-necesidad-de-una-alternativa-revolucionaria","status":"publish","type":"post","link":"https:\/\/elcomunista.org\/?p=2757","title":{"rendered":"El movimiento Nuevas Ideas y la necesidad de una alternativa revolucionaria"},"content":{"rendered":"<p>El fracaso del reformismo del FMLN, es decir, de las pol\u00edticas que se enfocan en realizar peque\u00f1as reformas al sistema capitalista dejando intactas sus relaciones de producci\u00f3n, que representan explotaci\u00f3n y miseria para la clase trabajadora y acumulaci\u00f3n excesiva de riqueza para los grandes empresarios, ha ocasionado que la clase trabajadora gire en busca de nuevas herramientas de lucha que si representen y luchen por sus intereses.<\/p>\n<p>A partir de la expulsi\u00f3n de Nayib Bukele de las filas del FMLN, el Movimiento Nuevas Ideas se ha presentado como una opci\u00f3n a esa b\u00fasqueda de la clase trabajadora y a esos \u00e1nimos que posee de construir y consolidar sus fuerzas para luchar en contra del capitalismo, que le hunde en miserables condiciones de existencia.<\/p>\n<p><span style=\"color: #800000;\"><strong>La gira de Bukele y sus propuestas<\/strong><\/span><\/p>\n<p>El pasado s\u00e1bado 10 de marzo el movimiento se concentr\u00f3 en la cabecera departamental de Chalatenango, cerca de 5,000 personas asistieron al evento. Esta concentraci\u00f3n es parte de una \u201cgira nacional\u201d que Bukele ha planteado para verter sus propuestas, y de la cual ya visit\u00f3 San Miguel, Santa Ana, Moraz\u00e1n y otros departamentos.<\/p>\n<p>En esta ocasi\u00f3n, el edil de San Salvador dio propuestas concretas por las que luchar\u00e1 el movimiento desde la presidencia de la Rep\u00fablica, algunas de ellas con matices progresistas, que es necesario evaluar a fondo y determinar su car\u00e1cter.<\/p>\n<p>Entre las m\u00e1s destacadas estaban convertir el centro penitenciario de Chalatenango en una sede de la Universidad de El Salvador, proveer de cr\u00e9ditos y recursos necesarios a los agricultores locales para que establezcan relaciones directas de intercambio justo con las empresas que venden sus productos alimenticios, y retribuir los recursos al sector el\u00e9ctrico de dicha cabecera departamental, debido a que provee el 60% de la energ\u00eda el\u00e9ctrica de la que goza toda la zona metropolitana y el pa\u00eds. Adem\u00e1s de la menci\u00f3n de Bukele que \u00e9l es un empresario progresista, ya que se diferencia de los dem\u00e1s empresarios como Calleja, porque paga $500 de salario m\u00ednimo en sus empresas.<\/p>\n<p>Estas propuestas aparentemente representan alternativas de transformaci\u00f3n para la situaci\u00f3n de gran parte de la poblaci\u00f3n trabajadora y campesina de la zona. De hecho, de llevarse a cabo ser\u00edan medidas que beneficiar\u00edan grandemente a estos sectores de los trabajadores y campesinos, sus hijos podr\u00edan asistir a la Universidad sin viajar grandes distancias, las familias agricultoras tendr\u00edan mejores ingresos, etc. Estas medidas podr\u00edan significar los primeros pasos para una transformaci\u00f3n del pa\u00eds desde sus cimientos. Han calado mucho en quienes apoyan al movimiento, la masa trabajadora que le sigue ve en estas y otras propuestas: alternativas reales de cambio.<\/p>\n<p>No obstante, el car\u00e1cter de estas propuestas no deja de ser reformista, es m\u00e1s algunas de ellas nos recuerdan un poco a Dieterich y su Socialismo del Siglo XXI: \u201cir por un intercambio justo\u201d. El problema de estas reformas que propone Bukele, no reside en que no exista correlaci\u00f3n de fuerzas para lograrlas o que no haya recursos para hacerlo, sino en que aparentemente representan alternativas m\u00e1s a la izquierda que las defendidas por el FMLN en el pasado, pero que en la profundidad tampoco trastocan las relaciones de producci\u00f3n del capitalismo, ni se proponen derrocarlo.<\/p>\n<p>Al parecer \u201cel desmonte del neoliberalismo\u201d que propone Bukele ser\u00e1 sobre bases reformistas o incluso capitalistas, pues el plantear un intercambio justo, no elimina la explotaci\u00f3n laboral de los obreros agr\u00edcolas, es m\u00e1s en el capitalismo no puede haber un intercambio justo, como lo explica el destacado marxista brit\u00e1nico Alan Woods, cuando cr\u00edtica a Dieterich: \u201cLa ley del valor afirma que el valor de un producto est\u00e1 determinado por la cantidad media de trabajo socialmente necesario empleado en su producci\u00f3n. Este proceso se manifiesta a trav\u00e9s del intercambio. En el intercambio, sin embargo, las mercanc\u00edas se venden por encima o por debajo de su valor. S\u00f3lo de manera accidental una mercanc\u00eda se vende a su valor real. El \u201ceconomista cient\u00edfico\u201d Dieterich tiene una posici\u00f3n que se parece a la noci\u00f3n vulgar de que los beneficios se consiguen de comprar barato y vender caro. Marx responde a este argumento en Salario, precio y ganancia:<\/p>\n<p>\u201cLo que uno ganase constantemente como vendedor, tendr\u00eda que perderlo continuamente como comprador. No sirve de nada decir que hay gentes que son compradores sin ser vendedores, o consumidores sin ser productores. Lo que \u00e9stos pagasen al productor tendr\u00edan que recibirlo antes gratis de \u00e9l. Si una persona toma vuestro dinero y luego os lo devuelve compr\u00e1ndoos vuestras mercanc\u00edas, nunca os har\u00e9is ricos, por muy caras que se las vend\u00e1is. Esta clase de negocios podr\u00e1 reducir una p\u00e9rdida, pero jam\u00e1s contribuir a obtener una ganancia\u201d. (Carlos Marx, Salario, precio y ganancia. Madrid. Fundaci\u00f3n Federico Engels. 2003. p. 38).<\/p>\n<p>Siguiendo los pasos de Proudhon, Dieterich imagina que los beneficios de los capitalistas son una especie de estafa a la que llama intercambio desigual. Toda la idea es que estableciendo el \u201cprecio real\u201d de una mercanc\u00eda mediante el c\u00e1lculo de la cantidad de trabajo empleado en su producci\u00f3n, podemos descubrir la estafa y de este modo crear el nivel necesario de conciencia para introducir el socialismo del siglo XXI\u201d(Woods, 2008).<\/p>\n<p>Esa estafa del intercambio desigual parece pesar como una losa sobre el discurso de Bukele en pro de un intercambio justo y directo de los agricultores y los compradores y distribuidores de sus productos agr\u00edcolas, pero es en realidad una medida que no soluciona el problema del desigual intercambio, que radica en las relaciones de explotaci\u00f3n dentro de la producci\u00f3n capitalista, en donde se otorga el valor de las mercanc\u00edas a intercambiar, por medio del trabajo invertida en ellas.<\/p>\n<p>El plantear un salario m\u00ednimo de $500,como en sus empresas, tambi\u00e9n es una medida imposible de conseguir aisladamente puesmuy a pesar de aumentar el nivel de vida de las masas, sino es acompa\u00f1ada con medidas como el control de precios, nunca tendr\u00e1 \u00e9xito.<\/p>\n<p>Consideramos que las propuestas actuales deben ser partes de un plan serio que se proponga derrocar al capitalismo, prescindiendo de los grandes empresarios y poniendo las grandes palancas econ\u00f3micas en manos del Estado y de los trabajadores. Es decir, deben reformularse y encaminarlas a erradicar las verdaderas causas de los males de hoy en d\u00eda: las relaciones sociales de producci\u00f3n del capitalismo, y erigir otras nuevas bajo la socializaci\u00f3n de la riqueza producida.<\/p>\n<p><span style=\"color: #800000;\"><strong>Perspectivas del movimiento<\/strong><\/span><\/p>\n<p>Por el momento, el movimiento Nuevas Ideas es muy heterog\u00e9neo respecto a las clases sociales que le componen, trabajadores p\u00fablicos y privados, peque\u00f1os comerciantes, campesinos, etc., esta diversidad, aunque no debe ser satanizada, permite que muchas tendencias florezcan en su seno, El Salvador necesita un cambio real para las clases explotadas, pero a\u00fan el movimiento no se traza una l\u00ednea concreta de c\u00f3mo ser\u00e1 ese cambio, que medidas adoptar\u00e1, que matices cobrar\u00e1.<\/p>\n<p>Consideramos que, si el Movimiento Nuevas Ideas quiere mostrarse como una verdadera alternativa revolucionaria para la clase trabajadora, debe proponerse la transformaci\u00f3n de ra\u00edz de la actual sociedad capitalista, y eso pasa por adoptar un programa socialista.<\/p>\n<p>Ante la actual crisis en la que el capitalismo se ve hundido, no hay manera de reformarle o de aplicar medidas tibias y t\u00edmidas para humanizar algunos de sus males, ya lo demostr\u00f3 el fracas\u00f3 del FMLN, por ello, es necesario tomar medidas como:<\/p>\n<ul>\n<li>* La nacionalizaci\u00f3n del sistema de pensiones, puesto a funcionar en manos del Estado y delos trabajadores organizados y no organizados.<\/li>\n<li>* La nacionalizaci\u00f3n de la industria y la banca. Y de todas las palancas econ\u00f3micas fundamentales que mueven el pa\u00eds, indemnizando a los empresarios, solo cuando sea necesario, y puestas a funcionar bajo comit\u00e9s obreros, con representaci\u00f3n de los trabajadores sindicalizados, no sindicalizados y del Estado.<\/li>\n<li>* La confiscaci\u00f3n de las propiedades de tierra f\u00e9rtil inutilizadas, puestas a funcionar en manos del Estado y de las organizaciones de obreros agr\u00edcolas<\/li>\n<li>* Imposici\u00f3n de impuestos regresivos para todos los grandes empresarios evasores y elusores de impuestos<\/li>\n<li>* Desconocimiento de la deuda p\u00fablica, es una deuda acumulada por los capitalistas no por los trabajadores. \u00a1Que la crisis la pague la burgues\u00eda!<\/li>\n<li>*\u00a0Aumento al salario m\u00ednimo a $400 al mes, y control de precios de la canasta b\u00e1sica por parte del Estado para agilizar la econom\u00eda nacional.<\/li>\n<\/ul>\n<p><span style=\"color: #800000;\"><strong>\u00bfMedidas radicales?<\/strong><\/span><\/p>\n<p>No basta mostrarte como un empresario progresista para que las capas avanzadas del movimiento consideren que luchar\u00e1s por el socialismo, si Bukele no quiere ser m\u00e1s de lo mismo, debe comenzar a radicalizar a\u00fan m\u00e1s su discurso de izquierda, convertirle en un discurso verdaderamente socialista, pero es que hay un problema con Bukele y el socialismo, y es que el socialismo lucha por prescindir de los empresarios en la administraci\u00f3n de la sociedad, y Bukele es un empresario \u00bftendr\u00edamos que prescindir de Bukele?, es necesario prescindir de Bukele como figura empresarial, y comenzar a tener a un Bukele que defienda y luche por los intereses del proletariado, que se proponga y tome medidas revolucionarias, como las mencionadas arriba, que comenzar\u00edan a transformar de ra\u00edz algunas de las razones m\u00e1s fundamentales de la crisis estatal que sufre nuestro pa\u00eds hoy en d\u00eda, y trastocar\u00edan los intereses de la burgues\u00eda y sus grandes privilegios, conseguidos a costa de exprimir la fuerza de trabajo de las masas proletarias.<\/p>\n<p>\u201cLa historia conoce todo tipo de transformaciones\u201d, explicaban Marx y Engels, la conciencia de clase no siempre est\u00e1 directamente relacionada con las condiciones de un individuo, a veces grandes burgueses y terratenientes (como Engels, Fidel Castro, Shafick, etc.), dejan todo de lado y se convierten a los intereses del proletariado, nadie niega que si la base ejerce una presi\u00f3n fuerte hacia Bukele eso pueda pasar, pero por el momento no es el caso.<\/p>\n<p>Bukele y el Movimiento Nuevas Ideas deben reflexionar sobre las cuestiones anteriores, y contemplar la realidad: es tan urgente como necesaria una revoluci\u00f3n proletaria que realice la transformaci\u00f3n socialista desde los cimientos de nuestras desfavorables condiciones de vida. Y esta solo es posible bajo una verdadera herramienta de lucha de los trabajadores: un partido revolucionario, eso es lo que debe ser Nuevas Ideas, sino nacer\u00e1 sobre su propia tumba.<\/p>\n<p><strong>\u00a1Por un movimiento revolucionario y socialista!<\/strong><\/p>\n<p>&nbsp;<\/p>\n","protected":false},"excerpt":{"rendered":"<p>El fracaso del reformismo del FMLN, es decir, de las pol\u00edticas que se enfocan en realizar peque\u00f1as reformas al sistema capitalista dejando intactas sus relaciones de producci\u00f3n, que representan explotaci\u00f3n y miseria para la clase trabajadora y acumulaci\u00f3n excesiva de riqueza para los grandes empresarios, ha ocasionado que la clase trabajadora gire en busca de&#8230;<\/p>\n","protected":false},"author":1,"featured_media":2758,"comment_status":"open","ping_status":"open","sticky":false,"template":"","format":"standard","meta":{"_monsterinsights_skip_tracking":false,"_monsterinsights_sitenote_active":false,"_monsterinsights_sitenote_note":"","_monsterinsights_sitenote_category":0,"_uf_show_specific_survey":0,"_uf_disable_surveys":false,"_jetpack_memberships_contains_paid_content":false,"footnotes":""},"categories":[3],"tags":[],"class_list":["post-2757","post","type-post","status-publish","format-standard","has-post-thumbnail","hentry","category-politica"],"aioseo_notices":[],"yoast_head":"<!-- This site is optimized with the Yoast SEO plugin v25.6 - https:\/\/yoast.com\/wordpress\/plugins\/seo\/ -->\n<title>El movimiento Nuevas Ideas y la necesidad de una alternativa revolucionaria<\/title>\n<meta name=\"robots\" content=\"index, follow, max-snippet:-1, max-image-preview:large, max-video-preview:-1\" \/>\n<link rel=\"canonical\" href=\"https:\/\/elcomunista.org\/?p=2757\" \/>\n<meta property=\"og:locale\" content=\"es_ES\" \/>\n<meta property=\"og:type\" content=\"article\" \/>\n<meta property=\"og:title\" content=\"El movimiento Nuevas Ideas y la necesidad de una alternativa revolucionaria\" \/>\n<meta property=\"og:description\" content=\"El fracaso del reformismo del FMLN, es decir, de las pol\u00edticas que se enfocan en realizar peque\u00f1as reformas al sistema capitalista dejando intactas sus relaciones de producci\u00f3n, que representan explotaci\u00f3n y miseria para la clase trabajadora y acumulaci\u00f3n excesiva de riqueza para los grandes empresarios, ha ocasionado que la clase trabajadora gire en busca de...\" \/>\n<meta property=\"og:url\" content=\"https:\/\/elcomunista.org\/?p=2757\" \/>\n<meta property=\"og:site_name\" content=\"Revoluci\u00f3n Comunista\" \/>\n<meta property=\"article:publisher\" content=\"https:\/\/www.facebook.com\/Bloquepopularjuvenil\" \/>\n<meta property=\"article:published_time\" content=\"2018-03-15T16:47:46+00:00\" \/>\n<meta property=\"article:modified_time\" content=\"2018-10-15T16:47:58+00:00\" \/>\n<meta property=\"og:image\" content=\"https:\/\/elcomunista.org\/wp-content\/uploads\/2018\/03\/Nayib-Bukele-UES.jpg\" \/>\n\t<meta property=\"og:image:width\" content=\"678\" \/>\n\t<meta property=\"og:image:height\" content=\"381\" \/>\n\t<meta property=\"og:image:type\" content=\"image\/jpeg\" \/>\n<meta name=\"author\" content=\"Bloque Popular Juvenil\" \/>\n<meta name=\"twitter:card\" content=\"summary_large_image\" \/>\n<meta name=\"twitter:creator\" content=\"@ElBPJ\" \/>\n<meta name=\"twitter:site\" content=\"@ElBPJ\" \/>\n<meta name=\"twitter:label1\" content=\"Escrito por\" \/>\n\t<meta name=\"twitter:data1\" content=\"Bloque Popular Juvenil\" \/>\n\t<meta name=\"twitter:label2\" content=\"Tiempo de lectura\" \/>\n\t<meta name=\"twitter:data2\" content=\"9 minutos\" \/>\n<script type=\"application\/ld+json\" class=\"yoast-schema-graph\">{\"@context\":\"https:\/\/schema.org\",\"@graph\":[{\"@type\":\"Article\",\"@id\":\"https:\/\/elcomunista.org\/?p=2757#article\",\"isPartOf\":{\"@id\":\"https:\/\/elcomunista.org\/?p=2757\"},\"author\":{\"name\":\"Bloque Popular Juvenil\",\"@id\":\"https:\/\/elcomunista.org\/#\/schema\/person\/d55d5350d790a4464cbc0e898065567d\"},\"headline\":\"El movimiento Nuevas Ideas y la necesidad de una alternativa revolucionaria\",\"datePublished\":\"2018-03-15T16:47:46+00:00\",\"dateModified\":\"2018-10-15T16:47:58+00:00\",\"mainEntityOfPage\":{\"@id\":\"https:\/\/elcomunista.org\/?p=2757\"},\"wordCount\":1782,\"commentCount\":0,\"publisher\":{\"@id\":\"https:\/\/elcomunista.org\/#organization\"},\"image\":{\"@id\":\"https:\/\/elcomunista.org\/?p=2757#primaryimage\"},\"thumbnailUrl\":\"https:\/\/elcomunista.org\/wp-content\/uploads\/2018\/03\/Nayib-Bukele-UES.jpg\",\"articleSection\":[\"Pol\u00edtica\"],\"inLanguage\":\"es\",\"potentialAction\":[{\"@type\":\"CommentAction\",\"name\":\"Comment\",\"target\":[\"https:\/\/elcomunista.org\/?p=2757#respond\"]}]},{\"@type\":\"WebPage\",\"@id\":\"https:\/\/elcomunista.org\/?p=2757\",\"url\":\"https:\/\/elcomunista.org\/?p=2757\",\"name\":\"El movimiento Nuevas Ideas y la necesidad de una alternativa revolucionaria\",\"isPartOf\":{\"@id\":\"https:\/\/elcomunista.org\/#website\"},\"primaryImageOfPage\":{\"@id\":\"https:\/\/elcomunista.org\/?p=2757#primaryimage\"},\"image\":{\"@id\":\"https:\/\/elcomunista.org\/?p=2757#primaryimage\"},\"thumbnailUrl\":\"https:\/\/elcomunista.org\/wp-content\/uploads\/2018\/03\/Nayib-Bukele-UES.jpg\",\"datePublished\":\"2018-03-15T16:47:46+00:00\",\"dateModified\":\"2018-10-15T16:47:58+00:00\",\"breadcrumb\":{\"@id\":\"https:\/\/elcomunista.org\/?p=2757#breadcrumb\"},\"inLanguage\":\"es\",\"potentialAction\":[{\"@type\":\"ReadAction\",\"target\":[\"https:\/\/elcomunista.org\/?p=2757\"]}]},{\"@type\":\"ImageObject\",\"inLanguage\":\"es\",\"@id\":\"https:\/\/elcomunista.org\/?p=2757#primaryimage\",\"url\":\"https:\/\/elcomunista.org\/wp-content\/uploads\/2018\/03\/Nayib-Bukele-UES.jpg\",\"contentUrl\":\"https:\/\/elcomunista.org\/wp-content\/uploads\/2018\/03\/Nayib-Bukele-UES.jpg\",\"width\":678,\"height\":381},{\"@type\":\"BreadcrumbList\",\"@id\":\"https:\/\/elcomunista.org\/?p=2757#breadcrumb\",\"itemListElement\":[{\"@type\":\"ListItem\",\"position\":1,\"name\":\"Portada\",\"item\":\"https:\/\/elcomunista.org\/\"},{\"@type\":\"ListItem\",\"position\":2,\"name\":\"El movimiento Nuevas Ideas y la necesidad de una alternativa revolucionaria\"}]},{\"@type\":\"WebSite\",\"@id\":\"https:\/\/elcomunista.org\/#website\",\"url\":\"https:\/\/elcomunista.org\/\",\"name\":\"Revoluci\u00f3n Comunista\",\"description\":\"Internacional Comunista Revolucionaria\",\"publisher\":{\"@id\":\"https:\/\/elcomunista.org\/#organization\"},\"potentialAction\":[{\"@type\":\"SearchAction\",\"target\":{\"@type\":\"EntryPoint\",\"urlTemplate\":\"https:\/\/elcomunista.org\/?s={search_term_string}\"},\"query-input\":{\"@type\":\"PropertyValueSpecification\",\"valueRequired\":true,\"valueName\":\"search_term_string\"}}],\"inLanguage\":\"es\"},{\"@type\":\"Organization\",\"@id\":\"https:\/\/elcomunista.org\/#organization\",\"name\":\"Bloque Popular Juvenil\",\"url\":\"https:\/\/elcomunista.org\/\",\"logo\":{\"@type\":\"ImageObject\",\"inLanguage\":\"es\",\"@id\":\"https:\/\/elcomunista.org\/#\/schema\/logo\/image\/\",\"url\":\"https:\/\/bloquepopularjuvenil.org\/wp-content\/uploads\/2018\/11\/bpj-militante.jpg\",\"contentUrl\":\"https:\/\/bloquepopularjuvenil.org\/wp-content\/uploads\/2018\/11\/bpj-militante.jpg\",\"width\":4000,\"height\":1390,\"caption\":\"Bloque Popular Juvenil\"},\"image\":{\"@id\":\"https:\/\/elcomunista.org\/#\/schema\/logo\/image\/\"},\"sameAs\":[\"https:\/\/www.facebook.com\/Bloquepopularjuvenil\",\"https:\/\/x.com\/ElBPJ\",\"https:\/\/www.instagram.com\/elbloque_bpj\/?hl=es-la\"]},{\"@type\":\"Person\",\"@id\":\"https:\/\/elcomunista.org\/#\/schema\/person\/d55d5350d790a4464cbc0e898065567d\",\"name\":\"Bloque Popular Juvenil\",\"image\":{\"@type\":\"ImageObject\",\"inLanguage\":\"es\",\"@id\":\"https:\/\/elcomunista.org\/#\/schema\/person\/image\/\",\"url\":\"https:\/\/secure.gravatar.com\/avatar\/85d12dca789bb6379dc38a198e1576cd?s=96&d=mm&r=g\",\"contentUrl\":\"https:\/\/secure.gravatar.com\/avatar\/85d12dca789bb6379dc38a198e1576cd?s=96&d=mm&r=g\",\"caption\":\"Bloque Popular Juvenil\"},\"url\":\"https:\/\/elcomunista.org\/?author=1\"}]}<\/script>\n<!-- \/ Yoast SEO plugin. -->","yoast_head_json":{"title":"El movimiento Nuevas Ideas y la necesidad de una alternativa revolucionaria","robots":{"index":"index","follow":"follow","max-snippet":"max-snippet:-1","max-image-preview":"max-image-preview:large","max-video-preview":"max-video-preview:-1"},"canonical":"https:\/\/elcomunista.org\/?p=2757","og_locale":"es_ES","og_type":"article","og_title":"El movimiento Nuevas Ideas y la necesidad de una alternativa revolucionaria","og_description":"El fracaso del reformismo del FMLN, es decir, de las pol\u00edticas que se enfocan en realizar peque\u00f1as reformas al sistema capitalista dejando intactas sus relaciones de producci\u00f3n, que representan explotaci\u00f3n y miseria para la clase trabajadora y acumulaci\u00f3n excesiva de riqueza para los grandes empresarios, ha ocasionado que la clase trabajadora gire en busca de...","og_url":"https:\/\/elcomunista.org\/?p=2757","og_site_name":"Revoluci\u00f3n Comunista","article_publisher":"https:\/\/www.facebook.com\/Bloquepopularjuvenil","article_published_time":"2018-03-15T16:47:46+00:00","article_modified_time":"2018-10-15T16:47:58+00:00","og_image":[{"width":678,"height":381,"url":"https:\/\/elcomunista.org\/wp-content\/uploads\/2018\/03\/Nayib-Bukele-UES.jpg","type":"image\/jpeg"}],"author":"Bloque Popular Juvenil","twitter_card":"summary_large_image","twitter_creator":"@ElBPJ","twitter_site":"@ElBPJ","twitter_misc":{"Escrito por":"Bloque Popular Juvenil","Tiempo de lectura":"9 minutos"},"schema":{"@context":"https:\/\/schema.org","@graph":[{"@type":"Article","@id":"https:\/\/elcomunista.org\/?p=2757#article","isPartOf":{"@id":"https:\/\/elcomunista.org\/?p=2757"},"author":{"name":"Bloque Popular Juvenil","@id":"https:\/\/elcomunista.org\/#\/schema\/person\/d55d5350d790a4464cbc0e898065567d"},"headline":"El movimiento Nuevas Ideas y la necesidad de una alternativa revolucionaria","datePublished":"2018-03-15T16:47:46+00:00","dateModified":"2018-10-15T16:47:58+00:00","mainEntityOfPage":{"@id":"https:\/\/elcomunista.org\/?p=2757"},"wordCount":1782,"commentCount":0,"publisher":{"@id":"https:\/\/elcomunista.org\/#organization"},"image":{"@id":"https:\/\/elcomunista.org\/?p=2757#primaryimage"},"thumbnailUrl":"https:\/\/elcomunista.org\/wp-content\/uploads\/2018\/03\/Nayib-Bukele-UES.jpg","articleSection":["Pol\u00edtica"],"inLanguage":"es","potentialAction":[{"@type":"CommentAction","name":"Comment","target":["https:\/\/elcomunista.org\/?p=2757#respond"]}]},{"@type":"WebPage","@id":"https:\/\/elcomunista.org\/?p=2757","url":"https:\/\/elcomunista.org\/?p=2757","name":"El movimiento Nuevas Ideas y la necesidad de una alternativa revolucionaria","isPartOf":{"@id":"https:\/\/elcomunista.org\/#website"},"primaryImageOfPage":{"@id":"https:\/\/elcomunista.org\/?p=2757#primaryimage"},"image":{"@id":"https:\/\/elcomunista.org\/?p=2757#primaryimage"},"thumbnailUrl":"https:\/\/elcomunista.org\/wp-content\/uploads\/2018\/03\/Nayib-Bukele-UES.jpg","datePublished":"2018-03-15T16:47:46+00:00","dateModified":"2018-10-15T16:47:58+00:00","breadcrumb":{"@id":"https:\/\/elcomunista.org\/?p=2757#breadcrumb"},"inLanguage":"es","potentialAction":[{"@type":"ReadAction","target":["https:\/\/elcomunista.org\/?p=2757"]}]},{"@type":"ImageObject","inLanguage":"es","@id":"https:\/\/elcomunista.org\/?p=2757#primaryimage","url":"https:\/\/elcomunista.org\/wp-content\/uploads\/2018\/03\/Nayib-Bukele-UES.jpg","contentUrl":"https:\/\/elcomunista.org\/wp-content\/uploads\/2018\/03\/Nayib-Bukele-UES.jpg","width":678,"height":381},{"@type":"BreadcrumbList","@id":"https:\/\/elcomunista.org\/?p=2757#breadcrumb","itemListElement":[{"@type":"ListItem","position":1,"name":"Portada","item":"https:\/\/elcomunista.org\/"},{"@type":"ListItem","position":2,"name":"El movimiento Nuevas Ideas y la necesidad de una alternativa revolucionaria"}]},{"@type":"WebSite","@id":"https:\/\/elcomunista.org\/#website","url":"https:\/\/elcomunista.org\/","name":"Revoluci\u00f3n Comunista","description":"Internacional Comunista Revolucionaria","publisher":{"@id":"https:\/\/elcomunista.org\/#organization"},"potentialAction":[{"@type":"SearchAction","target":{"@type":"EntryPoint","urlTemplate":"https:\/\/elcomunista.org\/?s={search_term_string}"},"query-input":{"@type":"PropertyValueSpecification","valueRequired":true,"valueName":"search_term_string"}}],"inLanguage":"es"},{"@type":"Organization","@id":"https:\/\/elcomunista.org\/#organization","name":"Bloque Popular Juvenil","url":"https:\/\/elcomunista.org\/","logo":{"@type":"ImageObject","inLanguage":"es","@id":"https:\/\/elcomunista.org\/#\/schema\/logo\/image\/","url":"https:\/\/bloquepopularjuvenil.org\/wp-content\/uploads\/2018\/11\/bpj-militante.jpg","contentUrl":"https:\/\/bloquepopularjuvenil.org\/wp-content\/uploads\/2018\/11\/bpj-militante.jpg","width":4000,"height":1390,"caption":"Bloque Popular Juvenil"},"image":{"@id":"https:\/\/elcomunista.org\/#\/schema\/logo\/image\/"},"sameAs":["https:\/\/www.facebook.com\/Bloquepopularjuvenil","https:\/\/x.com\/ElBPJ","https:\/\/www.instagram.com\/elbloque_bpj\/?hl=es-la"]},{"@type":"Person","@id":"https:\/\/elcomunista.org\/#\/schema\/person\/d55d5350d790a4464cbc0e898065567d","name":"Bloque Popular Juvenil","image":{"@type":"ImageObject","inLanguage":"es","@id":"https:\/\/elcomunista.org\/#\/schema\/person\/image\/","url":"https:\/\/secure.gravatar.com\/avatar\/85d12dca789bb6379dc38a198e1576cd?s=96&d=mm&r=g","contentUrl":"https:\/\/secure.gravatar.com\/avatar\/85d12dca789bb6379dc38a198e1576cd?s=96&d=mm&r=g","caption":"Bloque Popular Juvenil"},"url":"https:\/\/elcomunista.org\/?author=1"}]}},"jetpack_featured_media_url":"https:\/\/elcomunista.org\/wp-content\/uploads\/2018\/03\/Nayib-Bukele-UES.jpg","jetpack_likes_enabled":true,"jetpack_sharing_enabled":true,"_links":{"self":[{"href":"https:\/\/elcomunista.org\/index.php?rest_route=\/wp\/v2\/posts\/2757"}],"collection":[{"href":"https:\/\/elcomunista.org\/index.php?rest_route=\/wp\/v2\/posts"}],"about":[{"href":"https:\/\/elcomunista.org\/index.php?rest_route=\/wp\/v2\/types\/post"}],"author":[{"embeddable":true,"href":"https:\/\/elcomunista.org\/index.php?rest_route=\/wp\/v2\/users\/1"}],"replies":[{"embeddable":true,"href":"https:\/\/elcomunista.org\/index.php?rest_route=%2Fwp%2Fv2%2Fcomments&post=2757"}],"version-history":[{"count":0,"href":"https:\/\/elcomunista.org\/index.php?rest_route=\/wp\/v2\/posts\/2757\/revisions"}],"wp:featuredmedia":[{"embeddable":true,"href":"https:\/\/elcomunista.org\/index.php?rest_route=\/wp\/v2\/media\/2758"}],"wp:attachment":[{"href":"https:\/\/elcomunista.org\/index.php?rest_route=%2Fwp%2Fv2%2Fmedia&parent=2757"}],"wp:term":[{"taxonomy":"category","embeddable":true,"href":"https:\/\/elcomunista.org\/index.php?rest_route=%2Fwp%2Fv2%2Fcategories&post=2757"},{"taxonomy":"post_tag","embeddable":true,"href":"https:\/\/elcomunista.org\/index.php?rest_route=%2Fwp%2Fv2%2Ftags&post=2757"}],"curies":[{"name":"wp","href":"https:\/\/api.w.org\/{rel}","templated":true}]}}