{"id":2811,"date":"2018-03-24T09:18:12","date_gmt":"2018-03-24T15:18:12","guid":{"rendered":"http:\/\/bloquepopularjuvenil.org\/?p=2811"},"modified":"2018-03-24T09:18:51","modified_gmt":"2018-03-24T15:18:51","slug":"desacreditacion-de-los-cuerpos-armados-del-estado-burgues","status":"publish","type":"post","link":"https:\/\/elcomunista.org\/?p=2811","title":{"rendered":"Desacreditaci\u00f3n de los cuerpos armados del Estado burgu\u00e9s"},"content":{"rendered":"<p>A partir del culmen de la guerra (1992) y la entrada de la democracia burguesa con todas sus libertades, en El Salvador hubo una serie de reestructuraciones, contempladas en los Acuerdos de Paz, que permitieron la recomposici\u00f3n del Estado de derecho burgu\u00e9s, entre ellos que la seguridad p\u00fablica pasar\u00e1 de las manos de las Fuerzas Armadas a las manos civiles, dando como un resultado de esto a la Polic\u00eda Nacional Civil y todas sus derivaciones.<\/p>\n<p>No obstante, con la proliferaci\u00f3n de las pandillas -productos de la fase neoliberal del capitalismo, las pol\u00edticas mezquinas de repatriaci\u00f3n de EEUU, y de las pocas oportunidades junto a los peores vicios de la lucha armada-, los planes de combate como las \u201cMano Dura\u201d de los gobiernos de ARENA y los llevados a cabo por los gobiernos del FMLN involucraron directamente a las Fuerzas Armadas.<\/p>\n<p>Estas pol\u00edticas superficialmente represivas se han encargado de combatir el problema, pero no sus causas, que yacen en la miseria de los barrios bajos de nuestro pa\u00eds, la falta de oportunidades educativas y laborales para los j\u00f3venes, etc. En el fondo de la cuesti\u00f3n no se ha combatido directamente la delincuencia y m\u00e1s bien parece haber una tregua entre los gobiernos que han estado en el poder en lo que va del siglo XXI y el crimen organizado de las pandillas junto al tr\u00e1fico de drogas \u2013en el que est\u00e1n involucrados incluso hasta altos mandos de los cuerpos de seguridad y \u201crespetables funcionarios\u201d p\u00fablicos del Estado.<\/p>\n<p>A vistas de la poblaci\u00f3n estos v\u00ednculos entre los cuerpos de seguridad y los grupos lumpen desacredita en su conjunto a estas instituciones, les ata\u00f1e el t\u00edtulo de impotentes, a pesar del buen trabajo que sus elementos m\u00e1s honestos puedan desempe\u00f1ar. Esto encuentra su explicaci\u00f3n en las ra\u00edces del asunto.<\/p>\n<p><span style=\"color: #800000;\"><strong>El Estado y la Seguridad<\/strong><\/span><\/p>\n<p>El Estado burgu\u00e9s responde a la defensa del derecho a la propiedad privada, propio del liberalismo, ideolog\u00eda pol\u00edtica del sistema capitalista actual. Marx y Engels dedicaron sus vidas en explicar, que, a este respecto, el Estado se reduce a un cuerpo de elementos armados. Por tanto, los cuerpos de seguridad estatales est\u00e1n para solventar la necesidad de la burgues\u00eda de defender el capitalismo, y que est\u00e1n ah\u00ed para ejercer la represi\u00f3n policial contra el proletariado organizado y no organizado cuando sea el momento, lo cual solo ser\u00eda una expresi\u00f3n armada de la represi\u00f3n pol\u00edtica y econ\u00f3mica que ya sufren los trabajadores. Incluso aunque esta defensa implique sostener la delincuencia que oprime, extorsiona, viola y asesina a la clase trabajadora y sus familias.<\/p>\n<p>Cuando la desacreditaci\u00f3n de los cuerpos armados del Estado salia a la luz los gobiernos de derecha les encubr\u00edan con las m\u00e1s vergonzosas maniobras, el FMLN ha sido un poco m\u00e1s somero en esta cuesti\u00f3n, pero como fiel administrador del capitalismo y defensor de su Estado, siempre les sigue encubriendo. Basta recordar la disoluci\u00f3n de la Unidad de Mantenimiento del Orden (UMO) ante la negativa de los mismos de reprimir a sus propios compa\u00f1eros que protestaban por un aumento salarial para la PNC, o el reciente caso de disoluci\u00f3n del Grupo de Reacci\u00f3n Policial (GRP) ante la desaparici\u00f3n forzosa de la agente Carla Ayala en manos de sus mismos compa\u00f1eros. Y que, desde el 29 de diciembre, d\u00eda del hecho, hasta nuestros d\u00edas, las investigaciones no la encuentran ni dan mayor raz\u00f3n de su desaparici\u00f3n, m\u00e1s que una discusi\u00f3n con sus compa\u00f1eros.<\/p>\n<p>Pero, por supuesto, que la burgues\u00eda y su Estado ante la desacreditaci\u00f3n de sus cuerpos armados, sobre todo, cuando se ha aliado al gobierno progresista que nos rige \u2013al que no le conviene entrar en esc\u00e1ndalos, pues derivar\u00eda en un mayor declive del partido FMLN- crean mecanismos para sacrificar a algunos elementos y salvar las instituciones desprestigiadas, es decir, disolver unas unidades policiales o militares y crear otras \u201cnuevas\u201d con \u201cnuevas normas\u201d, tal es el caso de las nuevas unidades elites que nacieron a partir del conflicto en el GRP.<\/p>\n<p>Cambios sobre la mesa que no implican mayor modificaci\u00f3n al problema en s\u00ed, pues debajo de la mesa sigue habiendo toda una red de corrupci\u00f3n, colaboraci\u00f3n con el crimen, y podredumbre de quienes llevan en sus uniformes \u201cservir y proteger ante todo\u201d. Producto directo de la decadencia de todo el sistema de producci\u00f3n capitalista y sus pol\u00edticas estatales, en este caso: la contribuci\u00f3n indirecta que el crimen y la delincuencia hacen al sostenimiento del <em>status quo.<\/em><\/p>\n<p><span style=\"color: #800000;\"><strong>\u00bfQu\u00e9 proponemos?<\/strong><\/span><\/p>\n<p>Durante a\u00f1os, los marxistas hemos explicado que la defensa de la vida de la clase trabajadora debe ser obra armada de la misma. Lenin alecciono mucho al partido bolchevique en periodos de calma y de revoluci\u00f3n al respecto. Es necesario defender nuestras vidas, pero debemos hacerlo de forma organizada y con amplia expansi\u00f3n, no con acciones aisladas como las promovidas por los grupos de exterminio o los asesinatos de delincuentes por ciudadanos individuales, estos \u00faltimos son m\u00e1s bien expresiones de la desesperaci\u00f3n y el cumulo de sufrimiento de la clase explotada. La desesperaci\u00f3n es casi generalizada, pero debemos canalizarla sobreponiendo los intereses de clase ante cualquier otro, tomando en cuenta que \u201clas personas que poseen alg\u00fan v\u00ednculo con las \u201cmaras\u201d en El Salvador oscilan entre los 600 mil y 700 mil\u201d<a href=\"#_ftn1\" name=\"_ftnref1\">[1]<\/a>.<\/p>\n<p>La creaci\u00f3n de las Autodefensas Obreras en cada comunidad, barrio, f\u00e1brica, etc., es, para nosotros, el primer paso en la soluci\u00f3n del problema de la delincuencia y de la desacreditaci\u00f3n de los cuerpos armados del Estado. Estos grupos armados deben ser presididos por una Asamblea general de la comunidad, en la que los elementos m\u00e1s honestos y con disposici\u00f3n puedan ser elegidos para proteger a la poblaci\u00f3n de los grupos lumpen y sus acciones, y donde tambi\u00e9n los elementos honestos de la PNC y de la FAES que quieran sumarse lo deben hacer para adiestrar a quien lo necesite, pero siempre supeditados a las decisiones de la Asamblea.<\/p>\n<p>Ya ha habido algunos intentos espor\u00e1dicos como por ejemplo en San Esteban Catarina en a\u00f1os anteriores, pero si esto no es una pol\u00edtica que se expanda a nivel general, no podr\u00e1 tener \u00e9xito. Tampoco tendr\u00e1 \u00e9xito si no va acompa\u00f1ada de un plan agresivo de creaci\u00f3n de empleos a j\u00f3venes, de programas para la reinserci\u00f3n social en los penales, del combate duro y la expropiaci\u00f3n a las estructuras del crimen organizado y el narcotr\u00e1fico para invertir ese dinero en programas de recuperaci\u00f3n para adictos y alcoh\u00f3licos.<\/p>\n<p>Solo de esta forma podremos combatir la delincuencia desde sus ra\u00edces y no desde sus expresiones y solo as\u00ed podremos sustituir la desacreditaci\u00f3n de los cuerpos armados del Estado con una verdadera seguridad p\u00fablica para la clase trabajadora.<\/p>\n<p><a href=\"#_ftnref1\" name=\"_ftn1\">[1]<\/a> Ver: http:\/\/www.milenio.com\/internacional\/mara_salvatrucha-ms13-barrio_18-el_salvador-guatemala-honduras-pandillas-milenio_0_1070892973.html<\/p>\n","protected":false},"excerpt":{"rendered":"<p>A partir del culmen de la guerra (1992) y la entrada de la democracia burguesa con todas sus libertades, en El Salvador hubo una serie de reestructuraciones, contempladas en los Acuerdos de Paz, que permitieron la recomposici\u00f3n del Estado de derecho burgu\u00e9s, entre ellos que la seguridad p\u00fablica pasar\u00e1 de las manos de las Fuerzas&#8230;<\/p>\n","protected":false},"author":1,"featured_media":2812,"comment_status":"open","ping_status":"open","sticky":false,"template":"","format":"standard","meta":{"_monsterinsights_skip_tracking":false,"_monsterinsights_sitenote_active":false,"_monsterinsights_sitenote_note":"","_monsterinsights_sitenote_category":0,"_uf_show_specific_survey":0,"_uf_disable_surveys":false,"_jetpack_memberships_contains_paid_content":false,"footnotes":""},"categories":[2],"tags":[139,140,138],"class_list":["post-2811","post","type-post","status-publish","format-standard","has-post-thumbnail","hentry","category-nacional","tag-desacreditacion","tag-policia-nacional-civil","tag-seguridad"],"aioseo_notices":[],"yoast_head":"<!-- This site is optimized with the Yoast SEO plugin v25.6 - https:\/\/yoast.com\/wordpress\/plugins\/seo\/ -->\n<title>Desacreditaci\u00f3n de los cuerpos armados del Estado burgu\u00e9s<\/title>\n<meta name=\"robots\" content=\"index, follow, max-snippet:-1, max-image-preview:large, max-video-preview:-1\" \/>\n<link rel=\"canonical\" href=\"https:\/\/elcomunista.org\/?p=2811\" \/>\n<meta property=\"og:locale\" content=\"es_ES\" \/>\n<meta property=\"og:type\" content=\"article\" \/>\n<meta property=\"og:title\" content=\"Desacreditaci\u00f3n de los cuerpos armados del Estado burgu\u00e9s\" \/>\n<meta property=\"og:description\" content=\"A partir del culmen de la guerra (1992) y la entrada de la democracia burguesa con todas sus libertades, en El Salvador hubo una serie de reestructuraciones, contempladas en los Acuerdos de Paz, que permitieron la recomposici\u00f3n del Estado de derecho burgu\u00e9s, entre ellos que la seguridad p\u00fablica pasar\u00e1 de las manos de las Fuerzas...\" \/>\n<meta property=\"og:url\" content=\"https:\/\/elcomunista.org\/?p=2811\" \/>\n<meta property=\"og:site_name\" content=\"Revoluci\u00f3n Comunista\" \/>\n<meta property=\"article:publisher\" content=\"https:\/\/www.facebook.com\/Bloquepopularjuvenil\" \/>\n<meta property=\"article:published_time\" content=\"2018-03-24T15:18:12+00:00\" \/>\n<meta property=\"article:modified_time\" content=\"2018-03-24T15:18:51+00:00\" \/>\n<meta property=\"og:image\" content=\"https:\/\/elcomunista.org\/wp-content\/uploads\/2018\/03\/maxresdefault.jpg\" \/>\n\t<meta property=\"og:image:width\" content=\"1280\" \/>\n\t<meta property=\"og:image:height\" content=\"720\" \/>\n\t<meta property=\"og:image:type\" content=\"image\/jpeg\" \/>\n<meta name=\"author\" content=\"Bloque Popular Juvenil\" \/>\n<meta name=\"twitter:card\" content=\"summary_large_image\" \/>\n<meta name=\"twitter:creator\" content=\"@ElBPJ\" \/>\n<meta name=\"twitter:site\" content=\"@ElBPJ\" \/>\n<meta name=\"twitter:label1\" content=\"Escrito por\" \/>\n\t<meta name=\"twitter:data1\" content=\"Bloque Popular Juvenil\" \/>\n\t<meta name=\"twitter:label2\" content=\"Tiempo de lectura\" \/>\n\t<meta name=\"twitter:data2\" content=\"6 minutos\" \/>\n<script type=\"application\/ld+json\" class=\"yoast-schema-graph\">{\"@context\":\"https:\/\/schema.org\",\"@graph\":[{\"@type\":\"Article\",\"@id\":\"https:\/\/elcomunista.org\/?p=2811#article\",\"isPartOf\":{\"@id\":\"https:\/\/elcomunista.org\/?p=2811\"},\"author\":{\"name\":\"Bloque Popular Juvenil\",\"@id\":\"https:\/\/elcomunista.org\/#\/schema\/person\/d55d5350d790a4464cbc0e898065567d\"},\"headline\":\"Desacreditaci\u00f3n de los cuerpos armados del Estado burgu\u00e9s\",\"datePublished\":\"2018-03-24T15:18:12+00:00\",\"dateModified\":\"2018-03-24T15:18:51+00:00\",\"mainEntityOfPage\":{\"@id\":\"https:\/\/elcomunista.org\/?p=2811\"},\"wordCount\":1207,\"commentCount\":0,\"publisher\":{\"@id\":\"https:\/\/elcomunista.org\/#organization\"},\"image\":{\"@id\":\"https:\/\/elcomunista.org\/?p=2811#primaryimage\"},\"thumbnailUrl\":\"https:\/\/elcomunista.org\/wp-content\/uploads\/2018\/03\/maxresdefault.jpg\",\"keywords\":[\"Desacreditaci\u00f3n\",\"Polic\u00eda Nacional Civil\",\"Seguridad\"],\"articleSection\":[\"Nacional\"],\"inLanguage\":\"es\",\"potentialAction\":[{\"@type\":\"CommentAction\",\"name\":\"Comment\",\"target\":[\"https:\/\/elcomunista.org\/?p=2811#respond\"]}]},{\"@type\":\"WebPage\",\"@id\":\"https:\/\/elcomunista.org\/?p=2811\",\"url\":\"https:\/\/elcomunista.org\/?p=2811\",\"name\":\"Desacreditaci\u00f3n de los cuerpos armados del Estado burgu\u00e9s\",\"isPartOf\":{\"@id\":\"https:\/\/elcomunista.org\/#website\"},\"primaryImageOfPage\":{\"@id\":\"https:\/\/elcomunista.org\/?p=2811#primaryimage\"},\"image\":{\"@id\":\"https:\/\/elcomunista.org\/?p=2811#primaryimage\"},\"thumbnailUrl\":\"https:\/\/elcomunista.org\/wp-content\/uploads\/2018\/03\/maxresdefault.jpg\",\"datePublished\":\"2018-03-24T15:18:12+00:00\",\"dateModified\":\"2018-03-24T15:18:51+00:00\",\"breadcrumb\":{\"@id\":\"https:\/\/elcomunista.org\/?p=2811#breadcrumb\"},\"inLanguage\":\"es\",\"potentialAction\":[{\"@type\":\"ReadAction\",\"target\":[\"https:\/\/elcomunista.org\/?p=2811\"]}]},{\"@type\":\"ImageObject\",\"inLanguage\":\"es\",\"@id\":\"https:\/\/elcomunista.org\/?p=2811#primaryimage\",\"url\":\"https:\/\/elcomunista.org\/wp-content\/uploads\/2018\/03\/maxresdefault.jpg\",\"contentUrl\":\"https:\/\/elcomunista.org\/wp-content\/uploads\/2018\/03\/maxresdefault.jpg\",\"width\":1280,\"height\":720},{\"@type\":\"BreadcrumbList\",\"@id\":\"https:\/\/elcomunista.org\/?p=2811#breadcrumb\",\"itemListElement\":[{\"@type\":\"ListItem\",\"position\":1,\"name\":\"Portada\",\"item\":\"https:\/\/elcomunista.org\/\"},{\"@type\":\"ListItem\",\"position\":2,\"name\":\"Desacreditaci\u00f3n de los cuerpos armados del Estado burgu\u00e9s\"}]},{\"@type\":\"WebSite\",\"@id\":\"https:\/\/elcomunista.org\/#website\",\"url\":\"https:\/\/elcomunista.org\/\",\"name\":\"Revoluci\u00f3n Comunista\",\"description\":\"Internacional Comunista Revolucionaria\",\"publisher\":{\"@id\":\"https:\/\/elcomunista.org\/#organization\"},\"potentialAction\":[{\"@type\":\"SearchAction\",\"target\":{\"@type\":\"EntryPoint\",\"urlTemplate\":\"https:\/\/elcomunista.org\/?s={search_term_string}\"},\"query-input\":{\"@type\":\"PropertyValueSpecification\",\"valueRequired\":true,\"valueName\":\"search_term_string\"}}],\"inLanguage\":\"es\"},{\"@type\":\"Organization\",\"@id\":\"https:\/\/elcomunista.org\/#organization\",\"name\":\"Bloque Popular Juvenil\",\"url\":\"https:\/\/elcomunista.org\/\",\"logo\":{\"@type\":\"ImageObject\",\"inLanguage\":\"es\",\"@id\":\"https:\/\/elcomunista.org\/#\/schema\/logo\/image\/\",\"url\":\"https:\/\/bloquepopularjuvenil.org\/wp-content\/uploads\/2018\/11\/bpj-militante.jpg\",\"contentUrl\":\"https:\/\/bloquepopularjuvenil.org\/wp-content\/uploads\/2018\/11\/bpj-militante.jpg\",\"width\":4000,\"height\":1390,\"caption\":\"Bloque Popular Juvenil\"},\"image\":{\"@id\":\"https:\/\/elcomunista.org\/#\/schema\/logo\/image\/\"},\"sameAs\":[\"https:\/\/www.facebook.com\/Bloquepopularjuvenil\",\"https:\/\/x.com\/ElBPJ\",\"https:\/\/www.instagram.com\/elbloque_bpj\/?hl=es-la\"]},{\"@type\":\"Person\",\"@id\":\"https:\/\/elcomunista.org\/#\/schema\/person\/d55d5350d790a4464cbc0e898065567d\",\"name\":\"Bloque Popular Juvenil\",\"image\":{\"@type\":\"ImageObject\",\"inLanguage\":\"es\",\"@id\":\"https:\/\/elcomunista.org\/#\/schema\/person\/image\/\",\"url\":\"https:\/\/secure.gravatar.com\/avatar\/85d12dca789bb6379dc38a198e1576cd?s=96&d=mm&r=g\",\"contentUrl\":\"https:\/\/secure.gravatar.com\/avatar\/85d12dca789bb6379dc38a198e1576cd?s=96&d=mm&r=g\",\"caption\":\"Bloque Popular Juvenil\"},\"url\":\"https:\/\/elcomunista.org\/?author=1\"}]}<\/script>\n<!-- \/ Yoast SEO plugin. -->","yoast_head_json":{"title":"Desacreditaci\u00f3n de los cuerpos armados del Estado burgu\u00e9s","robots":{"index":"index","follow":"follow","max-snippet":"max-snippet:-1","max-image-preview":"max-image-preview:large","max-video-preview":"max-video-preview:-1"},"canonical":"https:\/\/elcomunista.org\/?p=2811","og_locale":"es_ES","og_type":"article","og_title":"Desacreditaci\u00f3n de los cuerpos armados del Estado burgu\u00e9s","og_description":"A partir del culmen de la guerra (1992) y la entrada de la democracia burguesa con todas sus libertades, en El Salvador hubo una serie de reestructuraciones, contempladas en los Acuerdos de Paz, que permitieron la recomposici\u00f3n del Estado de derecho burgu\u00e9s, entre ellos que la seguridad p\u00fablica pasar\u00e1 de las manos de las Fuerzas...","og_url":"https:\/\/elcomunista.org\/?p=2811","og_site_name":"Revoluci\u00f3n Comunista","article_publisher":"https:\/\/www.facebook.com\/Bloquepopularjuvenil","article_published_time":"2018-03-24T15:18:12+00:00","article_modified_time":"2018-03-24T15:18:51+00:00","og_image":[{"width":1280,"height":720,"url":"https:\/\/elcomunista.org\/wp-content\/uploads\/2018\/03\/maxresdefault.jpg","type":"image\/jpeg"}],"author":"Bloque Popular Juvenil","twitter_card":"summary_large_image","twitter_creator":"@ElBPJ","twitter_site":"@ElBPJ","twitter_misc":{"Escrito por":"Bloque Popular Juvenil","Tiempo de lectura":"6 minutos"},"schema":{"@context":"https:\/\/schema.org","@graph":[{"@type":"Article","@id":"https:\/\/elcomunista.org\/?p=2811#article","isPartOf":{"@id":"https:\/\/elcomunista.org\/?p=2811"},"author":{"name":"Bloque Popular Juvenil","@id":"https:\/\/elcomunista.org\/#\/schema\/person\/d55d5350d790a4464cbc0e898065567d"},"headline":"Desacreditaci\u00f3n de los cuerpos armados del Estado burgu\u00e9s","datePublished":"2018-03-24T15:18:12+00:00","dateModified":"2018-03-24T15:18:51+00:00","mainEntityOfPage":{"@id":"https:\/\/elcomunista.org\/?p=2811"},"wordCount":1207,"commentCount":0,"publisher":{"@id":"https:\/\/elcomunista.org\/#organization"},"image":{"@id":"https:\/\/elcomunista.org\/?p=2811#primaryimage"},"thumbnailUrl":"https:\/\/elcomunista.org\/wp-content\/uploads\/2018\/03\/maxresdefault.jpg","keywords":["Desacreditaci\u00f3n","Polic\u00eda Nacional Civil","Seguridad"],"articleSection":["Nacional"],"inLanguage":"es","potentialAction":[{"@type":"CommentAction","name":"Comment","target":["https:\/\/elcomunista.org\/?p=2811#respond"]}]},{"@type":"WebPage","@id":"https:\/\/elcomunista.org\/?p=2811","url":"https:\/\/elcomunista.org\/?p=2811","name":"Desacreditaci\u00f3n de los cuerpos armados del Estado burgu\u00e9s","isPartOf":{"@id":"https:\/\/elcomunista.org\/#website"},"primaryImageOfPage":{"@id":"https:\/\/elcomunista.org\/?p=2811#primaryimage"},"image":{"@id":"https:\/\/elcomunista.org\/?p=2811#primaryimage"},"thumbnailUrl":"https:\/\/elcomunista.org\/wp-content\/uploads\/2018\/03\/maxresdefault.jpg","datePublished":"2018-03-24T15:18:12+00:00","dateModified":"2018-03-24T15:18:51+00:00","breadcrumb":{"@id":"https:\/\/elcomunista.org\/?p=2811#breadcrumb"},"inLanguage":"es","potentialAction":[{"@type":"ReadAction","target":["https:\/\/elcomunista.org\/?p=2811"]}]},{"@type":"ImageObject","inLanguage":"es","@id":"https:\/\/elcomunista.org\/?p=2811#primaryimage","url":"https:\/\/elcomunista.org\/wp-content\/uploads\/2018\/03\/maxresdefault.jpg","contentUrl":"https:\/\/elcomunista.org\/wp-content\/uploads\/2018\/03\/maxresdefault.jpg","width":1280,"height":720},{"@type":"BreadcrumbList","@id":"https:\/\/elcomunista.org\/?p=2811#breadcrumb","itemListElement":[{"@type":"ListItem","position":1,"name":"Portada","item":"https:\/\/elcomunista.org\/"},{"@type":"ListItem","position":2,"name":"Desacreditaci\u00f3n de los cuerpos armados del Estado burgu\u00e9s"}]},{"@type":"WebSite","@id":"https:\/\/elcomunista.org\/#website","url":"https:\/\/elcomunista.org\/","name":"Revoluci\u00f3n Comunista","description":"Internacional Comunista Revolucionaria","publisher":{"@id":"https:\/\/elcomunista.org\/#organization"},"potentialAction":[{"@type":"SearchAction","target":{"@type":"EntryPoint","urlTemplate":"https:\/\/elcomunista.org\/?s={search_term_string}"},"query-input":{"@type":"PropertyValueSpecification","valueRequired":true,"valueName":"search_term_string"}}],"inLanguage":"es"},{"@type":"Organization","@id":"https:\/\/elcomunista.org\/#organization","name":"Bloque Popular Juvenil","url":"https:\/\/elcomunista.org\/","logo":{"@type":"ImageObject","inLanguage":"es","@id":"https:\/\/elcomunista.org\/#\/schema\/logo\/image\/","url":"https:\/\/bloquepopularjuvenil.org\/wp-content\/uploads\/2018\/11\/bpj-militante.jpg","contentUrl":"https:\/\/bloquepopularjuvenil.org\/wp-content\/uploads\/2018\/11\/bpj-militante.jpg","width":4000,"height":1390,"caption":"Bloque Popular Juvenil"},"image":{"@id":"https:\/\/elcomunista.org\/#\/schema\/logo\/image\/"},"sameAs":["https:\/\/www.facebook.com\/Bloquepopularjuvenil","https:\/\/x.com\/ElBPJ","https:\/\/www.instagram.com\/elbloque_bpj\/?hl=es-la"]},{"@type":"Person","@id":"https:\/\/elcomunista.org\/#\/schema\/person\/d55d5350d790a4464cbc0e898065567d","name":"Bloque Popular Juvenil","image":{"@type":"ImageObject","inLanguage":"es","@id":"https:\/\/elcomunista.org\/#\/schema\/person\/image\/","url":"https:\/\/secure.gravatar.com\/avatar\/85d12dca789bb6379dc38a198e1576cd?s=96&d=mm&r=g","contentUrl":"https:\/\/secure.gravatar.com\/avatar\/85d12dca789bb6379dc38a198e1576cd?s=96&d=mm&r=g","caption":"Bloque Popular Juvenil"},"url":"https:\/\/elcomunista.org\/?author=1"}]}},"jetpack_featured_media_url":"https:\/\/elcomunista.org\/wp-content\/uploads\/2018\/03\/maxresdefault.jpg","jetpack_likes_enabled":true,"jetpack_sharing_enabled":true,"_links":{"self":[{"href":"https:\/\/elcomunista.org\/index.php?rest_route=\/wp\/v2\/posts\/2811"}],"collection":[{"href":"https:\/\/elcomunista.org\/index.php?rest_route=\/wp\/v2\/posts"}],"about":[{"href":"https:\/\/elcomunista.org\/index.php?rest_route=\/wp\/v2\/types\/post"}],"author":[{"embeddable":true,"href":"https:\/\/elcomunista.org\/index.php?rest_route=\/wp\/v2\/users\/1"}],"replies":[{"embeddable":true,"href":"https:\/\/elcomunista.org\/index.php?rest_route=%2Fwp%2Fv2%2Fcomments&post=2811"}],"version-history":[{"count":0,"href":"https:\/\/elcomunista.org\/index.php?rest_route=\/wp\/v2\/posts\/2811\/revisions"}],"wp:featuredmedia":[{"embeddable":true,"href":"https:\/\/elcomunista.org\/index.php?rest_route=\/wp\/v2\/media\/2812"}],"wp:attachment":[{"href":"https:\/\/elcomunista.org\/index.php?rest_route=%2Fwp%2Fv2%2Fmedia&parent=2811"}],"wp:term":[{"taxonomy":"category","embeddable":true,"href":"https:\/\/elcomunista.org\/index.php?rest_route=%2Fwp%2Fv2%2Fcategories&post=2811"},{"taxonomy":"post_tag","embeddable":true,"href":"https:\/\/elcomunista.org\/index.php?rest_route=%2Fwp%2Fv2%2Ftags&post=2811"}],"curies":[{"name":"wp","href":"https:\/\/api.w.org\/{rel}","templated":true}]}}