{"id":2940,"date":"2018-04-08T14:00:36","date_gmt":"2018-04-08T20:00:36","guid":{"rendered":"http:\/\/bloquepopularjuvenil.org\/?p=2940"},"modified":"2018-04-08T14:00:36","modified_gmt":"2018-04-08T20:00:36","slug":"brasil-el-encarcelamiento-de-lula-crisis-en-la-cupula-resistencia-y-nuestras-tareas","status":"publish","type":"post","link":"https:\/\/elcomunista.org\/?p=2940","title":{"rendered":"Brasil: El encarcelamiento de Lula; crisis en la c\u00fapula, resistencia y nuestras tareas"},"content":{"rendered":"<p>El Poder\u00a0Judicial sigue con sus abusos de poder. El Supremo Tribunal Federal (STF) neg\u00f3 el pedido\u00a0de\u00a0H\u00e1beas\u00a0Corpus (HC) de Lula y, ya al d\u00eda siguiente, antes de que nuevos embargos fueran presentados en el Tribunal Regional de la 4\u00aa Regi\u00f3n (TRF-4), S\u00e9rgio Moro decret\u00f3 la prisi\u00f3n de Lula.<\/p>\n<section class=\"article-content\">El rechazo del HC se suma a la jurisprudencia establecida por el STF en 2016, por la que se autoriza la ejecuci\u00f3n de la\u00a0condena en segunda instancia. La propia Constituci\u00f3n dice que \u00abnadie podr\u00e1 ser considerado culpable hasta que haya sentencia firme de los tribunales\u00bb. El texto es claro, pero para los distinguidos ministros del STF, todo es relativo. Por supuesto, ya que en el fondo el asunto es de car\u00e1cter pol\u00edtico.Tambi\u00e9n fue parte del juicio la maniobra de la presidenta del STF, Carmem Luc\u00eda, al\u00a0no someter\u00a0previamente a votaci\u00f3n la acci\u00f3n directa de constitucionalidad (ADC) que pon\u00eda en tela de juicio todos los casos de prisi\u00f3n en segunda instancia, sino solamente el HC del caso de Lula, lo que permiti\u00f3 a la ministra Rosa Weber justificar su voto contrario, bas\u00e1ndose hip\u00f3critamente en la jurisprudencia establecida en 2016, a pesar de posicionarse contra la prisi\u00f3n despu\u00e9s de la condena en segunda instancia.<\/p>\n<p>Como hemos comentado, el poder judicial ha sido promovido a cumplir un papel Bonapartista y totalitario. Ya en el llamado juicio del \u00abmensal\u00e3o\u00bb, un espect\u00e1culo de los medios de comunicaci\u00f3n realizado con el fin de criminalizar al PT, hubo detenciones sin pruebas de dirigentes, tratando de desacreditar y criminalizar la lucha de los trabajadores.<\/p>\n<p>El objetivo pol\u00edtico central de\u00a0la Operaci\u00f3n Lava-Jato es realizar una limpieza de los poderes de la podrida Rep\u00fablica para salvarla de la desmoralizaci\u00f3n general y de la ira popular. El espect\u00e1culo medi\u00e1tico de c\u00e1rcel para pol\u00edticos y empresarios son un componente importante para tratar de transmitir la impresi\u00f3n de que \u00abla ley es para todos\u00bb, \u00ablos poderosos tambi\u00e9n van a la c\u00e1rcel\u201d, etc.<\/p>\n<p>La agilidad en los casos de Lula y del PT est\u00e1 motivada por el inter\u00e9s en desmoralizar al conjunto de la izquierda y del movimiento obrero. Despu\u00e9s de todo, el ex presidente, que fue metal\u00fargico y sindicalista de un partido construido por los trabajadores, ahora va a la c\u00e1rcel.<\/p>\n<p>La burgues\u00eda ha decidido poner fin a la era de la colaboraci\u00f3n de clases. Desde junio de 2013 se hizo evidente para la clase dominante que el PT no ten\u00eda ya capacidad de controlar a las masas, no ten\u00eda ya utilidad y fue descartado. La profunda crisis del capitalismo hace que sea necesario que un gobierno burgu\u00e9s asuma\u00a0la\u00a0direcci\u00f3n del aparato del Estado para profundizar los ataques contra la clase obrera.<\/p>\n<p>La\u00a0Esquerda Marxista est\u00e1 en contra de la condena sin pruebas y de la prisi\u00f3n\u00a0de Lula\u00a0y defiende su derecho a ser candidato presidencial. Sin embargo, no dejamos de se\u00f1alar que los gobiernos petistas fueron gobiernos de ataque contra la clase obrera y de servilismo a la burgues\u00eda y al imperialismo. Un ejemplo de ello, es que de los seis ministros que negaron el HC de Lula, cinco fueron designados por el propio Lula o Dilma. Un nuevo gobierno del PT no aportar\u00eda nada nuevo. Es por ello, que apoyamos la candidatura del PSOL y estamos en contra de un \u00abFrente por la Democracia\u00bb con una base electoral que una al PSOL, PT y partidos burgueses como PSB y PDT, y que se propone continuar con la pol\u00edtica de colaboraci\u00f3n de clases.<\/p>\n<p>El Frente \u00danico no\u00a0es\u00a0por la defensa del gobierno del PT, ni por la elecci\u00f3n de un nuevo gobierno del PT. Pero s\u00ed contra el Lava Jato y el poder judicial, contra\u00a0la\u00a0detenci\u00f3n de Lula y en defensa de las libertades democr\u00e1ticas.<\/p>\n<p>La Esquerda Marxista combate las acciones de grup\u00fasculos de extrema derecha, que utilizan m\u00e9todos fascistas contra militantes de izquierda, como se ha visto en los episodios de la caravana de Lula en la regi\u00f3n Sur. Repudiamos las amenazas de sectores del ej\u00e9rcito, evidenciadas por la declaraci\u00f3n del general Eduardo Villas B\u00f4as, en la v\u00edspera del juicio del STF, posicion\u00e1ndose contra la \u00abimpunidad\u00bb y declarando que el Ej\u00e9rcito brasile\u00f1o \u00abse mantiene atento a sus misiones institucionales\u00bb. Es decir, claramente amenaz\u00f3 con un golpe militar si el STF aceptaba el HC de Lula.<\/p>\n<p>Al mismo tiempo, afirmamos que no existe hoy base social para sostener un r\u00e9gimen fascista, ni esa es la opci\u00f3n de la burgues\u00eda ni del imperialismo para enfrentarse a la situaci\u00f3n actual. Incluso un r\u00e9gimen militar no tendr\u00eda apoyo de amplios sectores de la poblaci\u00f3n, que guarda fresca en la memoria la experiencia de la dictadura en el pa\u00eds. Mayoritariamente la burgues\u00eda, a trav\u00e9s de sus \u00f3rganos de prensa, rechaz\u00f3\u00a0las declaraciones del general. La\u00a0<em>Folha de S\u00e2o Paulo<\/em>\u00a0en\u00a0su editorial concluye que tal declaraci\u00f3n \u00abMerece fuerte repudio, pues, flaco favor ha prestado alguien a quien cabe velar por la obediencia del Ej\u00e9rcito al mando civil\u00bb. Lo que prefieren es seguir buscando la renovaci\u00f3n de sus cuadros pol\u00edticos y del r\u00e9gimen democr\u00e1tico burgu\u00e9s, con crecientes ataques a la clase obrera, a las libertades democr\u00e1ticas, represi\u00f3n y criminalizaci\u00f3n.<\/p>\n<p>En la base, la indignaci\u00f3n contra la situaci\u00f3n pol\u00edtica y econ\u00f3mica aumenta,\u00a0y persiste la disposici\u00f3n a la lucha por parte de los j\u00f3venes y de los trabajadores, como se ha visto en la victoriosa huelga de los trabajadores\u00a0municipales de San Pablo y en la masiva reacci\u00f3n de repudio a la ejecuci\u00f3n de Marielle. El desempleo sigue siendo elevado, el Congreso Nacional acaba de regalarle al \u00abagronegocio\u00bb m\u00e1s de 10 mil millones de reales en amnist\u00eda en las contribuciones al Funrural (Pensiones) mientras los salarios son devaluados; todo ello provocar\u00e1 m\u00e1s revueltas, huelgas y manifestaciones.<\/p>\n<p>En el momento en que escribimos esta nota, Lula est\u00e1 en la sede del Sindicato de los Metal\u00fargicos del ABC y manifestantes rodean el edificio sindical. Nosotros consideramos que Lula no debe obedecer una orden ilegal y no debe entregarse a la polic\u00eda. Si no se entrega, la temperatura pol\u00edtica sube, y el espacio para la lucha obrera aumenta.<\/p>\n<p>Por eso, la Esquerda Marxista participa de los actos convocados contra la prisi\u00f3n de Lula con nuestras posiciones, incluyendo el acto que ahora rodea al Sindicato de los Metal\u00fargicos del ABC.<\/p>\n<p>Es necesario continuar la lucha contra el capitalismo y sus instituciones: el poder judicial, la polic\u00eda y el ej\u00e9rcito, los gobiernos y el\u00a0parlamento que solo saben eliminar derechos de nuestra clase. El Estado est\u00e1 al servicio de los negocios de la burgues\u00eda. Es necesario construir una salida con independencia de clase y teniendo como norte la revoluci\u00f3n socialista.<\/p>\n<p>&nbsp;<\/p>\n<p style=\"text-align: center;\"><strong>\u00a1En defensa de las libertades democr\u00e1ticas!<br \/>\n<\/strong><strong>\u00a1Contra el Lava Jato!<br \/>\n<\/strong><strong>\u00a1Fuera Temer y el Congreso Nacional!<br \/>\n<\/strong><strong>\u00a1Por un gobierno de los trabajadores!<\/strong><\/p>\n<\/section>\n","protected":false},"excerpt":{"rendered":"<p>El Poder\u00a0Judicial sigue con sus abusos de poder. El Supremo Tribunal Federal (STF) neg\u00f3 el pedido\u00a0de\u00a0H\u00e1beas\u00a0Corpus (HC) de Lula y, ya al d\u00eda siguiente, antes de que nuevos embargos fueran presentados en el Tribunal Regional de la 4\u00aa Regi\u00f3n (TRF-4), S\u00e9rgio Moro decret\u00f3 la prisi\u00f3n de Lula. El rechazo del HC se suma a la&#8230;<\/p>\n","protected":false},"author":21,"featured_media":2941,"comment_status":"open","ping_status":"open","sticky":false,"template":"","format":"standard","meta":{"_monsterinsights_skip_tracking":false,"_monsterinsights_sitenote_active":false,"_monsterinsights_sitenote_note":"","_monsterinsights_sitenote_category":0,"_uf_show_specific_survey":0,"_uf_disable_surveys":false,"_jetpack_memberships_contains_paid_content":false,"footnotes":""},"categories":[16,3],"tags":[180,181,179],"class_list":["post-2940","post","type-post","status-publish","format-standard","has-post-thumbnail","hentry","category-brasil","category-politica","tag-encarcelamiento","tag-fora-temer","tag-lula"],"aioseo_notices":[],"yoast_head":"<!-- This site is optimized with the Yoast SEO plugin v25.6 - https:\/\/yoast.com\/wordpress\/plugins\/seo\/ -->\n<title>Brasil: El encarcelamiento de Lula; crisis en la c\u00fapula, resistencia y nuestras tareas<\/title>\n<meta name=\"robots\" content=\"index, follow, max-snippet:-1, max-image-preview:large, max-video-preview:-1\" \/>\n<link rel=\"canonical\" href=\"https:\/\/elcomunista.org\/?p=2940\" \/>\n<meta property=\"og:locale\" content=\"es_ES\" \/>\n<meta property=\"og:type\" content=\"article\" \/>\n<meta property=\"og:title\" content=\"Brasil: El encarcelamiento de Lula; crisis en la c\u00fapula, resistencia y nuestras tareas\" \/>\n<meta property=\"og:description\" content=\"El Poder\u00a0Judicial sigue con sus abusos de poder. El Supremo Tribunal Federal (STF) neg\u00f3 el pedido\u00a0de\u00a0H\u00e1beas\u00a0Corpus (HC) de Lula y, ya al d\u00eda siguiente, antes de que nuevos embargos fueran presentados en el Tribunal Regional de la 4\u00aa Regi\u00f3n (TRF-4), S\u00e9rgio Moro decret\u00f3 la prisi\u00f3n de Lula. El rechazo del HC se suma a la...\" \/>\n<meta property=\"og:url\" content=\"https:\/\/elcomunista.org\/?p=2940\" \/>\n<meta property=\"og:site_name\" content=\"Revoluci\u00f3n Comunista\" \/>\n<meta property=\"article:publisher\" content=\"https:\/\/www.facebook.com\/Bloquepopularjuvenil\" \/>\n<meta property=\"article:published_time\" content=\"2018-04-08T20:00:36+00:00\" \/>\n<meta property=\"og:image\" content=\"https:\/\/elcomunista.org\/wp-content\/uploads\/2018\/04\/Ca\u0301rcel-Lula.jpg\" \/>\n\t<meta property=\"og:image:width\" content=\"900\" \/>\n\t<meta property=\"og:image:height\" content=\"516\" \/>\n\t<meta property=\"og:image:type\" content=\"image\/jpeg\" \/>\n<meta name=\"author\" content=\"Esquerda Marxista - Brasil\" \/>\n<meta name=\"twitter:card\" content=\"summary_large_image\" \/>\n<meta name=\"twitter:creator\" content=\"@ElBPJ\" \/>\n<meta name=\"twitter:site\" content=\"@ElBPJ\" \/>\n<meta name=\"twitter:label1\" content=\"Escrito por\" \/>\n\t<meta name=\"twitter:data1\" content=\"Esquerda Marxista - Brasil\" \/>\n\t<meta name=\"twitter:label2\" content=\"Tiempo de lectura\" \/>\n\t<meta name=\"twitter:data2\" content=\"6 minutos\" \/>\n<script type=\"application\/ld+json\" class=\"yoast-schema-graph\">{\"@context\":\"https:\/\/schema.org\",\"@graph\":[{\"@type\":\"Article\",\"@id\":\"https:\/\/elcomunista.org\/?p=2940#article\",\"isPartOf\":{\"@id\":\"https:\/\/elcomunista.org\/?p=2940\"},\"author\":{\"name\":\"Esquerda Marxista - Brasil\",\"@id\":\"https:\/\/elcomunista.org\/#\/schema\/person\/2ccca13bab13b85ac22c5e6dbae29bda\"},\"headline\":\"Brasil: El encarcelamiento de Lula; crisis en la c\u00fapula, resistencia y nuestras tareas\",\"datePublished\":\"2018-04-08T20:00:36+00:00\",\"mainEntityOfPage\":{\"@id\":\"https:\/\/elcomunista.org\/?p=2940\"},\"wordCount\":1232,\"commentCount\":0,\"publisher\":{\"@id\":\"https:\/\/elcomunista.org\/#organization\"},\"image\":{\"@id\":\"https:\/\/elcomunista.org\/?p=2940#primaryimage\"},\"thumbnailUrl\":\"https:\/\/elcomunista.org\/wp-content\/uploads\/2018\/04\/Ca\u0301rcel-Lula.jpg\",\"keywords\":[\"Encarcelamiento\",\"Fora Temer\",\"Lula\"],\"articleSection\":[\"Brasil\",\"Pol\u00edtica\"],\"inLanguage\":\"es\",\"potentialAction\":[{\"@type\":\"CommentAction\",\"name\":\"Comment\",\"target\":[\"https:\/\/elcomunista.org\/?p=2940#respond\"]}]},{\"@type\":\"WebPage\",\"@id\":\"https:\/\/elcomunista.org\/?p=2940\",\"url\":\"https:\/\/elcomunista.org\/?p=2940\",\"name\":\"Brasil: El encarcelamiento de Lula; crisis en la c\u00fapula, resistencia y nuestras tareas\",\"isPartOf\":{\"@id\":\"https:\/\/elcomunista.org\/#website\"},\"primaryImageOfPage\":{\"@id\":\"https:\/\/elcomunista.org\/?p=2940#primaryimage\"},\"image\":{\"@id\":\"https:\/\/elcomunista.org\/?p=2940#primaryimage\"},\"thumbnailUrl\":\"https:\/\/elcomunista.org\/wp-content\/uploads\/2018\/04\/Ca\u0301rcel-Lula.jpg\",\"datePublished\":\"2018-04-08T20:00:36+00:00\",\"breadcrumb\":{\"@id\":\"https:\/\/elcomunista.org\/?p=2940#breadcrumb\"},\"inLanguage\":\"es\",\"potentialAction\":[{\"@type\":\"ReadAction\",\"target\":[\"https:\/\/elcomunista.org\/?p=2940\"]}]},{\"@type\":\"ImageObject\",\"inLanguage\":\"es\",\"@id\":\"https:\/\/elcomunista.org\/?p=2940#primaryimage\",\"url\":\"https:\/\/elcomunista.org\/wp-content\/uploads\/2018\/04\/Ca\u0301rcel-Lula.jpg\",\"contentUrl\":\"https:\/\/elcomunista.org\/wp-content\/uploads\/2018\/04\/Ca\u0301rcel-Lula.jpg\",\"width\":900,\"height\":516},{\"@type\":\"BreadcrumbList\",\"@id\":\"https:\/\/elcomunista.org\/?p=2940#breadcrumb\",\"itemListElement\":[{\"@type\":\"ListItem\",\"position\":1,\"name\":\"Portada\",\"item\":\"https:\/\/elcomunista.org\/\"},{\"@type\":\"ListItem\",\"position\":2,\"name\":\"Brasil: El encarcelamiento de Lula; crisis en la c\u00fapula, resistencia y nuestras tareas\"}]},{\"@type\":\"WebSite\",\"@id\":\"https:\/\/elcomunista.org\/#website\",\"url\":\"https:\/\/elcomunista.org\/\",\"name\":\"Revoluci\u00f3n Comunista\",\"description\":\"Internacional Comunista Revolucionaria\",\"publisher\":{\"@id\":\"https:\/\/elcomunista.org\/#organization\"},\"potentialAction\":[{\"@type\":\"SearchAction\",\"target\":{\"@type\":\"EntryPoint\",\"urlTemplate\":\"https:\/\/elcomunista.org\/?s={search_term_string}\"},\"query-input\":{\"@type\":\"PropertyValueSpecification\",\"valueRequired\":true,\"valueName\":\"search_term_string\"}}],\"inLanguage\":\"es\"},{\"@type\":\"Organization\",\"@id\":\"https:\/\/elcomunista.org\/#organization\",\"name\":\"Bloque Popular Juvenil\",\"url\":\"https:\/\/elcomunista.org\/\",\"logo\":{\"@type\":\"ImageObject\",\"inLanguage\":\"es\",\"@id\":\"https:\/\/elcomunista.org\/#\/schema\/logo\/image\/\",\"url\":\"https:\/\/bloquepopularjuvenil.org\/wp-content\/uploads\/2018\/11\/bpj-militante.jpg\",\"contentUrl\":\"https:\/\/bloquepopularjuvenil.org\/wp-content\/uploads\/2018\/11\/bpj-militante.jpg\",\"width\":4000,\"height\":1390,\"caption\":\"Bloque Popular Juvenil\"},\"image\":{\"@id\":\"https:\/\/elcomunista.org\/#\/schema\/logo\/image\/\"},\"sameAs\":[\"https:\/\/www.facebook.com\/Bloquepopularjuvenil\",\"https:\/\/x.com\/ElBPJ\",\"https:\/\/www.instagram.com\/elbloque_bpj\/?hl=es-la\"]},{\"@type\":\"Person\",\"@id\":\"https:\/\/elcomunista.org\/#\/schema\/person\/2ccca13bab13b85ac22c5e6dbae29bda\",\"name\":\"Esquerda Marxista - Brasil\",\"image\":{\"@type\":\"ImageObject\",\"inLanguage\":\"es\",\"@id\":\"https:\/\/elcomunista.org\/#\/schema\/person\/image\/\",\"url\":\"https:\/\/secure.gravatar.com\/avatar\/b936a4364605f6091329c7f678221f55?s=96&d=mm&r=g\",\"contentUrl\":\"https:\/\/secure.gravatar.com\/avatar\/b936a4364605f6091329c7f678221f55?s=96&d=mm&r=g\",\"caption\":\"Esquerda Marxista - Brasil\"},\"url\":\"https:\/\/elcomunista.org\/?author=21\"}]}<\/script>\n<!-- \/ Yoast SEO plugin. -->","yoast_head_json":{"title":"Brasil: El encarcelamiento de Lula; crisis en la c\u00fapula, resistencia y nuestras tareas","robots":{"index":"index","follow":"follow","max-snippet":"max-snippet:-1","max-image-preview":"max-image-preview:large","max-video-preview":"max-video-preview:-1"},"canonical":"https:\/\/elcomunista.org\/?p=2940","og_locale":"es_ES","og_type":"article","og_title":"Brasil: El encarcelamiento de Lula; crisis en la c\u00fapula, resistencia y nuestras tareas","og_description":"El Poder\u00a0Judicial sigue con sus abusos de poder. El Supremo Tribunal Federal (STF) neg\u00f3 el pedido\u00a0de\u00a0H\u00e1beas\u00a0Corpus (HC) de Lula y, ya al d\u00eda siguiente, antes de que nuevos embargos fueran presentados en el Tribunal Regional de la 4\u00aa Regi\u00f3n (TRF-4), S\u00e9rgio Moro decret\u00f3 la prisi\u00f3n de Lula. El rechazo del HC se suma a la...","og_url":"https:\/\/elcomunista.org\/?p=2940","og_site_name":"Revoluci\u00f3n Comunista","article_publisher":"https:\/\/www.facebook.com\/Bloquepopularjuvenil","article_published_time":"2018-04-08T20:00:36+00:00","og_image":[{"width":900,"height":516,"url":"https:\/\/elcomunista.org\/wp-content\/uploads\/2018\/04\/Ca\u0301rcel-Lula.jpg","type":"image\/jpeg"}],"author":"Esquerda Marxista - Brasil","twitter_card":"summary_large_image","twitter_creator":"@ElBPJ","twitter_site":"@ElBPJ","twitter_misc":{"Escrito por":"Esquerda Marxista - Brasil","Tiempo de lectura":"6 minutos"},"schema":{"@context":"https:\/\/schema.org","@graph":[{"@type":"Article","@id":"https:\/\/elcomunista.org\/?p=2940#article","isPartOf":{"@id":"https:\/\/elcomunista.org\/?p=2940"},"author":{"name":"Esquerda Marxista - Brasil","@id":"https:\/\/elcomunista.org\/#\/schema\/person\/2ccca13bab13b85ac22c5e6dbae29bda"},"headline":"Brasil: El encarcelamiento de Lula; crisis en la c\u00fapula, resistencia y nuestras tareas","datePublished":"2018-04-08T20:00:36+00:00","mainEntityOfPage":{"@id":"https:\/\/elcomunista.org\/?p=2940"},"wordCount":1232,"commentCount":0,"publisher":{"@id":"https:\/\/elcomunista.org\/#organization"},"image":{"@id":"https:\/\/elcomunista.org\/?p=2940#primaryimage"},"thumbnailUrl":"https:\/\/elcomunista.org\/wp-content\/uploads\/2018\/04\/Ca\u0301rcel-Lula.jpg","keywords":["Encarcelamiento","Fora Temer","Lula"],"articleSection":["Brasil","Pol\u00edtica"],"inLanguage":"es","potentialAction":[{"@type":"CommentAction","name":"Comment","target":["https:\/\/elcomunista.org\/?p=2940#respond"]}]},{"@type":"WebPage","@id":"https:\/\/elcomunista.org\/?p=2940","url":"https:\/\/elcomunista.org\/?p=2940","name":"Brasil: El encarcelamiento de Lula; crisis en la c\u00fapula, resistencia y nuestras tareas","isPartOf":{"@id":"https:\/\/elcomunista.org\/#website"},"primaryImageOfPage":{"@id":"https:\/\/elcomunista.org\/?p=2940#primaryimage"},"image":{"@id":"https:\/\/elcomunista.org\/?p=2940#primaryimage"},"thumbnailUrl":"https:\/\/elcomunista.org\/wp-content\/uploads\/2018\/04\/Ca\u0301rcel-Lula.jpg","datePublished":"2018-04-08T20:00:36+00:00","breadcrumb":{"@id":"https:\/\/elcomunista.org\/?p=2940#breadcrumb"},"inLanguage":"es","potentialAction":[{"@type":"ReadAction","target":["https:\/\/elcomunista.org\/?p=2940"]}]},{"@type":"ImageObject","inLanguage":"es","@id":"https:\/\/elcomunista.org\/?p=2940#primaryimage","url":"https:\/\/elcomunista.org\/wp-content\/uploads\/2018\/04\/Ca\u0301rcel-Lula.jpg","contentUrl":"https:\/\/elcomunista.org\/wp-content\/uploads\/2018\/04\/Ca\u0301rcel-Lula.jpg","width":900,"height":516},{"@type":"BreadcrumbList","@id":"https:\/\/elcomunista.org\/?p=2940#breadcrumb","itemListElement":[{"@type":"ListItem","position":1,"name":"Portada","item":"https:\/\/elcomunista.org\/"},{"@type":"ListItem","position":2,"name":"Brasil: El encarcelamiento de Lula; crisis en la c\u00fapula, resistencia y nuestras tareas"}]},{"@type":"WebSite","@id":"https:\/\/elcomunista.org\/#website","url":"https:\/\/elcomunista.org\/","name":"Revoluci\u00f3n Comunista","description":"Internacional Comunista Revolucionaria","publisher":{"@id":"https:\/\/elcomunista.org\/#organization"},"potentialAction":[{"@type":"SearchAction","target":{"@type":"EntryPoint","urlTemplate":"https:\/\/elcomunista.org\/?s={search_term_string}"},"query-input":{"@type":"PropertyValueSpecification","valueRequired":true,"valueName":"search_term_string"}}],"inLanguage":"es"},{"@type":"Organization","@id":"https:\/\/elcomunista.org\/#organization","name":"Bloque Popular Juvenil","url":"https:\/\/elcomunista.org\/","logo":{"@type":"ImageObject","inLanguage":"es","@id":"https:\/\/elcomunista.org\/#\/schema\/logo\/image\/","url":"https:\/\/bloquepopularjuvenil.org\/wp-content\/uploads\/2018\/11\/bpj-militante.jpg","contentUrl":"https:\/\/bloquepopularjuvenil.org\/wp-content\/uploads\/2018\/11\/bpj-militante.jpg","width":4000,"height":1390,"caption":"Bloque Popular Juvenil"},"image":{"@id":"https:\/\/elcomunista.org\/#\/schema\/logo\/image\/"},"sameAs":["https:\/\/www.facebook.com\/Bloquepopularjuvenil","https:\/\/x.com\/ElBPJ","https:\/\/www.instagram.com\/elbloque_bpj\/?hl=es-la"]},{"@type":"Person","@id":"https:\/\/elcomunista.org\/#\/schema\/person\/2ccca13bab13b85ac22c5e6dbae29bda","name":"Esquerda Marxista - Brasil","image":{"@type":"ImageObject","inLanguage":"es","@id":"https:\/\/elcomunista.org\/#\/schema\/person\/image\/","url":"https:\/\/secure.gravatar.com\/avatar\/b936a4364605f6091329c7f678221f55?s=96&d=mm&r=g","contentUrl":"https:\/\/secure.gravatar.com\/avatar\/b936a4364605f6091329c7f678221f55?s=96&d=mm&r=g","caption":"Esquerda Marxista - Brasil"},"url":"https:\/\/elcomunista.org\/?author=21"}]}},"jetpack_featured_media_url":"https:\/\/elcomunista.org\/wp-content\/uploads\/2018\/04\/Ca\u0301rcel-Lula.jpg","jetpack_likes_enabled":true,"jetpack_sharing_enabled":true,"_links":{"self":[{"href":"https:\/\/elcomunista.org\/index.php?rest_route=\/wp\/v2\/posts\/2940"}],"collection":[{"href":"https:\/\/elcomunista.org\/index.php?rest_route=\/wp\/v2\/posts"}],"about":[{"href":"https:\/\/elcomunista.org\/index.php?rest_route=\/wp\/v2\/types\/post"}],"author":[{"embeddable":true,"href":"https:\/\/elcomunista.org\/index.php?rest_route=\/wp\/v2\/users\/21"}],"replies":[{"embeddable":true,"href":"https:\/\/elcomunista.org\/index.php?rest_route=%2Fwp%2Fv2%2Fcomments&post=2940"}],"version-history":[{"count":0,"href":"https:\/\/elcomunista.org\/index.php?rest_route=\/wp\/v2\/posts\/2940\/revisions"}],"wp:featuredmedia":[{"embeddable":true,"href":"https:\/\/elcomunista.org\/index.php?rest_route=\/wp\/v2\/media\/2941"}],"wp:attachment":[{"href":"https:\/\/elcomunista.org\/index.php?rest_route=%2Fwp%2Fv2%2Fmedia&parent=2940"}],"wp:term":[{"taxonomy":"category","embeddable":true,"href":"https:\/\/elcomunista.org\/index.php?rest_route=%2Fwp%2Fv2%2Fcategories&post=2940"},{"taxonomy":"post_tag","embeddable":true,"href":"https:\/\/elcomunista.org\/index.php?rest_route=%2Fwp%2Fv2%2Ftags&post=2940"}],"curies":[{"name":"wp","href":"https:\/\/api.w.org\/{rel}","templated":true}]}}