{"id":2960,"date":"2018-04-10T09:20:38","date_gmt":"2018-04-10T15:20:38","guid":{"rendered":"http:\/\/bloquepopularjuvenil.org\/?p=2960"},"modified":"2018-04-10T09:24:27","modified_gmt":"2018-04-10T15:24:27","slug":"manifestacion-en-madrid-por-la-liberacion-de-los-presos-politicos-catalanes-y-en-defensa-de-las-libertades-democraticas","status":"publish","type":"post","link":"https:\/\/elcomunista.org\/?p=2960","title":{"rendered":"Manifestaci\u00f3n en Madrid por la liberaci\u00f3n de los presos pol\u00edticos catalanes y en defensa de las libertades democr\u00e1ticas"},"content":{"rendered":"<p>El pasado viernes 6 de abril varios centenares de personas nos manifestamos en Madrid para exigir la libertad de los presos pol\u00edticos catalanes y en defensa de las libertades democr\u00e1ticas, avasalladas por el aparato del Estado, no s\u00f3lo en Catalunya sino en todo el pa\u00eds.<\/p>\n<p>En la manifestaci\u00f3n hubo tambi\u00e9n una presencia activa de estudiantes y residentes catalanes en Madrid. Las consignas se cantaban indistintamente en castellano y catal\u00e1n: \u201cPresos pol\u00edticos, libertad\u201d, \u201cS\u00ed, s\u00ed, s\u00ed, derecho a decidir\u201d, entre otras. Igualmente se cantaron consignas contra la Ley Mordaza, por la liberaci\u00f3n de otros prisioneros pol\u00edticos en el resto del Estado (como Alfon), y contra la entrada inminente en prisi\u00f3n de artistas de rap (como Valtonyc, Pablo Hasel o el colectivo \u201cLa Insurgencia\u201d). Claramente, la manifestaci\u00f3n ten\u00eda un claro contenido republicano y en contra del R\u00e9gimen del 78.<\/p>\n<p>La manifestaci\u00f3n fue convocada por la plataforma \u201cMadrile\u00f1os\/as por el Derecho a Decidir\u201d, creada semanas antes del refer\u00e9ndum catal\u00e1n del 1 de octubre para expresar la solidaridad y apoyo al pueblo catal\u00e1n en su voluntad mayoritaria de ejercer el derecho de autodeterminaci\u00f3n. Ha sido impulsada inicialmente por grupos y colectivos como Anticapitalistas, Izquierda Castellana, Manifiesto por el Socialismo, entre otros, y en cuyas actividades p\u00fablicas participamos\u00a0<em>Lucha de Clases<\/em>\u00a0y muchos activistas de diversa procedencia, tambi\u00e9n de IU y de Podemos.<\/p>\n<p>La manifestaci\u00f3n, que comenz\u00f3 en la Puerta del Sol, termin\u00f3 frente al Ministerio de Justicia, donde se ley\u00f3 un manifiesto y se cant\u00f3 \u201cL\u2019Estaca\u201d de Lluis Llach.<\/p>\n<p>A lo largo del recorrido hubo algunas provocaciones desde las aceras de individuos aislados. Hab\u00eda un fuerte cord\u00f3n policial que rodeaba toda la manifestaci\u00f3n que neutraliz\u00f3 a algunos de estos energ\u00famenos. Pero fue llamativo que no hicieran aparici\u00f3n grupos fascistas organizados en las proximidades para hacer ostentaci\u00f3n, lo que demuestra que sin el amable permiso de la polic\u00eda estos grupos no pisan las calles y que es el aparato del Estado quien modula su actividad, seg\u00fan el momento y el inter\u00e9s pol\u00edtico del r\u00e9gimen. Era claro para el gobierno que, tras el varapalo de la justicia alemana, al negarse a extraditar a Puigdemont por considerar insostenible la acusaci\u00f3n de \u201crebeli\u00f3n\u201d, cualquier altercado que tuviera como protagonista a estos grupos restar\u00eda credibilidad \u201cdemocr\u00e1tica\u201d a la represi\u00f3n contra el independentismo catal\u00e1n.<\/p>\n<p>Fuera de Catalunya s\u00f3lo se han dado movilizaciones relevantes de solidaridad a lo largo de todos estos meses en Euskadi, Navarra y Valencia, impulsadas sobre todo por la izquierda nacionalista en estas zonas. En Madrid, la plataforma \u201cMadrile\u00f1os\/as por el Derecho a Decidir\u00bb ha salvado el honor de la izquierda espa\u00f1ola, junto a peque\u00f1os colectivos en otras zonas del Estado; al levantar una voz clara y firme contra la represi\u00f3n del Estado hacia el movimiento independentista catal\u00e1n, pese a los escasos medios y limitaciones de convocatoria de la plataforma, y ante la inacci\u00f3n y la actitud pusil\u00e1nime de los dirigentes de Unidos Podemos en todos estos meses, que salvo quejas en twitter y declaraciones epis\u00f3dicas, no han promovido ninguna movilizaci\u00f3n en la calle, pese a la clara vulneraci\u00f3n de los derechos democr\u00e1ticos y pol\u00edticos de los dirigentes independentistas detenidos. Esto es tanto m\u00e1s grave cuanto que el fortalecimiento de la represi\u00f3n del Estado ha envalentonado a este \u00faltimo para incrementar su persecuci\u00f3n a activistas en las redes sociales, manifestaciones, etc. con la proliferaci\u00f3n de imputaciones por \u201cdelitos de odio\u201d contra la polic\u00eda (como la concejal de Ahora Madrid, Romy Arce), de \u201cenaltecimiento del terrorismo\u201d, de \u201cofensa al sentimiento religioso\u201d, \u201cdelitos contra la Corona\u201d, etc. La debilidad invita a la agresi\u00f3n. Vergonzosamente, los dirigentes de Unidos Podemos, piensan que si \u201cdan la cara\u201d por los presos pol\u00edticos catalanes, eso les va a restar votos en las elecciones locales, regionales y europeas del a\u00f1o que viene.<\/p>\n<p>Ahora, la fiscal\u00eda del Estado, con apoyo de PP, Ciudadanos y PSOE, est\u00e1 amenazando a los Comit\u00e9s de Defensa de la Rep\u00fablica que han proliferado en toda Catalunya y que son organismos de participaci\u00f3n y organizaci\u00f3n popular, formados por activistas y luchadores sociales de los barrios y pueblos, y que est\u00e1n disputando al ala moderada del independentismo el protagonismo en las calles. Al menos aqu\u00ed, Alberto Garz\u00f3n ha tenido una posici\u00f3n valiente y se ha pronunciado contra la criminalizaci\u00f3n de los CDR, ya que eso abrir\u00eda la puerta para la criminalizaci\u00f3n de cualquier protesta social en el resto del Estado. Si cortar una carretera es equiparable al delito de \u201crebeli\u00f3n\u201d, ma\u00f1ana cualquier piquete obrero podr\u00eda ser acusado de lo mismo, tomando el caso catal\u00e1n como jurisprudencia, si as\u00ed lo decidiera un juez reaccionario.<\/p>\n<p>Como los pensionistas, las mujeres oprimidas, y la juventud, somos muchos los que nos negamos a aceptar el consejo de los dirigentes de UP de esperar a las elecciones de 2019 y 2020 para intentar cambiar las cosas. No han sido las brillantes iniciativas parlamentarias de los diputados de Unidos Podemos, desconocidas e irrelevantes para casi todo el mundo en la medida que no han servido para cambiar las cosas, sino la movilizaci\u00f3n social quien ha arrinconado al gobierno de PP-Ciudadanos en las \u00faltimas semanas. Si los dirigentes de UP hubieran movilizado desde meses atr\u00e1s en las calles contra la represi\u00f3n en Catalunya, su autoridad se habr\u00eda incrementado ahora tras la decisi\u00f3n del tribunal alem\u00e1n que no ve delito de rebeli\u00f3n en el ejercicio del derecho de autodeterminaci\u00f3n que millones protagonizaron en Catalunya el pasado 1 de octubre, y que est\u00e1 haciendo reflexionar a muchos millones que inicialmente aceptaron sin rechistar las acusaciones en este sentido del gobierno, de Ciudadanos y del PSOE. La conciencia de que existe una persecuci\u00f3n pol\u00edtica se va a ampliar en las semanas y meses siguientes. El hecho de que hasta Felipe Gonz\u00e1lez haya declarado abiertamente su opini\u00f3n de que todos los presos catalanes deben estar en libertad muestra las fisuras que han empezado a abrirse en el frente \u201cunionista\u201d.<\/p>\n<p>En la hoja que repartimos\u00a0<em>Lucha de Clases<\/em>\u00a0en la manifestaci\u00f3n insist\u00edamos en la necesidad de organizar una plataforma estatal contra la Represi\u00f3n, abierta a todas las organizaciones y colectivos que quisieran participar, que coordinara e impulsara fuera de Catalunya la movilizaci\u00f3n contra la represi\u00f3n del Estado en todas sus formas, con manifestaciones y actos p\u00fablicos, concentraciones en los juzgados, cajas de resistencia para las multas, etc. Tambi\u00e9n propon\u00edamos la creaci\u00f3n de Comit\u00e9s de Defensa de la Rep\u00fablica en todo el Estado como una manera concreta de formar espacios de organizaci\u00f3n popular en la movilizaci\u00f3n contra el R\u00e9gimen mon\u00e1rquico.<\/p>\n<p>El \u00e9xito de estas iniciativas estar\u00eda garantizado en un contexto como el actual en el que capas cada vez m\u00e1s numerosas de la poblaci\u00f3n, y de la clase trabajadora en particular, est\u00e1n viendo la necesidad de volver a las calles para cambiar el estado p\u00fatrido de la situaci\u00f3n social y pol\u00edtica y de terminar con la corrupci\u00f3n organizada del r\u00e9gimen mon\u00e1rquico del 78.<\/p>\n","protected":false},"excerpt":{"rendered":"<p>El pasado viernes 6 de abril varios centenares de personas nos manifestamos en Madrid para exigir la libertad de los presos pol\u00edticos catalanes y en defensa de las libertades democr\u00e1ticas, avasalladas por el aparato del Estado, no s\u00f3lo en Catalunya sino en todo el pa\u00eds. En la manifestaci\u00f3n hubo tambi\u00e9n una presencia activa de estudiantes&#8230;<\/p>\n","protected":false},"author":22,"featured_media":2963,"comment_status":"open","ping_status":"open","sticky":false,"template":"","format":"standard","meta":{"_monsterinsights_skip_tracking":false,"_monsterinsights_sitenote_active":false,"_monsterinsights_sitenote_note":"","_monsterinsights_sitenote_category":0,"_uf_show_specific_survey":0,"_uf_disable_surveys":false,"_jetpack_memberships_contains_paid_content":false,"footnotes":""},"categories":[32,3],"tags":[189],"class_list":["post-2960","post","type-post","status-publish","format-standard","has-post-thumbnail","hentry","category-estado-espanol","category-politica","tag-derecho-a-la-autodeterminacion"],"aioseo_notices":[],"yoast_head":"<!-- This site is optimized with the Yoast SEO plugin v25.6 - https:\/\/yoast.com\/wordpress\/plugins\/seo\/ -->\n<title>Manifestaci\u00f3n en Madrid por la liberaci\u00f3n de los presos pol\u00edticos catalanes y en defensa de las libertades democr\u00e1ticas<\/title>\n<meta name=\"robots\" content=\"index, follow, max-snippet:-1, max-image-preview:large, max-video-preview:-1\" \/>\n<link rel=\"canonical\" href=\"https:\/\/elcomunista.org\/?p=2960\" \/>\n<meta property=\"og:locale\" content=\"es_ES\" \/>\n<meta property=\"og:type\" content=\"article\" \/>\n<meta property=\"og:title\" content=\"Manifestaci\u00f3n en Madrid por la liberaci\u00f3n de los presos pol\u00edticos catalanes y en defensa de las libertades democr\u00e1ticas\" \/>\n<meta property=\"og:description\" content=\"El pasado viernes 6 de abril varios centenares de personas nos manifestamos en Madrid para exigir la libertad de los presos pol\u00edticos catalanes y en defensa de las libertades democr\u00e1ticas, avasalladas por el aparato del Estado, no s\u00f3lo en Catalunya sino en todo el pa\u00eds. En la manifestaci\u00f3n hubo tambi\u00e9n una presencia activa de estudiantes...\" \/>\n<meta property=\"og:url\" content=\"https:\/\/elcomunista.org\/?p=2960\" \/>\n<meta property=\"og:site_name\" content=\"Revoluci\u00f3n Comunista\" \/>\n<meta property=\"article:publisher\" content=\"https:\/\/www.facebook.com\/Bloquepopularjuvenil\" \/>\n<meta property=\"article:published_time\" content=\"2018-04-10T15:20:38+00:00\" \/>\n<meta property=\"article:modified_time\" content=\"2018-04-10T15:24:27+00:00\" \/>\n<meta property=\"og:image\" content=\"https:\/\/elcomunista.org\/wp-content\/uploads\/2018\/04\/29749665_1998949063698304_2693937814825980565_o.jpg\" \/>\n\t<meta property=\"og:image:width\" content=\"1200\" \/>\n\t<meta property=\"og:image:height\" content=\"675\" \/>\n\t<meta property=\"og:image:type\" content=\"image\/jpeg\" \/>\n<meta name=\"author\" content=\"David Rey\" \/>\n<meta name=\"twitter:card\" content=\"summary_large_image\" \/>\n<meta name=\"twitter:creator\" content=\"@ElBPJ\" \/>\n<meta name=\"twitter:site\" content=\"@ElBPJ\" \/>\n<meta name=\"twitter:label1\" content=\"Escrito por\" \/>\n\t<meta name=\"twitter:data1\" content=\"David Rey\" \/>\n\t<meta name=\"twitter:label2\" content=\"Tiempo de lectura\" \/>\n\t<meta name=\"twitter:data2\" content=\"6 minutos\" \/>\n<script type=\"application\/ld+json\" class=\"yoast-schema-graph\">{\"@context\":\"https:\/\/schema.org\",\"@graph\":[{\"@type\":\"Article\",\"@id\":\"https:\/\/elcomunista.org\/?p=2960#article\",\"isPartOf\":{\"@id\":\"https:\/\/elcomunista.org\/?p=2960\"},\"author\":{\"name\":\"David Rey\",\"@id\":\"https:\/\/elcomunista.org\/#\/schema\/person\/c065fb3c6c6d7abe2cafd2cff036d50a\"},\"headline\":\"Manifestaci\u00f3n en Madrid por la liberaci\u00f3n de los presos pol\u00edticos catalanes y en defensa de las libertades democr\u00e1ticas\",\"datePublished\":\"2018-04-10T15:20:38+00:00\",\"dateModified\":\"2018-04-10T15:24:27+00:00\",\"mainEntityOfPage\":{\"@id\":\"https:\/\/elcomunista.org\/?p=2960\"},\"wordCount\":1259,\"commentCount\":0,\"publisher\":{\"@id\":\"https:\/\/elcomunista.org\/#organization\"},\"image\":{\"@id\":\"https:\/\/elcomunista.org\/?p=2960#primaryimage\"},\"thumbnailUrl\":\"https:\/\/elcomunista.org\/wp-content\/uploads\/2018\/04\/29749665_1998949063698304_2693937814825980565_o.jpg\",\"keywords\":[\"Derecho a la autodeterminaci\u00f3n\"],\"articleSection\":[\"Estado Espa\u00f1ol\",\"Pol\u00edtica\"],\"inLanguage\":\"es\",\"potentialAction\":[{\"@type\":\"CommentAction\",\"name\":\"Comment\",\"target\":[\"https:\/\/elcomunista.org\/?p=2960#respond\"]}]},{\"@type\":\"WebPage\",\"@id\":\"https:\/\/elcomunista.org\/?p=2960\",\"url\":\"https:\/\/elcomunista.org\/?p=2960\",\"name\":\"Manifestaci\u00f3n en Madrid por la liberaci\u00f3n de los presos pol\u00edticos catalanes y en defensa de las libertades democr\u00e1ticas\",\"isPartOf\":{\"@id\":\"https:\/\/elcomunista.org\/#website\"},\"primaryImageOfPage\":{\"@id\":\"https:\/\/elcomunista.org\/?p=2960#primaryimage\"},\"image\":{\"@id\":\"https:\/\/elcomunista.org\/?p=2960#primaryimage\"},\"thumbnailUrl\":\"https:\/\/elcomunista.org\/wp-content\/uploads\/2018\/04\/29749665_1998949063698304_2693937814825980565_o.jpg\",\"datePublished\":\"2018-04-10T15:20:38+00:00\",\"dateModified\":\"2018-04-10T15:24:27+00:00\",\"breadcrumb\":{\"@id\":\"https:\/\/elcomunista.org\/?p=2960#breadcrumb\"},\"inLanguage\":\"es\",\"potentialAction\":[{\"@type\":\"ReadAction\",\"target\":[\"https:\/\/elcomunista.org\/?p=2960\"]}]},{\"@type\":\"ImageObject\",\"inLanguage\":\"es\",\"@id\":\"https:\/\/elcomunista.org\/?p=2960#primaryimage\",\"url\":\"https:\/\/elcomunista.org\/wp-content\/uploads\/2018\/04\/29749665_1998949063698304_2693937814825980565_o.jpg\",\"contentUrl\":\"https:\/\/elcomunista.org\/wp-content\/uploads\/2018\/04\/29749665_1998949063698304_2693937814825980565_o.jpg\",\"width\":1200,\"height\":675},{\"@type\":\"BreadcrumbList\",\"@id\":\"https:\/\/elcomunista.org\/?p=2960#breadcrumb\",\"itemListElement\":[{\"@type\":\"ListItem\",\"position\":1,\"name\":\"Portada\",\"item\":\"https:\/\/elcomunista.org\/\"},{\"@type\":\"ListItem\",\"position\":2,\"name\":\"Manifestaci\u00f3n en Madrid por la liberaci\u00f3n de los presos pol\u00edticos catalanes y en defensa de las libertades democr\u00e1ticas\"}]},{\"@type\":\"WebSite\",\"@id\":\"https:\/\/elcomunista.org\/#website\",\"url\":\"https:\/\/elcomunista.org\/\",\"name\":\"Revoluci\u00f3n Comunista\",\"description\":\"Internacional Comunista Revolucionaria\",\"publisher\":{\"@id\":\"https:\/\/elcomunista.org\/#organization\"},\"potentialAction\":[{\"@type\":\"SearchAction\",\"target\":{\"@type\":\"EntryPoint\",\"urlTemplate\":\"https:\/\/elcomunista.org\/?s={search_term_string}\"},\"query-input\":{\"@type\":\"PropertyValueSpecification\",\"valueRequired\":true,\"valueName\":\"search_term_string\"}}],\"inLanguage\":\"es\"},{\"@type\":\"Organization\",\"@id\":\"https:\/\/elcomunista.org\/#organization\",\"name\":\"Bloque Popular Juvenil\",\"url\":\"https:\/\/elcomunista.org\/\",\"logo\":{\"@type\":\"ImageObject\",\"inLanguage\":\"es\",\"@id\":\"https:\/\/elcomunista.org\/#\/schema\/logo\/image\/\",\"url\":\"https:\/\/bloquepopularjuvenil.org\/wp-content\/uploads\/2018\/11\/bpj-militante.jpg\",\"contentUrl\":\"https:\/\/bloquepopularjuvenil.org\/wp-content\/uploads\/2018\/11\/bpj-militante.jpg\",\"width\":4000,\"height\":1390,\"caption\":\"Bloque Popular Juvenil\"},\"image\":{\"@id\":\"https:\/\/elcomunista.org\/#\/schema\/logo\/image\/\"},\"sameAs\":[\"https:\/\/www.facebook.com\/Bloquepopularjuvenil\",\"https:\/\/x.com\/ElBPJ\",\"https:\/\/www.instagram.com\/elbloque_bpj\/?hl=es-la\"]},{\"@type\":\"Person\",\"@id\":\"https:\/\/elcomunista.org\/#\/schema\/person\/c065fb3c6c6d7abe2cafd2cff036d50a\",\"name\":\"David Rey\",\"image\":{\"@type\":\"ImageObject\",\"inLanguage\":\"es\",\"@id\":\"https:\/\/elcomunista.org\/#\/schema\/person\/image\/\",\"url\":\"https:\/\/secure.gravatar.com\/avatar\/c74c7fe5cb5f7b7367a5ec19f0006806?s=96&d=mm&r=g\",\"contentUrl\":\"https:\/\/secure.gravatar.com\/avatar\/c74c7fe5cb5f7b7367a5ec19f0006806?s=96&d=mm&r=g\",\"caption\":\"David Rey\"},\"url\":\"https:\/\/elcomunista.org\/?author=22\"}]}<\/script>\n<!-- \/ Yoast SEO plugin. -->","yoast_head_json":{"title":"Manifestaci\u00f3n en Madrid por la liberaci\u00f3n de los presos pol\u00edticos catalanes y en defensa de las libertades democr\u00e1ticas","robots":{"index":"index","follow":"follow","max-snippet":"max-snippet:-1","max-image-preview":"max-image-preview:large","max-video-preview":"max-video-preview:-1"},"canonical":"https:\/\/elcomunista.org\/?p=2960","og_locale":"es_ES","og_type":"article","og_title":"Manifestaci\u00f3n en Madrid por la liberaci\u00f3n de los presos pol\u00edticos catalanes y en defensa de las libertades democr\u00e1ticas","og_description":"El pasado viernes 6 de abril varios centenares de personas nos manifestamos en Madrid para exigir la libertad de los presos pol\u00edticos catalanes y en defensa de las libertades democr\u00e1ticas, avasalladas por el aparato del Estado, no s\u00f3lo en Catalunya sino en todo el pa\u00eds. En la manifestaci\u00f3n hubo tambi\u00e9n una presencia activa de estudiantes...","og_url":"https:\/\/elcomunista.org\/?p=2960","og_site_name":"Revoluci\u00f3n Comunista","article_publisher":"https:\/\/www.facebook.com\/Bloquepopularjuvenil","article_published_time":"2018-04-10T15:20:38+00:00","article_modified_time":"2018-04-10T15:24:27+00:00","og_image":[{"width":1200,"height":675,"url":"https:\/\/elcomunista.org\/wp-content\/uploads\/2018\/04\/29749665_1998949063698304_2693937814825980565_o.jpg","type":"image\/jpeg"}],"author":"David Rey","twitter_card":"summary_large_image","twitter_creator":"@ElBPJ","twitter_site":"@ElBPJ","twitter_misc":{"Escrito por":"David Rey","Tiempo de lectura":"6 minutos"},"schema":{"@context":"https:\/\/schema.org","@graph":[{"@type":"Article","@id":"https:\/\/elcomunista.org\/?p=2960#article","isPartOf":{"@id":"https:\/\/elcomunista.org\/?p=2960"},"author":{"name":"David Rey","@id":"https:\/\/elcomunista.org\/#\/schema\/person\/c065fb3c6c6d7abe2cafd2cff036d50a"},"headline":"Manifestaci\u00f3n en Madrid por la liberaci\u00f3n de los presos pol\u00edticos catalanes y en defensa de las libertades democr\u00e1ticas","datePublished":"2018-04-10T15:20:38+00:00","dateModified":"2018-04-10T15:24:27+00:00","mainEntityOfPage":{"@id":"https:\/\/elcomunista.org\/?p=2960"},"wordCount":1259,"commentCount":0,"publisher":{"@id":"https:\/\/elcomunista.org\/#organization"},"image":{"@id":"https:\/\/elcomunista.org\/?p=2960#primaryimage"},"thumbnailUrl":"https:\/\/elcomunista.org\/wp-content\/uploads\/2018\/04\/29749665_1998949063698304_2693937814825980565_o.jpg","keywords":["Derecho a la autodeterminaci\u00f3n"],"articleSection":["Estado Espa\u00f1ol","Pol\u00edtica"],"inLanguage":"es","potentialAction":[{"@type":"CommentAction","name":"Comment","target":["https:\/\/elcomunista.org\/?p=2960#respond"]}]},{"@type":"WebPage","@id":"https:\/\/elcomunista.org\/?p=2960","url":"https:\/\/elcomunista.org\/?p=2960","name":"Manifestaci\u00f3n en Madrid por la liberaci\u00f3n de los presos pol\u00edticos catalanes y en defensa de las libertades democr\u00e1ticas","isPartOf":{"@id":"https:\/\/elcomunista.org\/#website"},"primaryImageOfPage":{"@id":"https:\/\/elcomunista.org\/?p=2960#primaryimage"},"image":{"@id":"https:\/\/elcomunista.org\/?p=2960#primaryimage"},"thumbnailUrl":"https:\/\/elcomunista.org\/wp-content\/uploads\/2018\/04\/29749665_1998949063698304_2693937814825980565_o.jpg","datePublished":"2018-04-10T15:20:38+00:00","dateModified":"2018-04-10T15:24:27+00:00","breadcrumb":{"@id":"https:\/\/elcomunista.org\/?p=2960#breadcrumb"},"inLanguage":"es","potentialAction":[{"@type":"ReadAction","target":["https:\/\/elcomunista.org\/?p=2960"]}]},{"@type":"ImageObject","inLanguage":"es","@id":"https:\/\/elcomunista.org\/?p=2960#primaryimage","url":"https:\/\/elcomunista.org\/wp-content\/uploads\/2018\/04\/29749665_1998949063698304_2693937814825980565_o.jpg","contentUrl":"https:\/\/elcomunista.org\/wp-content\/uploads\/2018\/04\/29749665_1998949063698304_2693937814825980565_o.jpg","width":1200,"height":675},{"@type":"BreadcrumbList","@id":"https:\/\/elcomunista.org\/?p=2960#breadcrumb","itemListElement":[{"@type":"ListItem","position":1,"name":"Portada","item":"https:\/\/elcomunista.org\/"},{"@type":"ListItem","position":2,"name":"Manifestaci\u00f3n en Madrid por la liberaci\u00f3n de los presos pol\u00edticos catalanes y en defensa de las libertades democr\u00e1ticas"}]},{"@type":"WebSite","@id":"https:\/\/elcomunista.org\/#website","url":"https:\/\/elcomunista.org\/","name":"Revoluci\u00f3n Comunista","description":"Internacional Comunista Revolucionaria","publisher":{"@id":"https:\/\/elcomunista.org\/#organization"},"potentialAction":[{"@type":"SearchAction","target":{"@type":"EntryPoint","urlTemplate":"https:\/\/elcomunista.org\/?s={search_term_string}"},"query-input":{"@type":"PropertyValueSpecification","valueRequired":true,"valueName":"search_term_string"}}],"inLanguage":"es"},{"@type":"Organization","@id":"https:\/\/elcomunista.org\/#organization","name":"Bloque Popular Juvenil","url":"https:\/\/elcomunista.org\/","logo":{"@type":"ImageObject","inLanguage":"es","@id":"https:\/\/elcomunista.org\/#\/schema\/logo\/image\/","url":"https:\/\/bloquepopularjuvenil.org\/wp-content\/uploads\/2018\/11\/bpj-militante.jpg","contentUrl":"https:\/\/bloquepopularjuvenil.org\/wp-content\/uploads\/2018\/11\/bpj-militante.jpg","width":4000,"height":1390,"caption":"Bloque Popular Juvenil"},"image":{"@id":"https:\/\/elcomunista.org\/#\/schema\/logo\/image\/"},"sameAs":["https:\/\/www.facebook.com\/Bloquepopularjuvenil","https:\/\/x.com\/ElBPJ","https:\/\/www.instagram.com\/elbloque_bpj\/?hl=es-la"]},{"@type":"Person","@id":"https:\/\/elcomunista.org\/#\/schema\/person\/c065fb3c6c6d7abe2cafd2cff036d50a","name":"David Rey","image":{"@type":"ImageObject","inLanguage":"es","@id":"https:\/\/elcomunista.org\/#\/schema\/person\/image\/","url":"https:\/\/secure.gravatar.com\/avatar\/c74c7fe5cb5f7b7367a5ec19f0006806?s=96&d=mm&r=g","contentUrl":"https:\/\/secure.gravatar.com\/avatar\/c74c7fe5cb5f7b7367a5ec19f0006806?s=96&d=mm&r=g","caption":"David Rey"},"url":"https:\/\/elcomunista.org\/?author=22"}]}},"jetpack_featured_media_url":"https:\/\/elcomunista.org\/wp-content\/uploads\/2018\/04\/29749665_1998949063698304_2693937814825980565_o.jpg","jetpack_likes_enabled":true,"jetpack_sharing_enabled":true,"_links":{"self":[{"href":"https:\/\/elcomunista.org\/index.php?rest_route=\/wp\/v2\/posts\/2960"}],"collection":[{"href":"https:\/\/elcomunista.org\/index.php?rest_route=\/wp\/v2\/posts"}],"about":[{"href":"https:\/\/elcomunista.org\/index.php?rest_route=\/wp\/v2\/types\/post"}],"author":[{"embeddable":true,"href":"https:\/\/elcomunista.org\/index.php?rest_route=\/wp\/v2\/users\/22"}],"replies":[{"embeddable":true,"href":"https:\/\/elcomunista.org\/index.php?rest_route=%2Fwp%2Fv2%2Fcomments&post=2960"}],"version-history":[{"count":0,"href":"https:\/\/elcomunista.org\/index.php?rest_route=\/wp\/v2\/posts\/2960\/revisions"}],"wp:featuredmedia":[{"embeddable":true,"href":"https:\/\/elcomunista.org\/index.php?rest_route=\/wp\/v2\/media\/2963"}],"wp:attachment":[{"href":"https:\/\/elcomunista.org\/index.php?rest_route=%2Fwp%2Fv2%2Fmedia&parent=2960"}],"wp:term":[{"taxonomy":"category","embeddable":true,"href":"https:\/\/elcomunista.org\/index.php?rest_route=%2Fwp%2Fv2%2Fcategories&post=2960"},{"taxonomy":"post_tag","embeddable":true,"href":"https:\/\/elcomunista.org\/index.php?rest_route=%2Fwp%2Fv2%2Ftags&post=2960"}],"curies":[{"name":"wp","href":"https:\/\/api.w.org\/{rel}","templated":true}]}}