{"id":297,"date":"2009-06-02T04:43:07","date_gmt":"2009-06-02T04:43:07","guid":{"rendered":"http:\/\/bloquepopularjuvenil.org\/bpjwordpress\/?p=297"},"modified":"2021-07-28T12:49:32","modified_gmt":"2021-07-28T18:49:32","slug":"enorme-apoyo-al-bpj-contra-los-ataques-de-la-derecha-y-las-autoridades-de-la-ues","status":"publish","type":"post","link":"https:\/\/elcomunista.org\/?p=297","title":{"rendered":"Enorme apoyo al BPJ contra los ataques de la derecha y las autoridades de la UES"},"content":{"rendered":"<p>Desde que anunciamos que las autoridades de la UES persistieron en su ataque contra el FAU-BPJ demandando a una serie de estudiantes organizados, cediendo a la presi\u00f3n de la ultraderecha salvadore\u00f1a que exige c\u00e1rcel para aquellos que defienden el derecho a la educaci\u00f3n para los hijos de los trabajadores, las muestras de apoyo se han manifestado de inmediato. Se han sumado a la resoluci\u00f3n de protesta hasta el momento compa\u00f1eros de M\u00e9xico, Estado Espa\u00f1ol, Gran Breta\u00f1a, Canad\u00e1, EEUU y Portugal, adem\u00e1s de varias firmas de salvadore\u00f1os.\u00a0 Anexamos abajo las firmas internacionales recibidas hasta el momento, llamamos a los trabajadores y j\u00f3venes de El Salvador y el Mundo a seguir enviando resoluciones de protesta y exigimos a Rufino Quezada, rector de la UES, que intervenga para que la Universidad Nacional y elementos reaccionarios como Raymundo Calder\u00f3n den de inmediato marcha atr\u00e1s a la demanda contra <strong>Carlos Alfonso Melgar<\/strong>, miembro del FAU y del BPJ y contra los estudiantes organizados: Endy Salvador Rojas Flores, Wilber Alexis Vides Flores y Ana Elizabeth Qui\u00f1\u00f3nez.<\/p>\n<p><!--break--><\/p>\n<p><strong>Firmas Internacionales en apoyo al FAU-BPJ<\/strong><\/p>\n<p>Jorge Mart\u00edn, Secretario Internacional de la Campa\u00f1a Manos Fuera de Venezuela, Gran Breta\u00f1a<br \/>\nTohil Delgado, Secretario General del Sindicato de Estudiantes, Estado Espa\u00f1ol<br \/>\nAdrian Alvarado P\u00e9rez, Secretario General del CLEP-CEDEP, M\u00e9xico<br \/>\nNahum Monrroy, Ex preso pol\u00edtico y miembro del CLEP-CEDEP, M\u00e9xico<br \/>\nGabriel Cabrera,\u00a0 Liga Internacional de los Trabajadores, EEUU<br \/>\nTania Portillo, Young Communist League, Canad\u00e1<br \/>\nLu\u00eds Rocha, Colectivo \u201cManos Fuera de Venezuela\u201d, Portugal<br \/>\nGerbert Torrez, El Militante-CMI, Barcelona Espa\u00f1a<br \/>\nLuis Enrique Barrios, PRD, M\u00e9xico<br \/>\nEd\u00e9n Ac\u00edbar Cruz, Militante, M\u00e9xico<br \/>\nLuis Alonso, UCISV-11 de Noviembre, M\u00e9xico<br \/>\nRa\u00fal Rivas, Sindicato de Estudiantes, Espa\u00f1a<br \/>\nDavid L\u00f3pez Figueroa, CLEP-CEDEP, M\u00e9xico<br \/>\nHania S\u00e1nchezSantiago, estudiante de la ENAH,M\u00e9xico<br \/>\nTonatiuh, Militante, M\u00e9xico<br \/>\nJos\u00e9 \u00c1ngel Garc\u00eda Olgu\u00edn, CLEP-CEDEP UAM-Iztapalapa<br \/>\nLibertad L\u00f3pez, Militante M\u00e9xico<br \/>\nAlondra Ramos, CMI, M\u00e9xico<br \/>\nAng\u00e9lica Camacho, CLEP-CEDEP IPN M\u00e9xico<br \/>\nAlejandra Villegas Solano, CLEP-CEDEP, M\u00e9xico<br \/>\nAlejandra Villegas Solano, CLEP-CEDEP, M\u00e9xico<br \/>\nJoaqu\u00edn Alfonso, CLEP-CEDEP, M\u00e9xico<br \/>\nCitlali Toledo,\u00a0 Militante, M\u00e9xico<br \/>\nBeatriz, Sindicato de Estudiantes, Espa\u00f1a<br \/>\nSelene Ibarra, Sindicato de Estudiantes, Espa\u00f1a<br \/>\nCarla Torres, Fundaci\u00f3n Federico Engels, M\u00e9xico<br \/>\nFelipe Castro Fern\u00e1ndez, CLEP-CEDEP, Puebla M\u00e9xico<br \/>\nAraceli Bernal Hern\u00e1ndez, Militante, M\u00e9xico<br \/>\nEduardo Bernal Hern\u00e1ndez, CND, M\u00e9xico<br \/>\nEzequiel Bernal Hern\u00e1ndez, Militante, M\u00e9xico<br \/>\nSamuel Santiba\u00f1es, Fundaci\u00f3n Federico Engels, M\u00e9xico<br \/>\nGiannina Ninnette Torres Ram\u00edrez, SITUAM, M\u00e9xico<br \/>\nJuan Olgu\u00edn Ortiz, Militante, M\u00e9xico<br \/>\nEvert Beltr\u00e1n, Militante M\u00e9xico<br \/>\nPatricia Cruz, CLEP-CEDEP, M\u00e9xico<br \/>\nEmiliano Castro, CLEP-CEDEP, UNAM, M\u00e9xico<br \/>\nMarisol Basulto Castro, Militante, M\u00e9xico<br \/>\nArmando Rodr\u00edguez T., AGR-CNTE-10, M\u00e9xico<br \/>\nAndrea Ramos, Profesora del Colegio de Barchilleres, M\u00e9xico<br \/>\nMauro Sebasti\u00e1n Esp\u00ednola Ter\u00e1n, CLEP-CEDEP UNAM, M\u00e9xico<br \/>\nDiego Armando Toledo L\u00f3pez, Militante Oaxaca, M\u00e9xico<br \/>\nV\u00edctor Manuel Talamante Ayvar, Militante, M\u00e9xico<br \/>\nRicardo Gil M\u00e1rquez, M\u00e9xico<br \/>\nAndrea Lina Ravines Ramos, CEPCOVI, M\u00e9xico<br \/>\nJos\u00e9 Alberto Nochebuena Miranda, Redes Universitarias, M\u00e9xico<br \/>\nAlejandra Mar, M\u00e9xico<br \/>\nBonifacio Pexo Rend\u00f3n, CLEP-CEDEP, M\u00e9xico<br \/>\nM. Citlalli Hdz. Mora, M\u00e9xico<br \/>\nMIRIAM GRISEL LOPEZ, Militante M\u00e9xico<br \/>\nViridiana Castillo Rold\u00e1n, Militante Puebla, M\u00e9xico<br \/>\nGerardo Rayo, Organizaci\u00f3n Estudiantil Tlayolohtli, M\u00e9xico<br \/>\nSalvador N\u00fa\u00f1ez, CLEP-CEDEP, UAM-I, M\u00e9xico<br \/>\nPascual Betancourt, PRD, M\u00e9xico<br \/>\nJuan Antonio Garc\u00eda Mart\u00ednez, M\u00e9xico<br \/>\nEdgar Arturo L\u00f3pez Rosales, CLEP-CEDEP, M\u00e9xico<br \/>\nKarina S.C., Militante, M\u00e9xico<br \/>\nDaniel Mart\u00ednez Garc\u00eda, Corriente Marxista Internacional, Espa\u00f1a<br \/>\nJuan Ramiro Ju\u00e1rez, UNAM, M\u00e9xico<br \/>\nJos\u00e9 Luis Ru\u00edz, PRD, M\u00e9xico<br \/>\nGuillermo Romero Cascos, CMI Estado Espa\u00f1ol, Afiliado UGT (Uni\u00f3n General de Trabajadores)<br \/>\nUbaldo Oropeza, Militante, M\u00e9xico<br \/>\n\u00c1lvaro Alonso Flor, Sindicato de Estudiantes, Espa\u00f1a<br \/>\nJes\u00fas V\u00e1zquez, CLEP-CEDEP IPN, M\u00e9xico<br \/>\nFrancisco la valle, Sindicato de Estudiantes (Confed de Andaluc\u00eda), Espa\u00f1a<br \/>\nRigoberto Cortes, Militante, M\u00e9xico<br \/>\nGloria Urquiza, Militante, M\u00e9xico<br \/>\nErick, CRE, M\u00e9xico<br \/>\nHoreb Medina Flores, Militante, M\u00e9xico<br \/>\nXio Viveros, M\u00e9xico<br \/>\nDavid L\u00f3pez Figueroa, CLEP-CEDEP, M\u00e9xico<br \/>\nCarolina, Militante, M\u00e9xico<br \/>\nEduardo, Militante, M\u00e9xico<br \/>\nAnxel Testas, Sindicato de Estudiantes Galiza, Estado Espa\u00f1ol<br \/>\nIv\u00e1n P\u00e9rez Hern\u00e1ndez, M\u00e9xico<\/p>\n<p>Junio de 2009.<\/p>\n","protected":false},"excerpt":{"rendered":"<p>Desde que anunciamos que las autoridades de la UES persistieron en su ataque contra el FAU-BPJ demandando a una serie de estudiantes organizados, cediendo a la presi\u00f3n de la ultraderecha salvadore\u00f1a que exige c\u00e1rcel para aquellos que defienden el derecho a la educaci\u00f3n para los hijos de los trabajadores, las muestras de apoyo se han&#8230;<\/p>\n","protected":false},"author":1,"featured_media":296,"comment_status":"open","ping_status":"open","sticky":false,"template":"","format":"standard","meta":{"_monsterinsights_skip_tracking":false,"_monsterinsights_sitenote_active":false,"_monsterinsights_sitenote_note":"","_monsterinsights_sitenote_category":0,"_uf_show_specific_survey":0,"_uf_disable_surveys":false,"_jetpack_memberships_contains_paid_content":false,"footnotes":""},"categories":[1],"tags":[],"class_list":["post-297","post","type-post","status-publish","format-standard","has-post-thumbnail","hentry","category-uncategorized"],"aioseo_notices":[],"yoast_head":"<!-- This site is optimized with the Yoast SEO plugin v25.6 - https:\/\/yoast.com\/wordpress\/plugins\/seo\/ -->\n<title>Enorme apoyo al BPJ contra los ataques de la derecha y las autoridades de la UES<\/title>\n<meta name=\"robots\" content=\"index, follow, max-snippet:-1, max-image-preview:large, max-video-preview:-1\" \/>\n<link rel=\"canonical\" href=\"https:\/\/elcomunista.org\/?p=297\" \/>\n<meta property=\"og:locale\" content=\"es_ES\" \/>\n<meta property=\"og:type\" content=\"article\" \/>\n<meta property=\"og:title\" content=\"Enorme apoyo al BPJ contra los ataques de la derecha y las autoridades de la UES\" \/>\n<meta property=\"og:description\" content=\"Desde que anunciamos que las autoridades de la UES persistieron en su ataque contra el FAU-BPJ demandando a una serie de estudiantes organizados, cediendo a la presi\u00f3n de la ultraderecha salvadore\u00f1a que exige c\u00e1rcel para aquellos que defienden el derecho a la educaci\u00f3n para los hijos de los trabajadores, las muestras de apoyo se han...\" \/>\n<meta property=\"og:url\" content=\"https:\/\/elcomunista.org\/?p=297\" \/>\n<meta property=\"og:site_name\" content=\"Revoluci\u00f3n Comunista\" \/>\n<meta property=\"article:publisher\" content=\"https:\/\/www.facebook.com\/Bloquepopularjuvenil\" \/>\n<meta property=\"article:published_time\" content=\"2009-06-02T04:43:07+00:00\" \/>\n<meta property=\"article:modified_time\" content=\"2021-07-28T18:49:32+00:00\" \/>\n<meta property=\"og:image\" content=\"https:\/\/elcomunista.org\/wp-content\/uploads\/2009\/06\/alenrev.jpg\" \/>\n\t<meta property=\"og:image:width\" content=\"366\" \/>\n\t<meta property=\"og:image:height\" content=\"443\" \/>\n\t<meta property=\"og:image:type\" content=\"image\/jpeg\" \/>\n<meta name=\"author\" content=\"Bloque Popular Juvenil\" \/>\n<meta name=\"twitter:card\" content=\"summary_large_image\" \/>\n<meta name=\"twitter:creator\" content=\"@ElBPJ\" \/>\n<meta name=\"twitter:site\" content=\"@ElBPJ\" \/>\n<meta name=\"twitter:label1\" content=\"Escrito por\" \/>\n\t<meta name=\"twitter:data1\" content=\"Bloque Popular Juvenil\" \/>\n\t<meta name=\"twitter:label2\" content=\"Tiempo de lectura\" \/>\n\t<meta name=\"twitter:data2\" content=\"3 minutos\" \/>\n<script type=\"application\/ld+json\" class=\"yoast-schema-graph\">{\"@context\":\"https:\/\/schema.org\",\"@graph\":[{\"@type\":\"Article\",\"@id\":\"https:\/\/elcomunista.org\/?p=297#article\",\"isPartOf\":{\"@id\":\"https:\/\/elcomunista.org\/?p=297\"},\"author\":{\"name\":\"Bloque Popular Juvenil\",\"@id\":\"https:\/\/elcomunista.org\/#\/schema\/person\/d55d5350d790a4464cbc0e898065567d\"},\"headline\":\"Enorme apoyo al BPJ contra los ataques de la derecha y las autoridades de la UES\",\"datePublished\":\"2009-06-02T04:43:07+00:00\",\"dateModified\":\"2021-07-28T18:49:32+00:00\",\"mainEntityOfPage\":{\"@id\":\"https:\/\/elcomunista.org\/?p=297\"},\"wordCount\":748,\"commentCount\":0,\"publisher\":{\"@id\":\"https:\/\/elcomunista.org\/#organization\"},\"image\":{\"@id\":\"https:\/\/elcomunista.org\/?p=297#primaryimage\"},\"thumbnailUrl\":\"https:\/\/elcomunista.org\/wp-content\/uploads\/2009\/06\/alenrev.jpg\",\"articleSection\":[\"Archivo\"],\"inLanguage\":\"es\",\"potentialAction\":[{\"@type\":\"CommentAction\",\"name\":\"Comment\",\"target\":[\"https:\/\/elcomunista.org\/?p=297#respond\"]}]},{\"@type\":\"WebPage\",\"@id\":\"https:\/\/elcomunista.org\/?p=297\",\"url\":\"https:\/\/elcomunista.org\/?p=297\",\"name\":\"Enorme apoyo al BPJ contra los ataques de la derecha y las autoridades de la UES\",\"isPartOf\":{\"@id\":\"https:\/\/elcomunista.org\/#website\"},\"primaryImageOfPage\":{\"@id\":\"https:\/\/elcomunista.org\/?p=297#primaryimage\"},\"image\":{\"@id\":\"https:\/\/elcomunista.org\/?p=297#primaryimage\"},\"thumbnailUrl\":\"https:\/\/elcomunista.org\/wp-content\/uploads\/2009\/06\/alenrev.jpg\",\"datePublished\":\"2009-06-02T04:43:07+00:00\",\"dateModified\":\"2021-07-28T18:49:32+00:00\",\"breadcrumb\":{\"@id\":\"https:\/\/elcomunista.org\/?p=297#breadcrumb\"},\"inLanguage\":\"es\",\"potentialAction\":[{\"@type\":\"ReadAction\",\"target\":[\"https:\/\/elcomunista.org\/?p=297\"]}]},{\"@type\":\"ImageObject\",\"inLanguage\":\"es\",\"@id\":\"https:\/\/elcomunista.org\/?p=297#primaryimage\",\"url\":\"https:\/\/elcomunista.org\/wp-content\/uploads\/2009\/06\/alenrev.jpg\",\"contentUrl\":\"https:\/\/elcomunista.org\/wp-content\/uploads\/2009\/06\/alenrev.jpg\",\"width\":366,\"height\":443},{\"@type\":\"BreadcrumbList\",\"@id\":\"https:\/\/elcomunista.org\/?p=297#breadcrumb\",\"itemListElement\":[{\"@type\":\"ListItem\",\"position\":1,\"name\":\"Portada\",\"item\":\"https:\/\/elcomunista.org\/\"},{\"@type\":\"ListItem\",\"position\":2,\"name\":\"Enorme apoyo al BPJ contra los ataques de la derecha y las autoridades de la UES\"}]},{\"@type\":\"WebSite\",\"@id\":\"https:\/\/elcomunista.org\/#website\",\"url\":\"https:\/\/elcomunista.org\/\",\"name\":\"Revoluci\u00f3n Comunista\",\"description\":\"Internacional Comunista Revolucionaria\",\"publisher\":{\"@id\":\"https:\/\/elcomunista.org\/#organization\"},\"potentialAction\":[{\"@type\":\"SearchAction\",\"target\":{\"@type\":\"EntryPoint\",\"urlTemplate\":\"https:\/\/elcomunista.org\/?s={search_term_string}\"},\"query-input\":{\"@type\":\"PropertyValueSpecification\",\"valueRequired\":true,\"valueName\":\"search_term_string\"}}],\"inLanguage\":\"es\"},{\"@type\":\"Organization\",\"@id\":\"https:\/\/elcomunista.org\/#organization\",\"name\":\"Bloque Popular Juvenil\",\"url\":\"https:\/\/elcomunista.org\/\",\"logo\":{\"@type\":\"ImageObject\",\"inLanguage\":\"es\",\"@id\":\"https:\/\/elcomunista.org\/#\/schema\/logo\/image\/\",\"url\":\"https:\/\/bloquepopularjuvenil.org\/wp-content\/uploads\/2018\/11\/bpj-militante.jpg\",\"contentUrl\":\"https:\/\/bloquepopularjuvenil.org\/wp-content\/uploads\/2018\/11\/bpj-militante.jpg\",\"width\":4000,\"height\":1390,\"caption\":\"Bloque Popular Juvenil\"},\"image\":{\"@id\":\"https:\/\/elcomunista.org\/#\/schema\/logo\/image\/\"},\"sameAs\":[\"https:\/\/www.facebook.com\/Bloquepopularjuvenil\",\"https:\/\/x.com\/ElBPJ\",\"https:\/\/www.instagram.com\/elbloque_bpj\/?hl=es-la\"]},{\"@type\":\"Person\",\"@id\":\"https:\/\/elcomunista.org\/#\/schema\/person\/d55d5350d790a4464cbc0e898065567d\",\"name\":\"Bloque Popular Juvenil\",\"image\":{\"@type\":\"ImageObject\",\"inLanguage\":\"es\",\"@id\":\"https:\/\/elcomunista.org\/#\/schema\/person\/image\/\",\"url\":\"https:\/\/secure.gravatar.com\/avatar\/85d12dca789bb6379dc38a198e1576cd?s=96&d=mm&r=g\",\"contentUrl\":\"https:\/\/secure.gravatar.com\/avatar\/85d12dca789bb6379dc38a198e1576cd?s=96&d=mm&r=g\",\"caption\":\"Bloque Popular Juvenil\"},\"url\":\"https:\/\/elcomunista.org\/?author=1\"}]}<\/script>\n<!-- \/ Yoast SEO plugin. -->","yoast_head_json":{"title":"Enorme apoyo al BPJ contra los ataques de la derecha y las autoridades de la UES","robots":{"index":"index","follow":"follow","max-snippet":"max-snippet:-1","max-image-preview":"max-image-preview:large","max-video-preview":"max-video-preview:-1"},"canonical":"https:\/\/elcomunista.org\/?p=297","og_locale":"es_ES","og_type":"article","og_title":"Enorme apoyo al BPJ contra los ataques de la derecha y las autoridades de la UES","og_description":"Desde que anunciamos que las autoridades de la UES persistieron en su ataque contra el FAU-BPJ demandando a una serie de estudiantes organizados, cediendo a la presi\u00f3n de la ultraderecha salvadore\u00f1a que exige c\u00e1rcel para aquellos que defienden el derecho a la educaci\u00f3n para los hijos de los trabajadores, las muestras de apoyo se han...","og_url":"https:\/\/elcomunista.org\/?p=297","og_site_name":"Revoluci\u00f3n Comunista","article_publisher":"https:\/\/www.facebook.com\/Bloquepopularjuvenil","article_published_time":"2009-06-02T04:43:07+00:00","article_modified_time":"2021-07-28T18:49:32+00:00","og_image":[{"width":366,"height":443,"url":"https:\/\/elcomunista.org\/wp-content\/uploads\/2009\/06\/alenrev.jpg","type":"image\/jpeg"}],"author":"Bloque Popular Juvenil","twitter_card":"summary_large_image","twitter_creator":"@ElBPJ","twitter_site":"@ElBPJ","twitter_misc":{"Escrito por":"Bloque Popular Juvenil","Tiempo de lectura":"3 minutos"},"schema":{"@context":"https:\/\/schema.org","@graph":[{"@type":"Article","@id":"https:\/\/elcomunista.org\/?p=297#article","isPartOf":{"@id":"https:\/\/elcomunista.org\/?p=297"},"author":{"name":"Bloque Popular Juvenil","@id":"https:\/\/elcomunista.org\/#\/schema\/person\/d55d5350d790a4464cbc0e898065567d"},"headline":"Enorme apoyo al BPJ contra los ataques de la derecha y las autoridades de la UES","datePublished":"2009-06-02T04:43:07+00:00","dateModified":"2021-07-28T18:49:32+00:00","mainEntityOfPage":{"@id":"https:\/\/elcomunista.org\/?p=297"},"wordCount":748,"commentCount":0,"publisher":{"@id":"https:\/\/elcomunista.org\/#organization"},"image":{"@id":"https:\/\/elcomunista.org\/?p=297#primaryimage"},"thumbnailUrl":"https:\/\/elcomunista.org\/wp-content\/uploads\/2009\/06\/alenrev.jpg","articleSection":["Archivo"],"inLanguage":"es","potentialAction":[{"@type":"CommentAction","name":"Comment","target":["https:\/\/elcomunista.org\/?p=297#respond"]}]},{"@type":"WebPage","@id":"https:\/\/elcomunista.org\/?p=297","url":"https:\/\/elcomunista.org\/?p=297","name":"Enorme apoyo al BPJ contra los ataques de la derecha y las autoridades de la UES","isPartOf":{"@id":"https:\/\/elcomunista.org\/#website"},"primaryImageOfPage":{"@id":"https:\/\/elcomunista.org\/?p=297#primaryimage"},"image":{"@id":"https:\/\/elcomunista.org\/?p=297#primaryimage"},"thumbnailUrl":"https:\/\/elcomunista.org\/wp-content\/uploads\/2009\/06\/alenrev.jpg","datePublished":"2009-06-02T04:43:07+00:00","dateModified":"2021-07-28T18:49:32+00:00","breadcrumb":{"@id":"https:\/\/elcomunista.org\/?p=297#breadcrumb"},"inLanguage":"es","potentialAction":[{"@type":"ReadAction","target":["https:\/\/elcomunista.org\/?p=297"]}]},{"@type":"ImageObject","inLanguage":"es","@id":"https:\/\/elcomunista.org\/?p=297#primaryimage","url":"https:\/\/elcomunista.org\/wp-content\/uploads\/2009\/06\/alenrev.jpg","contentUrl":"https:\/\/elcomunista.org\/wp-content\/uploads\/2009\/06\/alenrev.jpg","width":366,"height":443},{"@type":"BreadcrumbList","@id":"https:\/\/elcomunista.org\/?p=297#breadcrumb","itemListElement":[{"@type":"ListItem","position":1,"name":"Portada","item":"https:\/\/elcomunista.org\/"},{"@type":"ListItem","position":2,"name":"Enorme apoyo al BPJ contra los ataques de la derecha y las autoridades de la UES"}]},{"@type":"WebSite","@id":"https:\/\/elcomunista.org\/#website","url":"https:\/\/elcomunista.org\/","name":"Revoluci\u00f3n Comunista","description":"Internacional Comunista Revolucionaria","publisher":{"@id":"https:\/\/elcomunista.org\/#organization"},"potentialAction":[{"@type":"SearchAction","target":{"@type":"EntryPoint","urlTemplate":"https:\/\/elcomunista.org\/?s={search_term_string}"},"query-input":{"@type":"PropertyValueSpecification","valueRequired":true,"valueName":"search_term_string"}}],"inLanguage":"es"},{"@type":"Organization","@id":"https:\/\/elcomunista.org\/#organization","name":"Bloque Popular Juvenil","url":"https:\/\/elcomunista.org\/","logo":{"@type":"ImageObject","inLanguage":"es","@id":"https:\/\/elcomunista.org\/#\/schema\/logo\/image\/","url":"https:\/\/bloquepopularjuvenil.org\/wp-content\/uploads\/2018\/11\/bpj-militante.jpg","contentUrl":"https:\/\/bloquepopularjuvenil.org\/wp-content\/uploads\/2018\/11\/bpj-militante.jpg","width":4000,"height":1390,"caption":"Bloque Popular Juvenil"},"image":{"@id":"https:\/\/elcomunista.org\/#\/schema\/logo\/image\/"},"sameAs":["https:\/\/www.facebook.com\/Bloquepopularjuvenil","https:\/\/x.com\/ElBPJ","https:\/\/www.instagram.com\/elbloque_bpj\/?hl=es-la"]},{"@type":"Person","@id":"https:\/\/elcomunista.org\/#\/schema\/person\/d55d5350d790a4464cbc0e898065567d","name":"Bloque Popular Juvenil","image":{"@type":"ImageObject","inLanguage":"es","@id":"https:\/\/elcomunista.org\/#\/schema\/person\/image\/","url":"https:\/\/secure.gravatar.com\/avatar\/85d12dca789bb6379dc38a198e1576cd?s=96&d=mm&r=g","contentUrl":"https:\/\/secure.gravatar.com\/avatar\/85d12dca789bb6379dc38a198e1576cd?s=96&d=mm&r=g","caption":"Bloque Popular Juvenil"},"url":"https:\/\/elcomunista.org\/?author=1"}]}},"jetpack_featured_media_url":"https:\/\/elcomunista.org\/wp-content\/uploads\/2009\/06\/alenrev.jpg","jetpack_likes_enabled":true,"jetpack_sharing_enabled":true,"_links":{"self":[{"href":"https:\/\/elcomunista.org\/index.php?rest_route=\/wp\/v2\/posts\/297"}],"collection":[{"href":"https:\/\/elcomunista.org\/index.php?rest_route=\/wp\/v2\/posts"}],"about":[{"href":"https:\/\/elcomunista.org\/index.php?rest_route=\/wp\/v2\/types\/post"}],"author":[{"embeddable":true,"href":"https:\/\/elcomunista.org\/index.php?rest_route=\/wp\/v2\/users\/1"}],"replies":[{"embeddable":true,"href":"https:\/\/elcomunista.org\/index.php?rest_route=%2Fwp%2Fv2%2Fcomments&post=297"}],"version-history":[{"count":0,"href":"https:\/\/elcomunista.org\/index.php?rest_route=\/wp\/v2\/posts\/297\/revisions"}],"wp:featuredmedia":[{"embeddable":true,"href":"https:\/\/elcomunista.org\/index.php?rest_route=\/wp\/v2\/media\/296"}],"wp:attachment":[{"href":"https:\/\/elcomunista.org\/index.php?rest_route=%2Fwp%2Fv2%2Fmedia&parent=297"}],"wp:term":[{"taxonomy":"category","embeddable":true,"href":"https:\/\/elcomunista.org\/index.php?rest_route=%2Fwp%2Fv2%2Fcategories&post=297"},{"taxonomy":"post_tag","embeddable":true,"href":"https:\/\/elcomunista.org\/index.php?rest_route=%2Fwp%2Fv2%2Ftags&post=297"}],"curies":[{"name":"wp","href":"https:\/\/api.w.org\/{rel}","templated":true}]}}