{"id":2996,"date":"2018-04-16T08:43:55","date_gmt":"2018-04-16T14:43:55","guid":{"rendered":"http:\/\/bloquepopularjuvenil.org\/?p=2996"},"modified":"2018-04-16T08:43:55","modified_gmt":"2018-04-16T14:43:55","slug":"mexico-movimientos-estudiantiles-previos-a-1968","status":"publish","type":"post","link":"https:\/\/elcomunista.org\/?p=2996","title":{"rendered":"M\u00e9xico: Movimientos estudiantiles previos a 1968"},"content":{"rendered":"<p>Durante el periodo que se conoci\u00f3 como \u201cel milagro mexicano\u201d, el gobierno impuls\u00f3 pol\u00edticas de industrializaci\u00f3n proteccionistas, con grandes obras de infraestructura (carreteras, v\u00edas f\u00e9rreas, aeropuertos, etc.), creaci\u00f3n de empresas del Estado y desarrollo del sector p\u00fablico (petr\u00f3leo, acero, minas, electricidad) y est\u00edmulos a la inversi\u00f3n extranjera. Los resultados no eran despreciables en este periodo de desarrollo, el PIB registr\u00f3 un crecimiento constante 7.3%. La industrializaci\u00f3n como pol\u00edtica de desarrollo econ\u00f3mico mexicano era el eje principal, la estabilidad econ\u00f3mica, bajo el control de la inversi\u00f3n privada con una amplia participaci\u00f3n del aparato estatal.<\/p>\n<p>Las filas del proletariado y la clase media, crecieron y se expandieron al mismo ritmo que las grandes ciudades. En 1940 la agricultura representaba alrededor del 10% de la producci\u00f3n nacional y en 1997 s\u00f3lo el 5%. El gasto p\u00fablico favoreci\u00f3 a la poblaci\u00f3n urbana sobre la rural y a la clase trabajadora sobre el campesinado.<\/p>\n<p>Econ\u00f3micamente M\u00e9xico tuvo m\u00e1s o menos 30 a\u00f1os de \u201cestabilidad y desarrollo econ\u00f3mico\u201d, pero en la d\u00e9cada de los 60 empez\u00f3 a ser evidente la dependencia de la industria mexicana del capital y la tecnolog\u00eda extranjera, muy en particular la de origen norteamericano.<\/p>\n<p>El Estado mexicano invirti\u00f3 en mejorar las condiciones de vida de la clase obrera, porque a partir de ah\u00ed pod\u00eda seguir manteniendo el corporativismo de los sindicatos al Estado y lograr una \u201cestabilidad pol\u00edtica\u201d, pero el mejoramiento de las condiciones de vida no fue homog\u00e9neo.<\/p>\n<div class=\"bsac bsac-clearfix bsac-post-inline bsac-float-center bsac-align-center bsac-column-1\"><\/div>\n<p>Los hijos de campesinos y trabajadores que nacieron y crecieron en esta \u00e9poca de \u201cmodernizaci\u00f3n\u201d tarde o temprano sufrir\u00edan las contradicciones de este auge econ\u00f3mico que se desarrollaba sobre un aparato pol\u00edtico intacto con fuertes rasgos de autoritarismo.<\/p>\n<p>En la crisis de finales de los 50\u2019s la movilizaci\u00f3n social para muchos sectores en resistencia era la \u00fanica alternativa. Los sectores de la clase obrera organizados demandaron revisi\u00f3n de Contratos Colectivos de Trabajo, aumentos salariales y democracia sindical. De la misma forma los 60\u2019s estuvieron marcados por una oleada de protestas estudiantiles, que fueron reprimididas fuertemente.<\/p>\n<h3><span style=\"color: #800000;\"><strong>Educaci\u00f3n y capitalismo<\/strong><\/span><\/h3>\n<p>El desarrollo industrial exig\u00eda la profesionalizaci\u00f3n de los j\u00f3venes, de esta manera las profesiones liberales comenzaron a adquirir un importante papel en la vida nacional al ser consideradas como la pieza central de esquema de industrializaci\u00f3n del pa\u00eds, las universidades, se dec\u00eda en ese entonces, deber\u00edan ser convertidas en \u201cfuncionales y eficientes\u201d. En este periodo se implementan medidas como la selecci\u00f3n rigurosa en el ingreso y la marginaci\u00f3n de los maestros y estudiantes de la pol\u00edtica acad\u00e9mica, el principal objetivo del proyecto era satisfacer las necesidades de crecimiento y productividad en el sector industrial de la econom\u00eda, lo que se traducir\u00eda en un detrimento muy marcado de los centros de educaci\u00f3n popular.<\/p>\n<p>El trato desigual no tardar\u00eda en hacerse evidente y las instituciones populares enfrentar\u00edan permanentes ataques que buscaban eliminar la infraestructura y los beneficios obtenidos, los estudiantes luchaban, por sobrevivir, por la conservaci\u00f3n de comedores, dormitorios, becas, transporte y mantener las conquistas pasadas. Algunas reacciones a este cambio repentino en el manejo de la educaci\u00f3n superior fueron las movilizaciones en 1940, encabezadas por las escuelas campesinas regionales con demandas de sobrevivencia; cobijas, camas, aumento en las raciones diarias en los comedores, etc. En 1942 los estudiantes del Polit\u00e9cnico emprendieron una lucha por constituir una Ley Org\u00e1nica interna que garantizara el reconocimiento profesional a la educaci\u00f3n t\u00e9cnica, en 1947 los alumnos de las Normales Rurales encabezaron una movilizaci\u00f3n en demanda a mejores condiciones de estudio. En 1949 la Universidad Nicola\u00edta en Michoac\u00e1n realiz\u00f3 una protesta por la construcci\u00f3n de un teatro al aire libre, en demanda de mayor presupuesto a la instituci\u00f3n, el saldo fue de dos j\u00f3venes muertos y la salida del gobernador en turno.<\/p>\n<p>Se daba una lucha por mantener lo que en alg\u00fan momento se plante\u00f3 como \u201ceducaci\u00f3n socialista\u201d la cual hab\u00eda otorgado algunas concesiones a los estudiantes hijos de los trabajadores, como la apertura a la educaci\u00f3n p\u00fablica, media y superior, becas, comedores estudiantiles, etc. Si bien a L\u00e1zaro C\u00e1rdenas se le atribuye la paternidad de este cambio, ya exist\u00edan pronunciamientos que lo propon\u00edan. El primero lo promovieron las autoridades y organizaciones estudiantiles de la Universidad de Michoac\u00e1n que, desde su fundaci\u00f3n, hab\u00edan pugnado por darle un car\u00e1cter social a su educaci\u00f3n, que estuviera al servicio del pueblo. Los alumnos propusieron, en 1928, un proyecto espec\u00edfico al gobernador C\u00e1rdenas, poco antes de terminar su mandato, para modificar el art\u00edculo tercero de la constituci\u00f3n local. La iniciativa establec\u00eda sustituir la educaci\u00f3n laica en las instituciones oficiales de primaria, secundaria y profesional por una de tipo socialista, con la intenci\u00f3n de crear en el alumno una profunda conciencia de responsabilidad social y colectiva.<\/p>\n<p>La pol\u00edtica del Estado, durante la d\u00e9cada de los 40\u2019s, de recortes presupuestales, eliminaci\u00f3n de becas y reducir la infraestructura en las escuelas del campo y la ciudad fue la chispa para que los estudiantes (fuertemente influenciados por las ideas comunistas), formaran organizaciones que pudieran aglutinar a la base estudiantil, orientar en la lucha y dar la batalla para mantener las conquistas pasadas.<\/p>\n<p>La Federaci\u00f3n de Estudiantes Campesinos Socialistas de M\u00e9xico, la Federaci\u00f3n Nacional de Estudiantes T\u00e9cnicos y las Juventudes Comunistas de M\u00e9xico, fueron algunas de las organizaciones estudiantiles juveniles que en la d\u00e9cada de los 50\u2019s, jugaron un papel significativo en la lucha estudiantil.<\/p>\n<div class=\"bs-irp left bs-irp-thumbnail-1\">\n<div class=\"bs-pagination-wrapper main-term-none none \">\n<div class=\"listing listing-thumbnail listing-tb-1 clearfix columns-1\">\n<div class=\"post-4798 type-post format-standard has-post-thumbnail   listing-item listing-item-thumbnail listing-item-tb-1 main-term-410\">\n<div class=\"item-inner clearfix\">\n<div class=\"post-meta\"><span style=\"font-family: -apple-system, BlinkMacSystemFont, 'Segoe UI', Roboto, Oxygen-Sans, Ubuntu, Cantarell, 'Helvetica Neue', sans-serif;\">El movimiento estudiantil mexicano tuvo dos grandes etapas de auge y crisis, las organizaciones estudiantiles que iniciaron una lucha en los 30\u2019s y 40\u2019s, ahora hab\u00edan sido cooptadas por el Estado y corporativizadas, al igual que los sindicatos, para mantener el control de los trabajadores y las nuevas generaciones de los 50\u2019s y 60\u00b4s, que buscaban romper por completo con esta dependencia para dar una lucha democr\u00e1tica.<\/span><\/div>\n<\/div>\n<\/div>\n<\/div>\n<\/div>\n<\/div>\n<h3><span style=\"color: #800000;\">Movimiento estudiantil democr\u00e1tico e independiente<\/span><\/h3>\n<p>Las organizaciones universitarias surgidas al calor de la herencia cardenista que de una u otra manera hab\u00edan participado en las luchas estudiantiles en la d\u00e9cada de los 40\u2019s, entran despu\u00e9s de 1956 a un proceso de crisis y deterioro. Al oponerse al rumbo de los principios democratizadores, su influencia comienza a diluirse en la colaboraci\u00f3n con las administraciones universitarias, la corrupci\u00f3n y el porrismo.<\/p>\n<p>La crisis y degeneraci\u00f3n de las organizaciones cooptadas por las autoridades y el Estado a finales de los 50\u2019s representaron un obst\u00e1culo organizativo para las futuras generaciones.<\/p>\n<p>Los estudiantes de la Universidad de Michoac\u00e1n marcaron un antes y un despu\u00e9s en el movimiento estudiantil, ellos fueron intransigentes en la defensa del proyecto educativo popular, ante eso se efectuaron varias jornadas de lucha en contra de las corrientes institucionales que dejaba la crisis del periodo de bienestar. En 1963 en la universidad se daba una lucha f\u00e9rrea por mantener una ley org\u00e1nica (1961) que promov\u00eda un consejo paritario (estudiantes y maestros) esta ley intentaba dar una orientaci\u00f3n m\u00e1s progresista a la educaci\u00f3n universitaria y a su vez generar una nueva correlaci\u00f3n de fuerzas a la izquierda, creando nuevas casas del estudiante, nuevas carreras, mejorando y creando nuevas instalaciones. Las fuerzas conservadoras no permanecieron impasibles ante el avance de la izquierda en la direcci\u00f3n de la universidad.<\/p>\n<p>Agust\u00edn Arriaga Rivera, gobernador del Estado de Michoac\u00e1n, intervino en la aprobaci\u00f3n de una nueva Ley Org\u00e1nica que termin\u00f3 con el gobierno universitario y puso en manos de una junta de gobierno la designaci\u00f3n de las autoridades. En 1966 la represi\u00f3n ejercida por el gobierno tuvo como fin acabar por completo con el proyecto democr\u00e1tico que exist\u00eda al interior de la universidad. La protesta estudiantil se inici\u00f3 cuando a principios de octubre, el gobierno estatal autoriz\u00f3 el aumento de tarifas de transporte p\u00fablico, en octubre es asesinado un estudiante por la polic\u00eda y la universidad vota huelga general y se realiza una gran manifestaci\u00f3n con motivo del estudiante asesinado.<\/p>\n<p>El movimiento logr\u00f3 apoyo popular para exigir junto con el Consejo Universitario, la desaparici\u00f3n de poderes en el Estado, por lo que el movimiento fue tachado por la prensa local y nacional de obedecer una conjura comunista para derrocar el gobierno de D\u00edaz Ordaz. El 8 de octubre el ej\u00e9rcito tom\u00f3 la Universidad y continuaron las detenciones, los secuestros y cateos a estudiantes. Las protestas y los m\u00edtines fueron reprimidos por la caballer\u00eda, fueron detenidas, entre estudiantes y pueblo en general, m\u00e1s de 600 personas. La legislatura local modific\u00f3 la Ley Org\u00e1nica de la universidad y estableci\u00f3 la desaparici\u00f3n de cinco casas de estudiantes, la supresi\u00f3n de la paridad en el Consejo Universitario y el cierre de la secundaria varonil y femenil perteneciente a la universidad. Se eliminaron todos los integrantes de la Junta de Gobierno y se nombraron nuevos, afines al gobernador, quienes designaron al nuevo rector.<\/p>\n<p>Todos los procesos de lucha estudiantil que se desarrollaron a partir de la \u00e9poca del \u201cmilagro mexicano\u201d por la democratizaci\u00f3n del movimiento conclu\u00edan en la conformaci\u00f3n de una fuerza estudiantil, amplia, independiente del Estado y democr\u00e1tica. Este esfuerzo logr\u00f3 tomar forma a partir de 1963 con una primera conferencia nacional de estudiantes que se dio en Morelia.<\/p>\n<h3><span style=\"color: #800000;\"><strong>Por una organizaci\u00f3n estudiantil independiente democr\u00e1tica y revolucionaria<\/strong><\/span><\/h3>\n<p>En 1963 se da la primera Conferencia Nacional de Estudiantes Democr\u00e1ticos en Morelia Michoac\u00e1n, con la asistencia de 250 delegados que representaban en conjunto a m\u00e1s de 100 mil estudiantes de todo el pa\u00eds. Es lanzada la declaraci\u00f3n de Morelia que plantea:<\/p>\n<ul class=\"bs-shortcode-list list-style-star\">\n<li>\u00a1Por la unidad del pueblo y de los estudiantes en la lucha contra nuestros enemigos comunes!<\/li>\n<li>\u00a1A la lucha por la educaci\u00f3n popular y cient\u00edfica!<\/li>\n<li>\u00a1Por la unidad y organizaci\u00f3n independiente del estudiantado democr\u00e1tico y revolucionario!<\/li>\n<\/ul>\n<p>Los estudiantes de M\u00e9xico necesitaban un instrumento de lucha independiente que garantice la defensa de sus derechos y la consecuci\u00f3n de sus objetivos; necesitaban un organismo propio que encuentre en su independencia frente al gobierno, la premisa b\u00e1sica de su existencia.<\/p>\n<p>En abril de 1966 se impulsa el congreso constituyente de la Central Nacional de Estudiantes Democr\u00e1ticos, con una fuerte influencia comunista, como una necesidad urgente de construir una organizaci\u00f3n que combatiera los ataques del Estado, que pueda construir las fuerzas estudiantiles, que eduquen y sean la vanguardia del movimiento en procesos posteriores. Se inaugur\u00f3 en la Vocacional n\u00famero 7 del IPN, asistieron 800 delegados, en representaci\u00f3n de 160 mil estudiantes de 28 entidades federativas.<\/p>\n<p>Ante la respuesta represiva del Estado y la generalizaci\u00f3n de los movimientos estudiantiles que luchaban por quitarse de encima las garras institucionales, surge como primera necesidad La Central Nacional de Estudiantes Democr\u00e1ticos, donde se propon\u00eda fortalecer la organizaci\u00f3n estudiantil independiente y generar un v\u00ednculo con los trabajadores. En 1967 la CNED tiene como primera acci\u00f3n una movilizaci\u00f3n \u201cLa marcha por la libertad\u201d a pesar de su represi\u00f3n signific\u00f3 el germen de un movimiento estudiantil nacional no controlado por el Estado, con objetivos democr\u00e1ticos al interior y exterior de las universidades, templ\u00e1ndose al calor de las luchas y que a lo largo de los sesentas conoci\u00f3 la cara m\u00e1s dura de un r\u00e9gimen autoritario.<\/p>\n","protected":false},"excerpt":{"rendered":"<p>Durante el periodo que se conoci\u00f3 como \u201cel milagro mexicano\u201d, el gobierno impuls\u00f3 pol\u00edticas de industrializaci\u00f3n proteccionistas, con grandes obras de infraestructura (carreteras, v\u00edas f\u00e9rreas, aeropuertos, etc.), creaci\u00f3n de empresas del Estado y desarrollo del sector p\u00fablico (petr\u00f3leo, acero, minas, electricidad) y est\u00edmulos a la inversi\u00f3n extranjera. Los resultados no eran despreciables en este periodo&#8230;<\/p>\n","protected":false},"author":35,"featured_media":2997,"comment_status":"open","ping_status":"open","sticky":false,"template":"","format":"standard","meta":{"_monsterinsights_skip_tracking":false,"_monsterinsights_sitenote_active":false,"_monsterinsights_sitenote_note":"","_monsterinsights_sitenote_category":0,"_uf_show_specific_survey":0,"_uf_disable_surveys":false,"_jetpack_memberships_contains_paid_content":false,"footnotes":""},"categories":[62,29,3],"tags":[203,204],"class_list":["post-2996","post","type-post","status-publish","format-standard","has-post-thumbnail","hentry","category-juventud-y-educacion","category-mexico","category-politica","tag-movimiento-estudiantil","tag-movimiento-estudiantil-de-1968"],"aioseo_notices":[],"yoast_head":"<!-- This site is optimized with the Yoast SEO plugin v25.6 - https:\/\/yoast.com\/wordpress\/plugins\/seo\/ -->\n<title>M\u00e9xico: Movimientos estudiantiles previos a 1968<\/title>\n<meta name=\"robots\" content=\"index, follow, max-snippet:-1, max-image-preview:large, max-video-preview:-1\" \/>\n<link rel=\"canonical\" href=\"https:\/\/elcomunista.org\/?p=2996\" \/>\n<meta property=\"og:locale\" content=\"es_ES\" \/>\n<meta property=\"og:type\" content=\"article\" \/>\n<meta property=\"og:title\" content=\"M\u00e9xico: Movimientos estudiantiles previos a 1968\" \/>\n<meta property=\"og:description\" content=\"Durante el periodo que se conoci\u00f3 como \u201cel milagro mexicano\u201d, el gobierno impuls\u00f3 pol\u00edticas de industrializaci\u00f3n proteccionistas, con grandes obras de infraestructura (carreteras, v\u00edas f\u00e9rreas, aeropuertos, etc.), creaci\u00f3n de empresas del Estado y desarrollo del sector p\u00fablico (petr\u00f3leo, acero, minas, electricidad) y est\u00edmulos a la inversi\u00f3n extranjera. Los resultados no eran despreciables en este periodo...\" \/>\n<meta property=\"og:url\" content=\"https:\/\/elcomunista.org\/?p=2996\" \/>\n<meta property=\"og:site_name\" content=\"Revoluci\u00f3n Comunista\" \/>\n<meta property=\"article:publisher\" content=\"https:\/\/www.facebook.com\/Bloquepopularjuvenil\" \/>\n<meta property=\"article:published_time\" content=\"2018-04-16T14:43:55+00:00\" \/>\n<meta property=\"og:image\" content=\"https:\/\/elcomunista.org\/wp-content\/uploads\/2018\/04\/1968.jpg\" \/>\n\t<meta property=\"og:image:width\" content=\"975\" \/>\n\t<meta property=\"og:image:height\" content=\"559\" \/>\n\t<meta property=\"og:image:type\" content=\"image\/jpeg\" \/>\n<meta name=\"author\" content=\"Sharon Mayren Padilla\" \/>\n<meta name=\"twitter:card\" content=\"summary_large_image\" \/>\n<meta name=\"twitter:creator\" content=\"@ElBPJ\" \/>\n<meta name=\"twitter:site\" content=\"@ElBPJ\" \/>\n<meta name=\"twitter:label1\" content=\"Escrito por\" \/>\n\t<meta name=\"twitter:data1\" content=\"Sharon Mayren Padilla\" \/>\n\t<meta name=\"twitter:label2\" content=\"Tiempo de lectura\" \/>\n\t<meta name=\"twitter:data2\" content=\"10 minutos\" \/>\n<script type=\"application\/ld+json\" class=\"yoast-schema-graph\">{\"@context\":\"https:\/\/schema.org\",\"@graph\":[{\"@type\":\"Article\",\"@id\":\"https:\/\/elcomunista.org\/?p=2996#article\",\"isPartOf\":{\"@id\":\"https:\/\/elcomunista.org\/?p=2996\"},\"author\":{\"name\":\"Sharon Mayren Padilla\",\"@id\":\"https:\/\/elcomunista.org\/#\/schema\/person\/838fdd44bcf958ceba7d20b3bdd8dfb5\"},\"headline\":\"M\u00e9xico: Movimientos estudiantiles previos a 1968\",\"datePublished\":\"2018-04-16T14:43:55+00:00\",\"mainEntityOfPage\":{\"@id\":\"https:\/\/elcomunista.org\/?p=2996\"},\"wordCount\":1940,\"commentCount\":0,\"publisher\":{\"@id\":\"https:\/\/elcomunista.org\/#organization\"},\"image\":{\"@id\":\"https:\/\/elcomunista.org\/?p=2996#primaryimage\"},\"thumbnailUrl\":\"https:\/\/elcomunista.org\/wp-content\/uploads\/2018\/04\/1968.jpg\",\"keywords\":[\"Movimiento estudiantil\",\"Movimiento estudiantil de 1968\"],\"articleSection\":[\"Juventud y Educaci\u00f3n\",\"M\u00e9xico\",\"Pol\u00edtica\"],\"inLanguage\":\"es\",\"potentialAction\":[{\"@type\":\"CommentAction\",\"name\":\"Comment\",\"target\":[\"https:\/\/elcomunista.org\/?p=2996#respond\"]}]},{\"@type\":\"WebPage\",\"@id\":\"https:\/\/elcomunista.org\/?p=2996\",\"url\":\"https:\/\/elcomunista.org\/?p=2996\",\"name\":\"M\u00e9xico: Movimientos estudiantiles previos a 1968\",\"isPartOf\":{\"@id\":\"https:\/\/elcomunista.org\/#website\"},\"primaryImageOfPage\":{\"@id\":\"https:\/\/elcomunista.org\/?p=2996#primaryimage\"},\"image\":{\"@id\":\"https:\/\/elcomunista.org\/?p=2996#primaryimage\"},\"thumbnailUrl\":\"https:\/\/elcomunista.org\/wp-content\/uploads\/2018\/04\/1968.jpg\",\"datePublished\":\"2018-04-16T14:43:55+00:00\",\"breadcrumb\":{\"@id\":\"https:\/\/elcomunista.org\/?p=2996#breadcrumb\"},\"inLanguage\":\"es\",\"potentialAction\":[{\"@type\":\"ReadAction\",\"target\":[\"https:\/\/elcomunista.org\/?p=2996\"]}]},{\"@type\":\"ImageObject\",\"inLanguage\":\"es\",\"@id\":\"https:\/\/elcomunista.org\/?p=2996#primaryimage\",\"url\":\"https:\/\/elcomunista.org\/wp-content\/uploads\/2018\/04\/1968.jpg\",\"contentUrl\":\"https:\/\/elcomunista.org\/wp-content\/uploads\/2018\/04\/1968.jpg\",\"width\":975,\"height\":559},{\"@type\":\"BreadcrumbList\",\"@id\":\"https:\/\/elcomunista.org\/?p=2996#breadcrumb\",\"itemListElement\":[{\"@type\":\"ListItem\",\"position\":1,\"name\":\"Portada\",\"item\":\"https:\/\/elcomunista.org\/\"},{\"@type\":\"ListItem\",\"position\":2,\"name\":\"M\u00e9xico: Movimientos estudiantiles previos a 1968\"}]},{\"@type\":\"WebSite\",\"@id\":\"https:\/\/elcomunista.org\/#website\",\"url\":\"https:\/\/elcomunista.org\/\",\"name\":\"Revoluci\u00f3n Comunista\",\"description\":\"Internacional Comunista Revolucionaria\",\"publisher\":{\"@id\":\"https:\/\/elcomunista.org\/#organization\"},\"potentialAction\":[{\"@type\":\"SearchAction\",\"target\":{\"@type\":\"EntryPoint\",\"urlTemplate\":\"https:\/\/elcomunista.org\/?s={search_term_string}\"},\"query-input\":{\"@type\":\"PropertyValueSpecification\",\"valueRequired\":true,\"valueName\":\"search_term_string\"}}],\"inLanguage\":\"es\"},{\"@type\":\"Organization\",\"@id\":\"https:\/\/elcomunista.org\/#organization\",\"name\":\"Bloque Popular Juvenil\",\"url\":\"https:\/\/elcomunista.org\/\",\"logo\":{\"@type\":\"ImageObject\",\"inLanguage\":\"es\",\"@id\":\"https:\/\/elcomunista.org\/#\/schema\/logo\/image\/\",\"url\":\"https:\/\/bloquepopularjuvenil.org\/wp-content\/uploads\/2018\/11\/bpj-militante.jpg\",\"contentUrl\":\"https:\/\/bloquepopularjuvenil.org\/wp-content\/uploads\/2018\/11\/bpj-militante.jpg\",\"width\":4000,\"height\":1390,\"caption\":\"Bloque Popular Juvenil\"},\"image\":{\"@id\":\"https:\/\/elcomunista.org\/#\/schema\/logo\/image\/\"},\"sameAs\":[\"https:\/\/www.facebook.com\/Bloquepopularjuvenil\",\"https:\/\/x.com\/ElBPJ\",\"https:\/\/www.instagram.com\/elbloque_bpj\/?hl=es-la\"]},{\"@type\":\"Person\",\"@id\":\"https:\/\/elcomunista.org\/#\/schema\/person\/838fdd44bcf958ceba7d20b3bdd8dfb5\",\"name\":\"Sharon Mayren Padilla\",\"image\":{\"@type\":\"ImageObject\",\"inLanguage\":\"es\",\"@id\":\"https:\/\/elcomunista.org\/#\/schema\/person\/image\/\",\"url\":\"https:\/\/secure.gravatar.com\/avatar\/8a9fe2dfe7541aea04589ae8f808dbe0?s=96&d=mm&r=g\",\"contentUrl\":\"https:\/\/secure.gravatar.com\/avatar\/8a9fe2dfe7541aea04589ae8f808dbe0?s=96&d=mm&r=g\",\"caption\":\"Sharon Mayren Padilla\"},\"url\":\"https:\/\/elcomunista.org\/?author=35\"}]}<\/script>\n<!-- \/ Yoast SEO plugin. -->","yoast_head_json":{"title":"M\u00e9xico: Movimientos estudiantiles previos a 1968","robots":{"index":"index","follow":"follow","max-snippet":"max-snippet:-1","max-image-preview":"max-image-preview:large","max-video-preview":"max-video-preview:-1"},"canonical":"https:\/\/elcomunista.org\/?p=2996","og_locale":"es_ES","og_type":"article","og_title":"M\u00e9xico: Movimientos estudiantiles previos a 1968","og_description":"Durante el periodo que se conoci\u00f3 como \u201cel milagro mexicano\u201d, el gobierno impuls\u00f3 pol\u00edticas de industrializaci\u00f3n proteccionistas, con grandes obras de infraestructura (carreteras, v\u00edas f\u00e9rreas, aeropuertos, etc.), creaci\u00f3n de empresas del Estado y desarrollo del sector p\u00fablico (petr\u00f3leo, acero, minas, electricidad) y est\u00edmulos a la inversi\u00f3n extranjera. Los resultados no eran despreciables en este periodo...","og_url":"https:\/\/elcomunista.org\/?p=2996","og_site_name":"Revoluci\u00f3n Comunista","article_publisher":"https:\/\/www.facebook.com\/Bloquepopularjuvenil","article_published_time":"2018-04-16T14:43:55+00:00","og_image":[{"width":975,"height":559,"url":"https:\/\/elcomunista.org\/wp-content\/uploads\/2018\/04\/1968.jpg","type":"image\/jpeg"}],"author":"Sharon Mayren Padilla","twitter_card":"summary_large_image","twitter_creator":"@ElBPJ","twitter_site":"@ElBPJ","twitter_misc":{"Escrito por":"Sharon Mayren Padilla","Tiempo de lectura":"10 minutos"},"schema":{"@context":"https:\/\/schema.org","@graph":[{"@type":"Article","@id":"https:\/\/elcomunista.org\/?p=2996#article","isPartOf":{"@id":"https:\/\/elcomunista.org\/?p=2996"},"author":{"name":"Sharon Mayren Padilla","@id":"https:\/\/elcomunista.org\/#\/schema\/person\/838fdd44bcf958ceba7d20b3bdd8dfb5"},"headline":"M\u00e9xico: Movimientos estudiantiles previos a 1968","datePublished":"2018-04-16T14:43:55+00:00","mainEntityOfPage":{"@id":"https:\/\/elcomunista.org\/?p=2996"},"wordCount":1940,"commentCount":0,"publisher":{"@id":"https:\/\/elcomunista.org\/#organization"},"image":{"@id":"https:\/\/elcomunista.org\/?p=2996#primaryimage"},"thumbnailUrl":"https:\/\/elcomunista.org\/wp-content\/uploads\/2018\/04\/1968.jpg","keywords":["Movimiento estudiantil","Movimiento estudiantil de 1968"],"articleSection":["Juventud y Educaci\u00f3n","M\u00e9xico","Pol\u00edtica"],"inLanguage":"es","potentialAction":[{"@type":"CommentAction","name":"Comment","target":["https:\/\/elcomunista.org\/?p=2996#respond"]}]},{"@type":"WebPage","@id":"https:\/\/elcomunista.org\/?p=2996","url":"https:\/\/elcomunista.org\/?p=2996","name":"M\u00e9xico: Movimientos estudiantiles previos a 1968","isPartOf":{"@id":"https:\/\/elcomunista.org\/#website"},"primaryImageOfPage":{"@id":"https:\/\/elcomunista.org\/?p=2996#primaryimage"},"image":{"@id":"https:\/\/elcomunista.org\/?p=2996#primaryimage"},"thumbnailUrl":"https:\/\/elcomunista.org\/wp-content\/uploads\/2018\/04\/1968.jpg","datePublished":"2018-04-16T14:43:55+00:00","breadcrumb":{"@id":"https:\/\/elcomunista.org\/?p=2996#breadcrumb"},"inLanguage":"es","potentialAction":[{"@type":"ReadAction","target":["https:\/\/elcomunista.org\/?p=2996"]}]},{"@type":"ImageObject","inLanguage":"es","@id":"https:\/\/elcomunista.org\/?p=2996#primaryimage","url":"https:\/\/elcomunista.org\/wp-content\/uploads\/2018\/04\/1968.jpg","contentUrl":"https:\/\/elcomunista.org\/wp-content\/uploads\/2018\/04\/1968.jpg","width":975,"height":559},{"@type":"BreadcrumbList","@id":"https:\/\/elcomunista.org\/?p=2996#breadcrumb","itemListElement":[{"@type":"ListItem","position":1,"name":"Portada","item":"https:\/\/elcomunista.org\/"},{"@type":"ListItem","position":2,"name":"M\u00e9xico: Movimientos estudiantiles previos a 1968"}]},{"@type":"WebSite","@id":"https:\/\/elcomunista.org\/#website","url":"https:\/\/elcomunista.org\/","name":"Revoluci\u00f3n Comunista","description":"Internacional Comunista Revolucionaria","publisher":{"@id":"https:\/\/elcomunista.org\/#organization"},"potentialAction":[{"@type":"SearchAction","target":{"@type":"EntryPoint","urlTemplate":"https:\/\/elcomunista.org\/?s={search_term_string}"},"query-input":{"@type":"PropertyValueSpecification","valueRequired":true,"valueName":"search_term_string"}}],"inLanguage":"es"},{"@type":"Organization","@id":"https:\/\/elcomunista.org\/#organization","name":"Bloque Popular Juvenil","url":"https:\/\/elcomunista.org\/","logo":{"@type":"ImageObject","inLanguage":"es","@id":"https:\/\/elcomunista.org\/#\/schema\/logo\/image\/","url":"https:\/\/bloquepopularjuvenil.org\/wp-content\/uploads\/2018\/11\/bpj-militante.jpg","contentUrl":"https:\/\/bloquepopularjuvenil.org\/wp-content\/uploads\/2018\/11\/bpj-militante.jpg","width":4000,"height":1390,"caption":"Bloque Popular Juvenil"},"image":{"@id":"https:\/\/elcomunista.org\/#\/schema\/logo\/image\/"},"sameAs":["https:\/\/www.facebook.com\/Bloquepopularjuvenil","https:\/\/x.com\/ElBPJ","https:\/\/www.instagram.com\/elbloque_bpj\/?hl=es-la"]},{"@type":"Person","@id":"https:\/\/elcomunista.org\/#\/schema\/person\/838fdd44bcf958ceba7d20b3bdd8dfb5","name":"Sharon Mayren Padilla","image":{"@type":"ImageObject","inLanguage":"es","@id":"https:\/\/elcomunista.org\/#\/schema\/person\/image\/","url":"https:\/\/secure.gravatar.com\/avatar\/8a9fe2dfe7541aea04589ae8f808dbe0?s=96&d=mm&r=g","contentUrl":"https:\/\/secure.gravatar.com\/avatar\/8a9fe2dfe7541aea04589ae8f808dbe0?s=96&d=mm&r=g","caption":"Sharon Mayren Padilla"},"url":"https:\/\/elcomunista.org\/?author=35"}]}},"jetpack_featured_media_url":"https:\/\/elcomunista.org\/wp-content\/uploads\/2018\/04\/1968.jpg","jetpack_likes_enabled":true,"jetpack_sharing_enabled":true,"_links":{"self":[{"href":"https:\/\/elcomunista.org\/index.php?rest_route=\/wp\/v2\/posts\/2996"}],"collection":[{"href":"https:\/\/elcomunista.org\/index.php?rest_route=\/wp\/v2\/posts"}],"about":[{"href":"https:\/\/elcomunista.org\/index.php?rest_route=\/wp\/v2\/types\/post"}],"author":[{"embeddable":true,"href":"https:\/\/elcomunista.org\/index.php?rest_route=\/wp\/v2\/users\/35"}],"replies":[{"embeddable":true,"href":"https:\/\/elcomunista.org\/index.php?rest_route=%2Fwp%2Fv2%2Fcomments&post=2996"}],"version-history":[{"count":0,"href":"https:\/\/elcomunista.org\/index.php?rest_route=\/wp\/v2\/posts\/2996\/revisions"}],"wp:featuredmedia":[{"embeddable":true,"href":"https:\/\/elcomunista.org\/index.php?rest_route=\/wp\/v2\/media\/2997"}],"wp:attachment":[{"href":"https:\/\/elcomunista.org\/index.php?rest_route=%2Fwp%2Fv2%2Fmedia&parent=2996"}],"wp:term":[{"taxonomy":"category","embeddable":true,"href":"https:\/\/elcomunista.org\/index.php?rest_route=%2Fwp%2Fv2%2Fcategories&post=2996"},{"taxonomy":"post_tag","embeddable":true,"href":"https:\/\/elcomunista.org\/index.php?rest_route=%2Fwp%2Fv2%2Ftags&post=2996"}],"curies":[{"name":"wp","href":"https:\/\/api.w.org\/{rel}","templated":true}]}}