{"id":3006,"date":"2018-04-17T09:18:07","date_gmt":"2018-04-17T15:18:07","guid":{"rendered":"http:\/\/bloquepopularjuvenil.org\/?p=3006"},"modified":"2018-04-17T09:18:07","modified_gmt":"2018-04-17T15:18:07","slug":"catalunya-marcha-masiva-para-exigir-la-liberacion-de-los-presos-politicos","status":"publish","type":"post","link":"https:\/\/elcomunista.org\/?p=3006","title":{"rendered":"Catalunya: marcha masiva para exigir la liberaci\u00f3n de los presos pol\u00edticos"},"content":{"rendered":"<div id=\"t3-mainbody\" class=\"container t3-mainbody\">\n<div class=\"row\">\n<div id=\"t3-content\" class=\"t3-content col-xs-12\">\n<div class=\"item-page clearfix\">\n<article>\n<div class=\"row\">\n<section class=\"article-content col-md-8 col-md-offset-2 pull-none\">Cientos de miles de personas salieron a las calles de Barcelona el domingo 15 de abril para rechazar la represi\u00f3n del Estado espa\u00f1ol. Una demanda clave fue la libertad de los presos pol\u00edticos catalanes: los manifestantes marcharon bajo el lema \u00ab<em>Us Volem a Casa<\/em>\u00bb (\u00abOs queremos en casa\u00bb). Este fue el final de una semana en la que el Estado intent\u00f3 (y no logr\u00f3) imputar con delitos de terrorismos a los miembros de los Comit\u00e9s de Defensa de la Rep\u00fablica (CDR). La masiva manifestaci\u00f3n revel\u00f3 la resistencia del movimiento, a pesar de una direcci\u00f3n que no muestra el camino a seguir.<\/p>\n<p>La manifestaci\u00f3n de Barcelona fue enorme. Una hora antes de su inicio programado, ya hab\u00eda decenas de miles, llenando la longitud de la avenida Paral\u00b7lel y la plaza de Espanya. Se hab\u00edan organizado m\u00e1s de 900 autocares desde pueblos y ciudades de toda Catalunya. La manifestaci\u00f3n hab\u00eda sido convocada originalmente tras el encarcelamiento de otros cinco miembros del anterior gobierno catal\u00e1n y la detenci\u00f3n de Carles Puigdemont en Alemania, tres semanas antes.<\/p>\n<p>La respuesta inmediata al arresto de los cinco miembros del gobierno catal\u00e1n (un total de siete se encuentran en prisi\u00f3n provisional) se organiz\u00f3 a trav\u00e9s de los CDR, que coordinaron r\u00e1pidamente manifestaciones masivas combativas y luego una serie de bloqueos masivos de carreteras y trenes la semana siguiente, que culmin\u00f3 con la apertura de los peajes de la autopista al final de la Semana Santa. Claramente, el sector m\u00e1s avanzado del movimiento considera que marchas masivas (en las cuales los participantes se limitan a caminar y no lograr nada) son insuficientes para llevar adelante la lucha, y hab\u00eda una creciente demanda por una huelga general.<\/p>\n<h3><span style=\"color: #800000;\">Las masas desafiantes, pese a la debilidad de la direcci\u00f3n<\/span><\/h3>\n<p>Los principales sindicatos, CCOO y UGT, no pod\u00edan permitirse el lujo de ser vistos con los brazos cruzados despu\u00e9s de los ultrajosos encarcelamientos y del aumento de la represi\u00f3n estatal. As\u00ed que recurrieron a la t\u00e1ctica ya conocida de convocar a una acci\u00f3n que no fuera demasiado combativa y que pudiera estar contenida dentro de canales seguros, lo m\u00e1s lejos posible de los acontecimientos, en este caso, tres semanas despu\u00e9s.<\/p>\n<p>Por lo tanto, una coalici\u00f3n de amplia base decidi\u00f3 convocar esta manifestaci\u00f3n. Esto implica a las dos principales organizaciones de masas independentistas (ANC y \u00d2mnium), as\u00ed como a la mayor\u00eda de las organizaciones de masas de Catalunya (los principales sindicatos CCOO y UGT, la federaci\u00f3n de asociaciones de padres FAPAC, la confederaci\u00f3n de organizaciones de inquilinos CONFAVC, los campesinos de la Uni\u00f3n de Pag\u00e8sos, etc.). En el momento en que se convoc\u00f3, el objetivo de la manifestaci\u00f3n no era organizar la lucha contra la represi\u00f3n sino proporcionar un canal seguro para desahogarse.<\/p>\n<p>Por lo tanto, el manifiesto oficial fue\u00a0<a href=\"http:\/\/www.ugt-cat.net\/democraciaiconvivencia\/2018\/04\/03\/espai-democracia-i-convivencia-valors-i-finalitat\/\">lo m\u00e1s suave y general posible<\/a>, y expres\u00f3 su \u00abpreocupaci\u00f3n\u00bb por la \u00abviolaci\u00f3n de los derechos fundamentales y por las libertades democr\u00e1ticas\u00bb, pero tambi\u00e9n por la \u00abpolarizaci\u00f3n social creada en la situaci\u00f3n actual\u00bb. No menciona espec\u00edficamente a los presos pol\u00edticos ni exige su liberaci\u00f3n, sino que habla en t\u00e9rminos vagos sobre c\u00f3mo \u00ablos problemas pol\u00edticos requieren una soluci\u00f3n pol\u00edtica, no la represi\u00f3n\u00bb y hace un llamamiento a \u00ablas instituciones catalanas, estatales y europeas\u00bb a \u00abencontrar formas y espacios para el di\u00e1logo pol\u00edtico y la negociaci\u00f3n\u00bb.<\/p>\n<p>Sin embargo, las masas volvieron a participar de nuevo, en una demostraci\u00f3n de fuerza, para dejar clara su oposici\u00f3n a la represi\u00f3n estatal. Seg\u00fan la polic\u00eda local de Barcelona, hubo 315.000 personas. Los organizadores ponen la cifra en 750.000. Los pol\u00edticos de todos los partidos independentistas estuvieron presentes, as\u00ed como los de Catalunya en Com\u00fa (el aliado catal\u00e1n de Podemos):<\/p>\n<p>El ambiente no era para pedir di\u00e1logo, sino para exigir que se respetara la voluntad del pueblo catal\u00e1n y el fin de la represi\u00f3n.<\/p>\n<p>&nbsp;<\/p>\n<blockquote class=\"twitter-tweet\" data-lang=\"es\">\n<p dir=\"ltr\" lang=\"ca\">&#x1f3a5; Avui hem tornat a desbordar Barcelona per la <a href=\"https:\/\/twitter.com\/hashtag\/Llibertat?src=hash&amp;ref_src=twsrc%5Etfw\">#Llibertat<\/a>! Som un poble en moviment i estem construint la <a href=\"https:\/\/twitter.com\/hashtag\/Rep%C3%BAblicaARA?src=hash&amp;ref_src=twsrc%5Etfw\">#Rep\u00fablicaARA<\/a> &#x1f4aa; <a href=\"https:\/\/twitter.com\/hashtag\/UsVolemACasa?src=hash&amp;ref_src=twsrc%5Etfw\">#UsVolemACasa<\/a> <a href=\"https:\/\/t.co\/YZs7QkqUTe\">pic.twitter.com\/YZs7QkqUTe<\/a><\/p>\n<p>\u2014 Assemblea Nacional (@assemblea) <a href=\"https:\/\/twitter.com\/assemblea\/status\/985504428018032641?ref_src=twsrc%5Etfw\">15 de abril de 2018<\/a><\/p><\/blockquote>\n<p><a href=\"http:\/\/blockquote%20class=twitter-tweet%20data-lang=esp%20lang=ca%20dir=ltr&#x1f3a5;%20Avui%20hem%20tornat%20a%20desbordar%20Barcelona%20per%20la%20a%20href=https:\/\/twitter.com\/hashtag\/Llibertat?src=hash&amp;ref_src=twsrc%5Etfw#Llibertat\/a!%20Som%20un%20poble%20en%20moviment%20i%20estem%20construint%20la%20a%20href=https:\/\/twitter.com\/hashtag\/Rep%C3%BAblicaARA?src=hash&amp;ref_src=twsrc%5Etfw#Rep\u00fablicaARA\/a%20&#x1f4aa;%20a%20href=https:\/\/twitter.com\/hashtag\/UsVolemACasa?src=hash&amp;ref_src=twsrc%5Etfw#UsVolemACasa\/a%20a%20href=https:\/\/t.co\/YZs7QkqUTepic.twitter.com\/YZs7QkqUTe\/a\/p\u2014%20Assemblea%20Nacional%20(@assemblea)%20a%20href=https:\/\/twitter.com\/assemblea\/status\/985504428018032641?ref_src=twsrc%5Etfw15%20de%20abril%20de%202018\/a\/blockquote%20script%20async%20src=https:\/\/platform.twitter.com\/widgets.js%20charset=utf-8\/script\"><script async src=\"https:\/\/platform.twitter.com\/widgets.js\" charset=\"utf-8\"><\/script><\/a><\/p>\n<p>&nbsp;<\/p>\n<blockquote class=\"twitter-tweet\" data-lang=\"es\">\n<p dir=\"ltr\" lang=\"ca\">Les imatges a\u00e8ries de la manifestaci\u00f3 <a href=\"https:\/\/twitter.com\/hashtag\/UsVolemaCasa?src=hash&amp;ref_src=twsrc%5Etfw\">#UsVolemaCasa<\/a>. Aix\u00ed es veia 15 minuts abans de comen\u00e7ar <a href=\"https:\/\/t.co\/8jpyLcpVP7\">https:\/\/t.co\/8jpyLcpVP7<\/a> <a href=\"https:\/\/twitter.com\/hashtag\/15aTV3?src=hash&amp;ref_src=twsrc%5Etfw\">#15aTV3<\/a> <a href=\"https:\/\/t.co\/jfp5qBjJgd\">pic.twitter.com\/jfp5qBjJgd<\/a><\/p>\n<p>\u2014 324.cat (@324cat) <a href=\"https:\/\/twitter.com\/324cat\/status\/985467606634237952?ref_src=twsrc%5Etfw\">15 de abril de 2018<\/a><\/p><\/blockquote>\n<h3><a href=\"http:\/\/blockquote%20class=twitter-tweet%20data-lang=esp%20lang=ca%20dir=ltrLes%20imatges%20a\u00e8ries%20de%20la%20manifestaci\u00f3%20a%20href=https:\/\/twitter.com\/hashtag\/UsVolemaCasa?src=hash&amp;ref_src=twsrc%5Etfw#UsVolemaCasa\/a.%20Aix\u00ed%20es%20veia%2015%20minuts%20abans%20de%20comen\u00e7ar%20a%20href=https:\/\/t.co\/8jpyLcpVP7https:\/\/t.co\/8jpyLcpVP7\/a%20a%20href=https:\/\/twitter.com\/hashtag\/15aTV3?src=hash&amp;ref_src=twsrc%5Etfw#15aTV3\/a%20a%20href=https:\/\/t.co\/jfp5qBjJgdpic.twitter.com\/jfp5qBjJgd\/a\/p\u2014%20324.cat%20(@324cat)%20a%20href=https:\/\/twitter.com\/324cat\/status\/985467606634237952?ref_src=twsrc%5Etfw15%20de%20abril%20de%202018\/a\/blockquote%20script%20async%20src=https:\/\/platform.twitter.com\/widgets.js%20charset=utf-8\/script\"><script async src=\"https:\/\/platform.twitter.com\/widgets.js\" charset=\"utf-8\"><\/script><\/a><\/h3>\n<h3><span style=\"color: #800000;\">Activistas de los CDR detenidos por cargos de terrorismo<\/span><\/h3>\n<p>La semana anterior a la campa\u00f1a de criminalizaci\u00f3n lanzada contra los CDR se dio un paso m\u00e1s. El martes 10 de abril, dos activistas de los CDR fueron acusados de rebeli\u00f3n, sedici\u00f3n y terrorismo. La Guardia Civil realiz\u00f3 un arresto con gran publicidad de una de ellas, Tamara Carrasco, de 30 a\u00f1os, del CDR de Viladecans, que fue escoltada desde su casa por polic\u00edas vestidos con pasamonta\u00f1as y armados con rifles de asalto hasta la Audiencia Nacional en Madrid. Los medios de comunicaci\u00f3n se apresuraron a cubrir el arresto y el Fiscal del Estado filtr\u00f3 todo tipo de detalles incriminatorios. Se dijo que ella era una \u00abcoordinadora\u00bb de las \u00abacciones de sabotaje\u00bb de los CDR. Se public\u00f3 un archivo de audio en el que presuntamente se discut\u00eda sobre la interrupci\u00f3n del aeropuerto de Barcelona, \u200b\u200blos trenes de mercanc\u00edas y los cables de fibra \u00f3ptica. Adem\u00e1s, los peri\u00f3dicos informaron que, durante su arresto, la polic\u00eda se hab\u00eda apoderado de \u00abcierta documentaci\u00f3n sobre el cuartel barcelon\u00e9s de la Guardia Civil\u00bb, dando una clara impresi\u00f3n de que estaba involucrada en la planificaci\u00f3n de un ataque terrorista. El otro activista de los CDR no pudo ser detenido y se emiti\u00f3 una orden de arresto contra \u00e9l.<\/p>\n<p><img loading=\"lazy\" decoding=\"async\" src=\"https:\/\/www.marxist.com\/images\/cache\/095fbb87312c2f045b3622d168f6469a_w720_h543.jpg\" alt=\"Tamara Carrasco Image fair use\" width=\"720\" height=\"409\" \/><\/p>\n<p>Los motivos para acusar a Tamara de terrorismo se basan en la reforma de 2015 de la legislaci\u00f3n antiterrorista, acordada entre el gobierno del PP y el PSOE. En ese momento, la reforma se justific\u00f3 con el argumento de poder procesar de manera efectiva a los terroristas isl\u00e1micos del tipo de \u00ablobos solitarios\u00bb. Como resultado, no se necesita ser parte de una organizaci\u00f3n terrorista para ser acusado de terrorismo. La nueva redacci\u00f3n de la ley permite al Estado enjuiciar por terrorismo a cualquier persona involucrada en \u00abdes\u00f3rdenes p\u00fablicos\u00bb o acciones contra \u00abla propiedad estatal\u00bb, siempre que su intenci\u00f3n sea \u00abobligar a los poderes p\u00fablicos a actuar o desistir de actuar de cierta manera \u00ab, o simplemente para \u00abalterar gravemente la paz p\u00fablica\u00bb.<\/p>\n<p>B\u00e1sicamente, las personas responsables de actos tan atroces como, por ejemplo, cortar una carretera durante una protesta o una huelga; o resistirse a un desahucio, pueden ser acusadas de terrorismo.<\/p>\n<p>El mismo d\u00eda, otros seis activistas de los CDR fueron arrestados por la polic\u00eda catalana, los Mossos, en Malgrat de Mar, Solsona, Dosrius, Arenys de Mar y el Pont de Vilomara, por su participaci\u00f3n en las protestas frente al Parlamento de Catalunya el 30 de enero , cuando se supon\u00eda que Puigdemont ser\u00eda investido como presidente. Todos fueron acusados \u200b\u200bde agredir a un agente de la ley, desorden p\u00fablico y desobediencia, y fueron puestos en libertad en espera de juicio.<\/p>\n<p>El d\u00eda de estas detenciones, miles salieron a las calles de Barcelona y otras ciudades bajo el lema \u00abTodos somos CDR\u00bb y gritaban \u00ab\u00a1Vosotros, fascistas, sois los terroristas!\u00bb<\/p>\n<blockquote class=\"twitter-tweet\" data-lang=\"es\">\n<p dir=\"ltr\" lang=\"ca\">Vosaltres feixistes sou els terroristes <a href=\"https:\/\/twitter.com\/hashtag\/josocCDR?src=hash&amp;ref_src=twsrc%5Etfw\">#josocCDR<\/a> <a href=\"https:\/\/t.co\/izqL7iFHRE\">pic.twitter.com\/izqL7iFHRE<\/a><\/p>\n<p>\u2014 Revoluci\u00f3 (@RevolucioCMI) <a href=\"https:\/\/twitter.com\/RevolucioCMI\/status\/983768373644398592?ref_src=twsrc%5Etfw\">10 de abril de 2018<\/a><\/p><\/blockquote>\n<p><span style=\"font-family: -apple-system, BlinkMacSystemFont, 'Segoe UI', Roboto, Oxygen-Sans, Ubuntu, Cantarell, 'Helvetica Neue', sans-serif;\"><a href=\"http:\/blockquote%20class=twitter-tweet%20data-lang=esp%20lang=ca%20dir=ltrVosaltres%20feixistes%20sou%20els%20terroristes%20a%20href=https:\/\/twitter.com\/hashtag\/josocCDR?src=hash&amp;ref_src=twsrc%5Etfw#josocCDR\/a%20a%20href=https:\/\/t.co\/izqL7iFHREpic.twitter.com\/izqL7iFHRE\/a\/p\u2014%20Revoluci\u00f3%20(@RevolucioCMI)%20a%20href=https:\/\/twitter.com\/RevolucioCMI\/status\/983768373644398592?ref_src=twsrc%5Etfw10%20de%20abril%20de%202018\/a\/blockquote%20script%20async%20src=https:\/\/platform.twitter.com\/widgets.js%20charset=utf-8\/script\"><script async src=\"https:\/\/platform.twitter.com\/widgets.js\" charset=\"utf-8\"><\/script><\/a>\u00a0<\/span><\/p>\n<p>En el caso de Carrasco, estaba acusada de terrorismo como resultado de su participaci\u00f3n en un corte pac\u00edfico de carretera despu\u00e9s del arresto de Puigdemont. Despu\u00e9s de estar detenida durante 48 horas en Madrid, finalmente compareci\u00f3 ante el juez de la Audiencia Nacional. Recordemos que la Audiencia Nacional trata delitos contra el Estado y es el sucesor directo del \u00abTribunal del Orden P\u00fablico\u00bb de Franco que, a su vez era una continuaci\u00f3n del \u00abTribunal Especial para la Represi\u00f3n de la Masoner\u00eda y del Comunismo\u00bb de 1940. El mensaje enviado por el Estado era claro: \u00ablos CDR son peligrosos, radicales y terroristas y, por lo tanto, deben ser reprimidos\u00bb, y adem\u00e1s: \u00absi participas en protestas contra la represi\u00f3n, puedes ir a la c\u00e1rcel acusado de terrorismo\u00bb.<\/p>\n<p>El caso fue tan escandaloso que colaps\u00f3 por completo. Seg\u00fan su abogado, el material incautado de la casa de Carrasco durante su arresto inclu\u00eda carteles de los CDR, una m\u00e1scara del preso pol\u00edtico Jordi Cuixart, un silbato (!!), su tel\u00e9fono m\u00f3vil y un ordenador port\u00e1til. La llamada \u00abdocumentaci\u00f3n sobre los cuarteles de la Guardia Civil\u00bb result\u00f3 ser una captura de pantalla de Google Maps de la ubicaci\u00f3n del cuartel que ella hab\u00eda tomado en el camino hacia una protesta frente al mismo. A pesar de las intenciones de la fiscal\u00eda estatal, el juez rechaz\u00f3 los cargos de rebeli\u00f3n, sedici\u00f3n y terrorismo y solo acus\u00f3 a Tamara Carrasco de \u00abdes\u00f3rdenes p\u00fablicos\u00bb. Fue liberada sin fianza, pero no puede abandonar su ciudad natal de Viladecans sin el permiso del juez.<\/p>\n<p>El caso de Carrasco es muy interesante, ya que proviene de Viladecans, una ciudad muy obrera del Baix Llobregat, con un porcentaje muy alto de hispanohablantes. Ella es una activista local involucrada en la lucha contra los recortes en la sanidad, y ha estado involucrada en el c\u00edrculo local de Podemos, hasta el punto de presentarse a las elecciones de 2015 como parte de una lista local vinculada al partido. Luego form\u00f3 parte de la defensa de los colegios electorales durante el refer\u00e9ndum del 1 de octubre y se involucr\u00f3 en el CDR local.<\/p>\n<p>Esto revela c\u00f3mo uno de los hilos de la lucha en Catalunya est\u00e1 formado por activistas sociales, que formaron parte del movimiento 15M, que se desilusionaron con Podemos y que ahora ven la lucha por una Rep\u00fablica Catalana como una continuaci\u00f3n de su lucha contra el r\u00e9gimen de 1978 y por un cambio social fundamental.<\/p>\n<h3><span style=\"color: #800000;\">Punto muerto pol\u00edtico<\/span><\/h3>\n<p>La situaci\u00f3n en Catalunya est\u00e1 en un callej\u00f3n sin salida. La represi\u00f3n del Estado ciertamente no ha logrado poner fin al movimiento, pero sus l\u00edderes pol\u00edticos se han derrumbado por completo y han aceptado los l\u00edmites impuestos por esta represi\u00f3n. El parlamento catal\u00e1n ha intentado cuatro veces elegir un presidente y en cada caso el juez Llarena, del Tribunal Supremo, ha bloqueado a los candidatos.<\/p>\n<p>La decisi\u00f3n del tribunal alem\u00e1n de no extraditar a Puigdemont por cargos de rebeli\u00f3n fue un duro golpe para la estrategia del juez Llarena. La clase dominante alemana estaba tratando de enviar un mensaje a su contraparte espa\u00f1ola: el conflicto en Catalunya debe resolverse a trav\u00e9s de la negociaci\u00f3n pol\u00edtica. Por supuesto, el gobierno alem\u00e1n se apresur\u00f3 a a\u00f1adir \u00abdentro de los l\u00edmites de la legalidad espa\u00f1ola y de la Constituci\u00f3n\u00bb, lo que significa que no se puede hablar de autodeterminaci\u00f3n.<\/p>\n<p>Felipe Gonz\u00e1lez, un ac\u00e9rrimo defensor del r\u00e9gimen que pidi\u00f3 p\u00fablicamente que el art\u00edculo 155 fuera utilizado para destituir al gobierno catal\u00e1n en octubre, tambi\u00e9n ha dicho que cree que los pol\u00edticos catalanes no deber\u00edan estar en la c\u00e1rcel. Est\u00e1 claro que una parte de la clase dominante puede ver c\u00f3mo los pol\u00edticos catalanes (tanto de ERC como de PDECAT) ya han aceptado los l\u00edmites impuestos por la represi\u00f3n y est\u00e1n bastante dispuestos a mantenerse dentro de la Constituci\u00f3n. Les gustar\u00eda un acuerdo negociado en Catalunya, en el que, tal vez, se podr\u00edan otorgar m\u00e1s poderes de recaudaci\u00f3n de impuestos, liberar a los pol\u00edticos y que cualquier idea de una rep\u00fablica catalana independiente fuera abandonada sine die.<\/p>\n<p>Sin embargo, hay una serie de obst\u00e1culos importantes para este escenario. Por un lado, la represi\u00f3n contra Catalunya no est\u00e1 necesariamente dirigida por los sectores m\u00e1s astutos de la clase dominante espa\u00f1ola, sino por el aparato estatal: una instituci\u00f3n totalmente reaccionaria con sus propios intereses. El r\u00e9gimen siente que su autoridad fue impugnada el 1 de octubre y que debe imponerse un castigo ejemplar para que nadie se atreva a repetir tal acto de desaf\u00edo.<\/p>\n<p>Para el r\u00e9gimen no es suficiente que los pol\u00edticos catalanes acepten los l\u00edmites de la Constituci\u00f3n: deben ser aplastados y humillados. En una de las \u00faltimas sentencias del juez Llarena contra el acusado, us\u00f3 como argumento el \u00abhecho\u00bb de que \u00abuno no puede ver en su esfera psicol\u00f3gica interna un elemento poderoso que nos permita concluir que su respeto por las decisiones de este juez ser\u00e1 permanente\u00bb. Aparentemente, el juez tiene el poder de asomarse a la \u00abesfera psicol\u00f3gica interna\u00bb para determinar qu\u00e9 har\u00e1 el acusado en el futuro. \u00a1Este es el tema de la pesadilla de 1984 de Orwell!<\/p>\n<p>Por otro lado, el PP es d\u00e9bil y est\u00e1 empantanado en esc\u00e1ndalos de corrupci\u00f3n. El \u00faltimo es el caso del falso m\u00e1ster de Cristina Cifuentes, la presidenta de la Comunidad de Madrid. Ciudadanos, que se mira en el modelo ultraliberal de Macron en Francia, ya super\u00f3 al PP en la mayor\u00eda de las encuestas de opini\u00f3n y tiene una posici\u00f3n a\u00fan m\u00e1s reaccionaria sobre la cuesti\u00f3n catalana. Si el gobierno del PP fuera visto como d\u00e9bil, conciliador o haciendo gestos hacia la negociaci\u00f3n con los \u00abgolpistas separatistas\u00bb catalanes, eso solo beneficiar\u00eda a Ciudadanos. Por lo tanto, est\u00e1n atrapados.<\/p>\n<p>Finalmente, los l\u00edderes independentistas catalanes de ERC y PDECAT han demostrado estar dispuestos a acatar la ley, arguyendo que no han violado la ley para defender la voluntad popular del pueblo catal\u00e1n desde el 27 de octubre, cuando el Estado destituy\u00f3 al gobierno de Puigdemont. Su posici\u00f3n tampoco es c\u00f3moda. Por un lado, est\u00e1n los CDR, que siguen manteniendo viva la llama de la lucha. Por otro lado, el mismo Puigdemont necesita mantener las brasas encendidas e impedir que otro presidente sea elegido, de lo contrario estar\u00eda completamente fuera de la escena.<\/p>\n<p>La \u00fanica forma de romper este impasse y avanzar en la lucha para derrocar al r\u00e9gimen de 1978 ser\u00eda que las masas volviesen a las calles sobre la base de un programa que combinara la lucha por una Rep\u00fablica Catalana con la lucha por los derechos sociales y democr\u00e1ticos. Eso solo puede organizarse sobre la base de los CDR y la CUP: el \u00fanico partido proindependentista que se ha mantenido fiel a la lucha por una rep\u00fablica.<\/p>\n<p>La apertura de un \u00absegundo frente\u00bb contra el r\u00e9gimen en el resto del Estado espa\u00f1ol tambi\u00e9n ser\u00eda una contribuci\u00f3n poderosa para derrocar a un gobierno que ya est\u00e1 contra las cuerdas. A este respecto, hay una serie de signos esperanzadores que revelan el potencial de unir la lucha por los derechos democr\u00e1ticos en Catalunya con la lucha contra el r\u00e9gimen en el resto del Estado.<\/p>\n<h3><span style=\"color: #800000;\">Unidad contra la represi\u00f3n<\/span><\/h3>\n<p>Hace dos semanas, una delegaci\u00f3n de los CDR catalanes viaj\u00f3 a Murcia para mostrar su apoyo y solidaridad con la lucha contra la construcci\u00f3n de una l\u00ednea del AVE en el centro de esta ciudad. Los vecinos han estado llevando a cabo manifestaciones diarias y se han enfrentado a la brutal represi\u00f3n policial durante m\u00e1s de 200 d\u00edas, exigiendo que la l\u00ednea f\u00e9rrea sea soterrada en lugar de dividir la ciudad en dos. La visita de una delegaci\u00f3n solidaria de Catalunya se encontr\u00f3 con una reacci\u00f3n hist\u00e9rica por parte de los medios locales de derecha, pero los activistas locales se sorprendieron gratamente al descubrir que las personas que luchan en Catalunya son b\u00e1sicamente como ellas. El 15 de abril, una delegaci\u00f3n de Murcia devolvi\u00f3 la visita y se present\u00f3 en la manifestaci\u00f3n de Barcelona, \u200b\u200bdonde fueron muy bien recibidos.<\/p>\n<p>Tambi\u00e9n hubo una manifestaci\u00f3n en Madrid a favor de los presos pol\u00edticos catalanes el 6 de abril. A la manifestaci\u00f3n solo asistieron unos cientos de personas ya que no cont\u00f3 con el apoyo de los l\u00edderes oficiales de Podemos ni de la Izquierda Unida, pero fue pol\u00edticamente muy significativa en el sentido de que envi\u00f3 un mensaje al pueblo catal\u00e1n: \u00abno est\u00e1s solo\u00bb.<\/p>\n<div class=\"SandboxRoot env-bp-350\" data-twitter-event-id=\"3\">\n<div id=\"twitter-widget-3\" class=\"EmbeddedTweet EmbeddedTweet--edge EmbeddedTweet--mediaForward media-forward js-clickToOpenTarget js-tweetIdInfo tweet-InformationCircle-widgetParent\" lang=\"en\" data-click-to-open-target=\"https:\/\/twitter.com\/JordiPratsB\/status\/982674456505147392\" data-iframe-title=\"Twitter Tweet\" data-dt-full=\"%{hours12}:%{minutes} %{amPm} - %{day} %{month} %{year}\" data-dt-explicit-timestamp=\"11:40 AM - Apr 7, 2018\" data-dt-months=\"Jan|Feb|Mar|Apr|May|Jun|Jul|Aug|Sep|Oct|Nov|Dec\" data-dt-am=\"AM\" data-dt-pm=\"PM\" data-dt-now=\"now\" data-dt-s=\"s\" data-dt-m=\"m\" data-dt-h=\"h\" data-dt-second=\"second\" data-dt-seconds=\"seconds\" data-dt-minute=\"minute\" data-dt-minutes=\"minutes\" data-dt-hour=\"hour\" data-dt-hours=\"hours\" data-dt-abbr=\"%{number}%{symbol}\" data-dt-short=\"%{day} %{month}\" data-dt-long=\"%{day} %{month} %{year}\" data-scribe=\"page:tweet\" data-tweet-id=\"982674456505147392\" data-twitter-event-id=\"6\">\n<article class=\"MediaCard\n           MediaCard--mediaForward\n\n           cards-multimedia\n           customisable-border\" dir=\"ltr\" data-scribe=\"component:card\"><\/p>\n<div class=\"MediaCard-media\">\n<div class=\"MediaCard-widthConstraint js-cspForcedStyle\" data-style=\"max-width: 2000px\">\n<div class=\"MediaCard-mediaContainer js-cspForcedStyle\" data-style=\"padding-bottom: 56.2500%\">\n<div class=\"NaturalImage-ctaOverlay PlayButton PlayButton--centered\" data-scribe=\"element:play_button\">\n<div class=\"Icon Icon--playCircle \" title=\"Play Media\" role=\"img\" aria-label=\"Play Media\">\n<blockquote class=\"twitter-tweet\" data-lang=\"es\">\n<p dir=\"ltr\" lang=\"ca\">Manifestaci\u00f3 per la Gran Via de Madrid demanant llibertat pol\u00edtics catalans empresonats. <a href=\"https:\/\/t.co\/sNKQHbMiGj\">pic.twitter.com\/sNKQHbMiGj<\/a><\/p>\n<p>\u2014 Jordi Prats (@JordiPratsB) <a href=\"https:\/\/twitter.com\/JordiPratsB\/status\/982674456505147392?ref_src=twsrc%5Etfw\">7 de abril de 2018<\/a><\/p><\/blockquote>\n<p><a href=\"http:\/blockquote%20class=twitter-tweet%20data-lang=esp%20lang=ca%20dir=ltrManifestaci\u00f3%20per%20la%20Gran%20Via%20de%20Madrid%20demanant%20llibertat%20pol\u00edtics%20catalans%20empresonats.%20a%20href=https:\/\/t.co\/sNKQHbMiGjpic.twitter.com\/sNKQHbMiGj\/a\/p\u2014%20Jordi%20Prats%20(@JordiPratsB)%20a%20href=https:\/\/twitter.com\/JordiPratsB\/status\/982674456505147392?ref_src=twsrc%5Etfw7%20de%20abril%20de%202018\/a\/blockquote%20script%20async%20src=https:\/\/platform.twitter.com\/widgets.js%20charset=utf-8\/script\"><script async src=\"https:\/\/platform.twitter.com\/widgets.js\" charset=\"utf-8\"><\/script><\/a><\/div>\n<\/div>\n<\/div>\n<\/div>\n<\/div>\n<\/article>\n<\/div>\n<div class=\"resize-sensor\">\n<div class=\"resize-sensor-expand\">\n<div><\/div>\n<\/div>\n<\/div>\n<\/div>\n<p>El 14 de abril, aniversario de la declaraci\u00f3n de la II Rep\u00fablica espa\u00f1ola, los CDR de Catalunya emitieron una declaraci\u00f3n p\u00fablica dirigida a los republicanos del Estado espa\u00f1ol explicando que la lucha por una rep\u00fablica catalana no se basaba en el nacionalismo, sino en la lucha contra el r\u00e9gimen de 1978, que oprime a todos los pueblos de Espa\u00f1a y a la clase trabajadora en general. Los representantes de los CDR hablaron en la manifestaci\u00f3n republicana de Madrid y leyeron esta declaraci\u00f3n.<\/p>\n<p>Estas son peque\u00f1as indicaciones de lo que es posible y apuntan hacia el \u00fanico camino a seguir. La lucha por una Rep\u00fablica Catalana solo puede tener \u00e9xito al vincular la defensa de los derechos democr\u00e1ticos y nacionales con la lucha por los derechos sociales, contra el r\u00e9gimen de 1978 y contra el capitalismo en todo el Estado espa\u00f1ol.<span style=\"font-family: -apple-system, BlinkMacSystemFont, 'Segoe UI', Roboto, Oxygen-Sans, Ubuntu, Cantarell, 'Helvetica Neue', sans-serif;\">\u00a0<\/span><\/p>\n<\/section>\n<\/div>\n<\/article>\n<\/div>\n<\/div>\n<\/div>\n<\/div>\n","protected":false},"excerpt":{"rendered":"<p>Cientos de miles de personas salieron a las calles de Barcelona el domingo 15 de abril para rechazar la represi\u00f3n del Estado espa\u00f1ol. Una demanda clave fue la libertad de los presos pol\u00edticos catalanes: los manifestantes marcharon bajo el lema \u00abUs Volem a Casa\u00bb (\u00abOs queremos en casa\u00bb). Este fue el final de una semana&#8230;<\/p>\n","protected":false},"author":36,"featured_media":3011,"comment_status":"open","ping_status":"open","sticky":false,"template":"","format":"standard","meta":{"_monsterinsights_skip_tracking":false,"_monsterinsights_sitenote_active":false,"_monsterinsights_sitenote_note":"","_monsterinsights_sitenote_category":0,"_uf_show_specific_survey":0,"_uf_disable_surveys":false,"_jetpack_memberships_contains_paid_content":false,"footnotes":""},"categories":[78,3],"tags":[207,206,205],"class_list":["post-3006","post","type-post","status-publish","format-standard","has-post-thumbnail","hentry","category-catalunya","category-politica","tag-catalunya","tag-libertad","tag-presos-politicos"],"aioseo_notices":[],"yoast_head":"<!-- This site is optimized with the Yoast SEO plugin v25.6 - https:\/\/yoast.com\/wordpress\/plugins\/seo\/ -->\n<title>Catalunya: marcha masiva para exigir la liberaci\u00f3n de los presos pol\u00edticos<\/title>\n<meta name=\"robots\" content=\"index, follow, max-snippet:-1, max-image-preview:large, max-video-preview:-1\" \/>\n<link rel=\"canonical\" href=\"https:\/\/elcomunista.org\/?p=3006\" \/>\n<meta property=\"og:locale\" content=\"es_ES\" \/>\n<meta property=\"og:type\" content=\"article\" \/>\n<meta property=\"og:title\" content=\"Catalunya: marcha masiva para exigir la liberaci\u00f3n de los presos pol\u00edticos\" \/>\n<meta property=\"og:description\" content=\"Cientos de miles de personas salieron a las calles de Barcelona el domingo 15 de abril para rechazar la represi\u00f3n del Estado espa\u00f1ol. Una demanda clave fue la libertad de los presos pol\u00edticos catalanes: los manifestantes marcharon bajo el lema \u00abUs Volem a Casa\u00bb (\u00abOs queremos en casa\u00bb). Este fue el final de una semana...\" \/>\n<meta property=\"og:url\" content=\"https:\/\/elcomunista.org\/?p=3006\" \/>\n<meta property=\"og:site_name\" content=\"Revoluci\u00f3n Comunista\" \/>\n<meta property=\"article:publisher\" content=\"https:\/\/www.facebook.com\/Bloquepopularjuvenil\" \/>\n<meta property=\"article:published_time\" content=\"2018-04-17T15:18:07+00:00\" \/>\n<meta property=\"og:image\" content=\"https:\/\/elcomunista.org\/wp-content\/uploads\/2018\/04\/595ce396b2a6720bda5b5bbbbb93985f_w700_h500.jpg\" \/>\n\t<meta property=\"og:image:width\" content=\"700\" \/>\n\t<meta property=\"og:image:height\" content=\"491\" \/>\n\t<meta property=\"og:image:type\" content=\"image\/jpeg\" \/>\n<meta name=\"author\" content=\"Jorge Martin\" \/>\n<meta name=\"twitter:card\" content=\"summary_large_image\" \/>\n<meta name=\"twitter:creator\" content=\"@ElBPJ\" \/>\n<meta name=\"twitter:site\" content=\"@ElBPJ\" \/>\n<meta name=\"twitter:label1\" content=\"Escrito por\" \/>\n\t<meta name=\"twitter:data1\" content=\"Jorge Martin\" \/>\n\t<meta name=\"twitter:label2\" content=\"Tiempo de lectura\" \/>\n\t<meta name=\"twitter:data2\" content=\"15 minutos\" \/>\n<script type=\"application\/ld+json\" class=\"yoast-schema-graph\">{\"@context\":\"https:\/\/schema.org\",\"@graph\":[{\"@type\":\"Article\",\"@id\":\"https:\/\/elcomunista.org\/?p=3006#article\",\"isPartOf\":{\"@id\":\"https:\/\/elcomunista.org\/?p=3006\"},\"author\":{\"name\":\"Jorge Martin\",\"@id\":\"https:\/\/elcomunista.org\/#\/schema\/person\/4cc74db2ec789a45c134e77808ba2c32\"},\"headline\":\"Catalunya: marcha masiva para exigir la liberaci\u00f3n de los presos pol\u00edticos\",\"datePublished\":\"2018-04-17T15:18:07+00:00\",\"mainEntityOfPage\":{\"@id\":\"https:\/\/elcomunista.org\/?p=3006\"},\"wordCount\":2978,\"commentCount\":0,\"publisher\":{\"@id\":\"https:\/\/elcomunista.org\/#organization\"},\"image\":{\"@id\":\"https:\/\/elcomunista.org\/?p=3006#primaryimage\"},\"thumbnailUrl\":\"https:\/\/elcomunista.org\/wp-content\/uploads\/2018\/04\/595ce396b2a6720bda5b5bbbbb93985f_w700_h500.jpg\",\"keywords\":[\"Catalunya\",\"Libertad\",\"Presos pol\u00edticos\"],\"articleSection\":[\"Catalunya\",\"Pol\u00edtica\"],\"inLanguage\":\"es\",\"potentialAction\":[{\"@type\":\"CommentAction\",\"name\":\"Comment\",\"target\":[\"https:\/\/elcomunista.org\/?p=3006#respond\"]}]},{\"@type\":\"WebPage\",\"@id\":\"https:\/\/elcomunista.org\/?p=3006\",\"url\":\"https:\/\/elcomunista.org\/?p=3006\",\"name\":\"Catalunya: marcha masiva para exigir la liberaci\u00f3n de los presos pol\u00edticos\",\"isPartOf\":{\"@id\":\"https:\/\/elcomunista.org\/#website\"},\"primaryImageOfPage\":{\"@id\":\"https:\/\/elcomunista.org\/?p=3006#primaryimage\"},\"image\":{\"@id\":\"https:\/\/elcomunista.org\/?p=3006#primaryimage\"},\"thumbnailUrl\":\"https:\/\/elcomunista.org\/wp-content\/uploads\/2018\/04\/595ce396b2a6720bda5b5bbbbb93985f_w700_h500.jpg\",\"datePublished\":\"2018-04-17T15:18:07+00:00\",\"breadcrumb\":{\"@id\":\"https:\/\/elcomunista.org\/?p=3006#breadcrumb\"},\"inLanguage\":\"es\",\"potentialAction\":[{\"@type\":\"ReadAction\",\"target\":[\"https:\/\/elcomunista.org\/?p=3006\"]}]},{\"@type\":\"ImageObject\",\"inLanguage\":\"es\",\"@id\":\"https:\/\/elcomunista.org\/?p=3006#primaryimage\",\"url\":\"https:\/\/elcomunista.org\/wp-content\/uploads\/2018\/04\/595ce396b2a6720bda5b5bbbbb93985f_w700_h500.jpg\",\"contentUrl\":\"https:\/\/elcomunista.org\/wp-content\/uploads\/2018\/04\/595ce396b2a6720bda5b5bbbbb93985f_w700_h500.jpg\",\"width\":700,\"height\":491},{\"@type\":\"BreadcrumbList\",\"@id\":\"https:\/\/elcomunista.org\/?p=3006#breadcrumb\",\"itemListElement\":[{\"@type\":\"ListItem\",\"position\":1,\"name\":\"Portada\",\"item\":\"https:\/\/elcomunista.org\/\"},{\"@type\":\"ListItem\",\"position\":2,\"name\":\"Catalunya: marcha masiva para exigir la liberaci\u00f3n de los presos pol\u00edticos\"}]},{\"@type\":\"WebSite\",\"@id\":\"https:\/\/elcomunista.org\/#website\",\"url\":\"https:\/\/elcomunista.org\/\",\"name\":\"Revoluci\u00f3n Comunista\",\"description\":\"Internacional Comunista Revolucionaria\",\"publisher\":{\"@id\":\"https:\/\/elcomunista.org\/#organization\"},\"potentialAction\":[{\"@type\":\"SearchAction\",\"target\":{\"@type\":\"EntryPoint\",\"urlTemplate\":\"https:\/\/elcomunista.org\/?s={search_term_string}\"},\"query-input\":{\"@type\":\"PropertyValueSpecification\",\"valueRequired\":true,\"valueName\":\"search_term_string\"}}],\"inLanguage\":\"es\"},{\"@type\":\"Organization\",\"@id\":\"https:\/\/elcomunista.org\/#organization\",\"name\":\"Bloque Popular Juvenil\",\"url\":\"https:\/\/elcomunista.org\/\",\"logo\":{\"@type\":\"ImageObject\",\"inLanguage\":\"es\",\"@id\":\"https:\/\/elcomunista.org\/#\/schema\/logo\/image\/\",\"url\":\"https:\/\/bloquepopularjuvenil.org\/wp-content\/uploads\/2018\/11\/bpj-militante.jpg\",\"contentUrl\":\"https:\/\/bloquepopularjuvenil.org\/wp-content\/uploads\/2018\/11\/bpj-militante.jpg\",\"width\":4000,\"height\":1390,\"caption\":\"Bloque Popular Juvenil\"},\"image\":{\"@id\":\"https:\/\/elcomunista.org\/#\/schema\/logo\/image\/\"},\"sameAs\":[\"https:\/\/www.facebook.com\/Bloquepopularjuvenil\",\"https:\/\/x.com\/ElBPJ\",\"https:\/\/www.instagram.com\/elbloque_bpj\/?hl=es-la\"]},{\"@type\":\"Person\",\"@id\":\"https:\/\/elcomunista.org\/#\/schema\/person\/4cc74db2ec789a45c134e77808ba2c32\",\"name\":\"Jorge Martin\",\"image\":{\"@type\":\"ImageObject\",\"inLanguage\":\"es\",\"@id\":\"https:\/\/elcomunista.org\/#\/schema\/person\/image\/\",\"url\":\"https:\/\/secure.gravatar.com\/avatar\/19f21407383a9ad29194a5cadd7eac42?s=96&d=mm&r=g\",\"contentUrl\":\"https:\/\/secure.gravatar.com\/avatar\/19f21407383a9ad29194a5cadd7eac42?s=96&d=mm&r=g\",\"caption\":\"Jorge Martin\"},\"url\":\"https:\/\/elcomunista.org\/?author=36\"}]}<\/script>\n<!-- \/ Yoast SEO plugin. -->","yoast_head_json":{"title":"Catalunya: marcha masiva para exigir la liberaci\u00f3n de los presos pol\u00edticos","robots":{"index":"index","follow":"follow","max-snippet":"max-snippet:-1","max-image-preview":"max-image-preview:large","max-video-preview":"max-video-preview:-1"},"canonical":"https:\/\/elcomunista.org\/?p=3006","og_locale":"es_ES","og_type":"article","og_title":"Catalunya: marcha masiva para exigir la liberaci\u00f3n de los presos pol\u00edticos","og_description":"Cientos de miles de personas salieron a las calles de Barcelona el domingo 15 de abril para rechazar la represi\u00f3n del Estado espa\u00f1ol. Una demanda clave fue la libertad de los presos pol\u00edticos catalanes: los manifestantes marcharon bajo el lema \u00abUs Volem a Casa\u00bb (\u00abOs queremos en casa\u00bb). Este fue el final de una semana...","og_url":"https:\/\/elcomunista.org\/?p=3006","og_site_name":"Revoluci\u00f3n Comunista","article_publisher":"https:\/\/www.facebook.com\/Bloquepopularjuvenil","article_published_time":"2018-04-17T15:18:07+00:00","og_image":[{"width":700,"height":491,"url":"https:\/\/elcomunista.org\/wp-content\/uploads\/2018\/04\/595ce396b2a6720bda5b5bbbbb93985f_w700_h500.jpg","type":"image\/jpeg"}],"author":"Jorge Martin","twitter_card":"summary_large_image","twitter_creator":"@ElBPJ","twitter_site":"@ElBPJ","twitter_misc":{"Escrito por":"Jorge Martin","Tiempo de lectura":"15 minutos"},"schema":{"@context":"https:\/\/schema.org","@graph":[{"@type":"Article","@id":"https:\/\/elcomunista.org\/?p=3006#article","isPartOf":{"@id":"https:\/\/elcomunista.org\/?p=3006"},"author":{"name":"Jorge Martin","@id":"https:\/\/elcomunista.org\/#\/schema\/person\/4cc74db2ec789a45c134e77808ba2c32"},"headline":"Catalunya: marcha masiva para exigir la liberaci\u00f3n de los presos pol\u00edticos","datePublished":"2018-04-17T15:18:07+00:00","mainEntityOfPage":{"@id":"https:\/\/elcomunista.org\/?p=3006"},"wordCount":2978,"commentCount":0,"publisher":{"@id":"https:\/\/elcomunista.org\/#organization"},"image":{"@id":"https:\/\/elcomunista.org\/?p=3006#primaryimage"},"thumbnailUrl":"https:\/\/elcomunista.org\/wp-content\/uploads\/2018\/04\/595ce396b2a6720bda5b5bbbbb93985f_w700_h500.jpg","keywords":["Catalunya","Libertad","Presos pol\u00edticos"],"articleSection":["Catalunya","Pol\u00edtica"],"inLanguage":"es","potentialAction":[{"@type":"CommentAction","name":"Comment","target":["https:\/\/elcomunista.org\/?p=3006#respond"]}]},{"@type":"WebPage","@id":"https:\/\/elcomunista.org\/?p=3006","url":"https:\/\/elcomunista.org\/?p=3006","name":"Catalunya: marcha masiva para exigir la liberaci\u00f3n de los presos pol\u00edticos","isPartOf":{"@id":"https:\/\/elcomunista.org\/#website"},"primaryImageOfPage":{"@id":"https:\/\/elcomunista.org\/?p=3006#primaryimage"},"image":{"@id":"https:\/\/elcomunista.org\/?p=3006#primaryimage"},"thumbnailUrl":"https:\/\/elcomunista.org\/wp-content\/uploads\/2018\/04\/595ce396b2a6720bda5b5bbbbb93985f_w700_h500.jpg","datePublished":"2018-04-17T15:18:07+00:00","breadcrumb":{"@id":"https:\/\/elcomunista.org\/?p=3006#breadcrumb"},"inLanguage":"es","potentialAction":[{"@type":"ReadAction","target":["https:\/\/elcomunista.org\/?p=3006"]}]},{"@type":"ImageObject","inLanguage":"es","@id":"https:\/\/elcomunista.org\/?p=3006#primaryimage","url":"https:\/\/elcomunista.org\/wp-content\/uploads\/2018\/04\/595ce396b2a6720bda5b5bbbbb93985f_w700_h500.jpg","contentUrl":"https:\/\/elcomunista.org\/wp-content\/uploads\/2018\/04\/595ce396b2a6720bda5b5bbbbb93985f_w700_h500.jpg","width":700,"height":491},{"@type":"BreadcrumbList","@id":"https:\/\/elcomunista.org\/?p=3006#breadcrumb","itemListElement":[{"@type":"ListItem","position":1,"name":"Portada","item":"https:\/\/elcomunista.org\/"},{"@type":"ListItem","position":2,"name":"Catalunya: marcha masiva para exigir la liberaci\u00f3n de los presos pol\u00edticos"}]},{"@type":"WebSite","@id":"https:\/\/elcomunista.org\/#website","url":"https:\/\/elcomunista.org\/","name":"Revoluci\u00f3n Comunista","description":"Internacional Comunista Revolucionaria","publisher":{"@id":"https:\/\/elcomunista.org\/#organization"},"potentialAction":[{"@type":"SearchAction","target":{"@type":"EntryPoint","urlTemplate":"https:\/\/elcomunista.org\/?s={search_term_string}"},"query-input":{"@type":"PropertyValueSpecification","valueRequired":true,"valueName":"search_term_string"}}],"inLanguage":"es"},{"@type":"Organization","@id":"https:\/\/elcomunista.org\/#organization","name":"Bloque Popular Juvenil","url":"https:\/\/elcomunista.org\/","logo":{"@type":"ImageObject","inLanguage":"es","@id":"https:\/\/elcomunista.org\/#\/schema\/logo\/image\/","url":"https:\/\/bloquepopularjuvenil.org\/wp-content\/uploads\/2018\/11\/bpj-militante.jpg","contentUrl":"https:\/\/bloquepopularjuvenil.org\/wp-content\/uploads\/2018\/11\/bpj-militante.jpg","width":4000,"height":1390,"caption":"Bloque Popular Juvenil"},"image":{"@id":"https:\/\/elcomunista.org\/#\/schema\/logo\/image\/"},"sameAs":["https:\/\/www.facebook.com\/Bloquepopularjuvenil","https:\/\/x.com\/ElBPJ","https:\/\/www.instagram.com\/elbloque_bpj\/?hl=es-la"]},{"@type":"Person","@id":"https:\/\/elcomunista.org\/#\/schema\/person\/4cc74db2ec789a45c134e77808ba2c32","name":"Jorge Martin","image":{"@type":"ImageObject","inLanguage":"es","@id":"https:\/\/elcomunista.org\/#\/schema\/person\/image\/","url":"https:\/\/secure.gravatar.com\/avatar\/19f21407383a9ad29194a5cadd7eac42?s=96&d=mm&r=g","contentUrl":"https:\/\/secure.gravatar.com\/avatar\/19f21407383a9ad29194a5cadd7eac42?s=96&d=mm&r=g","caption":"Jorge Martin"},"url":"https:\/\/elcomunista.org\/?author=36"}]}},"jetpack_featured_media_url":"https:\/\/elcomunista.org\/wp-content\/uploads\/2018\/04\/595ce396b2a6720bda5b5bbbbb93985f_w700_h500.jpg","jetpack_likes_enabled":true,"jetpack_sharing_enabled":true,"_links":{"self":[{"href":"https:\/\/elcomunista.org\/index.php?rest_route=\/wp\/v2\/posts\/3006"}],"collection":[{"href":"https:\/\/elcomunista.org\/index.php?rest_route=\/wp\/v2\/posts"}],"about":[{"href":"https:\/\/elcomunista.org\/index.php?rest_route=\/wp\/v2\/types\/post"}],"author":[{"embeddable":true,"href":"https:\/\/elcomunista.org\/index.php?rest_route=\/wp\/v2\/users\/36"}],"replies":[{"embeddable":true,"href":"https:\/\/elcomunista.org\/index.php?rest_route=%2Fwp%2Fv2%2Fcomments&post=3006"}],"version-history":[{"count":0,"href":"https:\/\/elcomunista.org\/index.php?rest_route=\/wp\/v2\/posts\/3006\/revisions"}],"wp:featuredmedia":[{"embeddable":true,"href":"https:\/\/elcomunista.org\/index.php?rest_route=\/wp\/v2\/media\/3011"}],"wp:attachment":[{"href":"https:\/\/elcomunista.org\/index.php?rest_route=%2Fwp%2Fv2%2Fmedia&parent=3006"}],"wp:term":[{"taxonomy":"category","embeddable":true,"href":"https:\/\/elcomunista.org\/index.php?rest_route=%2Fwp%2Fv2%2Fcategories&post=3006"},{"taxonomy":"post_tag","embeddable":true,"href":"https:\/\/elcomunista.org\/index.php?rest_route=%2Fwp%2Fv2%2Ftags&post=3006"}],"curies":[{"name":"wp","href":"https:\/\/api.w.org\/{rel}","templated":true}]}}