{"id":3324,"date":"2018-06-02T09:53:43","date_gmt":"2018-06-02T15:53:43","guid":{"rendered":"http:\/\/bloquepopularjuvenil.org\/?p=3324"},"modified":"2018-06-02T09:53:43","modified_gmt":"2018-06-02T15:53:43","slug":"argentina-los-trabajadores-y-la-juventud-le-dicen-no-al-fmi-en-las-calles","status":"publish","type":"post","link":"https:\/\/elcomunista.org\/?p=3324","title":{"rendered":"Argentina: Los trabajadores y la juventud le dicen NO al FMI en las calles"},"content":{"rendered":"<p>Una multitud, una masa compacta de cientos de miles se dio cita este viernes 25 de mayo en el Obelisco del centro porte\u00f1o para repudiar al gobierno de Mauricio Macri y su pol\u00edtica de entrega al Fondo Monetario Internacional.<\/p>\n<p>Desde la Avenida Corrientes hasta Moreno la Avenida 9 de julio se vio repleta de punta a punta. Organizaciones pol\u00edticas, sociales, sindicales y gran cantidad de j\u00f3venes y trabajadores que no se referencian en ninguna organizaci\u00f3n dejaron a la vista de todos, una vez m\u00e1s, la enorme predisposici\u00f3n de lucha que anida en las masas, la voluntad de movilizarse y expresar su bronca ante el ajuste en curso.<\/p>\n<p>Mientras la movilizaci\u00f3n copaba el centro de la ciudad Macri, junto a mandos del Ejercito Argentino, asist\u00eda al tradicional y olig\u00e1rquico Tedeum en la Catedral Metropolitana y a su salida saludaba a una multitud imaginaria ya que la Plaza de Mayo estaba fuertemente vallada por la polic\u00eda.<\/p>\n<h3><span style=\"color: #800000;\">Los convocantes<\/span><\/h3>\n<p>La movilizaci\u00f3n estuvo motorizada desde el comienzo por aquellos sectores pol\u00edticos y sindicales cercanos a Unidad Ciudadana que llamaron a \u201cuna gran manifestaci\u00f3n patri\u00f3tica reivindicando el 25 de mayo y rechazando al FMI\u201d y donde dar\u00edan lectura a la \u201cProclama Popular del 25 de Mayo de 2018: No al FMI\u201d.<\/p>\n<p>Se pudo ver entre los convocantes a gremios de la Corriente Federal, el Moyanismo, sindicatos de las dos CTAs, el bloque que forman la CTEP, Barrios de Pie y la CCC, organismos de Derechos Humanos como Madres y Abuelas de Plaza de Mayo.<\/p>\n<p>Sergio Palazzo dirigente Bancario, dijo que el objetivo es continuar con la \u201cunidad en las calles\u201d<\/p>\n<p>Por su parte los dirigentes del Frente de Izquierda y los Trabajadores (FIT) se negaron a participar de la movilizaci\u00f3n, aunque algunos grupos de izquierda que se orientan hacia el FIT se hicieron presentes, tambi\u00e9n se vio una columna del MST, que integra un frente pol\u00edtico con el Nuevo MAS.<\/p>\n<h3><span style=\"color: #800000;\">Crisis de direcci\u00f3n y sectarismo<\/span><\/h3>\n<p>Mas all\u00e1 de la potente movilizaci\u00f3n, esta marcha deja expuestos una serie de problemas que atraviesa el campo revolucionario.<\/p>\n<p>Por un lado los sectores convocantes centran toda su acci\u00f3n pol\u00edtica hacia las elecciones de 2019, at\u00e1ndose a la institucionalidad, sosteniendo la gobernabilidad, e intentando posicionar a un candidato Peronista\/Kirchnerista para las elecciones.<\/p>\n<p>Estos sectores muestran sus limitaciones de clase, al no comprender que el problema no solo es Macri, sino que esta enraizado en la crisis del capitalismo argentino, producto de la crisis capitalista mundial.<\/p>\n<p>Hoy nos encontramos en una crisis mundial, que no es c\u00edclica sino hist\u00f3rica y que imposibilita llevar adelante cualquier intento de plan desarrollista, que se centre en aliarse o intentar regular a cualquiera de las facciones dominantes de la burgues\u00eda. Ya se sabe que no se puede alimentar a un le\u00f3n con lechuga.<\/p>\n<p>La realidad nos muestra que la econom\u00eda de nuestro pa\u00eds es una econom\u00eda que estructuralmente es atrasada, d\u00e9bil, sometida al capital extranjero, altamente concentrada y soldada firmemente al mercado mundial. Lo que evidencia la incapacidad org\u00e1nica de la burgues\u00eda y la oligarqu\u00eda de desarrollar un fuerte aparato productivo, con un s\u00f3lido mercado interno y el desarrollo de tecnolog\u00edas que permitan poner en pie una industria de industrias. Por eso mismo plantear que hay un sector de la burgues\u00eda que es capaz de desarrollar el aparato productivo en intereses de la naci\u00f3n, no s\u00f3lo es algo anacr\u00f3nico desde el punto de vista hist\u00f3rico, sino que es ut\u00f3pico en el marco de la crisis econ\u00f3mica mundial.<\/p>\n<p>Hay que se claros en esto: gobernar en el marco de una crisis econ\u00f3mica global de car\u00e1cter sist\u00e9mico y secular, s\u00f3lo puede implicar, en l\u00edneas reformistas, gestionar la crisis del capitalismo y descargarla sobre los hombros de los trabajadores y el pueblo pobre.<\/p>\n<p>En este contexto estas organizaciones pretenden jugar el papel de una oposici\u00f3n leal y democr\u00e1tica que espera pacientemente a las elecciones presidenciales para disputarle el poder al Macrismo. De ah\u00ed se desprende que la lucha que presentan es una lucha parcial, que no contempla un plan de lucha sostenido que comience con la convocatoria a un paro nacional activo hasta derrotar a este gobierno. Si bien es cierto que durante el acto se expreso desde el escenario que \u201clas organizaciones sindicales que est\u00e1n aqu\u00ed convocan al paro general\u201d esto no se expresa en acciones concretas como convocatorias a asambleas de base en las fabricas, empresas y lugares de trabajo donde las organizaciones de primer y segundo grado como son los cuerpos de delegados y las juntas internas le den forma a esta convocatoria y pueda ser materializada a la vez que se hace un llamamiento a la base de aquellos sindicatos cuyos dirigentes se oponen al paro, a que rebasen a sus conducciones y se sumen a la huelga.<\/p>\n<p>Los hechos dejan en claro que este movimiento de base obrera y popular no tiene salida con estos dirigentes que no se plantean romper con la apuesta policlasista y dirimir la confrontaci\u00f3n con la burgues\u00eda nacional y el imperialismo en l\u00edneas de clase. Sin embargo su base representa una fuerza formidable que debe ser tenida en cuenta.<\/p>\n<p>Por otro lado el frente con mas autoridad y fuerza dentro de la izquierda revolucionaria, el FIT, no concurri\u00f3 a la movilizaci\u00f3n en una actitud claramente sectaria y que la aleja de disputar su base social y electoral a la dirigencia reformista. Una vez mas la enfermedad infantil del izquierdismo conduce a mal puerto.<\/p>\n<p>Es evidente que desde la izquierda tenemos como desaf\u00edo al mismo tiempo que luchamos por la independencia pol\u00edtica de nuestra clase, materializar el programa revolucionario en los sectores obreros, la juventud y su vanguardia. Pero esto solo puede darse si contamos con principios firmes y con t\u00e1cticas flexibles. Solo combatiendo el sectarismo y acompa\u00f1ando un proceso de maduraci\u00f3n de la clase obrera y su vanguardia es que podremos disputar la direcci\u00f3n del movimiento hacia una nueva legalidad.<\/p>\n<p>Se trata de partir del movimiento tal como es, y aplicar las t\u00e1cticas m\u00e1s h\u00e1biles para conectar con el aut\u00e9ntico movimiento de las masas y fertilizarlo con el programa del marxismo revolucionario. Como plantea Trotsky en consideraciones generales sobre el frente \u00fanico:\u00a0<em>\u201cSi pudi\u00e9semos simplemente unir al proletariado en torno a nuestra bandera o alrededor de nuestras consignas pr\u00e1cticas, y saltar por encima de las organizaciones reformistas, ya fuesen partidos o sindicatos, l\u00f3gicamente, esto ser\u00eda lo mejor del mundo\u201d<\/em><\/p>\n<p>Por lo tanto el FIT al ausentarse de la movilizaci\u00f3n haciendo un clich\u00e9 de la independencia de clase deja hu\u00e9rfanos de una posici\u00f3n revolucionaria a los cientos de miles que concurrieron con un instinto sano de enfrentar al FMI. Lo correcto hubiese sido participar de la masiva movilizaci\u00f3n con un programa propio que se delimite con el programa reformista y plantee un programa de transici\u00f3n al Socialismo como salida.<\/p>\n<p>Tal es la t\u00e1ctica que plantea la Corriente Socialista Militante, tomando como base la t\u00e1ctica del Frente \u00danico.<\/p>\n<p>Es por eso que, desde nuestro espacio, planteamos que debemos tener paciencia, ser firmes en los principios y m\u00e9todos revolucionarios. Tenemos que tener confianza en la clase obrera y los trabajadores, ya que no solo es la clase moderna y creativa por excelencia, sino tambi\u00e9n la \u00fanica clase potencialmente revolucionaria. La t\u00e1ctica de frente \u00fanico, las tradiciones y m\u00e9todos del marxismo revolucionario, como as\u00ed la necesidad del debate y la acci\u00f3n deben ser las armas para los embates futuros contra el gran capital y superar la crisis de direcci\u00f3n por la que atraviesa el campo revolucionario.<\/p>\n<p>Sabemos tambi\u00e9n de las dificultades que el FIT mantiene con la base que a\u00fan abriga ilusiones en CFK, se trata entonces abrir este debate en t\u00e9rminos de una posibilidad cierta de amalgamar a la vanguardia obrera y juvenil de diferentes partidos y movimientos en la lucha por el Socialismo.<\/p>\n<p>Sumate a construir la Corriente Marxista Internacional y su secci\u00f3n Argentina en lucha permanente contra el reformismo y el sectarismo, en el camino de construir la necesaria herramienta que nos permita recorrer el \u00fanico camino favorable para los intereses de los de abajo: la superaci\u00f3n revolucionaria del capitalismo.<\/p>\n","protected":false},"excerpt":{"rendered":"<p>Una multitud, una masa compacta de cientos de miles se dio cita este viernes 25 de mayo en el Obelisco del centro porte\u00f1o para repudiar al gobierno de Mauricio Macri y su pol\u00edtica de entrega al Fondo Monetario Internacional. Desde la Avenida Corrientes hasta Moreno la Avenida 9 de julio se vio repleta de punta&#8230;<\/p>\n","protected":false},"author":18,"featured_media":3325,"comment_status":"open","ping_status":"open","sticky":false,"template":"","format":"standard","meta":{"_monsterinsights_skip_tracking":false,"_monsterinsights_sitenote_active":false,"_monsterinsights_sitenote_note":"","_monsterinsights_sitenote_category":0,"_uf_show_specific_survey":0,"_uf_disable_surveys":false,"_jetpack_memberships_contains_paid_content":false,"footnotes":""},"categories":[17,3],"tags":[261,259,74,258,260],"class_list":["post-3324","post","type-post","status-publish","format-standard","has-post-thumbnail","hentry","category-argentina","category-politica","tag-cfk","tag-fmi","tag-juventud","tag-macri","tag-trabajadores"],"aioseo_notices":[],"yoast_head":"<!-- This site is optimized with the Yoast SEO plugin v25.6 - https:\/\/yoast.com\/wordpress\/plugins\/seo\/ -->\n<title>Argentina: Los trabajadores y la juventud le dicen NO al FMI en las calles<\/title>\n<meta name=\"robots\" content=\"index, follow, max-snippet:-1, max-image-preview:large, max-video-preview:-1\" \/>\n<link rel=\"canonical\" href=\"https:\/\/elcomunista.org\/?p=3324\" \/>\n<meta property=\"og:locale\" content=\"es_ES\" \/>\n<meta property=\"og:type\" content=\"article\" \/>\n<meta property=\"og:title\" content=\"Argentina: Los trabajadores y la juventud le dicen NO al FMI en las calles\" \/>\n<meta property=\"og:description\" content=\"Una multitud, una masa compacta de cientos de miles se dio cita este viernes 25 de mayo en el Obelisco del centro porte\u00f1o para repudiar al gobierno de Mauricio Macri y su pol\u00edtica de entrega al Fondo Monetario Internacional. Desde la Avenida Corrientes hasta Moreno la Avenida 9 de julio se vio repleta de punta...\" \/>\n<meta property=\"og:url\" content=\"https:\/\/elcomunista.org\/?p=3324\" \/>\n<meta property=\"og:site_name\" content=\"Revoluci\u00f3n Comunista\" \/>\n<meta property=\"article:publisher\" content=\"https:\/\/www.facebook.com\/Bloquepopularjuvenil\" \/>\n<meta property=\"article:published_time\" content=\"2018-06-02T15:53:43+00:00\" \/>\n<meta property=\"og:image\" content=\"https:\/\/elcomunista.org\/wp-content\/uploads\/2018\/06\/B1g370r17_1200x0__1.jpg\" \/>\n\t<meta property=\"og:image:width\" content=\"1200\" \/>\n\t<meta property=\"og:image:height\" content=\"800\" \/>\n\t<meta property=\"og:image:type\" content=\"image\/jpeg\" \/>\n<meta name=\"author\" content=\"Corriente Socialista Militante - Argentina\" \/>\n<meta name=\"twitter:card\" content=\"summary_large_image\" \/>\n<meta name=\"twitter:creator\" content=\"@ElBPJ\" \/>\n<meta name=\"twitter:site\" content=\"@ElBPJ\" \/>\n<meta name=\"twitter:label1\" content=\"Escrito por\" \/>\n\t<meta name=\"twitter:data1\" content=\"Corriente Socialista Militante - Argentina\" \/>\n\t<meta name=\"twitter:label2\" content=\"Tiempo de lectura\" \/>\n\t<meta name=\"twitter:data2\" content=\"7 minutos\" \/>\n<script type=\"application\/ld+json\" class=\"yoast-schema-graph\">{\"@context\":\"https:\/\/schema.org\",\"@graph\":[{\"@type\":\"Article\",\"@id\":\"https:\/\/elcomunista.org\/?p=3324#article\",\"isPartOf\":{\"@id\":\"https:\/\/elcomunista.org\/?p=3324\"},\"author\":{\"name\":\"Corriente Socialista Militante - Argentina\",\"@id\":\"https:\/\/elcomunista.org\/#\/schema\/person\/80251289d3811111daae983f9b3af9c6\"},\"headline\":\"Argentina: Los trabajadores y la juventud le dicen NO al FMI en las calles\",\"datePublished\":\"2018-06-02T15:53:43+00:00\",\"mainEntityOfPage\":{\"@id\":\"https:\/\/elcomunista.org\/?p=3324\"},\"wordCount\":1428,\"commentCount\":0,\"publisher\":{\"@id\":\"https:\/\/elcomunista.org\/#organization\"},\"image\":{\"@id\":\"https:\/\/elcomunista.org\/?p=3324#primaryimage\"},\"thumbnailUrl\":\"https:\/\/elcomunista.org\/wp-content\/uploads\/2018\/06\/B1g370r17_1200x0__1.jpg\",\"keywords\":[\"CFK\",\"FMI\",\"juventud\",\"Macri\",\"Trabajadores\"],\"articleSection\":[\"Argentina\",\"Pol\u00edtica\"],\"inLanguage\":\"es\",\"potentialAction\":[{\"@type\":\"CommentAction\",\"name\":\"Comment\",\"target\":[\"https:\/\/elcomunista.org\/?p=3324#respond\"]}]},{\"@type\":\"WebPage\",\"@id\":\"https:\/\/elcomunista.org\/?p=3324\",\"url\":\"https:\/\/elcomunista.org\/?p=3324\",\"name\":\"Argentina: Los trabajadores y la juventud le dicen NO al FMI en las calles\",\"isPartOf\":{\"@id\":\"https:\/\/elcomunista.org\/#website\"},\"primaryImageOfPage\":{\"@id\":\"https:\/\/elcomunista.org\/?p=3324#primaryimage\"},\"image\":{\"@id\":\"https:\/\/elcomunista.org\/?p=3324#primaryimage\"},\"thumbnailUrl\":\"https:\/\/elcomunista.org\/wp-content\/uploads\/2018\/06\/B1g370r17_1200x0__1.jpg\",\"datePublished\":\"2018-06-02T15:53:43+00:00\",\"breadcrumb\":{\"@id\":\"https:\/\/elcomunista.org\/?p=3324#breadcrumb\"},\"inLanguage\":\"es\",\"potentialAction\":[{\"@type\":\"ReadAction\",\"target\":[\"https:\/\/elcomunista.org\/?p=3324\"]}]},{\"@type\":\"ImageObject\",\"inLanguage\":\"es\",\"@id\":\"https:\/\/elcomunista.org\/?p=3324#primaryimage\",\"url\":\"https:\/\/elcomunista.org\/wp-content\/uploads\/2018\/06\/B1g370r17_1200x0__1.jpg\",\"contentUrl\":\"https:\/\/elcomunista.org\/wp-content\/uploads\/2018\/06\/B1g370r17_1200x0__1.jpg\",\"width\":1200,\"height\":800},{\"@type\":\"BreadcrumbList\",\"@id\":\"https:\/\/elcomunista.org\/?p=3324#breadcrumb\",\"itemListElement\":[{\"@type\":\"ListItem\",\"position\":1,\"name\":\"Portada\",\"item\":\"https:\/\/elcomunista.org\/\"},{\"@type\":\"ListItem\",\"position\":2,\"name\":\"Argentina: Los trabajadores y la juventud le dicen NO al FMI en las calles\"}]},{\"@type\":\"WebSite\",\"@id\":\"https:\/\/elcomunista.org\/#website\",\"url\":\"https:\/\/elcomunista.org\/\",\"name\":\"Revoluci\u00f3n Comunista\",\"description\":\"Internacional Comunista Revolucionaria\",\"publisher\":{\"@id\":\"https:\/\/elcomunista.org\/#organization\"},\"potentialAction\":[{\"@type\":\"SearchAction\",\"target\":{\"@type\":\"EntryPoint\",\"urlTemplate\":\"https:\/\/elcomunista.org\/?s={search_term_string}\"},\"query-input\":{\"@type\":\"PropertyValueSpecification\",\"valueRequired\":true,\"valueName\":\"search_term_string\"}}],\"inLanguage\":\"es\"},{\"@type\":\"Organization\",\"@id\":\"https:\/\/elcomunista.org\/#organization\",\"name\":\"Bloque Popular Juvenil\",\"url\":\"https:\/\/elcomunista.org\/\",\"logo\":{\"@type\":\"ImageObject\",\"inLanguage\":\"es\",\"@id\":\"https:\/\/elcomunista.org\/#\/schema\/logo\/image\/\",\"url\":\"https:\/\/bloquepopularjuvenil.org\/wp-content\/uploads\/2018\/11\/bpj-militante.jpg\",\"contentUrl\":\"https:\/\/bloquepopularjuvenil.org\/wp-content\/uploads\/2018\/11\/bpj-militante.jpg\",\"width\":4000,\"height\":1390,\"caption\":\"Bloque Popular Juvenil\"},\"image\":{\"@id\":\"https:\/\/elcomunista.org\/#\/schema\/logo\/image\/\"},\"sameAs\":[\"https:\/\/www.facebook.com\/Bloquepopularjuvenil\",\"https:\/\/x.com\/ElBPJ\",\"https:\/\/www.instagram.com\/elbloque_bpj\/?hl=es-la\"]},{\"@type\":\"Person\",\"@id\":\"https:\/\/elcomunista.org\/#\/schema\/person\/80251289d3811111daae983f9b3af9c6\",\"name\":\"Corriente Socialista Militante - Argentina\",\"image\":{\"@type\":\"ImageObject\",\"inLanguage\":\"es\",\"@id\":\"https:\/\/elcomunista.org\/#\/schema\/person\/image\/\",\"url\":\"https:\/\/secure.gravatar.com\/avatar\/c67ecf9955ec1dedd00eb5a811890742?s=96&d=mm&r=g\",\"contentUrl\":\"https:\/\/secure.gravatar.com\/avatar\/c67ecf9955ec1dedd00eb5a811890742?s=96&d=mm&r=g\",\"caption\":\"Corriente Socialista Militante - Argentina\"},\"url\":\"https:\/\/elcomunista.org\/?author=18\"}]}<\/script>\n<!-- \/ Yoast SEO plugin. -->","yoast_head_json":{"title":"Argentina: Los trabajadores y la juventud le dicen NO al FMI en las calles","robots":{"index":"index","follow":"follow","max-snippet":"max-snippet:-1","max-image-preview":"max-image-preview:large","max-video-preview":"max-video-preview:-1"},"canonical":"https:\/\/elcomunista.org\/?p=3324","og_locale":"es_ES","og_type":"article","og_title":"Argentina: Los trabajadores y la juventud le dicen NO al FMI en las calles","og_description":"Una multitud, una masa compacta de cientos de miles se dio cita este viernes 25 de mayo en el Obelisco del centro porte\u00f1o para repudiar al gobierno de Mauricio Macri y su pol\u00edtica de entrega al Fondo Monetario Internacional. Desde la Avenida Corrientes hasta Moreno la Avenida 9 de julio se vio repleta de punta...","og_url":"https:\/\/elcomunista.org\/?p=3324","og_site_name":"Revoluci\u00f3n Comunista","article_publisher":"https:\/\/www.facebook.com\/Bloquepopularjuvenil","article_published_time":"2018-06-02T15:53:43+00:00","og_image":[{"width":1200,"height":800,"url":"https:\/\/elcomunista.org\/wp-content\/uploads\/2018\/06\/B1g370r17_1200x0__1.jpg","type":"image\/jpeg"}],"author":"Corriente Socialista Militante - Argentina","twitter_card":"summary_large_image","twitter_creator":"@ElBPJ","twitter_site":"@ElBPJ","twitter_misc":{"Escrito por":"Corriente Socialista Militante - Argentina","Tiempo de lectura":"7 minutos"},"schema":{"@context":"https:\/\/schema.org","@graph":[{"@type":"Article","@id":"https:\/\/elcomunista.org\/?p=3324#article","isPartOf":{"@id":"https:\/\/elcomunista.org\/?p=3324"},"author":{"name":"Corriente Socialista Militante - Argentina","@id":"https:\/\/elcomunista.org\/#\/schema\/person\/80251289d3811111daae983f9b3af9c6"},"headline":"Argentina: Los trabajadores y la juventud le dicen NO al FMI en las calles","datePublished":"2018-06-02T15:53:43+00:00","mainEntityOfPage":{"@id":"https:\/\/elcomunista.org\/?p=3324"},"wordCount":1428,"commentCount":0,"publisher":{"@id":"https:\/\/elcomunista.org\/#organization"},"image":{"@id":"https:\/\/elcomunista.org\/?p=3324#primaryimage"},"thumbnailUrl":"https:\/\/elcomunista.org\/wp-content\/uploads\/2018\/06\/B1g370r17_1200x0__1.jpg","keywords":["CFK","FMI","juventud","Macri","Trabajadores"],"articleSection":["Argentina","Pol\u00edtica"],"inLanguage":"es","potentialAction":[{"@type":"CommentAction","name":"Comment","target":["https:\/\/elcomunista.org\/?p=3324#respond"]}]},{"@type":"WebPage","@id":"https:\/\/elcomunista.org\/?p=3324","url":"https:\/\/elcomunista.org\/?p=3324","name":"Argentina: Los trabajadores y la juventud le dicen NO al FMI en las calles","isPartOf":{"@id":"https:\/\/elcomunista.org\/#website"},"primaryImageOfPage":{"@id":"https:\/\/elcomunista.org\/?p=3324#primaryimage"},"image":{"@id":"https:\/\/elcomunista.org\/?p=3324#primaryimage"},"thumbnailUrl":"https:\/\/elcomunista.org\/wp-content\/uploads\/2018\/06\/B1g370r17_1200x0__1.jpg","datePublished":"2018-06-02T15:53:43+00:00","breadcrumb":{"@id":"https:\/\/elcomunista.org\/?p=3324#breadcrumb"},"inLanguage":"es","potentialAction":[{"@type":"ReadAction","target":["https:\/\/elcomunista.org\/?p=3324"]}]},{"@type":"ImageObject","inLanguage":"es","@id":"https:\/\/elcomunista.org\/?p=3324#primaryimage","url":"https:\/\/elcomunista.org\/wp-content\/uploads\/2018\/06\/B1g370r17_1200x0__1.jpg","contentUrl":"https:\/\/elcomunista.org\/wp-content\/uploads\/2018\/06\/B1g370r17_1200x0__1.jpg","width":1200,"height":800},{"@type":"BreadcrumbList","@id":"https:\/\/elcomunista.org\/?p=3324#breadcrumb","itemListElement":[{"@type":"ListItem","position":1,"name":"Portada","item":"https:\/\/elcomunista.org\/"},{"@type":"ListItem","position":2,"name":"Argentina: Los trabajadores y la juventud le dicen NO al FMI en las calles"}]},{"@type":"WebSite","@id":"https:\/\/elcomunista.org\/#website","url":"https:\/\/elcomunista.org\/","name":"Revoluci\u00f3n Comunista","description":"Internacional Comunista Revolucionaria","publisher":{"@id":"https:\/\/elcomunista.org\/#organization"},"potentialAction":[{"@type":"SearchAction","target":{"@type":"EntryPoint","urlTemplate":"https:\/\/elcomunista.org\/?s={search_term_string}"},"query-input":{"@type":"PropertyValueSpecification","valueRequired":true,"valueName":"search_term_string"}}],"inLanguage":"es"},{"@type":"Organization","@id":"https:\/\/elcomunista.org\/#organization","name":"Bloque Popular Juvenil","url":"https:\/\/elcomunista.org\/","logo":{"@type":"ImageObject","inLanguage":"es","@id":"https:\/\/elcomunista.org\/#\/schema\/logo\/image\/","url":"https:\/\/bloquepopularjuvenil.org\/wp-content\/uploads\/2018\/11\/bpj-militante.jpg","contentUrl":"https:\/\/bloquepopularjuvenil.org\/wp-content\/uploads\/2018\/11\/bpj-militante.jpg","width":4000,"height":1390,"caption":"Bloque Popular Juvenil"},"image":{"@id":"https:\/\/elcomunista.org\/#\/schema\/logo\/image\/"},"sameAs":["https:\/\/www.facebook.com\/Bloquepopularjuvenil","https:\/\/x.com\/ElBPJ","https:\/\/www.instagram.com\/elbloque_bpj\/?hl=es-la"]},{"@type":"Person","@id":"https:\/\/elcomunista.org\/#\/schema\/person\/80251289d3811111daae983f9b3af9c6","name":"Corriente Socialista Militante - Argentina","image":{"@type":"ImageObject","inLanguage":"es","@id":"https:\/\/elcomunista.org\/#\/schema\/person\/image\/","url":"https:\/\/secure.gravatar.com\/avatar\/c67ecf9955ec1dedd00eb5a811890742?s=96&d=mm&r=g","contentUrl":"https:\/\/secure.gravatar.com\/avatar\/c67ecf9955ec1dedd00eb5a811890742?s=96&d=mm&r=g","caption":"Corriente Socialista Militante - Argentina"},"url":"https:\/\/elcomunista.org\/?author=18"}]}},"jetpack_featured_media_url":"https:\/\/elcomunista.org\/wp-content\/uploads\/2018\/06\/B1g370r17_1200x0__1.jpg","jetpack_likes_enabled":true,"jetpack_sharing_enabled":true,"_links":{"self":[{"href":"https:\/\/elcomunista.org\/index.php?rest_route=\/wp\/v2\/posts\/3324"}],"collection":[{"href":"https:\/\/elcomunista.org\/index.php?rest_route=\/wp\/v2\/posts"}],"about":[{"href":"https:\/\/elcomunista.org\/index.php?rest_route=\/wp\/v2\/types\/post"}],"author":[{"embeddable":true,"href":"https:\/\/elcomunista.org\/index.php?rest_route=\/wp\/v2\/users\/18"}],"replies":[{"embeddable":true,"href":"https:\/\/elcomunista.org\/index.php?rest_route=%2Fwp%2Fv2%2Fcomments&post=3324"}],"version-history":[{"count":0,"href":"https:\/\/elcomunista.org\/index.php?rest_route=\/wp\/v2\/posts\/3324\/revisions"}],"wp:featuredmedia":[{"embeddable":true,"href":"https:\/\/elcomunista.org\/index.php?rest_route=\/wp\/v2\/media\/3325"}],"wp:attachment":[{"href":"https:\/\/elcomunista.org\/index.php?rest_route=%2Fwp%2Fv2%2Fmedia&parent=3324"}],"wp:term":[{"taxonomy":"category","embeddable":true,"href":"https:\/\/elcomunista.org\/index.php?rest_route=%2Fwp%2Fv2%2Fcategories&post=3324"},{"taxonomy":"post_tag","embeddable":true,"href":"https:\/\/elcomunista.org\/index.php?rest_route=%2Fwp%2Fv2%2Ftags&post=3324"}],"curies":[{"name":"wp","href":"https:\/\/api.w.org\/{rel}","templated":true}]}}