{"id":3327,"date":"2018-06-02T10:07:15","date_gmt":"2018-06-02T16:07:15","guid":{"rendered":"http:\/\/bloquepopularjuvenil.org\/?p=3327"},"modified":"2018-06-02T10:07:59","modified_gmt":"2018-06-02T16:07:59","slug":"italia-la-crisis-interminable-de-un-sistema-podrido","status":"publish","type":"post","link":"https:\/\/elcomunista.org\/?p=3327","title":{"rendered":"Italia: la crisis interminable de un sistema podrido"},"content":{"rendered":"<div class=\"row\">\n<section class=\"article-content col-md-8 col-md-offset-2 pull-none\">Ha habido una serie de nuevos giros en la profundizaci\u00f3n de la crisis pol\u00edtica italiana. El primer ministro Conte dimiti\u00f3 despu\u00e9s de que el presidente Mattarella vetara el nombramiento de Paolo Savona como ministro de Econom\u00eda. Posteriormente, el presidente asign\u00f3 la tarea de formar un gobierno a [el ex funcionario del FMI] Carlo Cottarelli.Este giro en la situaci\u00f3n es inesperado, por decir poco, y no se puede explicar completamente por la existencia de juegos t\u00e1cticos parlamentarios. Salvini [l\u00edder de la Liga, de extrema derecha, anteriormente la Liga del Norte] sin duda se sent\u00eda muy inc\u00f3modo en su alianza con el Movimiento 5 Estrellas (M5S) y cre\u00eda que pod\u00eda sacar provecho de nuevas elecciones. Por su parte, [el presidente de la Rep\u00fablica Italiana] Mattarella tem\u00eda la posibilidad de que un gobierno de la Liga-M5S estuviera a cargo de elaborar el pr\u00f3ximo presupuesto estatal. Al vetar el nombramiento de Paolo Savona como ministro, Mattarella logr\u00f3 resucitar la idea de un \u00abgobierno neutral\u00bb, que ya hab\u00eda propuesto sin \u00e9xito hace algunas semanas.<\/p>\n<p>Sin embargo, estos c\u00e1lculos se basan en suposiciones d\u00e9biles. Incluso los llamados \u00abpoderes fuertes\u00bb (el ala seria del capitalismo italiano) est\u00e1n preocupados por los efectos del movimiento de Mattarella. Confindustria [la confederaci\u00f3n patronal] ya se estaba ajustando a la idea de construir una relaci\u00f3n con el gobierno amarillo-verde [Liga-M5S], una relaci\u00f3n que ciertamente no habr\u00eda sido id\u00edlica pero que pragm\u00e1ticamente los capitalistas italianos pensaban que pod\u00edan controlar. Incluso el presidente franc\u00e9s Macron, un pilar de la ortodoxia liberal y proeuropea, ya hab\u00eda realizado una llamada telef\u00f3nica informal a Conte proponiendo la colaboraci\u00f3n a nivel europeo.<\/p>\n<h3><span style=\"color: #800000;\">Los &#8216;mercados&#8217; deciden<\/span><\/h3>\n<p>La perspectiva de un gobierno de la Liga-M5S escandaliz\u00f3 a la izquierda pol\u00edtica tradicional. Sin embargo, esto no cambia el hecho de que millones de personas, con mayor o menor convicci\u00f3n, estaban ansiosas para ver si el \u00abcambiar todo\u00bb permitir\u00eda tomar medidas reales sobre las pensiones, la educaci\u00f3n, la precariedad y la pobreza, y revertir los profundos recortes de diez a\u00f1os de pol\u00edticas de austeridad.<\/p>\n<p>\u00bfEstas esperanzas estaban fuera de lugar? Absolutamente. \u00bfEstaban siendo tales esperanzas (y lo siguen estando) explotadas con prop\u00f3sitos reaccionarios, en particular por la Liga? Esto tambi\u00e9n es cierto. Pero esto no niega el hecho de que millones de personas votaron el 4 de marzo con la esperanza de mejorar sus condiciones sociales, firmes en la creencia de que el Partido Democr\u00e1tico (PD), Forza Italia y todas las fuerzas que los rodean deben ser barridas para conseguir que ocurra el cambio<\/p>\n<p>Es esta esperanza la que ha asustado a la clase dominante. Ciertamente no tienen miedo de que Paolo Savona pueda derribar el euro. Temen las \u00abesperanzas irrazonables\u00bb de decenas de millones de personas que han visto c\u00f3mo sus vidas empeoran a lo largo de una d\u00e9cada de crisis y que no ven ninguna posibilidad de mejora. Para los patrones, se debe confiar en el \u00abpueblo\u00bb siempre que acepte su situaci\u00f3n sin protestas, vote a los partidos \u00abadecuados\u00bb y respete las leyes que lo esclavizan. Si el &#8216;pueblo&#8217; deja de hacerlo, es inmediatamente calumniado y retratado como una masa ignorante, presa de demagogos populistas.<\/p>\n<p>El mensaje de Mattarella el 27 de mayo, reiterando el veto sobre Savona, fue la hipocres\u00eda y la arrogancia concentrada, pero fue muy claro en el punto central. Los &#8216;mercados&#8217;, es decir, el capital financiero, deciden. La prima de riesgo [en los bonos del Estado] decide. La Uni\u00f3n Europea decide. Yo decido, y deb\u00e9is aceptar.<\/p>\n<p>La abrumadora mayor\u00eda de la izquierda inmediatamente se postr\u00f3 y se arrastr\u00f3 a los pies de Mattarella, quien &#8216;correctamente&#8217; us\u00f3 sus prerrogativas constitucionales.<\/p>\n<p>Y por supuesto, \u00a1eso es verdad! \u00a1El presidente actu\u00f3 en total conformidad con la constituci\u00f3n y la ley! Y ahora estamos esperando a la pr\u00f3xima lecci\u00f3n de varios \u00abconstitucionalistas de bricolaje\u00bb que, desde el refer\u00e9ndum perdido por Renzi en 2016, se han unido en un coro alabando a Italia por tener la \u00abmejor constituci\u00f3n del mundo\u00bb. Para ellos es simplemente una cuesti\u00f3n de \u00abaplicarla\u00bb. Estos cretinos constitucionalistas han estado diseminando tales idioteces entre la izquierda durante a\u00f1os. Todos ellos deben estar encerrados en una habitaci\u00f3n durante un a\u00f1o, obligados a escuchar el mensaje de Mattarella y escribir 100 veces al d\u00eda estas palabras importantes y simples del mayor revolucionario del siglo pasado:<\/p>\n<p>\u00abEl poder del capital es todo, la bolsa de valores es todo, mientras que el parlamento y las elecciones son marionetas, t\u00edteres\u00bb (Lenin,\u00a0<i>Sobre el Estado<\/i>, julio de 1919)<\/p>\n<p>Esto se aplica no solo a la izquierda &#8216;mattarelliana&#8217;: Bersani, Camusso, Speranza, Fassina, Fratoianni y compa\u00f1\u00eda [Camusso es la dirigente de la confederaci\u00f3n sindical CGIL y los otros son figuras destacadas de LEU, \u00abLiberi e Uguali\u00bb (coalici\u00f3n \u00abLibres e Iguales\u00bb]. Lo mismo se aplica a la llamada extrema izquierda de \u00abPotere al Popolo\u00bb (Poder al Pueblo), el PRC (Partido de la Refundaci\u00f3n Comunista) y todos aquellos que critican a Mattarella en nombre de \u00abla democracia y la constituci\u00f3n\u00bb. Tambi\u00e9n es cierto para los l\u00edderes nacionales de la FIOM (el sindicato metal\u00fargico) que, sin tener el coraje de declarar abiertamente que defienden a Mattarella, hablan mucho sobre el \u00abequilibrio y la separaci\u00f3n de poderes como el dintel para la estabilidad democr\u00e1tica del pa\u00eds\u00bb.<\/p>\n<h3><span style=\"color: #800000;\">Choque sobre el euro<\/span><\/h3>\n<p>La intervenci\u00f3n de Mattarella arroj\u00f3 de repente la cuesti\u00f3n del euro y de la Uni\u00f3n Europea al centro del campo de batalla pol\u00edtico. \u00bfCu\u00e1les son las razones para esto?<\/p>\n<p>La Uni\u00f3n Europea est\u00e1 en una profunda crisis. La crisis bancaria y la de la deuda soberana solo fueron anestesiadas por las pol\u00edticas de Draghi, que utiliz\u00f3 el Banco Central Europeo para inundar los mercados con dinero sin intereses, compras masivas de activos p\u00fablicos y privados, etc. Pero estas pol\u00edticas no pueden usarse indefinidamente, particularmente frente a la pol\u00edtica opuesta que emerge ahora en los Estados Unidos. El mandato de Draghi est\u00e1 a punto de expirar y se cree ampliamente que Alemania reclamar\u00e1 un sucesor que no seguir\u00eda tales pol\u00edticas expansivas.<\/p>\n<p>La crisis de la eurozona ha pasado ahora del nivel econ\u00f3mico al pol\u00edtico. Los partidos proeuropeos luchan por mantener su apoyo electoral, los intereses de los diferentes pa\u00edses divergen cada vez m\u00e1s claramente, los problemas se acumulan sin resolverse, desde la cuesti\u00f3n de los bancos, hasta la pol\u00edtica exterior, la inmigraci\u00f3n, etc.<\/p>\n<p>Un sector importante de la clase dominante y sus representantes decidieron actuar no por miedo a Luigi Di Maio o Paolo Savona (\u00a1no nos enga\u00f1emos a nosotros mismos!), Lo hicieron porque llegaron a la conclusi\u00f3n de que un gobierno verde-amarillo habr\u00eda hecho el actual equilibrio precario insostenible, en particular en la gesti\u00f3n de la enorme deuda p\u00fablica italiana y la siempre presente crisis bancaria. Si este fuera el caso, nos enfrentar\u00edamos a un verdadero salto cualitativo en la crisis del sistema pol\u00edtico burgu\u00e9s en Italia y en Europa. La ofensiva de Mattarella se vuelve m\u00e1s comprensible con esto en mente.<\/p>\n<p>Carlo Cottarelli es un hombre de confianza del gran capital y del Fondo Monetario. Pero es probable que presida el gobierno con menos autoridad en la historia de la pol\u00edtica italiana. Incluso los l\u00edderes del Partido Democr\u00e1tico (PD) est\u00e1n doblegados ante la poco atractiva perspectiva de una campa\u00f1a electoral como el \u00fanico partido que apoya a un gobierno cuyo primer ministro ha inscrito en su tarjeta de visita: \u00abEx colaborador de Mario Monti &#8211; Especialista en recortes al gasto social\u00bb<\/p>\n<p>Por supuesto, idear\u00e1n todo para evitar la precipitaci\u00f3n de nuevas elecciones, y Di Maio, l\u00edder del M5S, parece dispuesto a seguirle el juego. El jefe de la M5S ahora est\u00e1 a favor de \u00abcomenzar las comisiones parlamentarias\u00bb y un procedimiento de acusaci\u00f3n contra Mattarella, que evitar\u00eda la disoluci\u00f3n del Parlamento [El presidente de la Rep\u00fablica es elegido por el parlamento]. Di Maio no parece tener prisa para nuevas elecciones, y despu\u00e9s de una bofetada como la que acaba de recibir el M5S, no tiene ning\u00fan deseo de escalar el conflicto, como lo demuestran sus palabras cuidadosamente elegidas:<\/p>\n<p>\u00abOrganizaremos actos en las principales ciudades italianas, marchas, gestos simb\u00f3licos, todo lo que se pueda hacer pac\u00edficamente para afirmar nuestro derecho a determinar nuestro futuro. El 2 de junio, el D\u00eda de la Rep\u00fablica, invito a todos a venir a Roma\u00bb.<\/p>\n<p>Marchas y gestos simb\u00f3licos&#8230; \u00a1estas son las propuestas del l\u00edder del partido con mayor n\u00famero de votos, el d\u00eda despu\u00e9s de que se le impidi\u00f3 formar un gobierno! En el mismo mensaje, Di Maio se ocup\u00f3 de reiterar que nunca tuvo la intenci\u00f3n de sacar a Italia del euro y que esta no era la propuesta de Savona.<\/p>\n<p>Todo esto revela que la sensaci\u00f3n de esperanza por un cambio significativo en realidad asusta a Di Maio tambi\u00e9n. Una cosa es recoger votos, y otra muy distinta es convocar a las masas a movilizarse para una verdadera lucha contra los amos del sistema.<\/p>\n<h3><span style=\"color: #800000;\">Las tareas de la izquierda de clase<\/span><\/h3>\n<p>En estos 84 d\u00edas, hemos visto m\u00e1s de un giro en la trama, y ser\u00eda un error tratar de adivinar qu\u00e9 otras contorsiones podr\u00edan surgir de la actual crisis pol\u00edtica. En cambio, debemos enfocarnos en hechos fundamentales y, sobre todo, en nuestras tareas.<\/p>\n<p>Las pr\u00f3ximas elecciones, cuando lo sean, han sido transformadas por la intervenci\u00f3n de Mattarella en un refer\u00e9ndum sobre la Uni\u00f3n Europea y el euro. El presidente de Confindustria, Boccia, declar\u00f3 al d\u00eda siguiente de la dimisi\u00f3n de Conte, que la salida del euro es \u00abinconcebible\u00bb y que ser\u00eda \u00abel fin de la econom\u00eda italiana\u00bb. Tratar\u00e1n por todos los medios de chantajear y asustar al electorado amenazando con todo tipo de cataclismos sociales y econ\u00f3micos en caso de derrota de los partidos pro-UE. No es coincidencia que [el l\u00edder del PD] Renzi intente volver a la arena como uno de los l\u00edderes del frente pro-UE.<\/p>\n<p>La izquierda ha demostrado una vez m\u00e1s que no est\u00e1 capacitada para el desaf\u00edo. La posici\u00f3n tomada por los l\u00edderes nacionales de la CGIL y de la FIOM en defensa de Mattarella demuestra una vez m\u00e1s que los l\u00edderes sindicales est\u00e1n completamente disociados de la realidad experimentada por los trabajadores y la base sindical. Parece que todav\u00eda no han entendido el voto del 4 de marzo, y lo \u00fanico que pueden hacer es aferrarse desesperadamente a las instituciones y a sus contrapartes en Confindustria. Ninguna iniciativa \u00fatil puede provenir de este lado, ni de partidos vinculados a la burocracia sindical como los de la coalici\u00f3n LEU.<\/p>\n<p>No ser\u00e1 f\u00e1cil conquistar un espacio para una posici\u00f3n de clase en un enfrentamiento que promete estar a\u00fan m\u00e1s polarizado que el del 4 de marzo, pero no hay atajos para sortear este obst\u00e1culo. La izquierda de clase debe entrar en esta disputa con una posici\u00f3n clara e inequ\u00edvoca: la ruptura con el euro y la UE es una parte indispensable de cualquier programa que tenga la intenci\u00f3n seria de defender los intereses de la clase trabajadora, de los jubilados, los desempleados y los j\u00f3venes.<\/p>\n<p>Esto pone directamente en entredicho a todas las diversas fuerzas de la izquierda (PRC, Poder al Pueblo, [el alcalde de N\u00e1poles] De Magistris, etc.), que siempre recurren a sofismas y f\u00f3rmulas de compromiso, tales como propuestas de \u00abreformas de los tratados europeos \u00ab, o\u00bb romper \u00abestos tratados (lo que significa en realidad renegociaci\u00f3n de estos tratados con una Uni\u00f3n Europea capitalista), o incluso defender posiciones soberanistas [dejando la UE y retornando a la moneda pre-euro, la Lira, sobre una base capitalista].<\/p>\n<p>La claridad en este punto es indispensable para una ruptura pol\u00edtica e ideol\u00f3gica con todas las corrientes de la izquierda reformista, que en \u00faltima instancia comparten la responsabilidad de crear esta situaci\u00f3n.<\/p>\n<p>La crisis pol\u00edtica est\u00e1 entrando en un c\u00edrculo vicioso, que muestra gr\u00e1ficamente c\u00f3mo todo el sistema se est\u00e1 pudriendo literalmente desde sus cimientos. Revela la deslegitimaci\u00f3n de las instituciones del Estado capitalista, y que la clase dominante est\u00e1 luchando por mantener su control pol\u00edtico.<\/p>\n<p>Millones de personas han buscado una soluci\u00f3n al votar por partidos que prometen &#8216;cambio&#8217;, pero han visto bloqueado este camino. Esta enorme demanda de cambio, y la furia que se ha estado acumulando durante a\u00f1os entre los sectores m\u00e1s explotados de la poblaci\u00f3n, est\u00e1 siendo comprimida a\u00fan m\u00e1s por un sistema que no permite ninguna salida. Eventualmente, es inevitable que explotar\u00e1 en movilizaciones directas de masas.<\/p>\n<p>Solo con esta perspectiva ser\u00e1 posible trabajar para el renacimiento de una verdadera izquierda de clase, de un partido de la clase trabajadora y de todos los explotados, lo que podr\u00eda llevarlos a salir del atolladero de un sistema pol\u00edtico y econ\u00f3mico en un Estado de decadencia senil.<\/p>\n<\/section>\n<\/div>\n<div class=\"row\"><\/div>\n","protected":false},"excerpt":{"rendered":"<p>Ha habido una serie de nuevos giros en la profundizaci\u00f3n de la crisis pol\u00edtica italiana. El primer ministro Conte dimiti\u00f3 despu\u00e9s de que el presidente Mattarella vetara el nombramiento de Paolo Savona como ministro de Econom\u00eda. Posteriormente, el presidente asign\u00f3 la tarea de formar un gobierno a [el ex funcionario del FMI] Carlo Cottarelli.Este giro&#8230;<\/p>\n","protected":false},"author":47,"featured_media":3328,"comment_status":"open","ping_status":"open","sticky":false,"template":"","format":"standard","meta":{"_monsterinsights_skip_tracking":false,"_monsterinsights_sitenote_active":false,"_monsterinsights_sitenote_note":"","_monsterinsights_sitenote_category":0,"_uf_show_specific_survey":0,"_uf_disable_surveys":false,"_jetpack_memberships_contains_paid_content":false,"footnotes":""},"categories":[35,3],"tags":[263,264,262],"class_list":["post-3327","post","type-post","status-publish","format-standard","has-post-thumbnail","hentry","category-italia","category-politica","tag-italia","tag-izquierda","tag-sergio-mattarella"],"aioseo_notices":[],"yoast_head":"<!-- This site is optimized with the Yoast SEO plugin v25.6 - https:\/\/yoast.com\/wordpress\/plugins\/seo\/ -->\n<title>Italia: la crisis interminable de un sistema podrido<\/title>\n<meta name=\"robots\" content=\"index, follow, max-snippet:-1, max-image-preview:large, max-video-preview:-1\" \/>\n<link rel=\"canonical\" href=\"https:\/\/elcomunista.org\/?p=3327\" \/>\n<meta property=\"og:locale\" content=\"es_ES\" \/>\n<meta property=\"og:type\" content=\"article\" \/>\n<meta property=\"og:title\" content=\"Italia: la crisis interminable de un sistema podrido\" \/>\n<meta property=\"og:description\" content=\"Ha habido una serie de nuevos giros en la profundizaci\u00f3n de la crisis pol\u00edtica italiana. El primer ministro Conte dimiti\u00f3 despu\u00e9s de que el presidente Mattarella vetara el nombramiento de Paolo Savona como ministro de Econom\u00eda. Posteriormente, el presidente asign\u00f3 la tarea de formar un gobierno a [el ex funcionario del FMI] Carlo Cottarelli.Este giro...\" \/>\n<meta property=\"og:url\" content=\"https:\/\/elcomunista.org\/?p=3327\" \/>\n<meta property=\"og:site_name\" content=\"Revoluci\u00f3n Comunista\" \/>\n<meta property=\"article:publisher\" content=\"https:\/\/www.facebook.com\/Bloquepopularjuvenil\" \/>\n<meta property=\"article:published_time\" content=\"2018-06-02T16:07:15+00:00\" \/>\n<meta property=\"article:modified_time\" content=\"2018-06-02T16:07:59+00:00\" \/>\n<meta property=\"og:image\" content=\"https:\/\/elcomunista.org\/wp-content\/uploads\/2018\/06\/sergio-mattarella-759.jpg\" \/>\n\t<meta property=\"og:image:width\" content=\"759\" \/>\n\t<meta property=\"og:image:height\" content=\"422\" \/>\n\t<meta property=\"og:image:type\" content=\"image\/jpeg\" \/>\n<meta name=\"author\" content=\"Sinistra Classe Rivoluzione - Italia\" \/>\n<meta name=\"twitter:card\" content=\"summary_large_image\" \/>\n<meta name=\"twitter:creator\" content=\"@ElBPJ\" \/>\n<meta name=\"twitter:site\" content=\"@ElBPJ\" \/>\n<meta name=\"twitter:label1\" content=\"Escrito por\" \/>\n\t<meta name=\"twitter:data1\" content=\"Sinistra Classe Rivoluzione - Italia\" \/>\n\t<meta name=\"twitter:label2\" content=\"Tiempo de lectura\" \/>\n\t<meta name=\"twitter:data2\" content=\"11 minutos\" \/>\n<script type=\"application\/ld+json\" class=\"yoast-schema-graph\">{\"@context\":\"https:\/\/schema.org\",\"@graph\":[{\"@type\":\"Article\",\"@id\":\"https:\/\/elcomunista.org\/?p=3327#article\",\"isPartOf\":{\"@id\":\"https:\/\/elcomunista.org\/?p=3327\"},\"author\":{\"name\":\"Sinistra Classe Rivoluzione - Italia\",\"@id\":\"https:\/\/elcomunista.org\/#\/schema\/person\/502721b6d539c69d5554f0249198e4fe\"},\"headline\":\"Italia: la crisis interminable de un sistema podrido\",\"datePublished\":\"2018-06-02T16:07:15+00:00\",\"dateModified\":\"2018-06-02T16:07:59+00:00\",\"mainEntityOfPage\":{\"@id\":\"https:\/\/elcomunista.org\/?p=3327\"},\"wordCount\":2251,\"commentCount\":0,\"publisher\":{\"@id\":\"https:\/\/elcomunista.org\/#organization\"},\"image\":{\"@id\":\"https:\/\/elcomunista.org\/?p=3327#primaryimage\"},\"thumbnailUrl\":\"https:\/\/elcomunista.org\/wp-content\/uploads\/2018\/06\/sergio-mattarella-759.jpg\",\"keywords\":[\"Italia\",\"Izquierda\",\"Sergio Mattarella\"],\"articleSection\":[\"Italia\",\"Pol\u00edtica\"],\"inLanguage\":\"es\",\"potentialAction\":[{\"@type\":\"CommentAction\",\"name\":\"Comment\",\"target\":[\"https:\/\/elcomunista.org\/?p=3327#respond\"]}]},{\"@type\":\"WebPage\",\"@id\":\"https:\/\/elcomunista.org\/?p=3327\",\"url\":\"https:\/\/elcomunista.org\/?p=3327\",\"name\":\"Italia: la crisis interminable de un sistema podrido\",\"isPartOf\":{\"@id\":\"https:\/\/elcomunista.org\/#website\"},\"primaryImageOfPage\":{\"@id\":\"https:\/\/elcomunista.org\/?p=3327#primaryimage\"},\"image\":{\"@id\":\"https:\/\/elcomunista.org\/?p=3327#primaryimage\"},\"thumbnailUrl\":\"https:\/\/elcomunista.org\/wp-content\/uploads\/2018\/06\/sergio-mattarella-759.jpg\",\"datePublished\":\"2018-06-02T16:07:15+00:00\",\"dateModified\":\"2018-06-02T16:07:59+00:00\",\"breadcrumb\":{\"@id\":\"https:\/\/elcomunista.org\/?p=3327#breadcrumb\"},\"inLanguage\":\"es\",\"potentialAction\":[{\"@type\":\"ReadAction\",\"target\":[\"https:\/\/elcomunista.org\/?p=3327\"]}]},{\"@type\":\"ImageObject\",\"inLanguage\":\"es\",\"@id\":\"https:\/\/elcomunista.org\/?p=3327#primaryimage\",\"url\":\"https:\/\/elcomunista.org\/wp-content\/uploads\/2018\/06\/sergio-mattarella-759.jpg\",\"contentUrl\":\"https:\/\/elcomunista.org\/wp-content\/uploads\/2018\/06\/sergio-mattarella-759.jpg\",\"width\":759,\"height\":422,\"caption\":\"Italian President Sergio Mattarella leaves at the end of his consultations at the Quirinale Palace in Rome, Italy, December 10, 2016. REUTERS\/Alessandro Bianchi\"},{\"@type\":\"BreadcrumbList\",\"@id\":\"https:\/\/elcomunista.org\/?p=3327#breadcrumb\",\"itemListElement\":[{\"@type\":\"ListItem\",\"position\":1,\"name\":\"Portada\",\"item\":\"https:\/\/elcomunista.org\/\"},{\"@type\":\"ListItem\",\"position\":2,\"name\":\"Italia: la crisis interminable de un sistema podrido\"}]},{\"@type\":\"WebSite\",\"@id\":\"https:\/\/elcomunista.org\/#website\",\"url\":\"https:\/\/elcomunista.org\/\",\"name\":\"Revoluci\u00f3n Comunista\",\"description\":\"Internacional Comunista Revolucionaria\",\"publisher\":{\"@id\":\"https:\/\/elcomunista.org\/#organization\"},\"potentialAction\":[{\"@type\":\"SearchAction\",\"target\":{\"@type\":\"EntryPoint\",\"urlTemplate\":\"https:\/\/elcomunista.org\/?s={search_term_string}\"},\"query-input\":{\"@type\":\"PropertyValueSpecification\",\"valueRequired\":true,\"valueName\":\"search_term_string\"}}],\"inLanguage\":\"es\"},{\"@type\":\"Organization\",\"@id\":\"https:\/\/elcomunista.org\/#organization\",\"name\":\"Bloque Popular Juvenil\",\"url\":\"https:\/\/elcomunista.org\/\",\"logo\":{\"@type\":\"ImageObject\",\"inLanguage\":\"es\",\"@id\":\"https:\/\/elcomunista.org\/#\/schema\/logo\/image\/\",\"url\":\"https:\/\/bloquepopularjuvenil.org\/wp-content\/uploads\/2018\/11\/bpj-militante.jpg\",\"contentUrl\":\"https:\/\/bloquepopularjuvenil.org\/wp-content\/uploads\/2018\/11\/bpj-militante.jpg\",\"width\":4000,\"height\":1390,\"caption\":\"Bloque Popular Juvenil\"},\"image\":{\"@id\":\"https:\/\/elcomunista.org\/#\/schema\/logo\/image\/\"},\"sameAs\":[\"https:\/\/www.facebook.com\/Bloquepopularjuvenil\",\"https:\/\/x.com\/ElBPJ\",\"https:\/\/www.instagram.com\/elbloque_bpj\/?hl=es-la\"]},{\"@type\":\"Person\",\"@id\":\"https:\/\/elcomunista.org\/#\/schema\/person\/502721b6d539c69d5554f0249198e4fe\",\"name\":\"Sinistra Classe Rivoluzione - Italia\",\"image\":{\"@type\":\"ImageObject\",\"inLanguage\":\"es\",\"@id\":\"https:\/\/elcomunista.org\/#\/schema\/person\/image\/\",\"url\":\"https:\/\/secure.gravatar.com\/avatar\/a4d2b03cd536209baa01a4e9f643ac83?s=96&d=mm&r=g\",\"contentUrl\":\"https:\/\/secure.gravatar.com\/avatar\/a4d2b03cd536209baa01a4e9f643ac83?s=96&d=mm&r=g\",\"caption\":\"Sinistra Classe Rivoluzione - Italia\"},\"url\":\"https:\/\/elcomunista.org\/?author=47\"}]}<\/script>\n<!-- \/ Yoast SEO plugin. -->","yoast_head_json":{"title":"Italia: la crisis interminable de un sistema podrido","robots":{"index":"index","follow":"follow","max-snippet":"max-snippet:-1","max-image-preview":"max-image-preview:large","max-video-preview":"max-video-preview:-1"},"canonical":"https:\/\/elcomunista.org\/?p=3327","og_locale":"es_ES","og_type":"article","og_title":"Italia: la crisis interminable de un sistema podrido","og_description":"Ha habido una serie de nuevos giros en la profundizaci\u00f3n de la crisis pol\u00edtica italiana. El primer ministro Conte dimiti\u00f3 despu\u00e9s de que el presidente Mattarella vetara el nombramiento de Paolo Savona como ministro de Econom\u00eda. Posteriormente, el presidente asign\u00f3 la tarea de formar un gobierno a [el ex funcionario del FMI] Carlo Cottarelli.Este giro...","og_url":"https:\/\/elcomunista.org\/?p=3327","og_site_name":"Revoluci\u00f3n Comunista","article_publisher":"https:\/\/www.facebook.com\/Bloquepopularjuvenil","article_published_time":"2018-06-02T16:07:15+00:00","article_modified_time":"2018-06-02T16:07:59+00:00","og_image":[{"width":759,"height":422,"url":"https:\/\/elcomunista.org\/wp-content\/uploads\/2018\/06\/sergio-mattarella-759.jpg","type":"image\/jpeg"}],"author":"Sinistra Classe Rivoluzione - Italia","twitter_card":"summary_large_image","twitter_creator":"@ElBPJ","twitter_site":"@ElBPJ","twitter_misc":{"Escrito por":"Sinistra Classe Rivoluzione - Italia","Tiempo de lectura":"11 minutos"},"schema":{"@context":"https:\/\/schema.org","@graph":[{"@type":"Article","@id":"https:\/\/elcomunista.org\/?p=3327#article","isPartOf":{"@id":"https:\/\/elcomunista.org\/?p=3327"},"author":{"name":"Sinistra Classe Rivoluzione - Italia","@id":"https:\/\/elcomunista.org\/#\/schema\/person\/502721b6d539c69d5554f0249198e4fe"},"headline":"Italia: la crisis interminable de un sistema podrido","datePublished":"2018-06-02T16:07:15+00:00","dateModified":"2018-06-02T16:07:59+00:00","mainEntityOfPage":{"@id":"https:\/\/elcomunista.org\/?p=3327"},"wordCount":2251,"commentCount":0,"publisher":{"@id":"https:\/\/elcomunista.org\/#organization"},"image":{"@id":"https:\/\/elcomunista.org\/?p=3327#primaryimage"},"thumbnailUrl":"https:\/\/elcomunista.org\/wp-content\/uploads\/2018\/06\/sergio-mattarella-759.jpg","keywords":["Italia","Izquierda","Sergio Mattarella"],"articleSection":["Italia","Pol\u00edtica"],"inLanguage":"es","potentialAction":[{"@type":"CommentAction","name":"Comment","target":["https:\/\/elcomunista.org\/?p=3327#respond"]}]},{"@type":"WebPage","@id":"https:\/\/elcomunista.org\/?p=3327","url":"https:\/\/elcomunista.org\/?p=3327","name":"Italia: la crisis interminable de un sistema podrido","isPartOf":{"@id":"https:\/\/elcomunista.org\/#website"},"primaryImageOfPage":{"@id":"https:\/\/elcomunista.org\/?p=3327#primaryimage"},"image":{"@id":"https:\/\/elcomunista.org\/?p=3327#primaryimage"},"thumbnailUrl":"https:\/\/elcomunista.org\/wp-content\/uploads\/2018\/06\/sergio-mattarella-759.jpg","datePublished":"2018-06-02T16:07:15+00:00","dateModified":"2018-06-02T16:07:59+00:00","breadcrumb":{"@id":"https:\/\/elcomunista.org\/?p=3327#breadcrumb"},"inLanguage":"es","potentialAction":[{"@type":"ReadAction","target":["https:\/\/elcomunista.org\/?p=3327"]}]},{"@type":"ImageObject","inLanguage":"es","@id":"https:\/\/elcomunista.org\/?p=3327#primaryimage","url":"https:\/\/elcomunista.org\/wp-content\/uploads\/2018\/06\/sergio-mattarella-759.jpg","contentUrl":"https:\/\/elcomunista.org\/wp-content\/uploads\/2018\/06\/sergio-mattarella-759.jpg","width":759,"height":422,"caption":"Italian President Sergio Mattarella leaves at the end of his consultations at the Quirinale Palace in Rome, Italy, December 10, 2016. REUTERS\/Alessandro Bianchi"},{"@type":"BreadcrumbList","@id":"https:\/\/elcomunista.org\/?p=3327#breadcrumb","itemListElement":[{"@type":"ListItem","position":1,"name":"Portada","item":"https:\/\/elcomunista.org\/"},{"@type":"ListItem","position":2,"name":"Italia: la crisis interminable de un sistema podrido"}]},{"@type":"WebSite","@id":"https:\/\/elcomunista.org\/#website","url":"https:\/\/elcomunista.org\/","name":"Revoluci\u00f3n Comunista","description":"Internacional Comunista Revolucionaria","publisher":{"@id":"https:\/\/elcomunista.org\/#organization"},"potentialAction":[{"@type":"SearchAction","target":{"@type":"EntryPoint","urlTemplate":"https:\/\/elcomunista.org\/?s={search_term_string}"},"query-input":{"@type":"PropertyValueSpecification","valueRequired":true,"valueName":"search_term_string"}}],"inLanguage":"es"},{"@type":"Organization","@id":"https:\/\/elcomunista.org\/#organization","name":"Bloque Popular Juvenil","url":"https:\/\/elcomunista.org\/","logo":{"@type":"ImageObject","inLanguage":"es","@id":"https:\/\/elcomunista.org\/#\/schema\/logo\/image\/","url":"https:\/\/bloquepopularjuvenil.org\/wp-content\/uploads\/2018\/11\/bpj-militante.jpg","contentUrl":"https:\/\/bloquepopularjuvenil.org\/wp-content\/uploads\/2018\/11\/bpj-militante.jpg","width":4000,"height":1390,"caption":"Bloque Popular Juvenil"},"image":{"@id":"https:\/\/elcomunista.org\/#\/schema\/logo\/image\/"},"sameAs":["https:\/\/www.facebook.com\/Bloquepopularjuvenil","https:\/\/x.com\/ElBPJ","https:\/\/www.instagram.com\/elbloque_bpj\/?hl=es-la"]},{"@type":"Person","@id":"https:\/\/elcomunista.org\/#\/schema\/person\/502721b6d539c69d5554f0249198e4fe","name":"Sinistra Classe Rivoluzione - Italia","image":{"@type":"ImageObject","inLanguage":"es","@id":"https:\/\/elcomunista.org\/#\/schema\/person\/image\/","url":"https:\/\/secure.gravatar.com\/avatar\/a4d2b03cd536209baa01a4e9f643ac83?s=96&d=mm&r=g","contentUrl":"https:\/\/secure.gravatar.com\/avatar\/a4d2b03cd536209baa01a4e9f643ac83?s=96&d=mm&r=g","caption":"Sinistra Classe Rivoluzione - Italia"},"url":"https:\/\/elcomunista.org\/?author=47"}]}},"jetpack_featured_media_url":"https:\/\/elcomunista.org\/wp-content\/uploads\/2018\/06\/sergio-mattarella-759.jpg","jetpack_likes_enabled":true,"jetpack_sharing_enabled":true,"_links":{"self":[{"href":"https:\/\/elcomunista.org\/index.php?rest_route=\/wp\/v2\/posts\/3327"}],"collection":[{"href":"https:\/\/elcomunista.org\/index.php?rest_route=\/wp\/v2\/posts"}],"about":[{"href":"https:\/\/elcomunista.org\/index.php?rest_route=\/wp\/v2\/types\/post"}],"author":[{"embeddable":true,"href":"https:\/\/elcomunista.org\/index.php?rest_route=\/wp\/v2\/users\/47"}],"replies":[{"embeddable":true,"href":"https:\/\/elcomunista.org\/index.php?rest_route=%2Fwp%2Fv2%2Fcomments&post=3327"}],"version-history":[{"count":0,"href":"https:\/\/elcomunista.org\/index.php?rest_route=\/wp\/v2\/posts\/3327\/revisions"}],"wp:featuredmedia":[{"embeddable":true,"href":"https:\/\/elcomunista.org\/index.php?rest_route=\/wp\/v2\/media\/3328"}],"wp:attachment":[{"href":"https:\/\/elcomunista.org\/index.php?rest_route=%2Fwp%2Fv2%2Fmedia&parent=3327"}],"wp:term":[{"taxonomy":"category","embeddable":true,"href":"https:\/\/elcomunista.org\/index.php?rest_route=%2Fwp%2Fv2%2Fcategories&post=3327"},{"taxonomy":"post_tag","embeddable":true,"href":"https:\/\/elcomunista.org\/index.php?rest_route=%2Fwp%2Fv2%2Ftags&post=3327"}],"curies":[{"name":"wp","href":"https:\/\/api.w.org\/{rel}","templated":true}]}}