{"id":3338,"date":"2018-06-04T16:44:05","date_gmt":"2018-06-04T22:44:05","guid":{"rendered":"http:\/\/bloquepopularjuvenil.org\/?p=3338"},"modified":"2018-06-12T09:00:11","modified_gmt":"2018-06-12T15:00:11","slug":"desafios-de-la-izquierda-a-4-anos-del-gobierno-de-ceren","status":"publish","type":"post","link":"https:\/\/elcomunista.org\/?p=3338","title":{"rendered":"Desaf\u00edos de la izquierda, a 4 a\u00f1os del gobierno de Cer\u00e9n"},"content":{"rendered":"<p>En junio se cumplen cuatro a\u00f1os del segundo gobierno del FMLN, de la mano del profesor Salvador S\u00e1nchez Cer\u00e9n. La situaci\u00f3n del pa\u00eds sigue reflejando los intereses de las empresas privadas nacionales e internacionales y contin\u00faa la incertidumbre de sostener todos los avances en programas sociales desde el Estado a trav\u00e9s de pr\u00e9stamos con organismos internacionales. Ante ello, es necesario esbozar un an\u00e1lisis marxista de la situaci\u00f3n en la que nos encontramos con el fin de concretar propuestas revolucionarias que transformen desde sus ra\u00edces el <em>status quo<\/em>.<\/p>\n<h3><span style=\"color: #800000;\"><strong>Econom\u00eda y Estado<\/strong><\/span><\/h3>\n<p>Marx realizo una detallada explicaci\u00f3n de c\u00f3mo funciona la sociedad capitalista. Acotaba que es necesario comprender que toda sociedad posee en sus bases las fuerzas productivas que le componen y configuran, y de ah\u00ed una colosal superestructura (cultural, pol\u00edtica, moral, social, etc.) que responde a las relaciones sociales de producci\u00f3n que se derivan de tales fuerzas productivas. En ese sentido, detall\u00f3 una din\u00e1mica en las fuerzas productivas y una cierta est\u00e1tica en las relaciones sociales de producci\u00f3n, en determinado contexto hist\u00f3rico. Y a su vez, explic\u00f3 que la relaci\u00f3n entre base (econom\u00eda) y superestructura (Estado) es dial\u00e9ctica, tanto la primera puede transformar a la segunda como la segunda a la primera, aunque en \u00faltima instancia, la primera determina a la segunda.<\/p>\n<p>Hoy en d\u00eda, la din\u00e1mica innovadora de las fuerzas productivas no tiene las mismas proporciones que antes. Despu\u00e9s de las crisis c\u00edclicas que ha experimentado el capitalismo moderno, sobre todo luego de la del 2008, los avances en las fuerzas productivas han sido m\u00ednimos y paup\u00e9rrimos, o en todo caso, chocan con la inevitable sobreproducci\u00f3n del capitalismo, caracter\u00edstica fundamental de las relaciones sociales de producci\u00f3n actualmente.<\/p>\n<h3><span style=\"color: #800000;\"><strong>La burgues\u00eda y el capitalismo moderno<\/strong><\/span><\/h3>\n<p>La burgues\u00eda de nuestro pa\u00eds, como la del resto del mundo, ha dejado de invertir en el desarrollo de la industria y ha decidido invertir en la bolsa de valores, pues hacer crecer su tasa de ganancia all\u00ed no implica gastos de salarios y maquinaria. Esta es la estrategia de los empresarios para librarse de los corolarios de la l\u00f3gica capitalista de producci\u00f3n, que solo les beneficia a ellos, pero que hoy se ve en una situaci\u00f3n incierta.<\/p>\n<p>En los pa\u00edses del mal llamado \u201ctercer mundo\u201d, el capitalismo no paso por la etapa de una reforma agraria, ni de una industrializaci\u00f3n extensiva, ni de constituciones pol\u00edticas que respondieran a ello. Es decir, no existi\u00f3 una revoluci\u00f3n democr\u00e1tica que permitiera consolidar un capitalismo al estilo occidental, sino m\u00e1s bien, construy\u00f3 una especie de capitalismo agr\u00edcola subordinado al capital imperial de industrias transnacionales, y por tanto, un comercio desequilibrado entre importaciones y exportaciones.<\/p>\n<p>La tendencia en los pa\u00edses \u201csubdesarrollados\u201d es: producir en peque\u00f1as cantidades internamente \u2013con recursos propios-\u00a0 y venderlo todo a precios muy bajos al exterior, y comprar a precios muy altos y en grandes proporciones de lo externo \u2013lo producido en las potencias, con sus recursos- para satisfacer necesidades internas. Aunque la producci\u00f3n textil y de otras ramas industriales sea en masa en localidades de nuestros territorios no se consumen internamente. Por tanto, tenemos un d\u00e9ficit entre lo importado y lo exportado.<\/p>\n<p>Ante todo esto, lo m\u00e1s l\u00f3gico es que los partidos progresistas que llegaron al poder luego de la crisis de 2008 en Am\u00e9rica Latina, en el caso de El Salvador, el FMLN \u2013\u201crevolucionario y socialista\u201d-, hubiesen actuado bajo un plan de medidas que trastocar\u00e1n estas condiciones, que lucharan contra los beneficios de los capitalistas y superaran la miseria del pueblo trabajador, que en todo este embrollo es el que m\u00e1s contribuye al funcionamiento del actual modo de producci\u00f3n y el menos beneficiado por el mismo. Al contrario, han dado un margen de maniobra demasiado amplio a la burgues\u00eda y emulan avances significativos de la econom\u00eda, que solo son la recuperaci\u00f3n de los bolsillos de los empresarios despu\u00e9s del 2008.<\/p>\n<h3><span style=\"color: #800000;\"><strong>El discurso oficial y la emulaci\u00f3n de avances m\u00ednimos<\/strong><\/span><\/h3>\n<p>Durante los dos gobiernos del FMLN se ha sostenido, desde el discurso oficial de los \u00f3rganos del Estado, que la econom\u00eda crece, que el Producto Interno Bruto (PIB) eleva sus puntos porcentuales cada a\u00f1o gracias a la grata inversi\u00f3n privada en sectores productivos de la econom\u00eda salvadore\u00f1a. Por supuesto que es as\u00ed, pero, principalmente debido a la clase trabajadora, quien soporta la explotaci\u00f3n en el proceso de producci\u00f3n, que mueve la econom\u00eda del pa\u00eds. Y dicho crecimiento solo representa una m\u00ednima recuperaci\u00f3n de la burgues\u00eda \u2013pues solo le beneficia a ella- despu\u00e9s de la crisis del 2008 y que, por tanto, no es un avance sino un estancamiento de la econom\u00eda del pa\u00eds<a href=\"#_ftn1\" name=\"_ftnref1\">[1]<\/a>.<\/p>\n<p>A menudo suele exagerarse los resultados m\u00ednimos de los programas sociales del gobierno. Nadie niega que los proyectos en educaci\u00f3n y salud, y los subsidios beneficiaron mucho a la clase trabajadora y campesina de nuestro pa\u00eds, pero solo paliaron algunos efectos de la explotaci\u00f3n capitalista. \u00c9sta por su parte, se expres\u00f3 en una crisis estatal \u2013que yac\u00eda desde los gobiernos areneros que exprimieron las arcas financieras del Estado- que puso al FMLN entre los trabajadores y la burgues\u00eda, y en un intento de beneficiar a ambos, termin\u00f3 desacredit\u00e1ndose frente a las masas trabajadoras, acab\u00f3 por recortar los subsidios, recortar la inversi\u00f3n social, recurrir a mas pr\u00e9stamos y a m\u00e1s impuestos regresivos para seguir sosteniendo esto.<\/p>\n<p>Entramos en una situaci\u00f3n donde no sirve de mucho las ayudas en el terreno de educaci\u00f3n y salud si paralelo a esto se imponen m\u00e1s contribuciones a los ingresos de la clase trabajadora, que de por s\u00ed ya son miserables.<\/p>\n<h3><span style=\"color: #800000;\"><strong>Un nuevo contexto pol\u00edtico<\/strong><\/span><\/h3>\n<p>Ante la incapacidad pol\u00edtica de la direcci\u00f3n del FMLN en el gobierno de demostrar las limitaciones de la superestructura pol\u00edtica \u2013el Estado burgu\u00e9s- para llevar a cabo medidas radicales que transformen las bases econ\u00f3micas de ra\u00edz en beneficio de la masa trabajadora, haciendo necesaria su transformaci\u00f3n en un Estado Obrero, y ante la composici\u00f3n burocr\u00e1tica y autoritaria del partido, los trabajadores han proporcionado una lecci\u00f3n abrumadora al FMLN el pasado 4 de marzo: no se puede intentar reformar el capitalismo, dar con una mano beneficios a los trabajadores y con la otra a los capitalistas, pues por agarrar los beneficios de los empresarios con las dos manos se terminan botando los del pueblo.<\/p>\n<p>Los trabajadores suelen sentir m\u00e1s lo que m\u00e1s atenta sus condiciones de existencia y terminan pesando m\u00e1s los impuestos que los programas sociales. La p\u00e9rdida del 4M para el FMLN le ha dejado al margen de las nuevas luchas venideras, y ha terminado con su papel hist\u00f3rico como instrumento de lucha del pueblo trabajador salvadore\u00f1o.<\/p>\n<p>No obstante, el rechazo al FMLN asegur\u00f3 una mayor\u00eda de la derecha en la Asamblea Legislativa y seguramente utilizaran esta nueva correlaci\u00f3n para impulsar ataques contra los explotados. Pero tambi\u00e9n existe un despertar pol\u00edtico en la conciencia de los trabajadores del pa\u00eds, esto ha permitido que las masas se aboquen a una nueva alternativa pol\u00edtica, con una nueva ilusi\u00f3n de transformar sus condiciones de vida. Y podr\u00eda desarrollarse un tipo de lucha desde all\u00ed en contra de esas medidas.<\/p>\n<h3><span style=\"color: #800000;\"><strong>Situaci\u00f3n actual del gobierno del FMLN<\/strong><\/span><\/h3>\n<p>El panorama incierto en el Estado salvadore\u00f1o ha sido una constante durante los gobiernos del FMLN. La crisis estatal ha estado presente desde los gobiernos areneros pero no pudo ser superada por el FMLN. En la actualidad, la situaci\u00f3n del gobierno del FMLN est\u00e1 en un embrollo, existe una crisis en las arcas financieras estatales que hunde sus ra\u00edces en el tema previsional, en la deuda p\u00fablica y en la evasi\u00f3n y elusi\u00f3n fiscal.<\/p>\n<p>\u00bfCu\u00e1les han sido las medidas del FMLN para solventar dicha crisis? Pues claro que nunca se propuso solventarla, y m\u00e1s bien lo que se ha hecho es administrarla, y de mala manera<a href=\"#_ftn2\" name=\"_ftnref2\">[2]<\/a>. Existe, por un lado, una sobreestimaci\u00f3n de los ingresos tributarios y un aumento de pr\u00e9stamos que incrementan la deuda. Por tanto, un presupuesto estatal insostenible gracias a su vejiga de deuda en constante inflaci\u00f3n.<\/p>\n<h3><span style=\"color: #800000;\"><strong>Los desaf\u00edos de la izquierda gobernante <\/strong><\/span><\/h3>\n<p>Los organismos financieros internacionales (FMI, BID, BM) poseen una ley clara: prestar para dominar. Y sus recetas para acabar con la crisis estatal salvadore\u00f1a siguen la l\u00ednea de la austeridad para los trabajadores e inversi\u00f3n social. Ante ello, el FMLN sigue poniendo una resistencia irrisoria y parece marchar a su desenlace final: atacar directamente a los trabajadores con las recetas de estos organismos. Consideramos, como siempre lo hemos explicado, que se necesitan medidas m\u00e1s radicales para transitar hacia una sociedad donde los explotados sean capaces de gobernar sus vidas.<\/p>\n<p>Los desaf\u00edos que el FMLN posee aun como izquierda gobernante siguen siendo muchos, pero en el contexto actual lo m\u00e1s l\u00f3gico es que el FMLN siga manteniendo una pol\u00edtica de conciliaci\u00f3n de clases y ceda ante la mayor\u00eda de presiones de la burgues\u00eda, qued\u00e1ndose al margen. De llegar un nuevo gobierno con pretensiones ideol\u00f3gicas de izquierda se enfrentar\u00e1 con los mismos problemas que el FMLN y deber\u00e1 enfocarse, por un lado, en eliminar la evasi\u00f3n y la elusi\u00f3n fiscal con impuestos progresivos a los grandes empresarios y con la creaci\u00f3n de comit\u00e9s obreros que junto al Ministerio de Trabajo y de Hacienda velen porque se paguen. En nacionalizar el sistema de pensiones, \u00a1no m\u00e1s AFP!, y en desconocer la deuda p\u00fablica, creada en su mayor\u00eda por los gobiernos de ARENA. Por otro lado, en reducir las jornadas laborales sin reducir salarios, en incrementar las prestaciones laborales, en aumentar la inversi\u00f3n en salud y educaci\u00f3n, etc.<\/p>\n<p>Por \u00faltimo, acotamos que esto solo se podr\u00e1 lograr con la lucha de calle, pues el parlamento dominado por la derecha no ceder\u00e1 en lo m\u00e1s m\u00ednimo. Es probable, actualmente, que las masas salgan por su cuenta a las calles en contra de todos los ataques venideros de la burgues\u00eda salvadore\u00f1a, y una alternativa progresista deber\u00eda estar al frente de todas estas luchas.<\/p>\n<p>&nbsp;<\/p>\n<hr \/>\n<p><a href=\"#_ftnref1\" name=\"_ftn1\">[1]<\/a> Para 2017 se emula el crecimiento econ\u00f3mico y la reducci\u00f3n de la canasta b\u00e1sica(!). V\u00e9ase: https:\/\/informatvx.com\/presentan-balance-economico-de-tercer-ano-de-gobierno\/<\/p>\n<p><a href=\"#_ftnref2\" name=\"_ftn2\">[2]<\/a> Gracias a esto Cer\u00e9n es de los presidentes peor evaluados por la poblaci\u00f3n, en una escala del 1 al 10 se le califico con un 4.6 en la \u00faltima encuesta realizada por la UCA. Ver: http:\/\/www.uca.edu.sv\/iudop\/wp-content\/uploads\/Bolet%C3%ADnPoselectoral2018.pdf<\/p>\n","protected":false},"excerpt":{"rendered":"<p>En junio se cumplen cuatro a\u00f1os del segundo gobierno del FMLN, de la mano del profesor Salvador S\u00e1nchez Cer\u00e9n. La situaci\u00f3n del pa\u00eds sigue reflejando los intereses de las empresas privadas nacionales e internacionales y contin\u00faa la incertidumbre de sostener todos los avances en programas sociales desde el Estado a trav\u00e9s de pr\u00e9stamos con organismos&#8230;<\/p>\n","protected":false},"author":1,"featured_media":3339,"comment_status":"open","ping_status":"open","sticky":false,"template":"","format":"standard","meta":{"_monsterinsights_skip_tracking":false,"_monsterinsights_sitenote_active":false,"_monsterinsights_sitenote_note":"","_monsterinsights_sitenote_category":0,"_uf_show_specific_survey":0,"_uf_disable_surveys":false,"_jetpack_memberships_contains_paid_content":false,"footnotes":""},"categories":[3],"tags":[269,93,268],"class_list":["post-3338","post","type-post","status-publish","format-standard","has-post-thumbnail","hentry","category-politica","tag-cuatro-anos","tag-el-salvador","tag-gobierno-de-ceren"],"aioseo_notices":[],"yoast_head":"<!-- This site is optimized with the Yoast SEO plugin v25.6 - https:\/\/yoast.com\/wordpress\/plugins\/seo\/ -->\n<title>Desaf\u00edos de la izquierda, a 4 a\u00f1os del gobierno de Cer\u00e9n<\/title>\n<meta name=\"robots\" content=\"index, follow, max-snippet:-1, max-image-preview:large, max-video-preview:-1\" \/>\n<link rel=\"canonical\" href=\"https:\/\/elcomunista.org\/?p=3338\" \/>\n<meta property=\"og:locale\" content=\"es_ES\" \/>\n<meta property=\"og:type\" content=\"article\" \/>\n<meta property=\"og:title\" content=\"Desaf\u00edos de la izquierda, a 4 a\u00f1os del gobierno de Cer\u00e9n\" \/>\n<meta property=\"og:description\" content=\"En junio se cumplen cuatro a\u00f1os del segundo gobierno del FMLN, de la mano del profesor Salvador S\u00e1nchez Cer\u00e9n. La situaci\u00f3n del pa\u00eds sigue reflejando los intereses de las empresas privadas nacionales e internacionales y contin\u00faa la incertidumbre de sostener todos los avances en programas sociales desde el Estado a trav\u00e9s de pr\u00e9stamos con organismos...\" \/>\n<meta property=\"og:url\" content=\"https:\/\/elcomunista.org\/?p=3338\" \/>\n<meta property=\"og:site_name\" content=\"Revoluci\u00f3n Comunista\" \/>\n<meta property=\"article:publisher\" content=\"https:\/\/www.facebook.com\/Bloquepopularjuvenil\" \/>\n<meta property=\"article:published_time\" content=\"2018-06-04T22:44:05+00:00\" \/>\n<meta property=\"article:modified_time\" content=\"2018-06-12T15:00:11+00:00\" \/>\n<meta property=\"og:image\" content=\"https:\/\/elcomunista.org\/wp-content\/uploads\/2018\/06\/SANCHEZ-CEREN-ASAMBLEA.jpg\" \/>\n\t<meta property=\"og:image:width\" content=\"627\" \/>\n\t<meta property=\"og:image:height\" content=\"360\" \/>\n\t<meta property=\"og:image:type\" content=\"image\/jpeg\" \/>\n<meta name=\"author\" content=\"Bloque Popular Juvenil\" \/>\n<meta name=\"twitter:card\" content=\"summary_large_image\" \/>\n<meta name=\"twitter:creator\" content=\"@ElBPJ\" \/>\n<meta name=\"twitter:site\" content=\"@ElBPJ\" \/>\n<meta name=\"twitter:label1\" content=\"Escrito por\" \/>\n\t<meta name=\"twitter:data1\" content=\"Bloque Popular Juvenil\" \/>\n\t<meta name=\"twitter:label2\" content=\"Tiempo de lectura\" \/>\n\t<meta name=\"twitter:data2\" content=\"9 minutos\" \/>\n<script type=\"application\/ld+json\" class=\"yoast-schema-graph\">{\"@context\":\"https:\/\/schema.org\",\"@graph\":[{\"@type\":\"Article\",\"@id\":\"https:\/\/elcomunista.org\/?p=3338#article\",\"isPartOf\":{\"@id\":\"https:\/\/elcomunista.org\/?p=3338\"},\"author\":{\"name\":\"Bloque Popular Juvenil\",\"@id\":\"https:\/\/elcomunista.org\/#\/schema\/person\/d55d5350d790a4464cbc0e898065567d\"},\"headline\":\"Desaf\u00edos de la izquierda, a 4 a\u00f1os del gobierno de Cer\u00e9n\",\"datePublished\":\"2018-06-04T22:44:05+00:00\",\"dateModified\":\"2018-06-12T15:00:11+00:00\",\"mainEntityOfPage\":{\"@id\":\"https:\/\/elcomunista.org\/?p=3338\"},\"wordCount\":1853,\"commentCount\":1,\"publisher\":{\"@id\":\"https:\/\/elcomunista.org\/#organization\"},\"image\":{\"@id\":\"https:\/\/elcomunista.org\/?p=3338#primaryimage\"},\"thumbnailUrl\":\"https:\/\/elcomunista.org\/wp-content\/uploads\/2018\/06\/SANCHEZ-CEREN-ASAMBLEA.jpg\",\"keywords\":[\"Cuatro a\u00f1os\",\"El Salvador\",\"Gobierno de Cer\u00e9n\"],\"articleSection\":[\"Pol\u00edtica\"],\"inLanguage\":\"es\",\"potentialAction\":[{\"@type\":\"CommentAction\",\"name\":\"Comment\",\"target\":[\"https:\/\/elcomunista.org\/?p=3338#respond\"]}]},{\"@type\":\"WebPage\",\"@id\":\"https:\/\/elcomunista.org\/?p=3338\",\"url\":\"https:\/\/elcomunista.org\/?p=3338\",\"name\":\"Desaf\u00edos de la izquierda, a 4 a\u00f1os del gobierno de Cer\u00e9n\",\"isPartOf\":{\"@id\":\"https:\/\/elcomunista.org\/#website\"},\"primaryImageOfPage\":{\"@id\":\"https:\/\/elcomunista.org\/?p=3338#primaryimage\"},\"image\":{\"@id\":\"https:\/\/elcomunista.org\/?p=3338#primaryimage\"},\"thumbnailUrl\":\"https:\/\/elcomunista.org\/wp-content\/uploads\/2018\/06\/SANCHEZ-CEREN-ASAMBLEA.jpg\",\"datePublished\":\"2018-06-04T22:44:05+00:00\",\"dateModified\":\"2018-06-12T15:00:11+00:00\",\"breadcrumb\":{\"@id\":\"https:\/\/elcomunista.org\/?p=3338#breadcrumb\"},\"inLanguage\":\"es\",\"potentialAction\":[{\"@type\":\"ReadAction\",\"target\":[\"https:\/\/elcomunista.org\/?p=3338\"]}]},{\"@type\":\"ImageObject\",\"inLanguage\":\"es\",\"@id\":\"https:\/\/elcomunista.org\/?p=3338#primaryimage\",\"url\":\"https:\/\/elcomunista.org\/wp-content\/uploads\/2018\/06\/SANCHEZ-CEREN-ASAMBLEA.jpg\",\"contentUrl\":\"https:\/\/elcomunista.org\/wp-content\/uploads\/2018\/06\/SANCHEZ-CEREN-ASAMBLEA.jpg\",\"width\":627,\"height\":360},{\"@type\":\"BreadcrumbList\",\"@id\":\"https:\/\/elcomunista.org\/?p=3338#breadcrumb\",\"itemListElement\":[{\"@type\":\"ListItem\",\"position\":1,\"name\":\"Portada\",\"item\":\"https:\/\/elcomunista.org\/\"},{\"@type\":\"ListItem\",\"position\":2,\"name\":\"Desaf\u00edos de la izquierda, a 4 a\u00f1os del gobierno de Cer\u00e9n\"}]},{\"@type\":\"WebSite\",\"@id\":\"https:\/\/elcomunista.org\/#website\",\"url\":\"https:\/\/elcomunista.org\/\",\"name\":\"Revoluci\u00f3n Comunista\",\"description\":\"Internacional Comunista Revolucionaria\",\"publisher\":{\"@id\":\"https:\/\/elcomunista.org\/#organization\"},\"potentialAction\":[{\"@type\":\"SearchAction\",\"target\":{\"@type\":\"EntryPoint\",\"urlTemplate\":\"https:\/\/elcomunista.org\/?s={search_term_string}\"},\"query-input\":{\"@type\":\"PropertyValueSpecification\",\"valueRequired\":true,\"valueName\":\"search_term_string\"}}],\"inLanguage\":\"es\"},{\"@type\":\"Organization\",\"@id\":\"https:\/\/elcomunista.org\/#organization\",\"name\":\"Bloque Popular Juvenil\",\"url\":\"https:\/\/elcomunista.org\/\",\"logo\":{\"@type\":\"ImageObject\",\"inLanguage\":\"es\",\"@id\":\"https:\/\/elcomunista.org\/#\/schema\/logo\/image\/\",\"url\":\"https:\/\/bloquepopularjuvenil.org\/wp-content\/uploads\/2018\/11\/bpj-militante.jpg\",\"contentUrl\":\"https:\/\/bloquepopularjuvenil.org\/wp-content\/uploads\/2018\/11\/bpj-militante.jpg\",\"width\":4000,\"height\":1390,\"caption\":\"Bloque Popular Juvenil\"},\"image\":{\"@id\":\"https:\/\/elcomunista.org\/#\/schema\/logo\/image\/\"},\"sameAs\":[\"https:\/\/www.facebook.com\/Bloquepopularjuvenil\",\"https:\/\/x.com\/ElBPJ\",\"https:\/\/www.instagram.com\/elbloque_bpj\/?hl=es-la\"]},{\"@type\":\"Person\",\"@id\":\"https:\/\/elcomunista.org\/#\/schema\/person\/d55d5350d790a4464cbc0e898065567d\",\"name\":\"Bloque Popular Juvenil\",\"image\":{\"@type\":\"ImageObject\",\"inLanguage\":\"es\",\"@id\":\"https:\/\/elcomunista.org\/#\/schema\/person\/image\/\",\"url\":\"https:\/\/secure.gravatar.com\/avatar\/85d12dca789bb6379dc38a198e1576cd?s=96&d=mm&r=g\",\"contentUrl\":\"https:\/\/secure.gravatar.com\/avatar\/85d12dca789bb6379dc38a198e1576cd?s=96&d=mm&r=g\",\"caption\":\"Bloque Popular Juvenil\"},\"url\":\"https:\/\/elcomunista.org\/?author=1\"}]}<\/script>\n<!-- \/ Yoast SEO plugin. -->","yoast_head_json":{"title":"Desaf\u00edos de la izquierda, a 4 a\u00f1os del gobierno de Cer\u00e9n","robots":{"index":"index","follow":"follow","max-snippet":"max-snippet:-1","max-image-preview":"max-image-preview:large","max-video-preview":"max-video-preview:-1"},"canonical":"https:\/\/elcomunista.org\/?p=3338","og_locale":"es_ES","og_type":"article","og_title":"Desaf\u00edos de la izquierda, a 4 a\u00f1os del gobierno de Cer\u00e9n","og_description":"En junio se cumplen cuatro a\u00f1os del segundo gobierno del FMLN, de la mano del profesor Salvador S\u00e1nchez Cer\u00e9n. La situaci\u00f3n del pa\u00eds sigue reflejando los intereses de las empresas privadas nacionales e internacionales y contin\u00faa la incertidumbre de sostener todos los avances en programas sociales desde el Estado a trav\u00e9s de pr\u00e9stamos con organismos...","og_url":"https:\/\/elcomunista.org\/?p=3338","og_site_name":"Revoluci\u00f3n Comunista","article_publisher":"https:\/\/www.facebook.com\/Bloquepopularjuvenil","article_published_time":"2018-06-04T22:44:05+00:00","article_modified_time":"2018-06-12T15:00:11+00:00","og_image":[{"width":627,"height":360,"url":"https:\/\/elcomunista.org\/wp-content\/uploads\/2018\/06\/SANCHEZ-CEREN-ASAMBLEA.jpg","type":"image\/jpeg"}],"author":"Bloque Popular Juvenil","twitter_card":"summary_large_image","twitter_creator":"@ElBPJ","twitter_site":"@ElBPJ","twitter_misc":{"Escrito por":"Bloque Popular Juvenil","Tiempo de lectura":"9 minutos"},"schema":{"@context":"https:\/\/schema.org","@graph":[{"@type":"Article","@id":"https:\/\/elcomunista.org\/?p=3338#article","isPartOf":{"@id":"https:\/\/elcomunista.org\/?p=3338"},"author":{"name":"Bloque Popular Juvenil","@id":"https:\/\/elcomunista.org\/#\/schema\/person\/d55d5350d790a4464cbc0e898065567d"},"headline":"Desaf\u00edos de la izquierda, a 4 a\u00f1os del gobierno de Cer\u00e9n","datePublished":"2018-06-04T22:44:05+00:00","dateModified":"2018-06-12T15:00:11+00:00","mainEntityOfPage":{"@id":"https:\/\/elcomunista.org\/?p=3338"},"wordCount":1853,"commentCount":1,"publisher":{"@id":"https:\/\/elcomunista.org\/#organization"},"image":{"@id":"https:\/\/elcomunista.org\/?p=3338#primaryimage"},"thumbnailUrl":"https:\/\/elcomunista.org\/wp-content\/uploads\/2018\/06\/SANCHEZ-CEREN-ASAMBLEA.jpg","keywords":["Cuatro a\u00f1os","El Salvador","Gobierno de Cer\u00e9n"],"articleSection":["Pol\u00edtica"],"inLanguage":"es","potentialAction":[{"@type":"CommentAction","name":"Comment","target":["https:\/\/elcomunista.org\/?p=3338#respond"]}]},{"@type":"WebPage","@id":"https:\/\/elcomunista.org\/?p=3338","url":"https:\/\/elcomunista.org\/?p=3338","name":"Desaf\u00edos de la izquierda, a 4 a\u00f1os del gobierno de Cer\u00e9n","isPartOf":{"@id":"https:\/\/elcomunista.org\/#website"},"primaryImageOfPage":{"@id":"https:\/\/elcomunista.org\/?p=3338#primaryimage"},"image":{"@id":"https:\/\/elcomunista.org\/?p=3338#primaryimage"},"thumbnailUrl":"https:\/\/elcomunista.org\/wp-content\/uploads\/2018\/06\/SANCHEZ-CEREN-ASAMBLEA.jpg","datePublished":"2018-06-04T22:44:05+00:00","dateModified":"2018-06-12T15:00:11+00:00","breadcrumb":{"@id":"https:\/\/elcomunista.org\/?p=3338#breadcrumb"},"inLanguage":"es","potentialAction":[{"@type":"ReadAction","target":["https:\/\/elcomunista.org\/?p=3338"]}]},{"@type":"ImageObject","inLanguage":"es","@id":"https:\/\/elcomunista.org\/?p=3338#primaryimage","url":"https:\/\/elcomunista.org\/wp-content\/uploads\/2018\/06\/SANCHEZ-CEREN-ASAMBLEA.jpg","contentUrl":"https:\/\/elcomunista.org\/wp-content\/uploads\/2018\/06\/SANCHEZ-CEREN-ASAMBLEA.jpg","width":627,"height":360},{"@type":"BreadcrumbList","@id":"https:\/\/elcomunista.org\/?p=3338#breadcrumb","itemListElement":[{"@type":"ListItem","position":1,"name":"Portada","item":"https:\/\/elcomunista.org\/"},{"@type":"ListItem","position":2,"name":"Desaf\u00edos de la izquierda, a 4 a\u00f1os del gobierno de Cer\u00e9n"}]},{"@type":"WebSite","@id":"https:\/\/elcomunista.org\/#website","url":"https:\/\/elcomunista.org\/","name":"Revoluci\u00f3n Comunista","description":"Internacional Comunista Revolucionaria","publisher":{"@id":"https:\/\/elcomunista.org\/#organization"},"potentialAction":[{"@type":"SearchAction","target":{"@type":"EntryPoint","urlTemplate":"https:\/\/elcomunista.org\/?s={search_term_string}"},"query-input":{"@type":"PropertyValueSpecification","valueRequired":true,"valueName":"search_term_string"}}],"inLanguage":"es"},{"@type":"Organization","@id":"https:\/\/elcomunista.org\/#organization","name":"Bloque Popular Juvenil","url":"https:\/\/elcomunista.org\/","logo":{"@type":"ImageObject","inLanguage":"es","@id":"https:\/\/elcomunista.org\/#\/schema\/logo\/image\/","url":"https:\/\/bloquepopularjuvenil.org\/wp-content\/uploads\/2018\/11\/bpj-militante.jpg","contentUrl":"https:\/\/bloquepopularjuvenil.org\/wp-content\/uploads\/2018\/11\/bpj-militante.jpg","width":4000,"height":1390,"caption":"Bloque Popular Juvenil"},"image":{"@id":"https:\/\/elcomunista.org\/#\/schema\/logo\/image\/"},"sameAs":["https:\/\/www.facebook.com\/Bloquepopularjuvenil","https:\/\/x.com\/ElBPJ","https:\/\/www.instagram.com\/elbloque_bpj\/?hl=es-la"]},{"@type":"Person","@id":"https:\/\/elcomunista.org\/#\/schema\/person\/d55d5350d790a4464cbc0e898065567d","name":"Bloque Popular Juvenil","image":{"@type":"ImageObject","inLanguage":"es","@id":"https:\/\/elcomunista.org\/#\/schema\/person\/image\/","url":"https:\/\/secure.gravatar.com\/avatar\/85d12dca789bb6379dc38a198e1576cd?s=96&d=mm&r=g","contentUrl":"https:\/\/secure.gravatar.com\/avatar\/85d12dca789bb6379dc38a198e1576cd?s=96&d=mm&r=g","caption":"Bloque Popular Juvenil"},"url":"https:\/\/elcomunista.org\/?author=1"}]}},"jetpack_featured_media_url":"https:\/\/elcomunista.org\/wp-content\/uploads\/2018\/06\/SANCHEZ-CEREN-ASAMBLEA.jpg","jetpack_likes_enabled":true,"jetpack_sharing_enabled":true,"_links":{"self":[{"href":"https:\/\/elcomunista.org\/index.php?rest_route=\/wp\/v2\/posts\/3338"}],"collection":[{"href":"https:\/\/elcomunista.org\/index.php?rest_route=\/wp\/v2\/posts"}],"about":[{"href":"https:\/\/elcomunista.org\/index.php?rest_route=\/wp\/v2\/types\/post"}],"author":[{"embeddable":true,"href":"https:\/\/elcomunista.org\/index.php?rest_route=\/wp\/v2\/users\/1"}],"replies":[{"embeddable":true,"href":"https:\/\/elcomunista.org\/index.php?rest_route=%2Fwp%2Fv2%2Fcomments&post=3338"}],"version-history":[{"count":0,"href":"https:\/\/elcomunista.org\/index.php?rest_route=\/wp\/v2\/posts\/3338\/revisions"}],"wp:featuredmedia":[{"embeddable":true,"href":"https:\/\/elcomunista.org\/index.php?rest_route=\/wp\/v2\/media\/3339"}],"wp:attachment":[{"href":"https:\/\/elcomunista.org\/index.php?rest_route=%2Fwp%2Fv2%2Fmedia&parent=3338"}],"wp:term":[{"taxonomy":"category","embeddable":true,"href":"https:\/\/elcomunista.org\/index.php?rest_route=%2Fwp%2Fv2%2Fcategories&post=3338"},{"taxonomy":"post_tag","embeddable":true,"href":"https:\/\/elcomunista.org\/index.php?rest_route=%2Fwp%2Fv2%2Ftags&post=3338"}],"curies":[{"name":"wp","href":"https:\/\/api.w.org\/{rel}","templated":true}]}}