{"id":3505,"date":"2018-06-22T18:02:48","date_gmt":"2018-06-23T00:02:48","guid":{"rendered":"http:\/\/bloquepopularjuvenil.org\/?p=3505"},"modified":"2019-04-07T10:28:46","modified_gmt":"2019-04-07T16:28:46","slug":"quienes-deben-administrar-el-agua-en-el-salvador","status":"publish","type":"post","link":"https:\/\/elcomunista.org\/?p=3505","title":{"rendered":"\u00bfQui\u00e9nes deben administrar el agua en El Salvador?"},"content":{"rendered":"<p>La burgues\u00eda ha dado pasos en falso con la reforma a la ley de agua, creyendo que bajo tecnicismo legales la clase obrera no se dar\u00eda cuenta de sus verdaderas intenciones, sin embargo, para los j\u00f3venes y los trabajadores est\u00e1 claro que est\u00e1n impulsando una reforma que les permita controlar la administraci\u00f3n de los recursos h\u00eddricos. Como respuesta los j\u00f3venes y los trabajadores han salido a las calles a defender el agua como un bien com\u00fan, este primer paso que han dado tiene una importancia vital para asegurar un desenlace favorable para la clase obrera. Se hace necesario que las movilizaciones est\u00e9n acompa\u00f1adas de un debate amplio del papel que juega el recurso h\u00eddrico para la vida econ\u00f3mica y social de nuestro pa\u00eds, las deficiencias de distribuci\u00f3n que actualmente sufre, y las alternativas revolucionarias por las que debemos luchar si queremos que el agua juegue un papel de potenciador de los niveles de vida de las masas.<\/p>\n<p>M\u00e1s all\u00e1 del uso residencial los recursos h\u00eddricos tambi\u00e9n est\u00e1n destinados a abastecer al sector comercial, industrial, municipalidades, aut\u00f3nomas y al gobierno central, por ejemplo, un 32 % de la energ\u00eda el\u00e9ctrica es producida a trav\u00e9s de presas hidroel\u00e9ctricas, en el per\u00edodo de 1990 a 2010 la captaci\u00f3n de agua que contabiliz\u00f3 ANDA fue de 184.2 a 341.4 millones de metros c\u00fabicos, es decir un aumento de alrededor del 85.3 %. De la misma forma el acceso que los hogares han tenido de este recurso han ido variando, en el periodo de 2001 a 2006 un 76 % de los hogares salvadore\u00f1os contaban con acceso a servicios de abastecimiento de agua potable, en el periodo de 2007 a 2009 el 79 %, en 2010 el 83 % de los hogares, huelga decir que a pesar del aumento en la red de distribuci\u00f3n esto no ha garantizado un servicio regular del recurso, y es precisamente sobre este punto en el que la burgues\u00eda se ha apoyado para impulsar su propuesta de privatizaci\u00f3n.<\/p>\n<p>La diferencia de abastecimiento se ve m\u00e1s cruda si separamos a la ciudad del campo, en 2015 la entonces directora del Centro Salvadore\u00f1o de Tecnolog\u00eda Apropiada (CESTA), Silvia Quiroa, aseguro que \u201clas zonas rurales son la poblaci\u00f3n que tienen menos acceso a una fuente de agua segura. El 23.7 % de estos hogares a\u00fan no dispone de agua segura para su consumo\u201d, representando alrededor de 1,200,000 habitantes. Por otra parte, un 35% de la poblaci\u00f3n rural debe recurrir a peque\u00f1as cooperativas que le garantizan el servicio del recurso h\u00eddrico (en 2015 se contabilizaban que eran un poco m\u00e1s de 15,000 administradoras comunitarias de agua en todo el pa\u00eds), esto demuestra las limitantes que existen actualmente en ANDA, y es que, bajo un r\u00e9gimen capitalista es imposible que instituciones <em>normales <\/em>del Estado puedan garantizar el bienestar a la sociedad, de hecho muchos de los viejos funcionarios de estas entidades han estado envueltos en esc\u00e1ndalos de favoritismos a empresarios o funcionarios estatales (no olvidemos la laguna artificial que descubrieron en una propiedad de Francisco Flores o el caso de Cesar Funes, ex presidente de ANDA, procesado por peculado, asociaciones il\u00edcitas y lavado de dinero).<\/p>\n<p>Sin embargo, las grandes empresas si han podido hacer uso de los mantos acu\u00edferos a su antojo, empresas como Coca Cola que a trav\u00e9s de embotelladoras subcontratadas han explotado hasta casi acabar pozos de agua como el de Nejapa. Se calculan que alrededor de 100,000 cajas de Coca Cola se producen diariamente consumiendo el 200 % de la capacidad anual total del acu\u00edfero contribuyendo a la crisis de estr\u00e9s h\u00eddrico por la que atraviesa nuestro pa\u00eds, los trabajadores debemos poner en tela de juicio si basta con luchar por parar la reforma a la ley de aguas o debemos extender nuestra lucha por un verdadero sistema de distribuci\u00f3n controlado directamente bajo control obrero.<\/p>\n<h3><span style=\"color: #800000;\"><strong>Control obrero sobre los recursos h\u00eddricos<\/strong><\/span><\/h3>\n<p>Los trabajadores y la juventud no podemos permitir que un recurso tan necesario para la vida corra el riesgo de agotarse o que se encuentre fuera de nuestro alcance, la distribuci\u00f3n racional\u00a0 y el cuido del agua no es factible bajo el control de los capitalistas ni de funcionarios de un Estado burgu\u00e9s, solamente nosotros podemos administrarlo de manera que lejos de generar ganancias para un peque\u00f1o grupo de empresarios sirva para solventar nuestras necesidades familiares y potencie\u00a0 de manera eficaz nuestra econom\u00eda, esto solo puede pasar por que seamos nosotros quienes tengamos el control real de la administraci\u00f3n del agua.<\/p>\n<p>Poder controlar este recurso pasa por que la administraci\u00f3n del mismo sea democr\u00e1ticamente electa, la cual consideramos debe estar conformada por un tercio elegido por las comunidades -colonias, barrios o cantones-, un tercio elegido por los sindicatos para representar a los intereses de la clase obrera en su totalidad y un tercio por el gobierno. Este nuevo directorio deber\u00eda responder directamente a los sectores que representa es decir, a la clase obrera y a los campesinos, a trav\u00e9s de asambleas democr\u00e1ticas a nivel local y nacional, con delegados que puedan ser removidos en cualquier momento que crean conveniente aquellos que lo eligieron, su primer objetivo pasar\u00eda por hacer que el agua vuelva a ser un recurso orientado a garantizar el bienestar social antes que el inter\u00e9s de un peque\u00f1o grupo de empresarios.<\/p>\n<p>Una de sus primeras tareas consistir\u00eda en establecer una manera racional de explotar y distribuir las diez regiones hidrogr\u00e1ficas con las que cuenta nuestro pa\u00eds. Seg\u00fan un estudio reciente del Ministerio de Medio Ambiente y Recursos Naturales, de los 360 r\u00edos existentes en el pa\u00eds \u00fanicamente el 32% pueden ser catalogados como buenos, es decir que facilita el desarrollo de vida acu\u00e1tica, la mayor\u00eda de los r\u00edos m\u00e1s importantes son usados como vertederos de las grandes empresas. Con el objetivo de salvaguardar nuestros recursos esta nueva administraci\u00f3n deber\u00eda ponerse en la tarea de obligar a las distintas empresas contaminantes a utilizar alternativas distintas para deshacerse de sus desperdicios, aquellas empresas que aleguen no poder cumplir con estos requisitos deben ser expropiadas inmediatamente por el Estado quien deber\u00eda cumplir con este requisito, adem\u00e1s deber\u00e1 imponer impuestos m\u00e1s fuertes a las empresas que actualmente est\u00e1n explotando los recursos h\u00eddricos con un tope sobre los metros c\u00fabicos que pueda extraer anualmente, orientando adem\u00e1s parte de la extracci\u00f3n de agua al abastecimiento de las comunidades aleda\u00f1as las 24 horas del d\u00eda de manera obligatoria, si alg\u00fan empresario amenaza con salir del pa\u00eds el Estado debe congelar inmediatamente los activos de estas empresas a fin de evitar fuga de capital, expropiarlas y ponerlas a funcionar bajo control obrero.<\/p>\n<p>Es necesario que una administraci\u00f3n revolucionaria luche contra el secreto comercial, ninguna empresa que explote nuestros recursos puede ocultar los fraudes cometidos al Estado o las ganancias reales que van a parar a los due\u00f1os de estas, al imponer impuestos m\u00e1s fuertes la nueva administraci\u00f3n podr\u00eda orientar este dinero a un desarrollo mayor de la red de distribuci\u00f3n de agua as\u00ed como el mejoramiento de los pozos extractores con los que ya se cuentan, un an\u00e1lisis estad\u00edstico exhaustivo permitir\u00eda llevar agua a aquellas zonas en las que no se cuenta.<\/p>\n<p>Inmediatamente y por medio del ejemplo la nueva administraci\u00f3n debe tratar de incorporar a las peque\u00f1as cooperativas bajo un plan de extracci\u00f3n y distribuci\u00f3n nacional del agua, es bien sabido que muchas de las cooperativas si cumplen con el abastecimiento las 24 horas del d\u00eda a las comunidades pero lo hacen con un costo mayor de extracci\u00f3n que se ve reflejado en una tarifa mayor para el usuario, esta tarea es una de las m\u00e1s dif\u00edciles a las que se puede enfrentar una nueva administraci\u00f3n, una buena parte de estas cooperativas \u00fanicamente buscan lucrarse del agua por lo que una parte de los gastos de la producci\u00f3n deben orientarse en la propaganda revolucionaria hacia las comunidades mediante asambleas barriales donde quede evidenciada la superioridad del control obrero sobre la distribuci\u00f3n del agua.<\/p>\n<p>Demostrando en la pr\u00e1ctica las ventajas de la administraci\u00f3n planificada del agua, los revolucionarios deben extender esta pr\u00e1ctica al conjunto de las ramas productivas de nuestro pa\u00eds, por s\u00ed misma la administraci\u00f3n del agua no puede funcionar, debe inmiscuirse toda la producci\u00f3n nacional para poder desarrollar todo su potencial, por lo que una administraci\u00f3n obrera de los recursos h\u00eddricos debe realizar un llamado y lucha constante por la planificaci\u00f3n econ\u00f3mica de la sociedad.<\/p>\n<p style=\"text-align: center;\"><span style=\"color: #800000;\"><strong>\u00a1Movilizaci\u00f3n de la clase obrera y la juventud para frenar la privatizaci\u00f3n!<\/strong><\/span><\/p>\n<p style=\"text-align: center;\"><span style=\"color: #800000;\"><strong>\u00a1Fuera los funcionarios deficientes!<\/strong><\/span><\/p>\n<p style=\"text-align: center;\"><span style=\"color: #800000;\"><strong>\u00a1Por una administraci\u00f3n obrera de nuestros recursos!<\/strong><\/span><\/p>\n","protected":false},"excerpt":{"rendered":"<p>La burgues\u00eda ha dado pasos en falso con la reforma a la ley de agua, creyendo que bajo tecnicismo legales la clase obrera no se dar\u00eda cuenta de sus verdaderas intenciones, sin embargo, para los j\u00f3venes y los trabajadores est\u00e1 claro que est\u00e1n impulsando una reforma que les permita controlar la administraci\u00f3n de los recursos&#8230;<\/p>\n","protected":false},"author":16,"featured_media":3506,"comment_status":"open","ping_status":"open","sticky":false,"template":"","format":"standard","meta":{"_monsterinsights_skip_tracking":false,"_monsterinsights_sitenote_active":false,"_monsterinsights_sitenote_note":"","_monsterinsights_sitenote_category":0,"_uf_show_specific_survey":0,"_uf_disable_surveys":false,"_jetpack_memberships_contains_paid_content":false,"footnotes":""},"categories":[249,3],"tags":[275,290,289],"class_list":["post-3505","post","type-post","status-publish","format-standard","has-post-thumbnail","hentry","category-campana-contra-la-privatizacion-del-agua","category-politica","tag-agua","tag-control-obrero-de-los-recursos-naturales","tag-no-a-la-privatizacion"],"aioseo_notices":[],"yoast_head":"<!-- This site is optimized with the Yoast SEO plugin v25.6 - https:\/\/yoast.com\/wordpress\/plugins\/seo\/ -->\n<title>\u00bfQui\u00e9nes deben administrar el agua en El Salvador?<\/title>\n<meta name=\"robots\" content=\"index, follow, max-snippet:-1, max-image-preview:large, max-video-preview:-1\" \/>\n<link rel=\"canonical\" href=\"https:\/\/elcomunista.org\/?p=3505\" \/>\n<meta property=\"og:locale\" content=\"es_ES\" \/>\n<meta property=\"og:type\" content=\"article\" \/>\n<meta property=\"og:title\" content=\"\u00bfQui\u00e9nes deben administrar el agua en El Salvador?\" \/>\n<meta property=\"og:description\" content=\"La burgues\u00eda ha dado pasos en falso con la reforma a la ley de agua, creyendo que bajo tecnicismo legales la clase obrera no se dar\u00eda cuenta de sus verdaderas intenciones, sin embargo, para los j\u00f3venes y los trabajadores est\u00e1 claro que est\u00e1n impulsando una reforma que les permita controlar la administraci\u00f3n de los recursos...\" \/>\n<meta property=\"og:url\" content=\"https:\/\/elcomunista.org\/?p=3505\" \/>\n<meta property=\"og:site_name\" content=\"Revoluci\u00f3n Comunista\" \/>\n<meta property=\"article:publisher\" content=\"https:\/\/www.facebook.com\/Bloquepopularjuvenil\" \/>\n<meta property=\"article:published_time\" content=\"2018-06-23T00:02:48+00:00\" \/>\n<meta property=\"article:modified_time\" content=\"2019-04-07T16:28:46+00:00\" \/>\n<meta property=\"og:image\" content=\"https:\/\/elcomunista.org\/wp-content\/uploads\/2018\/06\/Design.png\" \/>\n\t<meta property=\"og:image:width\" content=\"600\" \/>\n\t<meta property=\"og:image:height\" content=\"400\" \/>\n\t<meta property=\"og:image:type\" content=\"image\/png\" \/>\n<meta name=\"author\" content=\"Daniel Alejandro Garcia\" \/>\n<meta name=\"twitter:card\" content=\"summary_large_image\" \/>\n<meta name=\"twitter:creator\" content=\"@ElBPJ\" \/>\n<meta name=\"twitter:site\" content=\"@ElBPJ\" \/>\n<meta name=\"twitter:label1\" content=\"Escrito por\" \/>\n\t<meta name=\"twitter:data1\" content=\"Daniel Alejandro Garcia\" \/>\n\t<meta name=\"twitter:label2\" content=\"Tiempo de lectura\" \/>\n\t<meta name=\"twitter:data2\" content=\"7 minutos\" \/>\n<script type=\"application\/ld+json\" class=\"yoast-schema-graph\">{\"@context\":\"https:\/\/schema.org\",\"@graph\":[{\"@type\":\"Article\",\"@id\":\"https:\/\/elcomunista.org\/?p=3505#article\",\"isPartOf\":{\"@id\":\"https:\/\/elcomunista.org\/?p=3505\"},\"author\":{\"name\":\"Daniel Alejandro Garcia\",\"@id\":\"https:\/\/elcomunista.org\/#\/schema\/person\/eb85bfa9f1b446f53113e6e8fd84d9c6\"},\"headline\":\"\u00bfQui\u00e9nes deben administrar el agua en El Salvador?\",\"datePublished\":\"2018-06-23T00:02:48+00:00\",\"dateModified\":\"2019-04-07T16:28:46+00:00\",\"mainEntityOfPage\":{\"@id\":\"https:\/\/elcomunista.org\/?p=3505\"},\"wordCount\":1500,\"commentCount\":0,\"publisher\":{\"@id\":\"https:\/\/elcomunista.org\/#organization\"},\"image\":{\"@id\":\"https:\/\/elcomunista.org\/?p=3505#primaryimage\"},\"thumbnailUrl\":\"https:\/\/elcomunista.org\/wp-content\/uploads\/2018\/06\/Design.png\",\"keywords\":[\"agua\",\"control obrero de los recursos naturales\",\"No a la privatizaci\u00f3n\"],\"articleSection\":[\"Campa\u00f1a Contra la Privatizacion del Agua\",\"Pol\u00edtica\"],\"inLanguage\":\"es\",\"potentialAction\":[{\"@type\":\"CommentAction\",\"name\":\"Comment\",\"target\":[\"https:\/\/elcomunista.org\/?p=3505#respond\"]}]},{\"@type\":\"WebPage\",\"@id\":\"https:\/\/elcomunista.org\/?p=3505\",\"url\":\"https:\/\/elcomunista.org\/?p=3505\",\"name\":\"\u00bfQui\u00e9nes deben administrar el agua en El Salvador?\",\"isPartOf\":{\"@id\":\"https:\/\/elcomunista.org\/#website\"},\"primaryImageOfPage\":{\"@id\":\"https:\/\/elcomunista.org\/?p=3505#primaryimage\"},\"image\":{\"@id\":\"https:\/\/elcomunista.org\/?p=3505#primaryimage\"},\"thumbnailUrl\":\"https:\/\/elcomunista.org\/wp-content\/uploads\/2018\/06\/Design.png\",\"datePublished\":\"2018-06-23T00:02:48+00:00\",\"dateModified\":\"2019-04-07T16:28:46+00:00\",\"breadcrumb\":{\"@id\":\"https:\/\/elcomunista.org\/?p=3505#breadcrumb\"},\"inLanguage\":\"es\",\"potentialAction\":[{\"@type\":\"ReadAction\",\"target\":[\"https:\/\/elcomunista.org\/?p=3505\"]}]},{\"@type\":\"ImageObject\",\"inLanguage\":\"es\",\"@id\":\"https:\/\/elcomunista.org\/?p=3505#primaryimage\",\"url\":\"https:\/\/elcomunista.org\/wp-content\/uploads\/2018\/06\/Design.png\",\"contentUrl\":\"https:\/\/elcomunista.org\/wp-content\/uploads\/2018\/06\/Design.png\",\"width\":600,\"height\":400},{\"@type\":\"BreadcrumbList\",\"@id\":\"https:\/\/elcomunista.org\/?p=3505#breadcrumb\",\"itemListElement\":[{\"@type\":\"ListItem\",\"position\":1,\"name\":\"Portada\",\"item\":\"https:\/\/elcomunista.org\/\"},{\"@type\":\"ListItem\",\"position\":2,\"name\":\"\u00bfQui\u00e9nes deben administrar el agua en El Salvador?\"}]},{\"@type\":\"WebSite\",\"@id\":\"https:\/\/elcomunista.org\/#website\",\"url\":\"https:\/\/elcomunista.org\/\",\"name\":\"Revoluci\u00f3n Comunista\",\"description\":\"Internacional Comunista Revolucionaria\",\"publisher\":{\"@id\":\"https:\/\/elcomunista.org\/#organization\"},\"potentialAction\":[{\"@type\":\"SearchAction\",\"target\":{\"@type\":\"EntryPoint\",\"urlTemplate\":\"https:\/\/elcomunista.org\/?s={search_term_string}\"},\"query-input\":{\"@type\":\"PropertyValueSpecification\",\"valueRequired\":true,\"valueName\":\"search_term_string\"}}],\"inLanguage\":\"es\"},{\"@type\":\"Organization\",\"@id\":\"https:\/\/elcomunista.org\/#organization\",\"name\":\"Bloque Popular Juvenil\",\"url\":\"https:\/\/elcomunista.org\/\",\"logo\":{\"@type\":\"ImageObject\",\"inLanguage\":\"es\",\"@id\":\"https:\/\/elcomunista.org\/#\/schema\/logo\/image\/\",\"url\":\"https:\/\/bloquepopularjuvenil.org\/wp-content\/uploads\/2018\/11\/bpj-militante.jpg\",\"contentUrl\":\"https:\/\/bloquepopularjuvenil.org\/wp-content\/uploads\/2018\/11\/bpj-militante.jpg\",\"width\":4000,\"height\":1390,\"caption\":\"Bloque Popular Juvenil\"},\"image\":{\"@id\":\"https:\/\/elcomunista.org\/#\/schema\/logo\/image\/\"},\"sameAs\":[\"https:\/\/www.facebook.com\/Bloquepopularjuvenil\",\"https:\/\/x.com\/ElBPJ\",\"https:\/\/www.instagram.com\/elbloque_bpj\/?hl=es-la\"]},{\"@type\":\"Person\",\"@id\":\"https:\/\/elcomunista.org\/#\/schema\/person\/eb85bfa9f1b446f53113e6e8fd84d9c6\",\"name\":\"Daniel Alejandro Garcia\",\"image\":{\"@type\":\"ImageObject\",\"inLanguage\":\"es\",\"@id\":\"https:\/\/elcomunista.org\/#\/schema\/person\/image\/\",\"url\":\"https:\/\/secure.gravatar.com\/avatar\/c8d4463c3563bc4b861f1ad0e79ed7a9?s=96&d=mm&r=g\",\"contentUrl\":\"https:\/\/secure.gravatar.com\/avatar\/c8d4463c3563bc4b861f1ad0e79ed7a9?s=96&d=mm&r=g\",\"caption\":\"Daniel Alejandro Garcia\"},\"url\":\"https:\/\/elcomunista.org\/?author=16\"}]}<\/script>\n<!-- \/ Yoast SEO plugin. -->","yoast_head_json":{"title":"\u00bfQui\u00e9nes deben administrar el agua en El Salvador?","robots":{"index":"index","follow":"follow","max-snippet":"max-snippet:-1","max-image-preview":"max-image-preview:large","max-video-preview":"max-video-preview:-1"},"canonical":"https:\/\/elcomunista.org\/?p=3505","og_locale":"es_ES","og_type":"article","og_title":"\u00bfQui\u00e9nes deben administrar el agua en El Salvador?","og_description":"La burgues\u00eda ha dado pasos en falso con la reforma a la ley de agua, creyendo que bajo tecnicismo legales la clase obrera no se dar\u00eda cuenta de sus verdaderas intenciones, sin embargo, para los j\u00f3venes y los trabajadores est\u00e1 claro que est\u00e1n impulsando una reforma que les permita controlar la administraci\u00f3n de los recursos...","og_url":"https:\/\/elcomunista.org\/?p=3505","og_site_name":"Revoluci\u00f3n Comunista","article_publisher":"https:\/\/www.facebook.com\/Bloquepopularjuvenil","article_published_time":"2018-06-23T00:02:48+00:00","article_modified_time":"2019-04-07T16:28:46+00:00","og_image":[{"width":600,"height":400,"url":"https:\/\/elcomunista.org\/wp-content\/uploads\/2018\/06\/Design.png","type":"image\/png"}],"author":"Daniel Alejandro Garcia","twitter_card":"summary_large_image","twitter_creator":"@ElBPJ","twitter_site":"@ElBPJ","twitter_misc":{"Escrito por":"Daniel Alejandro Garcia","Tiempo de lectura":"7 minutos"},"schema":{"@context":"https:\/\/schema.org","@graph":[{"@type":"Article","@id":"https:\/\/elcomunista.org\/?p=3505#article","isPartOf":{"@id":"https:\/\/elcomunista.org\/?p=3505"},"author":{"name":"Daniel Alejandro Garcia","@id":"https:\/\/elcomunista.org\/#\/schema\/person\/eb85bfa9f1b446f53113e6e8fd84d9c6"},"headline":"\u00bfQui\u00e9nes deben administrar el agua en El Salvador?","datePublished":"2018-06-23T00:02:48+00:00","dateModified":"2019-04-07T16:28:46+00:00","mainEntityOfPage":{"@id":"https:\/\/elcomunista.org\/?p=3505"},"wordCount":1500,"commentCount":0,"publisher":{"@id":"https:\/\/elcomunista.org\/#organization"},"image":{"@id":"https:\/\/elcomunista.org\/?p=3505#primaryimage"},"thumbnailUrl":"https:\/\/elcomunista.org\/wp-content\/uploads\/2018\/06\/Design.png","keywords":["agua","control obrero de los recursos naturales","No a la privatizaci\u00f3n"],"articleSection":["Campa\u00f1a Contra la Privatizacion del Agua","Pol\u00edtica"],"inLanguage":"es","potentialAction":[{"@type":"CommentAction","name":"Comment","target":["https:\/\/elcomunista.org\/?p=3505#respond"]}]},{"@type":"WebPage","@id":"https:\/\/elcomunista.org\/?p=3505","url":"https:\/\/elcomunista.org\/?p=3505","name":"\u00bfQui\u00e9nes deben administrar el agua en El Salvador?","isPartOf":{"@id":"https:\/\/elcomunista.org\/#website"},"primaryImageOfPage":{"@id":"https:\/\/elcomunista.org\/?p=3505#primaryimage"},"image":{"@id":"https:\/\/elcomunista.org\/?p=3505#primaryimage"},"thumbnailUrl":"https:\/\/elcomunista.org\/wp-content\/uploads\/2018\/06\/Design.png","datePublished":"2018-06-23T00:02:48+00:00","dateModified":"2019-04-07T16:28:46+00:00","breadcrumb":{"@id":"https:\/\/elcomunista.org\/?p=3505#breadcrumb"},"inLanguage":"es","potentialAction":[{"@type":"ReadAction","target":["https:\/\/elcomunista.org\/?p=3505"]}]},{"@type":"ImageObject","inLanguage":"es","@id":"https:\/\/elcomunista.org\/?p=3505#primaryimage","url":"https:\/\/elcomunista.org\/wp-content\/uploads\/2018\/06\/Design.png","contentUrl":"https:\/\/elcomunista.org\/wp-content\/uploads\/2018\/06\/Design.png","width":600,"height":400},{"@type":"BreadcrumbList","@id":"https:\/\/elcomunista.org\/?p=3505#breadcrumb","itemListElement":[{"@type":"ListItem","position":1,"name":"Portada","item":"https:\/\/elcomunista.org\/"},{"@type":"ListItem","position":2,"name":"\u00bfQui\u00e9nes deben administrar el agua en El Salvador?"}]},{"@type":"WebSite","@id":"https:\/\/elcomunista.org\/#website","url":"https:\/\/elcomunista.org\/","name":"Revoluci\u00f3n Comunista","description":"Internacional Comunista Revolucionaria","publisher":{"@id":"https:\/\/elcomunista.org\/#organization"},"potentialAction":[{"@type":"SearchAction","target":{"@type":"EntryPoint","urlTemplate":"https:\/\/elcomunista.org\/?s={search_term_string}"},"query-input":{"@type":"PropertyValueSpecification","valueRequired":true,"valueName":"search_term_string"}}],"inLanguage":"es"},{"@type":"Organization","@id":"https:\/\/elcomunista.org\/#organization","name":"Bloque Popular Juvenil","url":"https:\/\/elcomunista.org\/","logo":{"@type":"ImageObject","inLanguage":"es","@id":"https:\/\/elcomunista.org\/#\/schema\/logo\/image\/","url":"https:\/\/bloquepopularjuvenil.org\/wp-content\/uploads\/2018\/11\/bpj-militante.jpg","contentUrl":"https:\/\/bloquepopularjuvenil.org\/wp-content\/uploads\/2018\/11\/bpj-militante.jpg","width":4000,"height":1390,"caption":"Bloque Popular Juvenil"},"image":{"@id":"https:\/\/elcomunista.org\/#\/schema\/logo\/image\/"},"sameAs":["https:\/\/www.facebook.com\/Bloquepopularjuvenil","https:\/\/x.com\/ElBPJ","https:\/\/www.instagram.com\/elbloque_bpj\/?hl=es-la"]},{"@type":"Person","@id":"https:\/\/elcomunista.org\/#\/schema\/person\/eb85bfa9f1b446f53113e6e8fd84d9c6","name":"Daniel Alejandro Garcia","image":{"@type":"ImageObject","inLanguage":"es","@id":"https:\/\/elcomunista.org\/#\/schema\/person\/image\/","url":"https:\/\/secure.gravatar.com\/avatar\/c8d4463c3563bc4b861f1ad0e79ed7a9?s=96&d=mm&r=g","contentUrl":"https:\/\/secure.gravatar.com\/avatar\/c8d4463c3563bc4b861f1ad0e79ed7a9?s=96&d=mm&r=g","caption":"Daniel Alejandro Garcia"},"url":"https:\/\/elcomunista.org\/?author=16"}]}},"jetpack_featured_media_url":"https:\/\/elcomunista.org\/wp-content\/uploads\/2018\/06\/Design.png","jetpack_likes_enabled":true,"jetpack_sharing_enabled":true,"_links":{"self":[{"href":"https:\/\/elcomunista.org\/index.php?rest_route=\/wp\/v2\/posts\/3505"}],"collection":[{"href":"https:\/\/elcomunista.org\/index.php?rest_route=\/wp\/v2\/posts"}],"about":[{"href":"https:\/\/elcomunista.org\/index.php?rest_route=\/wp\/v2\/types\/post"}],"author":[{"embeddable":true,"href":"https:\/\/elcomunista.org\/index.php?rest_route=\/wp\/v2\/users\/16"}],"replies":[{"embeddable":true,"href":"https:\/\/elcomunista.org\/index.php?rest_route=%2Fwp%2Fv2%2Fcomments&post=3505"}],"version-history":[{"count":0,"href":"https:\/\/elcomunista.org\/index.php?rest_route=\/wp\/v2\/posts\/3505\/revisions"}],"wp:featuredmedia":[{"embeddable":true,"href":"https:\/\/elcomunista.org\/index.php?rest_route=\/wp\/v2\/media\/3506"}],"wp:attachment":[{"href":"https:\/\/elcomunista.org\/index.php?rest_route=%2Fwp%2Fv2%2Fmedia&parent=3505"}],"wp:term":[{"taxonomy":"category","embeddable":true,"href":"https:\/\/elcomunista.org\/index.php?rest_route=%2Fwp%2Fv2%2Fcategories&post=3505"},{"taxonomy":"post_tag","embeddable":true,"href":"https:\/\/elcomunista.org\/index.php?rest_route=%2Fwp%2Fv2%2Ftags&post=3505"}],"curies":[{"name":"wp","href":"https:\/\/api.w.org\/{rel}","templated":true}]}}