{"id":353,"date":"2009-09-23T00:02:05","date_gmt":"2009-09-23T00:02:05","guid":{"rendered":"http:\/\/bloquepopularjuvenil.org\/bpjwordpress\/?p=353"},"modified":"2009-09-23T00:02:05","modified_gmt":"2009-09-23T00:02:05","slug":"senalamientos-dificultades-y-obstaculos-que-dia-a-dia-afrontamos-los-jovenes-isidrenses","status":"publish","type":"post","link":"https:\/\/elcomunista.org\/?p=353","title":{"rendered":"Se\u00f1alamientos, dificultades y obst\u00e1culos que d\u00eda a d\u00eda afrontamos los j\u00f3venes isidrenses"},"content":{"rendered":"<p><strong><img loading=\"lazy\" decoding=\"async\" class=\" alignright size-full wp-image-351\" height=\"121\" width=\"160\" src=\"http:\/\/bloquepopularjuvenil.org\/bpjwordpress\/wp-content\/uploads\/2009\/09\/foto1.JPG\" style=\"border: 1px solid black; margin: 5px; float: right;\" alt=\"\" \/>Valent&iacute;a y unidad ante la corrupci&oacute;n capitalista.<\/strong><\/p>\n<p>San Isidro  es un peque&ntilde;o municipio del departamento de Caba&ntilde;as, un lugar tranquilo, que  posee vestigios arqueol&oacute;gicos (como la cueva de La Pintada), San Isidro, el  mismo municipio que el pasado 18 de enero del presente a&ntilde;o dio un ejemplo de  unidad y valent&iacute;a en contra de la corrupci&oacute;n y el capitalismo de nuestro pa&iacute;s (<em>cuando pararon las elecciones de alcaldes y  diputados por el fraude descarado que se estaba fraguando,<\/em> <em>Comit&eacute; de redacci&oacute;n de Militante BPJ <\/em>).<\/p>\n<p><!--more--><\/p>\n<p><strong><img loading=\"lazy\" decoding=\"async\" class=\" alignright size-full wp-image-351\" height=\"121\" width=\"160\" src=\"http:\/\/bloquepopularjuvenil.org\/bpjwordpress\/wp-content\/uploads\/2009\/09\/foto1.JPG\" style=\"border: 1px solid black; margin: 5px; float: right;\" alt=\"\" \/>Valent&iacute;a y unidad ante la corrupci&oacute;n capitalista.<\/strong><\/p>\n<p>San Isidro  es un peque&ntilde;o municipio del departamento de Caba&ntilde;as, un lugar tranquilo, que  posee vestigios arqueol&oacute;gicos (como la cueva de La Pintada), San Isidro, el  mismo municipio que el pasado 18 de enero del presente a&ntilde;o dio un ejemplo de  unidad y valent&iacute;a en contra de la corrupci&oacute;n y el capitalismo de nuestro pa&iacute;s (<em>cuando pararon las elecciones de alcaldes y  diputados por el fraude descarado que se estaba fraguando,<\/em> <em>Comit&eacute; de redacci&oacute;n de Militante BPJ <\/em>).<\/p>\n<p><!--break--><\/p>\n<p>A partir de ese d&iacute;a los j&oacute;venes de este municipio venimos siendo se&ntilde;alados por  parte de las autoridades municipales (ll&aacute;mese alcald&iacute;a, polic&iacute;a, etc.) y hemos  sido tildados desde guerrilleros, vagos, terroristas o incluso de pandilleros  simplemente porque defendemos nuestros derechos, todos los &nbsp;se&ntilde;alamientos surgen a partir del momento en  que la poblaci&oacute;n en general se uni&oacute; para poner un &ldquo;stop&rdquo; a la ola de corrupci&oacute;n  que en comicios electorales anteriores se hab&iacute;a repetido (2003 y 2006), en esta  lucha, la juventud fue uno de los pilares fundamentales, a pesar de la opresi&oacute;n  y ola de terror, la poblaci&oacute;n permaneci&oacute; unida en su lucha. Una de las pruebas  de bajeza que demostraron los derechistas de nuestro municipio se evidencio el d&iacute;a  mi&eacute;rcoles 21 de enero, cuando movilizaron cerca de doscientos pandilleros  armados con bombas molotov y armas hechizas, ese mismo d&iacute;a quedo demostrado que  muchas veces la Polic&iacute;a Nacional Civil esta a favor de los delincuentes y no al  lado del pueblo, como se evidencia en la foto, los agentes &uacute;nicamente  decomisaron las armas y no detuvieron a nadie, adem&aacute;s un agente saco su arma de  fuego y comenz&oacute; a disparar al aire para intimidar a los j&oacute;venes de nuestro  municipio, uno de los pandilleros coment&oacute; que ellos ven&iacute;an ac&aacute; porque &ldquo;les  pagaban bien&rdquo; y que diariamente ganaban $20, dinero que recib&iacute;an de las manos  del alcalde arenero Jos&eacute; Ignacio Bautista. A partir de entonces, la opresi&oacute;n ha  venido creciendo por parte de la PNC, desde insultos, capturas y amenazas hacia  los j&oacute;venes l&iacute;deres del municipio. A pesar de que el 22 de enero, d&iacute;a en que se  repitieron las elecciones, estas fueron ganadas (o entregadas por parte del  Tribunal Supremo Electoral), como juventud podemos decir que electoralmente  perdimos pero pol&iacute;ticamente ganamos, es decir, que nuestro ejemplo de valent&iacute;a  sirvi&oacute; para que en las elecciones para la presidencia del 12 de marzo no se  repitiera el fraude que previamente ten&iacute;an preparado los derechistas de nuestro  pa&iacute;s, no solo en el departamento de Caba&ntilde;as intentaron ingresar hondure&ntilde;os y  nicarag&uuml;enses, tambi&eacute;n en San Miguel, Santa Ana o incluso en San Salvador.<\/p>\n<p><strong>La juventud  isidrense revolucionaria (JIR) sus inicios y luchas contra los proyectos de  muerte.<\/strong><\/p>\n<p><img loading=\"lazy\" decoding=\"async\" class=\" alignright size-full wp-image-352\" height=\"485\" width=\"300\" src=\"http:\/\/bloquepopularjuvenil.org\/bpjwordpress\/wp-content\/uploads\/2009\/09\/foto2.JPG\" style=\"border: 1px solid black; margin: 5px; float: right;\" alt=\"\" srcset=\"https:\/\/elcomunista.org\/wp-content\/uploads\/2009\/09\/foto2.JPG 300w, https:\/\/elcomunista.org\/wp-content\/uploads\/2009\/09\/foto2-186x300.jpg 186w\" sizes=\"(max-width: 300px) 100vw, 300px\" \/>Luego de las elecciones de 18 de enero, la juventud  de nuestro municipio comenz&oacute; a organizarse y surge entonces nuestro movimiento  juvenil, este movimiento busca concientizar a la juventud, rescatar parte de  nuestra identidad cultural y ser una de las voces que se pronuncien en contra  de la corrupci&oacute;n y proyectos de muerte como lo es la miner&iacute;a. A nivel nacional  es conocido que el sub suelo de nuestro municipio posee minerales como oro y  plata, ac&aacute; encaja perfectamente una frase escrita por Eduardo Galeano, &ldquo;La pobreza  de los hombres esta determinada por la riqueza de su suelo&rdquo; ya que nuestro  departamento esta clasificado como el mas pobre del pa&iacute;s. Es por esa raz&oacute;n que  estamos siendo amenazados por intereses transnacionales, la empresa minera  Pacific Rim sigue instalada en nuestro municipio esperando el aval del gobierno  para comenzar la explotaci&oacute;n minera, a esta empresa no le importa dejar sin  agua a la poblaci&oacute;n, tampoco le importa destruir nuestros bosques y r&iacute;os, andan  amenazando a diestra y siniestra a los lideres de las organizaciones sociales  que est&aacute;n en contra de la miner&iacute;a met&aacute;lica, es por eso que denunciamos a el  alcalde de nuestro municipio (que para nosotros no es nuestro alcalde) ya que  este se&ntilde;or en lugar de defender los intereses de la poblaci&oacute;n mas parece un  promotor de esta empresa minera, exigimos al gobierno se pronuncie en contra de  la explotaci&oacute;n minera y a la asamblea legislativa le exigimos una ley que  proh&iacute;ba la miner&iacute;a met&aacute;lica en nuestro pa&iacute;s.<\/p>\n<p><strong>&iquest;De que mas  ser&aacute;n capaces los derechistas y mineros?<\/strong><\/p>\n<p>Uno de los personajes que  siempre estuvo presente en las luchas contra la corrupci&oacute;n y la miner&iacute;a en  nuestro municipio, una persona que siempre apoyo a la juventud, a la cultura y  las artes como la m&uacute;sica y la danza, una persona valiente y ejemplar a quien le  cometieron uno de los hechos mas horrendos que han sucedido en la historia del  municipio. Marcelo Rivera fundo la Casa de La Cultura de San Isidro, era el  representante legal de la Asociaci&oacute;n Amigos de San Isidro Caba&ntilde;as (ASIC) y  miembro de la departamental del FMLN. Fue secuestrado el 18 de junio de 2009,  torturado y posteriormente asesinado, entrego su vida por defender el medio  ambiente y los derechos de los mas humildes de nuestro municipio, adem&aacute;s del  asesinato de Marcelo, hay hechos que apuntan a que la miner&iacute;a esta de por medio  en todo esto, el se&ntilde;or Ramiro Rivera, quien es miembro del Comit&eacute; Ambientalista  de Caba&ntilde;as &ldquo;CAC&rdquo;&nbsp; fue baleado el siete de  agosto de 2009, el sacerdote Luis Quintanilla quien se pronuncia a favor del  medio ambiente fue atentado el d&iacute;a 27 de julio de 2009, cerca de quince lideres  sociales han sido amenazados hasta la fecha y Radio Victoria, medio que le dio  seguimiento al caso de Marcelo y que siempre esta presente y denunciando  momentos de corrupci&oacute;n en nuestro departamento esta siendo constantemente  amenazada, incluso su equipo (la antena en especifico) fue destruido ya en una ocasi&oacute;n,  tres de sus reporteros han sido amenazados de muerte y lo peor de todo es que  ni la Fiscal&iacute;a ni la polic&iacute;a le dan seguimiento a estos hechos y los clasifican  como simple delincuencia com&uacute;n. Es por eso que exigimos a la Fiscal&iacute;a General  de la Rep&uacute;blica una investigaci&oacute;n seria contra los alcaldes de nuestro departamento  y la empresa Pacific Rim porque todos estos hechos no pueden quedar en la  impunidad, exigimos una depuraci&oacute;n policial y un fiscal independiente que ponga  fin a la impunidad en El Salvador. Adem&aacute;s, como Juventud Isidrense  Revolucionaria &ldquo;JIR&rdquo;&nbsp; nos comprometemos a  seguir luchando por que se cumplan los derechos de la poblaci&oacute;n civil,  seguiremos en pie de lucha y no desmayaremos nuestra en contra de la miner&iacute;a met&aacute;lica  y como juventud decimos:<\/p>\n<p>&iexcl;BASTA YA DE  PERSECUCIONES POLITICAS CONTRA LAS PERSONAS QUE DEFENDEMOS EL MEDIO AMBIENTE!<\/p>\n<p align=\"right\">16&nbsp; de septiembre de 2009<\/p>\n<p>&nbsp;<\/p>\n","protected":false},"excerpt":{"rendered":"<p>Valent&iacute;a y unidad ante la corrupci&oacute;n capitalista. San Isidro es un peque&ntilde;o municipio del departamento de Caba&ntilde;as, un lugar tranquilo, que posee vestigios arqueol&oacute;gicos (como la cueva de La Pintada), San Isidro, el mismo municipio que el pasado 18 de enero del presente a&ntilde;o dio un ejemplo de unidad y valent&iacute;a en contra de la&#8230;<\/p>\n","protected":false},"author":1,"featured_media":351,"comment_status":"open","ping_status":"open","sticky":false,"template":"","format":"standard","meta":{"_monsterinsights_skip_tracking":false,"_monsterinsights_sitenote_active":false,"_monsterinsights_sitenote_note":"","_monsterinsights_sitenote_category":0,"_uf_show_specific_survey":0,"_uf_disable_surveys":false,"_jetpack_memberships_contains_paid_content":false,"footnotes":""},"categories":[1],"tags":[],"class_list":["post-353","post","type-post","status-publish","format-standard","has-post-thumbnail","hentry","category-uncategorized"],"aioseo_notices":[],"yoast_head":"<!-- This site is optimized with the Yoast SEO plugin v25.6 - https:\/\/yoast.com\/wordpress\/plugins\/seo\/ -->\n<title>Se\u00f1alamientos, dificultades y obst\u00e1culos que d\u00eda a d\u00eda afrontamos los j\u00f3venes isidrenses<\/title>\n<meta name=\"robots\" content=\"index, follow, max-snippet:-1, max-image-preview:large, max-video-preview:-1\" \/>\n<link rel=\"canonical\" href=\"https:\/\/elcomunista.org\/?p=353\" \/>\n<meta property=\"og:locale\" content=\"es_ES\" \/>\n<meta property=\"og:type\" content=\"article\" \/>\n<meta property=\"og:title\" content=\"Se\u00f1alamientos, dificultades y obst\u00e1culos que d\u00eda a d\u00eda afrontamos los j\u00f3venes isidrenses\" \/>\n<meta property=\"og:description\" content=\"Valent&iacute;a y unidad ante la corrupci&oacute;n capitalista. San Isidro es un peque&ntilde;o municipio del departamento de Caba&ntilde;as, un lugar tranquilo, que posee vestigios arqueol&oacute;gicos (como la cueva de La Pintada), San Isidro, el mismo municipio que el pasado 18 de enero del presente a&ntilde;o dio un ejemplo de unidad y valent&iacute;a en contra de la...\" \/>\n<meta property=\"og:url\" content=\"https:\/\/elcomunista.org\/?p=353\" \/>\n<meta property=\"og:site_name\" content=\"Revoluci\u00f3n Comunista\" \/>\n<meta property=\"article:publisher\" content=\"https:\/\/www.facebook.com\/Bloquepopularjuvenil\" \/>\n<meta property=\"article:published_time\" content=\"2009-09-23T00:02:05+00:00\" \/>\n<meta property=\"og:image\" content=\"https:\/\/elcomunista.org\/wp-content\/uploads\/2009\/09\/foto1.JPG\" \/>\n\t<meta property=\"og:image:width\" content=\"160\" \/>\n\t<meta property=\"og:image:height\" content=\"121\" \/>\n\t<meta property=\"og:image:type\" content=\"image\/jpeg\" \/>\n<meta name=\"author\" content=\"Bloque Popular Juvenil\" \/>\n<meta name=\"twitter:card\" content=\"summary_large_image\" \/>\n<meta name=\"twitter:creator\" content=\"@ElBPJ\" \/>\n<meta name=\"twitter:site\" content=\"@ElBPJ\" \/>\n<meta name=\"twitter:label1\" content=\"Escrito por\" \/>\n\t<meta name=\"twitter:data1\" content=\"Bloque Popular Juvenil\" \/>\n\t<meta name=\"twitter:label2\" content=\"Tiempo de lectura\" \/>\n\t<meta name=\"twitter:data2\" content=\"7 minutos\" \/>\n<script type=\"application\/ld+json\" class=\"yoast-schema-graph\">{\"@context\":\"https:\/\/schema.org\",\"@graph\":[{\"@type\":\"Article\",\"@id\":\"https:\/\/elcomunista.org\/?p=353#article\",\"isPartOf\":{\"@id\":\"https:\/\/elcomunista.org\/?p=353\"},\"author\":{\"name\":\"Bloque Popular Juvenil\",\"@id\":\"https:\/\/elcomunista.org\/#\/schema\/person\/d55d5350d790a4464cbc0e898065567d\"},\"headline\":\"Se\u00f1alamientos, dificultades y obst\u00e1culos que d\u00eda a d\u00eda afrontamos los j\u00f3venes isidrenses\",\"datePublished\":\"2009-09-23T00:02:05+00:00\",\"mainEntityOfPage\":{\"@id\":\"https:\/\/elcomunista.org\/?p=353\"},\"wordCount\":1390,\"commentCount\":0,\"publisher\":{\"@id\":\"https:\/\/elcomunista.org\/#organization\"},\"image\":{\"@id\":\"https:\/\/elcomunista.org\/?p=353#primaryimage\"},\"thumbnailUrl\":\"https:\/\/elcomunista.org\/wp-content\/uploads\/2009\/09\/foto1.JPG\",\"articleSection\":[\"Archivo\"],\"inLanguage\":\"es\",\"potentialAction\":[{\"@type\":\"CommentAction\",\"name\":\"Comment\",\"target\":[\"https:\/\/elcomunista.org\/?p=353#respond\"]}]},{\"@type\":\"WebPage\",\"@id\":\"https:\/\/elcomunista.org\/?p=353\",\"url\":\"https:\/\/elcomunista.org\/?p=353\",\"name\":\"Se\u00f1alamientos, dificultades y obst\u00e1culos que d\u00eda a d\u00eda afrontamos los j\u00f3venes isidrenses\",\"isPartOf\":{\"@id\":\"https:\/\/elcomunista.org\/#website\"},\"primaryImageOfPage\":{\"@id\":\"https:\/\/elcomunista.org\/?p=353#primaryimage\"},\"image\":{\"@id\":\"https:\/\/elcomunista.org\/?p=353#primaryimage\"},\"thumbnailUrl\":\"https:\/\/elcomunista.org\/wp-content\/uploads\/2009\/09\/foto1.JPG\",\"datePublished\":\"2009-09-23T00:02:05+00:00\",\"breadcrumb\":{\"@id\":\"https:\/\/elcomunista.org\/?p=353#breadcrumb\"},\"inLanguage\":\"es\",\"potentialAction\":[{\"@type\":\"ReadAction\",\"target\":[\"https:\/\/elcomunista.org\/?p=353\"]}]},{\"@type\":\"ImageObject\",\"inLanguage\":\"es\",\"@id\":\"https:\/\/elcomunista.org\/?p=353#primaryimage\",\"url\":\"https:\/\/elcomunista.org\/wp-content\/uploads\/2009\/09\/foto1.JPG\",\"contentUrl\":\"https:\/\/elcomunista.org\/wp-content\/uploads\/2009\/09\/foto1.JPG\",\"width\":160,\"height\":121},{\"@type\":\"BreadcrumbList\",\"@id\":\"https:\/\/elcomunista.org\/?p=353#breadcrumb\",\"itemListElement\":[{\"@type\":\"ListItem\",\"position\":1,\"name\":\"Portada\",\"item\":\"https:\/\/elcomunista.org\/\"},{\"@type\":\"ListItem\",\"position\":2,\"name\":\"Se\u00f1alamientos, dificultades y obst\u00e1culos que d\u00eda a d\u00eda afrontamos los j\u00f3venes isidrenses\"}]},{\"@type\":\"WebSite\",\"@id\":\"https:\/\/elcomunista.org\/#website\",\"url\":\"https:\/\/elcomunista.org\/\",\"name\":\"Revoluci\u00f3n Comunista\",\"description\":\"Internacional Comunista Revolucionaria\",\"publisher\":{\"@id\":\"https:\/\/elcomunista.org\/#organization\"},\"potentialAction\":[{\"@type\":\"SearchAction\",\"target\":{\"@type\":\"EntryPoint\",\"urlTemplate\":\"https:\/\/elcomunista.org\/?s={search_term_string}\"},\"query-input\":{\"@type\":\"PropertyValueSpecification\",\"valueRequired\":true,\"valueName\":\"search_term_string\"}}],\"inLanguage\":\"es\"},{\"@type\":\"Organization\",\"@id\":\"https:\/\/elcomunista.org\/#organization\",\"name\":\"Bloque Popular Juvenil\",\"url\":\"https:\/\/elcomunista.org\/\",\"logo\":{\"@type\":\"ImageObject\",\"inLanguage\":\"es\",\"@id\":\"https:\/\/elcomunista.org\/#\/schema\/logo\/image\/\",\"url\":\"https:\/\/bloquepopularjuvenil.org\/wp-content\/uploads\/2018\/11\/bpj-militante.jpg\",\"contentUrl\":\"https:\/\/bloquepopularjuvenil.org\/wp-content\/uploads\/2018\/11\/bpj-militante.jpg\",\"width\":4000,\"height\":1390,\"caption\":\"Bloque Popular Juvenil\"},\"image\":{\"@id\":\"https:\/\/elcomunista.org\/#\/schema\/logo\/image\/\"},\"sameAs\":[\"https:\/\/www.facebook.com\/Bloquepopularjuvenil\",\"https:\/\/x.com\/ElBPJ\",\"https:\/\/www.instagram.com\/elbloque_bpj\/?hl=es-la\"]},{\"@type\":\"Person\",\"@id\":\"https:\/\/elcomunista.org\/#\/schema\/person\/d55d5350d790a4464cbc0e898065567d\",\"name\":\"Bloque Popular Juvenil\",\"image\":{\"@type\":\"ImageObject\",\"inLanguage\":\"es\",\"@id\":\"https:\/\/elcomunista.org\/#\/schema\/person\/image\/\",\"url\":\"https:\/\/secure.gravatar.com\/avatar\/85d12dca789bb6379dc38a198e1576cd?s=96&d=mm&r=g\",\"contentUrl\":\"https:\/\/secure.gravatar.com\/avatar\/85d12dca789bb6379dc38a198e1576cd?s=96&d=mm&r=g\",\"caption\":\"Bloque Popular Juvenil\"},\"url\":\"https:\/\/elcomunista.org\/?author=1\"}]}<\/script>\n<!-- \/ Yoast SEO plugin. -->","yoast_head_json":{"title":"Se\u00f1alamientos, dificultades y obst\u00e1culos que d\u00eda a d\u00eda afrontamos los j\u00f3venes isidrenses","robots":{"index":"index","follow":"follow","max-snippet":"max-snippet:-1","max-image-preview":"max-image-preview:large","max-video-preview":"max-video-preview:-1"},"canonical":"https:\/\/elcomunista.org\/?p=353","og_locale":"es_ES","og_type":"article","og_title":"Se\u00f1alamientos, dificultades y obst\u00e1culos que d\u00eda a d\u00eda afrontamos los j\u00f3venes isidrenses","og_description":"Valent&iacute;a y unidad ante la corrupci&oacute;n capitalista. San Isidro es un peque&ntilde;o municipio del departamento de Caba&ntilde;as, un lugar tranquilo, que posee vestigios arqueol&oacute;gicos (como la cueva de La Pintada), San Isidro, el mismo municipio que el pasado 18 de enero del presente a&ntilde;o dio un ejemplo de unidad y valent&iacute;a en contra de la...","og_url":"https:\/\/elcomunista.org\/?p=353","og_site_name":"Revoluci\u00f3n Comunista","article_publisher":"https:\/\/www.facebook.com\/Bloquepopularjuvenil","article_published_time":"2009-09-23T00:02:05+00:00","og_image":[{"width":160,"height":121,"url":"https:\/\/elcomunista.org\/wp-content\/uploads\/2009\/09\/foto1.JPG","type":"image\/jpeg"}],"author":"Bloque Popular Juvenil","twitter_card":"summary_large_image","twitter_creator":"@ElBPJ","twitter_site":"@ElBPJ","twitter_misc":{"Escrito por":"Bloque Popular Juvenil","Tiempo de lectura":"7 minutos"},"schema":{"@context":"https:\/\/schema.org","@graph":[{"@type":"Article","@id":"https:\/\/elcomunista.org\/?p=353#article","isPartOf":{"@id":"https:\/\/elcomunista.org\/?p=353"},"author":{"name":"Bloque Popular Juvenil","@id":"https:\/\/elcomunista.org\/#\/schema\/person\/d55d5350d790a4464cbc0e898065567d"},"headline":"Se\u00f1alamientos, dificultades y obst\u00e1culos que d\u00eda a d\u00eda afrontamos los j\u00f3venes isidrenses","datePublished":"2009-09-23T00:02:05+00:00","mainEntityOfPage":{"@id":"https:\/\/elcomunista.org\/?p=353"},"wordCount":1390,"commentCount":0,"publisher":{"@id":"https:\/\/elcomunista.org\/#organization"},"image":{"@id":"https:\/\/elcomunista.org\/?p=353#primaryimage"},"thumbnailUrl":"https:\/\/elcomunista.org\/wp-content\/uploads\/2009\/09\/foto1.JPG","articleSection":["Archivo"],"inLanguage":"es","potentialAction":[{"@type":"CommentAction","name":"Comment","target":["https:\/\/elcomunista.org\/?p=353#respond"]}]},{"@type":"WebPage","@id":"https:\/\/elcomunista.org\/?p=353","url":"https:\/\/elcomunista.org\/?p=353","name":"Se\u00f1alamientos, dificultades y obst\u00e1culos que d\u00eda a d\u00eda afrontamos los j\u00f3venes isidrenses","isPartOf":{"@id":"https:\/\/elcomunista.org\/#website"},"primaryImageOfPage":{"@id":"https:\/\/elcomunista.org\/?p=353#primaryimage"},"image":{"@id":"https:\/\/elcomunista.org\/?p=353#primaryimage"},"thumbnailUrl":"https:\/\/elcomunista.org\/wp-content\/uploads\/2009\/09\/foto1.JPG","datePublished":"2009-09-23T00:02:05+00:00","breadcrumb":{"@id":"https:\/\/elcomunista.org\/?p=353#breadcrumb"},"inLanguage":"es","potentialAction":[{"@type":"ReadAction","target":["https:\/\/elcomunista.org\/?p=353"]}]},{"@type":"ImageObject","inLanguage":"es","@id":"https:\/\/elcomunista.org\/?p=353#primaryimage","url":"https:\/\/elcomunista.org\/wp-content\/uploads\/2009\/09\/foto1.JPG","contentUrl":"https:\/\/elcomunista.org\/wp-content\/uploads\/2009\/09\/foto1.JPG","width":160,"height":121},{"@type":"BreadcrumbList","@id":"https:\/\/elcomunista.org\/?p=353#breadcrumb","itemListElement":[{"@type":"ListItem","position":1,"name":"Portada","item":"https:\/\/elcomunista.org\/"},{"@type":"ListItem","position":2,"name":"Se\u00f1alamientos, dificultades y obst\u00e1culos que d\u00eda a d\u00eda afrontamos los j\u00f3venes isidrenses"}]},{"@type":"WebSite","@id":"https:\/\/elcomunista.org\/#website","url":"https:\/\/elcomunista.org\/","name":"Revoluci\u00f3n Comunista","description":"Internacional Comunista Revolucionaria","publisher":{"@id":"https:\/\/elcomunista.org\/#organization"},"potentialAction":[{"@type":"SearchAction","target":{"@type":"EntryPoint","urlTemplate":"https:\/\/elcomunista.org\/?s={search_term_string}"},"query-input":{"@type":"PropertyValueSpecification","valueRequired":true,"valueName":"search_term_string"}}],"inLanguage":"es"},{"@type":"Organization","@id":"https:\/\/elcomunista.org\/#organization","name":"Bloque Popular Juvenil","url":"https:\/\/elcomunista.org\/","logo":{"@type":"ImageObject","inLanguage":"es","@id":"https:\/\/elcomunista.org\/#\/schema\/logo\/image\/","url":"https:\/\/bloquepopularjuvenil.org\/wp-content\/uploads\/2018\/11\/bpj-militante.jpg","contentUrl":"https:\/\/bloquepopularjuvenil.org\/wp-content\/uploads\/2018\/11\/bpj-militante.jpg","width":4000,"height":1390,"caption":"Bloque Popular Juvenil"},"image":{"@id":"https:\/\/elcomunista.org\/#\/schema\/logo\/image\/"},"sameAs":["https:\/\/www.facebook.com\/Bloquepopularjuvenil","https:\/\/x.com\/ElBPJ","https:\/\/www.instagram.com\/elbloque_bpj\/?hl=es-la"]},{"@type":"Person","@id":"https:\/\/elcomunista.org\/#\/schema\/person\/d55d5350d790a4464cbc0e898065567d","name":"Bloque Popular Juvenil","image":{"@type":"ImageObject","inLanguage":"es","@id":"https:\/\/elcomunista.org\/#\/schema\/person\/image\/","url":"https:\/\/secure.gravatar.com\/avatar\/85d12dca789bb6379dc38a198e1576cd?s=96&d=mm&r=g","contentUrl":"https:\/\/secure.gravatar.com\/avatar\/85d12dca789bb6379dc38a198e1576cd?s=96&d=mm&r=g","caption":"Bloque Popular Juvenil"},"url":"https:\/\/elcomunista.org\/?author=1"}]}},"jetpack_featured_media_url":"https:\/\/elcomunista.org\/wp-content\/uploads\/2009\/09\/foto1.JPG","jetpack_likes_enabled":true,"jetpack_sharing_enabled":true,"_links":{"self":[{"href":"https:\/\/elcomunista.org\/index.php?rest_route=\/wp\/v2\/posts\/353"}],"collection":[{"href":"https:\/\/elcomunista.org\/index.php?rest_route=\/wp\/v2\/posts"}],"about":[{"href":"https:\/\/elcomunista.org\/index.php?rest_route=\/wp\/v2\/types\/post"}],"author":[{"embeddable":true,"href":"https:\/\/elcomunista.org\/index.php?rest_route=\/wp\/v2\/users\/1"}],"replies":[{"embeddable":true,"href":"https:\/\/elcomunista.org\/index.php?rest_route=%2Fwp%2Fv2%2Fcomments&post=353"}],"version-history":[{"count":0,"href":"https:\/\/elcomunista.org\/index.php?rest_route=\/wp\/v2\/posts\/353\/revisions"}],"wp:featuredmedia":[{"embeddable":true,"href":"https:\/\/elcomunista.org\/index.php?rest_route=\/wp\/v2\/media\/351"}],"wp:attachment":[{"href":"https:\/\/elcomunista.org\/index.php?rest_route=%2Fwp%2Fv2%2Fmedia&parent=353"}],"wp:term":[{"taxonomy":"category","embeddable":true,"href":"https:\/\/elcomunista.org\/index.php?rest_route=%2Fwp%2Fv2%2Fcategories&post=353"},{"taxonomy":"post_tag","embeddable":true,"href":"https:\/\/elcomunista.org\/index.php?rest_route=%2Fwp%2Fv2%2Ftags&post=353"}],"curies":[{"name":"wp","href":"https:\/\/api.w.org\/{rel}","templated":true}]}}