{"id":3586,"date":"2018-07-02T10:44:29","date_gmt":"2018-07-02T16:44:29","guid":{"rendered":"http:\/\/bloquepopularjuvenil.org\/?p=3586"},"modified":"2018-08-08T17:02:35","modified_gmt":"2018-08-08T23:02:35","slug":"mineria-agua-y-otros-problemas","status":"publish","type":"post","link":"https:\/\/elcomunista.org\/?p=3586","title":{"rendered":"Miner\u00eda, agua y otros problemas"},"content":{"rendered":"<p>\u201cEl agua vale m\u00e1s que el oro, no a la miner\u00eda met\u00e1lica\u201d, esta es una de las diferentes consignas en torno a un tema que en El Salvador fue recurrente por m\u00e1s de una d\u00e9cada, consigna con la cual los habitantes de los departamentos de Caba\u00f1as, Chalatenango, La Uni\u00f3n y San Miguel con diferentes organizaciones sociales hac\u00edan un llamado a la conservaci\u00f3n de la vida y la protecci\u00f3n del medio ambiente.<\/p>\n<p>El \u00a029 de marzo de 2017 en El Salvador sucedi\u00f3 un hecho hist\u00f3rico para un pa\u00eds ex colonial en el que poco o nada se hace para la protecci\u00f3n del medio ambiente ante la amenaza de las grandes empresas internacionales representantes del gran capital. Pues a m\u00e1s de una d\u00e9cada de incontables luchas de la poblaci\u00f3n civil, con el apoyo de diferentes asociaciones, El Salvador le dio un rotundo NO a la miner\u00eda met\u00e1lica, mediante la promulgaci\u00f3n de la Ley de Miner\u00eda Met\u00e1lica, en la cual se proh\u00edbe bajo cualquier concepto la implementaci\u00f3n de la miner\u00eda met\u00e1lica en el pa\u00eds, debido a sus efectos adversos e irreparables a la salud, a la flora, la fauna y al agua particular y mayoritariamente. Esto convirti\u00f3 a El Salvador en el primer pa\u00eds a nivel mundial con un veto hacia dichas pr\u00e1cticas.<\/p>\n<p>Pero la lucha aun no ha terminado pues empresas como Oceana Gold -antes Pacific Rim- a un a\u00f1o de la vigencia de la Ley de Miner\u00eda Met\u00e1lica, ha vuelto a promover su llamada \u201cminer\u00eda verde\u201d, t\u00e9rmino que resulta burlesco ante la poblaci\u00f3n salvadore\u00f1a, dado que este se refiere a la implementaci\u00f3n de pr\u00e1cticas \u201csostenibles\u201d y que causen un m\u00ednimo impacto en el medio ambiente, pero que en la realidad siguen sin tener efectos positivos en el mismo.<\/p>\n<p>La miner\u00eda verde es un enga\u00f1o a la poblaci\u00f3n, adem\u00e1s de ser un concepto que ha demostrado ser inexistente debido a que en pa\u00edses en que se ha implementado ha resultado ser un verdadero fracaso, ante esto y las condiciones actuales de El Salvador bajo ning\u00fan concepto la miner\u00eda en cualquiera de sus formas es una opci\u00f3n. No obstante, debemos estar alertas ante la posible victoria del candidato por el partido Arena para la presidencia de la rep\u00fablica, el empresario Carlos Calleja quien aspira a un gobierno que poco o nada velar\u00eda por los intereses de las clases menos privilegiadas, y quien adem\u00e1s se ha pronunciado en sus redes sociales a favor de la prohibici\u00f3n de la miner\u00eda met\u00e1lica en El Salvador, ya que cabe la posibilidad que de llegar al Ejecutivo exista el peligro de una derogaci\u00f3n de la ley, por intereses de las clases dominantes en El Salvador. Pero el peligro no solo recae en \u00e9l en su candidatura, o en los intereses de las clases dominantes nacionales sino mas bien en sus amigos extranjeros interesados en la explotaci\u00f3n minera y principales impulsadores de estas pr\u00e1cticas: Carlos Slim, Frank Giustra, y el ex presidente estadounidense Clinton, quienes solo velan por sus propios intereses monetarios y podr\u00edan ser las principales influencias para la derogaci\u00f3n de la ley. Ante la amenaza latente de un regreso de la minera met\u00e1lica, la poblaci\u00f3n civil y las organizaciones sociales no podemos quedarnos indiferentes ante las posibles reformas, de car\u00e1cter educativo, econ\u00f3mico, salud o medio ambiental que puedan surgir el pr\u00f3ximo a\u00f1o, sobre todo con un \u00f3rgano Legislativo dominado mayoritariamente por partidos de derecha. Es deber de todos y todas el velar porque las autoridades correspondientes del cumplimiento de la Ley de miner\u00eda act\u00faen en coherencia con la misma. As\u00ed como tambi\u00e9n exigir ante la Asamblea Legislativa la pronta promulgaci\u00f3n de una Ley general de agua en beneficio de toda la poblaci\u00f3n salvadore\u00f1a, ya que esta es de car\u00e1cter urgente debido a que los \u00faltimos acontecimientos en torno al tema del agua nos reflejan un panorama que no resulta para nada agradable.<\/p>\n<p>Con la quiebra de ANDA y la carente Ley de Agua que aprob\u00f3 la Asamblea Legislativa una privatizaci\u00f3n del agua no ser\u00eda algo lejano, es por ello que como pueblo salvadore\u00f1o debemos salir a las calles a luchar por nuestro derecho a la vida y a la salud, pues el agua no debe ser un privilegio, ni una mercanc\u00eda, si no un derecho que debe ser protegido y tener libre acceso para toda la poblaci\u00f3n, por lo tanto, pensar en una privatizaci\u00f3n y comercializaci\u00f3n de la misma resulta indignante e impensable.<\/p>\n","protected":false},"excerpt":{"rendered":"<p>\u201cEl agua vale m\u00e1s que el oro, no a la miner\u00eda met\u00e1lica\u201d, esta es una de las diferentes consignas en torno a un tema que en El Salvador fue recurrente por m\u00e1s de una d\u00e9cada, consigna con la cual los habitantes de los departamentos de Caba\u00f1as, Chalatenango, La Uni\u00f3n y San Miguel con diferentes organizaciones&#8230;<\/p>\n","protected":false},"author":55,"featured_media":3587,"comment_status":"open","ping_status":"open","sticky":false,"template":"","format":"standard","meta":{"_monsterinsights_skip_tracking":false,"_monsterinsights_sitenote_active":false,"_monsterinsights_sitenote_note":"","_monsterinsights_sitenote_category":0,"_uf_show_specific_survey":0,"_uf_disable_surveys":false,"_jetpack_memberships_contains_paid_content":false,"footnotes":""},"categories":[249,2,3],"tags":[315],"class_list":["post-3586","post","type-post","status-publish","format-standard","has-post-thumbnail","hentry","category-campana-contra-la-privatizacion-del-agua","category-nacional","category-politica","tag-mineria"],"aioseo_notices":[],"yoast_head":"<!-- This site is optimized with the Yoast SEO plugin v25.6 - https:\/\/yoast.com\/wordpress\/plugins\/seo\/ -->\n<title>Miner\u00eda, agua y otros problemas<\/title>\n<meta name=\"robots\" content=\"index, follow, max-snippet:-1, max-image-preview:large, max-video-preview:-1\" \/>\n<link rel=\"canonical\" href=\"https:\/\/elcomunista.org\/?p=3586\" \/>\n<meta property=\"og:locale\" content=\"es_ES\" \/>\n<meta property=\"og:type\" content=\"article\" \/>\n<meta property=\"og:title\" content=\"Miner\u00eda, agua y otros problemas\" \/>\n<meta property=\"og:description\" content=\"\u201cEl agua vale m\u00e1s que el oro, no a la miner\u00eda met\u00e1lica\u201d, esta es una de las diferentes consignas en torno a un tema que en El Salvador fue recurrente por m\u00e1s de una d\u00e9cada, consigna con la cual los habitantes de los departamentos de Caba\u00f1as, Chalatenango, La Uni\u00f3n y San Miguel con diferentes organizaciones...\" \/>\n<meta property=\"og:url\" content=\"https:\/\/elcomunista.org\/?p=3586\" \/>\n<meta property=\"og:site_name\" content=\"Revoluci\u00f3n Comunista\" \/>\n<meta property=\"article:publisher\" content=\"https:\/\/www.facebook.com\/Bloquepopularjuvenil\" \/>\n<meta property=\"article:published_time\" content=\"2018-07-02T16:44:29+00:00\" \/>\n<meta property=\"article:modified_time\" content=\"2018-08-08T23:02:35+00:00\" \/>\n<meta property=\"og:image\" content=\"https:\/\/elcomunista.org\/wp-content\/uploads\/2018\/07\/toxic_metal_mining_el_salvador.jpg_1718483346.jpg\" \/>\n\t<meta property=\"og:image:width\" content=\"600\" \/>\n\t<meta property=\"og:image:height\" content=\"340\" \/>\n\t<meta property=\"og:image:type\" content=\"image\/jpeg\" \/>\n<meta name=\"author\" content=\"Luis Quintanilla\" \/>\n<meta name=\"twitter:card\" content=\"summary_large_image\" \/>\n<meta name=\"twitter:creator\" content=\"@ElBPJ\" \/>\n<meta name=\"twitter:site\" content=\"@ElBPJ\" \/>\n<meta name=\"twitter:label1\" content=\"Escrito por\" \/>\n\t<meta name=\"twitter:data1\" content=\"Luis Quintanilla\" \/>\n\t<meta name=\"twitter:label2\" content=\"Tiempo de lectura\" \/>\n\t<meta name=\"twitter:data2\" content=\"4 minutos\" \/>\n<script type=\"application\/ld+json\" class=\"yoast-schema-graph\">{\"@context\":\"https:\/\/schema.org\",\"@graph\":[{\"@type\":\"Article\",\"@id\":\"https:\/\/elcomunista.org\/?p=3586#article\",\"isPartOf\":{\"@id\":\"https:\/\/elcomunista.org\/?p=3586\"},\"author\":{\"name\":\"Luis Quintanilla\",\"@id\":\"https:\/\/elcomunista.org\/#\/schema\/person\/15e5898578971a1eddf6bd98782d4715\"},\"headline\":\"Miner\u00eda, agua y otros problemas\",\"datePublished\":\"2018-07-02T16:44:29+00:00\",\"dateModified\":\"2018-08-08T23:02:35+00:00\",\"mainEntityOfPage\":{\"@id\":\"https:\/\/elcomunista.org\/?p=3586\"},\"wordCount\":807,\"commentCount\":0,\"publisher\":{\"@id\":\"https:\/\/elcomunista.org\/#organization\"},\"image\":{\"@id\":\"https:\/\/elcomunista.org\/?p=3586#primaryimage\"},\"thumbnailUrl\":\"https:\/\/elcomunista.org\/wp-content\/uploads\/2018\/07\/toxic_metal_mining_el_salvador.jpg_1718483346.jpg\",\"keywords\":[\"miner\u00eda\"],\"articleSection\":[\"Campa\u00f1a Contra la Privatizacion del Agua\",\"Nacional\",\"Pol\u00edtica\"],\"inLanguage\":\"es\",\"potentialAction\":[{\"@type\":\"CommentAction\",\"name\":\"Comment\",\"target\":[\"https:\/\/elcomunista.org\/?p=3586#respond\"]}]},{\"@type\":\"WebPage\",\"@id\":\"https:\/\/elcomunista.org\/?p=3586\",\"url\":\"https:\/\/elcomunista.org\/?p=3586\",\"name\":\"Miner\u00eda, agua y otros problemas\",\"isPartOf\":{\"@id\":\"https:\/\/elcomunista.org\/#website\"},\"primaryImageOfPage\":{\"@id\":\"https:\/\/elcomunista.org\/?p=3586#primaryimage\"},\"image\":{\"@id\":\"https:\/\/elcomunista.org\/?p=3586#primaryimage\"},\"thumbnailUrl\":\"https:\/\/elcomunista.org\/wp-content\/uploads\/2018\/07\/toxic_metal_mining_el_salvador.jpg_1718483346.jpg\",\"datePublished\":\"2018-07-02T16:44:29+00:00\",\"dateModified\":\"2018-08-08T23:02:35+00:00\",\"breadcrumb\":{\"@id\":\"https:\/\/elcomunista.org\/?p=3586#breadcrumb\"},\"inLanguage\":\"es\",\"potentialAction\":[{\"@type\":\"ReadAction\",\"target\":[\"https:\/\/elcomunista.org\/?p=3586\"]}]},{\"@type\":\"ImageObject\",\"inLanguage\":\"es\",\"@id\":\"https:\/\/elcomunista.org\/?p=3586#primaryimage\",\"url\":\"https:\/\/elcomunista.org\/wp-content\/uploads\/2018\/07\/toxic_metal_mining_el_salvador.jpg_1718483346.jpg\",\"contentUrl\":\"https:\/\/elcomunista.org\/wp-content\/uploads\/2018\/07\/toxic_metal_mining_el_salvador.jpg_1718483346.jpg\",\"width\":600,\"height\":340},{\"@type\":\"BreadcrumbList\",\"@id\":\"https:\/\/elcomunista.org\/?p=3586#breadcrumb\",\"itemListElement\":[{\"@type\":\"ListItem\",\"position\":1,\"name\":\"Portada\",\"item\":\"https:\/\/elcomunista.org\/\"},{\"@type\":\"ListItem\",\"position\":2,\"name\":\"Miner\u00eda, agua y otros problemas\"}]},{\"@type\":\"WebSite\",\"@id\":\"https:\/\/elcomunista.org\/#website\",\"url\":\"https:\/\/elcomunista.org\/\",\"name\":\"Revoluci\u00f3n Comunista\",\"description\":\"Internacional Comunista Revolucionaria\",\"publisher\":{\"@id\":\"https:\/\/elcomunista.org\/#organization\"},\"potentialAction\":[{\"@type\":\"SearchAction\",\"target\":{\"@type\":\"EntryPoint\",\"urlTemplate\":\"https:\/\/elcomunista.org\/?s={search_term_string}\"},\"query-input\":{\"@type\":\"PropertyValueSpecification\",\"valueRequired\":true,\"valueName\":\"search_term_string\"}}],\"inLanguage\":\"es\"},{\"@type\":\"Organization\",\"@id\":\"https:\/\/elcomunista.org\/#organization\",\"name\":\"Bloque Popular Juvenil\",\"url\":\"https:\/\/elcomunista.org\/\",\"logo\":{\"@type\":\"ImageObject\",\"inLanguage\":\"es\",\"@id\":\"https:\/\/elcomunista.org\/#\/schema\/logo\/image\/\",\"url\":\"https:\/\/bloquepopularjuvenil.org\/wp-content\/uploads\/2018\/11\/bpj-militante.jpg\",\"contentUrl\":\"https:\/\/bloquepopularjuvenil.org\/wp-content\/uploads\/2018\/11\/bpj-militante.jpg\",\"width\":4000,\"height\":1390,\"caption\":\"Bloque Popular Juvenil\"},\"image\":{\"@id\":\"https:\/\/elcomunista.org\/#\/schema\/logo\/image\/\"},\"sameAs\":[\"https:\/\/www.facebook.com\/Bloquepopularjuvenil\",\"https:\/\/x.com\/ElBPJ\",\"https:\/\/www.instagram.com\/elbloque_bpj\/?hl=es-la\"]},{\"@type\":\"Person\",\"@id\":\"https:\/\/elcomunista.org\/#\/schema\/person\/15e5898578971a1eddf6bd98782d4715\",\"name\":\"Luis Quintanilla\",\"image\":{\"@type\":\"ImageObject\",\"inLanguage\":\"es\",\"@id\":\"https:\/\/elcomunista.org\/#\/schema\/person\/image\/\",\"url\":\"https:\/\/secure.gravatar.com\/avatar\/7e219b80a1b4f8b75aff64171e6e6304?s=96&d=mm&r=g\",\"contentUrl\":\"https:\/\/secure.gravatar.com\/avatar\/7e219b80a1b4f8b75aff64171e6e6304?s=96&d=mm&r=g\",\"caption\":\"Luis Quintanilla\"},\"url\":\"https:\/\/elcomunista.org\/?author=55\"}]}<\/script>\n<!-- \/ Yoast SEO plugin. -->","yoast_head_json":{"title":"Miner\u00eda, agua y otros problemas","robots":{"index":"index","follow":"follow","max-snippet":"max-snippet:-1","max-image-preview":"max-image-preview:large","max-video-preview":"max-video-preview:-1"},"canonical":"https:\/\/elcomunista.org\/?p=3586","og_locale":"es_ES","og_type":"article","og_title":"Miner\u00eda, agua y otros problemas","og_description":"\u201cEl agua vale m\u00e1s que el oro, no a la miner\u00eda met\u00e1lica\u201d, esta es una de las diferentes consignas en torno a un tema que en El Salvador fue recurrente por m\u00e1s de una d\u00e9cada, consigna con la cual los habitantes de los departamentos de Caba\u00f1as, Chalatenango, La Uni\u00f3n y San Miguel con diferentes organizaciones...","og_url":"https:\/\/elcomunista.org\/?p=3586","og_site_name":"Revoluci\u00f3n Comunista","article_publisher":"https:\/\/www.facebook.com\/Bloquepopularjuvenil","article_published_time":"2018-07-02T16:44:29+00:00","article_modified_time":"2018-08-08T23:02:35+00:00","og_image":[{"width":600,"height":340,"url":"https:\/\/elcomunista.org\/wp-content\/uploads\/2018\/07\/toxic_metal_mining_el_salvador.jpg_1718483346.jpg","type":"image\/jpeg"}],"author":"Luis Quintanilla","twitter_card":"summary_large_image","twitter_creator":"@ElBPJ","twitter_site":"@ElBPJ","twitter_misc":{"Escrito por":"Luis Quintanilla","Tiempo de lectura":"4 minutos"},"schema":{"@context":"https:\/\/schema.org","@graph":[{"@type":"Article","@id":"https:\/\/elcomunista.org\/?p=3586#article","isPartOf":{"@id":"https:\/\/elcomunista.org\/?p=3586"},"author":{"name":"Luis Quintanilla","@id":"https:\/\/elcomunista.org\/#\/schema\/person\/15e5898578971a1eddf6bd98782d4715"},"headline":"Miner\u00eda, agua y otros problemas","datePublished":"2018-07-02T16:44:29+00:00","dateModified":"2018-08-08T23:02:35+00:00","mainEntityOfPage":{"@id":"https:\/\/elcomunista.org\/?p=3586"},"wordCount":807,"commentCount":0,"publisher":{"@id":"https:\/\/elcomunista.org\/#organization"},"image":{"@id":"https:\/\/elcomunista.org\/?p=3586#primaryimage"},"thumbnailUrl":"https:\/\/elcomunista.org\/wp-content\/uploads\/2018\/07\/toxic_metal_mining_el_salvador.jpg_1718483346.jpg","keywords":["miner\u00eda"],"articleSection":["Campa\u00f1a Contra la Privatizacion del Agua","Nacional","Pol\u00edtica"],"inLanguage":"es","potentialAction":[{"@type":"CommentAction","name":"Comment","target":["https:\/\/elcomunista.org\/?p=3586#respond"]}]},{"@type":"WebPage","@id":"https:\/\/elcomunista.org\/?p=3586","url":"https:\/\/elcomunista.org\/?p=3586","name":"Miner\u00eda, agua y otros problemas","isPartOf":{"@id":"https:\/\/elcomunista.org\/#website"},"primaryImageOfPage":{"@id":"https:\/\/elcomunista.org\/?p=3586#primaryimage"},"image":{"@id":"https:\/\/elcomunista.org\/?p=3586#primaryimage"},"thumbnailUrl":"https:\/\/elcomunista.org\/wp-content\/uploads\/2018\/07\/toxic_metal_mining_el_salvador.jpg_1718483346.jpg","datePublished":"2018-07-02T16:44:29+00:00","dateModified":"2018-08-08T23:02:35+00:00","breadcrumb":{"@id":"https:\/\/elcomunista.org\/?p=3586#breadcrumb"},"inLanguage":"es","potentialAction":[{"@type":"ReadAction","target":["https:\/\/elcomunista.org\/?p=3586"]}]},{"@type":"ImageObject","inLanguage":"es","@id":"https:\/\/elcomunista.org\/?p=3586#primaryimage","url":"https:\/\/elcomunista.org\/wp-content\/uploads\/2018\/07\/toxic_metal_mining_el_salvador.jpg_1718483346.jpg","contentUrl":"https:\/\/elcomunista.org\/wp-content\/uploads\/2018\/07\/toxic_metal_mining_el_salvador.jpg_1718483346.jpg","width":600,"height":340},{"@type":"BreadcrumbList","@id":"https:\/\/elcomunista.org\/?p=3586#breadcrumb","itemListElement":[{"@type":"ListItem","position":1,"name":"Portada","item":"https:\/\/elcomunista.org\/"},{"@type":"ListItem","position":2,"name":"Miner\u00eda, agua y otros problemas"}]},{"@type":"WebSite","@id":"https:\/\/elcomunista.org\/#website","url":"https:\/\/elcomunista.org\/","name":"Revoluci\u00f3n Comunista","description":"Internacional Comunista Revolucionaria","publisher":{"@id":"https:\/\/elcomunista.org\/#organization"},"potentialAction":[{"@type":"SearchAction","target":{"@type":"EntryPoint","urlTemplate":"https:\/\/elcomunista.org\/?s={search_term_string}"},"query-input":{"@type":"PropertyValueSpecification","valueRequired":true,"valueName":"search_term_string"}}],"inLanguage":"es"},{"@type":"Organization","@id":"https:\/\/elcomunista.org\/#organization","name":"Bloque Popular Juvenil","url":"https:\/\/elcomunista.org\/","logo":{"@type":"ImageObject","inLanguage":"es","@id":"https:\/\/elcomunista.org\/#\/schema\/logo\/image\/","url":"https:\/\/bloquepopularjuvenil.org\/wp-content\/uploads\/2018\/11\/bpj-militante.jpg","contentUrl":"https:\/\/bloquepopularjuvenil.org\/wp-content\/uploads\/2018\/11\/bpj-militante.jpg","width":4000,"height":1390,"caption":"Bloque Popular Juvenil"},"image":{"@id":"https:\/\/elcomunista.org\/#\/schema\/logo\/image\/"},"sameAs":["https:\/\/www.facebook.com\/Bloquepopularjuvenil","https:\/\/x.com\/ElBPJ","https:\/\/www.instagram.com\/elbloque_bpj\/?hl=es-la"]},{"@type":"Person","@id":"https:\/\/elcomunista.org\/#\/schema\/person\/15e5898578971a1eddf6bd98782d4715","name":"Luis Quintanilla","image":{"@type":"ImageObject","inLanguage":"es","@id":"https:\/\/elcomunista.org\/#\/schema\/person\/image\/","url":"https:\/\/secure.gravatar.com\/avatar\/7e219b80a1b4f8b75aff64171e6e6304?s=96&d=mm&r=g","contentUrl":"https:\/\/secure.gravatar.com\/avatar\/7e219b80a1b4f8b75aff64171e6e6304?s=96&d=mm&r=g","caption":"Luis Quintanilla"},"url":"https:\/\/elcomunista.org\/?author=55"}]}},"jetpack_featured_media_url":"https:\/\/elcomunista.org\/wp-content\/uploads\/2018\/07\/toxic_metal_mining_el_salvador.jpg_1718483346.jpg","jetpack_likes_enabled":true,"jetpack_sharing_enabled":true,"_links":{"self":[{"href":"https:\/\/elcomunista.org\/index.php?rest_route=\/wp\/v2\/posts\/3586"}],"collection":[{"href":"https:\/\/elcomunista.org\/index.php?rest_route=\/wp\/v2\/posts"}],"about":[{"href":"https:\/\/elcomunista.org\/index.php?rest_route=\/wp\/v2\/types\/post"}],"author":[{"embeddable":true,"href":"https:\/\/elcomunista.org\/index.php?rest_route=\/wp\/v2\/users\/55"}],"replies":[{"embeddable":true,"href":"https:\/\/elcomunista.org\/index.php?rest_route=%2Fwp%2Fv2%2Fcomments&post=3586"}],"version-history":[{"count":0,"href":"https:\/\/elcomunista.org\/index.php?rest_route=\/wp\/v2\/posts\/3586\/revisions"}],"wp:featuredmedia":[{"embeddable":true,"href":"https:\/\/elcomunista.org\/index.php?rest_route=\/wp\/v2\/media\/3587"}],"wp:attachment":[{"href":"https:\/\/elcomunista.org\/index.php?rest_route=%2Fwp%2Fv2%2Fmedia&parent=3586"}],"wp:term":[{"taxonomy":"category","embeddable":true,"href":"https:\/\/elcomunista.org\/index.php?rest_route=%2Fwp%2Fv2%2Fcategories&post=3586"},{"taxonomy":"post_tag","embeddable":true,"href":"https:\/\/elcomunista.org\/index.php?rest_route=%2Fwp%2Fv2%2Ftags&post=3586"}],"curies":[{"name":"wp","href":"https:\/\/api.w.org\/{rel}","templated":true}]}}