{"id":3594,"date":"2018-07-04T16:56:18","date_gmt":"2018-07-04T22:56:18","guid":{"rendered":"http:\/\/bloquepopularjuvenil.org\/?p=3594"},"modified":"2018-07-11T19:15:20","modified_gmt":"2018-07-12T01:15:20","slug":"cuando-los-intereses-capitalistas-y-las-leyes-burocraticas-chocan","status":"publish","type":"post","link":"https:\/\/elcomunista.org\/?p=3594","title":{"rendered":"Cuando los intereses capitalistas y las leyes burocr\u00e1ticas chocan"},"content":{"rendered":"<p>Autor: Luis Quintanilla<\/p>\n<p>En El Salvador, como en Centroam\u00e9rica, y gran parte de Am\u00e9rica Latina los vestigios de las civilizaciones originarias, los denominados patrimonios culturales, son vistos como cualquier otra mercanc\u00eda, muchas de las piezas que se encuentran en los diferentes sitios Arqueol\u00f3gicos de la regi\u00f3n son extra\u00eddos para posteriormente llevarlos a museos extranjeros perdiendo as\u00ed nuestros vestigios de arte precolombino, ante esto en El Salvador se proclamaron diferentes leyes en torno a la protecci\u00f3n y la defensa del patrimonio cultural. Pero \u00bfQu\u00e9 sucede cuando estas leyes se oponen a los intereses capitalistas? La respuesta la encontraremos a continuaci\u00f3n.<\/p>\n<p>En el municipio de Nahulingo, departamento de Sonsonate, por la ribera del Rio Ceniza se encuentra el sitio arqueol\u00f3gico \u201cTacuzcalco los Cerritos\u201d, declarado en 1997 como bien cultural, mediante Acuerdo Ejecutivo y protegido por la Ley Especial de Protecci\u00f3n al Patrimonio Cultural de El Salvador (LEPPCES), ley que poco o nada ha servido para evitar que el sitio sufra da\u00f1os ante las inclemencias y los intereses de las empresas privadas.<\/p>\n<p>Pues la constructora \u201cInversiones e Inmobiliaria F\u00e9nix S.A. de C.V\u201d, una de las empresas del grupo Salazar Romero, haciendo caso omiso de las exigencias de la poblaci\u00f3n que sali\u00f3 a defender el sitio arqueol\u00f3gico y en total desobediencia de la Ley de Protecci\u00f3n al Patrimonio, ha destruido parcialmente el lugar con su proyecto de vivienda \u201cLas Victorias\u201d el cual pretend\u00eda ser una \u201cfuente de desarrollo para la regi\u00f3n\u201d. No ha sido hasta nueve meses despu\u00e9s, de agosto 2017 a abril 2018, de iniciadas las construcciones que dicha empresa ha parado sus operaciones, y no precisamente por acatar los llamados de las autoridades pues ni la polic\u00eda, ni los jueces, ni Secultura<a href=\"#_edn1\" name=\"_ednref1\">[i]<\/a> o la Fiscal\u00eda hab\u00edan podidoevitar que la empresa continuara operando, no fue hasta una orden girada por la jueza ambiental de Santa Ana, Norma Elizabeth Lemus, que orden\u00f3\u00a0el cierre indefinido de la construcci\u00f3n, debido a que esta no contaba con la actualizaci\u00f3n de un permiso ambiental para realizar sus actividades.<\/p>\n<p>La reacci\u00f3n de la empresa no se ha hecho esperar, pues reclaman que no se est\u00e1 destruyendo ning\u00fan bien protegido, y lo que se est\u00e1 haciendo es el cierre arbitrario de las operaciones dejando sin trabajo a decenas de personas que defienden a la empresa con los mismos argumentos, pero sobre todo por no contar con oportunidades de empleo en otros proyectos. La batalla por la defensa de Tacuzcalco no ha terminado y los defensores de este lo saben bien, la empresa F\u00e9nix est\u00e1llevando una batalla legal con Secultura para continuar con las construcciones, pues el pasado mi\u00e9rcoles 20 de junio las partes se reunieron para establecer cual es \u201cla verdad\u201d de Tacuzcalco, esta reuni\u00f3n resulta incre\u00edble y a la vez indignante con un panorama en donde la parte ofendida no es el Estado, o las personas que han reclamado la defensa del sitio arqueol\u00f3gico, sino la empresa constructora que reclama la p\u00e9rdida de 50 mil d\u00f3lares por d\u00eda luego de que la jueza decretara el paro de la obra.<\/p>\n<p>El panorama no se ve favorable para Tacuzcalco pues la mayor\u00eda de diputados que conforman la mesa de discusi\u00f3n en este caso son diputados de los principales partidos de derecha, partidos que para nadie es una sorpresa, quedefiendan los intereses de las empresas privadas dejando de lado las exigencias del pueblo de conservar el patrimonio cultural que guarda en sus tierras Tacuzcalco. La comisi\u00f3n encargada de llevar el caso se seguir\u00e1 reuniendo en las pr\u00f3ximas semanaspara continuar con el caso. Ante lo cual la poblaci\u00f3n exige se le cumplan sus derechos, pues no es solo Tacuzcalco quien est\u00e1 siendo afectado si no tambi\u00e9n el Rio Ceniza por la contaminaci\u00f3n que la constructora ejerce sobre el\u00a0 mismo.<\/p>\n<p><a href=\"#_ednref1\" name=\"_edn1\">[i]<\/a> Secretaria de Cultura<\/p>\n","protected":false},"excerpt":{"rendered":"<p>Autor: Luis Quintanilla En El Salvador, como en Centroam\u00e9rica, y gran parte de Am\u00e9rica Latina los vestigios de las civilizaciones originarias, los denominados patrimonios culturales, son vistos como cualquier otra mercanc\u00eda, muchas de las piezas que se encuentran en los diferentes sitios Arqueol\u00f3gicos de la regi\u00f3n son extra\u00eddos para posteriormente llevarlos a museos extranjeros perdiendo&#8230;<\/p>\n","protected":false},"author":55,"featured_media":3598,"comment_status":"open","ping_status":"open","sticky":false,"template":"","format":"standard","meta":{"_monsterinsights_skip_tracking":false,"_monsterinsights_sitenote_active":false,"_monsterinsights_sitenote_note":"","_monsterinsights_sitenote_category":0,"_uf_show_specific_survey":0,"_uf_disable_surveys":false,"_jetpack_memberships_contains_paid_content":false,"footnotes":""},"categories":[2],"tags":[228],"class_list":["post-3594","post","type-post","status-publish","format-standard","has-post-thumbnail","hentry","category-nacional","tag-tacuscalco"],"aioseo_notices":[],"yoast_head":"<!-- This site is optimized with the Yoast SEO plugin v25.6 - https:\/\/yoast.com\/wordpress\/plugins\/seo\/ -->\n<title>Cuando los intereses capitalistas y las leyes burocr\u00e1ticas chocan<\/title>\n<meta name=\"robots\" content=\"index, follow, max-snippet:-1, max-image-preview:large, max-video-preview:-1\" \/>\n<link rel=\"canonical\" href=\"https:\/\/elcomunista.org\/?p=3594\" \/>\n<meta property=\"og:locale\" content=\"es_ES\" \/>\n<meta property=\"og:type\" content=\"article\" \/>\n<meta property=\"og:title\" content=\"Cuando los intereses capitalistas y las leyes burocr\u00e1ticas chocan\" \/>\n<meta property=\"og:description\" content=\"Autor: Luis Quintanilla En El Salvador, como en Centroam\u00e9rica, y gran parte de Am\u00e9rica Latina los vestigios de las civilizaciones originarias, los denominados patrimonios culturales, son vistos como cualquier otra mercanc\u00eda, muchas de las piezas que se encuentran en los diferentes sitios Arqueol\u00f3gicos de la regi\u00f3n son extra\u00eddos para posteriormente llevarlos a museos extranjeros perdiendo...\" \/>\n<meta property=\"og:url\" content=\"https:\/\/elcomunista.org\/?p=3594\" \/>\n<meta property=\"og:site_name\" content=\"Revoluci\u00f3n Comunista\" \/>\n<meta property=\"article:publisher\" content=\"https:\/\/www.facebook.com\/Bloquepopularjuvenil\" \/>\n<meta property=\"article:published_time\" content=\"2018-07-04T22:56:18+00:00\" \/>\n<meta property=\"article:modified_time\" content=\"2018-07-12T01:15:20+00:00\" \/>\n<meta property=\"og:image\" content=\"https:\/\/elcomunista.org\/wp-content\/uploads\/2018\/07\/PORTADA-1.jpg\" \/>\n\t<meta property=\"og:image:width\" content=\"844\" \/>\n\t<meta property=\"og:image:height\" content=\"391\" \/>\n\t<meta property=\"og:image:type\" content=\"image\/jpeg\" \/>\n<meta name=\"author\" content=\"Luis Quintanilla\" \/>\n<meta name=\"twitter:card\" content=\"summary_large_image\" \/>\n<meta name=\"twitter:creator\" content=\"@ElBPJ\" \/>\n<meta name=\"twitter:site\" content=\"@ElBPJ\" \/>\n<meta name=\"twitter:label1\" content=\"Escrito por\" \/>\n\t<meta name=\"twitter:data1\" content=\"Luis Quintanilla\" \/>\n\t<meta name=\"twitter:label2\" content=\"Tiempo de lectura\" \/>\n\t<meta name=\"twitter:data2\" content=\"3 minutos\" \/>\n<script type=\"application\/ld+json\" class=\"yoast-schema-graph\">{\"@context\":\"https:\/\/schema.org\",\"@graph\":[{\"@type\":\"Article\",\"@id\":\"https:\/\/elcomunista.org\/?p=3594#article\",\"isPartOf\":{\"@id\":\"https:\/\/elcomunista.org\/?p=3594\"},\"author\":{\"name\":\"Luis Quintanilla\",\"@id\":\"https:\/\/elcomunista.org\/#\/schema\/person\/15e5898578971a1eddf6bd98782d4715\"},\"headline\":\"Cuando los intereses capitalistas y las leyes burocr\u00e1ticas chocan\",\"datePublished\":\"2018-07-04T22:56:18+00:00\",\"dateModified\":\"2018-07-12T01:15:20+00:00\",\"mainEntityOfPage\":{\"@id\":\"https:\/\/elcomunista.org\/?p=3594\"},\"wordCount\":670,\"commentCount\":0,\"publisher\":{\"@id\":\"https:\/\/elcomunista.org\/#organization\"},\"image\":{\"@id\":\"https:\/\/elcomunista.org\/?p=3594#primaryimage\"},\"thumbnailUrl\":\"https:\/\/elcomunista.org\/wp-content\/uploads\/2018\/07\/PORTADA-1.jpg\",\"keywords\":[\"Tacuscalco\"],\"articleSection\":[\"Nacional\"],\"inLanguage\":\"es\",\"potentialAction\":[{\"@type\":\"CommentAction\",\"name\":\"Comment\",\"target\":[\"https:\/\/elcomunista.org\/?p=3594#respond\"]}]},{\"@type\":\"WebPage\",\"@id\":\"https:\/\/elcomunista.org\/?p=3594\",\"url\":\"https:\/\/elcomunista.org\/?p=3594\",\"name\":\"Cuando los intereses capitalistas y las leyes burocr\u00e1ticas chocan\",\"isPartOf\":{\"@id\":\"https:\/\/elcomunista.org\/#website\"},\"primaryImageOfPage\":{\"@id\":\"https:\/\/elcomunista.org\/?p=3594#primaryimage\"},\"image\":{\"@id\":\"https:\/\/elcomunista.org\/?p=3594#primaryimage\"},\"thumbnailUrl\":\"https:\/\/elcomunista.org\/wp-content\/uploads\/2018\/07\/PORTADA-1.jpg\",\"datePublished\":\"2018-07-04T22:56:18+00:00\",\"dateModified\":\"2018-07-12T01:15:20+00:00\",\"breadcrumb\":{\"@id\":\"https:\/\/elcomunista.org\/?p=3594#breadcrumb\"},\"inLanguage\":\"es\",\"potentialAction\":[{\"@type\":\"ReadAction\",\"target\":[\"https:\/\/elcomunista.org\/?p=3594\"]}]},{\"@type\":\"ImageObject\",\"inLanguage\":\"es\",\"@id\":\"https:\/\/elcomunista.org\/?p=3594#primaryimage\",\"url\":\"https:\/\/elcomunista.org\/wp-content\/uploads\/2018\/07\/PORTADA-1.jpg\",\"contentUrl\":\"https:\/\/elcomunista.org\/wp-content\/uploads\/2018\/07\/PORTADA-1.jpg\",\"width\":844,\"height\":391},{\"@type\":\"BreadcrumbList\",\"@id\":\"https:\/\/elcomunista.org\/?p=3594#breadcrumb\",\"itemListElement\":[{\"@type\":\"ListItem\",\"position\":1,\"name\":\"Portada\",\"item\":\"https:\/\/elcomunista.org\/\"},{\"@type\":\"ListItem\",\"position\":2,\"name\":\"Cuando los intereses capitalistas y las leyes burocr\u00e1ticas chocan\"}]},{\"@type\":\"WebSite\",\"@id\":\"https:\/\/elcomunista.org\/#website\",\"url\":\"https:\/\/elcomunista.org\/\",\"name\":\"Revoluci\u00f3n Comunista\",\"description\":\"Internacional Comunista Revolucionaria\",\"publisher\":{\"@id\":\"https:\/\/elcomunista.org\/#organization\"},\"potentialAction\":[{\"@type\":\"SearchAction\",\"target\":{\"@type\":\"EntryPoint\",\"urlTemplate\":\"https:\/\/elcomunista.org\/?s={search_term_string}\"},\"query-input\":{\"@type\":\"PropertyValueSpecification\",\"valueRequired\":true,\"valueName\":\"search_term_string\"}}],\"inLanguage\":\"es\"},{\"@type\":\"Organization\",\"@id\":\"https:\/\/elcomunista.org\/#organization\",\"name\":\"Bloque Popular Juvenil\",\"url\":\"https:\/\/elcomunista.org\/\",\"logo\":{\"@type\":\"ImageObject\",\"inLanguage\":\"es\",\"@id\":\"https:\/\/elcomunista.org\/#\/schema\/logo\/image\/\",\"url\":\"https:\/\/bloquepopularjuvenil.org\/wp-content\/uploads\/2018\/11\/bpj-militante.jpg\",\"contentUrl\":\"https:\/\/bloquepopularjuvenil.org\/wp-content\/uploads\/2018\/11\/bpj-militante.jpg\",\"width\":4000,\"height\":1390,\"caption\":\"Bloque Popular Juvenil\"},\"image\":{\"@id\":\"https:\/\/elcomunista.org\/#\/schema\/logo\/image\/\"},\"sameAs\":[\"https:\/\/www.facebook.com\/Bloquepopularjuvenil\",\"https:\/\/x.com\/ElBPJ\",\"https:\/\/www.instagram.com\/elbloque_bpj\/?hl=es-la\"]},{\"@type\":\"Person\",\"@id\":\"https:\/\/elcomunista.org\/#\/schema\/person\/15e5898578971a1eddf6bd98782d4715\",\"name\":\"Luis Quintanilla\",\"image\":{\"@type\":\"ImageObject\",\"inLanguage\":\"es\",\"@id\":\"https:\/\/elcomunista.org\/#\/schema\/person\/image\/\",\"url\":\"https:\/\/secure.gravatar.com\/avatar\/7e219b80a1b4f8b75aff64171e6e6304?s=96&d=mm&r=g\",\"contentUrl\":\"https:\/\/secure.gravatar.com\/avatar\/7e219b80a1b4f8b75aff64171e6e6304?s=96&d=mm&r=g\",\"caption\":\"Luis Quintanilla\"},\"url\":\"https:\/\/elcomunista.org\/?author=55\"}]}<\/script>\n<!-- \/ Yoast SEO plugin. -->","yoast_head_json":{"title":"Cuando los intereses capitalistas y las leyes burocr\u00e1ticas chocan","robots":{"index":"index","follow":"follow","max-snippet":"max-snippet:-1","max-image-preview":"max-image-preview:large","max-video-preview":"max-video-preview:-1"},"canonical":"https:\/\/elcomunista.org\/?p=3594","og_locale":"es_ES","og_type":"article","og_title":"Cuando los intereses capitalistas y las leyes burocr\u00e1ticas chocan","og_description":"Autor: Luis Quintanilla En El Salvador, como en Centroam\u00e9rica, y gran parte de Am\u00e9rica Latina los vestigios de las civilizaciones originarias, los denominados patrimonios culturales, son vistos como cualquier otra mercanc\u00eda, muchas de las piezas que se encuentran en los diferentes sitios Arqueol\u00f3gicos de la regi\u00f3n son extra\u00eddos para posteriormente llevarlos a museos extranjeros perdiendo...","og_url":"https:\/\/elcomunista.org\/?p=3594","og_site_name":"Revoluci\u00f3n Comunista","article_publisher":"https:\/\/www.facebook.com\/Bloquepopularjuvenil","article_published_time":"2018-07-04T22:56:18+00:00","article_modified_time":"2018-07-12T01:15:20+00:00","og_image":[{"width":844,"height":391,"url":"https:\/\/elcomunista.org\/wp-content\/uploads\/2018\/07\/PORTADA-1.jpg","type":"image\/jpeg"}],"author":"Luis Quintanilla","twitter_card":"summary_large_image","twitter_creator":"@ElBPJ","twitter_site":"@ElBPJ","twitter_misc":{"Escrito por":"Luis Quintanilla","Tiempo de lectura":"3 minutos"},"schema":{"@context":"https:\/\/schema.org","@graph":[{"@type":"Article","@id":"https:\/\/elcomunista.org\/?p=3594#article","isPartOf":{"@id":"https:\/\/elcomunista.org\/?p=3594"},"author":{"name":"Luis Quintanilla","@id":"https:\/\/elcomunista.org\/#\/schema\/person\/15e5898578971a1eddf6bd98782d4715"},"headline":"Cuando los intereses capitalistas y las leyes burocr\u00e1ticas chocan","datePublished":"2018-07-04T22:56:18+00:00","dateModified":"2018-07-12T01:15:20+00:00","mainEntityOfPage":{"@id":"https:\/\/elcomunista.org\/?p=3594"},"wordCount":670,"commentCount":0,"publisher":{"@id":"https:\/\/elcomunista.org\/#organization"},"image":{"@id":"https:\/\/elcomunista.org\/?p=3594#primaryimage"},"thumbnailUrl":"https:\/\/elcomunista.org\/wp-content\/uploads\/2018\/07\/PORTADA-1.jpg","keywords":["Tacuscalco"],"articleSection":["Nacional"],"inLanguage":"es","potentialAction":[{"@type":"CommentAction","name":"Comment","target":["https:\/\/elcomunista.org\/?p=3594#respond"]}]},{"@type":"WebPage","@id":"https:\/\/elcomunista.org\/?p=3594","url":"https:\/\/elcomunista.org\/?p=3594","name":"Cuando los intereses capitalistas y las leyes burocr\u00e1ticas chocan","isPartOf":{"@id":"https:\/\/elcomunista.org\/#website"},"primaryImageOfPage":{"@id":"https:\/\/elcomunista.org\/?p=3594#primaryimage"},"image":{"@id":"https:\/\/elcomunista.org\/?p=3594#primaryimage"},"thumbnailUrl":"https:\/\/elcomunista.org\/wp-content\/uploads\/2018\/07\/PORTADA-1.jpg","datePublished":"2018-07-04T22:56:18+00:00","dateModified":"2018-07-12T01:15:20+00:00","breadcrumb":{"@id":"https:\/\/elcomunista.org\/?p=3594#breadcrumb"},"inLanguage":"es","potentialAction":[{"@type":"ReadAction","target":["https:\/\/elcomunista.org\/?p=3594"]}]},{"@type":"ImageObject","inLanguage":"es","@id":"https:\/\/elcomunista.org\/?p=3594#primaryimage","url":"https:\/\/elcomunista.org\/wp-content\/uploads\/2018\/07\/PORTADA-1.jpg","contentUrl":"https:\/\/elcomunista.org\/wp-content\/uploads\/2018\/07\/PORTADA-1.jpg","width":844,"height":391},{"@type":"BreadcrumbList","@id":"https:\/\/elcomunista.org\/?p=3594#breadcrumb","itemListElement":[{"@type":"ListItem","position":1,"name":"Portada","item":"https:\/\/elcomunista.org\/"},{"@type":"ListItem","position":2,"name":"Cuando los intereses capitalistas y las leyes burocr\u00e1ticas chocan"}]},{"@type":"WebSite","@id":"https:\/\/elcomunista.org\/#website","url":"https:\/\/elcomunista.org\/","name":"Revoluci\u00f3n Comunista","description":"Internacional Comunista Revolucionaria","publisher":{"@id":"https:\/\/elcomunista.org\/#organization"},"potentialAction":[{"@type":"SearchAction","target":{"@type":"EntryPoint","urlTemplate":"https:\/\/elcomunista.org\/?s={search_term_string}"},"query-input":{"@type":"PropertyValueSpecification","valueRequired":true,"valueName":"search_term_string"}}],"inLanguage":"es"},{"@type":"Organization","@id":"https:\/\/elcomunista.org\/#organization","name":"Bloque Popular Juvenil","url":"https:\/\/elcomunista.org\/","logo":{"@type":"ImageObject","inLanguage":"es","@id":"https:\/\/elcomunista.org\/#\/schema\/logo\/image\/","url":"https:\/\/bloquepopularjuvenil.org\/wp-content\/uploads\/2018\/11\/bpj-militante.jpg","contentUrl":"https:\/\/bloquepopularjuvenil.org\/wp-content\/uploads\/2018\/11\/bpj-militante.jpg","width":4000,"height":1390,"caption":"Bloque Popular Juvenil"},"image":{"@id":"https:\/\/elcomunista.org\/#\/schema\/logo\/image\/"},"sameAs":["https:\/\/www.facebook.com\/Bloquepopularjuvenil","https:\/\/x.com\/ElBPJ","https:\/\/www.instagram.com\/elbloque_bpj\/?hl=es-la"]},{"@type":"Person","@id":"https:\/\/elcomunista.org\/#\/schema\/person\/15e5898578971a1eddf6bd98782d4715","name":"Luis Quintanilla","image":{"@type":"ImageObject","inLanguage":"es","@id":"https:\/\/elcomunista.org\/#\/schema\/person\/image\/","url":"https:\/\/secure.gravatar.com\/avatar\/7e219b80a1b4f8b75aff64171e6e6304?s=96&d=mm&r=g","contentUrl":"https:\/\/secure.gravatar.com\/avatar\/7e219b80a1b4f8b75aff64171e6e6304?s=96&d=mm&r=g","caption":"Luis Quintanilla"},"url":"https:\/\/elcomunista.org\/?author=55"}]}},"jetpack_featured_media_url":"https:\/\/elcomunista.org\/wp-content\/uploads\/2018\/07\/PORTADA-1.jpg","jetpack_likes_enabled":true,"jetpack_sharing_enabled":true,"_links":{"self":[{"href":"https:\/\/elcomunista.org\/index.php?rest_route=\/wp\/v2\/posts\/3594"}],"collection":[{"href":"https:\/\/elcomunista.org\/index.php?rest_route=\/wp\/v2\/posts"}],"about":[{"href":"https:\/\/elcomunista.org\/index.php?rest_route=\/wp\/v2\/types\/post"}],"author":[{"embeddable":true,"href":"https:\/\/elcomunista.org\/index.php?rest_route=\/wp\/v2\/users\/55"}],"replies":[{"embeddable":true,"href":"https:\/\/elcomunista.org\/index.php?rest_route=%2Fwp%2Fv2%2Fcomments&post=3594"}],"version-history":[{"count":0,"href":"https:\/\/elcomunista.org\/index.php?rest_route=\/wp\/v2\/posts\/3594\/revisions"}],"wp:featuredmedia":[{"embeddable":true,"href":"https:\/\/elcomunista.org\/index.php?rest_route=\/wp\/v2\/media\/3598"}],"wp:attachment":[{"href":"https:\/\/elcomunista.org\/index.php?rest_route=%2Fwp%2Fv2%2Fmedia&parent=3594"}],"wp:term":[{"taxonomy":"category","embeddable":true,"href":"https:\/\/elcomunista.org\/index.php?rest_route=%2Fwp%2Fv2%2Fcategories&post=3594"},{"taxonomy":"post_tag","embeddable":true,"href":"https:\/\/elcomunista.org\/index.php?rest_route=%2Fwp%2Fv2%2Ftags&post=3594"}],"curies":[{"name":"wp","href":"https:\/\/api.w.org\/{rel}","templated":true}]}}