{"id":3629,"date":"2018-07-09T21:19:55","date_gmt":"2018-07-10T03:19:55","guid":{"rendered":"http:\/\/bloquepopularjuvenil.org\/?p=3629"},"modified":"2018-07-10T19:55:24","modified_gmt":"2018-07-11T01:55:24","slug":"las-zonas-economicas-especiales-una-propuesta-capitalista-del-fmln","status":"publish","type":"post","link":"https:\/\/elcomunista.org\/?p=3629","title":{"rendered":"Las Zonas Econ\u00f3micas Especiales: una propuesta capitalista del FMLN"},"content":{"rendered":"<p>La pol\u00edtica tambaleante de la izquierda al intentar reformar el capitalismo en tiempos de crisis, le ha pasado una factura incalculable. Despu\u00e9s del declive electoral del 4 de marzo, el gobierno de la \u201cprofundizaci\u00f3n de los cambios\u201d de Ceren no ha hecho m\u00e1s que acoplarse de manera descarada a la administraci\u00f3n de la crisis estatal, llevando a cabo medidas en contra de la clase trabajadora.<\/p>\n<p>Tras la coyuntura de la lucha por la defensa del agua, el FMLN \u201creafirmo su compromiso\u201d con el pueblo, \u201capoyando la lucha\u201d. No obstante, no hace m\u00e1s que apaciguar las movilizaciones de calle mediante las luchas burocr\u00e1ticas en los \u00f3rganos legales del Estado. Y hoy en d\u00eda, demuestra los efectos nocivos de intentar beneficiar a los capitalistas y a los trabajadores por igual, a tal punto que a estas alturas no hace m\u00e1s que sobrevivir y salvaguardar los privilegios burocr\u00e1ticos de la direcci\u00f3n de su partido en el gobierno. El FMLN ha realizado una propuesta totalmente reaccionaria y de derecha para \u201cdesarrollar el pa\u00eds\u201d.<\/p>\n<p>El pasado martes 3 de julio, el gobierno presento a la Asamblea Legislativa una propuesta de ley para la creaci\u00f3n de zonas econ\u00f3micas especiales. \u201cUna Zona Econ\u00f3mica Especial es un \u00e1rea geogr\u00e1fica delimitada dentro de las fronteras nacionales, donde las reglas de negocios son diferentes, generalmente con m\u00e1s beneficios para los inversionistas que las que prevalecen en el resto del pa\u00eds.<\/p>\n<p>Seg\u00fan el Banco Mundial, se dise\u00f1aron como \u201cuna herramienta de comercio, inversi\u00f3n y de pol\u00edtica industrial que tiene como objetivo superar las barreras que impiden la inversi\u00f3n en una econom\u00eda m\u00e1s amplia\u201d<a name=\"_ftnref1\"><\/a><a href=\"#_ftn1\">[1]<\/a><\/p>\n<p>La propuesta fue presentada por el Vicepresidente de la Rep\u00fablica, \u00d3scar Ortiz, junto con la ministra de Econom\u00eda, Luz Estrella Rodr\u00edguez; el presidente de la Comisi\u00f3n Ejecutiva Portuaria Aut\u00f3noma (CEPA), Nelson Vanegas; y el titular del Organismo Promotor de Exportaciones e Inversiones de El Salvador (PROESA), Sigfrido Reyes.<\/p>\n<h3><span style=\"color: #800000;\"><strong>La propuesta de las ZEE<\/strong><\/span><\/h3>\n<p>De acuerdo a la ley estas zonas estar\u00e1n exentas de todo tipo de impuestos incluyendo el IVA y la Renta, durante los 25 a\u00f1os, el 70 % de exoneraci\u00f3n durante 5 a\u00f1os m\u00e1s despu\u00e9s del primer plazo y el 50 % por 5 a\u00f1os m\u00e1s despu\u00e9s del segundo plazo, hasta que sean recuperadas las inversiones. Impuestos que los trabajadores s\u00ed cancelan a diario en todos sus consumos cotidianos. Adem\u00e1s, poseer\u00e1n la capacidad de recibir incentivos fiscales si cumplen al menos tres condiciones b\u00e1sicas: contratar 200 empleados, que el 50 % sean mujeres, y que tengan \u201cpol\u00edticas ambientales que cuiden los recursos dados por el gobierno a la empresa privada\u201d.<\/p>\n<p>El gobierno se ha excusado en que esto dar\u00e1 miles de empleos y mejorar\u00e1 las condiciones de vida de la clase trabajadora. Pero, en realidad, todo trabajador de las maquilas textiles de las zonas francas, sabe que esto significa que los capitalistas impondr\u00e1n grandes jornadas laborales, pagar\u00e1n salarios de hambre, sobre todo a las mujeres, y no dar\u00e1n la m\u00ednima seguridad laboral a sus trabajadores. Pero claro mientras haya empleo, \u201cadelante el pa\u00eds\u201d (!). Los capitalistas solo tendr\u00e1n \u201cun compromiso social\u201d: el 2% de la inversi\u00f3n ser\u00e1 destinado para el desarrollo de los lugares aleda\u00f1os a las ZEE, que ser\u00e1 administrado por otro ente: \u201cLas zonas que propone el gobierno contempla las figuras de \u201cdesarrollador\u201d y \u201coperador econ\u00f3mico\u201d. El primero representa al encargado de urbanizar, construir, mantener y desarrollar los pol\u00edgonos e infraestructura complementaria; mientras que los operadores son las empresas que desarrollar\u00e1n cualquier actividad comercial elegida para la ZEE en la franja costero marina\u201d<a name=\"_ftnref2\"><\/a><a href=\"#_ftn2\">[2]<\/a>.<\/p>\n<p>Desde cualquier punto de vista, esta propuesta est\u00e1 enmarcada en la necesidad del capitalismo de revitalizar la industria en los pa\u00edses subdesarrollados para salvaguardar sus inversiones transnacionales con el fin de exportar productos m\u00e1s rentables y generarse mejores ganancias. En un clima de inseguridad para la inversi\u00f3n, no porque no haya las mejores condiciones, Centroam\u00e9rica tiene lugares como estos: las zonas francas en El Salvador, las ciudades modelo en Honduras, etc.; sino m\u00e1s bien porque la amenaza de la sobreproducci\u00f3n y de las p\u00e9rdidas de los burgueses por la saturaci\u00f3n del mercado, hace m\u00e1s sencillo invertir capital en la bolsa de valores que en la industria, y esta es la tendencia a nivel mundial. Pero cuando existen gobiernos serviles al imperialismo y tambaleantes en sus medidas progresistas, es f\u00e1cil amorillarlos a generar las mejores condiciones para la inversi\u00f3n privada, previendo perdidas m\u00ednimas y beneficios m\u00e1ximos para el gran capital mundial, volviendo a su l\u00f3gica b\u00e1sica de producci\u00f3n de mercanc\u00edas: inversi\u00f3n en capital constante y variable para generar plusval\u00eda.<\/p>\n<p>Muchas empresas coreanas ya firmaron tratados de inversi\u00f3n para las ZEE en El Salvador. Lamentablemente es el FMLN quien impulsa estas bases para beneficios de la derecha reaccionaria del pa\u00eds, que torturo y asesino a miles de compa\u00f1eros durante el conflicto armado, compa\u00f1eros que construyeron al FMLN y ahora lo ven sucumbir de manera vergonzosa frente al capital.<\/p>\n<h3><span style=\"color: #800000;\"><strong>\u00bfA qui\u00e9nes benefician las ZEE?<\/strong><\/span><\/h3>\n<p>Luz Estrella explica que, dentro de estas zonas, el gobierno aparentemente y mediante leyes escritas, tendr\u00e1 soberan\u00eda por sobre las leyes internas que las rijan. No obstante, esto es lo que sucede con las Zonas Francas y en la practica el gobierno no puede hacer nada ante las pol\u00edticas mezquinas de los capitalistas en estos para\u00edsos fiscales, como lo dejo claro el caso de la empresa coreana que se retir\u00f3 de la zona franca de San Marcos, recientemente, dejando sin empleo a m\u00e1s de 1000 obreras y obreros textiles.<\/p>\n<p>Detallando la propuesta, Estrella dice: \u201cVamos a tener cero pagos de impuestos, cero pagos de tasas de municipales, por todo el tiempo que tenga la inversi\u00f3n dentro del territorio nacional. Pr\u00e1cticamente les estamos dando una oportunidad y decirles \u2018vengan e inviertan, gen\u00e9renos empleos\u2019\u201d, manifest\u00f3 Rodr\u00edguez (!)\u201d<a name=\"_ftnref3\"><\/a><a href=\"#_ftn3\">[3]<\/a>.<\/p>\n<p>Mientras el vicepresidente Ortiz justifica sin argumento s\u00f3lido que no se busca privatizar el territorio de la zona suroriental del pa\u00eds, a las que est\u00e1n enfocadas las ZEE. Contradicciones de este tipo, le hacen cuestionarse a uno \u00bfA qui\u00e9n benefician las ZEE? \u00bfA los trabajadores o al Estado? Para nada, lo que tendremos es m\u00e1s explotaci\u00f3n laboral y menos ingresos estatales para inversi\u00f3n p\u00fablica y social. Las ZEE beneficiaran solo a los grandes empresarios que inviertan en este cielo fiscal que el FMLN hoy les cede en bandeja de plata.<\/p>\n<h3><span style=\"color: #800000;\"><strong>Luchemos en contra de estas medidas capitalistas<\/strong><\/span><\/h3>\n<p>Recalcamos que es lamentable que el FMLN ante su incapacidad pol\u00edtica de solventar las necesidades de las masas y ante el descredito por su oportunismo y conciliaci\u00f3n de clases, tuvo que recurrir a apoyar, incluso, y m\u00e1s terrible, a proponer pol\u00edticas reaccionarias como la creaci\u00f3n de las ZEE.<\/p>\n<p>Consideramos que un partido, que en sus estatutos se declara \u201crevolucionario y socialista\u201d impulsando medidas de este tipo, debe ser combatido por los sectores honestos del proletariado salvadore\u00f1o organizado, desenmascarar su pol\u00edtica mezquina y organizarse para defender nuestros recursos y nuestra mano de obra en contra de los ataques del capitalismo.<\/p>\n<p>Las masas trabajadoras de El Salvador necesitan empleo digno, con salarios dignos, con seguridad laboral y previsional, con acceso a servicios p\u00fablicos administrados desde el Estado. Pero toda pol\u00edtica que busque \u201cgenerar empleo y mejores condiciones\u201d a costa del sudor de las frentes y la fuerza de las espaldas de los trabajadores, es una pol\u00edtica de derecha y reaccionaria.<\/p>\n<p>Los trabajadores deben cuestionarse el apoyo hacia, el que parece ser el \u00faltimo gobierno del FMLN, deben afinar su organizaci\u00f3n y movilizarse en contra de dichas pol\u00edticas, presentando un programa independiente en t\u00e9rminos de clase, que se proponga medidas radicales para transformaci\u00f3n sobre verdaderas v\u00edas socialistas de la sociedad salvadore\u00f1a.<\/p>\n<p>Desde el BPJ, expresamos nuestro total rechazo a las ZEE y exhortamos a todos los revolucionarios y trabajadores consecuentes a luchar por impuestos progresivos a los grandes empresarios, desconocer la tremenda deuda p\u00fablica, nacionalizaci\u00f3n de los servicios estatales privatizados, entre otras medidas, que permitir\u00edan poseer m\u00e1s inversi\u00f3n estatal a lo social con fondos propios, sin m\u00e1s deuda p\u00fablica y en beneficio de la mayor\u00eda de la poblaci\u00f3n. Para ello, es necesario echar a la burgues\u00eda y sus lacayos de \u201cizquierda\u201d del gobierno de nuestro pa\u00eds, y construir un gobierno de los trabajadores y para los trabajadores.<\/p>\n<h3 style=\"text-align: center;\"><span style=\"color: #800000;\"><strong>\u00a1No a las ZEE!\u00a0<\/strong><\/span><\/h3>\n<h3 style=\"text-align: center;\"><span style=\"color: #800000;\"><strong>\u00a1Por una coordinacion nacional, social, sindical y estudiantil contra el capitalismo!<\/strong><\/span><\/h3>\n<p>&nbsp;<\/p>\n<p><a name=\"_ftn1\"><\/a><a href=\"#_ftnref1\">[1]<\/a> Ver: http:\/\/www.eldiariodehoy.com\/negocios\/86360\/como-funcionan-las-zonas-economicas-especiales\/<\/p>\n<p><a name=\"_ftn2\"><\/a><a href=\"#_ftnref2\">[2]<\/a> Ver: http:\/\/www.eldiariodehoy.com\/negocios\/86360\/como-funcionan-las-zonas-economicas-especiales\/<\/p>\n<p><a name=\"_ftn3\"><\/a><a href=\"#_ftnref3\">[3]<\/a> Ver: http:\/\/elmundo.sv\/zona-economica-especial-sera-libre-de-impuestos\/<\/p>\n","protected":false},"excerpt":{"rendered":"<p>La pol\u00edtica tambaleante de la izquierda al intentar reformar el capitalismo en tiempos de crisis, le ha pasado una factura incalculable. Despu\u00e9s del declive electoral del 4 de marzo, el gobierno de la \u201cprofundizaci\u00f3n de los cambios\u201d de Ceren no ha hecho m\u00e1s que acoplarse de manera descarada a la administraci\u00f3n de la crisis estatal,&#8230;<\/p>\n","protected":false},"author":1,"featured_media":3630,"comment_status":"open","ping_status":"open","sticky":false,"template":"","format":"standard","meta":{"_monsterinsights_skip_tracking":false,"_monsterinsights_sitenote_active":false,"_monsterinsights_sitenote_note":"","_monsterinsights_sitenote_category":0,"_uf_show_specific_survey":0,"_uf_disable_surveys":false,"_jetpack_memberships_contains_paid_content":false,"footnotes":""},"categories":[4,2,3],"tags":[309,310],"class_list":["post-3629","post","type-post","status-publish","format-standard","has-post-thumbnail","hentry","category-economia","category-nacional","category-politica","tag-zee","tag-zonas-economicas-especiales"],"aioseo_notices":[],"yoast_head":"<!-- This site is optimized with the Yoast SEO plugin v25.6 - https:\/\/yoast.com\/wordpress\/plugins\/seo\/ -->\n<title>Las Zonas Econ\u00f3micas Especiales: una propuesta capitalista del FMLN<\/title>\n<meta name=\"robots\" content=\"index, follow, max-snippet:-1, max-image-preview:large, max-video-preview:-1\" \/>\n<link rel=\"canonical\" href=\"https:\/\/elcomunista.org\/?p=3629\" \/>\n<meta property=\"og:locale\" content=\"es_ES\" \/>\n<meta property=\"og:type\" content=\"article\" \/>\n<meta property=\"og:title\" content=\"Las Zonas Econ\u00f3micas Especiales: una propuesta capitalista del FMLN\" \/>\n<meta property=\"og:description\" content=\"La pol\u00edtica tambaleante de la izquierda al intentar reformar el capitalismo en tiempos de crisis, le ha pasado una factura incalculable. Despu\u00e9s del declive electoral del 4 de marzo, el gobierno de la \u201cprofundizaci\u00f3n de los cambios\u201d de Ceren no ha hecho m\u00e1s que acoplarse de manera descarada a la administraci\u00f3n de la crisis estatal,...\" \/>\n<meta property=\"og:url\" content=\"https:\/\/elcomunista.org\/?p=3629\" \/>\n<meta property=\"og:site_name\" content=\"Revoluci\u00f3n Comunista\" \/>\n<meta property=\"article:publisher\" content=\"https:\/\/www.facebook.com\/Bloquepopularjuvenil\" \/>\n<meta property=\"article:published_time\" content=\"2018-07-10T03:19:55+00:00\" \/>\n<meta property=\"article:modified_time\" content=\"2018-07-11T01:55:24+00:00\" \/>\n<meta property=\"og:image\" content=\"https:\/\/elcomunista.org\/wp-content\/uploads\/2018\/07\/Zona-economica-Oriente.jpg\" \/>\n\t<meta property=\"og:image:width\" content=\"627\" \/>\n\t<meta property=\"og:image:height\" content=\"360\" \/>\n\t<meta property=\"og:image:type\" content=\"image\/jpeg\" \/>\n<meta name=\"author\" content=\"Bloque Popular Juvenil\" \/>\n<meta name=\"twitter:card\" content=\"summary_large_image\" \/>\n<meta name=\"twitter:creator\" content=\"@ElBPJ\" \/>\n<meta name=\"twitter:site\" content=\"@ElBPJ\" \/>\n<meta name=\"twitter:label1\" content=\"Escrito por\" \/>\n\t<meta name=\"twitter:data1\" content=\"Bloque Popular Juvenil\" \/>\n\t<meta name=\"twitter:label2\" content=\"Tiempo de lectura\" \/>\n\t<meta name=\"twitter:data2\" content=\"7 minutos\" \/>\n<script type=\"application\/ld+json\" class=\"yoast-schema-graph\">{\"@context\":\"https:\/\/schema.org\",\"@graph\":[{\"@type\":\"Article\",\"@id\":\"https:\/\/elcomunista.org\/?p=3629#article\",\"isPartOf\":{\"@id\":\"https:\/\/elcomunista.org\/?p=3629\"},\"author\":{\"name\":\"Bloque Popular Juvenil\",\"@id\":\"https:\/\/elcomunista.org\/#\/schema\/person\/d55d5350d790a4464cbc0e898065567d\"},\"headline\":\"Las Zonas Econ\u00f3micas Especiales: una propuesta capitalista del FMLN\",\"datePublished\":\"2018-07-10T03:19:55+00:00\",\"dateModified\":\"2018-07-11T01:55:24+00:00\",\"mainEntityOfPage\":{\"@id\":\"https:\/\/elcomunista.org\/?p=3629\"},\"wordCount\":1496,\"commentCount\":0,\"publisher\":{\"@id\":\"https:\/\/elcomunista.org\/#organization\"},\"image\":{\"@id\":\"https:\/\/elcomunista.org\/?p=3629#primaryimage\"},\"thumbnailUrl\":\"https:\/\/elcomunista.org\/wp-content\/uploads\/2018\/07\/Zona-economica-Oriente.jpg\",\"keywords\":[\"ZEE\",\"zonas econ\u00f3micas especiales\"],\"articleSection\":[\"Econom\u00eda\",\"Nacional\",\"Pol\u00edtica\"],\"inLanguage\":\"es\",\"potentialAction\":[{\"@type\":\"CommentAction\",\"name\":\"Comment\",\"target\":[\"https:\/\/elcomunista.org\/?p=3629#respond\"]}]},{\"@type\":\"WebPage\",\"@id\":\"https:\/\/elcomunista.org\/?p=3629\",\"url\":\"https:\/\/elcomunista.org\/?p=3629\",\"name\":\"Las Zonas Econ\u00f3micas Especiales: una propuesta capitalista del FMLN\",\"isPartOf\":{\"@id\":\"https:\/\/elcomunista.org\/#website\"},\"primaryImageOfPage\":{\"@id\":\"https:\/\/elcomunista.org\/?p=3629#primaryimage\"},\"image\":{\"@id\":\"https:\/\/elcomunista.org\/?p=3629#primaryimage\"},\"thumbnailUrl\":\"https:\/\/elcomunista.org\/wp-content\/uploads\/2018\/07\/Zona-economica-Oriente.jpg\",\"datePublished\":\"2018-07-10T03:19:55+00:00\",\"dateModified\":\"2018-07-11T01:55:24+00:00\",\"breadcrumb\":{\"@id\":\"https:\/\/elcomunista.org\/?p=3629#breadcrumb\"},\"inLanguage\":\"es\",\"potentialAction\":[{\"@type\":\"ReadAction\",\"target\":[\"https:\/\/elcomunista.org\/?p=3629\"]}]},{\"@type\":\"ImageObject\",\"inLanguage\":\"es\",\"@id\":\"https:\/\/elcomunista.org\/?p=3629#primaryimage\",\"url\":\"https:\/\/elcomunista.org\/wp-content\/uploads\/2018\/07\/Zona-economica-Oriente.jpg\",\"contentUrl\":\"https:\/\/elcomunista.org\/wp-content\/uploads\/2018\/07\/Zona-economica-Oriente.jpg\",\"width\":627,\"height\":360},{\"@type\":\"BreadcrumbList\",\"@id\":\"https:\/\/elcomunista.org\/?p=3629#breadcrumb\",\"itemListElement\":[{\"@type\":\"ListItem\",\"position\":1,\"name\":\"Portada\",\"item\":\"https:\/\/elcomunista.org\/\"},{\"@type\":\"ListItem\",\"position\":2,\"name\":\"Las Zonas Econ\u00f3micas Especiales: una propuesta capitalista del FMLN\"}]},{\"@type\":\"WebSite\",\"@id\":\"https:\/\/elcomunista.org\/#website\",\"url\":\"https:\/\/elcomunista.org\/\",\"name\":\"Revoluci\u00f3n Comunista\",\"description\":\"Internacional Comunista Revolucionaria\",\"publisher\":{\"@id\":\"https:\/\/elcomunista.org\/#organization\"},\"potentialAction\":[{\"@type\":\"SearchAction\",\"target\":{\"@type\":\"EntryPoint\",\"urlTemplate\":\"https:\/\/elcomunista.org\/?s={search_term_string}\"},\"query-input\":{\"@type\":\"PropertyValueSpecification\",\"valueRequired\":true,\"valueName\":\"search_term_string\"}}],\"inLanguage\":\"es\"},{\"@type\":\"Organization\",\"@id\":\"https:\/\/elcomunista.org\/#organization\",\"name\":\"Bloque Popular Juvenil\",\"url\":\"https:\/\/elcomunista.org\/\",\"logo\":{\"@type\":\"ImageObject\",\"inLanguage\":\"es\",\"@id\":\"https:\/\/elcomunista.org\/#\/schema\/logo\/image\/\",\"url\":\"https:\/\/bloquepopularjuvenil.org\/wp-content\/uploads\/2018\/11\/bpj-militante.jpg\",\"contentUrl\":\"https:\/\/bloquepopularjuvenil.org\/wp-content\/uploads\/2018\/11\/bpj-militante.jpg\",\"width\":4000,\"height\":1390,\"caption\":\"Bloque Popular Juvenil\"},\"image\":{\"@id\":\"https:\/\/elcomunista.org\/#\/schema\/logo\/image\/\"},\"sameAs\":[\"https:\/\/www.facebook.com\/Bloquepopularjuvenil\",\"https:\/\/x.com\/ElBPJ\",\"https:\/\/www.instagram.com\/elbloque_bpj\/?hl=es-la\"]},{\"@type\":\"Person\",\"@id\":\"https:\/\/elcomunista.org\/#\/schema\/person\/d55d5350d790a4464cbc0e898065567d\",\"name\":\"Bloque Popular Juvenil\",\"image\":{\"@type\":\"ImageObject\",\"inLanguage\":\"es\",\"@id\":\"https:\/\/elcomunista.org\/#\/schema\/person\/image\/\",\"url\":\"https:\/\/secure.gravatar.com\/avatar\/85d12dca789bb6379dc38a198e1576cd?s=96&d=mm&r=g\",\"contentUrl\":\"https:\/\/secure.gravatar.com\/avatar\/85d12dca789bb6379dc38a198e1576cd?s=96&d=mm&r=g\",\"caption\":\"Bloque Popular Juvenil\"},\"url\":\"https:\/\/elcomunista.org\/?author=1\"}]}<\/script>\n<!-- \/ Yoast SEO plugin. -->","yoast_head_json":{"title":"Las Zonas Econ\u00f3micas Especiales: una propuesta capitalista del FMLN","robots":{"index":"index","follow":"follow","max-snippet":"max-snippet:-1","max-image-preview":"max-image-preview:large","max-video-preview":"max-video-preview:-1"},"canonical":"https:\/\/elcomunista.org\/?p=3629","og_locale":"es_ES","og_type":"article","og_title":"Las Zonas Econ\u00f3micas Especiales: una propuesta capitalista del FMLN","og_description":"La pol\u00edtica tambaleante de la izquierda al intentar reformar el capitalismo en tiempos de crisis, le ha pasado una factura incalculable. Despu\u00e9s del declive electoral del 4 de marzo, el gobierno de la \u201cprofundizaci\u00f3n de los cambios\u201d de Ceren no ha hecho m\u00e1s que acoplarse de manera descarada a la administraci\u00f3n de la crisis estatal,...","og_url":"https:\/\/elcomunista.org\/?p=3629","og_site_name":"Revoluci\u00f3n Comunista","article_publisher":"https:\/\/www.facebook.com\/Bloquepopularjuvenil","article_published_time":"2018-07-10T03:19:55+00:00","article_modified_time":"2018-07-11T01:55:24+00:00","og_image":[{"width":627,"height":360,"url":"https:\/\/elcomunista.org\/wp-content\/uploads\/2018\/07\/Zona-economica-Oriente.jpg","type":"image\/jpeg"}],"author":"Bloque Popular Juvenil","twitter_card":"summary_large_image","twitter_creator":"@ElBPJ","twitter_site":"@ElBPJ","twitter_misc":{"Escrito por":"Bloque Popular Juvenil","Tiempo de lectura":"7 minutos"},"schema":{"@context":"https:\/\/schema.org","@graph":[{"@type":"Article","@id":"https:\/\/elcomunista.org\/?p=3629#article","isPartOf":{"@id":"https:\/\/elcomunista.org\/?p=3629"},"author":{"name":"Bloque Popular Juvenil","@id":"https:\/\/elcomunista.org\/#\/schema\/person\/d55d5350d790a4464cbc0e898065567d"},"headline":"Las Zonas Econ\u00f3micas Especiales: una propuesta capitalista del FMLN","datePublished":"2018-07-10T03:19:55+00:00","dateModified":"2018-07-11T01:55:24+00:00","mainEntityOfPage":{"@id":"https:\/\/elcomunista.org\/?p=3629"},"wordCount":1496,"commentCount":0,"publisher":{"@id":"https:\/\/elcomunista.org\/#organization"},"image":{"@id":"https:\/\/elcomunista.org\/?p=3629#primaryimage"},"thumbnailUrl":"https:\/\/elcomunista.org\/wp-content\/uploads\/2018\/07\/Zona-economica-Oriente.jpg","keywords":["ZEE","zonas econ\u00f3micas especiales"],"articleSection":["Econom\u00eda","Nacional","Pol\u00edtica"],"inLanguage":"es","potentialAction":[{"@type":"CommentAction","name":"Comment","target":["https:\/\/elcomunista.org\/?p=3629#respond"]}]},{"@type":"WebPage","@id":"https:\/\/elcomunista.org\/?p=3629","url":"https:\/\/elcomunista.org\/?p=3629","name":"Las Zonas Econ\u00f3micas Especiales: una propuesta capitalista del FMLN","isPartOf":{"@id":"https:\/\/elcomunista.org\/#website"},"primaryImageOfPage":{"@id":"https:\/\/elcomunista.org\/?p=3629#primaryimage"},"image":{"@id":"https:\/\/elcomunista.org\/?p=3629#primaryimage"},"thumbnailUrl":"https:\/\/elcomunista.org\/wp-content\/uploads\/2018\/07\/Zona-economica-Oriente.jpg","datePublished":"2018-07-10T03:19:55+00:00","dateModified":"2018-07-11T01:55:24+00:00","breadcrumb":{"@id":"https:\/\/elcomunista.org\/?p=3629#breadcrumb"},"inLanguage":"es","potentialAction":[{"@type":"ReadAction","target":["https:\/\/elcomunista.org\/?p=3629"]}]},{"@type":"ImageObject","inLanguage":"es","@id":"https:\/\/elcomunista.org\/?p=3629#primaryimage","url":"https:\/\/elcomunista.org\/wp-content\/uploads\/2018\/07\/Zona-economica-Oriente.jpg","contentUrl":"https:\/\/elcomunista.org\/wp-content\/uploads\/2018\/07\/Zona-economica-Oriente.jpg","width":627,"height":360},{"@type":"BreadcrumbList","@id":"https:\/\/elcomunista.org\/?p=3629#breadcrumb","itemListElement":[{"@type":"ListItem","position":1,"name":"Portada","item":"https:\/\/elcomunista.org\/"},{"@type":"ListItem","position":2,"name":"Las Zonas Econ\u00f3micas Especiales: una propuesta capitalista del FMLN"}]},{"@type":"WebSite","@id":"https:\/\/elcomunista.org\/#website","url":"https:\/\/elcomunista.org\/","name":"Revoluci\u00f3n Comunista","description":"Internacional Comunista Revolucionaria","publisher":{"@id":"https:\/\/elcomunista.org\/#organization"},"potentialAction":[{"@type":"SearchAction","target":{"@type":"EntryPoint","urlTemplate":"https:\/\/elcomunista.org\/?s={search_term_string}"},"query-input":{"@type":"PropertyValueSpecification","valueRequired":true,"valueName":"search_term_string"}}],"inLanguage":"es"},{"@type":"Organization","@id":"https:\/\/elcomunista.org\/#organization","name":"Bloque Popular Juvenil","url":"https:\/\/elcomunista.org\/","logo":{"@type":"ImageObject","inLanguage":"es","@id":"https:\/\/elcomunista.org\/#\/schema\/logo\/image\/","url":"https:\/\/bloquepopularjuvenil.org\/wp-content\/uploads\/2018\/11\/bpj-militante.jpg","contentUrl":"https:\/\/bloquepopularjuvenil.org\/wp-content\/uploads\/2018\/11\/bpj-militante.jpg","width":4000,"height":1390,"caption":"Bloque Popular Juvenil"},"image":{"@id":"https:\/\/elcomunista.org\/#\/schema\/logo\/image\/"},"sameAs":["https:\/\/www.facebook.com\/Bloquepopularjuvenil","https:\/\/x.com\/ElBPJ","https:\/\/www.instagram.com\/elbloque_bpj\/?hl=es-la"]},{"@type":"Person","@id":"https:\/\/elcomunista.org\/#\/schema\/person\/d55d5350d790a4464cbc0e898065567d","name":"Bloque Popular Juvenil","image":{"@type":"ImageObject","inLanguage":"es","@id":"https:\/\/elcomunista.org\/#\/schema\/person\/image\/","url":"https:\/\/secure.gravatar.com\/avatar\/85d12dca789bb6379dc38a198e1576cd?s=96&d=mm&r=g","contentUrl":"https:\/\/secure.gravatar.com\/avatar\/85d12dca789bb6379dc38a198e1576cd?s=96&d=mm&r=g","caption":"Bloque Popular Juvenil"},"url":"https:\/\/elcomunista.org\/?author=1"}]}},"jetpack_featured_media_url":"https:\/\/elcomunista.org\/wp-content\/uploads\/2018\/07\/Zona-economica-Oriente.jpg","jetpack_likes_enabled":true,"jetpack_sharing_enabled":true,"_links":{"self":[{"href":"https:\/\/elcomunista.org\/index.php?rest_route=\/wp\/v2\/posts\/3629"}],"collection":[{"href":"https:\/\/elcomunista.org\/index.php?rest_route=\/wp\/v2\/posts"}],"about":[{"href":"https:\/\/elcomunista.org\/index.php?rest_route=\/wp\/v2\/types\/post"}],"author":[{"embeddable":true,"href":"https:\/\/elcomunista.org\/index.php?rest_route=\/wp\/v2\/users\/1"}],"replies":[{"embeddable":true,"href":"https:\/\/elcomunista.org\/index.php?rest_route=%2Fwp%2Fv2%2Fcomments&post=3629"}],"version-history":[{"count":0,"href":"https:\/\/elcomunista.org\/index.php?rest_route=\/wp\/v2\/posts\/3629\/revisions"}],"wp:featuredmedia":[{"embeddable":true,"href":"https:\/\/elcomunista.org\/index.php?rest_route=\/wp\/v2\/media\/3630"}],"wp:attachment":[{"href":"https:\/\/elcomunista.org\/index.php?rest_route=%2Fwp%2Fv2%2Fmedia&parent=3629"}],"wp:term":[{"taxonomy":"category","embeddable":true,"href":"https:\/\/elcomunista.org\/index.php?rest_route=%2Fwp%2Fv2%2Fcategories&post=3629"},{"taxonomy":"post_tag","embeddable":true,"href":"https:\/\/elcomunista.org\/index.php?rest_route=%2Fwp%2Fv2%2Ftags&post=3629"}],"curies":[{"name":"wp","href":"https:\/\/api.w.org\/{rel}","templated":true}]}}