{"id":3636,"date":"2018-07-10T15:57:09","date_gmt":"2018-07-10T21:57:09","guid":{"rendered":"http:\/\/bloquepopularjuvenil.org\/?p=3636"},"modified":"2018-07-10T15:59:13","modified_gmt":"2018-07-10T21:59:13","slug":"candidato-hugo-martinez-inclusion-y-apertura-al-socialismo-o-agudizacion-del-reformismo","status":"publish","type":"post","link":"https:\/\/elcomunista.org\/?p=3636","title":{"rendered":"Candidato Hugo Mart\u00ednez: \u00bfInclusi\u00f3n y apertura al socialismo o agudizaci\u00f3n del reformismo?"},"content":{"rendered":"<p>Hugo Roger Mart\u00ednez Bonilla fue elegido a finales de mayo como el candidato para disputar las elecciones del 2019\u00a0 e intentar obtener un tercer periodo para el Frente Farabundo Mart\u00ed para la Liberaci\u00f3n Nacional, gan\u00e1ndole por una cantidad considerable de votos en las internas a su contrincante\u00a0 Manuel Orlando Quinteros Aguilar mejor conocido como Gerson Mart\u00ednez, donde particip\u00f3 solo el 70 % de la militancia inscrita en los padrones y donde la votaci\u00f3n general no sobrepas\u00f3 los 28,000 pero fue considerada por la dirigencia como una tremenda victoria para el partido.<\/p>\n<p>Hugo Mart\u00ednez fue la apuesta para evitar una frustraci\u00f3n mayor en las filas del partido de izquierda ante la estrepitosa derrota del 4M que sorprendi\u00f3 a toda la dirigencia menos al pueblo trabajador que la hab\u00eda vaticinado desde mucho antes. Cuando la separaci\u00f3n del pensar y sentir de las bases, simpatizantes y trabajadores en general por parte de la direcci\u00f3n de los partidos llamados revolucionarios adquiere dimensiones exorbitantes, se rompe el v\u00ednculo y el andamio para la consecuci\u00f3n de forma permanente de toda conquista que haga avanzar al pueblo en l\u00edneas socialistas.<\/p>\n<p>La candidatura de Gerson por el otro lado representaba la continuidad de la dominaci\u00f3n completa de todo el aparato del partido por parte de la camarilla de dirigentes en torno a Medardo Gonz\u00e1les, Lorena Pe\u00f1a, y muchos otros que no se atrev\u00edan a proyectar su poder\u00edo de manera abierta ante los seguidores del FMLN. El apoyo abierto a Gerson por parte de Pe\u00f1a al presentarlo como el \u201ccandidato de las bases\u201d, caus\u00f3 resquemor y la reacci\u00f3n de los afiliados quienes correctamente vieron a Gerson como el apadrinado de la llamada \u201cc\u00fapula efemelenista\u201d. Pero en esta c\u00fapula no est\u00e1n todos los que son, ni son todos los que est\u00e1n, tras el tel\u00f3n se mueven de arriba abajo y de un lado hacia el otro, intereses mezquinos de otrora combatientes armados del pueblo por cuotas de poder y bienestar material individual, como el mismo Oscar Ortiz.<\/p>\n<h3><span style=\"color: #800000;\"><strong>\u00bfQu\u00e9 representa Hugo Mart\u00ednez?<\/strong><\/span><strong>\u00a0<\/strong><\/h3>\n<p>El gane de HM ha despertado la ambici\u00f3n y expectativa de los que se codeaban por estar al frente de la direcci\u00f3n del FMLN y que demandaban desde hace rato un protagonismo mayor y la concentraci\u00f3n del poder de decisi\u00f3n para seg\u00fan ellos, dirigir el proceso de cambios por no decir revolucionario. Las bases se inclinaron por Hugo, creyendo que se romp\u00eda de esta manera con los m\u00e9todos de imposici\u00f3n de candidatos y de la falta de la democracia interna que representa los dirigentes estalinizados que deambulan en las estructuras de mando del aparato. Muy al contrario, esto no representa un giro a los m\u00e9todos sanos que todo partido socialista deber\u00eda aplicar, como son los congresos continuos, asambleas, el debate amplio de sus afiliados sobre temas de inter\u00e9s general, elecci\u00f3n democr\u00e1tica de delegados, libertad de propuestas y de iniciativa revolucionaria de sus bases y simpatizantes. Todo este proceso representa nada m\u00e1s la apertura de una v\u00e1lvula de presi\u00f3n antes que les estallara en sus narices.<\/p>\n<p>La afinidad con el discurso de la burgues\u00eda de este pa\u00eds por parte de HM, no deja de inquietar a cualquiera que se digne en llamarse socialista. Para los que aman el discurso de la conciliaci\u00f3n de clases, este candidato es el m\u00e1s indicado para que converjan intereses y filosof\u00edas distintas que, aunque nieguen su relevancia en la sociedad actual, son las que dictan hacia d\u00f3nde deben dirigirse sus gobernantes, as\u00ed tenemos que HM es el m\u00e1s indicado para que se de una apertura a las amplias alianzas, a la suma de esfuerzos para la cohabitaci\u00f3n gubernamental con los \u201csectores progresistas del pa\u00eds\u201d. Pero dejemos que HM hable por s\u00ed solo y nos muestre algunas de sus intenciones y propuestas que ejecutar\u00eda una vez fuese electo como presidente:<\/p>\n<blockquote><p>\u201cLa poblaci\u00f3n nos dijo: necesitamos partidos m\u00e1s democr\u00e1ticos, m\u00e1s abiertos, m\u00e1s participativos, pero sobre todo que nos resuelvan nuestros problemas\u2026 Por eso convocaba a todos los militantes -obreros, campesinos, empresarios, veteranos, militantes hist\u00f3ricos, j\u00f3venes, mujeres- para que participen de este proceso que es un proceso que no solamente debe devolverle la esperanza al FMLN, sino tambi\u00e9n al pa\u00eds\u201d.<\/p>\n<p>\u201cHemos tenido empresarios muy coincidentes con la visi\u00f3n del FMLN y miembros del FMLN muy coincidentes con la visi\u00f3n de empresarios\u201d.<\/p>\n<p>\u201cLo que ha ocurrido es que a veces se ha querido poner estas ant\u00edpodas: \u2018si es empresario es anti-FMLN y si es FMLN es anti-empresario\u2019. Esas ant\u00edpodas son las que tenemos que ir resolviendo a trav\u00e9s del di\u00e1logo. Muchas veces no vamos a estar de acuerdo, pero vamos a desmontar esas grandes barreras<a href=\"#_ftn1\" name=\"_ftnref1\">[1]<\/a>\u201d.<\/p><\/blockquote>\n<p>No hace falta ser un erudito de la lucha de clases para asegurar que HM tender\u00e1 una mano muy amiga al gran empresariado de este pa\u00eds para que puedan seguir ejecutando sus grandes proyectos y llenando sus bolsillos por medio de la explotaci\u00f3n m\u00e1s amplia de los trabajadores, de los recursos naturales y la evasi\u00f3n y elusi\u00f3n de impuestos. Mientras que al resto de la sociedad y los simpatizantes los escuchar\u00e1 atentamente, aunque menciona luego que habr\u00e1 que resolverle sus problemas, pero no nos da una peque\u00f1a muestra de c\u00f3mo lo har\u00e1.<\/p>\n<h3><span style=\"color: #800000;\"><strong>Poder a las bases <\/strong><\/span><strong>\u00a0<\/strong><\/h3>\n<p>El reformismo es toda estrategia o acci\u00f3n que procura transformar uno u otro aspecto del orden social imperante, o de ese orden en su totalidad, sin destruir o revolucionar sus fundamentos, ni atentar con las relaciones de poder existentes. De Funes a Salvador S. Cer\u00e9n, este ha sido el sendero marcado para la transformaci\u00f3n de la sociedad, el cambio lento y gradual cal\u00f3 hondo en la consciencia de los dirigentes de casi todos los partidos de izquierda del mundo, luego del colapso del llamado \u201csocialismo real\u201d de la URSS y el Bloque del Este. En pocas palabras no hay que llevar a cabo la revoluci\u00f3n, hay que perfeccionar el sistema capitalista. Los afiliados del FMLN han comenzado a comprender, que si bien es cierto los cambios deben de profundizarse, estos no podr\u00e1n mantenerse de manera permanente si no es a trav\u00e9s de una revoluci\u00f3n, del rompimiento con el dialogo conciliador y de unidad nacional, de la acci\u00f3n a trav\u00e9s de medidas que atenten verdaderamente contra el orden existente y sus defensores.<\/p>\n<p>Las bases efemelenistas son honestas y con deseos de desatar la batalla directa por la toma del poder de la sociedad, no de las instituciones burguesas del Estado. Saben muy bien que la burgues\u00eda no va a ceder nada por las buenas sino es a trav\u00e9s del sometimiento. La dirigencia del partido olvid\u00f3 c\u00f3mo llevar a cabo medidas revolucionarias desde que se desmarc\u00f3 de la ideolog\u00eda revolucionaria y abraz\u00f3 pensadores de la talla de Heinz Dieterich y su <em>Socialismo del Siglo 21,<\/em> o como Eduard Bernstein y de asistir a conferencias como el Foro de Sao Paulo donde se habla hasta la saciedad de todos los problemas dentro del capitalismo, pero menos de c\u00f3mo llevar a cabo la revoluci\u00f3n. Y as\u00ed mismo han hecho a un lado los cl\u00e1sicos del socialismo cient\u00edfico ya sea por comodidad o por ignorancia.<\/p>\n<p>Hugo Mart\u00ednez irrumpi\u00f3 en la escena por las presidenciales con un discurso de apertura e inclusi\u00f3n de las bases, de superar los errores que ha cometido el partido en su interior, lo cual se considera acertado. Sin embargo, pueda ser que sea demasiado tarde, los niveles de credibilidad de estos dirigentes est\u00e1n por los suelos. Para que se les otorgue un verdadero poder a las bases, no basta con escucharlas, se deben contar con los mecanismos que les permitan incidir en la vida org\u00e1nica del partido y no ejecutar simplemente formalismos como la \u201cratificaci\u00f3n de X candidato\u201d y la formaci\u00f3n de los EPEL. La elecci\u00f3n de sus delegados para que representen los intereses de la clase trabajadora, campesina y clase media comprometida debe ser de manera transparente y con una clara orientaci\u00f3n de clase y revolucionaria.<\/p>\n<p>La trayectoria de HM como la de muchos dirigentes del partido, no ha sido la de un luchador incansable por un cambio radical en la sociedad, en ninguna de sus intervenciones aparece como un f\u00e9rreo enemigo de la desigualdad y la justicia social o con un discurso anticapitalista, sino como el conciliador perfecto de intereses contrapuestos, algo que le viene como anillo al dedo a la clase hegem\u00f3nica del pa\u00eds y de los intereses de los EUA. Esto tiende a desilusionar a la militancia y seguidores que correctamente ven esto no como una profundizaci\u00f3n de los cambios, sino como una continuidad del reformismo. Las opciones para las presidenciales se reducen a dos candidatos considerados de izquierda con discursos muy similares en cuanto al camino a seguir, y por el otro el representante abierto de la burgues\u00eda. Rosa Luxemburgo en <em>Reforma Social o Revoluci\u00f3n<\/em> planteaba hace a\u00f1os la tendencia que siguen los dirigentes socialdem\u00f3cratas en la actualidad:<\/p>\n<blockquote><p>\u201c\u2026quien para transformar la sociedad se decide por el camino de la reforma legal, en lugar y en oposici\u00f3n a la conquista del Poder, no emprende, realmente, un camino m\u00e1s descansado, m\u00e1s seguro, aunque m\u00e1s largo que conduce al mismo fin, sino que, al propio tiempo, elige distinta meta, quiere, en lugar de la creaci\u00f3n de un nuevo orden social, simples cambios no esenciales, en la sociedad ya existente\u201d.<\/p><\/blockquote>\n<p>&nbsp;<\/p>\n<p>&nbsp;<\/p>\n<p><a href=\"#_ftnref1\" name=\"_ftn1\">[1]<\/a> Miranda Cuestas Guillermo (Abril 18\/2018). Canciller Hugo Mart\u00ednez: \u201cEs importante que el FMLN reconozca los errores cometidos\u00bb. San Salvador, ES.: elsalvador.com. Recuperado de https:\/\/www.elsalvador.com\/noticias\/nacional\/472458\/canciller-hugo-martinez-es-momento-que-el-fmln-reciba-el-mensaje-y-reconozca-errores\/<\/p>\n","protected":false},"excerpt":{"rendered":"<p>Hugo Roger Mart\u00ednez Bonilla fue elegido a finales de mayo como el candidato para disputar las elecciones del 2019\u00a0 e intentar obtener un tercer periodo para el Frente Farabundo Mart\u00ed para la Liberaci\u00f3n Nacional, gan\u00e1ndole por una cantidad considerable de votos en las internas a su contrincante\u00a0 Manuel Orlando Quinteros Aguilar mejor conocido como Gerson&#8230;<\/p>\n","protected":false},"author":7,"featured_media":3640,"comment_status":"open","ping_status":"open","sticky":false,"template":"","format":"standard","meta":{"_monsterinsights_skip_tracking":false,"_monsterinsights_sitenote_active":false,"_monsterinsights_sitenote_note":"","_monsterinsights_sitenote_category":0,"_uf_show_specific_survey":0,"_uf_disable_surveys":false,"_jetpack_memberships_contains_paid_content":false,"footnotes":""},"categories":[2,3],"tags":[306,307,308],"class_list":["post-3636","post","type-post","status-publish","format-standard","has-post-thumbnail","hentry","category-nacional","category-politica","tag-candidato-fmln","tag-hugo-martinez","tag-reformismo"],"aioseo_notices":[],"yoast_head":"<!-- This site is optimized with the Yoast SEO plugin v25.6 - https:\/\/yoast.com\/wordpress\/plugins\/seo\/ -->\n<title>Candidato Hugo Mart\u00ednez: \u00bfInclusi\u00f3n y apertura al socialismo o agudizaci\u00f3n del reformismo?<\/title>\n<meta name=\"robots\" content=\"index, follow, max-snippet:-1, max-image-preview:large, max-video-preview:-1\" \/>\n<link rel=\"canonical\" href=\"https:\/\/elcomunista.org\/?p=3636\" \/>\n<meta property=\"og:locale\" content=\"es_ES\" \/>\n<meta property=\"og:type\" content=\"article\" \/>\n<meta property=\"og:title\" content=\"Candidato Hugo Mart\u00ednez: \u00bfInclusi\u00f3n y apertura al socialismo o agudizaci\u00f3n del reformismo?\" \/>\n<meta property=\"og:description\" content=\"Hugo Roger Mart\u00ednez Bonilla fue elegido a finales de mayo como el candidato para disputar las elecciones del 2019\u00a0 e intentar obtener un tercer periodo para el Frente Farabundo Mart\u00ed para la Liberaci\u00f3n Nacional, gan\u00e1ndole por una cantidad considerable de votos en las internas a su contrincante\u00a0 Manuel Orlando Quinteros Aguilar mejor conocido como Gerson...\" \/>\n<meta property=\"og:url\" content=\"https:\/\/elcomunista.org\/?p=3636\" \/>\n<meta property=\"og:site_name\" content=\"Revoluci\u00f3n Comunista\" \/>\n<meta property=\"article:publisher\" content=\"https:\/\/www.facebook.com\/Bloquepopularjuvenil\" \/>\n<meta property=\"article:published_time\" content=\"2018-07-10T21:57:09+00:00\" \/>\n<meta property=\"article:modified_time\" content=\"2018-07-10T21:59:13+00:00\" \/>\n<meta property=\"og:image\" content=\"https:\/\/elcomunista.org\/wp-content\/uploads\/2018\/07\/Hugo-Martinez.jpg\" \/>\n\t<meta property=\"og:image:width\" content=\"900\" \/>\n\t<meta property=\"og:image:height\" content=\"506\" \/>\n\t<meta property=\"og:image:type\" content=\"image\/jpeg\" \/>\n<meta name=\"author\" content=\"Vladimir Elias Montes\" \/>\n<meta name=\"twitter:card\" content=\"summary_large_image\" \/>\n<meta name=\"twitter:creator\" content=\"@ElBPJ\" \/>\n<meta name=\"twitter:site\" content=\"@ElBPJ\" \/>\n<meta name=\"twitter:label1\" content=\"Escrito por\" \/>\n\t<meta name=\"twitter:data1\" content=\"Vladimir Elias Montes\" \/>\n\t<meta name=\"twitter:label2\" content=\"Tiempo de lectura\" \/>\n\t<meta name=\"twitter:data2\" content=\"8 minutos\" \/>\n<script type=\"application\/ld+json\" class=\"yoast-schema-graph\">{\"@context\":\"https:\/\/schema.org\",\"@graph\":[{\"@type\":\"Article\",\"@id\":\"https:\/\/elcomunista.org\/?p=3636#article\",\"isPartOf\":{\"@id\":\"https:\/\/elcomunista.org\/?p=3636\"},\"author\":{\"name\":\"Vladimir Elias Montes\",\"@id\":\"https:\/\/elcomunista.org\/#\/schema\/person\/37eedb2407abe03e91bcaa76137deb73\"},\"headline\":\"Candidato Hugo Mart\u00ednez: \u00bfInclusi\u00f3n y apertura al socialismo o agudizaci\u00f3n del reformismo?\",\"datePublished\":\"2018-07-10T21:57:09+00:00\",\"dateModified\":\"2018-07-10T21:59:13+00:00\",\"mainEntityOfPage\":{\"@id\":\"https:\/\/elcomunista.org\/?p=3636\"},\"wordCount\":1678,\"commentCount\":0,\"publisher\":{\"@id\":\"https:\/\/elcomunista.org\/#organization\"},\"image\":{\"@id\":\"https:\/\/elcomunista.org\/?p=3636#primaryimage\"},\"thumbnailUrl\":\"https:\/\/elcomunista.org\/wp-content\/uploads\/2018\/07\/Hugo-Martinez.jpg\",\"keywords\":[\"candidato FMLN\",\"Hugo Mart\u00ednez\",\"reformismo\"],\"articleSection\":[\"Nacional\",\"Pol\u00edtica\"],\"inLanguage\":\"es\",\"potentialAction\":[{\"@type\":\"CommentAction\",\"name\":\"Comment\",\"target\":[\"https:\/\/elcomunista.org\/?p=3636#respond\"]}]},{\"@type\":\"WebPage\",\"@id\":\"https:\/\/elcomunista.org\/?p=3636\",\"url\":\"https:\/\/elcomunista.org\/?p=3636\",\"name\":\"Candidato Hugo Mart\u00ednez: \u00bfInclusi\u00f3n y apertura al socialismo o agudizaci\u00f3n del reformismo?\",\"isPartOf\":{\"@id\":\"https:\/\/elcomunista.org\/#website\"},\"primaryImageOfPage\":{\"@id\":\"https:\/\/elcomunista.org\/?p=3636#primaryimage\"},\"image\":{\"@id\":\"https:\/\/elcomunista.org\/?p=3636#primaryimage\"},\"thumbnailUrl\":\"https:\/\/elcomunista.org\/wp-content\/uploads\/2018\/07\/Hugo-Martinez.jpg\",\"datePublished\":\"2018-07-10T21:57:09+00:00\",\"dateModified\":\"2018-07-10T21:59:13+00:00\",\"breadcrumb\":{\"@id\":\"https:\/\/elcomunista.org\/?p=3636#breadcrumb\"},\"inLanguage\":\"es\",\"potentialAction\":[{\"@type\":\"ReadAction\",\"target\":[\"https:\/\/elcomunista.org\/?p=3636\"]}]},{\"@type\":\"ImageObject\",\"inLanguage\":\"es\",\"@id\":\"https:\/\/elcomunista.org\/?p=3636#primaryimage\",\"url\":\"https:\/\/elcomunista.org\/wp-content\/uploads\/2018\/07\/Hugo-Martinez.jpg\",\"contentUrl\":\"https:\/\/elcomunista.org\/wp-content\/uploads\/2018\/07\/Hugo-Martinez.jpg\",\"width\":900,\"height\":506,\"caption\":\"Hugo Martinez, Ministro de Relaciones Exteriores de El Salvador. Foto\/ AFP\"},{\"@type\":\"BreadcrumbList\",\"@id\":\"https:\/\/elcomunista.org\/?p=3636#breadcrumb\",\"itemListElement\":[{\"@type\":\"ListItem\",\"position\":1,\"name\":\"Portada\",\"item\":\"https:\/\/elcomunista.org\/\"},{\"@type\":\"ListItem\",\"position\":2,\"name\":\"Candidato Hugo Mart\u00ednez: \u00bfInclusi\u00f3n y apertura al socialismo o agudizaci\u00f3n del reformismo?\"}]},{\"@type\":\"WebSite\",\"@id\":\"https:\/\/elcomunista.org\/#website\",\"url\":\"https:\/\/elcomunista.org\/\",\"name\":\"Revoluci\u00f3n Comunista\",\"description\":\"Internacional Comunista Revolucionaria\",\"publisher\":{\"@id\":\"https:\/\/elcomunista.org\/#organization\"},\"potentialAction\":[{\"@type\":\"SearchAction\",\"target\":{\"@type\":\"EntryPoint\",\"urlTemplate\":\"https:\/\/elcomunista.org\/?s={search_term_string}\"},\"query-input\":{\"@type\":\"PropertyValueSpecification\",\"valueRequired\":true,\"valueName\":\"search_term_string\"}}],\"inLanguage\":\"es\"},{\"@type\":\"Organization\",\"@id\":\"https:\/\/elcomunista.org\/#organization\",\"name\":\"Bloque Popular Juvenil\",\"url\":\"https:\/\/elcomunista.org\/\",\"logo\":{\"@type\":\"ImageObject\",\"inLanguage\":\"es\",\"@id\":\"https:\/\/elcomunista.org\/#\/schema\/logo\/image\/\",\"url\":\"https:\/\/bloquepopularjuvenil.org\/wp-content\/uploads\/2018\/11\/bpj-militante.jpg\",\"contentUrl\":\"https:\/\/bloquepopularjuvenil.org\/wp-content\/uploads\/2018\/11\/bpj-militante.jpg\",\"width\":4000,\"height\":1390,\"caption\":\"Bloque Popular Juvenil\"},\"image\":{\"@id\":\"https:\/\/elcomunista.org\/#\/schema\/logo\/image\/\"},\"sameAs\":[\"https:\/\/www.facebook.com\/Bloquepopularjuvenil\",\"https:\/\/x.com\/ElBPJ\",\"https:\/\/www.instagram.com\/elbloque_bpj\/?hl=es-la\"]},{\"@type\":\"Person\",\"@id\":\"https:\/\/elcomunista.org\/#\/schema\/person\/37eedb2407abe03e91bcaa76137deb73\",\"name\":\"Vladimir Elias Montes\",\"image\":{\"@type\":\"ImageObject\",\"inLanguage\":\"es\",\"@id\":\"https:\/\/elcomunista.org\/#\/schema\/person\/image\/\",\"url\":\"https:\/\/secure.gravatar.com\/avatar\/23883a191abeb98bc236b7642ede2a13?s=96&d=mm&r=g\",\"contentUrl\":\"https:\/\/secure.gravatar.com\/avatar\/23883a191abeb98bc236b7642ede2a13?s=96&d=mm&r=g\",\"caption\":\"Vladimir Elias Montes\"},\"description\":\"Vladimir El\u00edas Montes, Trabajador de la Educaci\u00f3n, Licenciado en Ciencias de la Educaci\u00f3n con especialidad en Idioma Ingl\u00e9s, Militante de la secci\u00f3n salvadore\u00f1a de la CMI.\",\"url\":\"https:\/\/elcomunista.org\/?author=7\"}]}<\/script>\n<!-- \/ Yoast SEO plugin. -->","yoast_head_json":{"title":"Candidato Hugo Mart\u00ednez: \u00bfInclusi\u00f3n y apertura al socialismo o agudizaci\u00f3n del reformismo?","robots":{"index":"index","follow":"follow","max-snippet":"max-snippet:-1","max-image-preview":"max-image-preview:large","max-video-preview":"max-video-preview:-1"},"canonical":"https:\/\/elcomunista.org\/?p=3636","og_locale":"es_ES","og_type":"article","og_title":"Candidato Hugo Mart\u00ednez: \u00bfInclusi\u00f3n y apertura al socialismo o agudizaci\u00f3n del reformismo?","og_description":"Hugo Roger Mart\u00ednez Bonilla fue elegido a finales de mayo como el candidato para disputar las elecciones del 2019\u00a0 e intentar obtener un tercer periodo para el Frente Farabundo Mart\u00ed para la Liberaci\u00f3n Nacional, gan\u00e1ndole por una cantidad considerable de votos en las internas a su contrincante\u00a0 Manuel Orlando Quinteros Aguilar mejor conocido como Gerson...","og_url":"https:\/\/elcomunista.org\/?p=3636","og_site_name":"Revoluci\u00f3n Comunista","article_publisher":"https:\/\/www.facebook.com\/Bloquepopularjuvenil","article_published_time":"2018-07-10T21:57:09+00:00","article_modified_time":"2018-07-10T21:59:13+00:00","og_image":[{"width":900,"height":506,"url":"https:\/\/elcomunista.org\/wp-content\/uploads\/2018\/07\/Hugo-Martinez.jpg","type":"image\/jpeg"}],"author":"Vladimir Elias Montes","twitter_card":"summary_large_image","twitter_creator":"@ElBPJ","twitter_site":"@ElBPJ","twitter_misc":{"Escrito por":"Vladimir Elias Montes","Tiempo de lectura":"8 minutos"},"schema":{"@context":"https:\/\/schema.org","@graph":[{"@type":"Article","@id":"https:\/\/elcomunista.org\/?p=3636#article","isPartOf":{"@id":"https:\/\/elcomunista.org\/?p=3636"},"author":{"name":"Vladimir Elias Montes","@id":"https:\/\/elcomunista.org\/#\/schema\/person\/37eedb2407abe03e91bcaa76137deb73"},"headline":"Candidato Hugo Mart\u00ednez: \u00bfInclusi\u00f3n y apertura al socialismo o agudizaci\u00f3n del reformismo?","datePublished":"2018-07-10T21:57:09+00:00","dateModified":"2018-07-10T21:59:13+00:00","mainEntityOfPage":{"@id":"https:\/\/elcomunista.org\/?p=3636"},"wordCount":1678,"commentCount":0,"publisher":{"@id":"https:\/\/elcomunista.org\/#organization"},"image":{"@id":"https:\/\/elcomunista.org\/?p=3636#primaryimage"},"thumbnailUrl":"https:\/\/elcomunista.org\/wp-content\/uploads\/2018\/07\/Hugo-Martinez.jpg","keywords":["candidato FMLN","Hugo Mart\u00ednez","reformismo"],"articleSection":["Nacional","Pol\u00edtica"],"inLanguage":"es","potentialAction":[{"@type":"CommentAction","name":"Comment","target":["https:\/\/elcomunista.org\/?p=3636#respond"]}]},{"@type":"WebPage","@id":"https:\/\/elcomunista.org\/?p=3636","url":"https:\/\/elcomunista.org\/?p=3636","name":"Candidato Hugo Mart\u00ednez: \u00bfInclusi\u00f3n y apertura al socialismo o agudizaci\u00f3n del reformismo?","isPartOf":{"@id":"https:\/\/elcomunista.org\/#website"},"primaryImageOfPage":{"@id":"https:\/\/elcomunista.org\/?p=3636#primaryimage"},"image":{"@id":"https:\/\/elcomunista.org\/?p=3636#primaryimage"},"thumbnailUrl":"https:\/\/elcomunista.org\/wp-content\/uploads\/2018\/07\/Hugo-Martinez.jpg","datePublished":"2018-07-10T21:57:09+00:00","dateModified":"2018-07-10T21:59:13+00:00","breadcrumb":{"@id":"https:\/\/elcomunista.org\/?p=3636#breadcrumb"},"inLanguage":"es","potentialAction":[{"@type":"ReadAction","target":["https:\/\/elcomunista.org\/?p=3636"]}]},{"@type":"ImageObject","inLanguage":"es","@id":"https:\/\/elcomunista.org\/?p=3636#primaryimage","url":"https:\/\/elcomunista.org\/wp-content\/uploads\/2018\/07\/Hugo-Martinez.jpg","contentUrl":"https:\/\/elcomunista.org\/wp-content\/uploads\/2018\/07\/Hugo-Martinez.jpg","width":900,"height":506,"caption":"Hugo Martinez, Ministro de Relaciones Exteriores de El Salvador. Foto\/ AFP"},{"@type":"BreadcrumbList","@id":"https:\/\/elcomunista.org\/?p=3636#breadcrumb","itemListElement":[{"@type":"ListItem","position":1,"name":"Portada","item":"https:\/\/elcomunista.org\/"},{"@type":"ListItem","position":2,"name":"Candidato Hugo Mart\u00ednez: \u00bfInclusi\u00f3n y apertura al socialismo o agudizaci\u00f3n del reformismo?"}]},{"@type":"WebSite","@id":"https:\/\/elcomunista.org\/#website","url":"https:\/\/elcomunista.org\/","name":"Revoluci\u00f3n Comunista","description":"Internacional Comunista Revolucionaria","publisher":{"@id":"https:\/\/elcomunista.org\/#organization"},"potentialAction":[{"@type":"SearchAction","target":{"@type":"EntryPoint","urlTemplate":"https:\/\/elcomunista.org\/?s={search_term_string}"},"query-input":{"@type":"PropertyValueSpecification","valueRequired":true,"valueName":"search_term_string"}}],"inLanguage":"es"},{"@type":"Organization","@id":"https:\/\/elcomunista.org\/#organization","name":"Bloque Popular Juvenil","url":"https:\/\/elcomunista.org\/","logo":{"@type":"ImageObject","inLanguage":"es","@id":"https:\/\/elcomunista.org\/#\/schema\/logo\/image\/","url":"https:\/\/bloquepopularjuvenil.org\/wp-content\/uploads\/2018\/11\/bpj-militante.jpg","contentUrl":"https:\/\/bloquepopularjuvenil.org\/wp-content\/uploads\/2018\/11\/bpj-militante.jpg","width":4000,"height":1390,"caption":"Bloque Popular Juvenil"},"image":{"@id":"https:\/\/elcomunista.org\/#\/schema\/logo\/image\/"},"sameAs":["https:\/\/www.facebook.com\/Bloquepopularjuvenil","https:\/\/x.com\/ElBPJ","https:\/\/www.instagram.com\/elbloque_bpj\/?hl=es-la"]},{"@type":"Person","@id":"https:\/\/elcomunista.org\/#\/schema\/person\/37eedb2407abe03e91bcaa76137deb73","name":"Vladimir Elias Montes","image":{"@type":"ImageObject","inLanguage":"es","@id":"https:\/\/elcomunista.org\/#\/schema\/person\/image\/","url":"https:\/\/secure.gravatar.com\/avatar\/23883a191abeb98bc236b7642ede2a13?s=96&d=mm&r=g","contentUrl":"https:\/\/secure.gravatar.com\/avatar\/23883a191abeb98bc236b7642ede2a13?s=96&d=mm&r=g","caption":"Vladimir Elias Montes"},"description":"Vladimir El\u00edas Montes, Trabajador de la Educaci\u00f3n, Licenciado en Ciencias de la Educaci\u00f3n con especialidad en Idioma Ingl\u00e9s, Militante de la secci\u00f3n salvadore\u00f1a de la CMI.","url":"https:\/\/elcomunista.org\/?author=7"}]}},"jetpack_featured_media_url":"https:\/\/elcomunista.org\/wp-content\/uploads\/2018\/07\/Hugo-Martinez.jpg","jetpack_likes_enabled":true,"jetpack_sharing_enabled":true,"_links":{"self":[{"href":"https:\/\/elcomunista.org\/index.php?rest_route=\/wp\/v2\/posts\/3636"}],"collection":[{"href":"https:\/\/elcomunista.org\/index.php?rest_route=\/wp\/v2\/posts"}],"about":[{"href":"https:\/\/elcomunista.org\/index.php?rest_route=\/wp\/v2\/types\/post"}],"author":[{"embeddable":true,"href":"https:\/\/elcomunista.org\/index.php?rest_route=\/wp\/v2\/users\/7"}],"replies":[{"embeddable":true,"href":"https:\/\/elcomunista.org\/index.php?rest_route=%2Fwp%2Fv2%2Fcomments&post=3636"}],"version-history":[{"count":0,"href":"https:\/\/elcomunista.org\/index.php?rest_route=\/wp\/v2\/posts\/3636\/revisions"}],"wp:featuredmedia":[{"embeddable":true,"href":"https:\/\/elcomunista.org\/index.php?rest_route=\/wp\/v2\/media\/3640"}],"wp:attachment":[{"href":"https:\/\/elcomunista.org\/index.php?rest_route=%2Fwp%2Fv2%2Fmedia&parent=3636"}],"wp:term":[{"taxonomy":"category","embeddable":true,"href":"https:\/\/elcomunista.org\/index.php?rest_route=%2Fwp%2Fv2%2Fcategories&post=3636"},{"taxonomy":"post_tag","embeddable":true,"href":"https:\/\/elcomunista.org\/index.php?rest_route=%2Fwp%2Fv2%2Ftags&post=3636"}],"curies":[{"name":"wp","href":"https:\/\/api.w.org\/{rel}","templated":true}]}}