{"id":3842,"date":"2018-08-31T13:45:36","date_gmt":"2018-08-31T19:45:36","guid":{"rendered":"http:\/\/bloquepopularjuvenil.org\/?p=3842"},"modified":"2018-08-31T13:45:36","modified_gmt":"2018-08-31T19:45:36","slug":"argentina-insurreccion-universitaria","status":"publish","type":"post","link":"https:\/\/elcomunista.org\/?p=3842","title":{"rendered":"Argentina: insurrecci\u00f3n universitaria"},"content":{"rendered":"<blockquote>\n<p style=\"text-align: right;\"><em>Hombres de una rep\u00fablica libre, acabamos de romper la \u00faltima cadena que en pleno siglo XX nos ataba a la antigua dominaci\u00f3n mon\u00e1rquica y mon\u00e1stica. Hemos resuelto llamar a todas las cosas por el nombre que tienen. C\u00f3rdoba se redime. Desde hoy contamos para el pa\u00eds una verg\u00fcenza menos y una libertad m\u00e1s. Los dolores que nos quedan son las libertades que nos faltan. Creemos no equivocarnos, las resonancias del coraz\u00f3n nos lo advierten: estamos pisando sobre una revoluci\u00f3n, estamos viviendo una hora americana.<\/em><\/p>\n<p style=\"text-align: right;\"><em>La juventud argentina de C\u00f3rdoba a los hombres libres de Sud Am\u00e9rica<\/em><\/p>\n<p style=\"text-align: right;\"><em>Manifiesto de la Federaci\u00f3n Universitaria de C\u00f3rdoba \u2013 1918<\/em><\/p>\n<\/blockquote>\n<p>Estas \u00faltimas semanas han mostrado la profundidad y extensi\u00f3n que posee el conflicto salarial y presupuestario de la universidad p\u00fablica argentina. Se trata incluso de algo m\u00e1s que un conflicto. Hablamos de la existencia de la universidad p\u00fablica como tal, y de la profundizaci\u00f3n de sus supuestos y alcances.<\/p>\n<p>La paritaria docente est\u00e1 en <em>stand by<\/em> desde marzo, durante todo este tiempo el gobierno de Cambiemos ha insistido en una oferta salarial que rond\u00f3 siempre en torno a un 15% dispuesto en cuotas de variable distribuci\u00f3n e insuficiencia sustantiva respecto de garantizar condiciones m\u00ednimas de vida digna para los y las trabajadores\/as universitarios\/as. En el curso de esta semana se ha efectuado una propuesta que incluye magras sumas remunerativas no bonificables, tan inaceptable como la anterior. Esta \u00faltima propuesta fue arrancada a fuerza de movilizaciones, asambleas, tomas de diversas Facultades y Rectorados, y todo tipo de acciones multitudinarias protagonizadas por la comunidad universitaria, acompa\u00f1ada por organizaciones sindicales y sociales entre muchas otras, luego de tres meses de absoluto silencio e indiferencia ante los reclamos gremiales.<\/p>\n<p>Durante el gobierno macrista las universidades nacionales han sufrido reducciones presupuestarias en un contexto inflacionario y devaluatorio, recortes en diversos programas, asignaciones y convenios espec\u00edficos, especialmente en aquellos dirigidos a concretar pol\u00edticas de inclusi\u00f3n.<\/p>\n<div class=\"bs-irp left bs-irp-text-2\">\n<p>Es conocido tambi\u00e9n el ahogo presupuestario dirigido a los organismos de ciencia y t\u00e9cnica, a sus investigadores\/as, proyectos, instituciones y programas de las m\u00e1s diversas tem\u00e1ticas, con especial ensa\u00f1amiento en el \u00e1rea de las ciencias sociales y las humanidades.<\/p>\n<p>Pero los planes exterminadores del gobierno de la alianza UCR-PRO hacia las UUNN ha ido m\u00e1s lejos a\u00fan, pues, montados en las m\u00faltiples brechas abiertas por la Ley de Educaci\u00f3n Superior vigente desde el gobierno de Menem, y no derogada durante los doce a\u00f1os del gobierno kirchnerista, han procurado horadar el modelo de universidad p\u00fablica, gratuita, laica y aut\u00f3noma. Las pol\u00edticas tendientes a privilegiar un modelo virtual de educaci\u00f3n superior, que borra la ciudadan\u00eda universitaria y su potencial pol\u00edtico, para convertir a los\/as estudiantes en clientes, aspirantes a t\u00edtulos basura, propiciando las carreras cortas dirigidas a cubrir las demandas del mercado laboral, manifiestan a las claras un modelo de universidad en el que el inmenso negocio de la educaci\u00f3n parasita las estructuras estatales para ponerlas de rodillas ante los intereses de las empresas y de los mercachifles del rubro educativo.<\/p>\n<p>Este r\u00e1pido resumen muestra que la universidad p\u00fablica argentina est\u00e1 en peligro en lo real, y que las l\u00edneas de fondo de la concepci\u00f3n de universidad que propicia el macrismo apuntan a su ahogo, desfinanciaci\u00f3n, y vaciamiento, para transformarla en su fibra m\u00e1s \u00edntima y convertirla en coto de caza de los poderes f\u00e1cticos, sometida a una l\u00f3gica mercantil y oscurantista.<\/p>\n<p>Ante este panorama, a lo largo y ancho del pa\u00eds se est\u00e1 produciendo una contundente insurrecci\u00f3n universitaria, que, a partir de la lucha docente, tiene como protagonistas clave a los\/as estudiantes, pero tambi\u00e9n a los dem\u00e1s claustros universitarios, los\/as trabajadores de la universidad, llamados administrativos o no docentes, y a multitudes de egresados\/as, comprometidos con la universidad p\u00fablica. Esta lucha supone la discusi\u00f3n paritaria y presupuestaria, pero se extiende a una discusi\u00f3n pol\u00edtica ideol\u00f3gica, que recoge la agenda planteada por los feminismos, y da cuenta de muchas de las asignaturas pendientes de la universidad en su dise\u00f1o actual. Me refiero a la democratizaci\u00f3n del gobierno universitario respecto de la representaci\u00f3n de los claustros en el cogobierno, al significado del sentido social del conocimiento, pero tambi\u00e9n a otros temas de agenda que sustantivizan la idea de inclusi\u00f3n. En tal sentido podemos mencionar a la ampliaci\u00f3n y profundizaci\u00f3n de sistemas de becas, a la existencia de guarder\u00edas infantiles para hijos\/as de estudiantes y trabajadores\/as universitarios, as\u00ed como el mejoramiento de la estructura edilicia y el equipamiento de las casas de estudio, reclamos que ponen en perspectiva los logros que las luchas universitarias han conseguido hasta el presente y dise\u00f1an un programa que ha de preguntarse por sus supuestos, condiciones, y sistemas de alianzas m\u00e1s estructurales.<\/p>\n<p>El marco actual de esta situaci\u00f3n es el aniversario de la Reforma Universitaria de 1918, un amplio y fecundo proceso pol\u00edtico y cultural que tuvo en el centro la democratizaci\u00f3n de la universidad, el combate contra el oscurantismo \u201cmon\u00e1stico\u201d del jesuitismo reinante en los comienzos del siglo XX, as\u00ed como el combate a la reacci\u00f3n social y pol\u00edtica del per\u00edodo. La Reforma se pens\u00f3 como un camino compartido por los pueblos de Latinoam\u00e9rica, y desde sus comienzos uni\u00f3 sus destinos al de las masas trabajadoras que clamaban por justicia y libertad en \u00e9pocas de explotaci\u00f3n, privaci\u00f3n de derechos, racismo. Los problemas de los reformistas fueron tempranamente caracterizados como un asunto revolucionario, pues r\u00e1pidamente advirtieron que la concreci\u00f3n de sus aspiraciones supon\u00eda un cambio de ra\u00edz de las formas pol\u00edticas, sociales y econ\u00f3micas de su tiempo.<\/p>\n<p>Hoy, como ayer, la cuesti\u00f3n universitaria se\u00f1ala sus tareas y sus aliados irrenunciables: dar vuelta un mundo, en palabras de Rosa Luxemburgo, implica desafiar al capitalismo en la etapa pret\u00e9rita y presente, que dispone y garantiza las diversas configuraciones de la dominaci\u00f3n que hacen imposible el programa de una universidad nueva y de una sociedad nueva, es decir, libre e igualitaria.<\/p>\n<p>Que nuestras verg\u00fcenzas sean menos y nuestras libertades m\u00e1s, como proclama el Manifiesto Liminar, depende de la comprensi\u00f3n de esta tarea, y de la necesaria vinculaci\u00f3n pol\u00edtica e ideol\u00f3gica con los y las explotadas por un sistema que niega la posibilidad de la vida y la libertad para las mayor\u00edas de nuestro pa\u00eds, de nuestra Am\u00e9rica, de la humanidad entera.<\/p>\n<\/div>\n","protected":false},"excerpt":{"rendered":"<p>Hombres de una rep\u00fablica libre, acabamos de romper la \u00faltima cadena que en pleno siglo XX nos ataba a la antigua dominaci\u00f3n mon\u00e1rquica y mon\u00e1stica. Hemos resuelto llamar a todas las cosas por el nombre que tienen. C\u00f3rdoba se redime. Desde hoy contamos para el pa\u00eds una verg\u00fcenza menos y una libertad m\u00e1s. Los dolores&#8230;<\/p>\n","protected":false},"author":18,"featured_media":3843,"comment_status":"open","ping_status":"open","sticky":false,"template":"","format":"standard","meta":{"_monsterinsights_skip_tracking":false,"_monsterinsights_sitenote_active":false,"_monsterinsights_sitenote_note":"","_monsterinsights_sitenote_category":0,"_uf_show_specific_survey":0,"_uf_disable_surveys":false,"_jetpack_memberships_contains_paid_content":false,"footnotes":""},"categories":[17,62,3],"tags":[281,359],"class_list":["post-3842","post","type-post","status-publish","format-standard","has-post-thumbnail","hentry","category-argentina","category-juventud-y-educacion","category-politica","tag-argentina","tag-marcha-por-la-educacion"],"aioseo_notices":[],"yoast_head":"<!-- This site is optimized with the Yoast SEO plugin v25.6 - https:\/\/yoast.com\/wordpress\/plugins\/seo\/ -->\n<title>Argentina: insurrecci\u00f3n universitaria<\/title>\n<meta name=\"robots\" content=\"index, follow, max-snippet:-1, max-image-preview:large, max-video-preview:-1\" \/>\n<link rel=\"canonical\" href=\"https:\/\/elcomunista.org\/?p=3842\" \/>\n<meta property=\"og:locale\" content=\"es_ES\" \/>\n<meta property=\"og:type\" content=\"article\" \/>\n<meta property=\"og:title\" content=\"Argentina: insurrecci\u00f3n universitaria\" \/>\n<meta property=\"og:description\" content=\"Hombres de una rep\u00fablica libre, acabamos de romper la \u00faltima cadena que en pleno siglo XX nos ataba a la antigua dominaci\u00f3n mon\u00e1rquica y mon\u00e1stica. Hemos resuelto llamar a todas las cosas por el nombre que tienen. C\u00f3rdoba se redime. Desde hoy contamos para el pa\u00eds una verg\u00fcenza menos y una libertad m\u00e1s. Los dolores...\" \/>\n<meta property=\"og:url\" content=\"https:\/\/elcomunista.org\/?p=3842\" \/>\n<meta property=\"og:site_name\" content=\"Revoluci\u00f3n Comunista\" \/>\n<meta property=\"article:publisher\" content=\"https:\/\/www.facebook.com\/Bloquepopularjuvenil\" \/>\n<meta property=\"article:published_time\" content=\"2018-08-31T19:45:36+00:00\" \/>\n<meta property=\"og:image\" content=\"https:\/\/elcomunista.org\/wp-content\/uploads\/2018\/08\/Marcha-educacio\u0301n-Argentina.jpg\" \/>\n\t<meta property=\"og:image:width\" content=\"1200\" \/>\n\t<meta property=\"og:image:height\" content=\"675\" \/>\n\t<meta property=\"og:image:type\" content=\"image\/jpeg\" \/>\n<meta name=\"author\" content=\"Corriente Socialista Militante - Argentina\" \/>\n<meta name=\"twitter:card\" content=\"summary_large_image\" \/>\n<meta name=\"twitter:creator\" content=\"@ElBPJ\" \/>\n<meta name=\"twitter:site\" content=\"@ElBPJ\" \/>\n<meta name=\"twitter:label1\" content=\"Escrito por\" \/>\n\t<meta name=\"twitter:data1\" content=\"Corriente Socialista Militante - Argentina\" \/>\n\t<meta name=\"twitter:label2\" content=\"Tiempo de lectura\" \/>\n\t<meta name=\"twitter:data2\" content=\"6 minutos\" \/>\n<script type=\"application\/ld+json\" class=\"yoast-schema-graph\">{\"@context\":\"https:\/\/schema.org\",\"@graph\":[{\"@type\":\"Article\",\"@id\":\"https:\/\/elcomunista.org\/?p=3842#article\",\"isPartOf\":{\"@id\":\"https:\/\/elcomunista.org\/?p=3842\"},\"author\":{\"name\":\"Corriente Socialista Militante - Argentina\",\"@id\":\"https:\/\/elcomunista.org\/#\/schema\/person\/80251289d3811111daae983f9b3af9c6\"},\"headline\":\"Argentina: insurrecci\u00f3n universitaria\",\"datePublished\":\"2018-08-31T19:45:36+00:00\",\"mainEntityOfPage\":{\"@id\":\"https:\/\/elcomunista.org\/?p=3842\"},\"wordCount\":1131,\"commentCount\":0,\"publisher\":{\"@id\":\"https:\/\/elcomunista.org\/#organization\"},\"image\":{\"@id\":\"https:\/\/elcomunista.org\/?p=3842#primaryimage\"},\"thumbnailUrl\":\"https:\/\/elcomunista.org\/wp-content\/uploads\/2018\/08\/Marcha-educacio\u0301n-Argentina.jpg\",\"keywords\":[\"Argentina\",\"Marcha por la educaci\u00f3n\"],\"articleSection\":[\"Argentina\",\"Juventud y Educaci\u00f3n\",\"Pol\u00edtica\"],\"inLanguage\":\"es\",\"potentialAction\":[{\"@type\":\"CommentAction\",\"name\":\"Comment\",\"target\":[\"https:\/\/elcomunista.org\/?p=3842#respond\"]}]},{\"@type\":\"WebPage\",\"@id\":\"https:\/\/elcomunista.org\/?p=3842\",\"url\":\"https:\/\/elcomunista.org\/?p=3842\",\"name\":\"Argentina: insurrecci\u00f3n universitaria\",\"isPartOf\":{\"@id\":\"https:\/\/elcomunista.org\/#website\"},\"primaryImageOfPage\":{\"@id\":\"https:\/\/elcomunista.org\/?p=3842#primaryimage\"},\"image\":{\"@id\":\"https:\/\/elcomunista.org\/?p=3842#primaryimage\"},\"thumbnailUrl\":\"https:\/\/elcomunista.org\/wp-content\/uploads\/2018\/08\/Marcha-educacio\u0301n-Argentina.jpg\",\"datePublished\":\"2018-08-31T19:45:36+00:00\",\"breadcrumb\":{\"@id\":\"https:\/\/elcomunista.org\/?p=3842#breadcrumb\"},\"inLanguage\":\"es\",\"potentialAction\":[{\"@type\":\"ReadAction\",\"target\":[\"https:\/\/elcomunista.org\/?p=3842\"]}]},{\"@type\":\"ImageObject\",\"inLanguage\":\"es\",\"@id\":\"https:\/\/elcomunista.org\/?p=3842#primaryimage\",\"url\":\"https:\/\/elcomunista.org\/wp-content\/uploads\/2018\/08\/Marcha-educacio\u0301n-Argentina.jpg\",\"contentUrl\":\"https:\/\/elcomunista.org\/wp-content\/uploads\/2018\/08\/Marcha-educacio\u0301n-Argentina.jpg\",\"width\":1200,\"height\":675,\"caption\":\"Marcha en defensa de la Universidad P\u00fablica y gratuita avanza sobre Av de Mayo 30\/08\/18 Foto: Rafael Mario Quinteros\"},{\"@type\":\"BreadcrumbList\",\"@id\":\"https:\/\/elcomunista.org\/?p=3842#breadcrumb\",\"itemListElement\":[{\"@type\":\"ListItem\",\"position\":1,\"name\":\"Portada\",\"item\":\"https:\/\/elcomunista.org\/\"},{\"@type\":\"ListItem\",\"position\":2,\"name\":\"Argentina: insurrecci\u00f3n universitaria\"}]},{\"@type\":\"WebSite\",\"@id\":\"https:\/\/elcomunista.org\/#website\",\"url\":\"https:\/\/elcomunista.org\/\",\"name\":\"Revoluci\u00f3n Comunista\",\"description\":\"Internacional Comunista Revolucionaria\",\"publisher\":{\"@id\":\"https:\/\/elcomunista.org\/#organization\"},\"potentialAction\":[{\"@type\":\"SearchAction\",\"target\":{\"@type\":\"EntryPoint\",\"urlTemplate\":\"https:\/\/elcomunista.org\/?s={search_term_string}\"},\"query-input\":{\"@type\":\"PropertyValueSpecification\",\"valueRequired\":true,\"valueName\":\"search_term_string\"}}],\"inLanguage\":\"es\"},{\"@type\":\"Organization\",\"@id\":\"https:\/\/elcomunista.org\/#organization\",\"name\":\"Bloque Popular Juvenil\",\"url\":\"https:\/\/elcomunista.org\/\",\"logo\":{\"@type\":\"ImageObject\",\"inLanguage\":\"es\",\"@id\":\"https:\/\/elcomunista.org\/#\/schema\/logo\/image\/\",\"url\":\"https:\/\/bloquepopularjuvenil.org\/wp-content\/uploads\/2018\/11\/bpj-militante.jpg\",\"contentUrl\":\"https:\/\/bloquepopularjuvenil.org\/wp-content\/uploads\/2018\/11\/bpj-militante.jpg\",\"width\":4000,\"height\":1390,\"caption\":\"Bloque Popular Juvenil\"},\"image\":{\"@id\":\"https:\/\/elcomunista.org\/#\/schema\/logo\/image\/\"},\"sameAs\":[\"https:\/\/www.facebook.com\/Bloquepopularjuvenil\",\"https:\/\/x.com\/ElBPJ\",\"https:\/\/www.instagram.com\/elbloque_bpj\/?hl=es-la\"]},{\"@type\":\"Person\",\"@id\":\"https:\/\/elcomunista.org\/#\/schema\/person\/80251289d3811111daae983f9b3af9c6\",\"name\":\"Corriente Socialista Militante - Argentina\",\"image\":{\"@type\":\"ImageObject\",\"inLanguage\":\"es\",\"@id\":\"https:\/\/elcomunista.org\/#\/schema\/person\/image\/\",\"url\":\"https:\/\/secure.gravatar.com\/avatar\/c67ecf9955ec1dedd00eb5a811890742?s=96&d=mm&r=g\",\"contentUrl\":\"https:\/\/secure.gravatar.com\/avatar\/c67ecf9955ec1dedd00eb5a811890742?s=96&d=mm&r=g\",\"caption\":\"Corriente Socialista Militante - Argentina\"},\"url\":\"https:\/\/elcomunista.org\/?author=18\"}]}<\/script>\n<!-- \/ Yoast SEO plugin. -->","yoast_head_json":{"title":"Argentina: insurrecci\u00f3n universitaria","robots":{"index":"index","follow":"follow","max-snippet":"max-snippet:-1","max-image-preview":"max-image-preview:large","max-video-preview":"max-video-preview:-1"},"canonical":"https:\/\/elcomunista.org\/?p=3842","og_locale":"es_ES","og_type":"article","og_title":"Argentina: insurrecci\u00f3n universitaria","og_description":"Hombres de una rep\u00fablica libre, acabamos de romper la \u00faltima cadena que en pleno siglo XX nos ataba a la antigua dominaci\u00f3n mon\u00e1rquica y mon\u00e1stica. Hemos resuelto llamar a todas las cosas por el nombre que tienen. C\u00f3rdoba se redime. Desde hoy contamos para el pa\u00eds una verg\u00fcenza menos y una libertad m\u00e1s. Los dolores...","og_url":"https:\/\/elcomunista.org\/?p=3842","og_site_name":"Revoluci\u00f3n Comunista","article_publisher":"https:\/\/www.facebook.com\/Bloquepopularjuvenil","article_published_time":"2018-08-31T19:45:36+00:00","og_image":[{"width":1200,"height":675,"url":"https:\/\/elcomunista.org\/wp-content\/uploads\/2018\/08\/Marcha-educacio\u0301n-Argentina.jpg","type":"image\/jpeg"}],"author":"Corriente Socialista Militante - Argentina","twitter_card":"summary_large_image","twitter_creator":"@ElBPJ","twitter_site":"@ElBPJ","twitter_misc":{"Escrito por":"Corriente Socialista Militante - Argentina","Tiempo de lectura":"6 minutos"},"schema":{"@context":"https:\/\/schema.org","@graph":[{"@type":"Article","@id":"https:\/\/elcomunista.org\/?p=3842#article","isPartOf":{"@id":"https:\/\/elcomunista.org\/?p=3842"},"author":{"name":"Corriente Socialista Militante - Argentina","@id":"https:\/\/elcomunista.org\/#\/schema\/person\/80251289d3811111daae983f9b3af9c6"},"headline":"Argentina: insurrecci\u00f3n universitaria","datePublished":"2018-08-31T19:45:36+00:00","mainEntityOfPage":{"@id":"https:\/\/elcomunista.org\/?p=3842"},"wordCount":1131,"commentCount":0,"publisher":{"@id":"https:\/\/elcomunista.org\/#organization"},"image":{"@id":"https:\/\/elcomunista.org\/?p=3842#primaryimage"},"thumbnailUrl":"https:\/\/elcomunista.org\/wp-content\/uploads\/2018\/08\/Marcha-educacio\u0301n-Argentina.jpg","keywords":["Argentina","Marcha por la educaci\u00f3n"],"articleSection":["Argentina","Juventud y Educaci\u00f3n","Pol\u00edtica"],"inLanguage":"es","potentialAction":[{"@type":"CommentAction","name":"Comment","target":["https:\/\/elcomunista.org\/?p=3842#respond"]}]},{"@type":"WebPage","@id":"https:\/\/elcomunista.org\/?p=3842","url":"https:\/\/elcomunista.org\/?p=3842","name":"Argentina: insurrecci\u00f3n universitaria","isPartOf":{"@id":"https:\/\/elcomunista.org\/#website"},"primaryImageOfPage":{"@id":"https:\/\/elcomunista.org\/?p=3842#primaryimage"},"image":{"@id":"https:\/\/elcomunista.org\/?p=3842#primaryimage"},"thumbnailUrl":"https:\/\/elcomunista.org\/wp-content\/uploads\/2018\/08\/Marcha-educacio\u0301n-Argentina.jpg","datePublished":"2018-08-31T19:45:36+00:00","breadcrumb":{"@id":"https:\/\/elcomunista.org\/?p=3842#breadcrumb"},"inLanguage":"es","potentialAction":[{"@type":"ReadAction","target":["https:\/\/elcomunista.org\/?p=3842"]}]},{"@type":"ImageObject","inLanguage":"es","@id":"https:\/\/elcomunista.org\/?p=3842#primaryimage","url":"https:\/\/elcomunista.org\/wp-content\/uploads\/2018\/08\/Marcha-educacio\u0301n-Argentina.jpg","contentUrl":"https:\/\/elcomunista.org\/wp-content\/uploads\/2018\/08\/Marcha-educacio\u0301n-Argentina.jpg","width":1200,"height":675,"caption":"Marcha en defensa de la Universidad P\u00fablica y gratuita avanza sobre Av de Mayo 30\/08\/18 Foto: Rafael Mario Quinteros"},{"@type":"BreadcrumbList","@id":"https:\/\/elcomunista.org\/?p=3842#breadcrumb","itemListElement":[{"@type":"ListItem","position":1,"name":"Portada","item":"https:\/\/elcomunista.org\/"},{"@type":"ListItem","position":2,"name":"Argentina: insurrecci\u00f3n universitaria"}]},{"@type":"WebSite","@id":"https:\/\/elcomunista.org\/#website","url":"https:\/\/elcomunista.org\/","name":"Revoluci\u00f3n Comunista","description":"Internacional Comunista Revolucionaria","publisher":{"@id":"https:\/\/elcomunista.org\/#organization"},"potentialAction":[{"@type":"SearchAction","target":{"@type":"EntryPoint","urlTemplate":"https:\/\/elcomunista.org\/?s={search_term_string}"},"query-input":{"@type":"PropertyValueSpecification","valueRequired":true,"valueName":"search_term_string"}}],"inLanguage":"es"},{"@type":"Organization","@id":"https:\/\/elcomunista.org\/#organization","name":"Bloque Popular Juvenil","url":"https:\/\/elcomunista.org\/","logo":{"@type":"ImageObject","inLanguage":"es","@id":"https:\/\/elcomunista.org\/#\/schema\/logo\/image\/","url":"https:\/\/bloquepopularjuvenil.org\/wp-content\/uploads\/2018\/11\/bpj-militante.jpg","contentUrl":"https:\/\/bloquepopularjuvenil.org\/wp-content\/uploads\/2018\/11\/bpj-militante.jpg","width":4000,"height":1390,"caption":"Bloque Popular Juvenil"},"image":{"@id":"https:\/\/elcomunista.org\/#\/schema\/logo\/image\/"},"sameAs":["https:\/\/www.facebook.com\/Bloquepopularjuvenil","https:\/\/x.com\/ElBPJ","https:\/\/www.instagram.com\/elbloque_bpj\/?hl=es-la"]},{"@type":"Person","@id":"https:\/\/elcomunista.org\/#\/schema\/person\/80251289d3811111daae983f9b3af9c6","name":"Corriente Socialista Militante - Argentina","image":{"@type":"ImageObject","inLanguage":"es","@id":"https:\/\/elcomunista.org\/#\/schema\/person\/image\/","url":"https:\/\/secure.gravatar.com\/avatar\/c67ecf9955ec1dedd00eb5a811890742?s=96&d=mm&r=g","contentUrl":"https:\/\/secure.gravatar.com\/avatar\/c67ecf9955ec1dedd00eb5a811890742?s=96&d=mm&r=g","caption":"Corriente Socialista Militante - Argentina"},"url":"https:\/\/elcomunista.org\/?author=18"}]}},"jetpack_featured_media_url":"https:\/\/elcomunista.org\/wp-content\/uploads\/2018\/08\/Marcha-educacio\u0301n-Argentina.jpg","jetpack_likes_enabled":true,"jetpack_sharing_enabled":true,"_links":{"self":[{"href":"https:\/\/elcomunista.org\/index.php?rest_route=\/wp\/v2\/posts\/3842"}],"collection":[{"href":"https:\/\/elcomunista.org\/index.php?rest_route=\/wp\/v2\/posts"}],"about":[{"href":"https:\/\/elcomunista.org\/index.php?rest_route=\/wp\/v2\/types\/post"}],"author":[{"embeddable":true,"href":"https:\/\/elcomunista.org\/index.php?rest_route=\/wp\/v2\/users\/18"}],"replies":[{"embeddable":true,"href":"https:\/\/elcomunista.org\/index.php?rest_route=%2Fwp%2Fv2%2Fcomments&post=3842"}],"version-history":[{"count":0,"href":"https:\/\/elcomunista.org\/index.php?rest_route=\/wp\/v2\/posts\/3842\/revisions"}],"wp:featuredmedia":[{"embeddable":true,"href":"https:\/\/elcomunista.org\/index.php?rest_route=\/wp\/v2\/media\/3843"}],"wp:attachment":[{"href":"https:\/\/elcomunista.org\/index.php?rest_route=%2Fwp%2Fv2%2Fmedia&parent=3842"}],"wp:term":[{"taxonomy":"category","embeddable":true,"href":"https:\/\/elcomunista.org\/index.php?rest_route=%2Fwp%2Fv2%2Fcategories&post=3842"},{"taxonomy":"post_tag","embeddable":true,"href":"https:\/\/elcomunista.org\/index.php?rest_route=%2Fwp%2Fv2%2Ftags&post=3842"}],"curies":[{"name":"wp","href":"https:\/\/api.w.org\/{rel}","templated":true}]}}