{"id":4112,"date":"2018-10-10T21:12:52","date_gmt":"2018-10-11T03:12:52","guid":{"rendered":"http:\/\/bloquepopularjuvenil.org\/?p=4112"},"modified":"2018-10-10T21:40:54","modified_gmt":"2018-10-11T03:40:54","slug":"la-campana-electoral-cristaliza-las-discusiones-sobre-el-ente-rector-del-agua-en-la-asamblea-legislativa","status":"publish","type":"post","link":"https:\/\/elcomunista.org\/?p=4112","title":{"rendered":"La campa\u00f1a electoral cristaliza las discusiones sobre el Ente Rector del Agua en la Asamblea Legislativa"},"content":{"rendered":"<p>El d\u00eda 27 de septiembre miles de personas pertenecientes a la Alianza Nacional contra la Privatizaci\u00f3n, la Iglesia Cat\u00f3lica, las Iglesias Hist\u00f3ricas y la UCA, marcharon hacia la Asamblea Legislativa para hacer la primera entrega de 200,000 firmas recolectadas en contra de la privatizaci\u00f3n del agua y para que consideren en la Constituci\u00f3n de la Rep\u00fablica el derecho humano al agua, demanda que ha estado en la agenda pol\u00edtica de las organizaciones sociales por d\u00e9cadas y que diferentes legislatura no han querido resolver debido a los intereses encontrados entre la amplia mayor\u00eda de la poblaci\u00f3n y los intereses capitalistas de los gremios empresariales representados en los partidos de la derecha.<\/p>\n<p>La ofensiva privatizadora ha tomado fuerza en la actual legislatura, desde el 05 de junio cuando se desech\u00f3 completamente la Ley General de Aguas, defendida por las organizaciones ambientalistas, organizaciones comunitarias administradoras del agua, sindicatos e instituciones acad\u00e9micas y religiosas. Los diputados de la derecha apoyados por los gremios empresariales como la ANEP y la ASI han presionado a sus diputados serviles para impulsar la medida\u00a0 privatizadora por todos los medios posibles, a pesar que han tenido, desde mayo del 2018 la mayor\u00eda parlamentaria, ha sido la movilizaci\u00f3n constante la que han impedido hasta hoy la privatizaci\u00f3n del recurso.<\/p>\n<p>La movilizaci\u00f3n ha sentado las bases para un trabajo coordinado entre los principales actores, sin embargo, la demanda es ambiciosa y no bastar\u00e1 con tener movilizaciones espor\u00e1dicas, el movimiento debe avanzar hacia la masificaci\u00f3n de la problem\u00e1tica en todos los rincones del pa\u00eds, para obligar a los diputados a abandonar de una vez por todas los intentos privatizadores, para esto ser\u00e1 necesario mantener la unidad del movimiento y ampliar el margen de participaci\u00f3n de las organizaciones, sindicatos, estudiantes y comunidades.<\/p>\n<p>Los activistas defensores del agua y los principales l\u00edderes de las comunidades y sindicatos, saben que el servicio de agua en el pa\u00eds es p\u00e9simo y que se debe transformar, sin embargo, la transformaci\u00f3n en beneficio de la mayor\u00eda de la poblaci\u00f3n no vendr\u00e1 a partir de que sea controlada por los \u201ct\u00e9cnicos\u201d designados por los gremios empresariales, sino a trav\u00e9s de mantener el car\u00e1cter p\u00fablico del recurso con la participaci\u00f3n, desde luego, de las mismas comunidades que ya administran una buena parte del recurso. Es por eso que el conjunto de las organizaciones concuerdan en el establecimiento de un Ente Consultivo amplio donde se encuentre las comunidades, sector acad\u00e9mico, peque\u00f1os productores entre otros; desde el cual la prioridad del agua se establezca a partir de garantizar la vida digna de las personas y no la utilizaci\u00f3n mercantilistas que demandan las m\u00e1s grandes empresas del pa\u00eds.<\/p>\n<p>Hay una enorme experiencia ya de la poblaci\u00f3n de lo que realmente representa la privatizaci\u00f3n, hemos pasado por la amarga experiencia de la privatizaci\u00f3n de los servicios de las telecomunicaciones, de la banca y la privatizaci\u00f3n del sistema de pensiones, el resultado de estas decisiones pol\u00edticas implementadas por ARENA en el pasado ha sido la precarizaci\u00f3n de la vida de los m\u00e1s despose\u00eddos del pa\u00eds y la exclusi\u00f3n de estos mismos, por el contrario los m\u00e1s ricos que controlan el pa\u00eds han visto el incremento de sus capitales. No existe argumento v\u00e1lido para la privatizaci\u00f3n del recurso h\u00eddrico. Los diputados de la derecha nunca han buscado favorecer al pueblo, a pesar de que sus discursos est\u00e9n repletos de esta idea, en el fondo ellos solo est\u00e1n al servicio del gran capital, que quiere l\u00f3gicamente, aprovecharse de todos los recursos naturales para generar m\u00e1s ganancias.<\/p>\n<p>Al calor del inicio de campa\u00f1a, las posturas parecen estar cambiando a conveniencia entre los diputados de la Asamblea Legislativa, antes de la marcha del 27S, el martes 25 de septiembre la Comisi\u00f3n de Medio Ambiente y Cambio Clim\u00e1tico, decidi\u00f3 eliminar todas las propuestas de Ente Rector que se ten\u00edan sobre la mesa, con el objetivo de que ahora fuesen presentadas por las bancadas de los partidos pol\u00edticos, maniobra pol\u00edtica que busca dilatar el proceso o estancarlo y as\u00ed sacarlo de la agenda medi\u00e1tica, para retomarlo nuevamente despu\u00e9s de las elecciones presidenciales bajo las nuevas condiciones que se establezcan.<\/p>\n<p>Sin embargo, desde la Alianza Contra la Privatizaci\u00f3n la presi\u00f3n no ha cesado y se ha seguido denunciando p\u00fablicamente las intenciones que tienen los partidos pol\u00edticos de la derecha, exigiendo a cada uno de los candidatos de las diferentes f\u00f3rmulas presidenciales que se comprometan a acabar con los intentos privatizadores a trav\u00e9s de sus diputados. El martes 9 de octubre el tema fue discutido nuevamente en la Comisi\u00f3n, parad\u00f3jicamente y en un intento de lavarse las manos el diputado Francis Zablah, del partido GANA, ha presentado una propuesta p\u00fablica para el Ente Rector conformada por el Ministerio de Agricultura y Ganader\u00eda, Ministerio de Medio Ambiente y Recursos Naturales, Ministerio de Salud, las municipalidades que tiene que ver con el agua y la Universidad De El Salvador, sin embargo, la propuesta no tuvo el visto bueno de ninguna de las fracciones legislativas de los partidos pol\u00edticos. El FMLN por su parte defendi\u00f3 una propuesta m\u00e1s inclusiva donde proponen un representante del Ministerio de Medio Ambiente y Recurso Naturales, Ministerio de Agricultura, Ministerio Obras Publicas, Ministerio de Salud, la Universidad de El Salvador y una representaci\u00f3n del Consejo Nacional del Agua, conformado por comunidades, administradoras de agua, organizaciones ambientalistas, entre otros.<\/p>\n<p>Como es propio de los diputados reaccionarios de la derecha, Francis Zablah y los dem\u00e1s han renegado de la propuesta del FMLN, l\u00f3gicamente la propuesta presentada ahora por el FMLN, rompe, aunque muy levemente con la institucionalidad burguesa, al permitir la participaci\u00f3n directa de las comunidades y organizaciones sociales, al estar representadas en el Ente Rector, algo que supera la propuesta de la UCA y la Iglesia Cat\u00f3lica que solamente plantean la conformaci\u00f3n de un ente representativo de las comunidades y organizaciones pero solo como un ente consultivo. Sin embargo, la Comisi\u00f3n no logr\u00f3 aprobar ninguna propuesta de Ente Rector y la discusi\u00f3n se traslada hasta el pr\u00f3ximo martes, postergando as\u00ed el tema del agua nuevamente.<\/p>\n<p>La campa\u00f1a electoral est\u00e1 moviendo las posturas de los diputados y no dudamos que algunos querr\u00e1n sacar provecho electoral de esto, como ha sido el caso del diputado Zablah quien siempre defendi\u00f3 en el pasado la propuesta privatizadora junto a ARENA. En la reuni\u00f3n del 9 de octubre manifest\u00f3 no estar a favor de la privatizaci\u00f3n y mando un mensaje a todas las organizaciones sociales, a los representantes de la UCA y la UES para que cesaran de acusarlo como un privatizador, pues su propuesta que no fue aprobada en esta sesi\u00f3n defend\u00eda el car\u00e1cter p\u00fablico de la administraci\u00f3n del agua, a la vez que acus\u00f3 al FMLN de no aceptar su propuesta por intereses electorales.<\/p>\n<p>La actitud cambiante del diputado de GANA es la expresi\u00f3n de que la movilizaci\u00f3n del pueblo ha tenido efectos, la propuesta lanzada en la Comisi\u00f3n por Francis Zablah obedece a la necesidad, como el muy bien lo dijo, de que GANA no sea involucrado entre los partidos privatizadores, pues tendr\u00e1 efectos adversos en la campa\u00f1a electoral de su candidato presidencial, defiende el car\u00e1cter p\u00fablico del Ente Rector, pero no se atreve a defender la intervenci\u00f3n de las comunidades y organizaciones sociales en las decisiones de un recurso fundamental para la vida digna, por lo tanto para nosotros esta propuesta sigue siendo demag\u00f3gica.\u00a0Por otro lado el FMLN est\u00e1 llevando m\u00e1s a la izquierda su propuesta lo cual es positivo, pero tendr\u00e1 que mantener una actitud firme y hacer presi\u00f3n por todos los lados posibles para que su propuesta siga avanzando, si esto no se hace quedara solamente como un juego electoral bajero.<\/p>\n<p>Nosotros ya hemos manifestado que la lucha contra la empresa privada no basta, que no basta con constituir un ente p\u00fablico para que rija las decisiones del agua, creemos necesario, acabar con la forma de administrar los recursos que nos pertenecen a los m\u00e1s oprimidos de este pa\u00eds, en las calles junto a la Alianza Nacional Contra la privatizaci\u00f3n del Agua en aras de la unidad del movimiento en lucha hemos apoyado la propuesta de la UCA y la Iglesia Cat\u00f3lica, pero eso no exime que tengamos nuestras cr\u00edticas a estas propuestas y a todas las dem\u00e1s propuestas que para nosotros son insuficientes para resolver los problemas que tienen que ver con la administraci\u00f3n del agua. Este problema es profundamente grave, no se resolver\u00e1 solo con la conformaci\u00f3n de un Ente Rector p\u00fablico y con la aprobaci\u00f3n de una u otra ley que aunque necesaria, sigue siendo insuficiente para resolver la complejidad del problema, pues el Estado no es del todo representativo ni mucho menos inclusivo. Somos de la opini\u00f3n que solo con la intervenci\u00f3n directa de las comunidades se podr\u00e1n solventar los problemas no solo del agua, sino todos los problemas de la sociedad. Por eso proponemos que de lo que se trata es construir organizaci\u00f3n en el pueblo mismo y constituir toda una estructura democr\u00e1tica y participativa a nivel nacional entre Estado y comunidades para administrar el agua. Nuestra propuesta consiste en establecer un sistema de asambleas comunitarias con representaci\u00f3n de las comunidades organizadas y no organizadas y la conformaci\u00f3n de un Ente Rector con representaci\u00f3n del Estado, de los sindicatos de ANDA, de los trabajadores del sistema de agua y la representaci\u00f3n de los delegados del sistema de las Asamblea Nacionales.<\/p>\n<p>Por tanto, rechazamos todo manejo electoral al problema del agua, la verdadera soluci\u00f3n a nuestros problemas vendr\u00e1n solo cuando los oprimidos, explotados y olvidados de siempre sean parte activa de los cambios profundos y necesarios que necesita la sociedad actual. Cuando seamos nosotros mismos a trav\u00e9s de nuestra propia organizaci\u00f3n quienes podamos tomar las decisiones de cuando y c\u00f3mo utilizar nuestros recursos y para eso es necesario antes que nada luchar por una sociedad completamente distinta a la actual, acotamos que apoyamos cualquier medida que siente las bases para iniciar esta lucha, pero tambi\u00e9n dejamos claro que una vez iniciado el camino debemos llevar estas medidas hasta las ultimas consecuencias para que puedan ser realmente el inicio de una transformaci\u00f3n profunda de la sociedad y no solo una reforma mas sin ning\u00fan resultado en la vida de los trabajadores y trabajadoras.<\/p>\n","protected":false},"excerpt":{"rendered":"<p>El d\u00eda 27 de septiembre miles de personas pertenecientes a la Alianza Nacional contra la Privatizaci\u00f3n, la Iglesia Cat\u00f3lica, las Iglesias Hist\u00f3ricas y la UCA, marcharon hacia la Asamblea Legislativa para hacer la primera entrega de 200,000 firmas recolectadas en contra de la privatizaci\u00f3n del agua y para que consideren en la Constituci\u00f3n de la&#8230;<\/p>\n","protected":false},"author":8,"featured_media":4113,"comment_status":"open","ping_status":"open","sticky":false,"template":"","format":"standard","meta":{"_monsterinsights_skip_tracking":false,"_monsterinsights_sitenote_active":false,"_monsterinsights_sitenote_note":"","_monsterinsights_sitenote_category":0,"_uf_show_specific_survey":0,"_uf_disable_surveys":false,"_jetpack_memberships_contains_paid_content":false,"footnotes":""},"categories":[249,3],"tags":[275,274],"class_list":["post-4112","post","type-post","status-publish","format-standard","has-post-thumbnail","hentry","category-campana-contra-la-privatizacion-del-agua","category-politica","tag-agua","tag-privatizacion"],"aioseo_notices":[],"yoast_head":"<!-- This site is optimized with the Yoast SEO plugin v25.6 - https:\/\/yoast.com\/wordpress\/plugins\/seo\/ -->\n<title>La campa\u00f1a electoral cristaliza las discusiones sobre el Ente Rector del Agua en la Asamblea Legislativa<\/title>\n<meta name=\"robots\" content=\"index, follow, max-snippet:-1, max-image-preview:large, max-video-preview:-1\" \/>\n<link rel=\"canonical\" href=\"https:\/\/elcomunista.org\/?p=4112\" \/>\n<meta property=\"og:locale\" content=\"es_ES\" \/>\n<meta property=\"og:type\" content=\"article\" \/>\n<meta property=\"og:title\" content=\"La campa\u00f1a electoral cristaliza las discusiones sobre el Ente Rector del Agua en la Asamblea Legislativa\" \/>\n<meta property=\"og:description\" content=\"El d\u00eda 27 de septiembre miles de personas pertenecientes a la Alianza Nacional contra la Privatizaci\u00f3n, la Iglesia Cat\u00f3lica, las Iglesias Hist\u00f3ricas y la UCA, marcharon hacia la Asamblea Legislativa para hacer la primera entrega de 200,000 firmas recolectadas en contra de la privatizaci\u00f3n del agua y para que consideren en la Constituci\u00f3n de la...\" \/>\n<meta property=\"og:url\" content=\"https:\/\/elcomunista.org\/?p=4112\" \/>\n<meta property=\"og:site_name\" content=\"Revoluci\u00f3n Comunista\" \/>\n<meta property=\"article:publisher\" content=\"https:\/\/www.facebook.com\/Bloquepopularjuvenil\" \/>\n<meta property=\"article:author\" content=\"https:\/\/www.facebook.com\/JuandeLaCruzBPJ\" \/>\n<meta property=\"article:published_time\" content=\"2018-10-11T03:12:52+00:00\" \/>\n<meta property=\"article:modified_time\" content=\"2018-10-11T03:40:54+00:00\" \/>\n<meta property=\"og:image\" content=\"https:\/\/elcomunista.org\/wp-content\/uploads\/2018\/10\/alianza.jpg\" \/>\n\t<meta property=\"og:image:width\" content=\"900\" \/>\n\t<meta property=\"og:image:height\" content=\"450\" \/>\n\t<meta property=\"og:image:type\" content=\"image\/jpeg\" \/>\n<meta name=\"author\" content=\"Juan de la Cruz\" \/>\n<meta name=\"twitter:card\" content=\"summary_large_image\" \/>\n<meta name=\"twitter:creator\" content=\"@juandelacruzcmi\" \/>\n<meta name=\"twitter:site\" content=\"@ElBPJ\" \/>\n<meta name=\"twitter:label1\" content=\"Escrito por\" \/>\n\t<meta name=\"twitter:data1\" content=\"Juan de la Cruz\" \/>\n\t<meta name=\"twitter:label2\" content=\"Tiempo de lectura\" \/>\n\t<meta name=\"twitter:data2\" content=\"9 minutos\" \/>\n<script type=\"application\/ld+json\" class=\"yoast-schema-graph\">{\"@context\":\"https:\/\/schema.org\",\"@graph\":[{\"@type\":\"Article\",\"@id\":\"https:\/\/elcomunista.org\/?p=4112#article\",\"isPartOf\":{\"@id\":\"https:\/\/elcomunista.org\/?p=4112\"},\"author\":{\"name\":\"Juan de la Cruz\",\"@id\":\"https:\/\/elcomunista.org\/#\/schema\/person\/e070ce76b01e8720e27ac0d46b82063f\"},\"headline\":\"La campa\u00f1a electoral cristaliza las discusiones sobre el Ente Rector del Agua en la Asamblea Legislativa\",\"datePublished\":\"2018-10-11T03:12:52+00:00\",\"dateModified\":\"2018-10-11T03:40:54+00:00\",\"mainEntityOfPage\":{\"@id\":\"https:\/\/elcomunista.org\/?p=4112\"},\"wordCount\":1828,\"commentCount\":0,\"publisher\":{\"@id\":\"https:\/\/elcomunista.org\/#organization\"},\"image\":{\"@id\":\"https:\/\/elcomunista.org\/?p=4112#primaryimage\"},\"thumbnailUrl\":\"https:\/\/elcomunista.org\/wp-content\/uploads\/2018\/10\/alianza.jpg\",\"keywords\":[\"agua\",\"Privatizaci\u00f3n\"],\"articleSection\":[\"Campa\u00f1a Contra la Privatizacion del Agua\",\"Pol\u00edtica\"],\"inLanguage\":\"es\",\"potentialAction\":[{\"@type\":\"CommentAction\",\"name\":\"Comment\",\"target\":[\"https:\/\/elcomunista.org\/?p=4112#respond\"]}]},{\"@type\":\"WebPage\",\"@id\":\"https:\/\/elcomunista.org\/?p=4112\",\"url\":\"https:\/\/elcomunista.org\/?p=4112\",\"name\":\"La campa\u00f1a electoral cristaliza las discusiones sobre el Ente Rector del Agua en la Asamblea Legislativa\",\"isPartOf\":{\"@id\":\"https:\/\/elcomunista.org\/#website\"},\"primaryImageOfPage\":{\"@id\":\"https:\/\/elcomunista.org\/?p=4112#primaryimage\"},\"image\":{\"@id\":\"https:\/\/elcomunista.org\/?p=4112#primaryimage\"},\"thumbnailUrl\":\"https:\/\/elcomunista.org\/wp-content\/uploads\/2018\/10\/alianza.jpg\",\"datePublished\":\"2018-10-11T03:12:52+00:00\",\"dateModified\":\"2018-10-11T03:40:54+00:00\",\"breadcrumb\":{\"@id\":\"https:\/\/elcomunista.org\/?p=4112#breadcrumb\"},\"inLanguage\":\"es\",\"potentialAction\":[{\"@type\":\"ReadAction\",\"target\":[\"https:\/\/elcomunista.org\/?p=4112\"]}]},{\"@type\":\"ImageObject\",\"inLanguage\":\"es\",\"@id\":\"https:\/\/elcomunista.org\/?p=4112#primaryimage\",\"url\":\"https:\/\/elcomunista.org\/wp-content\/uploads\/2018\/10\/alianza.jpg\",\"contentUrl\":\"https:\/\/elcomunista.org\/wp-content\/uploads\/2018\/10\/alianza.jpg\",\"width\":900,\"height\":450},{\"@type\":\"BreadcrumbList\",\"@id\":\"https:\/\/elcomunista.org\/?p=4112#breadcrumb\",\"itemListElement\":[{\"@type\":\"ListItem\",\"position\":1,\"name\":\"Portada\",\"item\":\"https:\/\/elcomunista.org\/\"},{\"@type\":\"ListItem\",\"position\":2,\"name\":\"La campa\u00f1a electoral cristaliza las discusiones sobre el Ente Rector del Agua en la Asamblea Legislativa\"}]},{\"@type\":\"WebSite\",\"@id\":\"https:\/\/elcomunista.org\/#website\",\"url\":\"https:\/\/elcomunista.org\/\",\"name\":\"Revoluci\u00f3n Comunista\",\"description\":\"Internacional Comunista Revolucionaria\",\"publisher\":{\"@id\":\"https:\/\/elcomunista.org\/#organization\"},\"potentialAction\":[{\"@type\":\"SearchAction\",\"target\":{\"@type\":\"EntryPoint\",\"urlTemplate\":\"https:\/\/elcomunista.org\/?s={search_term_string}\"},\"query-input\":{\"@type\":\"PropertyValueSpecification\",\"valueRequired\":true,\"valueName\":\"search_term_string\"}}],\"inLanguage\":\"es\"},{\"@type\":\"Organization\",\"@id\":\"https:\/\/elcomunista.org\/#organization\",\"name\":\"Bloque Popular Juvenil\",\"url\":\"https:\/\/elcomunista.org\/\",\"logo\":{\"@type\":\"ImageObject\",\"inLanguage\":\"es\",\"@id\":\"https:\/\/elcomunista.org\/#\/schema\/logo\/image\/\",\"url\":\"https:\/\/bloquepopularjuvenil.org\/wp-content\/uploads\/2018\/11\/bpj-militante.jpg\",\"contentUrl\":\"https:\/\/bloquepopularjuvenil.org\/wp-content\/uploads\/2018\/11\/bpj-militante.jpg\",\"width\":4000,\"height\":1390,\"caption\":\"Bloque Popular Juvenil\"},\"image\":{\"@id\":\"https:\/\/elcomunista.org\/#\/schema\/logo\/image\/\"},\"sameAs\":[\"https:\/\/www.facebook.com\/Bloquepopularjuvenil\",\"https:\/\/x.com\/ElBPJ\",\"https:\/\/www.instagram.com\/elbloque_bpj\/?hl=es-la\"]},{\"@type\":\"Person\",\"@id\":\"https:\/\/elcomunista.org\/#\/schema\/person\/e070ce76b01e8720e27ac0d46b82063f\",\"name\":\"Juan de la Cruz\",\"image\":{\"@type\":\"ImageObject\",\"inLanguage\":\"es\",\"@id\":\"https:\/\/elcomunista.org\/#\/schema\/person\/image\/\",\"url\":\"https:\/\/secure.gravatar.com\/avatar\/1aac3a8e4bbf29ce7030b8cd6a02f12b?s=96&d=mm&r=g\",\"contentUrl\":\"https:\/\/secure.gravatar.com\/avatar\/1aac3a8e4bbf29ce7030b8cd6a02f12b?s=96&d=mm&r=g\",\"caption\":\"Juan de la Cruz\"},\"description\":\"Editor del peri\u00f3dico El Comunista, vocero de la secci\u00f3n salvadore\u00f1a de la Internacional Comunista Revolucionaria (ICR)\",\"sameAs\":[\"http:\/\/www.bloquepopularjuvenil.org\",\"https:\/\/www.facebook.com\/JuandeLaCruzBPJ\",\"https:\/\/x.com\/juandelacruzcmi\"],\"url\":\"https:\/\/elcomunista.org\/?author=8\"}]}<\/script>\n<!-- \/ Yoast SEO plugin. -->","yoast_head_json":{"title":"La campa\u00f1a electoral cristaliza las discusiones sobre el Ente Rector del Agua en la Asamblea Legislativa","robots":{"index":"index","follow":"follow","max-snippet":"max-snippet:-1","max-image-preview":"max-image-preview:large","max-video-preview":"max-video-preview:-1"},"canonical":"https:\/\/elcomunista.org\/?p=4112","og_locale":"es_ES","og_type":"article","og_title":"La campa\u00f1a electoral cristaliza las discusiones sobre el Ente Rector del Agua en la Asamblea Legislativa","og_description":"El d\u00eda 27 de septiembre miles de personas pertenecientes a la Alianza Nacional contra la Privatizaci\u00f3n, la Iglesia Cat\u00f3lica, las Iglesias Hist\u00f3ricas y la UCA, marcharon hacia la Asamblea Legislativa para hacer la primera entrega de 200,000 firmas recolectadas en contra de la privatizaci\u00f3n del agua y para que consideren en la Constituci\u00f3n de la...","og_url":"https:\/\/elcomunista.org\/?p=4112","og_site_name":"Revoluci\u00f3n Comunista","article_publisher":"https:\/\/www.facebook.com\/Bloquepopularjuvenil","article_author":"https:\/\/www.facebook.com\/JuandeLaCruzBPJ","article_published_time":"2018-10-11T03:12:52+00:00","article_modified_time":"2018-10-11T03:40:54+00:00","og_image":[{"width":900,"height":450,"url":"https:\/\/elcomunista.org\/wp-content\/uploads\/2018\/10\/alianza.jpg","type":"image\/jpeg"}],"author":"Juan de la Cruz","twitter_card":"summary_large_image","twitter_creator":"@juandelacruzcmi","twitter_site":"@ElBPJ","twitter_misc":{"Escrito por":"Juan de la Cruz","Tiempo de lectura":"9 minutos"},"schema":{"@context":"https:\/\/schema.org","@graph":[{"@type":"Article","@id":"https:\/\/elcomunista.org\/?p=4112#article","isPartOf":{"@id":"https:\/\/elcomunista.org\/?p=4112"},"author":{"name":"Juan de la Cruz","@id":"https:\/\/elcomunista.org\/#\/schema\/person\/e070ce76b01e8720e27ac0d46b82063f"},"headline":"La campa\u00f1a electoral cristaliza las discusiones sobre el Ente Rector del Agua en la Asamblea Legislativa","datePublished":"2018-10-11T03:12:52+00:00","dateModified":"2018-10-11T03:40:54+00:00","mainEntityOfPage":{"@id":"https:\/\/elcomunista.org\/?p=4112"},"wordCount":1828,"commentCount":0,"publisher":{"@id":"https:\/\/elcomunista.org\/#organization"},"image":{"@id":"https:\/\/elcomunista.org\/?p=4112#primaryimage"},"thumbnailUrl":"https:\/\/elcomunista.org\/wp-content\/uploads\/2018\/10\/alianza.jpg","keywords":["agua","Privatizaci\u00f3n"],"articleSection":["Campa\u00f1a Contra la Privatizacion del Agua","Pol\u00edtica"],"inLanguage":"es","potentialAction":[{"@type":"CommentAction","name":"Comment","target":["https:\/\/elcomunista.org\/?p=4112#respond"]}]},{"@type":"WebPage","@id":"https:\/\/elcomunista.org\/?p=4112","url":"https:\/\/elcomunista.org\/?p=4112","name":"La campa\u00f1a electoral cristaliza las discusiones sobre el Ente Rector del Agua en la Asamblea Legislativa","isPartOf":{"@id":"https:\/\/elcomunista.org\/#website"},"primaryImageOfPage":{"@id":"https:\/\/elcomunista.org\/?p=4112#primaryimage"},"image":{"@id":"https:\/\/elcomunista.org\/?p=4112#primaryimage"},"thumbnailUrl":"https:\/\/elcomunista.org\/wp-content\/uploads\/2018\/10\/alianza.jpg","datePublished":"2018-10-11T03:12:52+00:00","dateModified":"2018-10-11T03:40:54+00:00","breadcrumb":{"@id":"https:\/\/elcomunista.org\/?p=4112#breadcrumb"},"inLanguage":"es","potentialAction":[{"@type":"ReadAction","target":["https:\/\/elcomunista.org\/?p=4112"]}]},{"@type":"ImageObject","inLanguage":"es","@id":"https:\/\/elcomunista.org\/?p=4112#primaryimage","url":"https:\/\/elcomunista.org\/wp-content\/uploads\/2018\/10\/alianza.jpg","contentUrl":"https:\/\/elcomunista.org\/wp-content\/uploads\/2018\/10\/alianza.jpg","width":900,"height":450},{"@type":"BreadcrumbList","@id":"https:\/\/elcomunista.org\/?p=4112#breadcrumb","itemListElement":[{"@type":"ListItem","position":1,"name":"Portada","item":"https:\/\/elcomunista.org\/"},{"@type":"ListItem","position":2,"name":"La campa\u00f1a electoral cristaliza las discusiones sobre el Ente Rector del Agua en la Asamblea Legislativa"}]},{"@type":"WebSite","@id":"https:\/\/elcomunista.org\/#website","url":"https:\/\/elcomunista.org\/","name":"Revoluci\u00f3n Comunista","description":"Internacional Comunista Revolucionaria","publisher":{"@id":"https:\/\/elcomunista.org\/#organization"},"potentialAction":[{"@type":"SearchAction","target":{"@type":"EntryPoint","urlTemplate":"https:\/\/elcomunista.org\/?s={search_term_string}"},"query-input":{"@type":"PropertyValueSpecification","valueRequired":true,"valueName":"search_term_string"}}],"inLanguage":"es"},{"@type":"Organization","@id":"https:\/\/elcomunista.org\/#organization","name":"Bloque Popular Juvenil","url":"https:\/\/elcomunista.org\/","logo":{"@type":"ImageObject","inLanguage":"es","@id":"https:\/\/elcomunista.org\/#\/schema\/logo\/image\/","url":"https:\/\/bloquepopularjuvenil.org\/wp-content\/uploads\/2018\/11\/bpj-militante.jpg","contentUrl":"https:\/\/bloquepopularjuvenil.org\/wp-content\/uploads\/2018\/11\/bpj-militante.jpg","width":4000,"height":1390,"caption":"Bloque Popular Juvenil"},"image":{"@id":"https:\/\/elcomunista.org\/#\/schema\/logo\/image\/"},"sameAs":["https:\/\/www.facebook.com\/Bloquepopularjuvenil","https:\/\/x.com\/ElBPJ","https:\/\/www.instagram.com\/elbloque_bpj\/?hl=es-la"]},{"@type":"Person","@id":"https:\/\/elcomunista.org\/#\/schema\/person\/e070ce76b01e8720e27ac0d46b82063f","name":"Juan de la Cruz","image":{"@type":"ImageObject","inLanguage":"es","@id":"https:\/\/elcomunista.org\/#\/schema\/person\/image\/","url":"https:\/\/secure.gravatar.com\/avatar\/1aac3a8e4bbf29ce7030b8cd6a02f12b?s=96&d=mm&r=g","contentUrl":"https:\/\/secure.gravatar.com\/avatar\/1aac3a8e4bbf29ce7030b8cd6a02f12b?s=96&d=mm&r=g","caption":"Juan de la Cruz"},"description":"Editor del peri\u00f3dico El Comunista, vocero de la secci\u00f3n salvadore\u00f1a de la Internacional Comunista Revolucionaria (ICR)","sameAs":["http:\/\/www.bloquepopularjuvenil.org","https:\/\/www.facebook.com\/JuandeLaCruzBPJ","https:\/\/x.com\/juandelacruzcmi"],"url":"https:\/\/elcomunista.org\/?author=8"}]}},"jetpack_featured_media_url":"https:\/\/elcomunista.org\/wp-content\/uploads\/2018\/10\/alianza.jpg","jetpack_likes_enabled":true,"jetpack_sharing_enabled":true,"_links":{"self":[{"href":"https:\/\/elcomunista.org\/index.php?rest_route=\/wp\/v2\/posts\/4112"}],"collection":[{"href":"https:\/\/elcomunista.org\/index.php?rest_route=\/wp\/v2\/posts"}],"about":[{"href":"https:\/\/elcomunista.org\/index.php?rest_route=\/wp\/v2\/types\/post"}],"author":[{"embeddable":true,"href":"https:\/\/elcomunista.org\/index.php?rest_route=\/wp\/v2\/users\/8"}],"replies":[{"embeddable":true,"href":"https:\/\/elcomunista.org\/index.php?rest_route=%2Fwp%2Fv2%2Fcomments&post=4112"}],"version-history":[{"count":0,"href":"https:\/\/elcomunista.org\/index.php?rest_route=\/wp\/v2\/posts\/4112\/revisions"}],"wp:featuredmedia":[{"embeddable":true,"href":"https:\/\/elcomunista.org\/index.php?rest_route=\/wp\/v2\/media\/4113"}],"wp:attachment":[{"href":"https:\/\/elcomunista.org\/index.php?rest_route=%2Fwp%2Fv2%2Fmedia&parent=4112"}],"wp:term":[{"taxonomy":"category","embeddable":true,"href":"https:\/\/elcomunista.org\/index.php?rest_route=%2Fwp%2Fv2%2Fcategories&post=4112"},{"taxonomy":"post_tag","embeddable":true,"href":"https:\/\/elcomunista.org\/index.php?rest_route=%2Fwp%2Fv2%2Ftags&post=4112"}],"curies":[{"name":"wp","href":"https:\/\/api.w.org\/{rel}","templated":true}]}}