{"id":4361,"date":"2018-11-10T18:52:13","date_gmt":"2018-11-11T00:52:13","guid":{"rendered":"http:\/\/bloquepopularjuvenil.org\/?p=4361"},"modified":"2018-11-11T19:57:28","modified_gmt":"2018-11-12T01:57:28","slug":"comunicado-en-el-marco-de-la-marcha-del-20-de-octubre-a-74-anos-de-la-revolucion-del-44","status":"publish","type":"post","link":"https:\/\/elcomunista.org\/?p=4361","title":{"rendered":"COMUNICADO, a 74 a\u00f1os de la revoluci\u00f3n del 44 en Guatemala"},"content":{"rendered":"<p>Dirigido con respeto hacia todas las clases oprimidas y explotadas de este pa\u00eds de primavera que ha estado en pie de lucha y sin embargo sufriendo las desgracias de la pobreza, discriminaci\u00f3n, marginaci\u00f3n y falta de acceso a los recursos humanos esenciales para vivir dignamente. A este sistema impuesto que ha sembrado y cosechado odio,\u00a0 tiranos, traidores, incapaces e inhumanos que ha\u00a0 hecho de este peque\u00f1o pa\u00eds un gran monstruo coadyuvando a la delincuencia, la violencia, migraci\u00f3n, discriminaci\u00f3n y todo el retraso de desarrollo, es decir al sistema opresor, olig\u00e1rquico, discriminatorio y sectorial.<\/p>\n<p>Por ello, a trav\u00e9s de estas l\u00edneas manifestamos un conjunto de sentimientos, en donde se plasma lo que se ha discutido en las asambleas con ideas y bases socialistas que fundamentan la justicia obrera y campesina que son tambi\u00e9n la gu\u00eda para no repetir los errores hist\u00f3ricos y aplicar al presente las teor\u00edas dictadas, desarrollando un futuro justo, equitativo y de desarrollo para todo un pueblo que sufre la miseria. Nuestro objetivo es hacerles saber que a\u00fan estamos aqu\u00ed luchando hombro a hombro tanto en la teor\u00eda como en la pr\u00e1ctica revolucionaria para lograr una patria digna.<\/p>\n<p>Es por ello que ante tan honorable concurrencia hacemos saber de todo coraz\u00f3n combativo y con tinte rojo los siguientes llamamientos y consecuencias:<\/p>\n<p>Llamado, a los j\u00f3venes, trabajadores, estudiantes y campesino revolucionarios y socialistas combatientes, audaces y visionarios a enfilarnos en un proceso de dialogo y reconciliaci\u00f3n hasta poder recuperar las fuerzas y destrezas con el fin de acuerpar cada una de las ideas con hechos contundentes, eficientes y de presencia ante tales crisis que vive la regi\u00f3n.<\/p>\n<p>Llamado, de convocatoria abierta a toda la comunidad estudiantil y personas con experiencia a atrincherarse en cada uno de sus espacios para que posteriormente tengan objetivos y reivindicaciones claras y revolucionarias, esto con el fin de no solamente salir a enfrentar cualquier crisis sin sentimiento alguno y fundamento pol\u00edtico y social del porque hacer tales movilizaciones, m\u00edtines o tribunas.<\/p>\n<p>Llamado al cuerpo docente de la universidad popular y p\u00fablica de Guatemala, profesores de las universidades privadas, docentes de las escuelas de nivel medio; p\u00fablicas y privadas a realizar, dictar y ense\u00f1ar conscientemente cada una de las historias apegadas a la realidad tal cual fueron como las invasiones, saqueos y torturas hacia cada una de las culturas pre-hisp\u00e1nicas en donde quisieron exterminarla, pero que a\u00fan viven, tomando fuerza en cada rinc\u00f3n del pa\u00eds y la regi\u00f3n, en el mismo sentido se les recuerda que si bien ustedes forman a los futuros profesionales, tambi\u00e9n den ejemplo de la forma m\u00e1s objetiva, sobre su\u00a0 actuar; evitando toda clase de corrupci\u00f3n, manipulaci\u00f3n de datos,\u00a0 plazas fantasmas, favores pol\u00edticos, nepotismos, entre otros.<\/p>\n<p>Hacemos un pronto y amable llamado, a las clases oprimidas y explotadas del pa\u00eds, para que nos unamos como un \u00fanico pueblo, pero, con la advertencia de no tomar cada lucha como un capricho o moda saliendo del compromiso o de la obligaci\u00f3n \u00fanicamente, sino m\u00e1s bien que estos tiempos sean de reflexi\u00f3n, sensatez y fuerza combativa aterrizando en una conciencia de ideas colectivas, sociales y populares, enfilando as\u00ed las fuerzas combatientes tomados de la mano con fusa y ca\u00f1\u00f3n, con la mirada hacia el horizonte prometedor de un pa\u00eds, humanamente eficiente y eficaz para cada uno de los que en \u00e9l vivimos.<\/p>\n<p>Ante lo dicho anteriormente, sostenemos las convicciones logradas en las plazas rojas de aquel tiempo en donde se luchaba por un idealismo revolucionario y de la mano del pueblo. Para ello nosotros un grupo de estudiantes proclamado revolucionarios y socialistas estamos al pie de ca\u00f1\u00f3n para una lucha revolucionaria y de clases, con la convicci\u00f3n que estas crisis \u00fanicamente se resolver\u00e1 a trav\u00e9s de una revoluci\u00f3n obrera, campesina, estudiantil,\u00a0 magisterial y de las clases mediamente acomodadas.<\/p>\n<p>Hacemos la advertencia al sistema pol\u00edtico que estamos a la espera de una ola de uni\u00f3n entre obreros, proletarios, campesinos, trabajadores, maestros, estudiantes y revolucionarios para romper las cadenas burocr\u00e1ticas que le han colocado al sistema productivo en este pa\u00eds. Luchando por la nacionalizaci\u00f3n de las fuerzas productivas industriales, para establecer una econom\u00eda justa, equitativa y planificada, con ello logrando los derechos m\u00e1s b\u00e1sicos que todo ser humano necesita. Con esto tambi\u00e9n se hace la advertencia a las diferentes c\u00fapulas capitalistas, monopolistas y oligopolios\u00a0 que han cooptado los mercados definidos y emergentes, a preocuparse puesto que muy pronto estaremos llamando a la revancha de la toma del poder, econ\u00f3mico, pol\u00edtico y social de la regi\u00f3n centroamericana, tomando como base las luchas sociales y populares.<\/p>\n<p>As\u00ed mismo no compartimos hasta el momento las acciones reaccionarias poco solidas de las diferentes organizaciones en la cual se nota un tinte puramente conformista, d\u00e9bil, \u00fanicamente de obligaciones sin ideales fundamentados, logrando conseguir un c\u00edrculo vicioso sin fines concretos, sin objetivos a corto, mediano y largo plazo y sin reivindicaciones revolucionarias y\/o socialistas. Dejando por fuera la lucha por una econom\u00eda s\u00f3lida, equitativa, social y planificada, mostrando \u00fanicamente \u201cuna reacci\u00f3n\u201d ante una crisis puramente hist\u00f3rica, pol\u00edtica y econ\u00f3mica, de la misma forma se recalca el llamado a la universidad e instituciones p\u00fablicas de educaci\u00f3n encargadas de la formaci\u00f3n superior y media respectivamente, a replantearse, analizar y retomar el papel que est\u00e1n jugando puesto que no se logra observar el papel hist\u00f3rico que ejerc\u00edan para defender a la patria, en donde sobresal\u00edan por dar a los mejores \u00a0l\u00edderes, formados en sus aulas y defendiendo el honor del pueblo hasta con la vida. Para ello exigimos el reencauce en sus ideales progresistas, sociales, tanto en la docencia, extensi\u00f3n e investigaci\u00f3n siendo objetivos, reales y crudos ante cualquier situaci\u00f3n que se presente, haci\u00e9ndoles saber a los estudiantes que son m\u00e1s que una promesa individual y no \u00fanicamente un objeto de explotaci\u00f3n servicial como se hace al obligarles a realizar una manifestaci\u00f3n sin antes hablarles del problema hist\u00f3rico y pol\u00edtico.<\/p>\n<p>Esperadnos y encontradnos muy pronto en monta\u00f1as seguras, caminos vecinales llenos de esperanza y dulzura, siendo cada d\u00eda mejor, retomar las ense\u00f1anzas dadas y sentir ser aquel estudiante que no le teme ni animal ni polic\u00eda.<\/p>\n<p>Adelante pues compa\u00f1ero campesino, que estamos a la par\u2026.<\/p>\n<p>\u00a1Ni Jimmy Ni Iv\u00e1n: cambio del sistema impuesto ya!<\/p>\n<p>Quetzaltenango 20 de octubre, 2018<\/p>\n<p>&nbsp;<\/p>\n<h3 style=\"text-align: center;\"><span style=\"color: #800000;\">MOVIMIENTO ESTUDIANTIL ORGANIZADO DE OCCIDENTE, USAC &#8211; GUATEMALA<\/span><\/h3>\n<p>&nbsp;<\/p>\n","protected":false},"excerpt":{"rendered":"<p>Dirigido con respeto hacia todas las clases oprimidas y explotadas de este pa\u00eds de primavera que ha estado en pie de lucha y sin embargo sufriendo las desgracias de la pobreza, discriminaci\u00f3n, marginaci\u00f3n y falta de acceso a los recursos humanos esenciales para vivir dignamente. A este sistema impuesto que ha sembrado y cosechado odio,\u00a0&#8230;<\/p>\n","protected":false},"author":1,"featured_media":4362,"comment_status":"open","ping_status":"open","sticky":false,"template":"","format":"standard","meta":{"_monsterinsights_skip_tracking":false,"_monsterinsights_sitenote_active":false,"_monsterinsights_sitenote_note":"","_monsterinsights_sitenote_category":0,"_uf_show_specific_survey":0,"_uf_disable_surveys":false,"_jetpack_memberships_contains_paid_content":false,"footnotes":""},"categories":[6,7,65],"tags":[512,160,510,511],"class_list":["post-4361","post","type-post","status-publish","format-standard","has-post-thumbnail","hentry","category-centroamerica","category-guatemala","category-historia","tag-comunicado","tag-guatemala","tag-revolucion-del-44","tag-usac"],"aioseo_notices":[],"yoast_head":"<!-- This site is optimized with the Yoast SEO plugin v25.6 - https:\/\/yoast.com\/wordpress\/plugins\/seo\/ -->\n<title>COMUNICADO, a 74 a\u00f1os de la revoluci\u00f3n del 44 en Guatemala<\/title>\n<meta name=\"robots\" content=\"index, follow, max-snippet:-1, max-image-preview:large, max-video-preview:-1\" \/>\n<link rel=\"canonical\" href=\"https:\/\/elcomunista.org\/?p=4361\" \/>\n<meta property=\"og:locale\" content=\"es_ES\" \/>\n<meta property=\"og:type\" content=\"article\" \/>\n<meta property=\"og:title\" content=\"COMUNICADO, a 74 a\u00f1os de la revoluci\u00f3n del 44 en Guatemala\" \/>\n<meta property=\"og:description\" content=\"Dirigido con respeto hacia todas las clases oprimidas y explotadas de este pa\u00eds de primavera que ha estado en pie de lucha y sin embargo sufriendo las desgracias de la pobreza, discriminaci\u00f3n, marginaci\u00f3n y falta de acceso a los recursos humanos esenciales para vivir dignamente. A este sistema impuesto que ha sembrado y cosechado odio,\u00a0...\" \/>\n<meta property=\"og:url\" content=\"https:\/\/elcomunista.org\/?p=4361\" \/>\n<meta property=\"og:site_name\" content=\"Revoluci\u00f3n Comunista\" \/>\n<meta property=\"article:publisher\" content=\"https:\/\/www.facebook.com\/Bloquepopularjuvenil\" \/>\n<meta property=\"article:published_time\" content=\"2018-11-11T00:52:13+00:00\" \/>\n<meta property=\"article:modified_time\" content=\"2018-11-12T01:57:28+00:00\" \/>\n<meta property=\"og:image\" content=\"https:\/\/elcomunista.org\/wp-content\/uploads\/2018\/11\/Iimagen-de-la-revoluci\u00f3n-de-1944-foto-por-tercerainformacion.es_.jpg\" \/>\n\t<meta property=\"og:image:width\" content=\"600\" \/>\n\t<meta property=\"og:image:height\" content=\"398\" \/>\n\t<meta property=\"og:image:type\" content=\"image\/jpeg\" \/>\n<meta name=\"author\" content=\"Bloque Popular Juvenil\" \/>\n<meta name=\"twitter:card\" content=\"summary_large_image\" \/>\n<meta name=\"twitter:creator\" content=\"@ElBPJ\" \/>\n<meta name=\"twitter:site\" content=\"@ElBPJ\" \/>\n<meta name=\"twitter:label1\" content=\"Escrito por\" \/>\n\t<meta name=\"twitter:data1\" content=\"Bloque Popular Juvenil\" \/>\n\t<meta name=\"twitter:label2\" content=\"Tiempo de lectura\" \/>\n\t<meta name=\"twitter:data2\" content=\"6 minutos\" \/>\n<script type=\"application\/ld+json\" class=\"yoast-schema-graph\">{\"@context\":\"https:\/\/schema.org\",\"@graph\":[{\"@type\":\"Article\",\"@id\":\"https:\/\/elcomunista.org\/?p=4361#article\",\"isPartOf\":{\"@id\":\"https:\/\/elcomunista.org\/?p=4361\"},\"author\":{\"name\":\"Bloque Popular Juvenil\",\"@id\":\"https:\/\/elcomunista.org\/#\/schema\/person\/d55d5350d790a4464cbc0e898065567d\"},\"headline\":\"COMUNICADO, a 74 a\u00f1os de la revoluci\u00f3n del 44 en Guatemala\",\"datePublished\":\"2018-11-11T00:52:13+00:00\",\"dateModified\":\"2018-11-12T01:57:28+00:00\",\"mainEntityOfPage\":{\"@id\":\"https:\/\/elcomunista.org\/?p=4361\"},\"wordCount\":1134,\"commentCount\":0,\"publisher\":{\"@id\":\"https:\/\/elcomunista.org\/#organization\"},\"image\":{\"@id\":\"https:\/\/elcomunista.org\/?p=4361#primaryimage\"},\"thumbnailUrl\":\"https:\/\/elcomunista.org\/wp-content\/uploads\/2018\/11\/Iimagen-de-la-revoluci\u00f3n-de-1944-foto-por-tercerainformacion.es_.jpg\",\"keywords\":[\"comunicado\",\"Guatemala\",\"Revoluci\u00f3n del 44\",\"USAC\"],\"articleSection\":[\"Centroam\u00e9rica\",\"Guatemala\",\"Historia\"],\"inLanguage\":\"es\",\"potentialAction\":[{\"@type\":\"CommentAction\",\"name\":\"Comment\",\"target\":[\"https:\/\/elcomunista.org\/?p=4361#respond\"]}]},{\"@type\":\"WebPage\",\"@id\":\"https:\/\/elcomunista.org\/?p=4361\",\"url\":\"https:\/\/elcomunista.org\/?p=4361\",\"name\":\"COMUNICADO, a 74 a\u00f1os de la revoluci\u00f3n del 44 en Guatemala\",\"isPartOf\":{\"@id\":\"https:\/\/elcomunista.org\/#website\"},\"primaryImageOfPage\":{\"@id\":\"https:\/\/elcomunista.org\/?p=4361#primaryimage\"},\"image\":{\"@id\":\"https:\/\/elcomunista.org\/?p=4361#primaryimage\"},\"thumbnailUrl\":\"https:\/\/elcomunista.org\/wp-content\/uploads\/2018\/11\/Iimagen-de-la-revoluci\u00f3n-de-1944-foto-por-tercerainformacion.es_.jpg\",\"datePublished\":\"2018-11-11T00:52:13+00:00\",\"dateModified\":\"2018-11-12T01:57:28+00:00\",\"breadcrumb\":{\"@id\":\"https:\/\/elcomunista.org\/?p=4361#breadcrumb\"},\"inLanguage\":\"es\",\"potentialAction\":[{\"@type\":\"ReadAction\",\"target\":[\"https:\/\/elcomunista.org\/?p=4361\"]}]},{\"@type\":\"ImageObject\",\"inLanguage\":\"es\",\"@id\":\"https:\/\/elcomunista.org\/?p=4361#primaryimage\",\"url\":\"https:\/\/elcomunista.org\/wp-content\/uploads\/2018\/11\/Iimagen-de-la-revoluci\u00f3n-de-1944-foto-por-tercerainformacion.es_.jpg\",\"contentUrl\":\"https:\/\/elcomunista.org\/wp-content\/uploads\/2018\/11\/Iimagen-de-la-revoluci\u00f3n-de-1944-foto-por-tercerainformacion.es_.jpg\",\"width\":600,\"height\":398},{\"@type\":\"BreadcrumbList\",\"@id\":\"https:\/\/elcomunista.org\/?p=4361#breadcrumb\",\"itemListElement\":[{\"@type\":\"ListItem\",\"position\":1,\"name\":\"Portada\",\"item\":\"https:\/\/elcomunista.org\/\"},{\"@type\":\"ListItem\",\"position\":2,\"name\":\"COMUNICADO, a 74 a\u00f1os de la revoluci\u00f3n del 44 en Guatemala\"}]},{\"@type\":\"WebSite\",\"@id\":\"https:\/\/elcomunista.org\/#website\",\"url\":\"https:\/\/elcomunista.org\/\",\"name\":\"Revoluci\u00f3n Comunista\",\"description\":\"Internacional Comunista Revolucionaria\",\"publisher\":{\"@id\":\"https:\/\/elcomunista.org\/#organization\"},\"potentialAction\":[{\"@type\":\"SearchAction\",\"target\":{\"@type\":\"EntryPoint\",\"urlTemplate\":\"https:\/\/elcomunista.org\/?s={search_term_string}\"},\"query-input\":{\"@type\":\"PropertyValueSpecification\",\"valueRequired\":true,\"valueName\":\"search_term_string\"}}],\"inLanguage\":\"es\"},{\"@type\":\"Organization\",\"@id\":\"https:\/\/elcomunista.org\/#organization\",\"name\":\"Bloque Popular Juvenil\",\"url\":\"https:\/\/elcomunista.org\/\",\"logo\":{\"@type\":\"ImageObject\",\"inLanguage\":\"es\",\"@id\":\"https:\/\/elcomunista.org\/#\/schema\/logo\/image\/\",\"url\":\"https:\/\/bloquepopularjuvenil.org\/wp-content\/uploads\/2018\/11\/bpj-militante.jpg\",\"contentUrl\":\"https:\/\/bloquepopularjuvenil.org\/wp-content\/uploads\/2018\/11\/bpj-militante.jpg\",\"width\":4000,\"height\":1390,\"caption\":\"Bloque Popular Juvenil\"},\"image\":{\"@id\":\"https:\/\/elcomunista.org\/#\/schema\/logo\/image\/\"},\"sameAs\":[\"https:\/\/www.facebook.com\/Bloquepopularjuvenil\",\"https:\/\/x.com\/ElBPJ\",\"https:\/\/www.instagram.com\/elbloque_bpj\/?hl=es-la\"]},{\"@type\":\"Person\",\"@id\":\"https:\/\/elcomunista.org\/#\/schema\/person\/d55d5350d790a4464cbc0e898065567d\",\"name\":\"Bloque Popular Juvenil\",\"image\":{\"@type\":\"ImageObject\",\"inLanguage\":\"es\",\"@id\":\"https:\/\/elcomunista.org\/#\/schema\/person\/image\/\",\"url\":\"https:\/\/secure.gravatar.com\/avatar\/85d12dca789bb6379dc38a198e1576cd?s=96&d=mm&r=g\",\"contentUrl\":\"https:\/\/secure.gravatar.com\/avatar\/85d12dca789bb6379dc38a198e1576cd?s=96&d=mm&r=g\",\"caption\":\"Bloque Popular Juvenil\"},\"url\":\"https:\/\/elcomunista.org\/?author=1\"}]}<\/script>\n<!-- \/ Yoast SEO plugin. -->","yoast_head_json":{"title":"COMUNICADO, a 74 a\u00f1os de la revoluci\u00f3n del 44 en Guatemala","robots":{"index":"index","follow":"follow","max-snippet":"max-snippet:-1","max-image-preview":"max-image-preview:large","max-video-preview":"max-video-preview:-1"},"canonical":"https:\/\/elcomunista.org\/?p=4361","og_locale":"es_ES","og_type":"article","og_title":"COMUNICADO, a 74 a\u00f1os de la revoluci\u00f3n del 44 en Guatemala","og_description":"Dirigido con respeto hacia todas las clases oprimidas y explotadas de este pa\u00eds de primavera que ha estado en pie de lucha y sin embargo sufriendo las desgracias de la pobreza, discriminaci\u00f3n, marginaci\u00f3n y falta de acceso a los recursos humanos esenciales para vivir dignamente. A este sistema impuesto que ha sembrado y cosechado odio,\u00a0...","og_url":"https:\/\/elcomunista.org\/?p=4361","og_site_name":"Revoluci\u00f3n Comunista","article_publisher":"https:\/\/www.facebook.com\/Bloquepopularjuvenil","article_published_time":"2018-11-11T00:52:13+00:00","article_modified_time":"2018-11-12T01:57:28+00:00","og_image":[{"width":600,"height":398,"url":"https:\/\/elcomunista.org\/wp-content\/uploads\/2018\/11\/Iimagen-de-la-revoluci\u00f3n-de-1944-foto-por-tercerainformacion.es_.jpg","type":"image\/jpeg"}],"author":"Bloque Popular Juvenil","twitter_card":"summary_large_image","twitter_creator":"@ElBPJ","twitter_site":"@ElBPJ","twitter_misc":{"Escrito por":"Bloque Popular Juvenil","Tiempo de lectura":"6 minutos"},"schema":{"@context":"https:\/\/schema.org","@graph":[{"@type":"Article","@id":"https:\/\/elcomunista.org\/?p=4361#article","isPartOf":{"@id":"https:\/\/elcomunista.org\/?p=4361"},"author":{"name":"Bloque Popular Juvenil","@id":"https:\/\/elcomunista.org\/#\/schema\/person\/d55d5350d790a4464cbc0e898065567d"},"headline":"COMUNICADO, a 74 a\u00f1os de la revoluci\u00f3n del 44 en Guatemala","datePublished":"2018-11-11T00:52:13+00:00","dateModified":"2018-11-12T01:57:28+00:00","mainEntityOfPage":{"@id":"https:\/\/elcomunista.org\/?p=4361"},"wordCount":1134,"commentCount":0,"publisher":{"@id":"https:\/\/elcomunista.org\/#organization"},"image":{"@id":"https:\/\/elcomunista.org\/?p=4361#primaryimage"},"thumbnailUrl":"https:\/\/elcomunista.org\/wp-content\/uploads\/2018\/11\/Iimagen-de-la-revoluci\u00f3n-de-1944-foto-por-tercerainformacion.es_.jpg","keywords":["comunicado","Guatemala","Revoluci\u00f3n del 44","USAC"],"articleSection":["Centroam\u00e9rica","Guatemala","Historia"],"inLanguage":"es","potentialAction":[{"@type":"CommentAction","name":"Comment","target":["https:\/\/elcomunista.org\/?p=4361#respond"]}]},{"@type":"WebPage","@id":"https:\/\/elcomunista.org\/?p=4361","url":"https:\/\/elcomunista.org\/?p=4361","name":"COMUNICADO, a 74 a\u00f1os de la revoluci\u00f3n del 44 en Guatemala","isPartOf":{"@id":"https:\/\/elcomunista.org\/#website"},"primaryImageOfPage":{"@id":"https:\/\/elcomunista.org\/?p=4361#primaryimage"},"image":{"@id":"https:\/\/elcomunista.org\/?p=4361#primaryimage"},"thumbnailUrl":"https:\/\/elcomunista.org\/wp-content\/uploads\/2018\/11\/Iimagen-de-la-revoluci\u00f3n-de-1944-foto-por-tercerainformacion.es_.jpg","datePublished":"2018-11-11T00:52:13+00:00","dateModified":"2018-11-12T01:57:28+00:00","breadcrumb":{"@id":"https:\/\/elcomunista.org\/?p=4361#breadcrumb"},"inLanguage":"es","potentialAction":[{"@type":"ReadAction","target":["https:\/\/elcomunista.org\/?p=4361"]}]},{"@type":"ImageObject","inLanguage":"es","@id":"https:\/\/elcomunista.org\/?p=4361#primaryimage","url":"https:\/\/elcomunista.org\/wp-content\/uploads\/2018\/11\/Iimagen-de-la-revoluci\u00f3n-de-1944-foto-por-tercerainformacion.es_.jpg","contentUrl":"https:\/\/elcomunista.org\/wp-content\/uploads\/2018\/11\/Iimagen-de-la-revoluci\u00f3n-de-1944-foto-por-tercerainformacion.es_.jpg","width":600,"height":398},{"@type":"BreadcrumbList","@id":"https:\/\/elcomunista.org\/?p=4361#breadcrumb","itemListElement":[{"@type":"ListItem","position":1,"name":"Portada","item":"https:\/\/elcomunista.org\/"},{"@type":"ListItem","position":2,"name":"COMUNICADO, a 74 a\u00f1os de la revoluci\u00f3n del 44 en Guatemala"}]},{"@type":"WebSite","@id":"https:\/\/elcomunista.org\/#website","url":"https:\/\/elcomunista.org\/","name":"Revoluci\u00f3n Comunista","description":"Internacional Comunista Revolucionaria","publisher":{"@id":"https:\/\/elcomunista.org\/#organization"},"potentialAction":[{"@type":"SearchAction","target":{"@type":"EntryPoint","urlTemplate":"https:\/\/elcomunista.org\/?s={search_term_string}"},"query-input":{"@type":"PropertyValueSpecification","valueRequired":true,"valueName":"search_term_string"}}],"inLanguage":"es"},{"@type":"Organization","@id":"https:\/\/elcomunista.org\/#organization","name":"Bloque Popular Juvenil","url":"https:\/\/elcomunista.org\/","logo":{"@type":"ImageObject","inLanguage":"es","@id":"https:\/\/elcomunista.org\/#\/schema\/logo\/image\/","url":"https:\/\/bloquepopularjuvenil.org\/wp-content\/uploads\/2018\/11\/bpj-militante.jpg","contentUrl":"https:\/\/bloquepopularjuvenil.org\/wp-content\/uploads\/2018\/11\/bpj-militante.jpg","width":4000,"height":1390,"caption":"Bloque Popular Juvenil"},"image":{"@id":"https:\/\/elcomunista.org\/#\/schema\/logo\/image\/"},"sameAs":["https:\/\/www.facebook.com\/Bloquepopularjuvenil","https:\/\/x.com\/ElBPJ","https:\/\/www.instagram.com\/elbloque_bpj\/?hl=es-la"]},{"@type":"Person","@id":"https:\/\/elcomunista.org\/#\/schema\/person\/d55d5350d790a4464cbc0e898065567d","name":"Bloque Popular Juvenil","image":{"@type":"ImageObject","inLanguage":"es","@id":"https:\/\/elcomunista.org\/#\/schema\/person\/image\/","url":"https:\/\/secure.gravatar.com\/avatar\/85d12dca789bb6379dc38a198e1576cd?s=96&d=mm&r=g","contentUrl":"https:\/\/secure.gravatar.com\/avatar\/85d12dca789bb6379dc38a198e1576cd?s=96&d=mm&r=g","caption":"Bloque Popular Juvenil"},"url":"https:\/\/elcomunista.org\/?author=1"}]}},"jetpack_featured_media_url":"https:\/\/elcomunista.org\/wp-content\/uploads\/2018\/11\/Iimagen-de-la-revoluci\u00f3n-de-1944-foto-por-tercerainformacion.es_.jpg","jetpack_likes_enabled":true,"jetpack_sharing_enabled":true,"_links":{"self":[{"href":"https:\/\/elcomunista.org\/index.php?rest_route=\/wp\/v2\/posts\/4361"}],"collection":[{"href":"https:\/\/elcomunista.org\/index.php?rest_route=\/wp\/v2\/posts"}],"about":[{"href":"https:\/\/elcomunista.org\/index.php?rest_route=\/wp\/v2\/types\/post"}],"author":[{"embeddable":true,"href":"https:\/\/elcomunista.org\/index.php?rest_route=\/wp\/v2\/users\/1"}],"replies":[{"embeddable":true,"href":"https:\/\/elcomunista.org\/index.php?rest_route=%2Fwp%2Fv2%2Fcomments&post=4361"}],"version-history":[{"count":0,"href":"https:\/\/elcomunista.org\/index.php?rest_route=\/wp\/v2\/posts\/4361\/revisions"}],"wp:featuredmedia":[{"embeddable":true,"href":"https:\/\/elcomunista.org\/index.php?rest_route=\/wp\/v2\/media\/4362"}],"wp:attachment":[{"href":"https:\/\/elcomunista.org\/index.php?rest_route=%2Fwp%2Fv2%2Fmedia&parent=4361"}],"wp:term":[{"taxonomy":"category","embeddable":true,"href":"https:\/\/elcomunista.org\/index.php?rest_route=%2Fwp%2Fv2%2Fcategories&post=4361"},{"taxonomy":"post_tag","embeddable":true,"href":"https:\/\/elcomunista.org\/index.php?rest_route=%2Fwp%2Fv2%2Ftags&post=4361"}],"curies":[{"name":"wp","href":"https:\/\/api.w.org\/{rel}","templated":true}]}}