{"id":4385,"date":"2018-11-12T22:50:36","date_gmt":"2018-11-13T04:50:36","guid":{"rendered":"http:\/\/bloquepopularjuvenil.org\/?p=4385"},"modified":"2018-11-24T21:14:09","modified_gmt":"2018-11-25T03:14:09","slug":"4385-2","status":"publish","type":"post","link":"https:\/\/elcomunista.org\/?p=4385","title":{"rendered":"\u00bfEmpleo para todos?"},"content":{"rendered":"<p>Cada campa\u00f1a electoral es una oportunidad para poner nuevamente en la palestra p\u00fablica el abanico de problemas que padecemos. Ante ellos, los diversos candidatos hacen gala de sus propuestas en esa competencia por votos que al final resulta asfixiante para la poblaci\u00f3n, sobre todo, porque de lo que se promete en campa\u00f1a poco o nada se cumple una vez est\u00e1n en el gobierno.<\/p>\n<p>Un tema muy particular, aqu\u00ed y en cualquier lugar del mundo, es el tema del empleo, pues es un eje central tanto en el desarrollo de pa\u00eds, como en el bienestar de la poblaci\u00f3n, por lo que no es de extra\u00f1ar que sea un tema primordial de campa\u00f1a. En ese sentido, \u00a0quien ha hecho la oferta m\u00e1s atrevida al respecto, es el candidato del partido ARENA, Carlos Calleja, quien ha ofrecido la creaci\u00f3n de 300,000 nuevos empleos<a href=\"#_ftn1\" name=\"_ftnref1\">[1]<\/a>.<\/p>\n<p>Seg\u00fan el Ministerio de Trabajo entre septiembre del 2016 a septiembre del 2017 \u201c<em>El pa\u00eds ha registrado un incremento de empleo formales por un n\u00famero de 4,075 nuevos trabajadores y trabajadoras.\u201d<a href=\"#_ftn2\" name=\"_ftnref2\"><strong>[2]<\/strong><\/a> <\/em>En una nota period\u00edstica de El Diario de Hoy de febrero de este a\u00f1o, se\u00f1ala que en \u201c<em>2014 el ISSS \u00fanicamente registr\u00f3 5,009 cotizantes con empleo formal. En 2015 el Seguro Social registr\u00f3 11,427 cotizantes, en 2016 alrededor de 13,223 y para 2017, hasta octubre pasado, apenas se hab\u00edan creado 6,723 plazas de trabajo<\/em>\u201d<a href=\"#_ftn3\" name=\"_ftnref3\">[3]<\/a> \u00bfC\u00f3mo de esos n\u00fameros tan irregulares podr\u00e1 llegarse a la creaci\u00f3n de 60,000 empleos anuales? Seg\u00fan la f\u00f3rmula presidencial de arena es cuesti\u00f3n de hacer crecer la econom\u00eda del 2 % al 5 % y para ello basta aumentar la inversi\u00f3n p\u00fablica del 2 % al 4 % y la inversi\u00f3n privada debe aumentar del 13 % al 21 %<a href=\"#_ftn4\" name=\"_ftnref4\">[4]<\/a>. Ojal\u00e1 fuera tan simple como sumar n\u00fameros.<\/p>\n<p>Bajo el esquema capitalista la econom\u00eda crece, pero aquellas que crecen al nivel que plantea Calleja son muy pocas. Alemania, motor de Europa, creci\u00f3 en 2017 2.1 %, para el 2018 crecer\u00e1 1.8 % seg\u00fan el FMI<a href=\"#_ftn5\" name=\"_ftnref5\">[5]<\/a>. EE.UU en el segundo trimestre de 2018 creci\u00f3 4.1 % gracias a su consumo interno y la adelantada exportaci\u00f3n de soya a China antes de la aplicaci\u00f3n de los nuevos aranceles<a href=\"#_ftn6\" name=\"_ftnref6\">[6]<\/a>. Tal vez estos pa\u00edses necesiten la asesor\u00eda de Carlos Calleja y Carmen Aida Lazo para mejorar sus econom\u00edas.<\/p>\n<p>Ahora la propuesta de la oligarqu\u00eda para hacer crecer al pa\u00eds, no es nada nuevo, en una nota de la Prensa Gr\u00e1fica<a href=\"#_ftn7\" name=\"_ftnref7\">[7]<\/a> (24 de agosto 2018) plantean que es primordial la \u201ccerteza y confianza\u201d para el empresario privado de invertir; abrirse a la innovaci\u00f3n tecnol\u00f3gica \u201cadelantarnos a las tendencias\u201d dice, -como si fu\u00e9ramos reconocidos por nuestras innovaciones tecnol\u00f3gicas-, y dar un vuelco educativo hacia el \u00e1rea inform\u00e1tica, para el desarrollo de software, (eso s\u00ed es nuevo y positivo). Ponen \u00e9nfasis tambi\u00e9n en el sector turismo, que se ha venido desarrollando desde hace a\u00f1os, pero que no deja de ser trabajo de servidumbre para el pueblo. Reactivar todo el sector agropecuario; apoyar al emprendedurismo y a las peque\u00f1as y micro empresas y a los Call Center. <em>Hacer un esfuerzo sostenido por sacar de la informalidad a los y las miles de salvadore\u00f1as que trabajan en el sector, aplicando un sistema tributario distinto, algo que quieren hacer desde a\u00f1os, cobrar impuestos al pobre, en lugar de exigir que los ricos paguen sus impuestos, y hacer una reforma fiscal progresiva, por el contrario, para la gran empresa m\u00e1s de lo mismo, facilitar tr\u00e1mites burocr\u00e1ticos y exenci\u00f3n de impuestos<a href=\"#_ftn8\" name=\"_ftnref8\"><strong>[8]<\/strong><\/a>.<\/em><\/p>\n<p>Algo en lo que son muy buenas las derechas es en ignorar la realidad de nuestros pa\u00edses; m\u00e1s la de El Salvador, un pa\u00eds como el nuestro, con pocos recursos naturales, poca especializaci\u00f3n de la mano de obra, con un capitalismo tan primitivo dependiente de las remesas. Con la injerencia del imperio que marca el paso de nuestra econom\u00eda e impone su agenda en nuestra pol\u00edtica interna. Con altos niveles de corrupci\u00f3n; con una profunda debilidad institucional, con el lastre hist\u00f3rico de la impunidad; asediados por el crimen organizado, las mafias de narcotraficantes, el desarrollo territorial de las maras y la permanente migraci\u00f3n de la poblaci\u00f3n \u00bfqu\u00e9 pol\u00edticas puede desarrollar un gobierno, al menos progresista, pero con la visi\u00f3n de la necesidad de realizar cambios estructurales, que conlleven al desarrollo humano integral de nuestra sociedad?<\/p>\n<p>Contraria a la visi\u00f3n de la oligarqu\u00eda representada en la \u201cAlianza por un Nuevo Pa\u00eds\u201d quienes por cierto siempre presentan al Estado, como obst\u00e1culo a sus deseos de crecimiento, para la Izquierda Marxista el objetivo debe ser siempre demostrar que el Estado burgu\u00e9s responde a intereses de clase y que est\u00e1 al servicio de esa oligarqu\u00eda que se queja falsamente de \u00e9l. Pasar de un modelo econ\u00f3mico de terciarizaci\u00f3n a uno productivo enfoc\u00e1ndose en el desarrollo de la agro-industrializaci\u00f3n, privilegiando al obrero y al campesino, no a los grandes terratenientes del pa\u00eds. Pero adem\u00e1s ver hacia los mercados tecnol\u00f3gicos, desarrollo de software bajo conceptos como \u201cel internet de las cosas\u201d, rob\u00f3tica, etc.<\/p>\n<p>Bajo el esquema capitalista la econom\u00eda privada crece, sin embargo, un partido socialista que gobierne, no quiere hacer crecer la econom\u00eda solamente como un dato estad\u00edstico, en primera instancia busca organizar la econom\u00eda tomando en cuenta la necesidad de la mayor\u00eda y busca ponerla bajo el control de los trabajadores. En este sentido, un partido revolucionario debe intentar mejorar la capacidad productiva a trav\u00e9s de la agro-industrializaci\u00f3n, desarrollo tecnol\u00f3gico, mover la educaci\u00f3n hacia las nuevas fronteras del conocimiento, pero sobre todo, poner las nuevas industrias bajo el control de los trabajadores. Estas medidas no se limitan a un plano econ\u00f3mico, son tambi\u00e9n, medidas pol\u00edticas: el control de los obreros en las f\u00e1bricas, de los campesinos de la tierra y la capacidad de autodeterminaci\u00f3n del individuo, deben estar bajo la l\u00f3gica de crear los principios de la organizaci\u00f3n socialista a trav\u00e9s de los Consejos de F\u00e1brica, Consejos del Campesinado y Consejos Comunitarios.<\/p>\n<hr \/>\n<p>&nbsp;<\/p>\n<p>Citas:<\/p>\n<p><a href=\"#_ftnref1\" name=\"_ftn1\">[1]<\/a> <a href=\"http:\/\/www.eldiariodehoy.com\/politica\/94772\/formula-presidencial-de-arena-promete-generar-mas-de-300-mil-empleos\/\">http:\/\/www.eldiariodehoy.com\/politica\/94772\/formula-presidencial-de-arena-promete-generar-mas-de-300-mil-empleos\/<\/a><\/p>\n<p><a href=\"#_ftnref2\" name=\"_ftn2\">[2]<\/a> <a href=\"http:\/\/www.mtps.gob.sv\/noticias\/los-empleos-formales-crecieron-2017\/\">http:\/\/www.mtps.gob.sv\/noticias\/los-empleos-formales-crecieron-2017\/<\/a><\/p>\n<p><a href=\"#_ftnref3\" name=\"_ftn3\">[3]<\/a> <a href=\"https:\/\/www.elsalvador.com\/noticias\/negocios\/455326\/en-ultimo-ano-solo-se-crearon-solo-6723-empleos-formales\/\">https:\/\/www.elsalvador.com\/noticias\/negocios\/455326\/en-ultimo-ano-solo-se-crearon-solo-6723-empleos-formales\/<\/a><\/p>\n<p><a href=\"#_ftnref4\" name=\"_ftn4\">[4]<\/a> <a href=\"https:\/\/www.laprensagrafica.com\/elsalvador\/No-hay-otra-formula-con-capacidad-para-generar-trabajo-como-nosotros-20180823-0121.html\">https:\/\/www.laprensagrafica.com\/elsalvador\/No-hay-otra-formula-con-capacidad-para-generar-trabajo-como-nosotros-20180823-0121.html<\/a><\/p>\n<p><a href=\"#_ftnref5\" name=\"_ftn5\">[5]<\/a> <a href=\"https:\/\/es.portal.santandertrade.com\/analizar-mercados\/alemania\/politica-y-economia\">https:\/\/es.portal.santandertrade.com\/analizar-mercados\/alemania\/politica-y-economia<\/a><\/p>\n<p><a href=\"#_ftnref6\" name=\"_ftn6\">[6]<\/a> <a href=\"https:\/\/elcomercio.pe\/economia\/mundo\/economia-ee-uu-crecio-4-1-segundo-trimestre-2018-noticia-540542\">https:\/\/elcomercio.pe\/economia\/mundo\/economia-ee-uu-crecio-4-1-segundo-trimestre-2018-noticia-540542<\/a><\/p>\n<p><a href=\"#_ftnref7\" name=\"_ftn7\">[7]<\/a> <a href=\"https:\/\/www.laprensagrafica.com\/elsalvador\/No-hay-otra-formula-con-capacidad-para-generar-trabajo-como-nosotros-20180823-0121.html\">https:\/\/www.laprensagrafica.com\/elsalvador\/No-hay-otra-formula-con-capacidad-para-generar-trabajo-como-nosotros-20180823-0121.html<\/a><\/p>\n<p><a href=\"#_ftnref8\" name=\"_ftn8\">[8]<\/a> <a href=\"https:\/\/www.laprensagrafica.com\/elsalvador\/No-hay-otra-formula-con-capacidad-para-generar-trabajo-como-nosotros-20180823-0121.html\">https:\/\/www.laprensagrafica.com\/elsalvador\/No-hay-otra-formula-con-capacidad-para-generar-trabajo-como-nosotros-20180823-0121.html<\/a><\/p>\n<p>&nbsp;<\/p>\n","protected":false},"excerpt":{"rendered":"<p>Cada campa\u00f1a electoral es una oportunidad para poner nuevamente en la palestra p\u00fablica el abanico de problemas que padecemos. Ante ellos, los diversos candidatos hacen gala de sus propuestas en esa competencia por votos que al final resulta asfixiante para la poblaci\u00f3n, sobre todo, porque de lo que se promete en campa\u00f1a poco o nada&#8230;<\/p>\n","protected":false},"author":58,"featured_media":4386,"comment_status":"open","ping_status":"open","sticky":false,"template":"","format":"standard","meta":{"_monsterinsights_skip_tracking":false,"_monsterinsights_sitenote_active":false,"_monsterinsights_sitenote_note":"","_monsterinsights_sitenote_category":0,"_uf_show_specific_survey":0,"_uf_disable_surveys":false,"_jetpack_memberships_contains_paid_content":false,"footnotes":""},"categories":[253,537],"tags":[224,521],"class_list":["post-4385","post","type-post","status-publish","format-standard","has-post-thumbnail","hentry","category-elecciones-2019","category-principales","tag-carlos-calleja","tag-empleo-para-todos"],"aioseo_notices":[],"yoast_head":"<!-- This site is optimized with the Yoast SEO plugin v25.6 - https:\/\/yoast.com\/wordpress\/plugins\/seo\/ -->\n<title>\u00bfEmpleo para todos?<\/title>\n<meta name=\"robots\" content=\"index, follow, max-snippet:-1, max-image-preview:large, max-video-preview:-1\" \/>\n<link rel=\"canonical\" href=\"https:\/\/elcomunista.org\/?p=4385\" \/>\n<meta property=\"og:locale\" content=\"es_ES\" \/>\n<meta property=\"og:type\" content=\"article\" \/>\n<meta property=\"og:title\" content=\"\u00bfEmpleo para todos?\" \/>\n<meta property=\"og:description\" content=\"Cada campa\u00f1a electoral es una oportunidad para poner nuevamente en la palestra p\u00fablica el abanico de problemas que padecemos. Ante ellos, los diversos candidatos hacen gala de sus propuestas en esa competencia por votos que al final resulta asfixiante para la poblaci\u00f3n, sobre todo, porque de lo que se promete en campa\u00f1a poco o nada...\" \/>\n<meta property=\"og:url\" content=\"https:\/\/elcomunista.org\/?p=4385\" \/>\n<meta property=\"og:site_name\" content=\"Revoluci\u00f3n Comunista\" \/>\n<meta property=\"article:publisher\" content=\"https:\/\/www.facebook.com\/Bloquepopularjuvenil\" \/>\n<meta property=\"article:published_time\" content=\"2018-11-13T04:50:36+00:00\" \/>\n<meta property=\"article:modified_time\" content=\"2018-11-25T03:14:09+00:00\" \/>\n<meta property=\"og:image\" content=\"https:\/\/elcomunista.org\/wp-content\/uploads\/2018\/11\/45713897_1946097818758902_3414761989757468672_n-2.jpg\" \/>\n\t<meta property=\"og:image:width\" content=\"960\" \/>\n\t<meta property=\"og:image:height\" content=\"515\" \/>\n\t<meta property=\"og:image:type\" content=\"image\/jpeg\" \/>\n<meta name=\"author\" content=\"Iv\u00e1n Castro\" \/>\n<meta name=\"twitter:card\" content=\"summary_large_image\" \/>\n<meta name=\"twitter:creator\" content=\"@ElBPJ\" \/>\n<meta name=\"twitter:site\" content=\"@ElBPJ\" \/>\n<meta name=\"twitter:label1\" content=\"Escrito por\" \/>\n\t<meta name=\"twitter:data1\" content=\"Iv\u00e1n Castro\" \/>\n\t<meta name=\"twitter:label2\" content=\"Tiempo de lectura\" \/>\n\t<meta name=\"twitter:data2\" content=\"5 minutos\" \/>\n<script type=\"application\/ld+json\" class=\"yoast-schema-graph\">{\"@context\":\"https:\/\/schema.org\",\"@graph\":[{\"@type\":\"Article\",\"@id\":\"https:\/\/elcomunista.org\/?p=4385#article\",\"isPartOf\":{\"@id\":\"https:\/\/elcomunista.org\/?p=4385\"},\"author\":{\"name\":\"Iv\u00e1n Castro\",\"@id\":\"https:\/\/elcomunista.org\/#\/schema\/person\/d969cd35d0a7ebe415a282c37e6f6b8d\"},\"headline\":\"\u00bfEmpleo para todos?\",\"datePublished\":\"2018-11-13T04:50:36+00:00\",\"dateModified\":\"2018-11-25T03:14:09+00:00\",\"mainEntityOfPage\":{\"@id\":\"https:\/\/elcomunista.org\/?p=4385\"},\"wordCount\":1102,\"commentCount\":0,\"publisher\":{\"@id\":\"https:\/\/elcomunista.org\/#organization\"},\"image\":{\"@id\":\"https:\/\/elcomunista.org\/?p=4385#primaryimage\"},\"thumbnailUrl\":\"https:\/\/elcomunista.org\/wp-content\/uploads\/2018\/11\/45713897_1946097818758902_3414761989757468672_n-2.jpg\",\"keywords\":[\"Carlos Calleja\",\"Empleo para todos\"],\"articleSection\":[\"Elecciones 2019\",\"Principales\"],\"inLanguage\":\"es\",\"potentialAction\":[{\"@type\":\"CommentAction\",\"name\":\"Comment\",\"target\":[\"https:\/\/elcomunista.org\/?p=4385#respond\"]}]},{\"@type\":\"WebPage\",\"@id\":\"https:\/\/elcomunista.org\/?p=4385\",\"url\":\"https:\/\/elcomunista.org\/?p=4385\",\"name\":\"\u00bfEmpleo para todos?\",\"isPartOf\":{\"@id\":\"https:\/\/elcomunista.org\/#website\"},\"primaryImageOfPage\":{\"@id\":\"https:\/\/elcomunista.org\/?p=4385#primaryimage\"},\"image\":{\"@id\":\"https:\/\/elcomunista.org\/?p=4385#primaryimage\"},\"thumbnailUrl\":\"https:\/\/elcomunista.org\/wp-content\/uploads\/2018\/11\/45713897_1946097818758902_3414761989757468672_n-2.jpg\",\"datePublished\":\"2018-11-13T04:50:36+00:00\",\"dateModified\":\"2018-11-25T03:14:09+00:00\",\"breadcrumb\":{\"@id\":\"https:\/\/elcomunista.org\/?p=4385#breadcrumb\"},\"inLanguage\":\"es\",\"potentialAction\":[{\"@type\":\"ReadAction\",\"target\":[\"https:\/\/elcomunista.org\/?p=4385\"]}]},{\"@type\":\"ImageObject\",\"inLanguage\":\"es\",\"@id\":\"https:\/\/elcomunista.org\/?p=4385#primaryimage\",\"url\":\"https:\/\/elcomunista.org\/wp-content\/uploads\/2018\/11\/45713897_1946097818758902_3414761989757468672_n-2.jpg\",\"contentUrl\":\"https:\/\/elcomunista.org\/wp-content\/uploads\/2018\/11\/45713897_1946097818758902_3414761989757468672_n-2.jpg\",\"width\":960,\"height\":515},{\"@type\":\"BreadcrumbList\",\"@id\":\"https:\/\/elcomunista.org\/?p=4385#breadcrumb\",\"itemListElement\":[{\"@type\":\"ListItem\",\"position\":1,\"name\":\"Portada\",\"item\":\"https:\/\/elcomunista.org\/\"},{\"@type\":\"ListItem\",\"position\":2,\"name\":\"\u00bfEmpleo para todos?\"}]},{\"@type\":\"WebSite\",\"@id\":\"https:\/\/elcomunista.org\/#website\",\"url\":\"https:\/\/elcomunista.org\/\",\"name\":\"Revoluci\u00f3n Comunista\",\"description\":\"Internacional Comunista Revolucionaria\",\"publisher\":{\"@id\":\"https:\/\/elcomunista.org\/#organization\"},\"potentialAction\":[{\"@type\":\"SearchAction\",\"target\":{\"@type\":\"EntryPoint\",\"urlTemplate\":\"https:\/\/elcomunista.org\/?s={search_term_string}\"},\"query-input\":{\"@type\":\"PropertyValueSpecification\",\"valueRequired\":true,\"valueName\":\"search_term_string\"}}],\"inLanguage\":\"es\"},{\"@type\":\"Organization\",\"@id\":\"https:\/\/elcomunista.org\/#organization\",\"name\":\"Bloque Popular Juvenil\",\"url\":\"https:\/\/elcomunista.org\/\",\"logo\":{\"@type\":\"ImageObject\",\"inLanguage\":\"es\",\"@id\":\"https:\/\/elcomunista.org\/#\/schema\/logo\/image\/\",\"url\":\"https:\/\/bloquepopularjuvenil.org\/wp-content\/uploads\/2018\/11\/bpj-militante.jpg\",\"contentUrl\":\"https:\/\/bloquepopularjuvenil.org\/wp-content\/uploads\/2018\/11\/bpj-militante.jpg\",\"width\":4000,\"height\":1390,\"caption\":\"Bloque Popular Juvenil\"},\"image\":{\"@id\":\"https:\/\/elcomunista.org\/#\/schema\/logo\/image\/\"},\"sameAs\":[\"https:\/\/www.facebook.com\/Bloquepopularjuvenil\",\"https:\/\/x.com\/ElBPJ\",\"https:\/\/www.instagram.com\/elbloque_bpj\/?hl=es-la\"]},{\"@type\":\"Person\",\"@id\":\"https:\/\/elcomunista.org\/#\/schema\/person\/d969cd35d0a7ebe415a282c37e6f6b8d\",\"name\":\"Iv\u00e1n Castro\",\"image\":{\"@type\":\"ImageObject\",\"inLanguage\":\"es\",\"@id\":\"https:\/\/elcomunista.org\/#\/schema\/person\/image\/\",\"url\":\"https:\/\/secure.gravatar.com\/avatar\/f41b41e67177fdfed1326b3a5e4c449e?s=96&d=mm&r=g\",\"contentUrl\":\"https:\/\/secure.gravatar.com\/avatar\/f41b41e67177fdfed1326b3a5e4c449e?s=96&d=mm&r=g\",\"caption\":\"Iv\u00e1n Castro\"},\"url\":\"https:\/\/elcomunista.org\/?author=58\"}]}<\/script>\n<!-- \/ Yoast SEO plugin. -->","yoast_head_json":{"title":"\u00bfEmpleo para todos?","robots":{"index":"index","follow":"follow","max-snippet":"max-snippet:-1","max-image-preview":"max-image-preview:large","max-video-preview":"max-video-preview:-1"},"canonical":"https:\/\/elcomunista.org\/?p=4385","og_locale":"es_ES","og_type":"article","og_title":"\u00bfEmpleo para todos?","og_description":"Cada campa\u00f1a electoral es una oportunidad para poner nuevamente en la palestra p\u00fablica el abanico de problemas que padecemos. Ante ellos, los diversos candidatos hacen gala de sus propuestas en esa competencia por votos que al final resulta asfixiante para la poblaci\u00f3n, sobre todo, porque de lo que se promete en campa\u00f1a poco o nada...","og_url":"https:\/\/elcomunista.org\/?p=4385","og_site_name":"Revoluci\u00f3n Comunista","article_publisher":"https:\/\/www.facebook.com\/Bloquepopularjuvenil","article_published_time":"2018-11-13T04:50:36+00:00","article_modified_time":"2018-11-25T03:14:09+00:00","og_image":[{"width":960,"height":515,"url":"https:\/\/elcomunista.org\/wp-content\/uploads\/2018\/11\/45713897_1946097818758902_3414761989757468672_n-2.jpg","type":"image\/jpeg"}],"author":"Iv\u00e1n Castro","twitter_card":"summary_large_image","twitter_creator":"@ElBPJ","twitter_site":"@ElBPJ","twitter_misc":{"Escrito por":"Iv\u00e1n Castro","Tiempo de lectura":"5 minutos"},"schema":{"@context":"https:\/\/schema.org","@graph":[{"@type":"Article","@id":"https:\/\/elcomunista.org\/?p=4385#article","isPartOf":{"@id":"https:\/\/elcomunista.org\/?p=4385"},"author":{"name":"Iv\u00e1n Castro","@id":"https:\/\/elcomunista.org\/#\/schema\/person\/d969cd35d0a7ebe415a282c37e6f6b8d"},"headline":"\u00bfEmpleo para todos?","datePublished":"2018-11-13T04:50:36+00:00","dateModified":"2018-11-25T03:14:09+00:00","mainEntityOfPage":{"@id":"https:\/\/elcomunista.org\/?p=4385"},"wordCount":1102,"commentCount":0,"publisher":{"@id":"https:\/\/elcomunista.org\/#organization"},"image":{"@id":"https:\/\/elcomunista.org\/?p=4385#primaryimage"},"thumbnailUrl":"https:\/\/elcomunista.org\/wp-content\/uploads\/2018\/11\/45713897_1946097818758902_3414761989757468672_n-2.jpg","keywords":["Carlos Calleja","Empleo para todos"],"articleSection":["Elecciones 2019","Principales"],"inLanguage":"es","potentialAction":[{"@type":"CommentAction","name":"Comment","target":["https:\/\/elcomunista.org\/?p=4385#respond"]}]},{"@type":"WebPage","@id":"https:\/\/elcomunista.org\/?p=4385","url":"https:\/\/elcomunista.org\/?p=4385","name":"\u00bfEmpleo para todos?","isPartOf":{"@id":"https:\/\/elcomunista.org\/#website"},"primaryImageOfPage":{"@id":"https:\/\/elcomunista.org\/?p=4385#primaryimage"},"image":{"@id":"https:\/\/elcomunista.org\/?p=4385#primaryimage"},"thumbnailUrl":"https:\/\/elcomunista.org\/wp-content\/uploads\/2018\/11\/45713897_1946097818758902_3414761989757468672_n-2.jpg","datePublished":"2018-11-13T04:50:36+00:00","dateModified":"2018-11-25T03:14:09+00:00","breadcrumb":{"@id":"https:\/\/elcomunista.org\/?p=4385#breadcrumb"},"inLanguage":"es","potentialAction":[{"@type":"ReadAction","target":["https:\/\/elcomunista.org\/?p=4385"]}]},{"@type":"ImageObject","inLanguage":"es","@id":"https:\/\/elcomunista.org\/?p=4385#primaryimage","url":"https:\/\/elcomunista.org\/wp-content\/uploads\/2018\/11\/45713897_1946097818758902_3414761989757468672_n-2.jpg","contentUrl":"https:\/\/elcomunista.org\/wp-content\/uploads\/2018\/11\/45713897_1946097818758902_3414761989757468672_n-2.jpg","width":960,"height":515},{"@type":"BreadcrumbList","@id":"https:\/\/elcomunista.org\/?p=4385#breadcrumb","itemListElement":[{"@type":"ListItem","position":1,"name":"Portada","item":"https:\/\/elcomunista.org\/"},{"@type":"ListItem","position":2,"name":"\u00bfEmpleo para todos?"}]},{"@type":"WebSite","@id":"https:\/\/elcomunista.org\/#website","url":"https:\/\/elcomunista.org\/","name":"Revoluci\u00f3n Comunista","description":"Internacional Comunista Revolucionaria","publisher":{"@id":"https:\/\/elcomunista.org\/#organization"},"potentialAction":[{"@type":"SearchAction","target":{"@type":"EntryPoint","urlTemplate":"https:\/\/elcomunista.org\/?s={search_term_string}"},"query-input":{"@type":"PropertyValueSpecification","valueRequired":true,"valueName":"search_term_string"}}],"inLanguage":"es"},{"@type":"Organization","@id":"https:\/\/elcomunista.org\/#organization","name":"Bloque Popular Juvenil","url":"https:\/\/elcomunista.org\/","logo":{"@type":"ImageObject","inLanguage":"es","@id":"https:\/\/elcomunista.org\/#\/schema\/logo\/image\/","url":"https:\/\/bloquepopularjuvenil.org\/wp-content\/uploads\/2018\/11\/bpj-militante.jpg","contentUrl":"https:\/\/bloquepopularjuvenil.org\/wp-content\/uploads\/2018\/11\/bpj-militante.jpg","width":4000,"height":1390,"caption":"Bloque Popular Juvenil"},"image":{"@id":"https:\/\/elcomunista.org\/#\/schema\/logo\/image\/"},"sameAs":["https:\/\/www.facebook.com\/Bloquepopularjuvenil","https:\/\/x.com\/ElBPJ","https:\/\/www.instagram.com\/elbloque_bpj\/?hl=es-la"]},{"@type":"Person","@id":"https:\/\/elcomunista.org\/#\/schema\/person\/d969cd35d0a7ebe415a282c37e6f6b8d","name":"Iv\u00e1n Castro","image":{"@type":"ImageObject","inLanguage":"es","@id":"https:\/\/elcomunista.org\/#\/schema\/person\/image\/","url":"https:\/\/secure.gravatar.com\/avatar\/f41b41e67177fdfed1326b3a5e4c449e?s=96&d=mm&r=g","contentUrl":"https:\/\/secure.gravatar.com\/avatar\/f41b41e67177fdfed1326b3a5e4c449e?s=96&d=mm&r=g","caption":"Iv\u00e1n Castro"},"url":"https:\/\/elcomunista.org\/?author=58"}]}},"jetpack_featured_media_url":"https:\/\/elcomunista.org\/wp-content\/uploads\/2018\/11\/45713897_1946097818758902_3414761989757468672_n-2.jpg","jetpack_likes_enabled":true,"jetpack_sharing_enabled":true,"_links":{"self":[{"href":"https:\/\/elcomunista.org\/index.php?rest_route=\/wp\/v2\/posts\/4385"}],"collection":[{"href":"https:\/\/elcomunista.org\/index.php?rest_route=\/wp\/v2\/posts"}],"about":[{"href":"https:\/\/elcomunista.org\/index.php?rest_route=\/wp\/v2\/types\/post"}],"author":[{"embeddable":true,"href":"https:\/\/elcomunista.org\/index.php?rest_route=\/wp\/v2\/users\/58"}],"replies":[{"embeddable":true,"href":"https:\/\/elcomunista.org\/index.php?rest_route=%2Fwp%2Fv2%2Fcomments&post=4385"}],"version-history":[{"count":0,"href":"https:\/\/elcomunista.org\/index.php?rest_route=\/wp\/v2\/posts\/4385\/revisions"}],"wp:featuredmedia":[{"embeddable":true,"href":"https:\/\/elcomunista.org\/index.php?rest_route=\/wp\/v2\/media\/4386"}],"wp:attachment":[{"href":"https:\/\/elcomunista.org\/index.php?rest_route=%2Fwp%2Fv2%2Fmedia&parent=4385"}],"wp:term":[{"taxonomy":"category","embeddable":true,"href":"https:\/\/elcomunista.org\/index.php?rest_route=%2Fwp%2Fv2%2Fcategories&post=4385"},{"taxonomy":"post_tag","embeddable":true,"href":"https:\/\/elcomunista.org\/index.php?rest_route=%2Fwp%2Fv2%2Ftags&post=4385"}],"curies":[{"name":"wp","href":"https:\/\/api.w.org\/{rel}","templated":true}]}}