{"id":4421,"date":"2018-11-17T21:21:00","date_gmt":"2018-11-18T03:21:00","guid":{"rendered":"http:\/\/bloquepopularjuvenil.org\/?p=4421"},"modified":"2018-11-24T21:13:32","modified_gmt":"2018-11-25T03:13:32","slug":"calleja-y-su-campana-mediocre","status":"publish","type":"post","link":"https:\/\/elcomunista.org\/?p=4421","title":{"rendered":"Calleja y su campa\u00f1a mediocre"},"content":{"rendered":"<p>El panorama de las elecciones para la presidencia y vicepresidencia 2019-2024, de parte del partido de derecha Alianza Republicana Nacionalista ARENA y su electo candidato para la presidencia: Carlos Calleja, resalta no solo por el absurdo de su campa\u00f1a ya sea utilizando s\u00edmbolos patrios como la bandera de El Salvador (algo prohibido seg\u00fan la Ley de Partidos Pol\u00edticos<a href=\"#_ftn1\" name=\"_ftnref1\">[1]<\/a>), sino tambi\u00e9n por su actitud p\u00fablica haci\u00e9ndose destacar como \u201ccat\u00f3lico\u201d, pieza milagrosa para salvar el historial de corrupci\u00f3n de su partido, o bien adoptando una personalidad de \u201csalvadore\u00f1o de a pie\u201d conocedor de las necesidades de la clase trabajadora (lo cual viniendo de un candidato de derecha y empresario no podr\u00eda reflejar m\u00e1s que la hipocres\u00eda caracter\u00edstica de tal contexto electoral).<\/p>\n<p>No sorprende, sin embargo, cualquier posible t\u00e1ctica en la campa\u00f1a de Carlos Calleja en un punto de la historia donde la poblaci\u00f3n ya no cree ni se queda pasiva ante las falsas promesas de progreso tales como: \u201cTrabajo para Todos\u201d, su disfraz de candidato altruista para salvar del abandono a los sectores m\u00e1s pobres del pa\u00eds y poner en su agenda la agroindustria, apoyar a los emprendedores e impulsar el talento nacional, abastecer de medicamentos toda la red hospitalaria, y la m\u00e1s risible \u201climpiar\u201d el nombre de su partido ARENA.<\/p>\n<p>Si dichas propuestas no tuvieran nombre y apellido no cabe duda de que ser\u00edan de ayuda para la poblaci\u00f3n, pero, al tener en cuenta: <strong>1)<\/strong> La procedencia del candidato (empresario y explotador de la clase trabajadora como due\u00f1o de la cadena de supermercado \u201cS\u00faper Selectos\u201d), <strong>2)<\/strong> El partido pol\u00edtico (art\u00edfice de hechos inhumanos como el asesinato del Monse\u00f1or \u00d3scar Arnulfo Romero entre otros cr\u00edmenes perpetrados por grupos paramilitares vinculados a ARENA durante la guerra civil, m\u00e1s la racha de robos de los fondos p\u00fablicos que ascienden a millones desde Alfredo Cristiani hasta el presidente El\u00edas Antonio Saca), y <strong>3)<\/strong> Los intereses de clase para mantener el poder pol\u00edtico y continuar la acumulaci\u00f3n de capital en manos de la minor\u00eda olig\u00e1rquica del pa\u00eds, mientras el resto de la poblaci\u00f3n sobrevive con un insignificante salario m\u00ednimo, mat\u00e1ndose horas extras, pagando 8 veces m\u00e1s impuestos que el sector de la empresa privada, y en general la eterna condici\u00f3n de miseria en que se mantiene al proletariado reflejo de un sistema que solo vela por los intereses de la clase burguesa.<\/p>\n<p>Con la permanente ambici\u00f3n pol\u00edtica y demagogia de los adeptos a este partido, no descartamos que Carlos Calleja gane votos utilizando como es costumbre el juego ideol\u00f3gico de ARENA con la ayuda de la desbordante publicidad en medios de comunicaci\u00f3n como TCS, peri\u00f3dicos como El Diario de Hoy o La Prensa Gr\u00e1fica (c\u00f3mplices todos de la doctrina opresora derechista del pa\u00eds). No obstante el \u00e1nimo de las masas por desechar lo podrido del sistema y buscar nuevas alternativas est\u00e1 vigente, a pesar de que el nivel pol\u00edtico de la poblaci\u00f3n a\u00fan es incipiente, una direcci\u00f3n y organizaci\u00f3n consciente del pueblo ser\u00e1 la \u00fanica soluci\u00f3n para lograr un cambio total del sistema capitalista opresor actual. Como dijo el poeta salvadore\u00f1o Roque Dalton: \u201cBajo el capitalismo nos duele la cabeza\u2026 El comunismo ser\u00e1 entre otras cosas, una aspirina del tama\u00f1o del sol\u201d.<a href=\"#_ftn2\" name=\"_ftnref2\"><sup>[2]<\/sup><\/a><\/p>\n<hr \/>\n<p>&nbsp;<\/p>\n<p><a href=\"#_ftnref1\" name=\"_ftn1\">[1]<\/a> <em>Normativa electoral. <\/em>Tribunal Supremo Electoral. En l\u00ednea: https:\/\/www.tse.gob.sv\/documentos\/normativa-electoral\/Ley-de-Partidos-Politicos-de-El-Salvador.pdf<\/p>\n<p><a href=\"#_ftnref2\" name=\"_ftn2\">[2]<\/a> Poema \u201c<em>Sobre dolores de cabeza\u201d<\/em> Roque Dalton, tomado del poemario <em>Taberna y otros lugares.<\/em><\/p>\n","protected":false},"excerpt":{"rendered":"<p>El panorama de las elecciones para la presidencia y vicepresidencia 2019-2024, de parte del partido de derecha Alianza Republicana Nacionalista ARENA y su electo candidato para la presidencia: Carlos Calleja, resalta no solo por el absurdo de su campa\u00f1a ya sea utilizando s\u00edmbolos patrios como la bandera de El Salvador (algo prohibido seg\u00fan la Ley&#8230;<\/p>\n","protected":false},"author":88,"featured_media":4422,"comment_status":"open","ping_status":"open","sticky":false,"template":"","format":"standard","meta":{"_monsterinsights_skip_tracking":false,"_monsterinsights_sitenote_active":false,"_monsterinsights_sitenote_note":"","_monsterinsights_sitenote_category":0,"_uf_show_specific_survey":0,"_uf_disable_surveys":false,"_jetpack_memberships_contains_paid_content":false,"footnotes":""},"categories":[253,2,3,537],"tags":[224,516],"class_list":["post-4421","post","type-post","status-publish","format-standard","has-post-thumbnail","hentry","category-elecciones-2019","category-nacional","category-politica","category-principales","tag-carlos-calleja","tag-elecciones-2019"],"aioseo_notices":[],"yoast_head":"<!-- This site is optimized with the Yoast SEO plugin v25.6 - https:\/\/yoast.com\/wordpress\/plugins\/seo\/ -->\n<title>Calleja y su campa\u00f1a mediocre<\/title>\n<meta name=\"robots\" content=\"index, follow, max-snippet:-1, max-image-preview:large, max-video-preview:-1\" \/>\n<link rel=\"canonical\" href=\"https:\/\/elcomunista.org\/?p=4421\" \/>\n<meta property=\"og:locale\" content=\"es_ES\" \/>\n<meta property=\"og:type\" content=\"article\" \/>\n<meta property=\"og:title\" content=\"Calleja y su campa\u00f1a mediocre\" \/>\n<meta property=\"og:description\" content=\"El panorama de las elecciones para la presidencia y vicepresidencia 2019-2024, de parte del partido de derecha Alianza Republicana Nacionalista ARENA y su electo candidato para la presidencia: Carlos Calleja, resalta no solo por el absurdo de su campa\u00f1a ya sea utilizando s\u00edmbolos patrios como la bandera de El Salvador (algo prohibido seg\u00fan la Ley...\" \/>\n<meta property=\"og:url\" content=\"https:\/\/elcomunista.org\/?p=4421\" \/>\n<meta property=\"og:site_name\" content=\"Revoluci\u00f3n Comunista\" \/>\n<meta property=\"article:publisher\" content=\"https:\/\/www.facebook.com\/Bloquepopularjuvenil\" \/>\n<meta property=\"article:published_time\" content=\"2018-11-18T03:21:00+00:00\" \/>\n<meta property=\"article:modified_time\" content=\"2018-11-25T03:13:32+00:00\" \/>\n<meta property=\"og:image\" content=\"https:\/\/elcomunista.org\/wp-content\/uploads\/2018\/11\/Carlos-Calleja-3.jpg\" \/>\n\t<meta property=\"og:image:width\" content=\"627\" \/>\n\t<meta property=\"og:image:height\" content=\"360\" \/>\n\t<meta property=\"og:image:type\" content=\"image\/jpeg\" \/>\n<meta name=\"author\" content=\"Sof\u00eda Guzm\u00e1n\" \/>\n<meta name=\"twitter:card\" content=\"summary_large_image\" \/>\n<meta name=\"twitter:creator\" content=\"@ElBPJ\" \/>\n<meta name=\"twitter:site\" content=\"@ElBPJ\" \/>\n<meta name=\"twitter:label1\" content=\"Escrito por\" \/>\n\t<meta name=\"twitter:data1\" content=\"Sof\u00eda Guzm\u00e1n\" \/>\n\t<meta name=\"twitter:label2\" content=\"Tiempo de lectura\" \/>\n\t<meta name=\"twitter:data2\" content=\"3 minutos\" \/>\n<script type=\"application\/ld+json\" class=\"yoast-schema-graph\">{\"@context\":\"https:\/\/schema.org\",\"@graph\":[{\"@type\":\"Article\",\"@id\":\"https:\/\/elcomunista.org\/?p=4421#article\",\"isPartOf\":{\"@id\":\"https:\/\/elcomunista.org\/?p=4421\"},\"author\":{\"name\":\"Sof\u00eda Guzm\u00e1n\",\"@id\":\"https:\/\/elcomunista.org\/#\/schema\/person\/cf569d5babcd1b87b07775e5d2aaf411\"},\"headline\":\"Calleja y su campa\u00f1a mediocre\",\"datePublished\":\"2018-11-18T03:21:00+00:00\",\"dateModified\":\"2018-11-25T03:13:32+00:00\",\"mainEntityOfPage\":{\"@id\":\"https:\/\/elcomunista.org\/?p=4421\"},\"wordCount\":617,\"commentCount\":0,\"publisher\":{\"@id\":\"https:\/\/elcomunista.org\/#organization\"},\"image\":{\"@id\":\"https:\/\/elcomunista.org\/?p=4421#primaryimage\"},\"thumbnailUrl\":\"https:\/\/elcomunista.org\/wp-content\/uploads\/2018\/11\/Carlos-Calleja-3.jpg\",\"keywords\":[\"Carlos Calleja\",\"elecciones 2019\"],\"articleSection\":[\"Elecciones 2019\",\"Nacional\",\"Pol\u00edtica\",\"Principales\"],\"inLanguage\":\"es\",\"potentialAction\":[{\"@type\":\"CommentAction\",\"name\":\"Comment\",\"target\":[\"https:\/\/elcomunista.org\/?p=4421#respond\"]}]},{\"@type\":\"WebPage\",\"@id\":\"https:\/\/elcomunista.org\/?p=4421\",\"url\":\"https:\/\/elcomunista.org\/?p=4421\",\"name\":\"Calleja y su campa\u00f1a mediocre\",\"isPartOf\":{\"@id\":\"https:\/\/elcomunista.org\/#website\"},\"primaryImageOfPage\":{\"@id\":\"https:\/\/elcomunista.org\/?p=4421#primaryimage\"},\"image\":{\"@id\":\"https:\/\/elcomunista.org\/?p=4421#primaryimage\"},\"thumbnailUrl\":\"https:\/\/elcomunista.org\/wp-content\/uploads\/2018\/11\/Carlos-Calleja-3.jpg\",\"datePublished\":\"2018-11-18T03:21:00+00:00\",\"dateModified\":\"2018-11-25T03:13:32+00:00\",\"breadcrumb\":{\"@id\":\"https:\/\/elcomunista.org\/?p=4421#breadcrumb\"},\"inLanguage\":\"es\",\"potentialAction\":[{\"@type\":\"ReadAction\",\"target\":[\"https:\/\/elcomunista.org\/?p=4421\"]}]},{\"@type\":\"ImageObject\",\"inLanguage\":\"es\",\"@id\":\"https:\/\/elcomunista.org\/?p=4421#primaryimage\",\"url\":\"https:\/\/elcomunista.org\/wp-content\/uploads\/2018\/11\/Carlos-Calleja-3.jpg\",\"contentUrl\":\"https:\/\/elcomunista.org\/wp-content\/uploads\/2018\/11\/Carlos-Calleja-3.jpg\",\"width\":627,\"height\":360},{\"@type\":\"BreadcrumbList\",\"@id\":\"https:\/\/elcomunista.org\/?p=4421#breadcrumb\",\"itemListElement\":[{\"@type\":\"ListItem\",\"position\":1,\"name\":\"Portada\",\"item\":\"https:\/\/elcomunista.org\/\"},{\"@type\":\"ListItem\",\"position\":2,\"name\":\"Calleja y su campa\u00f1a mediocre\"}]},{\"@type\":\"WebSite\",\"@id\":\"https:\/\/elcomunista.org\/#website\",\"url\":\"https:\/\/elcomunista.org\/\",\"name\":\"Revoluci\u00f3n Comunista\",\"description\":\"Internacional Comunista Revolucionaria\",\"publisher\":{\"@id\":\"https:\/\/elcomunista.org\/#organization\"},\"potentialAction\":[{\"@type\":\"SearchAction\",\"target\":{\"@type\":\"EntryPoint\",\"urlTemplate\":\"https:\/\/elcomunista.org\/?s={search_term_string}\"},\"query-input\":{\"@type\":\"PropertyValueSpecification\",\"valueRequired\":true,\"valueName\":\"search_term_string\"}}],\"inLanguage\":\"es\"},{\"@type\":\"Organization\",\"@id\":\"https:\/\/elcomunista.org\/#organization\",\"name\":\"Bloque Popular Juvenil\",\"url\":\"https:\/\/elcomunista.org\/\",\"logo\":{\"@type\":\"ImageObject\",\"inLanguage\":\"es\",\"@id\":\"https:\/\/elcomunista.org\/#\/schema\/logo\/image\/\",\"url\":\"https:\/\/bloquepopularjuvenil.org\/wp-content\/uploads\/2018\/11\/bpj-militante.jpg\",\"contentUrl\":\"https:\/\/bloquepopularjuvenil.org\/wp-content\/uploads\/2018\/11\/bpj-militante.jpg\",\"width\":4000,\"height\":1390,\"caption\":\"Bloque Popular Juvenil\"},\"image\":{\"@id\":\"https:\/\/elcomunista.org\/#\/schema\/logo\/image\/\"},\"sameAs\":[\"https:\/\/www.facebook.com\/Bloquepopularjuvenil\",\"https:\/\/x.com\/ElBPJ\",\"https:\/\/www.instagram.com\/elbloque_bpj\/?hl=es-la\"]},{\"@type\":\"Person\",\"@id\":\"https:\/\/elcomunista.org\/#\/schema\/person\/cf569d5babcd1b87b07775e5d2aaf411\",\"name\":\"Sof\u00eda Guzm\u00e1n\",\"image\":{\"@type\":\"ImageObject\",\"inLanguage\":\"es\",\"@id\":\"https:\/\/elcomunista.org\/#\/schema\/person\/image\/\",\"url\":\"https:\/\/secure.gravatar.com\/avatar\/8a3bf1da959c4d8f04e40bd90cb2fcd9?s=96&d=mm&r=g\",\"contentUrl\":\"https:\/\/secure.gravatar.com\/avatar\/8a3bf1da959c4d8f04e40bd90cb2fcd9?s=96&d=mm&r=g\",\"caption\":\"Sof\u00eda Guzm\u00e1n\"},\"url\":\"https:\/\/elcomunista.org\/?author=88\"}]}<\/script>\n<!-- \/ Yoast SEO plugin. -->","yoast_head_json":{"title":"Calleja y su campa\u00f1a mediocre","robots":{"index":"index","follow":"follow","max-snippet":"max-snippet:-1","max-image-preview":"max-image-preview:large","max-video-preview":"max-video-preview:-1"},"canonical":"https:\/\/elcomunista.org\/?p=4421","og_locale":"es_ES","og_type":"article","og_title":"Calleja y su campa\u00f1a mediocre","og_description":"El panorama de las elecciones para la presidencia y vicepresidencia 2019-2024, de parte del partido de derecha Alianza Republicana Nacionalista ARENA y su electo candidato para la presidencia: Carlos Calleja, resalta no solo por el absurdo de su campa\u00f1a ya sea utilizando s\u00edmbolos patrios como la bandera de El Salvador (algo prohibido seg\u00fan la Ley...","og_url":"https:\/\/elcomunista.org\/?p=4421","og_site_name":"Revoluci\u00f3n Comunista","article_publisher":"https:\/\/www.facebook.com\/Bloquepopularjuvenil","article_published_time":"2018-11-18T03:21:00+00:00","article_modified_time":"2018-11-25T03:13:32+00:00","og_image":[{"width":627,"height":360,"url":"https:\/\/elcomunista.org\/wp-content\/uploads\/2018\/11\/Carlos-Calleja-3.jpg","type":"image\/jpeg"}],"author":"Sof\u00eda Guzm\u00e1n","twitter_card":"summary_large_image","twitter_creator":"@ElBPJ","twitter_site":"@ElBPJ","twitter_misc":{"Escrito por":"Sof\u00eda Guzm\u00e1n","Tiempo de lectura":"3 minutos"},"schema":{"@context":"https:\/\/schema.org","@graph":[{"@type":"Article","@id":"https:\/\/elcomunista.org\/?p=4421#article","isPartOf":{"@id":"https:\/\/elcomunista.org\/?p=4421"},"author":{"name":"Sof\u00eda Guzm\u00e1n","@id":"https:\/\/elcomunista.org\/#\/schema\/person\/cf569d5babcd1b87b07775e5d2aaf411"},"headline":"Calleja y su campa\u00f1a mediocre","datePublished":"2018-11-18T03:21:00+00:00","dateModified":"2018-11-25T03:13:32+00:00","mainEntityOfPage":{"@id":"https:\/\/elcomunista.org\/?p=4421"},"wordCount":617,"commentCount":0,"publisher":{"@id":"https:\/\/elcomunista.org\/#organization"},"image":{"@id":"https:\/\/elcomunista.org\/?p=4421#primaryimage"},"thumbnailUrl":"https:\/\/elcomunista.org\/wp-content\/uploads\/2018\/11\/Carlos-Calleja-3.jpg","keywords":["Carlos Calleja","elecciones 2019"],"articleSection":["Elecciones 2019","Nacional","Pol\u00edtica","Principales"],"inLanguage":"es","potentialAction":[{"@type":"CommentAction","name":"Comment","target":["https:\/\/elcomunista.org\/?p=4421#respond"]}]},{"@type":"WebPage","@id":"https:\/\/elcomunista.org\/?p=4421","url":"https:\/\/elcomunista.org\/?p=4421","name":"Calleja y su campa\u00f1a mediocre","isPartOf":{"@id":"https:\/\/elcomunista.org\/#website"},"primaryImageOfPage":{"@id":"https:\/\/elcomunista.org\/?p=4421#primaryimage"},"image":{"@id":"https:\/\/elcomunista.org\/?p=4421#primaryimage"},"thumbnailUrl":"https:\/\/elcomunista.org\/wp-content\/uploads\/2018\/11\/Carlos-Calleja-3.jpg","datePublished":"2018-11-18T03:21:00+00:00","dateModified":"2018-11-25T03:13:32+00:00","breadcrumb":{"@id":"https:\/\/elcomunista.org\/?p=4421#breadcrumb"},"inLanguage":"es","potentialAction":[{"@type":"ReadAction","target":["https:\/\/elcomunista.org\/?p=4421"]}]},{"@type":"ImageObject","inLanguage":"es","@id":"https:\/\/elcomunista.org\/?p=4421#primaryimage","url":"https:\/\/elcomunista.org\/wp-content\/uploads\/2018\/11\/Carlos-Calleja-3.jpg","contentUrl":"https:\/\/elcomunista.org\/wp-content\/uploads\/2018\/11\/Carlos-Calleja-3.jpg","width":627,"height":360},{"@type":"BreadcrumbList","@id":"https:\/\/elcomunista.org\/?p=4421#breadcrumb","itemListElement":[{"@type":"ListItem","position":1,"name":"Portada","item":"https:\/\/elcomunista.org\/"},{"@type":"ListItem","position":2,"name":"Calleja y su campa\u00f1a mediocre"}]},{"@type":"WebSite","@id":"https:\/\/elcomunista.org\/#website","url":"https:\/\/elcomunista.org\/","name":"Revoluci\u00f3n Comunista","description":"Internacional Comunista Revolucionaria","publisher":{"@id":"https:\/\/elcomunista.org\/#organization"},"potentialAction":[{"@type":"SearchAction","target":{"@type":"EntryPoint","urlTemplate":"https:\/\/elcomunista.org\/?s={search_term_string}"},"query-input":{"@type":"PropertyValueSpecification","valueRequired":true,"valueName":"search_term_string"}}],"inLanguage":"es"},{"@type":"Organization","@id":"https:\/\/elcomunista.org\/#organization","name":"Bloque Popular Juvenil","url":"https:\/\/elcomunista.org\/","logo":{"@type":"ImageObject","inLanguage":"es","@id":"https:\/\/elcomunista.org\/#\/schema\/logo\/image\/","url":"https:\/\/bloquepopularjuvenil.org\/wp-content\/uploads\/2018\/11\/bpj-militante.jpg","contentUrl":"https:\/\/bloquepopularjuvenil.org\/wp-content\/uploads\/2018\/11\/bpj-militante.jpg","width":4000,"height":1390,"caption":"Bloque Popular Juvenil"},"image":{"@id":"https:\/\/elcomunista.org\/#\/schema\/logo\/image\/"},"sameAs":["https:\/\/www.facebook.com\/Bloquepopularjuvenil","https:\/\/x.com\/ElBPJ","https:\/\/www.instagram.com\/elbloque_bpj\/?hl=es-la"]},{"@type":"Person","@id":"https:\/\/elcomunista.org\/#\/schema\/person\/cf569d5babcd1b87b07775e5d2aaf411","name":"Sof\u00eda Guzm\u00e1n","image":{"@type":"ImageObject","inLanguage":"es","@id":"https:\/\/elcomunista.org\/#\/schema\/person\/image\/","url":"https:\/\/secure.gravatar.com\/avatar\/8a3bf1da959c4d8f04e40bd90cb2fcd9?s=96&d=mm&r=g","contentUrl":"https:\/\/secure.gravatar.com\/avatar\/8a3bf1da959c4d8f04e40bd90cb2fcd9?s=96&d=mm&r=g","caption":"Sof\u00eda Guzm\u00e1n"},"url":"https:\/\/elcomunista.org\/?author=88"}]}},"jetpack_featured_media_url":"https:\/\/elcomunista.org\/wp-content\/uploads\/2018\/11\/Carlos-Calleja-3.jpg","jetpack_likes_enabled":true,"jetpack_sharing_enabled":true,"_links":{"self":[{"href":"https:\/\/elcomunista.org\/index.php?rest_route=\/wp\/v2\/posts\/4421"}],"collection":[{"href":"https:\/\/elcomunista.org\/index.php?rest_route=\/wp\/v2\/posts"}],"about":[{"href":"https:\/\/elcomunista.org\/index.php?rest_route=\/wp\/v2\/types\/post"}],"author":[{"embeddable":true,"href":"https:\/\/elcomunista.org\/index.php?rest_route=\/wp\/v2\/users\/88"}],"replies":[{"embeddable":true,"href":"https:\/\/elcomunista.org\/index.php?rest_route=%2Fwp%2Fv2%2Fcomments&post=4421"}],"version-history":[{"count":0,"href":"https:\/\/elcomunista.org\/index.php?rest_route=\/wp\/v2\/posts\/4421\/revisions"}],"wp:featuredmedia":[{"embeddable":true,"href":"https:\/\/elcomunista.org\/index.php?rest_route=\/wp\/v2\/media\/4422"}],"wp:attachment":[{"href":"https:\/\/elcomunista.org\/index.php?rest_route=%2Fwp%2Fv2%2Fmedia&parent=4421"}],"wp:term":[{"taxonomy":"category","embeddable":true,"href":"https:\/\/elcomunista.org\/index.php?rest_route=%2Fwp%2Fv2%2Fcategories&post=4421"},{"taxonomy":"post_tag","embeddable":true,"href":"https:\/\/elcomunista.org\/index.php?rest_route=%2Fwp%2Fv2%2Ftags&post=4421"}],"curies":[{"name":"wp","href":"https:\/\/api.w.org\/{rel}","templated":true}]}}