{"id":4433,"date":"2018-11-20T12:07:30","date_gmt":"2018-11-20T18:07:30","guid":{"rendered":"http:\/\/bloquepopularjuvenil.org\/?p=4433"},"modified":"2018-12-03T17:07:54","modified_gmt":"2018-12-03T23:07:54","slug":"el-partido-liberal-mexicano-y-la-revolucion","status":"publish","type":"post","link":"https:\/\/elcomunista.org\/?p=4433","title":{"rendered":"El Partido Liberal Mexicano y la revoluci\u00f3n"},"content":{"rendered":"<p>La extrema izquierda de los revolucionarios que pelearon contra la dictadura de D\u00edaz estaba representada por el Partido Liberal Mexicano, a pesar de sus errores, fueron los \u00fanicos que plantearon la necesidad de la lucha contra el capitalismo, durante algunos a\u00f1os la crema y nata del movimiento obrero se educ\u00f3 bajo sus filas mediante el peri\u00f3dico Regeneraci\u00f3n; su dirigente m\u00e1s visible Ricardo Flores Mag\u00f3n salud\u00f3 el triunfo de la Revoluci\u00f3n Rusa de 1917, se neg\u00f3 a pactar con los nacientes gobiernos surgidos del grupo triunfador de la revoluci\u00f3n conocidos como los \u201csonorenses\u201d. Podemos tener cr\u00edticas o comentarios a su visi\u00f3n pol\u00edtica y a su t\u00e1ctica utilizada, pero reconocemos su labor revolucionaria y nos entusiasma su legado revolucionario.<\/p>\n<p><span style=\"color: #800000;\"><strong>Los liberales contra la dictadura de D\u00edaz<\/strong><\/span><\/p>\n<p>En 1889 en San Luis Potos\u00ed, se funda a iniciativa de Camilo Arriaga el Club Liberal Ponciano Arriaga, su objetivo era fundamentalmente retomar las banderas del liberalismo de la \u00e9poca de la Reforma y contrarrestar la influencia pol\u00edtica y econ\u00f3mica del clero que hab\u00eda aumentado durante los primeros a\u00f1os de la dictadura. Al club se unen algunos intelectuales, profesionistas y estudiantes como Juan Sarabia, Antonio D\u00edaz Soto y Gama, Librado Rivera; adem\u00e1s hace un llamado para fundar asociaciones similares, fundar peri\u00f3dicos liberales, denunciar los abusos del clero y llama a realizar una Congreso Liberal a nivel nacional para febrero de 1900.<\/p>\n<p>Dentro de este movimiento liberal, los hermanos Flores Mag\u00f3n, estudiantes de derecho, fundan el peri\u00f3dico Regeneraci\u00f3n, durante su primera etapa se encargan de denunciar la mala administraci\u00f3n en el poder judicial, pero no hace alusiones directas contra la dictadura de D\u00edaz. Desde Regeneraci\u00f3n se acepta la propuesta de Camilo Arriaga, la cual tiene eco en m\u00e1s de 13 estados de la rep\u00fablica, donde se fundan m\u00e1s de 50 Clubes Liberales.<\/p>\n<p>Al Congreso Liberal asistir\u00e1n m\u00e1s de 50 delegados y cientos de asistentes. Esta es la composici\u00f3n social de los delegados: 9 periodistas, 6 abogados, 4 ingenieros, 4 m\u00e9dicos y el resto eran estudiantes.<\/p>\n<p>Durante el Congreso se present\u00f3 un incidente cuando Ricardo Flores Mag\u00f3n en su discurs\u00f3 mencion\u00f3 que \u201cla administraci\u00f3n de Porfirio D\u00edaz era una madriguera de bandidos\u201d; los liberales conciliadores acaudalados y \u201cbien educados\u201d se escandalizaron, ellos pod\u00edan denunciar al clero, pod\u00edan escribir grandes art\u00edculos sobre la falta de justicia y so\u00f1ar con un gobierno liberal y democr\u00e1tico, pero entre las mentes conciliadoras de algunos de estos delegados no pasaba el enfrentarse contra D\u00edaz y su gobierno.<\/p>\n<p>El Congreso aprueba un manifiesto en el que se llama fundar el Partido Liberal Mexicano (PLM), cuyos principios fundamentales son: el respeto de las leyes, la educaci\u00f3n laica y liberal, establecimiento de la honradez de los funcionarios p\u00fablicos y la defensa de la constituci\u00f3n liberal de 1857 y las leyes de Reforma, se llama a fundar nuevos Clubes y a afiliarse al PLM. Un manifiesto liberal, sin mencionar hasta el momento la lucha contra la dictadura de D\u00edaz.<\/p>\n<p>El PLM logr\u00f3 extenderse despu\u00e9s del congreso,\u00a0 a\u00fan con un programa t\u00edmido de combate a la corrupci\u00f3n y por la educaci\u00f3n laica y a pesar de que algunos liberales no quieren enfrentar la dictadura, D\u00edaz y\u00a0 los gobernadores de los estados comienzan a cerrar peri\u00f3dicos, encarcelar a periodistas y a los dirigentes del PLM, Camilo Arriaga, Juan Sarabia y los hermanos Flores Mag\u00f3n son encarcelados\u00a0 durante 1901 y 1902.<\/p>\n<p>Tras ser liberados en 1903 se realiza un acto simb\u00f3lico en las oficinas del peri\u00f3dico el Hijo del Ahuizote, declararon: \u201cLa Constituci\u00f3n ha muerto\u201d.<\/p>\n<p>La represi\u00f3n obliga a que los principales dirigentes del PLM se refugien en Estados Unidos, la lucha contra la dictadura ahora era necesaria.<\/p>\n<p><strong><span style=\"color: #800000;\">En el exilio y el cisma en las filas liberales<\/span><\/strong><\/p>\n<p>En Estados Unidos, en 1904 vuelve a renacer Regeneraci\u00f3n, pero las relaciones entre Ricardo Flores Mag\u00f3n y Camilo Arriaga comienzan a agrietarse debido a una orientaci\u00f3n m\u00e1s radical que los Flores Mag\u00f3n comenzaban a dar al peri\u00f3dico y a los llamados que hacen para derrocar a la dictadura, a\u00fan as\u00ed logran ponerse de acurda y se establece la Junta Organizadora del PLM en el extranjero.<\/p>\n<p>La divisi\u00f3n se profundiz\u00f3 y la escisi\u00f3n en las filas liberales se desarroll\u00f3 cuando varios de sus miembros comenzaron a contactar con los socialistas de diversas tendencias en Estados Unidos, Ricardo Flores Mag\u00f3n, Librado Rivera, Antonio de la Hoz y el joven Pr\u00e1xedis Guerrero conocen a los impulsores de los Internacional Workers World y se declaran simpatizantes de sus ideas. Camilo Arriaga se separa de la Junta Organizadora quedando al frente Ricardo Flores Mag\u00f3n.<\/p>\n<p>Durante este periodo Regeneraci\u00f3n aumenta su tiraje, durante 1904 pasa de 10,000 a 20,000 ejemplares, llegando a distribuirse 30,000 peri\u00f3dicos mensuales durante 1906. En 1905 detienen nuevamente a los organizadores del PLM.<\/p>\n<p>Tras salir de la c\u00e1rcel, se reinician los trabajos de organizaci\u00f3n del PLM, el 1 de julio de 1906 se publica un nuevo Manifiesto y el Programan del PLM, a diferencia del antiguo programa y Manifiesto este nuevo conten\u00eda algunas reivindicaciones sociales importantes que son retomadas por la clase trabajadora y los campesinos sin tierra: jornada laboral de 8 horas, prohibici\u00f3n del trabajo para los ni\u00f1os, derecho de asociaci\u00f3n y a huelga por parte de los trabajadores, y sobre todo llaman a una lucha frontal contra la dictadura de D\u00edaz.<\/p>\n<p><strong><span style=\"color: #800000;\">Los a\u00f1os de lucha y las insurrecciones armadas<\/span><\/strong><\/p>\n<p>Durante los a\u00f1os 1906 y 1907 ocurren dos sucesos importantes que han quedado grabados en la memoria de la clase obrera mexicana, los mineros de Cananea y posteriormente los obreros textiles de R\u00edo Blanco se lanzan a la huelga por reivindicaciones importantes para los trabajadores, la lucha se convierte en una lucha abierta de la clase obrera contra la dictadura de D\u00edaz. Las huelgas son brutalmente reprimidas, algunos de los organizadores de la huelga estaban en relaci\u00f3n con el PLM y eran lectores del peri\u00f3dico Regeneraci\u00f3n.<\/p>\n<p>A su vez durante el a\u00f1o de 1906 el los partidarios del PLM preparan una insurrecci\u00f3n armada, se prepara en diversos estados de la Rep\u00fablica, pero fracasa al no obtener el apoyo de la poblaci\u00f3n.<br \/>\nTras el fracaso de la insurrecci\u00f3n la represi\u00f3n se extiende a 5 estados de la rep\u00fablica donde son arrestados decenas de personas e incluso en los propios EU son detenidos nuevamente los hermanos Flores Mag\u00f3n.<br \/>\nTras salir de la c\u00e1rcel la Junta Organizadora del PLM se decide trasladar a Texas y preparar una nueva insurrecci\u00f3n contra la dictadura de D\u00edaz, la cual se emprende en el mes de Septiembre de 1908, grupos del PLM se levantan en armas en Coahuila, Chihuahua y Veracruz pero son derrotados, algunos\u00a0 asesinados y el resto encarcelados. Nuevamente los hermanos Flores Mag\u00f3n son encarcelados y permanecer\u00e1n ah\u00ed durante 3 a\u00f1os, hasta 1911.<\/p>\n<p>Tras los dos internos de insurrecci\u00f3n en 1906 y 1908, las fuerzas del PLM a lo interno del pa\u00eds son duramente golpeadas y en algunas zonas del pa\u00eds los c\u00edrculos del PLM desaparecen. La visi\u00f3n puramente militarista de la Revoluci\u00f3n llev\u00f3 al fracaso los dos grandes intentos revolucionarios del PLM en contra de D\u00edaz.<\/p>\n<p><span style=\"color: #800000;\"><strong>Durante la revoluci\u00f3n<\/strong><\/span><\/p>\n<p>El PLM se encuentra severamente mermado al inici\u00f3 de la Revoluci\u00f3n en Noviembre de 1910, sus dirigentes en la c\u00e1rcel en Estados Unidos, sus clubes locales en M\u00e9xico desaparecidos y con poca influencia en algunas zonas y en algunas partes el PLM no exist\u00eda. A\u00fan as\u00ed, cabe resaltar que en las primeras batallas de finales de 1910 y principios de 1911 partidarios del PLM lucharon con los partidarios de Francisco I Madero.<br \/>\nEn 1911 el odiado dictador decide renunciar y abandonar la presidencia, las elecciones presidenciales son ganadas por Francisco I Madero.<\/p>\n<p>Ese mismo a\u00f1o Ricardo Flores Mag\u00f3n, sale de la c\u00e1rcel y decide organizar nuevamente al PLM lanza el manifiesto liberal del 23 de Septiembre donde anuncia que la revoluci\u00f3n debe continuar, a diferencia del Programa de 1906, en este nuevo manifiesto se exhorta a luchar contra el capital y \u201ctoda autoridad\u201d, se explica \u201cque el origen de todos los males esta en la propiedad privada\u201d (de los medios de producci\u00f3n) y se emplaza a los obreros a que tomen las f\u00e1bricas y a que los campesinos no esperen al dictado de la reforma agraria, ellos mismos deber\u00edan tomar la tierra. El Manifiesto con tintes socialistas, ni tiene el mismo impacto que el de 1906.<\/p>\n<p>La labor revolucionaria de Flores Mag\u00f3n contin\u00fao durante todo el periodo revolucionario, Regeneraci\u00f3n era le\u00eddo aunque no en las proporciones de 1904-1906, por n\u00facleos de trabajadores y campesinos dentro del pa\u00eds que se hab\u00edan enrolado en una nueva batalla contra Victoriano Huerta y posteriormente contra Venustiano Carranza. Es nuevamente encarcelado en 1918, tras lanzar un manifiesto a los trabajadores del mundo llamando a oponerse a la Guerra Mundial, est\u00e1 vez no saldr\u00eda de la c\u00e1rcel es asesinado en 1923.<\/p>\n<p><span style=\"color: #800000;\"><strong>El legado del PLM<\/strong><\/span><\/p>\n<p>El aislamiento posterior del PLM provoc\u00f3 que un sector de su ex militantes profundizar\u00e1n en los errores mas nocivos del anarquismo. Bajo este mismo ideal los anarquistas mexicanos de la Casa del Obrero Mundial se negaron a dar el apoyo a los ej\u00e9rcitos campesinos de Villa y Zapata en contra de Carranza declar\u00e1ndose \u201cneutrales\u201d, lo cual no impidi\u00f3 que posteriormente formar\u00e1n los famosos batallones rojos en contra de los ej\u00e9rcitos campesinos, declarando que con Carranza se estaba desarrollando la \u201cRevoluci\u00f3n Social\u201d, cuando en verdad representaba al sector burgu\u00e9s de la revoluci\u00f3n.<\/p>\n<p>Pero a\u00fan con sus limitantes y errores reconocemos la abnegaci\u00f3n y el sacrificio de los militantes y algunos de los dirigentes del PLM, Ricardo Flores Mag\u00f3n se neg\u00f3 a pactar con los nacientes gobiernos burgueses surgidos de las fracciones triunfantes de la revoluci\u00f3n, a pesar de sus limitantes salud\u00f3 la Revoluci\u00f3n Socialista Rusa de 1917 dirigida por Lenin y Trotsky y se\u00f1al\u00f3 que la lucha durante la revoluci\u00f3n mexicana era contra el capitalismo.<\/p>\n<p>Ricardo Flores Mag\u00f3n, a diferencia de un sector de los anarco sindicalistas mexicanos representados en la Casa del Obrero Mundial, nunca traicion\u00f3 la causa en la que cre\u00eda, nunca pact\u00f3 con la burgues\u00eda o cambi\u00f3 sus ideas por un puesto en el gobierno. D\u00edas antes de su muerte, sus abogados y sus compa\u00f1eros ped\u00edan que se retractar\u00e1 de sus escritos para que la sentencia carcelaria fuera menos severa, les respondi\u00f3:\u00a0<em>\u201cAs\u00ed pues, mi querido Nicol\u00e1s, estoy condenado a cegar y a morir en la prisi\u00f3n; m\u00e1s prefiero esto que volver la espalda a los trabajadores y tener las puertas de la prisi\u00f3n abiertas a precio de mi verg\u00fcenza. No sobrevivir\u00e9 a mi cautiverio, pues ya estoy viejo; pero cuando muera, mis amigos quiz\u00e1 inscriban en mi tumba \u201cAqu\u00ed yace un so\u00f1ador\u201d, y mis enemigos \u201cAqu\u00ed yace un loco\u201d. Pero no habr\u00e1 nadie que se atreva a estampar esta inscripci\u00f3n \u201cAqu\u00ed yace un cobarde y traidor a sus ideas\u201d<\/em>.<\/p>\n<p>Podemos estar o no de acuerdo con algunas de las ideas de Ricardo Flores Mag\u00f3n, de hecho los marxistas han aclarado las diferencias que mantenemos con el anarquismo desde hace mucho tiempo, pero reconocemos que era un revolucionario entregado a la lucha.<\/p>\n<p>Los socialistas de ahora, los marxistas reivindicamos el legado revolucionario del Partido Liberal Mexicano, se\u00f1alamos nuestras diferencias con las ideas del anarquismo, pero reconocemos sus aportaciones a la Revoluci\u00f3n Mexicana, de hecho Ricardo Flores Mag\u00f3n rompi\u00f3 con algunos de loas conceptos del anarquismo, organiz\u00f3 un Partido, \u00e9l mismo era una autoridad pol\u00edtica y la direcci\u00f3n del PLM y llam\u00f3 a los trabajadores a participar en la lucha revolucionaria con su programa, rebasando los l\u00edmites del sindicalismo.<\/p>\n<p>Dentro del movimiento y las organizaciones de los trabajadores defendemos las ideas de Marx, Engels Lenin y Trotsky con el mismo esp\u00edritu y con la misma entrega de los antiguos militantes del PLM.<\/p>\n","protected":false},"excerpt":{"rendered":"<p>La extrema izquierda de los revolucionarios que pelearon contra la dictadura de D\u00edaz estaba representada por el Partido Liberal Mexicano, a pesar de sus errores, fueron los \u00fanicos que plantearon la necesidad de la lucha contra el capitalismo, durante algunos a\u00f1os la crema y nata del movimiento obrero se educ\u00f3 bajo sus filas mediante el&#8230;<\/p>\n","protected":false},"author":54,"featured_media":4435,"comment_status":"open","ping_status":"open","sticky":false,"template":"","format":"standard","meta":{"_monsterinsights_skip_tracking":false,"_monsterinsights_sitenote_active":false,"_monsterinsights_sitenote_note":"","_monsterinsights_sitenote_category":0,"_uf_show_specific_survey":0,"_uf_disable_surveys":false,"_jetpack_memberships_contains_paid_content":false,"footnotes":""},"categories":[65,29,64],"tags":[529,530,191],"class_list":["post-4433","post","type-post","status-publish","format-standard","has-post-thumbnail","hentry","category-historia","category-mexico","category-teoria-marxista","tag-magonismo","tag-partido-liberal-mexicano","tag-revolucion-mexicana"],"aioseo_notices":[],"yoast_head":"<!-- This site is optimized with the Yoast SEO plugin v25.6 - https:\/\/yoast.com\/wordpress\/plugins\/seo\/ -->\n<title>El Partido Liberal Mexicano y la revoluci\u00f3n<\/title>\n<meta name=\"robots\" content=\"index, follow, max-snippet:-1, max-image-preview:large, max-video-preview:-1\" \/>\n<link rel=\"canonical\" href=\"https:\/\/elcomunista.org\/?p=4433\" \/>\n<meta property=\"og:locale\" content=\"es_ES\" \/>\n<meta property=\"og:type\" content=\"article\" \/>\n<meta property=\"og:title\" content=\"El Partido Liberal Mexicano y la revoluci\u00f3n\" \/>\n<meta property=\"og:description\" content=\"La extrema izquierda de los revolucionarios que pelearon contra la dictadura de D\u00edaz estaba representada por el Partido Liberal Mexicano, a pesar de sus errores, fueron los \u00fanicos que plantearon la necesidad de la lucha contra el capitalismo, durante algunos a\u00f1os la crema y nata del movimiento obrero se educ\u00f3 bajo sus filas mediante el...\" \/>\n<meta property=\"og:url\" content=\"https:\/\/elcomunista.org\/?p=4433\" \/>\n<meta property=\"og:site_name\" content=\"Revoluci\u00f3n Comunista\" \/>\n<meta property=\"article:publisher\" content=\"https:\/\/www.facebook.com\/Bloquepopularjuvenil\" \/>\n<meta property=\"article:published_time\" content=\"2018-11-20T18:07:30+00:00\" \/>\n<meta property=\"article:modified_time\" content=\"2018-12-03T23:07:54+00:00\" \/>\n<meta property=\"og:image\" content=\"https:\/\/elcomunista.org\/wp-content\/uploads\/2018\/11\/Ricardo_and_Enrique_Flores_Magon-672x358.jpg\" \/>\n\t<meta property=\"og:image:width\" content=\"672\" \/>\n\t<meta property=\"og:image:height\" content=\"358\" \/>\n\t<meta property=\"og:image:type\" content=\"image\/jpeg\" \/>\n<meta name=\"author\" content=\"Adri\u00e1n Alvarado\" \/>\n<meta name=\"twitter:card\" content=\"summary_large_image\" \/>\n<meta name=\"twitter:creator\" content=\"@ElBPJ\" \/>\n<meta name=\"twitter:site\" content=\"@ElBPJ\" \/>\n<meta name=\"twitter:label1\" content=\"Escrito por\" \/>\n\t<meta name=\"twitter:data1\" content=\"Adri\u00e1n Alvarado\" \/>\n\t<meta name=\"twitter:label2\" content=\"Tiempo de lectura\" \/>\n\t<meta name=\"twitter:data2\" content=\"10 minutos\" \/>\n<script type=\"application\/ld+json\" class=\"yoast-schema-graph\">{\"@context\":\"https:\/\/schema.org\",\"@graph\":[{\"@type\":\"Article\",\"@id\":\"https:\/\/elcomunista.org\/?p=4433#article\",\"isPartOf\":{\"@id\":\"https:\/\/elcomunista.org\/?p=4433\"},\"author\":{\"name\":\"Adri\u00e1n Alvarado\",\"@id\":\"https:\/\/elcomunista.org\/#\/schema\/person\/5ba592a9060d025b60613280fa0fe202\"},\"headline\":\"El Partido Liberal Mexicano y la revoluci\u00f3n\",\"datePublished\":\"2018-11-20T18:07:30+00:00\",\"dateModified\":\"2018-12-03T23:07:54+00:00\",\"mainEntityOfPage\":{\"@id\":\"https:\/\/elcomunista.org\/?p=4433\"},\"wordCount\":2054,\"commentCount\":0,\"publisher\":{\"@id\":\"https:\/\/elcomunista.org\/#organization\"},\"image\":{\"@id\":\"https:\/\/elcomunista.org\/?p=4433#primaryimage\"},\"thumbnailUrl\":\"https:\/\/elcomunista.org\/wp-content\/uploads\/2018\/11\/Ricardo_and_Enrique_Flores_Magon-672x358.jpg\",\"keywords\":[\"Magonismo\",\"Partido Liberal Mexicano\",\"Revoluci\u00f3n Mexicana\"],\"articleSection\":[\"Historia\",\"M\u00e9xico\",\"Teor\u00eda Marxista\"],\"inLanguage\":\"es\",\"potentialAction\":[{\"@type\":\"CommentAction\",\"name\":\"Comment\",\"target\":[\"https:\/\/elcomunista.org\/?p=4433#respond\"]}]},{\"@type\":\"WebPage\",\"@id\":\"https:\/\/elcomunista.org\/?p=4433\",\"url\":\"https:\/\/elcomunista.org\/?p=4433\",\"name\":\"El Partido Liberal Mexicano y la revoluci\u00f3n\",\"isPartOf\":{\"@id\":\"https:\/\/elcomunista.org\/#website\"},\"primaryImageOfPage\":{\"@id\":\"https:\/\/elcomunista.org\/?p=4433#primaryimage\"},\"image\":{\"@id\":\"https:\/\/elcomunista.org\/?p=4433#primaryimage\"},\"thumbnailUrl\":\"https:\/\/elcomunista.org\/wp-content\/uploads\/2018\/11\/Ricardo_and_Enrique_Flores_Magon-672x358.jpg\",\"datePublished\":\"2018-11-20T18:07:30+00:00\",\"dateModified\":\"2018-12-03T23:07:54+00:00\",\"breadcrumb\":{\"@id\":\"https:\/\/elcomunista.org\/?p=4433#breadcrumb\"},\"inLanguage\":\"es\",\"potentialAction\":[{\"@type\":\"ReadAction\",\"target\":[\"https:\/\/elcomunista.org\/?p=4433\"]}]},{\"@type\":\"ImageObject\",\"inLanguage\":\"es\",\"@id\":\"https:\/\/elcomunista.org\/?p=4433#primaryimage\",\"url\":\"https:\/\/elcomunista.org\/wp-content\/uploads\/2018\/11\/Ricardo_and_Enrique_Flores_Magon-672x358.jpg\",\"contentUrl\":\"https:\/\/elcomunista.org\/wp-content\/uploads\/2018\/11\/Ricardo_and_Enrique_Flores_Magon-672x358.jpg\",\"width\":672,\"height\":358},{\"@type\":\"BreadcrumbList\",\"@id\":\"https:\/\/elcomunista.org\/?p=4433#breadcrumb\",\"itemListElement\":[{\"@type\":\"ListItem\",\"position\":1,\"name\":\"Portada\",\"item\":\"https:\/\/elcomunista.org\/\"},{\"@type\":\"ListItem\",\"position\":2,\"name\":\"El Partido Liberal Mexicano y la revoluci\u00f3n\"}]},{\"@type\":\"WebSite\",\"@id\":\"https:\/\/elcomunista.org\/#website\",\"url\":\"https:\/\/elcomunista.org\/\",\"name\":\"Revoluci\u00f3n Comunista\",\"description\":\"Internacional Comunista Revolucionaria\",\"publisher\":{\"@id\":\"https:\/\/elcomunista.org\/#organization\"},\"potentialAction\":[{\"@type\":\"SearchAction\",\"target\":{\"@type\":\"EntryPoint\",\"urlTemplate\":\"https:\/\/elcomunista.org\/?s={search_term_string}\"},\"query-input\":{\"@type\":\"PropertyValueSpecification\",\"valueRequired\":true,\"valueName\":\"search_term_string\"}}],\"inLanguage\":\"es\"},{\"@type\":\"Organization\",\"@id\":\"https:\/\/elcomunista.org\/#organization\",\"name\":\"Bloque Popular Juvenil\",\"url\":\"https:\/\/elcomunista.org\/\",\"logo\":{\"@type\":\"ImageObject\",\"inLanguage\":\"es\",\"@id\":\"https:\/\/elcomunista.org\/#\/schema\/logo\/image\/\",\"url\":\"https:\/\/bloquepopularjuvenil.org\/wp-content\/uploads\/2018\/11\/bpj-militante.jpg\",\"contentUrl\":\"https:\/\/bloquepopularjuvenil.org\/wp-content\/uploads\/2018\/11\/bpj-militante.jpg\",\"width\":4000,\"height\":1390,\"caption\":\"Bloque Popular Juvenil\"},\"image\":{\"@id\":\"https:\/\/elcomunista.org\/#\/schema\/logo\/image\/\"},\"sameAs\":[\"https:\/\/www.facebook.com\/Bloquepopularjuvenil\",\"https:\/\/x.com\/ElBPJ\",\"https:\/\/www.instagram.com\/elbloque_bpj\/?hl=es-la\"]},{\"@type\":\"Person\",\"@id\":\"https:\/\/elcomunista.org\/#\/schema\/person\/5ba592a9060d025b60613280fa0fe202\",\"name\":\"Adri\u00e1n Alvarado\",\"image\":{\"@type\":\"ImageObject\",\"inLanguage\":\"es\",\"@id\":\"https:\/\/elcomunista.org\/#\/schema\/person\/image\/\",\"url\":\"https:\/\/secure.gravatar.com\/avatar\/6214f63ee7f274bc999ad8e3f93b75a0?s=96&d=mm&r=g\",\"contentUrl\":\"https:\/\/secure.gravatar.com\/avatar\/6214f63ee7f274bc999ad8e3f93b75a0?s=96&d=mm&r=g\",\"caption\":\"Adri\u00e1n Alvarado\"},\"url\":\"https:\/\/elcomunista.org\/?author=54\"}]}<\/script>\n<!-- \/ Yoast SEO plugin. -->","yoast_head_json":{"title":"El Partido Liberal Mexicano y la revoluci\u00f3n","robots":{"index":"index","follow":"follow","max-snippet":"max-snippet:-1","max-image-preview":"max-image-preview:large","max-video-preview":"max-video-preview:-1"},"canonical":"https:\/\/elcomunista.org\/?p=4433","og_locale":"es_ES","og_type":"article","og_title":"El Partido Liberal Mexicano y la revoluci\u00f3n","og_description":"La extrema izquierda de los revolucionarios que pelearon contra la dictadura de D\u00edaz estaba representada por el Partido Liberal Mexicano, a pesar de sus errores, fueron los \u00fanicos que plantearon la necesidad de la lucha contra el capitalismo, durante algunos a\u00f1os la crema y nata del movimiento obrero se educ\u00f3 bajo sus filas mediante el...","og_url":"https:\/\/elcomunista.org\/?p=4433","og_site_name":"Revoluci\u00f3n Comunista","article_publisher":"https:\/\/www.facebook.com\/Bloquepopularjuvenil","article_published_time":"2018-11-20T18:07:30+00:00","article_modified_time":"2018-12-03T23:07:54+00:00","og_image":[{"width":672,"height":358,"url":"https:\/\/elcomunista.org\/wp-content\/uploads\/2018\/11\/Ricardo_and_Enrique_Flores_Magon-672x358.jpg","type":"image\/jpeg"}],"author":"Adri\u00e1n Alvarado","twitter_card":"summary_large_image","twitter_creator":"@ElBPJ","twitter_site":"@ElBPJ","twitter_misc":{"Escrito por":"Adri\u00e1n Alvarado","Tiempo de lectura":"10 minutos"},"schema":{"@context":"https:\/\/schema.org","@graph":[{"@type":"Article","@id":"https:\/\/elcomunista.org\/?p=4433#article","isPartOf":{"@id":"https:\/\/elcomunista.org\/?p=4433"},"author":{"name":"Adri\u00e1n Alvarado","@id":"https:\/\/elcomunista.org\/#\/schema\/person\/5ba592a9060d025b60613280fa0fe202"},"headline":"El Partido Liberal Mexicano y la revoluci\u00f3n","datePublished":"2018-11-20T18:07:30+00:00","dateModified":"2018-12-03T23:07:54+00:00","mainEntityOfPage":{"@id":"https:\/\/elcomunista.org\/?p=4433"},"wordCount":2054,"commentCount":0,"publisher":{"@id":"https:\/\/elcomunista.org\/#organization"},"image":{"@id":"https:\/\/elcomunista.org\/?p=4433#primaryimage"},"thumbnailUrl":"https:\/\/elcomunista.org\/wp-content\/uploads\/2018\/11\/Ricardo_and_Enrique_Flores_Magon-672x358.jpg","keywords":["Magonismo","Partido Liberal Mexicano","Revoluci\u00f3n Mexicana"],"articleSection":["Historia","M\u00e9xico","Teor\u00eda Marxista"],"inLanguage":"es","potentialAction":[{"@type":"CommentAction","name":"Comment","target":["https:\/\/elcomunista.org\/?p=4433#respond"]}]},{"@type":"WebPage","@id":"https:\/\/elcomunista.org\/?p=4433","url":"https:\/\/elcomunista.org\/?p=4433","name":"El Partido Liberal Mexicano y la revoluci\u00f3n","isPartOf":{"@id":"https:\/\/elcomunista.org\/#website"},"primaryImageOfPage":{"@id":"https:\/\/elcomunista.org\/?p=4433#primaryimage"},"image":{"@id":"https:\/\/elcomunista.org\/?p=4433#primaryimage"},"thumbnailUrl":"https:\/\/elcomunista.org\/wp-content\/uploads\/2018\/11\/Ricardo_and_Enrique_Flores_Magon-672x358.jpg","datePublished":"2018-11-20T18:07:30+00:00","dateModified":"2018-12-03T23:07:54+00:00","breadcrumb":{"@id":"https:\/\/elcomunista.org\/?p=4433#breadcrumb"},"inLanguage":"es","potentialAction":[{"@type":"ReadAction","target":["https:\/\/elcomunista.org\/?p=4433"]}]},{"@type":"ImageObject","inLanguage":"es","@id":"https:\/\/elcomunista.org\/?p=4433#primaryimage","url":"https:\/\/elcomunista.org\/wp-content\/uploads\/2018\/11\/Ricardo_and_Enrique_Flores_Magon-672x358.jpg","contentUrl":"https:\/\/elcomunista.org\/wp-content\/uploads\/2018\/11\/Ricardo_and_Enrique_Flores_Magon-672x358.jpg","width":672,"height":358},{"@type":"BreadcrumbList","@id":"https:\/\/elcomunista.org\/?p=4433#breadcrumb","itemListElement":[{"@type":"ListItem","position":1,"name":"Portada","item":"https:\/\/elcomunista.org\/"},{"@type":"ListItem","position":2,"name":"El Partido Liberal Mexicano y la revoluci\u00f3n"}]},{"@type":"WebSite","@id":"https:\/\/elcomunista.org\/#website","url":"https:\/\/elcomunista.org\/","name":"Revoluci\u00f3n Comunista","description":"Internacional Comunista Revolucionaria","publisher":{"@id":"https:\/\/elcomunista.org\/#organization"},"potentialAction":[{"@type":"SearchAction","target":{"@type":"EntryPoint","urlTemplate":"https:\/\/elcomunista.org\/?s={search_term_string}"},"query-input":{"@type":"PropertyValueSpecification","valueRequired":true,"valueName":"search_term_string"}}],"inLanguage":"es"},{"@type":"Organization","@id":"https:\/\/elcomunista.org\/#organization","name":"Bloque Popular Juvenil","url":"https:\/\/elcomunista.org\/","logo":{"@type":"ImageObject","inLanguage":"es","@id":"https:\/\/elcomunista.org\/#\/schema\/logo\/image\/","url":"https:\/\/bloquepopularjuvenil.org\/wp-content\/uploads\/2018\/11\/bpj-militante.jpg","contentUrl":"https:\/\/bloquepopularjuvenil.org\/wp-content\/uploads\/2018\/11\/bpj-militante.jpg","width":4000,"height":1390,"caption":"Bloque Popular Juvenil"},"image":{"@id":"https:\/\/elcomunista.org\/#\/schema\/logo\/image\/"},"sameAs":["https:\/\/www.facebook.com\/Bloquepopularjuvenil","https:\/\/x.com\/ElBPJ","https:\/\/www.instagram.com\/elbloque_bpj\/?hl=es-la"]},{"@type":"Person","@id":"https:\/\/elcomunista.org\/#\/schema\/person\/5ba592a9060d025b60613280fa0fe202","name":"Adri\u00e1n Alvarado","image":{"@type":"ImageObject","inLanguage":"es","@id":"https:\/\/elcomunista.org\/#\/schema\/person\/image\/","url":"https:\/\/secure.gravatar.com\/avatar\/6214f63ee7f274bc999ad8e3f93b75a0?s=96&d=mm&r=g","contentUrl":"https:\/\/secure.gravatar.com\/avatar\/6214f63ee7f274bc999ad8e3f93b75a0?s=96&d=mm&r=g","caption":"Adri\u00e1n Alvarado"},"url":"https:\/\/elcomunista.org\/?author=54"}]}},"jetpack_featured_media_url":"https:\/\/elcomunista.org\/wp-content\/uploads\/2018\/11\/Ricardo_and_Enrique_Flores_Magon-672x358.jpg","jetpack_likes_enabled":true,"jetpack_sharing_enabled":true,"_links":{"self":[{"href":"https:\/\/elcomunista.org\/index.php?rest_route=\/wp\/v2\/posts\/4433"}],"collection":[{"href":"https:\/\/elcomunista.org\/index.php?rest_route=\/wp\/v2\/posts"}],"about":[{"href":"https:\/\/elcomunista.org\/index.php?rest_route=\/wp\/v2\/types\/post"}],"author":[{"embeddable":true,"href":"https:\/\/elcomunista.org\/index.php?rest_route=\/wp\/v2\/users\/54"}],"replies":[{"embeddable":true,"href":"https:\/\/elcomunista.org\/index.php?rest_route=%2Fwp%2Fv2%2Fcomments&post=4433"}],"version-history":[{"count":0,"href":"https:\/\/elcomunista.org\/index.php?rest_route=\/wp\/v2\/posts\/4433\/revisions"}],"wp:featuredmedia":[{"embeddable":true,"href":"https:\/\/elcomunista.org\/index.php?rest_route=\/wp\/v2\/media\/4435"}],"wp:attachment":[{"href":"https:\/\/elcomunista.org\/index.php?rest_route=%2Fwp%2Fv2%2Fmedia&parent=4433"}],"wp:term":[{"taxonomy":"category","embeddable":true,"href":"https:\/\/elcomunista.org\/index.php?rest_route=%2Fwp%2Fv2%2Fcategories&post=4433"},{"taxonomy":"post_tag","embeddable":true,"href":"https:\/\/elcomunista.org\/index.php?rest_route=%2Fwp%2Fv2%2Ftags&post=4433"}],"curies":[{"name":"wp","href":"https:\/\/api.w.org\/{rel}","templated":true}]}}