{"id":4664,"date":"2018-11-27T14:23:47","date_gmt":"2018-11-27T20:23:47","guid":{"rendered":"http:\/\/bloquepopularjuvenil.org\/?p=4664"},"modified":"2018-11-27T21:26:39","modified_gmt":"2018-11-28T03:26:39","slug":"video-la-crisis-organica-del-capital-entrevista-a-jorge-martin","status":"publish","type":"post","link":"https:\/\/elcomunista.org\/?p=4664","title":{"rendered":"[V\u00cdDEO] La crisis org\u00e1nica del capital \u2013 Entrevista a Jorge Martin"},"content":{"rendered":"<p style=\"padding-left: 30px;\">A continuaci\u00f3n, reproducimos de forma \u00edntegra un contenido elaborado por los camaradas de Tatuy TV. Se trata de una entrevista realizada al camarada Jorge Mart\u00edn durante una de sus visitas a Venezuela.<\/p>\n<h4><strong>FUENTE: <a href=\"https:\/\/www.tatuytv.org\/video-pdf-la-crisis-organica-del-capital-entrevista-a-jorge-martin\/\">Tatuy TV<\/a><\/strong><\/h4>\n<p>Jorge Martin es secretario de la campa\u00f1a internacional de solidaridad con la revoluci\u00f3n bolivariana \u201cManos fuera de Venezuela\u201d; dirigente de la Corriente Marxista Internacional (CMI); miembro del comit\u00e9 de redacci\u00f3n de la p\u00e1gina \u201cIn Defence of Marxism\u201d y es editor de \u201cAm\u00e9rica Socialista\u201d revista de la CMI.<\/p>\n<p>Jorge viene a nuestro estudio para profundizar su an\u00e1lisis sobre la crisis org\u00e1nica del capital, c\u00f3mo esta se manifiesta a lo largo del \u00e1mbito internacional, espec\u00edficamente como la crisis global del capital busca resolver sus problemas desde Am\u00e9rica Latina, incluyendo a Venezuela. Nos manifiesta que para \u00e9l las pol\u00edticas neoliberales son elementos que aplica el sistema capitalista en momentos de crisis para poder resolverse de forma interna, siendo estas pol\u00edticas inevitables dentro del capitalismo y su crisis constante.<\/p>\n<p>Al mismo tiempo, hace una breve exposici\u00f3n de como el imperio estadounidense, al buscar resolver la crisis del capitalismo, entra en disputa de poder\u00edo con otro imperio, como lo es China, para seguir manteniendo su hegemon\u00eda a nivel internacional. De esta crisis China ha logrado sacar cosas positivas, porque ha logrado aprovechar esas debilidades para poder hacer alianzas econ\u00f3micas y pol\u00edticas que le permitan seguir avanzando como potencia econ\u00f3mica, y Am\u00e9rica Latina se ha visto beneficiada de estos avances.<\/p>\n<p>En el caso venezolano, Jorge Martin nos dice que son varios los elementos que han influido en la actual crisis que estamos atravesando y aclara que si el gobierno sigue aplicando ciertas pol\u00edticas, que han aumentado el descontento, eso nos llevar\u00e1 al inevitable triunfo de la derecha venezolana.<\/p>\n<p>Otros temas y conceptos logra abarcar el compa\u00f1ero en en esta entrevista, necesaria para seguir entendiendo la situaci\u00f3n pol\u00edtica, econ\u00f3mica y social de Venezuela y el mundo.<\/p>\n<p><iframe loading=\"lazy\" title=\"[V\u00cdDEO] La crisis org\u00e1nica del capital - Entrevista a Jorge Martin\" width=\"640\" height=\"360\" src=\"https:\/\/www.youtube.com\/embed\/8sNlzdA0h1Q?feature=oembed\" frameborder=\"0\" allow=\"accelerometer; autoplay; clipboard-write; encrypted-media; gyroscope; picture-in-picture; web-share\" referrerpolicy=\"strict-origin-when-cross-origin\" allowfullscreen><\/iframe><\/p>\n<div class=\"jetpack-video-wrapper\"><\/div>\n<div><\/div>\n","protected":false},"excerpt":{"rendered":"<p>A continuaci\u00f3n, reproducimos de forma \u00edntegra un contenido elaborado por los camaradas de Tatuy TV. Se trata de una entrevista realizada al camarada Jorge Mart\u00edn durante una de sus visitas a Venezuela. FUENTE: Tatuy TV Jorge Martin es secretario de la campa\u00f1a internacional de solidaridad con la revoluci\u00f3n bolivariana \u201cManos fuera de Venezuela\u201d; dirigente de&#8230;<\/p>\n","protected":false},"author":92,"featured_media":4665,"comment_status":"open","ping_status":"open","sticky":false,"template":"","format":"standard","meta":{"_monsterinsights_skip_tracking":false,"_monsterinsights_sitenote_active":false,"_monsterinsights_sitenote_note":"","_monsterinsights_sitenote_category":0,"_uf_show_specific_survey":0,"_uf_disable_surveys":false,"_jetpack_memberships_contains_paid_content":false,"footnotes":""},"categories":[537,64],"tags":[194,192,558,559,172,152],"class_list":["post-4664","post","type-post","status-publish","format-standard","has-post-thumbnail","hentry","category-principales","category-teoria-marxista","tag-capitalismo","tag-crisis","tag-entrevista","tag-investigacion","tag-marxismo","tag-trotsky"],"aioseo_notices":[],"yoast_head":"<!-- This site is optimized with the Yoast SEO plugin v25.6 - https:\/\/yoast.com\/wordpress\/plugins\/seo\/ -->\n<title>[V\u00cdDEO] La crisis org\u00e1nica del capital \u2013 Entrevista a Jorge Martin<\/title>\n<meta name=\"robots\" content=\"index, follow, max-snippet:-1, max-image-preview:large, max-video-preview:-1\" \/>\n<link rel=\"canonical\" href=\"https:\/\/elcomunista.org\/?p=4664\" \/>\n<meta property=\"og:locale\" content=\"es_ES\" \/>\n<meta property=\"og:type\" content=\"article\" \/>\n<meta property=\"og:title\" content=\"[V\u00cdDEO] La crisis org\u00e1nica del capital \u2013 Entrevista a Jorge Martin\" \/>\n<meta property=\"og:description\" content=\"A continuaci\u00f3n, reproducimos de forma \u00edntegra un contenido elaborado por los camaradas de Tatuy TV. Se trata de una entrevista realizada al camarada Jorge Mart\u00edn durante una de sus visitas a Venezuela. FUENTE: Tatuy TV Jorge Martin es secretario de la campa\u00f1a internacional de solidaridad con la revoluci\u00f3n bolivariana \u201cManos fuera de Venezuela\u201d; dirigente de...\" \/>\n<meta property=\"og:url\" content=\"https:\/\/elcomunista.org\/?p=4664\" \/>\n<meta property=\"og:site_name\" content=\"Revoluci\u00f3n Comunista\" \/>\n<meta property=\"article:publisher\" content=\"https:\/\/www.facebook.com\/Bloquepopularjuvenil\" \/>\n<meta property=\"article:published_time\" content=\"2018-11-27T20:23:47+00:00\" \/>\n<meta property=\"article:modified_time\" content=\"2018-11-28T03:26:39+00:00\" \/>\n<meta property=\"og:image\" content=\"https:\/\/elcomunista.org\/wp-content\/uploads\/2018\/11\/TatuyTv-ENT-Jorge-Martin.png\" \/>\n\t<meta property=\"og:image:width\" content=\"1280\" \/>\n\t<meta property=\"og:image:height\" content=\"720\" \/>\n\t<meta property=\"og:image:type\" content=\"image\/png\" \/>\n<meta name=\"author\" content=\"Tatuy Televis\u00f3n Comunistaria\" \/>\n<meta name=\"twitter:card\" content=\"summary_large_image\" \/>\n<meta name=\"twitter:creator\" content=\"@ElBPJ\" \/>\n<meta name=\"twitter:site\" content=\"@ElBPJ\" \/>\n<meta name=\"twitter:label1\" content=\"Escrito por\" \/>\n\t<meta name=\"twitter:data1\" content=\"Tatuy Televis\u00f3n Comunistaria\" \/>\n\t<meta name=\"twitter:label2\" content=\"Tiempo de lectura\" \/>\n\t<meta name=\"twitter:data2\" content=\"2 minutos\" \/>\n<script type=\"application\/ld+json\" class=\"yoast-schema-graph\">{\"@context\":\"https:\/\/schema.org\",\"@graph\":[{\"@type\":\"Article\",\"@id\":\"https:\/\/elcomunista.org\/?p=4664#article\",\"isPartOf\":{\"@id\":\"https:\/\/elcomunista.org\/?p=4664\"},\"author\":{\"name\":\"Tatuy Televis\u00f3n Comunistaria\",\"@id\":\"https:\/\/elcomunista.org\/#\/schema\/person\/28816fd3b912ba9b6d159cfc7d5d3518\"},\"headline\":\"[V\u00cdDEO] La crisis org\u00e1nica del capital \u2013 Entrevista a Jorge Martin\",\"datePublished\":\"2018-11-27T20:23:47+00:00\",\"dateModified\":\"2018-11-28T03:26:39+00:00\",\"mainEntityOfPage\":{\"@id\":\"https:\/\/elcomunista.org\/?p=4664\"},\"wordCount\":360,\"commentCount\":0,\"publisher\":{\"@id\":\"https:\/\/elcomunista.org\/#organization\"},\"image\":{\"@id\":\"https:\/\/elcomunista.org\/?p=4664#primaryimage\"},\"thumbnailUrl\":\"https:\/\/elcomunista.org\/wp-content\/uploads\/2018\/11\/TatuyTv-ENT-Jorge-Martin.png\",\"keywords\":[\"Capitalismo\",\"crisis\",\"Entrevista\",\"Investigaci\u00f3n\",\"Marxismo\",\"Trotsky\"],\"articleSection\":[\"Principales\",\"Teor\u00eda Marxista\"],\"inLanguage\":\"es\",\"potentialAction\":[{\"@type\":\"CommentAction\",\"name\":\"Comment\",\"target\":[\"https:\/\/elcomunista.org\/?p=4664#respond\"]}]},{\"@type\":\"WebPage\",\"@id\":\"https:\/\/elcomunista.org\/?p=4664\",\"url\":\"https:\/\/elcomunista.org\/?p=4664\",\"name\":\"[V\u00cdDEO] La crisis org\u00e1nica del capital \u2013 Entrevista a Jorge Martin\",\"isPartOf\":{\"@id\":\"https:\/\/elcomunista.org\/#website\"},\"primaryImageOfPage\":{\"@id\":\"https:\/\/elcomunista.org\/?p=4664#primaryimage\"},\"image\":{\"@id\":\"https:\/\/elcomunista.org\/?p=4664#primaryimage\"},\"thumbnailUrl\":\"https:\/\/elcomunista.org\/wp-content\/uploads\/2018\/11\/TatuyTv-ENT-Jorge-Martin.png\",\"datePublished\":\"2018-11-27T20:23:47+00:00\",\"dateModified\":\"2018-11-28T03:26:39+00:00\",\"breadcrumb\":{\"@id\":\"https:\/\/elcomunista.org\/?p=4664#breadcrumb\"},\"inLanguage\":\"es\",\"potentialAction\":[{\"@type\":\"ReadAction\",\"target\":[\"https:\/\/elcomunista.org\/?p=4664\"]}]},{\"@type\":\"ImageObject\",\"inLanguage\":\"es\",\"@id\":\"https:\/\/elcomunista.org\/?p=4664#primaryimage\",\"url\":\"https:\/\/elcomunista.org\/wp-content\/uploads\/2018\/11\/TatuyTv-ENT-Jorge-Martin.png\",\"contentUrl\":\"https:\/\/elcomunista.org\/wp-content\/uploads\/2018\/11\/TatuyTv-ENT-Jorge-Martin.png\",\"width\":1280,\"height\":720},{\"@type\":\"BreadcrumbList\",\"@id\":\"https:\/\/elcomunista.org\/?p=4664#breadcrumb\",\"itemListElement\":[{\"@type\":\"ListItem\",\"position\":1,\"name\":\"Portada\",\"item\":\"https:\/\/elcomunista.org\/\"},{\"@type\":\"ListItem\",\"position\":2,\"name\":\"[V\u00cdDEO] La crisis org\u00e1nica del capital \u2013 Entrevista a Jorge Martin\"}]},{\"@type\":\"WebSite\",\"@id\":\"https:\/\/elcomunista.org\/#website\",\"url\":\"https:\/\/elcomunista.org\/\",\"name\":\"Revoluci\u00f3n Comunista\",\"description\":\"Internacional Comunista Revolucionaria\",\"publisher\":{\"@id\":\"https:\/\/elcomunista.org\/#organization\"},\"potentialAction\":[{\"@type\":\"SearchAction\",\"target\":{\"@type\":\"EntryPoint\",\"urlTemplate\":\"https:\/\/elcomunista.org\/?s={search_term_string}\"},\"query-input\":{\"@type\":\"PropertyValueSpecification\",\"valueRequired\":true,\"valueName\":\"search_term_string\"}}],\"inLanguage\":\"es\"},{\"@type\":\"Organization\",\"@id\":\"https:\/\/elcomunista.org\/#organization\",\"name\":\"Bloque Popular Juvenil\",\"url\":\"https:\/\/elcomunista.org\/\",\"logo\":{\"@type\":\"ImageObject\",\"inLanguage\":\"es\",\"@id\":\"https:\/\/elcomunista.org\/#\/schema\/logo\/image\/\",\"url\":\"https:\/\/bloquepopularjuvenil.org\/wp-content\/uploads\/2018\/11\/bpj-militante.jpg\",\"contentUrl\":\"https:\/\/bloquepopularjuvenil.org\/wp-content\/uploads\/2018\/11\/bpj-militante.jpg\",\"width\":4000,\"height\":1390,\"caption\":\"Bloque Popular Juvenil\"},\"image\":{\"@id\":\"https:\/\/elcomunista.org\/#\/schema\/logo\/image\/\"},\"sameAs\":[\"https:\/\/www.facebook.com\/Bloquepopularjuvenil\",\"https:\/\/x.com\/ElBPJ\",\"https:\/\/www.instagram.com\/elbloque_bpj\/?hl=es-la\"]},{\"@type\":\"Person\",\"@id\":\"https:\/\/elcomunista.org\/#\/schema\/person\/28816fd3b912ba9b6d159cfc7d5d3518\",\"name\":\"Tatuy Televis\u00f3n Comunistaria\",\"image\":{\"@type\":\"ImageObject\",\"inLanguage\":\"es\",\"@id\":\"https:\/\/elcomunista.org\/#\/schema\/person\/image\/\",\"url\":\"https:\/\/secure.gravatar.com\/avatar\/521b54bdd98acfaabebb18217a78419d?s=96&d=mm&r=g\",\"contentUrl\":\"https:\/\/secure.gravatar.com\/avatar\/521b54bdd98acfaabebb18217a78419d?s=96&d=mm&r=g\",\"caption\":\"Tatuy Televis\u00f3n Comunistaria\"},\"url\":\"https:\/\/elcomunista.org\/?author=92\"}]}<\/script>\n<!-- \/ Yoast SEO plugin. -->","yoast_head_json":{"title":"[V\u00cdDEO] La crisis org\u00e1nica del capital \u2013 Entrevista a Jorge Martin","robots":{"index":"index","follow":"follow","max-snippet":"max-snippet:-1","max-image-preview":"max-image-preview:large","max-video-preview":"max-video-preview:-1"},"canonical":"https:\/\/elcomunista.org\/?p=4664","og_locale":"es_ES","og_type":"article","og_title":"[V\u00cdDEO] La crisis org\u00e1nica del capital \u2013 Entrevista a Jorge Martin","og_description":"A continuaci\u00f3n, reproducimos de forma \u00edntegra un contenido elaborado por los camaradas de Tatuy TV. Se trata de una entrevista realizada al camarada Jorge Mart\u00edn durante una de sus visitas a Venezuela. FUENTE: Tatuy TV Jorge Martin es secretario de la campa\u00f1a internacional de solidaridad con la revoluci\u00f3n bolivariana \u201cManos fuera de Venezuela\u201d; dirigente de...","og_url":"https:\/\/elcomunista.org\/?p=4664","og_site_name":"Revoluci\u00f3n Comunista","article_publisher":"https:\/\/www.facebook.com\/Bloquepopularjuvenil","article_published_time":"2018-11-27T20:23:47+00:00","article_modified_time":"2018-11-28T03:26:39+00:00","og_image":[{"width":1280,"height":720,"url":"https:\/\/elcomunista.org\/wp-content\/uploads\/2018\/11\/TatuyTv-ENT-Jorge-Martin.png","type":"image\/png"}],"author":"Tatuy Televis\u00f3n Comunistaria","twitter_card":"summary_large_image","twitter_creator":"@ElBPJ","twitter_site":"@ElBPJ","twitter_misc":{"Escrito por":"Tatuy Televis\u00f3n Comunistaria","Tiempo de lectura":"2 minutos"},"schema":{"@context":"https:\/\/schema.org","@graph":[{"@type":"Article","@id":"https:\/\/elcomunista.org\/?p=4664#article","isPartOf":{"@id":"https:\/\/elcomunista.org\/?p=4664"},"author":{"name":"Tatuy Televis\u00f3n Comunistaria","@id":"https:\/\/elcomunista.org\/#\/schema\/person\/28816fd3b912ba9b6d159cfc7d5d3518"},"headline":"[V\u00cdDEO] La crisis org\u00e1nica del capital \u2013 Entrevista a Jorge Martin","datePublished":"2018-11-27T20:23:47+00:00","dateModified":"2018-11-28T03:26:39+00:00","mainEntityOfPage":{"@id":"https:\/\/elcomunista.org\/?p=4664"},"wordCount":360,"commentCount":0,"publisher":{"@id":"https:\/\/elcomunista.org\/#organization"},"image":{"@id":"https:\/\/elcomunista.org\/?p=4664#primaryimage"},"thumbnailUrl":"https:\/\/elcomunista.org\/wp-content\/uploads\/2018\/11\/TatuyTv-ENT-Jorge-Martin.png","keywords":["Capitalismo","crisis","Entrevista","Investigaci\u00f3n","Marxismo","Trotsky"],"articleSection":["Principales","Teor\u00eda Marxista"],"inLanguage":"es","potentialAction":[{"@type":"CommentAction","name":"Comment","target":["https:\/\/elcomunista.org\/?p=4664#respond"]}]},{"@type":"WebPage","@id":"https:\/\/elcomunista.org\/?p=4664","url":"https:\/\/elcomunista.org\/?p=4664","name":"[V\u00cdDEO] La crisis org\u00e1nica del capital \u2013 Entrevista a Jorge Martin","isPartOf":{"@id":"https:\/\/elcomunista.org\/#website"},"primaryImageOfPage":{"@id":"https:\/\/elcomunista.org\/?p=4664#primaryimage"},"image":{"@id":"https:\/\/elcomunista.org\/?p=4664#primaryimage"},"thumbnailUrl":"https:\/\/elcomunista.org\/wp-content\/uploads\/2018\/11\/TatuyTv-ENT-Jorge-Martin.png","datePublished":"2018-11-27T20:23:47+00:00","dateModified":"2018-11-28T03:26:39+00:00","breadcrumb":{"@id":"https:\/\/elcomunista.org\/?p=4664#breadcrumb"},"inLanguage":"es","potentialAction":[{"@type":"ReadAction","target":["https:\/\/elcomunista.org\/?p=4664"]}]},{"@type":"ImageObject","inLanguage":"es","@id":"https:\/\/elcomunista.org\/?p=4664#primaryimage","url":"https:\/\/elcomunista.org\/wp-content\/uploads\/2018\/11\/TatuyTv-ENT-Jorge-Martin.png","contentUrl":"https:\/\/elcomunista.org\/wp-content\/uploads\/2018\/11\/TatuyTv-ENT-Jorge-Martin.png","width":1280,"height":720},{"@type":"BreadcrumbList","@id":"https:\/\/elcomunista.org\/?p=4664#breadcrumb","itemListElement":[{"@type":"ListItem","position":1,"name":"Portada","item":"https:\/\/elcomunista.org\/"},{"@type":"ListItem","position":2,"name":"[V\u00cdDEO] La crisis org\u00e1nica del capital \u2013 Entrevista a Jorge Martin"}]},{"@type":"WebSite","@id":"https:\/\/elcomunista.org\/#website","url":"https:\/\/elcomunista.org\/","name":"Revoluci\u00f3n Comunista","description":"Internacional Comunista Revolucionaria","publisher":{"@id":"https:\/\/elcomunista.org\/#organization"},"potentialAction":[{"@type":"SearchAction","target":{"@type":"EntryPoint","urlTemplate":"https:\/\/elcomunista.org\/?s={search_term_string}"},"query-input":{"@type":"PropertyValueSpecification","valueRequired":true,"valueName":"search_term_string"}}],"inLanguage":"es"},{"@type":"Organization","@id":"https:\/\/elcomunista.org\/#organization","name":"Bloque Popular Juvenil","url":"https:\/\/elcomunista.org\/","logo":{"@type":"ImageObject","inLanguage":"es","@id":"https:\/\/elcomunista.org\/#\/schema\/logo\/image\/","url":"https:\/\/bloquepopularjuvenil.org\/wp-content\/uploads\/2018\/11\/bpj-militante.jpg","contentUrl":"https:\/\/bloquepopularjuvenil.org\/wp-content\/uploads\/2018\/11\/bpj-militante.jpg","width":4000,"height":1390,"caption":"Bloque Popular Juvenil"},"image":{"@id":"https:\/\/elcomunista.org\/#\/schema\/logo\/image\/"},"sameAs":["https:\/\/www.facebook.com\/Bloquepopularjuvenil","https:\/\/x.com\/ElBPJ","https:\/\/www.instagram.com\/elbloque_bpj\/?hl=es-la"]},{"@type":"Person","@id":"https:\/\/elcomunista.org\/#\/schema\/person\/28816fd3b912ba9b6d159cfc7d5d3518","name":"Tatuy Televis\u00f3n Comunistaria","image":{"@type":"ImageObject","inLanguage":"es","@id":"https:\/\/elcomunista.org\/#\/schema\/person\/image\/","url":"https:\/\/secure.gravatar.com\/avatar\/521b54bdd98acfaabebb18217a78419d?s=96&d=mm&r=g","contentUrl":"https:\/\/secure.gravatar.com\/avatar\/521b54bdd98acfaabebb18217a78419d?s=96&d=mm&r=g","caption":"Tatuy Televis\u00f3n Comunistaria"},"url":"https:\/\/elcomunista.org\/?author=92"}]}},"jetpack_featured_media_url":"https:\/\/elcomunista.org\/wp-content\/uploads\/2018\/11\/TatuyTv-ENT-Jorge-Martin.png","jetpack_likes_enabled":true,"jetpack_sharing_enabled":true,"_links":{"self":[{"href":"https:\/\/elcomunista.org\/index.php?rest_route=\/wp\/v2\/posts\/4664"}],"collection":[{"href":"https:\/\/elcomunista.org\/index.php?rest_route=\/wp\/v2\/posts"}],"about":[{"href":"https:\/\/elcomunista.org\/index.php?rest_route=\/wp\/v2\/types\/post"}],"author":[{"embeddable":true,"href":"https:\/\/elcomunista.org\/index.php?rest_route=\/wp\/v2\/users\/92"}],"replies":[{"embeddable":true,"href":"https:\/\/elcomunista.org\/index.php?rest_route=%2Fwp%2Fv2%2Fcomments&post=4664"}],"version-history":[{"count":0,"href":"https:\/\/elcomunista.org\/index.php?rest_route=\/wp\/v2\/posts\/4664\/revisions"}],"wp:featuredmedia":[{"embeddable":true,"href":"https:\/\/elcomunista.org\/index.php?rest_route=\/wp\/v2\/media\/4665"}],"wp:attachment":[{"href":"https:\/\/elcomunista.org\/index.php?rest_route=%2Fwp%2Fv2%2Fmedia&parent=4664"}],"wp:term":[{"taxonomy":"category","embeddable":true,"href":"https:\/\/elcomunista.org\/index.php?rest_route=%2Fwp%2Fv2%2Fcategories&post=4664"},{"taxonomy":"post_tag","embeddable":true,"href":"https:\/\/elcomunista.org\/index.php?rest_route=%2Fwp%2Fv2%2Ftags&post=4664"}],"curies":[{"name":"wp","href":"https:\/\/api.w.org\/{rel}","templated":true}]}}