{"id":4682,"date":"2018-11-30T20:56:02","date_gmt":"2018-12-01T02:56:02","guid":{"rendered":"http:\/\/bloquepopularjuvenil.org\/?p=4682"},"modified":"2018-11-30T21:00:41","modified_gmt":"2018-12-01T03:00:41","slug":"chalecos-amarillos-como-doblegar-al-gobierno-macron","status":"publish","type":"post","link":"https:\/\/elcomunista.org\/?p=4682","title":{"rendered":"Francia &#8211; Chalecos amarillos: c\u00f3mo doblegar al gobierno Macron"},"content":{"rendered":"<p>El discurso de Macron del martes por la ma\u00f1ana fue una larga e interminable provocaci\u00f3n. Mientras que los chalecos amarillos exigen, como m\u00ednimo, medidas inmediatas contra la carest\u00eda de la vida, el Presidente habl\u00f3 sobre todo de la situaci\u00f3n mundial en el horizonte 2050. No nos ahorr\u00f3 ninguna consideraci\u00f3n de \u00abm\u00e9todo\u00bb ni de \u00abpedagog\u00eda\u00bb. Pero no anunci\u00f3 ni una sola medida concreta. La modulaci\u00f3n de los impuestos en funci\u00f3n del precio del petr\u00f3leo no es una medida concreta: es una vaga hip\u00f3tesis, sin coste y sin plazos.<\/p>\n<section class=\"article-content\">Las medidas a tomar son enviadas a las \u00abconsultas\u00bb a organizar en los pr\u00f3ximos meses a nivel territorial. Por supuesto, de ah\u00ed no puede salir nada positivo. Ese no es el objetivo. En lo inmediato, lo que le importa al gobierno es anunciar las negociaciones con la esperanza de desmovilizar a los chalecos amarillos. El gobierno les dir\u00e1 \u00ab\u00bfpara qu\u00e9 os moviliz\u00e1is, si hemos abierto negociaciones?\u00bb<span style=\"font-size: 8pt;\"><sup><span style=\"color: #800000;\">[1]<\/span><\/sup><\/span>.Sin embargo, la jugada es demasiado evidente, y la cantidad de c\u00f3lera acumulada es demasiado grande, la exasperaci\u00f3n demasiado viva, para que este movimiento se conforme con promesas vagas formuladas en un tono docto y arrogante. La lucha va a proseguir con una etapa importante este s\u00e1bado: la movilizaci\u00f3n simult\u00e1nea en las calles de los chalecos amarillos y la CGT (entre otros). En muchas ciudades se anuncian manifestaciones conjuntas. Lo ideal ser\u00eda que esto se hiciera en todas partes bajo consignas comunes: contra la imposici\u00f3n a los pobre, contra las pol\u00edticas de austeridad, etc.<\/p>\n<h4><span style=\"color: #800000;\"><strong>El papel de los sindicatos<\/strong><\/span><\/h4>\n<p>\u00bfPor qu\u00e9 el gobierno no cede en nada? Porque teme, con raz\u00f3n, que una concesi\u00f3n anime la lucha de las masas y que el conjunto de los trabajadores se digan entonces: \u00abpara conseguir algo, \u00a1hay que hacer como los chalecos amarillos!\u00bb. Pero, por otro lado, al rechazar cualquier concesi\u00f3n, el gobierno corre el riesgo de estimular y radicalizar el movimiento.<\/p>\n<p>La experiencia demuestra que un gobierno se enfrenta a este tipo de disyuntiva cuando la exasperaci\u00f3n de las masas y su combatividad son tales que el pa\u00eds se encuentra en el umbral de una poderosa explosi\u00f3n social. Ciertamente, nadie puede decir si esta explosi\u00f3n (o m\u00e1s bien esta segunda explosi\u00f3n) tendr\u00e1 lugar. Pero las condiciones est\u00e1n creadas. Y en este momento la pelota est\u00e1 en el tejado del movimiento obrero; de los sindicatos en primer lugar, pero tambi\u00e9n de los partidos de izquierdas. Estos tienen que intervenir en el movimiento, apoyarlo y, sobre todo, apoyarse en su impulso para construir una ofensiva general contra el gobierno Macron.<\/p>\n<p>Dejado a su suerte, el movimiento de los chalecos amarillos corre el riesgo de agotarse y dispersarse a la larga. El gobierno probablemente no ceder\u00e1 a la estrategia de bloqueos de carreteras, comercios e instituciones. \u00c9ste las \u00abdesbloquear\u00e1\u00bb una a una y apostar\u00e1 por el cansancio del movimiento. Es por esto que el movimiento debe aumentar su potencia, traspasar un umbral decisivo. Hay que combinar la estrategia de bloqueos con el desarrollo de un amplio movimiento huelgu\u00edstico. Esta es la precondici\u00f3n para la victoria. Pero, en lo inmediato, los chalecos amarillos no pueden organizar estas huelgas ellos mismos. Esa es la tarea, en primer lugar, de las organizaciones sindicales. Estas deben lanzar todas sus fuerzas a esta batalla, no dentro de tres meses, sino\u00a0<em>ahora<\/em>.<\/p>\n<p><img decoding=\"async\" class=\"aligncenter\" src=\"http:\/\/www.luchadeclases.org\/images\/Fotos_Europa\/Gilets-Jaunes-Femmes.jpg\" alt=\"Gilets Jaunes Femmes\" \/><\/p>\n<p>En vez de hacer esto, los dirigentes sindicales se mantienen a distancia de los chalecos amarillos, cuando no les atacan (Laurent Berger, de la CFDT, es el m\u00e1s virulento). Felizmente la base de los sindicatos reacciona de otra manera, especialmente en la CGT, en la que la posici\u00f3n de la direcci\u00f3n confederal est\u00e1 siendo muy contestada. Y con raz\u00f3n: es escandalosa. En un primer momento, Mart\u00ednez<span style=\"color: #800000; font-size: 8pt;\"><sup>[2]<\/sup><\/span>\u00a0rechaz\u00f3 apoyar las acciones del 17 de noviembre con la excusa de \u00abno desfilar con el Frente Nacional\u00bb (aun cuando la presencia organizada de \u00e9ste era marginal).<\/p>\n<p>Despu\u00e9s, para no llamar a participar en las manifestaciones del 24 de noviembre, la direcci\u00f3n de la CGT ha llamado a manifestarse el 1 de diciembre. A fin de cuentas, la CGT no siempre apoya con claridad la anulaci\u00f3n de la subida de impuestos a los carburantes. Prefiere pedir un aumento de los salarios (\u00a1como si ambas reivindicaciones se contradijeran!).<\/p>\n<p>Mientras que Mart\u00ednez multiplica las excusas para mantenerse al margen de los chalecos amarillos, las estructuras de base de la CGT est\u00e1n interviniendo en el movimiento, o al menos se declaran favorables. Estos acercamientos tienen que multiplicarse. All\u00e1 donde sea posible, los militantes de la CGT deben proponer a los chalecos amarillos organizar asambleas generales, en las que pueda someterse la cuesti\u00f3n de la huelga. El movimiento de los chalecos amarillos puede jugar un papel importante en la organizaci\u00f3n de un amplio movimiento huelgu\u00edstico. No ser\u00e1 dif\u00edcil conectar ambos, ya que muchos chalecos amarillos son trabajadores. Si se les gana para la estrategia de la huelga, se convertir\u00e1n en excelentes defensores de esta causa en sus empresas. Hay que apoyarse en la extraordinaria combatividad que este movimiento ha hecho surgir.<\/p>\n<p>Las asambleas permitir\u00edan tambi\u00e9n hacer m\u00e1s democr\u00e1tico y m\u00e1s eficaz al movimiento. La elecci\u00f3n de ocho portavoces (\u00bfC\u00f3mo? \u00bfPor qui\u00e9n?) ha puesto esta cuesti\u00f3n en el centro del debate. Es necesario un control democr\u00e1tico del movimiento de abajo arriba, con delegados elegibles y revocables a nivel local y despu\u00e9s nacional. Por cierto, esto permitir\u00eda descartar a los militantes de extrema derecha que buscan prosperar en la confusi\u00f3n. Un discurso anticapitalista claro tendr\u00e1 mucho m\u00e1s \u00e9xito entre los chalecos amarillos que las jeremiadas nacionalistas de la extrema derecha.<\/p>\n<h4><span style=\"color: #800000;\"><strong>\u00bfApol\u00edtico?<\/strong><\/span><\/h4>\n<p>Algunos nos dir\u00e1n: \u00ab\u00a1No! El movimiento de los chalecos amarillos es apol\u00edtico y debe seguir si\u00e9ndolo\u00bb. Los mismos que normalmente rechazan toda implicaci\u00f3n de los sindicatos. No hay que ceder a estas presiones, que siempre favorecen a los elementos m\u00e1s derechistas. Los chalecos amarillos rechazan el sistema pol\u00edtico actual, con raz\u00f3n, y a la vez desconf\u00edan de los dirigentes pol\u00edticos y sindicales, tambi\u00e9n con raz\u00f3n. Pero su movimiento no es en absoluto \u00abapol\u00edtico\u00bb. Algunas de las reivindicaciones que surgen, como la disoluci\u00f3n de la Asamblea Nacional, no s\u00f3lo son muy pol\u00edticas, sino tambi\u00e9n muy radicales.\u00a0<em>Y hace falta que encuentren una expresi\u00f3n clara en la izquierda y en el movimiento sindical<\/em>.<\/p>\n<p>La CGT y La Francia Insumisa en particular deben explicar que no se podr\u00e1 derrocar al gobierno sin un fuerte movimiento de huelgas prorrogables, ya que los bloqueos y las manifestaciones no bastar\u00e1n. Al mismo tiempo, deben defender un programa de ruptura con el sistema capitalista, ya que la crisis es la causa fundamental de la carest\u00eda de la vida y de todos los sufrimientos de las masas. No intervenir pol\u00edticamente en este movimiento ser\u00eda dejar el terreno a la derecha y la extrema derecha. No podemos permitirlo.<\/p>\n<p>&nbsp;<\/p>\n<hr \/>\n<p><strong><span style=\"font-size: 10pt;\">NOTAS:<\/span><\/strong><\/p>\n<p><span style=\"font-size: 10pt;\">[1]\u00a0Conocemos bien este m\u00e9todo: se usa sistem\u00e1ticamente contra el movimiento obrero con la complicidad de los dirigentes sindicales, que corren sin cesar hacia las \u00abconcertaciones\u00bb, \u00abcumbres sociales\u00bb y otras \u00abmesas redondas\u00bb<\/span><br \/>\n<span style=\"font-size: 10pt;\">[2]\u00a0Philippe Mart\u00ednez, secretario general de la CGT (v\u00e9ase:\u00a0<\/span><a href=\"http:\/\/bloquepopularjuvenil.org\/francia-la-movilizacion-de-los-chalecos-amarillos\/\"><span style=\"font-size: 10pt;\">Francia: la movilizaci\u00f3n de los chalecos amarillos<\/span><\/a><span style=\"font-family: -apple-system, BlinkMacSystemFont, 'Segoe UI', Roboto, Oxygen-Sans, Ubuntu, Cantarell, 'Helvetica Neue', sans-serif; font-size: 10pt;\">) [Nota de LdC]<\/span><\/p>\n<p><em><strong>Leer tambi\u00e9n;\u00a0<a href=\"http:\/\/luchadeclases.org\/internacional\/23-europa\/2914-los-chalecos-amarillos-en-la-isla-reunion-un-movimiento-con-aspecto-de-revolucion.html\">Los chalecos amarillos en la isla Reuni\u00f3n: un movimiento con aspecto de revoluci\u00f3n<\/a><\/strong><\/em><\/p>\n<\/section>\n","protected":false},"excerpt":{"rendered":"<p>El discurso de Macron del martes por la ma\u00f1ana fue una larga e interminable provocaci\u00f3n. Mientras que los chalecos amarillos exigen, como m\u00ednimo, medidas inmediatas contra la carest\u00eda de la vida, el Presidente habl\u00f3 sobre todo de la situaci\u00f3n mundial en el horizonte 2050. No nos ahorr\u00f3 ninguna consideraci\u00f3n de \u00abm\u00e9todo\u00bb ni de \u00abpedagog\u00eda\u00bb. Pero&#8230;<\/p>\n","protected":false},"author":91,"featured_media":4683,"comment_status":"open","ping_status":"open","sticky":false,"template":"","format":"standard","meta":{"_monsterinsights_skip_tracking":false,"_monsterinsights_sitenote_active":false,"_monsterinsights_sitenote_note":"","_monsterinsights_sitenote_category":0,"_uf_show_specific_survey":0,"_uf_disable_surveys":false,"_jetpack_memberships_contains_paid_content":false,"footnotes":""},"categories":[31,34,13,537],"tags":[562,563,565,564],"class_list":["post-4682","post","type-post","status-publish","format-standard","has-post-thumbnail","hentry","category-europa","category-francia","category-internacional","category-principales","tag-francia","tag-francia-insumisa","tag-gilets-jaunes","tag-macron"],"aioseo_notices":[],"yoast_head":"<!-- This site is optimized with the Yoast SEO plugin v25.6 - https:\/\/yoast.com\/wordpress\/plugins\/seo\/ -->\n<title>Francia - Chalecos amarillos: c\u00f3mo doblegar al gobierno Macron<\/title>\n<meta name=\"robots\" content=\"index, follow, max-snippet:-1, max-image-preview:large, max-video-preview:-1\" \/>\n<link rel=\"canonical\" href=\"https:\/\/elcomunista.org\/?p=4682\" \/>\n<meta property=\"og:locale\" content=\"es_ES\" \/>\n<meta property=\"og:type\" content=\"article\" \/>\n<meta property=\"og:title\" content=\"Francia - Chalecos amarillos: c\u00f3mo doblegar al gobierno Macron\" \/>\n<meta property=\"og:description\" content=\"El discurso de Macron del martes por la ma\u00f1ana fue una larga e interminable provocaci\u00f3n. Mientras que los chalecos amarillos exigen, como m\u00ednimo, medidas inmediatas contra la carest\u00eda de la vida, el Presidente habl\u00f3 sobre todo de la situaci\u00f3n mundial en el horizonte 2050. No nos ahorr\u00f3 ninguna consideraci\u00f3n de \u00abm\u00e9todo\u00bb ni de \u00abpedagog\u00eda\u00bb. Pero...\" \/>\n<meta property=\"og:url\" content=\"https:\/\/elcomunista.org\/?p=4682\" \/>\n<meta property=\"og:site_name\" content=\"Revoluci\u00f3n Comunista\" \/>\n<meta property=\"article:publisher\" content=\"https:\/\/www.facebook.com\/Bloquepopularjuvenil\" \/>\n<meta property=\"article:published_time\" content=\"2018-12-01T02:56:02+00:00\" \/>\n<meta property=\"article:modified_time\" content=\"2018-12-01T03:00:41+00:00\" \/>\n<meta property=\"og:image\" content=\"https:\/\/elcomunista.org\/wp-content\/uploads\/2018\/11\/870x489-images-gilet-jaune-macron-demission.jpg\" \/>\n\t<meta property=\"og:image:width\" content=\"640\" \/>\n\t<meta property=\"og:image:height\" content=\"360\" \/>\n\t<meta property=\"og:image:type\" content=\"image\/jpeg\" \/>\n<meta name=\"author\" content=\"R\u00e9volution (CMI \u2013 Francia)\" \/>\n<meta name=\"twitter:card\" content=\"summary_large_image\" \/>\n<meta name=\"twitter:creator\" content=\"@ElBPJ\" \/>\n<meta name=\"twitter:site\" content=\"@ElBPJ\" \/>\n<meta name=\"twitter:label1\" content=\"Escrito por\" \/>\n\t<meta name=\"twitter:data1\" content=\"R\u00e9volution (CMI \u2013 Francia)\" \/>\n\t<meta name=\"twitter:label2\" content=\"Tiempo de lectura\" \/>\n\t<meta name=\"twitter:data2\" content=\"6 minutos\" \/>\n<script type=\"application\/ld+json\" class=\"yoast-schema-graph\">{\"@context\":\"https:\/\/schema.org\",\"@graph\":[{\"@type\":\"Article\",\"@id\":\"https:\/\/elcomunista.org\/?p=4682#article\",\"isPartOf\":{\"@id\":\"https:\/\/elcomunista.org\/?p=4682\"},\"author\":{\"name\":\"R\u00e9volution (CMI \u2013 Francia)\",\"@id\":\"https:\/\/elcomunista.org\/#\/schema\/person\/e6db8bef8995fb5d11278530412716ca\"},\"headline\":\"Francia &#8211; Chalecos amarillos: c\u00f3mo doblegar al gobierno Macron\",\"datePublished\":\"2018-12-01T02:56:02+00:00\",\"dateModified\":\"2018-12-01T03:00:41+00:00\",\"mainEntityOfPage\":{\"@id\":\"https:\/\/elcomunista.org\/?p=4682\"},\"wordCount\":1280,\"commentCount\":0,\"publisher\":{\"@id\":\"https:\/\/elcomunista.org\/#organization\"},\"image\":{\"@id\":\"https:\/\/elcomunista.org\/?p=4682#primaryimage\"},\"thumbnailUrl\":\"https:\/\/elcomunista.org\/wp-content\/uploads\/2018\/11\/870x489-images-gilet-jaune-macron-demission.jpg\",\"keywords\":[\"Francia\",\"Francia Insumisa\",\"Gilets Jaunes\",\"Macron\"],\"articleSection\":[\"Europa\",\"Francia\",\"Internacional\",\"Principales\"],\"inLanguage\":\"es\",\"potentialAction\":[{\"@type\":\"CommentAction\",\"name\":\"Comment\",\"target\":[\"https:\/\/elcomunista.org\/?p=4682#respond\"]}]},{\"@type\":\"WebPage\",\"@id\":\"https:\/\/elcomunista.org\/?p=4682\",\"url\":\"https:\/\/elcomunista.org\/?p=4682\",\"name\":\"Francia - Chalecos amarillos: c\u00f3mo doblegar al gobierno Macron\",\"isPartOf\":{\"@id\":\"https:\/\/elcomunista.org\/#website\"},\"primaryImageOfPage\":{\"@id\":\"https:\/\/elcomunista.org\/?p=4682#primaryimage\"},\"image\":{\"@id\":\"https:\/\/elcomunista.org\/?p=4682#primaryimage\"},\"thumbnailUrl\":\"https:\/\/elcomunista.org\/wp-content\/uploads\/2018\/11\/870x489-images-gilet-jaune-macron-demission.jpg\",\"datePublished\":\"2018-12-01T02:56:02+00:00\",\"dateModified\":\"2018-12-01T03:00:41+00:00\",\"breadcrumb\":{\"@id\":\"https:\/\/elcomunista.org\/?p=4682#breadcrumb\"},\"inLanguage\":\"es\",\"potentialAction\":[{\"@type\":\"ReadAction\",\"target\":[\"https:\/\/elcomunista.org\/?p=4682\"]}]},{\"@type\":\"ImageObject\",\"inLanguage\":\"es\",\"@id\":\"https:\/\/elcomunista.org\/?p=4682#primaryimage\",\"url\":\"https:\/\/elcomunista.org\/wp-content\/uploads\/2018\/11\/870x489-images-gilet-jaune-macron-demission.jpg\",\"contentUrl\":\"https:\/\/elcomunista.org\/wp-content\/uploads\/2018\/11\/870x489-images-gilet-jaune-macron-demission.jpg\",\"width\":640,\"height\":360},{\"@type\":\"BreadcrumbList\",\"@id\":\"https:\/\/elcomunista.org\/?p=4682#breadcrumb\",\"itemListElement\":[{\"@type\":\"ListItem\",\"position\":1,\"name\":\"Portada\",\"item\":\"https:\/\/elcomunista.org\/\"},{\"@type\":\"ListItem\",\"position\":2,\"name\":\"Francia &#8211; Chalecos amarillos: c\u00f3mo doblegar al gobierno Macron\"}]},{\"@type\":\"WebSite\",\"@id\":\"https:\/\/elcomunista.org\/#website\",\"url\":\"https:\/\/elcomunista.org\/\",\"name\":\"Revoluci\u00f3n Comunista\",\"description\":\"Internacional Comunista Revolucionaria\",\"publisher\":{\"@id\":\"https:\/\/elcomunista.org\/#organization\"},\"potentialAction\":[{\"@type\":\"SearchAction\",\"target\":{\"@type\":\"EntryPoint\",\"urlTemplate\":\"https:\/\/elcomunista.org\/?s={search_term_string}\"},\"query-input\":{\"@type\":\"PropertyValueSpecification\",\"valueRequired\":true,\"valueName\":\"search_term_string\"}}],\"inLanguage\":\"es\"},{\"@type\":\"Organization\",\"@id\":\"https:\/\/elcomunista.org\/#organization\",\"name\":\"Bloque Popular Juvenil\",\"url\":\"https:\/\/elcomunista.org\/\",\"logo\":{\"@type\":\"ImageObject\",\"inLanguage\":\"es\",\"@id\":\"https:\/\/elcomunista.org\/#\/schema\/logo\/image\/\",\"url\":\"https:\/\/bloquepopularjuvenil.org\/wp-content\/uploads\/2018\/11\/bpj-militante.jpg\",\"contentUrl\":\"https:\/\/bloquepopularjuvenil.org\/wp-content\/uploads\/2018\/11\/bpj-militante.jpg\",\"width\":4000,\"height\":1390,\"caption\":\"Bloque Popular Juvenil\"},\"image\":{\"@id\":\"https:\/\/elcomunista.org\/#\/schema\/logo\/image\/\"},\"sameAs\":[\"https:\/\/www.facebook.com\/Bloquepopularjuvenil\",\"https:\/\/x.com\/ElBPJ\",\"https:\/\/www.instagram.com\/elbloque_bpj\/?hl=es-la\"]},{\"@type\":\"Person\",\"@id\":\"https:\/\/elcomunista.org\/#\/schema\/person\/e6db8bef8995fb5d11278530412716ca\",\"name\":\"R\u00e9volution (CMI \u2013 Francia)\",\"image\":{\"@type\":\"ImageObject\",\"inLanguage\":\"es\",\"@id\":\"https:\/\/elcomunista.org\/#\/schema\/person\/image\/\",\"url\":\"https:\/\/secure.gravatar.com\/avatar\/9c07c37e85e949a1e030d6437a37ff32?s=96&d=mm&r=g\",\"contentUrl\":\"https:\/\/secure.gravatar.com\/avatar\/9c07c37e85e949a1e030d6437a37ff32?s=96&d=mm&r=g\",\"caption\":\"R\u00e9volution (CMI \u2013 Francia)\"},\"url\":\"https:\/\/elcomunista.org\/?author=91\"}]}<\/script>\n<!-- \/ Yoast SEO plugin. -->","yoast_head_json":{"title":"Francia - Chalecos amarillos: c\u00f3mo doblegar al gobierno Macron","robots":{"index":"index","follow":"follow","max-snippet":"max-snippet:-1","max-image-preview":"max-image-preview:large","max-video-preview":"max-video-preview:-1"},"canonical":"https:\/\/elcomunista.org\/?p=4682","og_locale":"es_ES","og_type":"article","og_title":"Francia - Chalecos amarillos: c\u00f3mo doblegar al gobierno Macron","og_description":"El discurso de Macron del martes por la ma\u00f1ana fue una larga e interminable provocaci\u00f3n. Mientras que los chalecos amarillos exigen, como m\u00ednimo, medidas inmediatas contra la carest\u00eda de la vida, el Presidente habl\u00f3 sobre todo de la situaci\u00f3n mundial en el horizonte 2050. No nos ahorr\u00f3 ninguna consideraci\u00f3n de \u00abm\u00e9todo\u00bb ni de \u00abpedagog\u00eda\u00bb. Pero...","og_url":"https:\/\/elcomunista.org\/?p=4682","og_site_name":"Revoluci\u00f3n Comunista","article_publisher":"https:\/\/www.facebook.com\/Bloquepopularjuvenil","article_published_time":"2018-12-01T02:56:02+00:00","article_modified_time":"2018-12-01T03:00:41+00:00","og_image":[{"width":640,"height":360,"url":"https:\/\/elcomunista.org\/wp-content\/uploads\/2018\/11\/870x489-images-gilet-jaune-macron-demission.jpg","type":"image\/jpeg"}],"author":"R\u00e9volution (CMI \u2013 Francia)","twitter_card":"summary_large_image","twitter_creator":"@ElBPJ","twitter_site":"@ElBPJ","twitter_misc":{"Escrito por":"R\u00e9volution (CMI \u2013 Francia)","Tiempo de lectura":"6 minutos"},"schema":{"@context":"https:\/\/schema.org","@graph":[{"@type":"Article","@id":"https:\/\/elcomunista.org\/?p=4682#article","isPartOf":{"@id":"https:\/\/elcomunista.org\/?p=4682"},"author":{"name":"R\u00e9volution (CMI \u2013 Francia)","@id":"https:\/\/elcomunista.org\/#\/schema\/person\/e6db8bef8995fb5d11278530412716ca"},"headline":"Francia &#8211; Chalecos amarillos: c\u00f3mo doblegar al gobierno Macron","datePublished":"2018-12-01T02:56:02+00:00","dateModified":"2018-12-01T03:00:41+00:00","mainEntityOfPage":{"@id":"https:\/\/elcomunista.org\/?p=4682"},"wordCount":1280,"commentCount":0,"publisher":{"@id":"https:\/\/elcomunista.org\/#organization"},"image":{"@id":"https:\/\/elcomunista.org\/?p=4682#primaryimage"},"thumbnailUrl":"https:\/\/elcomunista.org\/wp-content\/uploads\/2018\/11\/870x489-images-gilet-jaune-macron-demission.jpg","keywords":["Francia","Francia Insumisa","Gilets Jaunes","Macron"],"articleSection":["Europa","Francia","Internacional","Principales"],"inLanguage":"es","potentialAction":[{"@type":"CommentAction","name":"Comment","target":["https:\/\/elcomunista.org\/?p=4682#respond"]}]},{"@type":"WebPage","@id":"https:\/\/elcomunista.org\/?p=4682","url":"https:\/\/elcomunista.org\/?p=4682","name":"Francia - Chalecos amarillos: c\u00f3mo doblegar al gobierno Macron","isPartOf":{"@id":"https:\/\/elcomunista.org\/#website"},"primaryImageOfPage":{"@id":"https:\/\/elcomunista.org\/?p=4682#primaryimage"},"image":{"@id":"https:\/\/elcomunista.org\/?p=4682#primaryimage"},"thumbnailUrl":"https:\/\/elcomunista.org\/wp-content\/uploads\/2018\/11\/870x489-images-gilet-jaune-macron-demission.jpg","datePublished":"2018-12-01T02:56:02+00:00","dateModified":"2018-12-01T03:00:41+00:00","breadcrumb":{"@id":"https:\/\/elcomunista.org\/?p=4682#breadcrumb"},"inLanguage":"es","potentialAction":[{"@type":"ReadAction","target":["https:\/\/elcomunista.org\/?p=4682"]}]},{"@type":"ImageObject","inLanguage":"es","@id":"https:\/\/elcomunista.org\/?p=4682#primaryimage","url":"https:\/\/elcomunista.org\/wp-content\/uploads\/2018\/11\/870x489-images-gilet-jaune-macron-demission.jpg","contentUrl":"https:\/\/elcomunista.org\/wp-content\/uploads\/2018\/11\/870x489-images-gilet-jaune-macron-demission.jpg","width":640,"height":360},{"@type":"BreadcrumbList","@id":"https:\/\/elcomunista.org\/?p=4682#breadcrumb","itemListElement":[{"@type":"ListItem","position":1,"name":"Portada","item":"https:\/\/elcomunista.org\/"},{"@type":"ListItem","position":2,"name":"Francia &#8211; Chalecos amarillos: c\u00f3mo doblegar al gobierno Macron"}]},{"@type":"WebSite","@id":"https:\/\/elcomunista.org\/#website","url":"https:\/\/elcomunista.org\/","name":"Revoluci\u00f3n Comunista","description":"Internacional Comunista Revolucionaria","publisher":{"@id":"https:\/\/elcomunista.org\/#organization"},"potentialAction":[{"@type":"SearchAction","target":{"@type":"EntryPoint","urlTemplate":"https:\/\/elcomunista.org\/?s={search_term_string}"},"query-input":{"@type":"PropertyValueSpecification","valueRequired":true,"valueName":"search_term_string"}}],"inLanguage":"es"},{"@type":"Organization","@id":"https:\/\/elcomunista.org\/#organization","name":"Bloque Popular Juvenil","url":"https:\/\/elcomunista.org\/","logo":{"@type":"ImageObject","inLanguage":"es","@id":"https:\/\/elcomunista.org\/#\/schema\/logo\/image\/","url":"https:\/\/bloquepopularjuvenil.org\/wp-content\/uploads\/2018\/11\/bpj-militante.jpg","contentUrl":"https:\/\/bloquepopularjuvenil.org\/wp-content\/uploads\/2018\/11\/bpj-militante.jpg","width":4000,"height":1390,"caption":"Bloque Popular Juvenil"},"image":{"@id":"https:\/\/elcomunista.org\/#\/schema\/logo\/image\/"},"sameAs":["https:\/\/www.facebook.com\/Bloquepopularjuvenil","https:\/\/x.com\/ElBPJ","https:\/\/www.instagram.com\/elbloque_bpj\/?hl=es-la"]},{"@type":"Person","@id":"https:\/\/elcomunista.org\/#\/schema\/person\/e6db8bef8995fb5d11278530412716ca","name":"R\u00e9volution (CMI \u2013 Francia)","image":{"@type":"ImageObject","inLanguage":"es","@id":"https:\/\/elcomunista.org\/#\/schema\/person\/image\/","url":"https:\/\/secure.gravatar.com\/avatar\/9c07c37e85e949a1e030d6437a37ff32?s=96&d=mm&r=g","contentUrl":"https:\/\/secure.gravatar.com\/avatar\/9c07c37e85e949a1e030d6437a37ff32?s=96&d=mm&r=g","caption":"R\u00e9volution (CMI \u2013 Francia)"},"url":"https:\/\/elcomunista.org\/?author=91"}]}},"jetpack_featured_media_url":"https:\/\/elcomunista.org\/wp-content\/uploads\/2018\/11\/870x489-images-gilet-jaune-macron-demission.jpg","jetpack_likes_enabled":true,"jetpack_sharing_enabled":true,"_links":{"self":[{"href":"https:\/\/elcomunista.org\/index.php?rest_route=\/wp\/v2\/posts\/4682"}],"collection":[{"href":"https:\/\/elcomunista.org\/index.php?rest_route=\/wp\/v2\/posts"}],"about":[{"href":"https:\/\/elcomunista.org\/index.php?rest_route=\/wp\/v2\/types\/post"}],"author":[{"embeddable":true,"href":"https:\/\/elcomunista.org\/index.php?rest_route=\/wp\/v2\/users\/91"}],"replies":[{"embeddable":true,"href":"https:\/\/elcomunista.org\/index.php?rest_route=%2Fwp%2Fv2%2Fcomments&post=4682"}],"version-history":[{"count":0,"href":"https:\/\/elcomunista.org\/index.php?rest_route=\/wp\/v2\/posts\/4682\/revisions"}],"wp:featuredmedia":[{"embeddable":true,"href":"https:\/\/elcomunista.org\/index.php?rest_route=\/wp\/v2\/media\/4683"}],"wp:attachment":[{"href":"https:\/\/elcomunista.org\/index.php?rest_route=%2Fwp%2Fv2%2Fmedia&parent=4682"}],"wp:term":[{"taxonomy":"category","embeddable":true,"href":"https:\/\/elcomunista.org\/index.php?rest_route=%2Fwp%2Fv2%2Fcategories&post=4682"},{"taxonomy":"post_tag","embeddable":true,"href":"https:\/\/elcomunista.org\/index.php?rest_route=%2Fwp%2Fv2%2Ftags&post=4682"}],"curies":[{"name":"wp","href":"https:\/\/api.w.org\/{rel}","templated":true}]}}