{"id":4935,"date":"2019-01-22T17:02:25","date_gmt":"2019-01-22T23:02:25","guid":{"rendered":"http:\/\/bloquepopularjuvenil.org\/?p=4935"},"modified":"2019-01-22T17:02:32","modified_gmt":"2019-01-22T23:02:32","slug":"el-dia-sin-obreros-en-matamoros-tamaulipas","status":"publish","type":"post","link":"https:\/\/elcomunista.org\/?p=4935","title":{"rendered":"El d\u00eda sin obreros en Matamoros Tamaulipas"},"content":{"rendered":"<p>Nuevamente la fuerza de la clase obrera ha quedado patente y se ha demostrado en el municipio, cuyo nombre podemos utilizar para adjetivar a la actual lucha que se emprende en la frontera norte del pa\u00eds: Heroica de Matamoros. Los protagonistas de paros, manifestaciones y asambleas de los \u00faltimos d\u00edas, se han enfrentado a diversos obst\u00e1culos: la arrogancia de los empresarios que se niegan a reconocer su lucha y resolver sus demandas; el entreguismo y cobard\u00eda de los dirigentes sindicales, que deber\u00edan representarlos; el bloqueo de los medios de comunicaci\u00f3n, que se han negado a difundir los hechos y acontecimientos; y la cerraz\u00f3n de las autoridades municipales, que en teor\u00eda deber\u00edan representar esa corriente que recorre el pa\u00eds que desea cambios profundos, pero son incapaces siquiera de dar la cara a las demandas leg\u00edtimas de los obreros.<\/p><figure><iframe loading=\"lazy\" src=\"https:\/\/www.facebook.com\/plugins\/video.php?href=https%3A%2F%2Fwww.facebook.com%2FEBRANHC%2Fvideos%2F2002387053164270%2F&amp;show_text=0&amp;width=560\" width=\"560\" height=\"315\" allowfullscreen=\"allowfullscreen\"><\/iframe><\/figure><p>Los trabajadores de las maquilas se han reconocido y han realizado acciones colectivas para resolver sus demandas. La represi\u00f3n y la amenaza de los despidos a\u00fan no los han doblegado, han recibido la solidaridad de la poblaci\u00f3n del municipio y comienza a llegar el apoyo de los j\u00f3venes y trabajadores conscientes a nivel nacional e internacional, que ven en esta lucha una fuente de inspiraci\u00f3n.<\/p><p>La conciencia ha comenzado a avanzar de una forma vertiginosa y comienzan a darse cuenta del rol indispensable que la clase obrera jugamos en esta sociedad. En los diversos grupos de difusi\u00f3n que existen del movimiento encontramos comentarios como estos:<\/p><p>\u201cLa frase del supervisor: \u2018aqu\u00ed nadie es indispensable\u2019 \u00bfy ahora qui\u00e9n ocupa mi lugar?, espero que con esto valoren lo que somos\u201d. Lo escribe una obrera participante en los paros laborales y en el movimiento.<\/p><p>\u201cEste movimiento sac\u00f3 a la luz el verdadero rostro de los delgados (sindicales) buenos para nada que est\u00e1n a favor de las empresas. Mis respetos a esos que a\u00fan est\u00e1n en la lucha\u201d. Escribe un obrero.<\/p><p>\u201cEl obrero sin patr\u00f3n puede producir. El patr\u00f3n no produce\u201d. Entre los espacios informativos compartieron este mensaje, corto, claro y contundente.<\/p><p>Los expresan palabras de aliento a los que se mantienen firmes en los paros, otros realizan exhortos, s\u00faplicas, rega\u00f1os, reproches y enuncian palabras fuertes a aquellos que han ca\u00eddo en la tentaci\u00f3n de entrar a laborar.&nbsp; Tambi\u00e9n hay obreros que comparten orgullosos las fotos de las plantas de las empresas vac\u00edas, sin producir, con la maquinaria detenida y solo un pu\u00f1ado de empleados de confianza adentro intentando, sin muchos resultados, echar a andar la producci\u00f3n.<\/p><p>Existe una idea que comienza a formarse en aquellos obreros que en estos d\u00edas se han lanzado a la lucha: \u201csomos los m\u00e1s indispensables en esta sociedad\u201d. Y efectivamente la clase obrera es la \u00fanica productora de la riqueza y valor bajo el sistema capitalista y su fortaleza radica no solamente en su peso num\u00e9rico, sino en el rol que juega en la producci\u00f3n. Sin la clase obrera no funcionan las empresas, el transporte, las oficinas, las instituciones del Estado, los bancos, etc. Si todos los trabajadores decidi\u00e9ramos, alg\u00fan d\u00eda, ponernos en marcha se paralizar\u00eda la econom\u00eda y el funcionamiento de esta sociedad.<\/p><p>El gran problema es que los trabajadores no somos conscientes del gran poder que tenemos al unirnos y organizarnos, las presiones de la vida cotidiana, la moral que prevalece en la sociedad, los medios de comunicaci\u00f3n, incluso los propios patrones de manera consiente nos desunen y dividen.<\/p><p>Lo que estamos observando en el municipio de Matamoros en este momento, es el inicio de lo que Carlos Marx denomin\u00f3 la evoluci\u00f3n de los trabajadores de una clase en s\u00ed, a una clase para s\u00ed. Es decir, el proletariado pasa a ser una masa dispersa, desunida, concentrada en subsistir, a una clase social consciente de sus intereses, objetivos y su misi\u00f3n hist\u00f3rica.<\/p><figure class=\"wp-block-image\"><img decoding=\"async\" src=\"https:\/\/marxismo.mx\/wp-content\/uploads\/2019\/01\/50273916_757568037935303_2505215532827934720_n.jpg\" alt=\"\" class=\"wp-image-6640\"\/><figcaption>Obreros concentrados en la Plaza de Matamoros Tamaulipas \/ Foto: Redes Sociales<\/figcaption><\/figure><h4 class=\"wp-block-heading\"><strong>Un d\u00eda sin obreros<\/strong><\/h4><p>Por los grupos informativos de los obreros en lucha comenz\u00f3 a circular la convocatoria algunos d\u00edas previos a una nueva jornada de lucha que fortaleciera el movimiento y adem\u00e1s expresara la solidaridad con aquellos que han sido despedidos o sufrido represalias. El objetivo era mantener las protestas y dar una muestra de la fortaleza del movimiento.<\/p><p>Recordemos que la huelga est\u00e1 emplazada para el d\u00eda 25 de enero, las demandas fueron establecidas desde el inicio del movimiento: 20% de incremento salarial y un bono anual que fortalezca el salario. Por lo pronto las acciones se han enmarcado a esperar y generar un ambiente en torno a esa fecha, ya que la mayor parte de las empresas han rechazado las peticiones de los obreros.<\/p><p>\u201cUn d\u00eda sin obreros\u201d fue la consigna, la fecha establecida fue el lunes 25 de enero y se realiz\u00f3 un llamado para una concentraci\u00f3n y una movilizaci\u00f3n. Algunos medios de comunicaci\u00f3n locales ubican la asistencia entre 4 mil y 5 mil obreros, miles m\u00e1s secundaron la acci\u00f3n no acudiendo a laborar o qued\u00e1ndose en las puertas de las empresas, incluso circularon algunas fotos de algunos que fueron obligados a entrar pero que dentro se negaron a trabajar.<\/p><p>Nuevamente esta acci\u00f3n muestra la consistencia del movimiento, que se ha enfrentado a todas las adversidades y cuyos liderazgos han surgido desde las entra\u00f1as de las propias empresas debido a la traici\u00f3n y cobard\u00eda de los dirigentes sindicales.<\/p><p>Durante la manifestaci\u00f3n surgieron los gritos, los mensajes y carteles de: \u201c\u00dananse\u201d, \u201cObreros Unidos\u201d, flanqueado por la bandera de huelga: \u201cObreros unidos hasta el final\u201d y carteles y lonas pintadas con los nombres de las empresas, banderas de huelga, etc.<\/p><p>Hubo una manta en particular cuyo mensaje que se difundi\u00f3 con fuerza, fue realizada por dos hijos de un obrero involucrado en el movimiento, un d\u00eda antes del \u201cd\u00eda sin obreros\u201d la realizaron en su casa para acompa\u00f1ar a su padre a la manifestaci\u00f3n, sonriendo la cargan para posar en la foto, un adolescente y una ni\u00f1a:<\/p><p>\u201cLa jornada de hoy pasar\u00e1 a la historia del movimiento obrero. Unidos todos de pie\u201d.<\/p><p>Y efectivamente las jornadas de lucha de la clase obrera de Matamoros, de principios de a\u00f1o 2019, quedar\u00e1n grabados en los anales del movimiento obrero en nuestro pa\u00eds. Estos acontecimientos nos muestran al nuevo periodo de la lucha de clases que estamos entrando en el pa\u00eds y la fuerte corriente que ha impregnado a millones de trabajadores y j\u00f3venes en el pa\u00eds que desean cambios profundos y radicales, que se ha expresado en las calles en meses pasados, en las urnas el pasado primero de julio del 2018 y que ahora tenemos una nueva expresi\u00f3n en la inspiradora lucha de la clase obrera de Matamoros.<\/p><p>Tambi\u00e9n, en un cartel alguien plasm\u00f3 la frase de Carlos Marx:<\/p><p>\u201cEl obrero tiene m\u00e1s necesidad de respeto que de pan\u201d.<\/p><figure class=\"wp-block-image\"><img decoding=\"async\" src=\"https:\/\/marxismo.mx\/wp-content\/uploads\/2019\/01\/Obreros-Tamaulipas.jpg\" alt=\"\" class=\"wp-image-6641\"\/><figcaption>El obrero tiene m\u00e1s necesidad de respeto que de pan \/ Foto: Redes Sociales<\/figcaption><\/figure><h4 class=\"wp-block-heading\"><strong>Dirigentes sindicales, la patronal y el gobierno municipal<\/strong><\/h4><p>El domingo por la noche el dirigente del Sindicato de Jornaleros y Obreros Industriales y de la Industria de la Maquiladora (SJOIIM), el cual agrupa a la mayor parte de los trabajadores de las maquilas dio un mensaje, despu\u00e9s de d\u00edas de no aparecer en p\u00fablico pues estaba escondido de sus propios afiliados.<\/p><p>En un video difundido en los espacios oficiales del sindicato, el dirigente hizo un llamado a los obreros \u201cal respeto\u201d y a que las acciones se realizaran en el marco de la legalidad. En pocas palabras hizo un llamado a desmovilizar horas antes de la jornada de lucha del 21 de enero.<\/p><p>Ese mismo fin de semana los obreros realizaron m\u00edtines en las oficinas sindicales, debido a que los dirigentes simplemente desaparecieron de la escena p\u00fablica. Eso ha generado mucho malestar en una buena parte de los obreros de la maquila que se han dado cuenta del papel traidor y timorato de sus dirigentes.<\/p><figure class=\"wp-block-image\"><img decoding=\"async\" src=\"https:\/\/marxismo.mx\/wp-content\/uploads\/2019\/01\/Obreros-maquila-Tamaulipas.jpg\" alt=\"\" class=\"wp-image-6643\"\/><figcaption>Consignas contra los dirigentes sindicales entreguistas \/ Foto Redes Sociales<\/figcaption><\/figure><p>Uno de los grandes retos del movimiento es la democratizaci\u00f3n de los sindicatos, sacar a los actuales dirigentes y sustituirlos por verdaderos representantes de la clase obrera, es una consigna y lucha que se deber\u00eda llevar ahora mismo que miles de obreros est\u00e1n en movimiento, la destituci\u00f3n de los actuales dirigentes es una de las condicionales para que el movimiento avance.<\/p><p>Para preparar la huelga del pr\u00f3ximo 25 de enero se deber\u00edan formar comitivas por cada una de las empresas, elegidas democr\u00e1ticamente en asambleas, integradas por los obreros m\u00e1s entregados a la causa, y crear una asamblea coordinadora de comitivas que haga los preparativos para la huelga, promoviendo acciones de reparto de panfletos, de informaci\u00f3n, que realicen jornadas de brigadero entre los obreros m\u00e1s indecisos, preparar la log\u00edstica y ser quienes encabecen los procesos de negociaci\u00f3n. A su vez se debe hacer un llamado a toda la poblaci\u00f3n para que se sume a la lucha para obligar a la patronal a resolver las demandas.<\/p><p>Algunas empresas han llamado a negociaciones por separado, el presidente de la Asociaci\u00f3n de Maquiladoras de Matamoros manifest\u00f3 que en 10 d\u00edas de paros y manifestaciones las p\u00e9rdidas ascienden a 20 millones de d\u00f3lares. Explic\u00f3 que el detener una l\u00ednea ensambladora en una maquila cuesta 26 mil d\u00f3lares. Es decir que en un minuto los obreros producen cerca de $498,420, que representa m\u00e1s de 2,800 veces lo que le pagan a un obrero en un d\u00eda o 155 veces el monto del bono anual que se est\u00e1 solicitando para cada obrero.<\/p><p>Los patrones argumentan que no existe el suficiente dinero para pagar las demandas de los obreros, el movimiento deber\u00eda exigir ante esa situaci\u00f3n que se hagan p\u00fablicos los libros de contabilidad de cada una de las empresas, que den a conocer sus ganancias.<\/p><p>El presidente municipal de Matamoros, Mario Alberto Hern\u00e1ndez L\u00f3pez, qui\u00e9n gan\u00f3 en las pasadas elecciones del 1\u00b0 de julio bajo las siglas de la coalici\u00f3n de Morena, Partido del Trabajo y Encuentro Social, tras la jornada de la protesta del \u201cd\u00eda sin obreros\u201d, se vio obligado a hablar en la Plaza p\u00fablica para prometer algunas soluciones al conflicto, las cuales no fueron nada claras. Hay un sentimiento entre algunos sectores de los obreros que el presidente municipal simplemente se est\u00e1 deslindando del conflicto y con su actitud se posiciona del lado de la patronal.<\/p><figure class=\"wp-block-image\"><img decoding=\"async\" src=\"https:\/\/marxismo.mx\/wp-content\/uploads\/2019\/01\/50491122_612891472479658_2716755423913836544_n.jpg\" alt=\"\" class=\"wp-image-6644\"\/><figcaption>Un d\u00eda sin obreros \/ Foto: Redes Sociales<\/figcaption><\/figure><p>Su actitud es congruente con sus negocios, ya que es dirigente de un grupo empresarial del ramo de los combustibles, pasteler\u00eda, sal\u00f3n de eventos, restaurantes y llanteras. Es un personaje ajeno a los sentimientos e intereses del pueblo y dela clase obrera. Adem\u00e1s es uno de los pol\u00edticos reciclados de otros partidos que en a\u00f1os recientes se ha subido al carro del cambio, debido a que los partidos del r\u00e9gimen el PRI y el PAN se han hundido. Esta situaci\u00f3n es consecuencia de postular a pol\u00edticos arribistas sin principios de aquellos partidos que se asumen como izquierda y que desean desde la perspectiva electoral generar alg\u00fan cambio.<\/p><p>Los pr\u00f3ximos d\u00edas ser\u00e1n decisivos en el movimiento, hacemos un nuevo llamado a las organizaciones sociales, sindicales y estudiantiles a fortalecer la campa\u00f1a de solidaridad a la lucha de la clase obrera en Matamoros.<\/p><p><\/p>","protected":false},"excerpt":{"rendered":"<p>Nuevamente la fuerza de la clase obrera ha quedado patente y se ha demostrado en el municipio, cuyo nombre podemos utilizar para adjetivar a la actual lucha que se emprende en la frontera norte del pa\u00eds: Heroica de Matamoros. Los protagonistas de paros, manifestaciones y asambleas de los \u00faltimos d\u00edas, se han enfrentado a diversos&#8230;<\/p>\n","protected":false},"author":54,"featured_media":4941,"comment_status":"open","ping_status":"open","sticky":false,"template":"","format":"standard","meta":{"_monsterinsights_skip_tracking":false,"_monsterinsights_sitenote_active":false,"_monsterinsights_sitenote_note":"","_monsterinsights_sitenote_category":0,"_uf_show_specific_survey":0,"_uf_disable_surveys":false,"_jetpack_memberships_contains_paid_content":false,"footnotes":""},"categories":[13,29,616,537],"tags":[617,618,619,609],"class_list":["post-4935","post","type-post","status-publish","format-standard","has-post-thumbnail","hentry","category-internacional","category-mexico","category-mundo-obrero","category-principales","tag-huelga-en-maquilas","tag-matamoros","tag-movimiento-obrero","tag-tamaulipas"],"aioseo_notices":[],"yoast_head":"<!-- This site is optimized with the Yoast SEO plugin v25.6 - https:\/\/yoast.com\/wordpress\/plugins\/seo\/ -->\n<title>El d\u00eda sin obreros en Matamoros Tamaulipas<\/title>\n<meta name=\"robots\" content=\"index, follow, max-snippet:-1, max-image-preview:large, max-video-preview:-1\" \/>\n<link rel=\"canonical\" href=\"https:\/\/elcomunista.org\/?p=4935\" \/>\n<meta property=\"og:locale\" content=\"es_ES\" \/>\n<meta property=\"og:type\" content=\"article\" \/>\n<meta property=\"og:title\" content=\"El d\u00eda sin obreros en Matamoros Tamaulipas\" \/>\n<meta property=\"og:description\" content=\"Nuevamente la fuerza de la clase obrera ha quedado patente y se ha demostrado en el municipio, cuyo nombre podemos utilizar para adjetivar a la actual lucha que se emprende en la frontera norte del pa\u00eds: Heroica de Matamoros. Los protagonistas de paros, manifestaciones y asambleas de los \u00faltimos d\u00edas, se han enfrentado a diversos...\" \/>\n<meta property=\"og:url\" content=\"https:\/\/elcomunista.org\/?p=4935\" \/>\n<meta property=\"og:site_name\" content=\"Revoluci\u00f3n Comunista\" \/>\n<meta property=\"article:publisher\" content=\"https:\/\/www.facebook.com\/Bloquepopularjuvenil\" \/>\n<meta property=\"article:published_time\" content=\"2019-01-22T23:02:25+00:00\" \/>\n<meta property=\"article:modified_time\" content=\"2019-01-22T23:02:32+00:00\" \/>\n<meta property=\"og:image\" content=\"https:\/\/elcomunista.org\/wp-content\/uploads\/2019\/01\/50286226_612891415812997_1099785041099096064_n.jpg\" \/>\n\t<meta property=\"og:image:width\" content=\"900\" \/>\n\t<meta property=\"og:image:height\" content=\"516\" \/>\n\t<meta property=\"og:image:type\" content=\"image\/jpeg\" \/>\n<meta name=\"author\" content=\"Adri\u00e1n Alvarado\" \/>\n<meta name=\"twitter:card\" content=\"summary_large_image\" \/>\n<meta name=\"twitter:creator\" content=\"@ElBPJ\" \/>\n<meta name=\"twitter:site\" content=\"@ElBPJ\" \/>\n<meta name=\"twitter:label1\" content=\"Escrito por\" \/>\n\t<meta name=\"twitter:data1\" content=\"Adri\u00e1n Alvarado\" \/>\n\t<meta name=\"twitter:label2\" content=\"Tiempo de lectura\" \/>\n\t<meta name=\"twitter:data2\" content=\"10 minutos\" \/>\n<script type=\"application\/ld+json\" class=\"yoast-schema-graph\">{\"@context\":\"https:\/\/schema.org\",\"@graph\":[{\"@type\":\"Article\",\"@id\":\"https:\/\/elcomunista.org\/?p=4935#article\",\"isPartOf\":{\"@id\":\"https:\/\/elcomunista.org\/?p=4935\"},\"author\":{\"name\":\"Adri\u00e1n Alvarado\",\"@id\":\"https:\/\/elcomunista.org\/#\/schema\/person\/5ba592a9060d025b60613280fa0fe202\"},\"headline\":\"El d\u00eda sin obreros en Matamoros Tamaulipas\",\"datePublished\":\"2019-01-22T23:02:25+00:00\",\"dateModified\":\"2019-01-22T23:02:32+00:00\",\"mainEntityOfPage\":{\"@id\":\"https:\/\/elcomunista.org\/?p=4935\"},\"wordCount\":1957,\"commentCount\":0,\"publisher\":{\"@id\":\"https:\/\/elcomunista.org\/#organization\"},\"image\":{\"@id\":\"https:\/\/elcomunista.org\/?p=4935#primaryimage\"},\"thumbnailUrl\":\"https:\/\/elcomunista.org\/wp-content\/uploads\/2019\/01\/50286226_612891415812997_1099785041099096064_n.jpg\",\"keywords\":[\"Huelga en maquilas\",\"Matamoros\",\"Movimiento obrero\",\"Tamaulipas\"],\"articleSection\":[\"Internacional\",\"M\u00e9xico\",\"Mundo Obrero\",\"Principales\"],\"inLanguage\":\"es\",\"potentialAction\":[{\"@type\":\"CommentAction\",\"name\":\"Comment\",\"target\":[\"https:\/\/elcomunista.org\/?p=4935#respond\"]}]},{\"@type\":\"WebPage\",\"@id\":\"https:\/\/elcomunista.org\/?p=4935\",\"url\":\"https:\/\/elcomunista.org\/?p=4935\",\"name\":\"El d\u00eda sin obreros en Matamoros Tamaulipas\",\"isPartOf\":{\"@id\":\"https:\/\/elcomunista.org\/#website\"},\"primaryImageOfPage\":{\"@id\":\"https:\/\/elcomunista.org\/?p=4935#primaryimage\"},\"image\":{\"@id\":\"https:\/\/elcomunista.org\/?p=4935#primaryimage\"},\"thumbnailUrl\":\"https:\/\/elcomunista.org\/wp-content\/uploads\/2019\/01\/50286226_612891415812997_1099785041099096064_n.jpg\",\"datePublished\":\"2019-01-22T23:02:25+00:00\",\"dateModified\":\"2019-01-22T23:02:32+00:00\",\"breadcrumb\":{\"@id\":\"https:\/\/elcomunista.org\/?p=4935#breadcrumb\"},\"inLanguage\":\"es\",\"potentialAction\":[{\"@type\":\"ReadAction\",\"target\":[\"https:\/\/elcomunista.org\/?p=4935\"]}]},{\"@type\":\"ImageObject\",\"inLanguage\":\"es\",\"@id\":\"https:\/\/elcomunista.org\/?p=4935#primaryimage\",\"url\":\"https:\/\/elcomunista.org\/wp-content\/uploads\/2019\/01\/50286226_612891415812997_1099785041099096064_n.jpg\",\"contentUrl\":\"https:\/\/elcomunista.org\/wp-content\/uploads\/2019\/01\/50286226_612891415812997_1099785041099096064_n.jpg\",\"width\":900,\"height\":516},{\"@type\":\"BreadcrumbList\",\"@id\":\"https:\/\/elcomunista.org\/?p=4935#breadcrumb\",\"itemListElement\":[{\"@type\":\"ListItem\",\"position\":1,\"name\":\"Portada\",\"item\":\"https:\/\/elcomunista.org\/\"},{\"@type\":\"ListItem\",\"position\":2,\"name\":\"El d\u00eda sin obreros en Matamoros Tamaulipas\"}]},{\"@type\":\"WebSite\",\"@id\":\"https:\/\/elcomunista.org\/#website\",\"url\":\"https:\/\/elcomunista.org\/\",\"name\":\"Revoluci\u00f3n Comunista\",\"description\":\"Internacional Comunista Revolucionaria\",\"publisher\":{\"@id\":\"https:\/\/elcomunista.org\/#organization\"},\"potentialAction\":[{\"@type\":\"SearchAction\",\"target\":{\"@type\":\"EntryPoint\",\"urlTemplate\":\"https:\/\/elcomunista.org\/?s={search_term_string}\"},\"query-input\":{\"@type\":\"PropertyValueSpecification\",\"valueRequired\":true,\"valueName\":\"search_term_string\"}}],\"inLanguage\":\"es\"},{\"@type\":\"Organization\",\"@id\":\"https:\/\/elcomunista.org\/#organization\",\"name\":\"Bloque Popular Juvenil\",\"url\":\"https:\/\/elcomunista.org\/\",\"logo\":{\"@type\":\"ImageObject\",\"inLanguage\":\"es\",\"@id\":\"https:\/\/elcomunista.org\/#\/schema\/logo\/image\/\",\"url\":\"https:\/\/bloquepopularjuvenil.org\/wp-content\/uploads\/2018\/11\/bpj-militante.jpg\",\"contentUrl\":\"https:\/\/bloquepopularjuvenil.org\/wp-content\/uploads\/2018\/11\/bpj-militante.jpg\",\"width\":4000,\"height\":1390,\"caption\":\"Bloque Popular Juvenil\"},\"image\":{\"@id\":\"https:\/\/elcomunista.org\/#\/schema\/logo\/image\/\"},\"sameAs\":[\"https:\/\/www.facebook.com\/Bloquepopularjuvenil\",\"https:\/\/x.com\/ElBPJ\",\"https:\/\/www.instagram.com\/elbloque_bpj\/?hl=es-la\"]},{\"@type\":\"Person\",\"@id\":\"https:\/\/elcomunista.org\/#\/schema\/person\/5ba592a9060d025b60613280fa0fe202\",\"name\":\"Adri\u00e1n Alvarado\",\"image\":{\"@type\":\"ImageObject\",\"inLanguage\":\"es\",\"@id\":\"https:\/\/elcomunista.org\/#\/schema\/person\/image\/\",\"url\":\"https:\/\/secure.gravatar.com\/avatar\/6214f63ee7f274bc999ad8e3f93b75a0?s=96&d=mm&r=g\",\"contentUrl\":\"https:\/\/secure.gravatar.com\/avatar\/6214f63ee7f274bc999ad8e3f93b75a0?s=96&d=mm&r=g\",\"caption\":\"Adri\u00e1n Alvarado\"},\"url\":\"https:\/\/elcomunista.org\/?author=54\"}]}<\/script>\n<!-- \/ Yoast SEO plugin. -->","yoast_head_json":{"title":"El d\u00eda sin obreros en Matamoros Tamaulipas","robots":{"index":"index","follow":"follow","max-snippet":"max-snippet:-1","max-image-preview":"max-image-preview:large","max-video-preview":"max-video-preview:-1"},"canonical":"https:\/\/elcomunista.org\/?p=4935","og_locale":"es_ES","og_type":"article","og_title":"El d\u00eda sin obreros en Matamoros Tamaulipas","og_description":"Nuevamente la fuerza de la clase obrera ha quedado patente y se ha demostrado en el municipio, cuyo nombre podemos utilizar para adjetivar a la actual lucha que se emprende en la frontera norte del pa\u00eds: Heroica de Matamoros. Los protagonistas de paros, manifestaciones y asambleas de los \u00faltimos d\u00edas, se han enfrentado a diversos...","og_url":"https:\/\/elcomunista.org\/?p=4935","og_site_name":"Revoluci\u00f3n Comunista","article_publisher":"https:\/\/www.facebook.com\/Bloquepopularjuvenil","article_published_time":"2019-01-22T23:02:25+00:00","article_modified_time":"2019-01-22T23:02:32+00:00","og_image":[{"width":900,"height":516,"url":"https:\/\/elcomunista.org\/wp-content\/uploads\/2019\/01\/50286226_612891415812997_1099785041099096064_n.jpg","type":"image\/jpeg"}],"author":"Adri\u00e1n Alvarado","twitter_card":"summary_large_image","twitter_creator":"@ElBPJ","twitter_site":"@ElBPJ","twitter_misc":{"Escrito por":"Adri\u00e1n Alvarado","Tiempo de lectura":"10 minutos"},"schema":{"@context":"https:\/\/schema.org","@graph":[{"@type":"Article","@id":"https:\/\/elcomunista.org\/?p=4935#article","isPartOf":{"@id":"https:\/\/elcomunista.org\/?p=4935"},"author":{"name":"Adri\u00e1n Alvarado","@id":"https:\/\/elcomunista.org\/#\/schema\/person\/5ba592a9060d025b60613280fa0fe202"},"headline":"El d\u00eda sin obreros en Matamoros Tamaulipas","datePublished":"2019-01-22T23:02:25+00:00","dateModified":"2019-01-22T23:02:32+00:00","mainEntityOfPage":{"@id":"https:\/\/elcomunista.org\/?p=4935"},"wordCount":1957,"commentCount":0,"publisher":{"@id":"https:\/\/elcomunista.org\/#organization"},"image":{"@id":"https:\/\/elcomunista.org\/?p=4935#primaryimage"},"thumbnailUrl":"https:\/\/elcomunista.org\/wp-content\/uploads\/2019\/01\/50286226_612891415812997_1099785041099096064_n.jpg","keywords":["Huelga en maquilas","Matamoros","Movimiento obrero","Tamaulipas"],"articleSection":["Internacional","M\u00e9xico","Mundo Obrero","Principales"],"inLanguage":"es","potentialAction":[{"@type":"CommentAction","name":"Comment","target":["https:\/\/elcomunista.org\/?p=4935#respond"]}]},{"@type":"WebPage","@id":"https:\/\/elcomunista.org\/?p=4935","url":"https:\/\/elcomunista.org\/?p=4935","name":"El d\u00eda sin obreros en Matamoros Tamaulipas","isPartOf":{"@id":"https:\/\/elcomunista.org\/#website"},"primaryImageOfPage":{"@id":"https:\/\/elcomunista.org\/?p=4935#primaryimage"},"image":{"@id":"https:\/\/elcomunista.org\/?p=4935#primaryimage"},"thumbnailUrl":"https:\/\/elcomunista.org\/wp-content\/uploads\/2019\/01\/50286226_612891415812997_1099785041099096064_n.jpg","datePublished":"2019-01-22T23:02:25+00:00","dateModified":"2019-01-22T23:02:32+00:00","breadcrumb":{"@id":"https:\/\/elcomunista.org\/?p=4935#breadcrumb"},"inLanguage":"es","potentialAction":[{"@type":"ReadAction","target":["https:\/\/elcomunista.org\/?p=4935"]}]},{"@type":"ImageObject","inLanguage":"es","@id":"https:\/\/elcomunista.org\/?p=4935#primaryimage","url":"https:\/\/elcomunista.org\/wp-content\/uploads\/2019\/01\/50286226_612891415812997_1099785041099096064_n.jpg","contentUrl":"https:\/\/elcomunista.org\/wp-content\/uploads\/2019\/01\/50286226_612891415812997_1099785041099096064_n.jpg","width":900,"height":516},{"@type":"BreadcrumbList","@id":"https:\/\/elcomunista.org\/?p=4935#breadcrumb","itemListElement":[{"@type":"ListItem","position":1,"name":"Portada","item":"https:\/\/elcomunista.org\/"},{"@type":"ListItem","position":2,"name":"El d\u00eda sin obreros en Matamoros Tamaulipas"}]},{"@type":"WebSite","@id":"https:\/\/elcomunista.org\/#website","url":"https:\/\/elcomunista.org\/","name":"Revoluci\u00f3n Comunista","description":"Internacional Comunista Revolucionaria","publisher":{"@id":"https:\/\/elcomunista.org\/#organization"},"potentialAction":[{"@type":"SearchAction","target":{"@type":"EntryPoint","urlTemplate":"https:\/\/elcomunista.org\/?s={search_term_string}"},"query-input":{"@type":"PropertyValueSpecification","valueRequired":true,"valueName":"search_term_string"}}],"inLanguage":"es"},{"@type":"Organization","@id":"https:\/\/elcomunista.org\/#organization","name":"Bloque Popular Juvenil","url":"https:\/\/elcomunista.org\/","logo":{"@type":"ImageObject","inLanguage":"es","@id":"https:\/\/elcomunista.org\/#\/schema\/logo\/image\/","url":"https:\/\/bloquepopularjuvenil.org\/wp-content\/uploads\/2018\/11\/bpj-militante.jpg","contentUrl":"https:\/\/bloquepopularjuvenil.org\/wp-content\/uploads\/2018\/11\/bpj-militante.jpg","width":4000,"height":1390,"caption":"Bloque Popular Juvenil"},"image":{"@id":"https:\/\/elcomunista.org\/#\/schema\/logo\/image\/"},"sameAs":["https:\/\/www.facebook.com\/Bloquepopularjuvenil","https:\/\/x.com\/ElBPJ","https:\/\/www.instagram.com\/elbloque_bpj\/?hl=es-la"]},{"@type":"Person","@id":"https:\/\/elcomunista.org\/#\/schema\/person\/5ba592a9060d025b60613280fa0fe202","name":"Adri\u00e1n Alvarado","image":{"@type":"ImageObject","inLanguage":"es","@id":"https:\/\/elcomunista.org\/#\/schema\/person\/image\/","url":"https:\/\/secure.gravatar.com\/avatar\/6214f63ee7f274bc999ad8e3f93b75a0?s=96&d=mm&r=g","contentUrl":"https:\/\/secure.gravatar.com\/avatar\/6214f63ee7f274bc999ad8e3f93b75a0?s=96&d=mm&r=g","caption":"Adri\u00e1n Alvarado"},"url":"https:\/\/elcomunista.org\/?author=54"}]}},"jetpack_featured_media_url":"https:\/\/elcomunista.org\/wp-content\/uploads\/2019\/01\/50286226_612891415812997_1099785041099096064_n.jpg","jetpack_likes_enabled":true,"jetpack_sharing_enabled":true,"_links":{"self":[{"href":"https:\/\/elcomunista.org\/index.php?rest_route=\/wp\/v2\/posts\/4935"}],"collection":[{"href":"https:\/\/elcomunista.org\/index.php?rest_route=\/wp\/v2\/posts"}],"about":[{"href":"https:\/\/elcomunista.org\/index.php?rest_route=\/wp\/v2\/types\/post"}],"author":[{"embeddable":true,"href":"https:\/\/elcomunista.org\/index.php?rest_route=\/wp\/v2\/users\/54"}],"replies":[{"embeddable":true,"href":"https:\/\/elcomunista.org\/index.php?rest_route=%2Fwp%2Fv2%2Fcomments&post=4935"}],"version-history":[{"count":0,"href":"https:\/\/elcomunista.org\/index.php?rest_route=\/wp\/v2\/posts\/4935\/revisions"}],"wp:featuredmedia":[{"embeddable":true,"href":"https:\/\/elcomunista.org\/index.php?rest_route=\/wp\/v2\/media\/4941"}],"wp:attachment":[{"href":"https:\/\/elcomunista.org\/index.php?rest_route=%2Fwp%2Fv2%2Fmedia&parent=4935"}],"wp:term":[{"taxonomy":"category","embeddable":true,"href":"https:\/\/elcomunista.org\/index.php?rest_route=%2Fwp%2Fv2%2Fcategories&post=4935"},{"taxonomy":"post_tag","embeddable":true,"href":"https:\/\/elcomunista.org\/index.php?rest_route=%2Fwp%2Fv2%2Ftags&post=4935"}],"curies":[{"name":"wp","href":"https:\/\/api.w.org\/{rel}","templated":true}]}}