{"id":5006,"date":"2019-01-29T18:48:32","date_gmt":"2019-01-30T00:48:32","guid":{"rendered":"http:\/\/bloquepopularjuvenil.org\/?p=5006"},"modified":"2019-01-29T18:48:37","modified_gmt":"2019-01-30T00:48:37","slug":"no-mas-gobiernos-serviles-debemos-ir-contra-el-capital-extranjero-y-nacional-por-conquistas-revolucionarias-desde-las-calles","status":"publish","type":"post","link":"https:\/\/elcomunista.org\/?p=5006","title":{"rendered":"\u00a1No m\u00e1s gobiernos serviles, debemos ir contra el capital extranjero y nacional, por conquistas revolucionarias desde las calles!"},"content":{"rendered":"<p>Cuando escribimos&nbsp;este articulo, estamos ya a pocos d\u00edas de las elecciones presidenciales, que por su contenido social, ser\u00e1n hist\u00f3ricas para el movimiento de los trabajadores. Si las estad\u00edsticas de la mayor\u00eda de encuestas de opini\u00f3n se cumplen, estar\u00edamos cerrando un ciclo de 10 a\u00f1os de la pol\u00edtica del FMLN en el pa\u00eds, y l\u00f3gicamente habr\u00e1 una reconfiguraci\u00f3n de las fuerzas pol\u00edticas de la sociedad. Tambi\u00e9n significar\u00e1 un cambio trascendental en la historia, al romperse el bipartidismo tradicional que data de hace m\u00e1s de 25 a\u00f1os, tal y como en el 2009 signific\u00f3 el rompimiento de la dominaci\u00f3n de 20 a\u00f1os del partido ultraderechista ARENA. Esto no es, para nada un capricho casual de la historia de la sociedad, esto es la expresi\u00f3n de la fuerza viva de los trabajadores, que buscan incesantemente una salida real a sus deplorables condiciones de vida.&nbsp;<\/p><p>Asistimos pues a acontecimientos profundamente interesantes de la lucha de los trabajadores por liberarse del yugo del capital. No podemos afirmar que, si de cumplirse las estad\u00edsticas de las encuestas, esto significar\u00e1 un retroceso de la conciencia, en absoluto, lo que refleja todo lo contrario. Significa que los trabajadores han comprendido que lo que el FMLN ha hecho en los 10 de sus gobiernos, ha sido insuficiente para sus necesidades, como marxistas no vamos a negar las reformas fundamentales que el FMLN ha hecho en salud, educaci\u00f3n, infraestructura entre otros aspectos, sin embargo, la intensidad de la crisis que acoge a los trabajadores es mucho m\u00e1s cruda como para seguirlos manteniendo en el gobierno y esta ha exigido cambios estructurales que no se han realizado en esta d\u00e9cada.<\/p><h4 class=\"wp-block-heading\"><strong>10 a\u00f1os de reformismo del FMLN<\/strong><\/h4><p>El FMLN al llegar al poder no hizo m\u00e1s que administrar la crisis del capital, muy al estilo de la socialdemocracia, empujar por reformas pero sin empujar por la revoluci\u00f3n social. Esta pol\u00edtica es la responsable del descalabro del 2018 y posiblemente del descalabro este a\u00f1o en las elecciones presidenciales. Es preciso sacar las lecciones necesarias de los 10 a\u00f1os del ciclo del FMLN. En un momento crucial para el capitalismo mundial, de crisis y recesi\u00f3n, es imposible desarrollar un gobierno reformista que intente favorecer a los trabajadores con pol\u00edticas de Estado cuando a los capitalistas les va mal, realmente es una receta acabada para el fracaso. En los periodos de crisis la expresi\u00f3n de la dominaci\u00f3n burguesa queda completamente dilucidada ante las masas, porque los gobiernos no pueden brindar peque\u00f1as migajas a las masas para detener su constante cr\u00edtica y tienen que cumplir los mandatos de la burgues\u00eda, sino quieren ser expulsados del gobierno por la v\u00eda de la fuerza.&nbsp;<\/p><p>Por eso fue imposible que en los gobiernos del FMLN&nbsp;se pudieran revertirlas privatizaciones, distribuir las tierras a los campesinos, desarrollar una reforma fiscal revolucionaria que estableciera la base para m\u00e1s empresas p\u00fablicas de capital social en el pa\u00eds y as\u00ed tambi\u00e9n recuperar la banca nacional como una medida necesaria para impulsar los cambios revolucionarios. Esto no es el resultado de una correlaci\u00f3n de fuerzas desfavorables, porque el FMLN desde el primer quinquenio cont\u00f3 con el apoyo de millones de trabajadores, y aun el segundo quinquenio fue votado masivamente, las masas en muchas ocasiones estuvieron dispuestas a apoyar las medidas necesarias que pudieron haber iniciado el proceso de una transformaci\u00f3n profunda y revolucionaria. M\u00e1s bien esto se debe, principalmente, a una pol\u00edtica incorrecta de la direcci\u00f3n del FMLN.&nbsp;<\/p><p>La pol\u00edtica del FMLN en estos a\u00f1os no fue una pol\u00edtica revolucionaria de izquierda y mucho menos socialista, fue m\u00e1s bien una pol\u00edtica de conciliaci\u00f3n de clase, servil a los intereses de Washington y las transnacionales, ci\u00f1\u00e9ndose a los mandatos de la empresa privada y el capital internacional, no se revirti\u00f3 nada de lo que hizo ARENA, al contrario, la l\u00ednea que marc\u00f3 sus gobiernos fue el continuismo en cuanto a los planes del FMI, salvo excepciones, como elaumento alIVA, la privatizaci\u00f3n del Agua y la salud. El FMI que oblig\u00f3en los a\u00f1os 90 al Estado a privatizar sus activos, con el plan de ajuste estructural, ha continuado bajo otros m\u00e9todos y otras caras la venta total de los activos del Estado, siempre&nbsp;interesado enacabar&nbsp;su plan iniciado enlos 90.<\/p><p>Bajo esta l\u00ednea han utilizado al FMLN para completar sus objetivos, por eso durante el gobierno de Mauricio se firm\u00f3 el Asocio Para el Crecimiento que a trav\u00e9s del Consejo para el Crecimiento una entidad (estatal-privada) no electa democr\u00e1ticamente, formada por los nuevos empresarios que se beneficiaron del gobierno del FMLN tales como \u201cFrancisco de Sola, Carlos Guerrero, Roberto Murray, Francisco Calleja, Jos\u00e9 Roberto Dutriz y Ricardo Poma\u201d<a href=\"applewebdata:\/\/AEF9AEA9-7A23-4660-A385-F2CA02F45ACB#_ftn1\"><sup>[1]<\/sup><\/a>y dos representantes del gobierno, han sido, durante 10 a\u00f1os, los encargados de establecer todas las condiciones necesarias para explotaci\u00f3n de la clase obrera y el saqueo del pa\u00eds. Desde ah\u00ed como petici\u00f3n de Washington se impuls\u00f3 la reforma de la Ley de Asocio Publico Privado, una ley extractivista que permite privatizar los activos del Estado llev\u00e1ndose la empresa privada la mayor\u00eda de ganancias a cambio de \u201cinvertir\u201d en la infraestructura del pa\u00eds y que fue aprobada por la Asamblea Legislativa de forma un\u00e1nime; la Ley de Servicios Internacionales y Ley de Zonas Francas, la Ley de garant\u00eda mobiliaria, Ley de firma electr\u00f3nica, Ley de estabilidad jur\u00eddica, Ley de la Agencia de Promoci\u00f3n de Inversiones y Exportaciones, y la Ley para el fomento de la micro y peque\u00f1a empresa. Todo en beneficio de las transnacionales y el empresariado nacional.<\/p><p>Desde ah\u00ed tambi\u00e9n se gestiona la supuesta \u201cayuda\u201d de los EE.UU., FOMILENIO I y II, lo que ha permitido tener una s\u00faper carretera para el narcotr\u00e1ficoy se han eliminado tambi\u00e9n todo tipo de papeleo para poder invertir en El Salvador. Adem\u00e1s, seg\u00fan designios del FOMILENIO se aprob\u00f3 en diciembre pasado la Ley de mejora regulatoria la cual \u201cManda un mensaje de seguridad jur\u00eddica, de que las inversiones pueden estar tranquilas de tr\u00e1mites en exceso, de cualquier ministro, cualquier instituci\u00f3n aut\u00f3noma y que va a haber un ente que los va a poder eliminar\u201d, seg\u00fan Javier Argueta, director de Asuntos Legales de la Asociaci\u00f3n Nacional de la Empresa Privada (ANEP).Parece que quieren hacer de El Salvador el reino de dios en la tierra para los empresarios. Pero reformas en favor de los derechos laborales, disminuci\u00f3n de la jornada laboral, mejores contratos colectivos, y protecci\u00f3n a la violaci\u00f3n de los derechos laborales no hay, mucho menos m\u00e1s impuestos para las empresas y leyes para acabar con la elusi\u00f3n y evasi\u00f3n fiscal.&nbsp;&nbsp;&nbsp;<\/p><h4 class=\"wp-block-heading\"><strong>FMLN dos posiciones: dos pol\u00edticas&nbsp;<\/strong><\/h4><p>La vieja guardia estalinista del FMLN que control\u00f3 el aparato del partido justific\u00f3la pol\u00edtica de&nbsp;alianzascon empresarios \u201cprogresista\u201d por su incorrecta pol\u00edtica de la teor\u00eda de las dos etapas, la cual consiste en que para poder&nbsp;emprender una pol\u00edtica revolucionaria siempre&nbsp;ser\u00e1necesario la acumulaci\u00f3n de fuerzas (l\u00e9ase alianzas con empresarios y partidos de derecha liberales, como GANAen el pasado) eso para desarrollar las condiciones materiales que puedan dar paso a los grandes avances de la transformaci\u00f3n social del pa\u00eds. En concreto lo que se esperaba era que dando apoyo a empresarios nacionales y empresarios trasnacionales, El Salvador entrara en la era del desarrollo, y luego cuando esto suceda, podr\u00e1 aplicarse una pol\u00edtica para la revoluci\u00f3n socialista, no importando si en esto se tarden 10 o 50 a\u00f1os.<\/p><p>Mientras que la otra ala, la reformista empresarial que es la que al final se ha impuesto en la pol\u00edtica del Gobierno de la mano de Oscar Ortiz, Merino y otros, ha preferido hacer un gobierno empresarial de derecha, obviando las demandas revolucionarias de su base. Esta ala es la que despu\u00e9s del fracaso del 2018 ha salido fortalecida, y es la que est\u00e1 llevando al FMLN a su quiebra total. En conclusi\u00f3n, estos nosonm\u00e1s quelos sepultureros del partido del pueblo, pues de la advertencia que el pueblo les dio en marzo pasado, no enmendaron nada, el programa de Hugo sigue siendo un programa orientado a los mandatos empresariales del FMI y de Washington. Hugo ha sido el mejor aprendiz del reformismo de derecha, un demagogo que se vende como una nueva regeneraci\u00f3n, pero \u00e9l, al contrario ha profundizado el giro a la derecha del FMLN, acabando con lo poco que qued\u00f3 del viejo FMLN de la guerra revolucionaria pasada.&nbsp;<\/p><h4 class=\"wp-block-heading\"><strong>\u00bfEl candidato del cambio?<\/strong><\/h4><p>De entre este fracaso del FMLN se ha levantado la figura de Nayib que se presenta como el candidato del cambio, sin embargo \u00e9l est\u00e1 lejos de ser el candidato del cambio, porque su pol\u00edtica, en contenido, sigue siendo la misma que ha desarrollado el FMLN en 10 a\u00f1os, \u00e9l no se retracta de los Asocios Publico Privado, al contrario los promueve en su programa de gobierno, de la pol\u00edtica de endeudamiento con los organismos internacionales, de las privatizaciones hechas por ARENA, de la econom\u00eda de libre mercado, por tanto del funcionamiento del sistema de explotaci\u00f3n capitalista actual. Nayib Bukele ha presentado un programa que no se diferencia en mucho de los programas del FMLN, al contrario, Nayib se atrever\u00e1 a hacer algunos proyectos, como el tren pac\u00edfico y el Aeropuerto en la Uni\u00f3n que la burgues\u00eda y el FMLN no se atrever\u00edan a hacer y que beneficiar\u00e1 al capital extranjero.&nbsp;<\/p><p>Bajo una pol\u00edtica reformista la clase obrerano tiene alternativa, no hay esperanza de que sus condiciones de vida mejoren, el movimiento obrero est\u00e1 en un impasse tremendo, en el que el factor fundamental es la ausencia de un programa revolucionario donde la fuerza motriz de los cambios no este orientado a la inversi\u00f3n extranjera y a los empresarios nacionales, que han demostrado ser en d\u00e9cadas par\u00e1sitos de la sociedad, que succionan la sangre de nuestro pueblo trabajador. La fuerza motriz de un programa para una sociedad diferente debe estar basada en la fuerza revolucionaria y creadora de las masas.&nbsp;<\/p><p>Sin embargo, a pesar de esta perspectiva, no podemos sacar la conclusi\u00f3n errada de no votar, al contrario debemos votar masivamente contra la derecha, porque un gobierno de ARENA en el momento actual ser\u00eda desastroso. Ser\u00eda la aplicaci\u00f3n de un ajuste estructural tremendo, que incluir\u00eda la eliminaci\u00f3n de todas las conquistas ganadas en las calles. Casos similares pasan en algunos pa\u00edses de Europa, Brasil y Argentina en Latinoam\u00e9rica, donde los trabajadores han sido despojados de sus derechos, el Estado est\u00e1 siendo saqueado, susrecursos y servicios est\u00e1n siendo privatizados.<\/p><p>La clase obrera salvadore\u00f1a no puede permitir un gobierno de represi\u00f3n y&nbsp;retroceso, debemos votar masivamente contra ARENA, para luego desde la lucha organizada de las calles exigir un programa ajustado a nuestras necesidades, porque como bien&nbsp;hancomprendidolas masasen 10 a\u00f1os de gobiernos reformistas del FMLN, nuestras condiciones de vida no cambiaran con simples reformas,necesitamos cambios profundos que tengan que ver con las relaciones capitalistas sobre las cuales se basa la sociedady&nbsp;esto no puede esperar5 a\u00f1os m\u00e1s. Un programa revolucionario que siente las bases hacia la transformaci\u00f3n de la sociedad que necesitamos ahora,deber\u00e1 incluir la expropiaci\u00f3n inmediata a todo lo que hoy est\u00e1 en manos del capital, y tendr\u00e1 que basarse en estos ejes m\u00ednimos:<\/p><ol class=\"wp-block-list\"><li><strong>Los tres principales bancos en manos de capital colombiano; Banco Agr\u00edcola, Davivienda y BAC.<\/strong><\/li><li><strong>La distribuci\u00f3n de la energ\u00eda que est\u00e1 en manos de la estadounidense AES 80 % y el 20 % en la colombiana Del Sur\u00a0<\/strong><\/li><li><strong>Las telecomunicaciones\u00a0Claro (M\u00e9xico) Movistar o Telef\u00f3nica (Espa\u00f1a) Tigo (Suecia) y Digicel (Estados unidos),<\/strong><\/li><li><strong>Fondos de pensiones,\u00a0AFP Conf\u00eda de capital hondure\u00f1o y AFP Crecer de capital colombiano\u00a0<\/strong><\/li><li><strong>El cemento en manos dela empresa\u00a0francesa-suiza Lafargue-Holcim<\/strong><\/li><\/ol><p><strong>As\u00ed tambi\u00e9n la exigencia de las siguientes demandas:<\/strong><\/p><ol class=\"wp-block-list\"><li><strong>La repartici\u00f3n de tierras para los campesinos<\/strong><\/li><li><strong>Nacionalizaci\u00f3n de la industria<\/strong><\/li><li><strong>Creaci\u00f3n de un Banco \u00danico Estatal y una Pol\u00edtica Monetaria<\/strong><\/li><\/ol><p>La pol\u00edtica sumisa y reformista de los \u00faltimos 10 a\u00f1os ya demostr\u00f3 su incapacidad, ahora es el momento&nbsp;de desarrollaruna verdadera pol\u00edtica revolucionariae independientedesde las calles, sin estas medidas es imposible solventar las necesidades de la sociedad salvadore\u00f1a, nuestra lucha debe ser contra los gobiernos serviles y t\u00edteres en contra del imperialismo y en favor de la revoluci\u00f3n salvadore\u00f1a y centroamericana que se encuentra por ahora en iguales o peores condiciones. Debemos confiar en la capacidad de las masas trabajadoras, que somos las que hacemos todo y merecemos todo, \u00a1luchemos desde las calles porque se aplique un programa revolucionario en beneficio de los oprimidos y explotados!&nbsp;&nbsp;<br><\/p><hr class=\"wp-block-separator\"\/><p class=\"has-small-font-size\"><a href=\"applewebdata:\/\/AEF9AEA9-7A23-4660-A385-F2CA02F45ACB#_ftnref1\"><sup>[1]<\/sup><\/a>Consejo Nacional para el Crecimiento sostendr\u00e1 reuniones en Washington D. C.<\/p><figure class=\"wp-block-embed-wordpress wp-block-embed is-type-wp-embed is-provider-secretaria-tecnica-y-de-planificacion\"><div class=\"wp-block-embed__wrapper\">\nhttp:\/\/www.secretariatecnica.gob.sv\/consejo-nacional-para-el-crecimiento-sostendr-reuniones-en-washington-d-c\/\n<\/div><\/figure>","protected":false},"excerpt":{"rendered":"<p>Cuando escribimos&nbsp;este articulo, estamos ya a pocos d\u00edas de las elecciones presidenciales, que por su contenido social, ser\u00e1n hist\u00f3ricas para el movimiento de los trabajadores. Si las estad\u00edsticas de la mayor\u00eda de encuestas de opini\u00f3n se cumplen, estar\u00edamos cerrando un ciclo de 10 a\u00f1os de la pol\u00edtica del FMLN en el pa\u00eds, y l\u00f3gicamente habr\u00e1&#8230;<\/p>\n","protected":false},"author":8,"featured_media":5008,"comment_status":"open","ping_status":"open","sticky":false,"template":"","format":"standard","meta":{"_monsterinsights_skip_tracking":false,"_monsterinsights_sitenote_active":false,"_monsterinsights_sitenote_note":"","_monsterinsights_sitenote_category":0,"_uf_show_specific_survey":0,"_uf_disable_surveys":false,"_jetpack_memberships_contains_paid_content":false,"footnotes":""},"categories":[253,2,3,537],"tags":[93,516],"class_list":["post-5006","post","type-post","status-publish","format-standard","has-post-thumbnail","hentry","category-elecciones-2019","category-nacional","category-politica","category-principales","tag-el-salvador","tag-elecciones-2019"],"aioseo_notices":[],"yoast_head":"<!-- This site is optimized with the Yoast SEO plugin v25.6 - https:\/\/yoast.com\/wordpress\/plugins\/seo\/ -->\n<title>\u00a1No m\u00e1s gobiernos serviles, debemos ir contra el capital extranjero y nacional, por conquistas revolucionarias desde las calles!<\/title>\n<meta name=\"robots\" content=\"index, follow, max-snippet:-1, max-image-preview:large, max-video-preview:-1\" \/>\n<link rel=\"canonical\" href=\"https:\/\/elcomunista.org\/?p=5006\" \/>\n<meta property=\"og:locale\" content=\"es_ES\" \/>\n<meta property=\"og:type\" content=\"article\" \/>\n<meta property=\"og:title\" content=\"\u00a1No m\u00e1s gobiernos serviles, debemos ir contra el capital extranjero y nacional, por conquistas revolucionarias desde las calles!\" \/>\n<meta property=\"og:description\" content=\"Cuando escribimos&nbsp;este articulo, estamos ya a pocos d\u00edas de las elecciones presidenciales, que por su contenido social, ser\u00e1n hist\u00f3ricas para el movimiento de los trabajadores. Si las estad\u00edsticas de la mayor\u00eda de encuestas de opini\u00f3n se cumplen, estar\u00edamos cerrando un ciclo de 10 a\u00f1os de la pol\u00edtica del FMLN en el pa\u00eds, y l\u00f3gicamente habr\u00e1...\" \/>\n<meta property=\"og:url\" content=\"https:\/\/elcomunista.org\/?p=5006\" \/>\n<meta property=\"og:site_name\" content=\"Revoluci\u00f3n Comunista\" \/>\n<meta property=\"article:publisher\" content=\"https:\/\/www.facebook.com\/Bloquepopularjuvenil\" \/>\n<meta property=\"article:author\" content=\"https:\/\/www.facebook.com\/JuandeLaCruzBPJ\" \/>\n<meta property=\"article:published_time\" content=\"2019-01-30T00:48:32+00:00\" \/>\n<meta property=\"article:modified_time\" content=\"2019-01-30T00:48:37+00:00\" \/>\n<meta property=\"og:image\" content=\"https:\/\/elcomunista.org\/wp-content\/uploads\/2019\/01\/2018052808303223484.jpg\" \/>\n\t<meta property=\"og:image:width\" content=\"960\" \/>\n\t<meta property=\"og:image:height\" content=\"540\" \/>\n\t<meta property=\"og:image:type\" content=\"image\/jpeg\" \/>\n<meta name=\"author\" content=\"Juan de la Cruz\" \/>\n<meta name=\"twitter:card\" content=\"summary_large_image\" \/>\n<meta name=\"twitter:creator\" content=\"@juandelacruzcmi\" \/>\n<meta name=\"twitter:site\" content=\"@ElBPJ\" \/>\n<meta name=\"twitter:label1\" content=\"Escrito por\" \/>\n\t<meta name=\"twitter:data1\" content=\"Juan de la Cruz\" \/>\n\t<meta name=\"twitter:label2\" content=\"Tiempo de lectura\" \/>\n\t<meta name=\"twitter:data2\" content=\"11 minutos\" \/>\n<script type=\"application\/ld+json\" class=\"yoast-schema-graph\">{\"@context\":\"https:\/\/schema.org\",\"@graph\":[{\"@type\":\"Article\",\"@id\":\"https:\/\/elcomunista.org\/?p=5006#article\",\"isPartOf\":{\"@id\":\"https:\/\/elcomunista.org\/?p=5006\"},\"author\":{\"name\":\"Juan de la Cruz\",\"@id\":\"https:\/\/elcomunista.org\/#\/schema\/person\/e070ce76b01e8720e27ac0d46b82063f\"},\"headline\":\"\u00a1No m\u00e1s gobiernos serviles, debemos ir contra el capital extranjero y nacional, por conquistas revolucionarias desde las calles!\",\"datePublished\":\"2019-01-30T00:48:32+00:00\",\"dateModified\":\"2019-01-30T00:48:37+00:00\",\"mainEntityOfPage\":{\"@id\":\"https:\/\/elcomunista.org\/?p=5006\"},\"wordCount\":2233,\"commentCount\":2,\"publisher\":{\"@id\":\"https:\/\/elcomunista.org\/#organization\"},\"image\":{\"@id\":\"https:\/\/elcomunista.org\/?p=5006#primaryimage\"},\"thumbnailUrl\":\"https:\/\/elcomunista.org\/wp-content\/uploads\/2019\/01\/2018052808303223484.jpg\",\"keywords\":[\"El Salvador\",\"elecciones 2019\"],\"articleSection\":[\"Elecciones 2019\",\"Nacional\",\"Pol\u00edtica\",\"Principales\"],\"inLanguage\":\"es\",\"potentialAction\":[{\"@type\":\"CommentAction\",\"name\":\"Comment\",\"target\":[\"https:\/\/elcomunista.org\/?p=5006#respond\"]}]},{\"@type\":\"WebPage\",\"@id\":\"https:\/\/elcomunista.org\/?p=5006\",\"url\":\"https:\/\/elcomunista.org\/?p=5006\",\"name\":\"\u00a1No m\u00e1s gobiernos serviles, debemos ir contra el capital extranjero y nacional, por conquistas revolucionarias desde las calles!\",\"isPartOf\":{\"@id\":\"https:\/\/elcomunista.org\/#website\"},\"primaryImageOfPage\":{\"@id\":\"https:\/\/elcomunista.org\/?p=5006#primaryimage\"},\"image\":{\"@id\":\"https:\/\/elcomunista.org\/?p=5006#primaryimage\"},\"thumbnailUrl\":\"https:\/\/elcomunista.org\/wp-content\/uploads\/2019\/01\/2018052808303223484.jpg\",\"datePublished\":\"2019-01-30T00:48:32+00:00\",\"dateModified\":\"2019-01-30T00:48:37+00:00\",\"breadcrumb\":{\"@id\":\"https:\/\/elcomunista.org\/?p=5006#breadcrumb\"},\"inLanguage\":\"es\",\"potentialAction\":[{\"@type\":\"ReadAction\",\"target\":[\"https:\/\/elcomunista.org\/?p=5006\"]}]},{\"@type\":\"ImageObject\",\"inLanguage\":\"es\",\"@id\":\"https:\/\/elcomunista.org\/?p=5006#primaryimage\",\"url\":\"https:\/\/elcomunista.org\/wp-content\/uploads\/2019\/01\/2018052808303223484.jpg\",\"contentUrl\":\"https:\/\/elcomunista.org\/wp-content\/uploads\/2019\/01\/2018052808303223484.jpg\",\"width\":960,\"height\":540},{\"@type\":\"BreadcrumbList\",\"@id\":\"https:\/\/elcomunista.org\/?p=5006#breadcrumb\",\"itemListElement\":[{\"@type\":\"ListItem\",\"position\":1,\"name\":\"Portada\",\"item\":\"https:\/\/elcomunista.org\/\"},{\"@type\":\"ListItem\",\"position\":2,\"name\":\"\u00a1No m\u00e1s gobiernos serviles, debemos ir contra el capital extranjero y nacional, por conquistas revolucionarias desde las calles!\"}]},{\"@type\":\"WebSite\",\"@id\":\"https:\/\/elcomunista.org\/#website\",\"url\":\"https:\/\/elcomunista.org\/\",\"name\":\"Revoluci\u00f3n Comunista\",\"description\":\"Internacional Comunista Revolucionaria\",\"publisher\":{\"@id\":\"https:\/\/elcomunista.org\/#organization\"},\"potentialAction\":[{\"@type\":\"SearchAction\",\"target\":{\"@type\":\"EntryPoint\",\"urlTemplate\":\"https:\/\/elcomunista.org\/?s={search_term_string}\"},\"query-input\":{\"@type\":\"PropertyValueSpecification\",\"valueRequired\":true,\"valueName\":\"search_term_string\"}}],\"inLanguage\":\"es\"},{\"@type\":\"Organization\",\"@id\":\"https:\/\/elcomunista.org\/#organization\",\"name\":\"Bloque Popular Juvenil\",\"url\":\"https:\/\/elcomunista.org\/\",\"logo\":{\"@type\":\"ImageObject\",\"inLanguage\":\"es\",\"@id\":\"https:\/\/elcomunista.org\/#\/schema\/logo\/image\/\",\"url\":\"https:\/\/bloquepopularjuvenil.org\/wp-content\/uploads\/2018\/11\/bpj-militante.jpg\",\"contentUrl\":\"https:\/\/bloquepopularjuvenil.org\/wp-content\/uploads\/2018\/11\/bpj-militante.jpg\",\"width\":4000,\"height\":1390,\"caption\":\"Bloque Popular Juvenil\"},\"image\":{\"@id\":\"https:\/\/elcomunista.org\/#\/schema\/logo\/image\/\"},\"sameAs\":[\"https:\/\/www.facebook.com\/Bloquepopularjuvenil\",\"https:\/\/x.com\/ElBPJ\",\"https:\/\/www.instagram.com\/elbloque_bpj\/?hl=es-la\"]},{\"@type\":\"Person\",\"@id\":\"https:\/\/elcomunista.org\/#\/schema\/person\/e070ce76b01e8720e27ac0d46b82063f\",\"name\":\"Juan de la Cruz\",\"image\":{\"@type\":\"ImageObject\",\"inLanguage\":\"es\",\"@id\":\"https:\/\/elcomunista.org\/#\/schema\/person\/image\/\",\"url\":\"https:\/\/secure.gravatar.com\/avatar\/1aac3a8e4bbf29ce7030b8cd6a02f12b?s=96&d=mm&r=g\",\"contentUrl\":\"https:\/\/secure.gravatar.com\/avatar\/1aac3a8e4bbf29ce7030b8cd6a02f12b?s=96&d=mm&r=g\",\"caption\":\"Juan de la Cruz\"},\"description\":\"Editor del peri\u00f3dico El Comunista, vocero de la secci\u00f3n salvadore\u00f1a de la Internacional Comunista Revolucionaria (ICR)\",\"sameAs\":[\"http:\/\/www.bloquepopularjuvenil.org\",\"https:\/\/www.facebook.com\/JuandeLaCruzBPJ\",\"https:\/\/x.com\/juandelacruzcmi\"],\"url\":\"https:\/\/elcomunista.org\/?author=8\"}]}<\/script>\n<!-- \/ Yoast SEO plugin. -->","yoast_head_json":{"title":"\u00a1No m\u00e1s gobiernos serviles, debemos ir contra el capital extranjero y nacional, por conquistas revolucionarias desde las calles!","robots":{"index":"index","follow":"follow","max-snippet":"max-snippet:-1","max-image-preview":"max-image-preview:large","max-video-preview":"max-video-preview:-1"},"canonical":"https:\/\/elcomunista.org\/?p=5006","og_locale":"es_ES","og_type":"article","og_title":"\u00a1No m\u00e1s gobiernos serviles, debemos ir contra el capital extranjero y nacional, por conquistas revolucionarias desde las calles!","og_description":"Cuando escribimos&nbsp;este articulo, estamos ya a pocos d\u00edas de las elecciones presidenciales, que por su contenido social, ser\u00e1n hist\u00f3ricas para el movimiento de los trabajadores. Si las estad\u00edsticas de la mayor\u00eda de encuestas de opini\u00f3n se cumplen, estar\u00edamos cerrando un ciclo de 10 a\u00f1os de la pol\u00edtica del FMLN en el pa\u00eds, y l\u00f3gicamente habr\u00e1...","og_url":"https:\/\/elcomunista.org\/?p=5006","og_site_name":"Revoluci\u00f3n Comunista","article_publisher":"https:\/\/www.facebook.com\/Bloquepopularjuvenil","article_author":"https:\/\/www.facebook.com\/JuandeLaCruzBPJ","article_published_time":"2019-01-30T00:48:32+00:00","article_modified_time":"2019-01-30T00:48:37+00:00","og_image":[{"width":960,"height":540,"url":"https:\/\/elcomunista.org\/wp-content\/uploads\/2019\/01\/2018052808303223484.jpg","type":"image\/jpeg"}],"author":"Juan de la Cruz","twitter_card":"summary_large_image","twitter_creator":"@juandelacruzcmi","twitter_site":"@ElBPJ","twitter_misc":{"Escrito por":"Juan de la Cruz","Tiempo de lectura":"11 minutos"},"schema":{"@context":"https:\/\/schema.org","@graph":[{"@type":"Article","@id":"https:\/\/elcomunista.org\/?p=5006#article","isPartOf":{"@id":"https:\/\/elcomunista.org\/?p=5006"},"author":{"name":"Juan de la Cruz","@id":"https:\/\/elcomunista.org\/#\/schema\/person\/e070ce76b01e8720e27ac0d46b82063f"},"headline":"\u00a1No m\u00e1s gobiernos serviles, debemos ir contra el capital extranjero y nacional, por conquistas revolucionarias desde las calles!","datePublished":"2019-01-30T00:48:32+00:00","dateModified":"2019-01-30T00:48:37+00:00","mainEntityOfPage":{"@id":"https:\/\/elcomunista.org\/?p=5006"},"wordCount":2233,"commentCount":2,"publisher":{"@id":"https:\/\/elcomunista.org\/#organization"},"image":{"@id":"https:\/\/elcomunista.org\/?p=5006#primaryimage"},"thumbnailUrl":"https:\/\/elcomunista.org\/wp-content\/uploads\/2019\/01\/2018052808303223484.jpg","keywords":["El Salvador","elecciones 2019"],"articleSection":["Elecciones 2019","Nacional","Pol\u00edtica","Principales"],"inLanguage":"es","potentialAction":[{"@type":"CommentAction","name":"Comment","target":["https:\/\/elcomunista.org\/?p=5006#respond"]}]},{"@type":"WebPage","@id":"https:\/\/elcomunista.org\/?p=5006","url":"https:\/\/elcomunista.org\/?p=5006","name":"\u00a1No m\u00e1s gobiernos serviles, debemos ir contra el capital extranjero y nacional, por conquistas revolucionarias desde las calles!","isPartOf":{"@id":"https:\/\/elcomunista.org\/#website"},"primaryImageOfPage":{"@id":"https:\/\/elcomunista.org\/?p=5006#primaryimage"},"image":{"@id":"https:\/\/elcomunista.org\/?p=5006#primaryimage"},"thumbnailUrl":"https:\/\/elcomunista.org\/wp-content\/uploads\/2019\/01\/2018052808303223484.jpg","datePublished":"2019-01-30T00:48:32+00:00","dateModified":"2019-01-30T00:48:37+00:00","breadcrumb":{"@id":"https:\/\/elcomunista.org\/?p=5006#breadcrumb"},"inLanguage":"es","potentialAction":[{"@type":"ReadAction","target":["https:\/\/elcomunista.org\/?p=5006"]}]},{"@type":"ImageObject","inLanguage":"es","@id":"https:\/\/elcomunista.org\/?p=5006#primaryimage","url":"https:\/\/elcomunista.org\/wp-content\/uploads\/2019\/01\/2018052808303223484.jpg","contentUrl":"https:\/\/elcomunista.org\/wp-content\/uploads\/2019\/01\/2018052808303223484.jpg","width":960,"height":540},{"@type":"BreadcrumbList","@id":"https:\/\/elcomunista.org\/?p=5006#breadcrumb","itemListElement":[{"@type":"ListItem","position":1,"name":"Portada","item":"https:\/\/elcomunista.org\/"},{"@type":"ListItem","position":2,"name":"\u00a1No m\u00e1s gobiernos serviles, debemos ir contra el capital extranjero y nacional, por conquistas revolucionarias desde las calles!"}]},{"@type":"WebSite","@id":"https:\/\/elcomunista.org\/#website","url":"https:\/\/elcomunista.org\/","name":"Revoluci\u00f3n Comunista","description":"Internacional Comunista Revolucionaria","publisher":{"@id":"https:\/\/elcomunista.org\/#organization"},"potentialAction":[{"@type":"SearchAction","target":{"@type":"EntryPoint","urlTemplate":"https:\/\/elcomunista.org\/?s={search_term_string}"},"query-input":{"@type":"PropertyValueSpecification","valueRequired":true,"valueName":"search_term_string"}}],"inLanguage":"es"},{"@type":"Organization","@id":"https:\/\/elcomunista.org\/#organization","name":"Bloque Popular Juvenil","url":"https:\/\/elcomunista.org\/","logo":{"@type":"ImageObject","inLanguage":"es","@id":"https:\/\/elcomunista.org\/#\/schema\/logo\/image\/","url":"https:\/\/bloquepopularjuvenil.org\/wp-content\/uploads\/2018\/11\/bpj-militante.jpg","contentUrl":"https:\/\/bloquepopularjuvenil.org\/wp-content\/uploads\/2018\/11\/bpj-militante.jpg","width":4000,"height":1390,"caption":"Bloque Popular Juvenil"},"image":{"@id":"https:\/\/elcomunista.org\/#\/schema\/logo\/image\/"},"sameAs":["https:\/\/www.facebook.com\/Bloquepopularjuvenil","https:\/\/x.com\/ElBPJ","https:\/\/www.instagram.com\/elbloque_bpj\/?hl=es-la"]},{"@type":"Person","@id":"https:\/\/elcomunista.org\/#\/schema\/person\/e070ce76b01e8720e27ac0d46b82063f","name":"Juan de la Cruz","image":{"@type":"ImageObject","inLanguage":"es","@id":"https:\/\/elcomunista.org\/#\/schema\/person\/image\/","url":"https:\/\/secure.gravatar.com\/avatar\/1aac3a8e4bbf29ce7030b8cd6a02f12b?s=96&d=mm&r=g","contentUrl":"https:\/\/secure.gravatar.com\/avatar\/1aac3a8e4bbf29ce7030b8cd6a02f12b?s=96&d=mm&r=g","caption":"Juan de la Cruz"},"description":"Editor del peri\u00f3dico El Comunista, vocero de la secci\u00f3n salvadore\u00f1a de la Internacional Comunista Revolucionaria (ICR)","sameAs":["http:\/\/www.bloquepopularjuvenil.org","https:\/\/www.facebook.com\/JuandeLaCruzBPJ","https:\/\/x.com\/juandelacruzcmi"],"url":"https:\/\/elcomunista.org\/?author=8"}]}},"jetpack_featured_media_url":"https:\/\/elcomunista.org\/wp-content\/uploads\/2019\/01\/2018052808303223484.jpg","jetpack_likes_enabled":true,"jetpack_sharing_enabled":true,"_links":{"self":[{"href":"https:\/\/elcomunista.org\/index.php?rest_route=\/wp\/v2\/posts\/5006"}],"collection":[{"href":"https:\/\/elcomunista.org\/index.php?rest_route=\/wp\/v2\/posts"}],"about":[{"href":"https:\/\/elcomunista.org\/index.php?rest_route=\/wp\/v2\/types\/post"}],"author":[{"embeddable":true,"href":"https:\/\/elcomunista.org\/index.php?rest_route=\/wp\/v2\/users\/8"}],"replies":[{"embeddable":true,"href":"https:\/\/elcomunista.org\/index.php?rest_route=%2Fwp%2Fv2%2Fcomments&post=5006"}],"version-history":[{"count":0,"href":"https:\/\/elcomunista.org\/index.php?rest_route=\/wp\/v2\/posts\/5006\/revisions"}],"wp:featuredmedia":[{"embeddable":true,"href":"https:\/\/elcomunista.org\/index.php?rest_route=\/wp\/v2\/media\/5008"}],"wp:attachment":[{"href":"https:\/\/elcomunista.org\/index.php?rest_route=%2Fwp%2Fv2%2Fmedia&parent=5006"}],"wp:term":[{"taxonomy":"category","embeddable":true,"href":"https:\/\/elcomunista.org\/index.php?rest_route=%2Fwp%2Fv2%2Fcategories&post=5006"},{"taxonomy":"post_tag","embeddable":true,"href":"https:\/\/elcomunista.org\/index.php?rest_route=%2Fwp%2Fv2%2Ftags&post=5006"}],"curies":[{"name":"wp","href":"https:\/\/api.w.org\/{rel}","templated":true}]}}