{"id":5102,"date":"2019-02-28T10:08:21","date_gmt":"2019-02-28T16:08:21","guid":{"rendered":"http:\/\/bloquepopularjuvenil.org\/?p=5102"},"modified":"2019-03-29T14:34:38","modified_gmt":"2019-03-29T20:34:38","slug":"elecciones-internas-en-el-fmln-hacia-donde-se-dirige","status":"publish","type":"post","link":"https:\/\/elcomunista.org\/?p=5102","title":{"rendered":"Elecciones internas en el FMLN \u00bfHacia d\u00f3nde se dirige el partido?"},"content":{"rendered":"<p>La pol\u00edtica err\u00f3nea del FMLN en los \u00faltimos a\u00f1os ha marcado casi irreversiblemente su futuro hacia la derechizaci\u00f3n, una situaci\u00f3n muy dif\u00edcil de revertir y que se definir\u00e1 en las pr\u00f3ximas elecciones internas. Para nosotros, como hemos se\u00f1alado desde hace muchos a\u00f1os, solo una pol\u00edtica revolucionaria socialista y consecuente puede hacer que el FMLN vuelva a ser funcional a los intereses de la clase obrera, de lo contrario, seguir\u00e1 siendo un instrumento indirecto de la burgues\u00eda, tal y como lo ha sido con su pol\u00edtica conciliadora en los \u00faltimos a\u00f1os.<\/p><p>En las Elecciones Legislativas del 2018, el FMLN fue sacudido por la ca\u00edda estrepitosa de su voto duro a menos de la mitad. Una expresi\u00f3n del descontento de su base y una se\u00f1al de alarma que la direcci\u00f3n no supo interpretar. Al contrario, la direcci\u00f3n a pesar de su desprestigio no someti\u00f3 a votaci\u00f3n una direcci\u00f3n y un programa revolucionario de forma democr\u00e1tica en un congreso nacional extraordinario, que se convocara tambi\u00e9n para debatir los resultados electorales, esto con el fin de salvar lo que quedaba del FMLN.<\/p><p>En este estado, se convoc\u00f3 a elecciones internas para elegir el candidato presidencial. Cabe mencionar que las elecciones internas no son una herramienta que los dirigentes utilizaran para hacer procesos abiertos y democr\u00e1ticos, sino han sido una condici\u00f3n que la Ley de Partidos Pol\u00edticos mandata y que ellos tienen que cumplir. Ya sabemos que las direcciones estalinistas no son amigas de las decisiones democr\u00e1ticas, al contrario, tienen una relaci\u00f3n similar al agua y el aceite con la democracia interna, argumentan que estos procesos lejos de fortalecer al partido lo dividen y que la Ley de PP es una estrategia de la Corte Suprema de Justicia y los Estados Unidos para acabar con el FMLN (?) vaya razonamiento anti dial\u00e9ctico.<\/p><h4 class=\"wp-block-heading\"><strong>De las elecciones internas a las elecciones presidenciales 2019 \u00bfQui\u00e9n gan\u00f3?<\/strong><\/h4><p>En las elecciones internas pasadas, las bases participaron masivamente lanzando al cesto de la basura al candidato Gerson Mart\u00ednez, que en el pasado la direcci\u00f3n de Medardo hab\u00eda promocionado, esto fue una clara se\u00f1al de protesta contra el r\u00e9gimen burocr\u00e1tico impuesto por Medardo y su camarilla. Al no haber una alternativa revolucionaria de izquierda al interior, las bases terminaron votando por el ala de derecha del partido representado por Hugo, Merino y Ortiz, esto no signific\u00f3 un giro a la derecha de las bases sino un voto en contra de la direcci\u00f3n actual, en contra de su pol\u00edtica errada y la b\u00fasqueda de la base de una alternativa, de ninguna manera fue un voto por la pol\u00edtica derechista que han defendido Oscar, Hugo y Ramiro durante a\u00f1os al interior del partido.<\/p><p>Cuando Hugo gana la candidatura a la presidencia, se dio un giro radical a un discurso capitalista y empresarial, lo contrario de dar un vuelco al programa anticapitalista y socialista, que ser\u00eda lo realmente coherente con la rectificaci\u00f3n del rumbo del FMLN, entendiendo que los oprimidos y explotados ya no quieren m\u00e1s ya los males del capitalismo, violencia, delincuencia, pobreza, desempleo, etc., cuando la pol\u00edtica de conciliaci\u00f3n de clases, servir a los empresarios y al pueblo a la misma vez ha fracasado porque al final se termina sucumbiendo a las presiones de los poderoso y olvid\u00e1ndose del pueblo. Lo l\u00f3gico para un cambio de tim\u00f3n en el interior del partido \u00a0ser\u00eda girar a posturas revolucionarias y socialistas que es la \u00fanica v\u00eda que puede realmente acabar con todos estos males. Absurda y parad\u00f3jicamente hicieron campa\u00f1a bajo la bandera de la supuesta izquierda, pero vendieron propuestas capitalistas como: los polos de desarrollo y las despreciables Zonas Econ\u00f3micas Especiales.<\/p><p>En las Elecciones presidenciales del pasado 3 de febrero, los electores votaron masivamente a Nayib Bukele debido al hartazgo de la pol\u00edtica incorrecta del FMLN, en cambio la direcci\u00f3n en casi un a\u00f1o, despu\u00e9s de todas las se\u00f1ales de las bases y los votantes el FMLN no rectific\u00f3 sus errores, de esto ya han obtenido su recompensa, vieron disminuido su voto con respecto a las pasadas elecciones presidencial en un 74 %; \u00a1el voto que alcanz\u00f3 el FMLN ha pasado a ser el peor de su historia en elecciones!<\/p><p>Pareciera que en toda esta cat\u00e1strofe no puede haber alg\u00fan beneficiado, sin embargo, debemos reconocer que hay tipos inteligentes que saben mover sus piezas oportunamente. Hugo no hizo campa\u00f1a tanto para fuera como si lo hizo hacia dentro del partido, \u00e9l visit\u00f3 marat\u00f3nicamente todas y cada una de las bases en cada municipio del pa\u00eds, animando a la gente que estaba olvidada y desconcertada, escuchando las demandas y comprometi\u00e9ndose con el cambio.<\/p><p>Hugo era la carta que Oscar endos\u00f3, su caballo ganador,\u00a0 durante la campa\u00f1a la percepci\u00f3n de la gente sobre Hugo se fue haciendo cada vez m\u00e1s positiva en la medida en que no se hac\u00eda acompa\u00f1ar con la vieja guardia desacreditada. Se vendi\u00f3 como el mejor candidato de todos los tiempos dando la impresi\u00f3n que lleg\u00f3 en el momento inapropiado y que eso se deb\u00eda al autoritarismo de la direcci\u00f3n, era demasiado tarde para ganar la elecci\u00f3n presidencial pero nunca demasiado tarde para agenciarse la direcci\u00f3n del partido posiblemente en el futuro pr\u00f3ximo, que es el siguiente cap\u00edtulo de la historia.<\/p><p>Por eso el d\u00eda de la derrota electoral \u00e9l aparece como el h\u00e9roe valiente en medio de la turbulencia generada por los villanos de la Comisi\u00f3n Pol\u00edtica del partido, que ir\u00f3nica y cobardemente se escondieron y no dieron la cara en el mejor momento de la crisis, les tom\u00f3 m\u00e1s de 24 horas salir de su escondite, supuestamente con la soluci\u00f3n definitiva a la crisis del partido: adelantar las elecciones con la condici\u00f3n de que ning\u00fan miembro de la CP participe m\u00e1s, pero, \u00a1sorpresa! tras el tel\u00f3n siguen moviendo sus hilos con sus peones burocr\u00e1ticos, la devoluci\u00f3n de favores est\u00e1 en juego ahora.<\/p><p>Todo esto a quien benefici\u00f3 es a Oscar quien hab\u00eda maquinado todo los sucesos de manera premeditada y que ahora, inteligentemente, ha manifestado no someterse a los mandatos de la CP. Paulatinamente ha ido haciendo declaraciones importantes, incluso la decisi\u00f3n de participar para secretario general del partido bajo la bandera de la renovaci\u00f3n, como si esto fuese una sorpresa para el mundo. \u00bfDe qu\u00e9 renovaci\u00f3n nos hablar\u00e1? Est\u00e1 claro que no es otra que sucumbir a las mieles del sistema, y as\u00ed, acabar con lo poco revolucionario que queda del partido.<\/p><blockquote class=\"twitter-tweet\" data-lang=\"es\">\r\n<p dir=\"ltr\" lang=\"es\">\u00abNo quiero otro cargo\u00bb: \u00d3scar Ortiz <a href=\"https:\/\/t.co\/TPNw2TuOi4\">https:\/\/t.co\/TPNw2TuOi4<\/a><\/p>\r\n\u2014 La Prensa Gr\u00e1fica (@prensagrafica) <a href=\"https:\/\/twitter.com\/prensagrafica\/status\/1100483639370895360?ref_src=twsrc%5Etfw\">26 de febrero de 2019<\/a><\/blockquote>\r\n<p><script async=\"\" src=\"https:\/\/platform.twitter.com\/widgets.js\" charset=\"utf-8\"><\/script><\/p><p>En las pr\u00f3ximas elecciones internas para elegir cargos de direcci\u00f3n, lo m\u00e1s seguro es que la militancia se quite de encima a la vieja direcci\u00f3n que ha estado durante m\u00e1s de 10 a\u00f1os reeligi\u00e9ndose indefinidamente, pero no se puede garantizar que por fin el c\u00e1ncer que consumi\u00f3 el partido haya sido eliminado por completo. Al contrario, lo que queda del partido est\u00e1 en grave peligro. Por ahora, al interior no hay realmente una corriente organizada que pueda canalizar el descontento y transformarlo en un voto por la democracia interna, por el centralismo democr\u00e1tico y por un programa revolucionario y socialista. Ante esta perspectiva lo que ha hecho la direcci\u00f3n estalinista de Medardo con sus errores pol\u00edticos, es entregar en bandeja de plata el partido al sector empresarial de Oscar Ortiz y Jos\u00e9 Luis Merino que ser\u00e1n los grandes triunfadores en las pr\u00f3ximas elecciones internas y posiblemente los sepultadores de los resquicios de un FMLN combativo. \u00a0\u00a0<\/p><h4 class=\"wp-block-heading\"><strong>Las corrientes del futuro del FMLN<\/strong><\/h4><p>Despu\u00e9s de las elecciones presidenciales empez\u00f3 un proceso convulsivo al interior del FMLN, varias corrientes e individuos manifestaron sus opiniones sobre el colapso del partido. Esto era una situaci\u00f3n previsible, el autoritarismo de la direcci\u00f3n lleg\u00f3 a su punto \u00e1lgido y es imposible que pueda, por la v\u00eda democr\u00e1tica mantenerse al mando.<\/p><p>Algunas de estas tendencias e individuos tienen buenas intenciones, no negamos que hay sectores del FMLN honestos y revolucionarios, que realmente creen que el FMLN tiene un objetivo hist\u00f3rico con el pueblo salvadore\u00f1o y sabemos que intentar\u00e1n con todas sus energ\u00edas hacer que el FMLN rectifique su rumbo hacia la persecuci\u00f3n de ese objetivo con el pueblo, saludamos estas iniciativa, pero tambi\u00e9n advertimos que las corrientes de derechas y los estalinistas se comparten el aparato burocr\u00e1tico que sin duda utilizar\u00e1n para aislar y aplastar a sus competidores, hay una lista de maniobras burocr\u00e1ticas que se han utilizado en el pasado para acabar con los rivales politicos en el interior del partido, los mismos reformistas han sido victimas de eso. En estas condiciones es sumamente dif\u00edcil direccionar el rumbo del partido hacia una postura revolucionaria la mejor apuesta para vencer estos metodos gansteriles es gan\u00e1ndose a las bases con un programa claro y revolucionario. As\u00ed como en la sociedad el verdadero poder esta en los oprimidos que son mayoria, en el partido el poder esta en sus bases que tambien son la mayoria.<\/p><p>La \u00fanica forma de lograr un triunfo es siendo audaces con el contenido pol\u00edtico y las consignas agitativas para ganarse a las bases del partido, en el fondo no es un problema de relevo generacional, sino un problema profundamente pol\u00edtico, una direcci\u00f3n puede cambiar de personas pero si no cambia su pol\u00edtica seguir\u00e1 en el fracaso de sus antecesores, tampoco se trata de cambiar la cuota de hombres por cuotas de mujeres, o la cuota de viejos por j\u00f3venes, esto es una cuesti\u00f3n secundaria.<\/p><p>Lo fundamental por ahora es girar a un programa que se identifique con las necesidades de la gente. Hay que tener claro que no bastara con decir \u201chay que volver al programa hist\u00f3rico\u201d, o al \u201crumbo socialista y revolucionario\u201d, lo que est\u00e1 afirmando Medardo Gonz\u00e1lez en los medios de comunicaci\u00f3n, que suena a pura demagogia despu\u00e9s de que en a\u00f1os no hizo nada por ir hacia el socialismo y no habl\u00f3 de esto durante el tiempo en el que el FMLN estuvo en el poder. Como revolucionarios no hacemos uso de estas consignas de manera oportunista o abstracta, como lo hace hoy Medardo, debemos conectar el programa del socialismo y sus consignas con las necesidades actuales de la gente, explicar en palabras sencillas al oido de los oprimidos y conectarlas con las tareas m\u00e1ximas del programa socialista solo esto puede garantizar la victoria a los revolucionarios dentro del FMLN.<\/p><blockquote class=\"twitter-tweet\" data-lang=\"es\">\r\n<p dir=\"ltr\" lang=\"es\">\u00abSomos un partido socialista, popular, que va a hacer pol\u00edtica para beneficio de la poblaci\u00f3n, no de unos o del partido\u00bb <a href=\"https:\/\/twitter.com\/Medardofmln?ref_src=twsrc%5Etfw\">@Medardofmln<\/a>, <a href=\"https:\/\/twitter.com\/FMLNoficial?ref_src=twsrc%5Etfw\">@FMLNoficial<\/a><\/p>\r\n\u2014 Debate con Nacho (@DebateconNacho) <a href=\"https:\/\/twitter.com\/DebateconNacho\/status\/1100220885334544384?ref_src=twsrc%5Etfw\">26 de febrero de 2019<\/a><\/blockquote>\r\n<p><script async=\"\" src=\"https:\/\/platform.twitter.com\/widgets.js\" charset=\"utf-8\"><\/script><\/p><p>Ese programa revolucionario debe estar en contra del capitalismo, en contra de la deuda externa, en contra de las privatizaciones, por mejores salarios y contratos colectivos, por aumentos salariales, por la reducci\u00f3n de la jornada laboral sin disminuci\u00f3n de salarios, congelaci\u00f3n de los precios de la canasta b\u00e1sica, por la nacionalizaci\u00f3n de todas las empresa privatizadas por ARENA, por acabar con los privilegios de los funcionarios del Estado, en contra de la elusi\u00f3n y la evasi\u00f3n fiscal, ning\u00fan acuerdo con la derecha, ni con la burgues\u00eda<a href=\"#_ftn1\">[1]<\/a>.<\/p><p>Y al interior defender las consignas por elecciones internas libres y democr\u00e1ticas, con padrones reales de militantes que cumplan con todos los requisitos de militancia, no m\u00e1s acarreados para decidir por los verdaderos militantes, puesto pol\u00edtico dentro del Estado con salarios no mayores a tres salarios m\u00ednimos, que se vayan los vividores y gangueros del partido, depuraci\u00f3n revolucionaria del partido, por el autofinanciamiento del partido, no m\u00e1s empresarios y corruptos financiandolo, porque la revoluci\u00f3n debe ser obra de la clase obrera misma, cuota partidaria y finanzas abiertas a toda la militancia, no m\u00e1s secretos financieros. Por un FMLN revolucionario y socialista comprometido con la juventud, las mujeres explotadas y oprimidas, los trabajadores y campesinos. Por un FMLN del pueblo y para el pueblo.<\/p><p>Creemos que lo escrito anteriormente es la \u00fanica forma que el FMLN resurja de entre las cenizas, de lo contrario cualquier tendencia o corriente al interior que no se plantee la cr\u00edtica y el cambio a la pol\u00edtica defendida durante a\u00f1os por la direcci\u00f3n fracasada, esta tambi\u00e9n condenada a fracasar en peores condiciones y estar\u00eda marcando el camino del FMLN hacia la derecha y la desaparici\u00f3n del FMLN como partido de los trabajadores. <\/p><hr class=\"wp-block-separator\" \/><p class=\"has-small-font-size\"><strong>NOTAS:<\/strong><\/p><p><a href=\"#_ftnref1\">[1]<\/a> <a href=\"https:\/\/bloquepopularjuvenil.org\/programa-del-bpj-medidas-revolucionarias-y-socialistas-por-que-luchamos-los-marxistas\/\">Programa del BPJ: medidas revolucionarias y socialistas \u2013 \u00bfPor qu\u00e9 luchamos los marxistas? <\/a><\/p>","protected":false},"excerpt":{"rendered":"<p>La pol\u00edtica err\u00f3nea del FMLN en los \u00faltimos a\u00f1os ha marcado casi irreversiblemente su futuro hacia la derechizaci\u00f3n, una situaci\u00f3n muy dif\u00edcil de revertir y que se definir\u00e1 en las pr\u00f3ximas elecciones internas. Para nosotros, como hemos se\u00f1alado desde hace muchos a\u00f1os, solo una pol\u00edtica revolucionaria socialista y consecuente puede hacer que el FMLN vuelva&#8230;<\/p>\n","protected":false},"author":8,"featured_media":5104,"comment_status":"open","ping_status":"open","sticky":false,"template":"","format":"standard","meta":{"_monsterinsights_skip_tracking":false,"_monsterinsights_sitenote_active":false,"_monsterinsights_sitenote_note":"","_monsterinsights_sitenote_category":0,"_uf_show_specific_survey":0,"_uf_disable_surveys":false,"_jetpack_memberships_contains_paid_content":false,"footnotes":""},"categories":[2,3,537],"tags":[658,103,307,657,107],"class_list":["post-5102","post","type-post","status-publish","format-standard","has-post-thumbnail","hentry","category-nacional","category-politica","category-principales","tag-elecciones-internas","tag-fmln","tag-hugo-martinez","tag-medardo-gonzalez","tag-oscar-ortiz"],"aioseo_notices":[],"yoast_head":"<!-- This site is optimized with the Yoast SEO plugin v25.6 - https:\/\/yoast.com\/wordpress\/plugins\/seo\/ -->\n<title>Elecciones internas en el FMLN \u00bfHacia d\u00f3nde se dirige el partido?<\/title>\n<meta name=\"robots\" content=\"index, follow, max-snippet:-1, max-image-preview:large, max-video-preview:-1\" \/>\n<link rel=\"canonical\" href=\"https:\/\/elcomunista.org\/?p=5102\" \/>\n<meta property=\"og:locale\" content=\"es_ES\" \/>\n<meta property=\"og:type\" content=\"article\" \/>\n<meta property=\"og:title\" content=\"Elecciones internas en el FMLN \u00bfHacia d\u00f3nde se dirige el partido?\" \/>\n<meta property=\"og:description\" content=\"La pol\u00edtica err\u00f3nea del FMLN en los \u00faltimos a\u00f1os ha marcado casi irreversiblemente su futuro hacia la derechizaci\u00f3n, una situaci\u00f3n muy dif\u00edcil de revertir y que se definir\u00e1 en las pr\u00f3ximas elecciones internas. Para nosotros, como hemos se\u00f1alado desde hace muchos a\u00f1os, solo una pol\u00edtica revolucionaria socialista y consecuente puede hacer que el FMLN vuelva...\" \/>\n<meta property=\"og:url\" content=\"https:\/\/elcomunista.org\/?p=5102\" \/>\n<meta property=\"og:site_name\" content=\"Revoluci\u00f3n Comunista\" \/>\n<meta property=\"article:publisher\" content=\"https:\/\/www.facebook.com\/Bloquepopularjuvenil\" \/>\n<meta property=\"article:author\" content=\"https:\/\/www.facebook.com\/JuandeLaCruzBPJ\" \/>\n<meta property=\"article:published_time\" content=\"2019-02-28T16:08:21+00:00\" \/>\n<meta property=\"article:modified_time\" content=\"2019-03-29T20:34:38+00:00\" \/>\n<meta property=\"og:image\" content=\"https:\/\/elcomunista.org\/wp-content\/uploads\/2019\/02\/fmln-017-735x400.jpg\" \/>\n\t<meta property=\"og:image:width\" content=\"735\" \/>\n\t<meta property=\"og:image:height\" content=\"400\" \/>\n\t<meta property=\"og:image:type\" content=\"image\/jpeg\" \/>\n<meta name=\"author\" content=\"Juan de la Cruz\" \/>\n<meta name=\"twitter:card\" content=\"summary_large_image\" \/>\n<meta name=\"twitter:creator\" content=\"@juandelacruzcmi\" \/>\n<meta name=\"twitter:site\" content=\"@ElBPJ\" \/>\n<meta name=\"twitter:label1\" content=\"Escrito por\" \/>\n\t<meta name=\"twitter:data1\" content=\"Juan de la Cruz\" \/>\n\t<meta name=\"twitter:label2\" content=\"Tiempo de lectura\" \/>\n\t<meta name=\"twitter:data2\" content=\"11 minutos\" \/>\n<script type=\"application\/ld+json\" class=\"yoast-schema-graph\">{\"@context\":\"https:\/\/schema.org\",\"@graph\":[{\"@type\":\"Article\",\"@id\":\"https:\/\/elcomunista.org\/?p=5102#article\",\"isPartOf\":{\"@id\":\"https:\/\/elcomunista.org\/?p=5102\"},\"author\":{\"name\":\"Juan de la Cruz\",\"@id\":\"https:\/\/elcomunista.org\/#\/schema\/person\/e070ce76b01e8720e27ac0d46b82063f\"},\"headline\":\"Elecciones internas en el FMLN \u00bfHacia d\u00f3nde se dirige el partido?\",\"datePublished\":\"2019-02-28T16:08:21+00:00\",\"dateModified\":\"2019-03-29T20:34:38+00:00\",\"mainEntityOfPage\":{\"@id\":\"https:\/\/elcomunista.org\/?p=5102\"},\"wordCount\":2188,\"commentCount\":3,\"publisher\":{\"@id\":\"https:\/\/elcomunista.org\/#organization\"},\"image\":{\"@id\":\"https:\/\/elcomunista.org\/?p=5102#primaryimage\"},\"thumbnailUrl\":\"https:\/\/elcomunista.org\/wp-content\/uploads\/2019\/02\/fmln-017-735x400.jpg\",\"keywords\":[\"Elecciones Internas\",\"FMLN\",\"Hugo Mart\u00ednez\",\"Medardo Gonz\u00e1lez\",\"Oscar Ortiz\"],\"articleSection\":[\"Nacional\",\"Pol\u00edtica\",\"Principales\"],\"inLanguage\":\"es\",\"potentialAction\":[{\"@type\":\"CommentAction\",\"name\":\"Comment\",\"target\":[\"https:\/\/elcomunista.org\/?p=5102#respond\"]}]},{\"@type\":\"WebPage\",\"@id\":\"https:\/\/elcomunista.org\/?p=5102\",\"url\":\"https:\/\/elcomunista.org\/?p=5102\",\"name\":\"Elecciones internas en el FMLN \u00bfHacia d\u00f3nde se dirige el partido?\",\"isPartOf\":{\"@id\":\"https:\/\/elcomunista.org\/#website\"},\"primaryImageOfPage\":{\"@id\":\"https:\/\/elcomunista.org\/?p=5102#primaryimage\"},\"image\":{\"@id\":\"https:\/\/elcomunista.org\/?p=5102#primaryimage\"},\"thumbnailUrl\":\"https:\/\/elcomunista.org\/wp-content\/uploads\/2019\/02\/fmln-017-735x400.jpg\",\"datePublished\":\"2019-02-28T16:08:21+00:00\",\"dateModified\":\"2019-03-29T20:34:38+00:00\",\"breadcrumb\":{\"@id\":\"https:\/\/elcomunista.org\/?p=5102#breadcrumb\"},\"inLanguage\":\"es\",\"potentialAction\":[{\"@type\":\"ReadAction\",\"target\":[\"https:\/\/elcomunista.org\/?p=5102\"]}]},{\"@type\":\"ImageObject\",\"inLanguage\":\"es\",\"@id\":\"https:\/\/elcomunista.org\/?p=5102#primaryimage\",\"url\":\"https:\/\/elcomunista.org\/wp-content\/uploads\/2019\/02\/fmln-017-735x400.jpg\",\"contentUrl\":\"https:\/\/elcomunista.org\/wp-content\/uploads\/2019\/02\/fmln-017-735x400.jpg\",\"width\":735,\"height\":400},{\"@type\":\"BreadcrumbList\",\"@id\":\"https:\/\/elcomunista.org\/?p=5102#breadcrumb\",\"itemListElement\":[{\"@type\":\"ListItem\",\"position\":1,\"name\":\"Portada\",\"item\":\"https:\/\/elcomunista.org\/\"},{\"@type\":\"ListItem\",\"position\":2,\"name\":\"Elecciones internas en el FMLN \u00bfHacia d\u00f3nde se dirige el partido?\"}]},{\"@type\":\"WebSite\",\"@id\":\"https:\/\/elcomunista.org\/#website\",\"url\":\"https:\/\/elcomunista.org\/\",\"name\":\"Revoluci\u00f3n Comunista\",\"description\":\"Internacional Comunista Revolucionaria\",\"publisher\":{\"@id\":\"https:\/\/elcomunista.org\/#organization\"},\"potentialAction\":[{\"@type\":\"SearchAction\",\"target\":{\"@type\":\"EntryPoint\",\"urlTemplate\":\"https:\/\/elcomunista.org\/?s={search_term_string}\"},\"query-input\":{\"@type\":\"PropertyValueSpecification\",\"valueRequired\":true,\"valueName\":\"search_term_string\"}}],\"inLanguage\":\"es\"},{\"@type\":\"Organization\",\"@id\":\"https:\/\/elcomunista.org\/#organization\",\"name\":\"Bloque Popular Juvenil\",\"url\":\"https:\/\/elcomunista.org\/\",\"logo\":{\"@type\":\"ImageObject\",\"inLanguage\":\"es\",\"@id\":\"https:\/\/elcomunista.org\/#\/schema\/logo\/image\/\",\"url\":\"https:\/\/bloquepopularjuvenil.org\/wp-content\/uploads\/2018\/11\/bpj-militante.jpg\",\"contentUrl\":\"https:\/\/bloquepopularjuvenil.org\/wp-content\/uploads\/2018\/11\/bpj-militante.jpg\",\"width\":4000,\"height\":1390,\"caption\":\"Bloque Popular Juvenil\"},\"image\":{\"@id\":\"https:\/\/elcomunista.org\/#\/schema\/logo\/image\/\"},\"sameAs\":[\"https:\/\/www.facebook.com\/Bloquepopularjuvenil\",\"https:\/\/x.com\/ElBPJ\",\"https:\/\/www.instagram.com\/elbloque_bpj\/?hl=es-la\"]},{\"@type\":\"Person\",\"@id\":\"https:\/\/elcomunista.org\/#\/schema\/person\/e070ce76b01e8720e27ac0d46b82063f\",\"name\":\"Juan de la Cruz\",\"image\":{\"@type\":\"ImageObject\",\"inLanguage\":\"es\",\"@id\":\"https:\/\/elcomunista.org\/#\/schema\/person\/image\/\",\"url\":\"https:\/\/secure.gravatar.com\/avatar\/1aac3a8e4bbf29ce7030b8cd6a02f12b?s=96&d=mm&r=g\",\"contentUrl\":\"https:\/\/secure.gravatar.com\/avatar\/1aac3a8e4bbf29ce7030b8cd6a02f12b?s=96&d=mm&r=g\",\"caption\":\"Juan de la Cruz\"},\"description\":\"Editor del peri\u00f3dico El Comunista, vocero de la secci\u00f3n salvadore\u00f1a de la Internacional Comunista Revolucionaria (ICR)\",\"sameAs\":[\"http:\/\/www.bloquepopularjuvenil.org\",\"https:\/\/www.facebook.com\/JuandeLaCruzBPJ\",\"https:\/\/x.com\/juandelacruzcmi\"],\"url\":\"https:\/\/elcomunista.org\/?author=8\"}]}<\/script>\n<!-- \/ Yoast SEO plugin. -->","yoast_head_json":{"title":"Elecciones internas en el FMLN \u00bfHacia d\u00f3nde se dirige el partido?","robots":{"index":"index","follow":"follow","max-snippet":"max-snippet:-1","max-image-preview":"max-image-preview:large","max-video-preview":"max-video-preview:-1"},"canonical":"https:\/\/elcomunista.org\/?p=5102","og_locale":"es_ES","og_type":"article","og_title":"Elecciones internas en el FMLN \u00bfHacia d\u00f3nde se dirige el partido?","og_description":"La pol\u00edtica err\u00f3nea del FMLN en los \u00faltimos a\u00f1os ha marcado casi irreversiblemente su futuro hacia la derechizaci\u00f3n, una situaci\u00f3n muy dif\u00edcil de revertir y que se definir\u00e1 en las pr\u00f3ximas elecciones internas. Para nosotros, como hemos se\u00f1alado desde hace muchos a\u00f1os, solo una pol\u00edtica revolucionaria socialista y consecuente puede hacer que el FMLN vuelva...","og_url":"https:\/\/elcomunista.org\/?p=5102","og_site_name":"Revoluci\u00f3n Comunista","article_publisher":"https:\/\/www.facebook.com\/Bloquepopularjuvenil","article_author":"https:\/\/www.facebook.com\/JuandeLaCruzBPJ","article_published_time":"2019-02-28T16:08:21+00:00","article_modified_time":"2019-03-29T20:34:38+00:00","og_image":[{"width":735,"height":400,"url":"https:\/\/elcomunista.org\/wp-content\/uploads\/2019\/02\/fmln-017-735x400.jpg","type":"image\/jpeg"}],"author":"Juan de la Cruz","twitter_card":"summary_large_image","twitter_creator":"@juandelacruzcmi","twitter_site":"@ElBPJ","twitter_misc":{"Escrito por":"Juan de la Cruz","Tiempo de lectura":"11 minutos"},"schema":{"@context":"https:\/\/schema.org","@graph":[{"@type":"Article","@id":"https:\/\/elcomunista.org\/?p=5102#article","isPartOf":{"@id":"https:\/\/elcomunista.org\/?p=5102"},"author":{"name":"Juan de la Cruz","@id":"https:\/\/elcomunista.org\/#\/schema\/person\/e070ce76b01e8720e27ac0d46b82063f"},"headline":"Elecciones internas en el FMLN \u00bfHacia d\u00f3nde se dirige el partido?","datePublished":"2019-02-28T16:08:21+00:00","dateModified":"2019-03-29T20:34:38+00:00","mainEntityOfPage":{"@id":"https:\/\/elcomunista.org\/?p=5102"},"wordCount":2188,"commentCount":3,"publisher":{"@id":"https:\/\/elcomunista.org\/#organization"},"image":{"@id":"https:\/\/elcomunista.org\/?p=5102#primaryimage"},"thumbnailUrl":"https:\/\/elcomunista.org\/wp-content\/uploads\/2019\/02\/fmln-017-735x400.jpg","keywords":["Elecciones Internas","FMLN","Hugo Mart\u00ednez","Medardo Gonz\u00e1lez","Oscar Ortiz"],"articleSection":["Nacional","Pol\u00edtica","Principales"],"inLanguage":"es","potentialAction":[{"@type":"CommentAction","name":"Comment","target":["https:\/\/elcomunista.org\/?p=5102#respond"]}]},{"@type":"WebPage","@id":"https:\/\/elcomunista.org\/?p=5102","url":"https:\/\/elcomunista.org\/?p=5102","name":"Elecciones internas en el FMLN \u00bfHacia d\u00f3nde se dirige el partido?","isPartOf":{"@id":"https:\/\/elcomunista.org\/#website"},"primaryImageOfPage":{"@id":"https:\/\/elcomunista.org\/?p=5102#primaryimage"},"image":{"@id":"https:\/\/elcomunista.org\/?p=5102#primaryimage"},"thumbnailUrl":"https:\/\/elcomunista.org\/wp-content\/uploads\/2019\/02\/fmln-017-735x400.jpg","datePublished":"2019-02-28T16:08:21+00:00","dateModified":"2019-03-29T20:34:38+00:00","breadcrumb":{"@id":"https:\/\/elcomunista.org\/?p=5102#breadcrumb"},"inLanguage":"es","potentialAction":[{"@type":"ReadAction","target":["https:\/\/elcomunista.org\/?p=5102"]}]},{"@type":"ImageObject","inLanguage":"es","@id":"https:\/\/elcomunista.org\/?p=5102#primaryimage","url":"https:\/\/elcomunista.org\/wp-content\/uploads\/2019\/02\/fmln-017-735x400.jpg","contentUrl":"https:\/\/elcomunista.org\/wp-content\/uploads\/2019\/02\/fmln-017-735x400.jpg","width":735,"height":400},{"@type":"BreadcrumbList","@id":"https:\/\/elcomunista.org\/?p=5102#breadcrumb","itemListElement":[{"@type":"ListItem","position":1,"name":"Portada","item":"https:\/\/elcomunista.org\/"},{"@type":"ListItem","position":2,"name":"Elecciones internas en el FMLN \u00bfHacia d\u00f3nde se dirige el partido?"}]},{"@type":"WebSite","@id":"https:\/\/elcomunista.org\/#website","url":"https:\/\/elcomunista.org\/","name":"Revoluci\u00f3n Comunista","description":"Internacional Comunista Revolucionaria","publisher":{"@id":"https:\/\/elcomunista.org\/#organization"},"potentialAction":[{"@type":"SearchAction","target":{"@type":"EntryPoint","urlTemplate":"https:\/\/elcomunista.org\/?s={search_term_string}"},"query-input":{"@type":"PropertyValueSpecification","valueRequired":true,"valueName":"search_term_string"}}],"inLanguage":"es"},{"@type":"Organization","@id":"https:\/\/elcomunista.org\/#organization","name":"Bloque Popular Juvenil","url":"https:\/\/elcomunista.org\/","logo":{"@type":"ImageObject","inLanguage":"es","@id":"https:\/\/elcomunista.org\/#\/schema\/logo\/image\/","url":"https:\/\/bloquepopularjuvenil.org\/wp-content\/uploads\/2018\/11\/bpj-militante.jpg","contentUrl":"https:\/\/bloquepopularjuvenil.org\/wp-content\/uploads\/2018\/11\/bpj-militante.jpg","width":4000,"height":1390,"caption":"Bloque Popular Juvenil"},"image":{"@id":"https:\/\/elcomunista.org\/#\/schema\/logo\/image\/"},"sameAs":["https:\/\/www.facebook.com\/Bloquepopularjuvenil","https:\/\/x.com\/ElBPJ","https:\/\/www.instagram.com\/elbloque_bpj\/?hl=es-la"]},{"@type":"Person","@id":"https:\/\/elcomunista.org\/#\/schema\/person\/e070ce76b01e8720e27ac0d46b82063f","name":"Juan de la Cruz","image":{"@type":"ImageObject","inLanguage":"es","@id":"https:\/\/elcomunista.org\/#\/schema\/person\/image\/","url":"https:\/\/secure.gravatar.com\/avatar\/1aac3a8e4bbf29ce7030b8cd6a02f12b?s=96&d=mm&r=g","contentUrl":"https:\/\/secure.gravatar.com\/avatar\/1aac3a8e4bbf29ce7030b8cd6a02f12b?s=96&d=mm&r=g","caption":"Juan de la Cruz"},"description":"Editor del peri\u00f3dico El Comunista, vocero de la secci\u00f3n salvadore\u00f1a de la Internacional Comunista Revolucionaria (ICR)","sameAs":["http:\/\/www.bloquepopularjuvenil.org","https:\/\/www.facebook.com\/JuandeLaCruzBPJ","https:\/\/x.com\/juandelacruzcmi"],"url":"https:\/\/elcomunista.org\/?author=8"}]}},"jetpack_featured_media_url":"https:\/\/elcomunista.org\/wp-content\/uploads\/2019\/02\/fmln-017-735x400.jpg","jetpack_likes_enabled":true,"jetpack_sharing_enabled":true,"_links":{"self":[{"href":"https:\/\/elcomunista.org\/index.php?rest_route=\/wp\/v2\/posts\/5102"}],"collection":[{"href":"https:\/\/elcomunista.org\/index.php?rest_route=\/wp\/v2\/posts"}],"about":[{"href":"https:\/\/elcomunista.org\/index.php?rest_route=\/wp\/v2\/types\/post"}],"author":[{"embeddable":true,"href":"https:\/\/elcomunista.org\/index.php?rest_route=\/wp\/v2\/users\/8"}],"replies":[{"embeddable":true,"href":"https:\/\/elcomunista.org\/index.php?rest_route=%2Fwp%2Fv2%2Fcomments&post=5102"}],"version-history":[{"count":0,"href":"https:\/\/elcomunista.org\/index.php?rest_route=\/wp\/v2\/posts\/5102\/revisions"}],"wp:featuredmedia":[{"embeddable":true,"href":"https:\/\/elcomunista.org\/index.php?rest_route=\/wp\/v2\/media\/5104"}],"wp:attachment":[{"href":"https:\/\/elcomunista.org\/index.php?rest_route=%2Fwp%2Fv2%2Fmedia&parent=5102"}],"wp:term":[{"taxonomy":"category","embeddable":true,"href":"https:\/\/elcomunista.org\/index.php?rest_route=%2Fwp%2Fv2%2Fcategories&post=5102"},{"taxonomy":"post_tag","embeddable":true,"href":"https:\/\/elcomunista.org\/index.php?rest_route=%2Fwp%2Fv2%2Ftags&post=5102"}],"curies":[{"name":"wp","href":"https:\/\/api.w.org\/{rel}","templated":true}]}}