{"id":5172,"date":"2019-03-11T11:23:13","date_gmt":"2019-03-11T17:23:13","guid":{"rendered":"http:\/\/bloquepopularjuvenil.org\/?p=5172"},"modified":"2019-03-11T11:23:13","modified_gmt":"2019-03-11T17:23:13","slug":"pakistan-rawal-asad-obtuvo-la-libertad-bajo-fianza-pero-la-lucha-continua","status":"publish","type":"post","link":"https:\/\/elcomunista.org\/?p=5172","title":{"rendered":"Pakist\u00e1n: Rawal Asad obtuvo la libertad bajo fianza, pero la lucha contin\u00faa"},"content":{"rendered":"<p>El pasado 6 de marzo, el juez del Tribunal Superior de Multan otorg\u00f3 la libertad bajo fianza a Rawal Asad despu\u00e9s de escuchar su caso. Esto ha demostrado una vez m\u00e1s que las decisiones de los tribunales inferiores eran ilegales y sesgadas. Tambi\u00e9n revela claramente que estaban sujetos a influencia externa.<\/p>\n<section class=\"article-content\">Ma\u00f1ana, Rawal saldr\u00e1 de la c\u00e1rcel despu\u00e9s de completar el debido proceso legal. Hoy, Rawal estuvo representado en el tribunal por Azhar Bujari, uno de los abogados m\u00e1s veteranos de Multan y tambi\u00e9n un veterano activista pol\u00edtico, y el Abogado Habib ullah Shakir. Ambos dieron fuertes argumentos al defender su caso. El juicio continuar\u00e1, hasta que se decida si el acto de asistir a una protesta pac\u00edfica para condenar el asesinato del profesor Arman Luni fue sedicioso o no.<\/p>\n<p>La Alianza de la Juventud Progresista (PYA) defender\u00e1 el derecho de protesta, junto con el derecho a la libertad de expresi\u00f3n y de reuni\u00f3n, y luchar\u00e1 contra la represi\u00f3n estatal. Los compa\u00f1eros de la Alianza de la Juventud Progresista tambi\u00e9n se han comprometido con continuar su lucha por la educaci\u00f3n gratuita y por la restauraci\u00f3n de las organizaciones estudiantiles en Pakist\u00e1n. Aunque ahora est\u00e1 claro que esta lucha se enfrentar\u00e1 a una mayor represi\u00f3n por parte del Estado y ataques de las fuerzas reaccionarias, los compa\u00f1eros est\u00e1n decididos a llevar adelante su lucha hacia la victoria.<\/p>\n<p>La PYA env\u00eda su agradecimiento a todos los compa\u00f1eros, estudiantes y trabajadores de Pakist\u00e1n y de todo el mundo que salieron en gran n\u00famero a apoyar esta causa genuina de defensa de los derechos democr\u00e1ticos elementales. Esta lucha ha demostrado una vez m\u00e1s que el \u00fanico apoyo que pueden tener las v\u00edctimas de la represi\u00f3n estatal es la clase obrera internacional. Esta lucha tambi\u00e9n ha demostrado que la unidad de la clase trabajadora en todo el mundo no es una consigna hueca sino una realidad material, y es la \u00fanica forma de defender los derechos de las personas oprimidas en todo el mundo. Todas las divisiones impuestas por la clase dominante en l\u00edneas nacionalistas, religiosas y sectarias solo sirven para dividir a la clase trabajadora y mantener su opresi\u00f3n. La lucha contra la opresi\u00f3n nacional o por otros derechos b\u00e1sicos y democr\u00e1ticos solo puede tener \u00e9xito si se organiza en l\u00edneas de clase.<\/p>\n<p>Una vez m\u00e1s, agradecemos a todos los compa\u00f1eros de todo el mundo que salieron a protestar por la liberaci\u00f3n de Rawal Asad. Le mantendremos informado sobre los acontecimientos relacionados con el caso de Rawal a medida que se desarrollen. \u00a1Tambi\u00e9n prometemos mantener la bandera roja en alto, luchar contra el brutal sistema capitalista y por una revoluci\u00f3n socialista hasta nuestro \u00faltimo aliento!<\/p>\n<p style=\"text-align: center;\"><strong>\u00a1Trabajadores del mundo, un\u00edos!<\/strong><\/p>\n<p style=\"text-align: center;\"><strong>\u00a1Educaci\u00f3n y sanidad gratuitas para todos!<\/strong><\/p>\n<p style=\"text-align: center;\"><strong>\u00a1Adelante hacia la revoluci\u00f3n socialista!<\/strong><\/p>\n<\/section>\n","protected":false},"excerpt":{"rendered":"<p>El pasado 6 de marzo, el juez del Tribunal Superior de Multan otorg\u00f3 la libertad bajo fianza a Rawal Asad despu\u00e9s de escuchar su caso. Esto ha demostrado una vez m\u00e1s que las decisiones de los tribunales inferiores eran ilegales y sesgadas. Tambi\u00e9n revela claramente que estaban sujetos a influencia externa. Ma\u00f1ana, Rawal saldr\u00e1 de&#8230;<\/p>\n","protected":false},"author":40,"featured_media":5173,"comment_status":"open","ping_status":"open","sticky":false,"template":"","format":"standard","meta":{"_monsterinsights_skip_tracking":false,"_monsterinsights_sitenote_active":false,"_monsterinsights_sitenote_note":"","_monsterinsights_sitenote_category":0,"_uf_show_specific_survey":0,"_uf_disable_surveys":false,"_jetpack_memberships_contains_paid_content":false,"footnotes":""},"categories":[13,50,537],"tags":[668,666,217,667],"class_list":["post-5172","post","type-post","status-publish","format-standard","has-post-thumbnail","hentry","category-internacional","category-pakistan","category-principales","tag-estado-opresor","tag-lal-salaam","tag-pakistan","tag-rawal-asad"],"aioseo_notices":[],"yoast_head":"<!-- This site is optimized with the Yoast SEO plugin v25.6 - https:\/\/yoast.com\/wordpress\/plugins\/seo\/ -->\n<title>Pakist\u00e1n: Rawal Asad obtuvo la libertad bajo fianza, pero la lucha contin\u00faa<\/title>\n<meta name=\"robots\" content=\"index, follow, max-snippet:-1, max-image-preview:large, max-video-preview:-1\" \/>\n<link rel=\"canonical\" href=\"https:\/\/elcomunista.org\/?p=5172\" \/>\n<meta property=\"og:locale\" content=\"es_ES\" \/>\n<meta property=\"og:type\" content=\"article\" \/>\n<meta property=\"og:title\" content=\"Pakist\u00e1n: Rawal Asad obtuvo la libertad bajo fianza, pero la lucha contin\u00faa\" \/>\n<meta property=\"og:description\" content=\"El pasado 6 de marzo, el juez del Tribunal Superior de Multan otorg\u00f3 la libertad bajo fianza a Rawal Asad despu\u00e9s de escuchar su caso. Esto ha demostrado una vez m\u00e1s que las decisiones de los tribunales inferiores eran ilegales y sesgadas. Tambi\u00e9n revela claramente que estaban sujetos a influencia externa. Ma\u00f1ana, Rawal saldr\u00e1 de...\" \/>\n<meta property=\"og:url\" content=\"https:\/\/elcomunista.org\/?p=5172\" \/>\n<meta property=\"og:site_name\" content=\"Revoluci\u00f3n Comunista\" \/>\n<meta property=\"article:publisher\" content=\"https:\/\/www.facebook.com\/Bloquepopularjuvenil\" \/>\n<meta property=\"article:published_time\" content=\"2019-03-11T17:23:13+00:00\" \/>\n<meta property=\"og:image\" content=\"https:\/\/elcomunista.org\/wp-content\/uploads\/2019\/03\/da77c089ad8a5a3316f79e3ce1a5b1ae_w700_h500-1.jpg\" \/>\n\t<meta property=\"og:image:width\" content=\"700\" \/>\n\t<meta property=\"og:image:height\" content=\"483\" \/>\n\t<meta property=\"og:image:type\" content=\"image\/jpeg\" \/>\n<meta name=\"author\" content=\"Alianza de la Juventud Progresista (Pakist\u00e1n)\" \/>\n<meta name=\"twitter:card\" content=\"summary_large_image\" \/>\n<meta name=\"twitter:creator\" content=\"@ElBPJ\" \/>\n<meta name=\"twitter:site\" content=\"@ElBPJ\" \/>\n<meta name=\"twitter:label1\" content=\"Escrito por\" \/>\n\t<meta name=\"twitter:data1\" content=\"Alianza de la Juventud Progresista (Pakist\u00e1n)\" \/>\n\t<meta name=\"twitter:label2\" content=\"Tiempo de lectura\" \/>\n\t<meta name=\"twitter:data2\" content=\"2 minutos\" \/>\n<script type=\"application\/ld+json\" class=\"yoast-schema-graph\">{\"@context\":\"https:\/\/schema.org\",\"@graph\":[{\"@type\":\"Article\",\"@id\":\"https:\/\/elcomunista.org\/?p=5172#article\",\"isPartOf\":{\"@id\":\"https:\/\/elcomunista.org\/?p=5172\"},\"author\":{\"name\":\"Alianza de la Juventud Progresista (Pakist\u00e1n)\",\"@id\":\"https:\/\/elcomunista.org\/#\/schema\/person\/4be139858805080eff9f521e696653ca\"},\"headline\":\"Pakist\u00e1n: Rawal Asad obtuvo la libertad bajo fianza, pero la lucha contin\u00faa\",\"datePublished\":\"2019-03-11T17:23:13+00:00\",\"mainEntityOfPage\":{\"@id\":\"https:\/\/elcomunista.org\/?p=5172\"},\"wordCount\":513,\"commentCount\":0,\"publisher\":{\"@id\":\"https:\/\/elcomunista.org\/#organization\"},\"image\":{\"@id\":\"https:\/\/elcomunista.org\/?p=5172#primaryimage\"},\"thumbnailUrl\":\"https:\/\/elcomunista.org\/wp-content\/uploads\/2019\/03\/da77c089ad8a5a3316f79e3ce1a5b1ae_w700_h500-1.jpg\",\"keywords\":[\"Estado opresor\",\"Lal Salaam\",\"Pakist\u00e1n\",\"Rawal Asad\"],\"articleSection\":[\"Internacional\",\"Pakist\u00e1n\",\"Principales\"],\"inLanguage\":\"es\",\"potentialAction\":[{\"@type\":\"CommentAction\",\"name\":\"Comment\",\"target\":[\"https:\/\/elcomunista.org\/?p=5172#respond\"]}]},{\"@type\":\"WebPage\",\"@id\":\"https:\/\/elcomunista.org\/?p=5172\",\"url\":\"https:\/\/elcomunista.org\/?p=5172\",\"name\":\"Pakist\u00e1n: Rawal Asad obtuvo la libertad bajo fianza, pero la lucha contin\u00faa\",\"isPartOf\":{\"@id\":\"https:\/\/elcomunista.org\/#website\"},\"primaryImageOfPage\":{\"@id\":\"https:\/\/elcomunista.org\/?p=5172#primaryimage\"},\"image\":{\"@id\":\"https:\/\/elcomunista.org\/?p=5172#primaryimage\"},\"thumbnailUrl\":\"https:\/\/elcomunista.org\/wp-content\/uploads\/2019\/03\/da77c089ad8a5a3316f79e3ce1a5b1ae_w700_h500-1.jpg\",\"datePublished\":\"2019-03-11T17:23:13+00:00\",\"breadcrumb\":{\"@id\":\"https:\/\/elcomunista.org\/?p=5172#breadcrumb\"},\"inLanguage\":\"es\",\"potentialAction\":[{\"@type\":\"ReadAction\",\"target\":[\"https:\/\/elcomunista.org\/?p=5172\"]}]},{\"@type\":\"ImageObject\",\"inLanguage\":\"es\",\"@id\":\"https:\/\/elcomunista.org\/?p=5172#primaryimage\",\"url\":\"https:\/\/elcomunista.org\/wp-content\/uploads\/2019\/03\/da77c089ad8a5a3316f79e3ce1a5b1ae_w700_h500-1.jpg\",\"contentUrl\":\"https:\/\/elcomunista.org\/wp-content\/uploads\/2019\/03\/da77c089ad8a5a3316f79e3ce1a5b1ae_w700_h500-1.jpg\",\"width\":700,\"height\":483},{\"@type\":\"BreadcrumbList\",\"@id\":\"https:\/\/elcomunista.org\/?p=5172#breadcrumb\",\"itemListElement\":[{\"@type\":\"ListItem\",\"position\":1,\"name\":\"Portada\",\"item\":\"https:\/\/elcomunista.org\/\"},{\"@type\":\"ListItem\",\"position\":2,\"name\":\"Pakist\u00e1n: Rawal Asad obtuvo la libertad bajo fianza, pero la lucha contin\u00faa\"}]},{\"@type\":\"WebSite\",\"@id\":\"https:\/\/elcomunista.org\/#website\",\"url\":\"https:\/\/elcomunista.org\/\",\"name\":\"Revoluci\u00f3n Comunista\",\"description\":\"Internacional Comunista Revolucionaria\",\"publisher\":{\"@id\":\"https:\/\/elcomunista.org\/#organization\"},\"potentialAction\":[{\"@type\":\"SearchAction\",\"target\":{\"@type\":\"EntryPoint\",\"urlTemplate\":\"https:\/\/elcomunista.org\/?s={search_term_string}\"},\"query-input\":{\"@type\":\"PropertyValueSpecification\",\"valueRequired\":true,\"valueName\":\"search_term_string\"}}],\"inLanguage\":\"es\"},{\"@type\":\"Organization\",\"@id\":\"https:\/\/elcomunista.org\/#organization\",\"name\":\"Bloque Popular Juvenil\",\"url\":\"https:\/\/elcomunista.org\/\",\"logo\":{\"@type\":\"ImageObject\",\"inLanguage\":\"es\",\"@id\":\"https:\/\/elcomunista.org\/#\/schema\/logo\/image\/\",\"url\":\"https:\/\/bloquepopularjuvenil.org\/wp-content\/uploads\/2018\/11\/bpj-militante.jpg\",\"contentUrl\":\"https:\/\/bloquepopularjuvenil.org\/wp-content\/uploads\/2018\/11\/bpj-militante.jpg\",\"width\":4000,\"height\":1390,\"caption\":\"Bloque Popular Juvenil\"},\"image\":{\"@id\":\"https:\/\/elcomunista.org\/#\/schema\/logo\/image\/\"},\"sameAs\":[\"https:\/\/www.facebook.com\/Bloquepopularjuvenil\",\"https:\/\/x.com\/ElBPJ\",\"https:\/\/www.instagram.com\/elbloque_bpj\/?hl=es-la\"]},{\"@type\":\"Person\",\"@id\":\"https:\/\/elcomunista.org\/#\/schema\/person\/4be139858805080eff9f521e696653ca\",\"name\":\"Alianza de la Juventud Progresista (Pakist\u00e1n)\",\"image\":{\"@type\":\"ImageObject\",\"inLanguage\":\"es\",\"@id\":\"https:\/\/elcomunista.org\/#\/schema\/person\/image\/\",\"url\":\"https:\/\/secure.gravatar.com\/avatar\/0f9981b92c5fcc10455ae138da7913a3?s=96&d=mm&r=g\",\"contentUrl\":\"https:\/\/secure.gravatar.com\/avatar\/0f9981b92c5fcc10455ae138da7913a3?s=96&d=mm&r=g\",\"caption\":\"Alianza de la Juventud Progresista (Pakist\u00e1n)\"},\"url\":\"https:\/\/elcomunista.org\/?author=40\"}]}<\/script>\n<!-- \/ Yoast SEO plugin. -->","yoast_head_json":{"title":"Pakist\u00e1n: Rawal Asad obtuvo la libertad bajo fianza, pero la lucha contin\u00faa","robots":{"index":"index","follow":"follow","max-snippet":"max-snippet:-1","max-image-preview":"max-image-preview:large","max-video-preview":"max-video-preview:-1"},"canonical":"https:\/\/elcomunista.org\/?p=5172","og_locale":"es_ES","og_type":"article","og_title":"Pakist\u00e1n: Rawal Asad obtuvo la libertad bajo fianza, pero la lucha contin\u00faa","og_description":"El pasado 6 de marzo, el juez del Tribunal Superior de Multan otorg\u00f3 la libertad bajo fianza a Rawal Asad despu\u00e9s de escuchar su caso. Esto ha demostrado una vez m\u00e1s que las decisiones de los tribunales inferiores eran ilegales y sesgadas. Tambi\u00e9n revela claramente que estaban sujetos a influencia externa. Ma\u00f1ana, Rawal saldr\u00e1 de...","og_url":"https:\/\/elcomunista.org\/?p=5172","og_site_name":"Revoluci\u00f3n Comunista","article_publisher":"https:\/\/www.facebook.com\/Bloquepopularjuvenil","article_published_time":"2019-03-11T17:23:13+00:00","og_image":[{"width":700,"height":483,"url":"https:\/\/elcomunista.org\/wp-content\/uploads\/2019\/03\/da77c089ad8a5a3316f79e3ce1a5b1ae_w700_h500-1.jpg","type":"image\/jpeg"}],"author":"Alianza de la Juventud Progresista (Pakist\u00e1n)","twitter_card":"summary_large_image","twitter_creator":"@ElBPJ","twitter_site":"@ElBPJ","twitter_misc":{"Escrito por":"Alianza de la Juventud Progresista (Pakist\u00e1n)","Tiempo de lectura":"2 minutos"},"schema":{"@context":"https:\/\/schema.org","@graph":[{"@type":"Article","@id":"https:\/\/elcomunista.org\/?p=5172#article","isPartOf":{"@id":"https:\/\/elcomunista.org\/?p=5172"},"author":{"name":"Alianza de la Juventud Progresista (Pakist\u00e1n)","@id":"https:\/\/elcomunista.org\/#\/schema\/person\/4be139858805080eff9f521e696653ca"},"headline":"Pakist\u00e1n: Rawal Asad obtuvo la libertad bajo fianza, pero la lucha contin\u00faa","datePublished":"2019-03-11T17:23:13+00:00","mainEntityOfPage":{"@id":"https:\/\/elcomunista.org\/?p=5172"},"wordCount":513,"commentCount":0,"publisher":{"@id":"https:\/\/elcomunista.org\/#organization"},"image":{"@id":"https:\/\/elcomunista.org\/?p=5172#primaryimage"},"thumbnailUrl":"https:\/\/elcomunista.org\/wp-content\/uploads\/2019\/03\/da77c089ad8a5a3316f79e3ce1a5b1ae_w700_h500-1.jpg","keywords":["Estado opresor","Lal Salaam","Pakist\u00e1n","Rawal Asad"],"articleSection":["Internacional","Pakist\u00e1n","Principales"],"inLanguage":"es","potentialAction":[{"@type":"CommentAction","name":"Comment","target":["https:\/\/elcomunista.org\/?p=5172#respond"]}]},{"@type":"WebPage","@id":"https:\/\/elcomunista.org\/?p=5172","url":"https:\/\/elcomunista.org\/?p=5172","name":"Pakist\u00e1n: Rawal Asad obtuvo la libertad bajo fianza, pero la lucha contin\u00faa","isPartOf":{"@id":"https:\/\/elcomunista.org\/#website"},"primaryImageOfPage":{"@id":"https:\/\/elcomunista.org\/?p=5172#primaryimage"},"image":{"@id":"https:\/\/elcomunista.org\/?p=5172#primaryimage"},"thumbnailUrl":"https:\/\/elcomunista.org\/wp-content\/uploads\/2019\/03\/da77c089ad8a5a3316f79e3ce1a5b1ae_w700_h500-1.jpg","datePublished":"2019-03-11T17:23:13+00:00","breadcrumb":{"@id":"https:\/\/elcomunista.org\/?p=5172#breadcrumb"},"inLanguage":"es","potentialAction":[{"@type":"ReadAction","target":["https:\/\/elcomunista.org\/?p=5172"]}]},{"@type":"ImageObject","inLanguage":"es","@id":"https:\/\/elcomunista.org\/?p=5172#primaryimage","url":"https:\/\/elcomunista.org\/wp-content\/uploads\/2019\/03\/da77c089ad8a5a3316f79e3ce1a5b1ae_w700_h500-1.jpg","contentUrl":"https:\/\/elcomunista.org\/wp-content\/uploads\/2019\/03\/da77c089ad8a5a3316f79e3ce1a5b1ae_w700_h500-1.jpg","width":700,"height":483},{"@type":"BreadcrumbList","@id":"https:\/\/elcomunista.org\/?p=5172#breadcrumb","itemListElement":[{"@type":"ListItem","position":1,"name":"Portada","item":"https:\/\/elcomunista.org\/"},{"@type":"ListItem","position":2,"name":"Pakist\u00e1n: Rawal Asad obtuvo la libertad bajo fianza, pero la lucha contin\u00faa"}]},{"@type":"WebSite","@id":"https:\/\/elcomunista.org\/#website","url":"https:\/\/elcomunista.org\/","name":"Revoluci\u00f3n Comunista","description":"Internacional Comunista Revolucionaria","publisher":{"@id":"https:\/\/elcomunista.org\/#organization"},"potentialAction":[{"@type":"SearchAction","target":{"@type":"EntryPoint","urlTemplate":"https:\/\/elcomunista.org\/?s={search_term_string}"},"query-input":{"@type":"PropertyValueSpecification","valueRequired":true,"valueName":"search_term_string"}}],"inLanguage":"es"},{"@type":"Organization","@id":"https:\/\/elcomunista.org\/#organization","name":"Bloque Popular Juvenil","url":"https:\/\/elcomunista.org\/","logo":{"@type":"ImageObject","inLanguage":"es","@id":"https:\/\/elcomunista.org\/#\/schema\/logo\/image\/","url":"https:\/\/bloquepopularjuvenil.org\/wp-content\/uploads\/2018\/11\/bpj-militante.jpg","contentUrl":"https:\/\/bloquepopularjuvenil.org\/wp-content\/uploads\/2018\/11\/bpj-militante.jpg","width":4000,"height":1390,"caption":"Bloque Popular Juvenil"},"image":{"@id":"https:\/\/elcomunista.org\/#\/schema\/logo\/image\/"},"sameAs":["https:\/\/www.facebook.com\/Bloquepopularjuvenil","https:\/\/x.com\/ElBPJ","https:\/\/www.instagram.com\/elbloque_bpj\/?hl=es-la"]},{"@type":"Person","@id":"https:\/\/elcomunista.org\/#\/schema\/person\/4be139858805080eff9f521e696653ca","name":"Alianza de la Juventud Progresista (Pakist\u00e1n)","image":{"@type":"ImageObject","inLanguage":"es","@id":"https:\/\/elcomunista.org\/#\/schema\/person\/image\/","url":"https:\/\/secure.gravatar.com\/avatar\/0f9981b92c5fcc10455ae138da7913a3?s=96&d=mm&r=g","contentUrl":"https:\/\/secure.gravatar.com\/avatar\/0f9981b92c5fcc10455ae138da7913a3?s=96&d=mm&r=g","caption":"Alianza de la Juventud Progresista (Pakist\u00e1n)"},"url":"https:\/\/elcomunista.org\/?author=40"}]}},"jetpack_featured_media_url":"https:\/\/elcomunista.org\/wp-content\/uploads\/2019\/03\/da77c089ad8a5a3316f79e3ce1a5b1ae_w700_h500-1.jpg","jetpack_likes_enabled":true,"jetpack_sharing_enabled":true,"_links":{"self":[{"href":"https:\/\/elcomunista.org\/index.php?rest_route=\/wp\/v2\/posts\/5172"}],"collection":[{"href":"https:\/\/elcomunista.org\/index.php?rest_route=\/wp\/v2\/posts"}],"about":[{"href":"https:\/\/elcomunista.org\/index.php?rest_route=\/wp\/v2\/types\/post"}],"author":[{"embeddable":true,"href":"https:\/\/elcomunista.org\/index.php?rest_route=\/wp\/v2\/users\/40"}],"replies":[{"embeddable":true,"href":"https:\/\/elcomunista.org\/index.php?rest_route=%2Fwp%2Fv2%2Fcomments&post=5172"}],"version-history":[{"count":0,"href":"https:\/\/elcomunista.org\/index.php?rest_route=\/wp\/v2\/posts\/5172\/revisions"}],"wp:featuredmedia":[{"embeddable":true,"href":"https:\/\/elcomunista.org\/index.php?rest_route=\/wp\/v2\/media\/5173"}],"wp:attachment":[{"href":"https:\/\/elcomunista.org\/index.php?rest_route=%2Fwp%2Fv2%2Fmedia&parent=5172"}],"wp:term":[{"taxonomy":"category","embeddable":true,"href":"https:\/\/elcomunista.org\/index.php?rest_route=%2Fwp%2Fv2%2Fcategories&post=5172"},{"taxonomy":"post_tag","embeddable":true,"href":"https:\/\/elcomunista.org\/index.php?rest_route=%2Fwp%2Fv2%2Ftags&post=5172"}],"curies":[{"name":"wp","href":"https:\/\/api.w.org\/{rel}","templated":true}]}}