{"id":5257,"date":"2019-03-19T09:43:59","date_gmt":"2019-03-19T15:43:59","guid":{"rendered":"http:\/\/bloquepopularjuvenil.org\/?p=5257"},"modified":"2019-04-07T10:57:14","modified_gmt":"2019-04-07T16:57:14","slug":"comunicado-organizaciones-sociales-nos-declaramos-en-emergencia-contra-la-privatizacion-del-agua","status":"publish","type":"post","link":"https:\/\/elcomunista.org\/?p=5257","title":{"rendered":"Comunicado: Organizaciones sociales nos declaramos en emergencia contra la privatizaci\u00f3n del agua"},"content":{"rendered":"<p>Las organizaciones, redes y movimientos populares que integramos la Alianza contra la Privatizaci\u00f3n del Agua, el Foro Nacional del Agua y el Movimiento Popular de Resistencia 12 de Octubre, nos declaramos en \u201cemergencia\u201d y en \u201cmovilizaci\u00f3n permanente\u201d contra los intentos de los grupos parlamentarios de la derecha de privatizar el agua.<\/p>\n<p>Como es sabido, diputados y diputadas de ARENA, GANA, PCN y PDC acordaron ayer, en el marco de la discusi\u00f3n sobre la ley de agua, conformar un ente rector de pol\u00edticas h\u00eddricas con una fuerte presencia de la empresa privada otorg\u00e1ndole sendos puestos a los sectores productivos agropecuario (azucareros) e industrial (bebidas). Estos, junto a otras instancias como COMURES y algunas juntas de agua, podr\u00edan hacer mayor\u00eda y tener la correlaci\u00f3n suficiente para definir un enfoque mercantil y privatizador de las pol\u00edticas h\u00eddricas. Los partidos de derecha, adem\u00e1s, excluyeron a ministerios como el de Salud y a las organizaciones ambientalistas.<\/p>\n<p>Esto tiene el claro prop\u00f3sito de asegurar el agua para los negocios, en detrimento del derecho de toda la poblaci\u00f3n a tener agua suficiente y de calidad para su consumo y necesidades b\u00e1sicas. As\u00ed, los diputados de derecha ponen los intereses de la empresa privada por encima de los derechos de la gente y traicionan su funci\u00f3n de legislar para resolver los problemas del pa\u00eds, en este caso la falta de acceso al agua para muchas comunidades y el grave deterioro de los bienes h\u00eddricos provocado por la contaminaci\u00f3n, el uso desmedido de las fuentes de agua y la ausencia de pol\u00edticas de proyecci\u00f3n de las cuencas.<\/p>\n<p>Como organizaciones populares rechazamos en\u00e9rgicamente esta estrategia privatizadora y exigimos a los diputados Mauricio Ernesto Vargas (ARENA), Mario Antonio Ponce (PNC), Ren\u00e9 Gustavo Escalante (ARENA), Marta Evelyn Batres (ARENA), Ra\u00fal Beltr\u00e1n Bonilla (PCN), Santos Adelmo Rivas (GANA), Mayte\u00e9 Gabriela Iraheta (ARENA), Jorge Mazariego (PDC) Ricardo Godoy Pe\u00f1ate (ARENA) que reviertan cuanto antes el nefasto acuerdo que tomaron este lunes en la Comisi\u00f3n de Medioambiente y Cambio Clim\u00e1tico de la Asamblea Legislativa.<\/p>\n<p>A \u00e9stos -y a los dem\u00e1s diputados de la derecha- les advertimos que, partir de este d\u00eda, iniciamos una serie de acciones de movilizaci\u00f3n ciudadana y presi\u00f3n popular que terminar\u00e1n hasta que revierten lo acordado ayer y aprueben la ley que promovemos juntamente con la UCA, las iglesias y la Procuradur\u00eda para la Defensa de los Derechos Humanos (PDDH). Este ley reconoce el agua como derecho humano, establece un ente rector de las pol\u00edticas h\u00eddricas totalmente p\u00fablico y permite la participaci\u00f3n comunitaria en la protecci\u00f3n de los bienes h\u00eddricos. Esta es la ley pertinente, justa y necesaria.<\/p>\n<p>Y al pa\u00eds entero le advertimos que, de consumarse la privatizaci\u00f3n del agua, la mayor\u00eda de la poblaci\u00f3n no tendr\u00e1 acceso al vital l\u00edquido y el deterioro de los recursos h\u00eddricos ser\u00e1 peor. Por eso llamamos a toda la poblaci\u00f3n a luchar contra tan tenebroso objetivo de la empresa privada y sus lacayos de ARENA, PCN, GANA y PDC en la Asamblea. Pedimos a todo el pueblo (j\u00f3venes, profesionales, mujeres, estudiantes, campesinos, religiosos, obreros, adolescentes,\u2026) incorporarse a las concentraciones, plantones, movilizaciones y dem\u00e1s acciones de presi\u00f3n que realizamos en los pr\u00f3ximos d\u00edas y semanas contra la privatizaci\u00f3n.<\/p>\n<p>Con la lucha contra la privatizaci\u00f3n del agua asumimos tambi\u00e9n la lucha contra todo el modelo neoliberal, que se profundizar\u00e1 con medidas como la ley que la derecha parlamentaria quiere aprobar. La lucha por el agua es, pues, una lucha por un pa\u00eds m\u00e1s justo, incluyente, equitativo y sustentable. Por eso nos declaramos en emergencia y movilizaci\u00f3n permanente, contra la privatizaci\u00f3n del agua y contra el neoliberalismo.<\/p>\n<p>San Salvador, 19 de marzo de 2019<\/p>\n","protected":false},"excerpt":{"rendered":"<p>Las organizaciones, redes y movimientos populares que integramos la Alianza contra la Privatizaci\u00f3n del Agua, el Foro Nacional del Agua y el Movimiento Popular de Resistencia 12 de Octubre, nos declaramos en \u201cemergencia\u201d y en \u201cmovilizaci\u00f3n permanente\u201d contra los intentos de los grupos parlamentarios de la derecha de privatizar el agua. Como es sabido, diputados&#8230;<\/p>\n","protected":false},"author":74,"featured_media":5259,"comment_status":"open","ping_status":"open","sticky":false,"template":"","format":"standard","meta":{"_monsterinsights_skip_tracking":false,"_monsterinsights_sitenote_active":false,"_monsterinsights_sitenote_note":"","_monsterinsights_sitenote_category":0,"_uf_show_specific_survey":0,"_uf_disable_surveys":false,"_jetpack_memberships_contains_paid_content":false,"footnotes":""},"categories":[249,2,3],"tags":[],"class_list":["post-5257","post","type-post","status-publish","format-standard","has-post-thumbnail","hentry","category-campana-contra-la-privatizacion-del-agua","category-nacional","category-politica"],"aioseo_notices":[],"yoast_head":"<!-- This site is optimized with the Yoast SEO plugin v25.6 - https:\/\/yoast.com\/wordpress\/plugins\/seo\/ -->\n<title>Comunicado: Organizaciones sociales nos declaramos en emergencia contra la privatizaci\u00f3n del agua<\/title>\n<meta name=\"robots\" content=\"index, follow, max-snippet:-1, max-image-preview:large, max-video-preview:-1\" \/>\n<link rel=\"canonical\" href=\"https:\/\/elcomunista.org\/?p=5257\" \/>\n<meta property=\"og:locale\" content=\"es_ES\" \/>\n<meta property=\"og:type\" content=\"article\" \/>\n<meta property=\"og:title\" content=\"Comunicado: Organizaciones sociales nos declaramos en emergencia contra la privatizaci\u00f3n del agua\" \/>\n<meta property=\"og:description\" content=\"Las organizaciones, redes y movimientos populares que integramos la Alianza contra la Privatizaci\u00f3n del Agua, el Foro Nacional del Agua y el Movimiento Popular de Resistencia 12 de Octubre, nos declaramos en \u201cemergencia\u201d y en \u201cmovilizaci\u00f3n permanente\u201d contra los intentos de los grupos parlamentarios de la derecha de privatizar el agua. Como es sabido, diputados...\" \/>\n<meta property=\"og:url\" content=\"https:\/\/elcomunista.org\/?p=5257\" \/>\n<meta property=\"og:site_name\" content=\"Revoluci\u00f3n Comunista\" \/>\n<meta property=\"article:publisher\" content=\"https:\/\/www.facebook.com\/Bloquepopularjuvenil\" \/>\n<meta property=\"article:published_time\" content=\"2019-03-19T15:43:59+00:00\" \/>\n<meta property=\"article:modified_time\" content=\"2019-04-07T16:57:14+00:00\" \/>\n<meta property=\"og:image\" content=\"https:\/\/elcomunista.org\/wp-content\/uploads\/2019\/03\/IMG-20190319-WA0008.jpg\" \/>\n\t<meta property=\"og:image:width\" content=\"1280\" \/>\n\t<meta property=\"og:image:height\" content=\"960\" \/>\n\t<meta property=\"og:image:type\" content=\"image\/jpeg\" \/>\n<meta name=\"author\" content=\"Alianza Nacional Contra la Privatizacion del Agua\" \/>\n<meta name=\"twitter:card\" content=\"summary_large_image\" \/>\n<meta name=\"twitter:creator\" content=\"@ElBPJ\" \/>\n<meta name=\"twitter:site\" content=\"@ElBPJ\" \/>\n<meta name=\"twitter:label1\" content=\"Escrito por\" \/>\n\t<meta name=\"twitter:data1\" content=\"Alianza Nacional Contra la Privatizacion del Agua\" \/>\n\t<meta name=\"twitter:label2\" content=\"Tiempo de lectura\" \/>\n\t<meta name=\"twitter:data2\" content=\"3 minutos\" \/>\n<script type=\"application\/ld+json\" class=\"yoast-schema-graph\">{\"@context\":\"https:\/\/schema.org\",\"@graph\":[{\"@type\":\"Article\",\"@id\":\"https:\/\/elcomunista.org\/?p=5257#article\",\"isPartOf\":{\"@id\":\"https:\/\/elcomunista.org\/?p=5257\"},\"author\":{\"name\":\"Alianza Nacional Contra la Privatizacion del Agua\",\"@id\":\"https:\/\/elcomunista.org\/#\/schema\/person\/6041eacc416a8ce0ca972fe9a974e078\"},\"headline\":\"Comunicado: Organizaciones sociales nos declaramos en emergencia contra la privatizaci\u00f3n del agua\",\"datePublished\":\"2019-03-19T15:43:59+00:00\",\"dateModified\":\"2019-04-07T16:57:14+00:00\",\"mainEntityOfPage\":{\"@id\":\"https:\/\/elcomunista.org\/?p=5257\"},\"wordCount\":665,\"commentCount\":0,\"publisher\":{\"@id\":\"https:\/\/elcomunista.org\/#organization\"},\"image\":{\"@id\":\"https:\/\/elcomunista.org\/?p=5257#primaryimage\"},\"thumbnailUrl\":\"https:\/\/elcomunista.org\/wp-content\/uploads\/2019\/03\/IMG-20190319-WA0008.jpg\",\"articleSection\":[\"Campa\u00f1a Contra la Privatizacion del Agua\",\"Nacional\",\"Pol\u00edtica\"],\"inLanguage\":\"es\",\"potentialAction\":[{\"@type\":\"CommentAction\",\"name\":\"Comment\",\"target\":[\"https:\/\/elcomunista.org\/?p=5257#respond\"]}]},{\"@type\":\"WebPage\",\"@id\":\"https:\/\/elcomunista.org\/?p=5257\",\"url\":\"https:\/\/elcomunista.org\/?p=5257\",\"name\":\"Comunicado: Organizaciones sociales nos declaramos en emergencia contra la privatizaci\u00f3n del agua\",\"isPartOf\":{\"@id\":\"https:\/\/elcomunista.org\/#website\"},\"primaryImageOfPage\":{\"@id\":\"https:\/\/elcomunista.org\/?p=5257#primaryimage\"},\"image\":{\"@id\":\"https:\/\/elcomunista.org\/?p=5257#primaryimage\"},\"thumbnailUrl\":\"https:\/\/elcomunista.org\/wp-content\/uploads\/2019\/03\/IMG-20190319-WA0008.jpg\",\"datePublished\":\"2019-03-19T15:43:59+00:00\",\"dateModified\":\"2019-04-07T16:57:14+00:00\",\"breadcrumb\":{\"@id\":\"https:\/\/elcomunista.org\/?p=5257#breadcrumb\"},\"inLanguage\":\"es\",\"potentialAction\":[{\"@type\":\"ReadAction\",\"target\":[\"https:\/\/elcomunista.org\/?p=5257\"]}]},{\"@type\":\"ImageObject\",\"inLanguage\":\"es\",\"@id\":\"https:\/\/elcomunista.org\/?p=5257#primaryimage\",\"url\":\"https:\/\/elcomunista.org\/wp-content\/uploads\/2019\/03\/IMG-20190319-WA0008.jpg\",\"contentUrl\":\"https:\/\/elcomunista.org\/wp-content\/uploads\/2019\/03\/IMG-20190319-WA0008.jpg\",\"width\":1280,\"height\":960},{\"@type\":\"BreadcrumbList\",\"@id\":\"https:\/\/elcomunista.org\/?p=5257#breadcrumb\",\"itemListElement\":[{\"@type\":\"ListItem\",\"position\":1,\"name\":\"Portada\",\"item\":\"https:\/\/elcomunista.org\/\"},{\"@type\":\"ListItem\",\"position\":2,\"name\":\"Comunicado: Organizaciones sociales nos declaramos en emergencia contra la privatizaci\u00f3n del agua\"}]},{\"@type\":\"WebSite\",\"@id\":\"https:\/\/elcomunista.org\/#website\",\"url\":\"https:\/\/elcomunista.org\/\",\"name\":\"Revoluci\u00f3n Comunista\",\"description\":\"Internacional Comunista Revolucionaria\",\"publisher\":{\"@id\":\"https:\/\/elcomunista.org\/#organization\"},\"potentialAction\":[{\"@type\":\"SearchAction\",\"target\":{\"@type\":\"EntryPoint\",\"urlTemplate\":\"https:\/\/elcomunista.org\/?s={search_term_string}\"},\"query-input\":{\"@type\":\"PropertyValueSpecification\",\"valueRequired\":true,\"valueName\":\"search_term_string\"}}],\"inLanguage\":\"es\"},{\"@type\":\"Organization\",\"@id\":\"https:\/\/elcomunista.org\/#organization\",\"name\":\"Bloque Popular Juvenil\",\"url\":\"https:\/\/elcomunista.org\/\",\"logo\":{\"@type\":\"ImageObject\",\"inLanguage\":\"es\",\"@id\":\"https:\/\/elcomunista.org\/#\/schema\/logo\/image\/\",\"url\":\"https:\/\/bloquepopularjuvenil.org\/wp-content\/uploads\/2018\/11\/bpj-militante.jpg\",\"contentUrl\":\"https:\/\/bloquepopularjuvenil.org\/wp-content\/uploads\/2018\/11\/bpj-militante.jpg\",\"width\":4000,\"height\":1390,\"caption\":\"Bloque Popular Juvenil\"},\"image\":{\"@id\":\"https:\/\/elcomunista.org\/#\/schema\/logo\/image\/\"},\"sameAs\":[\"https:\/\/www.facebook.com\/Bloquepopularjuvenil\",\"https:\/\/x.com\/ElBPJ\",\"https:\/\/www.instagram.com\/elbloque_bpj\/?hl=es-la\"]},{\"@type\":\"Person\",\"@id\":\"https:\/\/elcomunista.org\/#\/schema\/person\/6041eacc416a8ce0ca972fe9a974e078\",\"name\":\"Alianza Nacional Contra la Privatizacion del Agua\",\"image\":{\"@type\":\"ImageObject\",\"inLanguage\":\"es\",\"@id\":\"https:\/\/elcomunista.org\/#\/schema\/person\/image\/\",\"url\":\"https:\/\/secure.gravatar.com\/avatar\/32f378a4ab7bc4dd836a17eb0b016c8d?s=96&d=mm&r=g\",\"contentUrl\":\"https:\/\/secure.gravatar.com\/avatar\/32f378a4ab7bc4dd836a17eb0b016c8d?s=96&d=mm&r=g\",\"caption\":\"Alianza Nacional Contra la Privatizacion del Agua\"},\"url\":\"https:\/\/elcomunista.org\/?author=74\"}]}<\/script>\n<!-- \/ Yoast SEO plugin. -->","yoast_head_json":{"title":"Comunicado: Organizaciones sociales nos declaramos en emergencia contra la privatizaci\u00f3n del agua","robots":{"index":"index","follow":"follow","max-snippet":"max-snippet:-1","max-image-preview":"max-image-preview:large","max-video-preview":"max-video-preview:-1"},"canonical":"https:\/\/elcomunista.org\/?p=5257","og_locale":"es_ES","og_type":"article","og_title":"Comunicado: Organizaciones sociales nos declaramos en emergencia contra la privatizaci\u00f3n del agua","og_description":"Las organizaciones, redes y movimientos populares que integramos la Alianza contra la Privatizaci\u00f3n del Agua, el Foro Nacional del Agua y el Movimiento Popular de Resistencia 12 de Octubre, nos declaramos en \u201cemergencia\u201d y en \u201cmovilizaci\u00f3n permanente\u201d contra los intentos de los grupos parlamentarios de la derecha de privatizar el agua. Como es sabido, diputados...","og_url":"https:\/\/elcomunista.org\/?p=5257","og_site_name":"Revoluci\u00f3n Comunista","article_publisher":"https:\/\/www.facebook.com\/Bloquepopularjuvenil","article_published_time":"2019-03-19T15:43:59+00:00","article_modified_time":"2019-04-07T16:57:14+00:00","og_image":[{"width":1280,"height":960,"url":"https:\/\/elcomunista.org\/wp-content\/uploads\/2019\/03\/IMG-20190319-WA0008.jpg","type":"image\/jpeg"}],"author":"Alianza Nacional Contra la Privatizacion del Agua","twitter_card":"summary_large_image","twitter_creator":"@ElBPJ","twitter_site":"@ElBPJ","twitter_misc":{"Escrito por":"Alianza Nacional Contra la Privatizacion del Agua","Tiempo de lectura":"3 minutos"},"schema":{"@context":"https:\/\/schema.org","@graph":[{"@type":"Article","@id":"https:\/\/elcomunista.org\/?p=5257#article","isPartOf":{"@id":"https:\/\/elcomunista.org\/?p=5257"},"author":{"name":"Alianza Nacional Contra la Privatizacion del Agua","@id":"https:\/\/elcomunista.org\/#\/schema\/person\/6041eacc416a8ce0ca972fe9a974e078"},"headline":"Comunicado: Organizaciones sociales nos declaramos en emergencia contra la privatizaci\u00f3n del agua","datePublished":"2019-03-19T15:43:59+00:00","dateModified":"2019-04-07T16:57:14+00:00","mainEntityOfPage":{"@id":"https:\/\/elcomunista.org\/?p=5257"},"wordCount":665,"commentCount":0,"publisher":{"@id":"https:\/\/elcomunista.org\/#organization"},"image":{"@id":"https:\/\/elcomunista.org\/?p=5257#primaryimage"},"thumbnailUrl":"https:\/\/elcomunista.org\/wp-content\/uploads\/2019\/03\/IMG-20190319-WA0008.jpg","articleSection":["Campa\u00f1a Contra la Privatizacion del Agua","Nacional","Pol\u00edtica"],"inLanguage":"es","potentialAction":[{"@type":"CommentAction","name":"Comment","target":["https:\/\/elcomunista.org\/?p=5257#respond"]}]},{"@type":"WebPage","@id":"https:\/\/elcomunista.org\/?p=5257","url":"https:\/\/elcomunista.org\/?p=5257","name":"Comunicado: Organizaciones sociales nos declaramos en emergencia contra la privatizaci\u00f3n del agua","isPartOf":{"@id":"https:\/\/elcomunista.org\/#website"},"primaryImageOfPage":{"@id":"https:\/\/elcomunista.org\/?p=5257#primaryimage"},"image":{"@id":"https:\/\/elcomunista.org\/?p=5257#primaryimage"},"thumbnailUrl":"https:\/\/elcomunista.org\/wp-content\/uploads\/2019\/03\/IMG-20190319-WA0008.jpg","datePublished":"2019-03-19T15:43:59+00:00","dateModified":"2019-04-07T16:57:14+00:00","breadcrumb":{"@id":"https:\/\/elcomunista.org\/?p=5257#breadcrumb"},"inLanguage":"es","potentialAction":[{"@type":"ReadAction","target":["https:\/\/elcomunista.org\/?p=5257"]}]},{"@type":"ImageObject","inLanguage":"es","@id":"https:\/\/elcomunista.org\/?p=5257#primaryimage","url":"https:\/\/elcomunista.org\/wp-content\/uploads\/2019\/03\/IMG-20190319-WA0008.jpg","contentUrl":"https:\/\/elcomunista.org\/wp-content\/uploads\/2019\/03\/IMG-20190319-WA0008.jpg","width":1280,"height":960},{"@type":"BreadcrumbList","@id":"https:\/\/elcomunista.org\/?p=5257#breadcrumb","itemListElement":[{"@type":"ListItem","position":1,"name":"Portada","item":"https:\/\/elcomunista.org\/"},{"@type":"ListItem","position":2,"name":"Comunicado: Organizaciones sociales nos declaramos en emergencia contra la privatizaci\u00f3n del agua"}]},{"@type":"WebSite","@id":"https:\/\/elcomunista.org\/#website","url":"https:\/\/elcomunista.org\/","name":"Revoluci\u00f3n Comunista","description":"Internacional Comunista Revolucionaria","publisher":{"@id":"https:\/\/elcomunista.org\/#organization"},"potentialAction":[{"@type":"SearchAction","target":{"@type":"EntryPoint","urlTemplate":"https:\/\/elcomunista.org\/?s={search_term_string}"},"query-input":{"@type":"PropertyValueSpecification","valueRequired":true,"valueName":"search_term_string"}}],"inLanguage":"es"},{"@type":"Organization","@id":"https:\/\/elcomunista.org\/#organization","name":"Bloque Popular Juvenil","url":"https:\/\/elcomunista.org\/","logo":{"@type":"ImageObject","inLanguage":"es","@id":"https:\/\/elcomunista.org\/#\/schema\/logo\/image\/","url":"https:\/\/bloquepopularjuvenil.org\/wp-content\/uploads\/2018\/11\/bpj-militante.jpg","contentUrl":"https:\/\/bloquepopularjuvenil.org\/wp-content\/uploads\/2018\/11\/bpj-militante.jpg","width":4000,"height":1390,"caption":"Bloque Popular Juvenil"},"image":{"@id":"https:\/\/elcomunista.org\/#\/schema\/logo\/image\/"},"sameAs":["https:\/\/www.facebook.com\/Bloquepopularjuvenil","https:\/\/x.com\/ElBPJ","https:\/\/www.instagram.com\/elbloque_bpj\/?hl=es-la"]},{"@type":"Person","@id":"https:\/\/elcomunista.org\/#\/schema\/person\/6041eacc416a8ce0ca972fe9a974e078","name":"Alianza Nacional Contra la Privatizacion del Agua","image":{"@type":"ImageObject","inLanguage":"es","@id":"https:\/\/elcomunista.org\/#\/schema\/person\/image\/","url":"https:\/\/secure.gravatar.com\/avatar\/32f378a4ab7bc4dd836a17eb0b016c8d?s=96&d=mm&r=g","contentUrl":"https:\/\/secure.gravatar.com\/avatar\/32f378a4ab7bc4dd836a17eb0b016c8d?s=96&d=mm&r=g","caption":"Alianza Nacional Contra la Privatizacion del Agua"},"url":"https:\/\/elcomunista.org\/?author=74"}]}},"jetpack_featured_media_url":"https:\/\/elcomunista.org\/wp-content\/uploads\/2019\/03\/IMG-20190319-WA0008.jpg","jetpack_likes_enabled":true,"jetpack_sharing_enabled":true,"_links":{"self":[{"href":"https:\/\/elcomunista.org\/index.php?rest_route=\/wp\/v2\/posts\/5257"}],"collection":[{"href":"https:\/\/elcomunista.org\/index.php?rest_route=\/wp\/v2\/posts"}],"about":[{"href":"https:\/\/elcomunista.org\/index.php?rest_route=\/wp\/v2\/types\/post"}],"author":[{"embeddable":true,"href":"https:\/\/elcomunista.org\/index.php?rest_route=\/wp\/v2\/users\/74"}],"replies":[{"embeddable":true,"href":"https:\/\/elcomunista.org\/index.php?rest_route=%2Fwp%2Fv2%2Fcomments&post=5257"}],"version-history":[{"count":0,"href":"https:\/\/elcomunista.org\/index.php?rest_route=\/wp\/v2\/posts\/5257\/revisions"}],"wp:featuredmedia":[{"embeddable":true,"href":"https:\/\/elcomunista.org\/index.php?rest_route=\/wp\/v2\/media\/5259"}],"wp:attachment":[{"href":"https:\/\/elcomunista.org\/index.php?rest_route=%2Fwp%2Fv2%2Fmedia&parent=5257"}],"wp:term":[{"taxonomy":"category","embeddable":true,"href":"https:\/\/elcomunista.org\/index.php?rest_route=%2Fwp%2Fv2%2Fcategories&post=5257"},{"taxonomy":"post_tag","embeddable":true,"href":"https:\/\/elcomunista.org\/index.php?rest_route=%2Fwp%2Fv2%2Ftags&post=5257"}],"curies":[{"name":"wp","href":"https:\/\/api.w.org\/{rel}","templated":true}]}}