{"id":5448,"date":"2019-04-23T09:02:48","date_gmt":"2019-04-23T15:02:48","guid":{"rendered":"http:\/\/bloquepopularjuvenil.org\/?p=5448"},"modified":"2019-04-23T09:02:48","modified_gmt":"2019-04-23T15:02:48","slug":"100-dias-de-gobierno-de-amlo-a-donde-va-la-cuarta-transformacion","status":"publish","type":"post","link":"https:\/\/elcomunista.org\/?p=5448","title":{"rendered":"100 d\u00edas de gobierno de AMLO \u00bfa d\u00f3nde va la cuarta transformaci\u00f3n?"},"content":{"rendered":"<p>Se han cumplido los primeros cien d\u00edas del gobierno de Andr\u00e9s Manuel L\u00f3pez Obrador, pese a que es relativamente poco tiempo, es el suficiente para saber los rasgos fundamentales de su administraci\u00f3n.<\/p>\n<h2>Poder, Estado y gobierno<\/h2>\n<p>En un r\u00e9gimen capitalista el poder real, reside en los grandes capitalistas, ellos son los que deciden qu\u00e9 y c\u00f3mo se va a producir. Tan solo los 16 hombres m\u00e1s ricos de M\u00e9xico poseen alrededor de 150 mil millones de d\u00f3lares, es decir el equivalente a poco m\u00e1s del 60% de presupuesto para este a\u00f1o. El 1% de la poblaci\u00f3n posee casi la mitad de toda la riqueza nacional. En suma, tienen el control de la econom\u00eda y es un poder no democr\u00e1tico, nadie vota por ellos y est\u00e1n donde est\u00e1n porque nacieron ricos o porque las tranzas a lo largo de sus vidas se los permiti\u00f3.<\/p>\n<p>Los supermillonarios deciden, pero para poder ejercer su dominio se requiere todo un andamiaje jur\u00eddico-pol\u00edtico que regule su dominio y que se torne invisible con reglas en las que formalmente cualquiera puede gobernar, pero preservando en realidad el estado de cosas para asegurar que se sigan enriqueciendo. Esta estructura jur\u00eddica, pol\u00edtica y represiva es el Estado.<\/p>\n<p>El Estado mexicano es capitalista porque defiende al capitalismo, puede asumir formas represivas o democr\u00e1ticas, dependiendo del grado de consenso que haya en la sociedad, pero nunca por s\u00ed mismo buscar\u00e1 modificar las relaciones de dominaci\u00f3n existentes.<\/p>\n<p>Como parte de las reglas del Estado est\u00e1 la renovaci\u00f3n de sus \u00f3rganos de gobierno: el poder ejecutivo y el legislativo. Las leyes est\u00e1n hechas para que estos \u00f3rganos se integren por los miembros de la elite, pero formalmente cualquiera podr\u00eda postularse.<\/p>\n<p>Cuando llega una revoluci\u00f3n las masas exigen participar del poder del Estado, tumban gobiernos, reconstruyen reglas, pero mientras no se cambien las relaciones econ\u00f3micas (y se construya un nuevo Estado con un car\u00e1cter de clase a favor de los trabajadores) la oligarqu\u00eda siempre terminar\u00e1 por asimilar a la nueva casta gobernante. Esto fue lo que pas\u00f3 con el PRI, el cual al final termin\u00f3 confundi\u00e9ndose con la derecha tradicional.<\/p>\n<p>En M\u00e9xico la asimilaci\u00f3n del gobierno a la burgues\u00eda se profundiz\u00f3 desde el sexenio de Miguel Alem\u00e1n, pero fue en el gobierno de Carlos Salinas cuando lleg\u00f3 a un punto c\u00faspide, desde entonces en su af\u00e1n por enriquecerse lo m\u00e1s r\u00e1pido posible transfieran el equivalente la cuarta parte del PIB a los actuales millonarios. Un proceso distinto, pero en esencia muy relacionado con lo que pas\u00f3 con el porfiriato.<\/p>\n<p>El proceso de depredaci\u00f3n de la gran burgues\u00eda se hizo a costa de destruir la legitimidad del Estado. Para el sexenio de Calder\u00f3n, luego de fraudes y despilfarros, el\u00a0<strong>Estado no ten\u00eda poder ni en territorios ni en la esfera econ\u00f3mica.<\/strong>\u00a0Ante esta situaci\u00f3n los grupos delincuenciales en todas las esferas asumieron el control. El capitalismo de compadres sustituy\u00f3 las reglas de control estatal por las de las mafias.<\/p>\n<h2>1 de diciembre de 2018, lleg\u00f3 el turno de las masas<\/h2>\n<p>Las masas trabajadoras, defendi\u00e9ndose instintivamente, han dado en esta fase hist\u00f3rica de m\u00e1s de treinta a\u00f1os una batalla permanente la cual tuvo un punto culminante el 1 de julio de 2018.<\/p>\n<p>Entonces tuvo lugar un raro acontecimiento, alguien que no formaba parte de la elite burguesa lleg\u00f3 al gobierno con 30 millones de votos. Esto fue un aut\u00e9ntico cataclismo para el sistema, dado que la gente opt\u00f3 por una alternativa que formalmente aparec\u00eda como contraria a todas las pol\u00edticas del llamado neoliberalismo.<\/p>\n<p>Andr\u00e9s Manuel L\u00f3pez Obrador avasall\u00f3 en las pasadas elecciones. Tanto en la c\u00e1mara de diputados como en la de senadores tiene mayor\u00eda, de tal modo que no necesita ceder a los chantajes de los partidos del viejo r\u00e9gimen.<\/p>\n<p>El movimiento fue tal que, a\u00fan hoy en d\u00eda, las masas no pierden ocasi\u00f3n para mostrar su repudio al PRI o al PAN abucheando a los gobernantes ah\u00ed donde se presenta AMLO.<\/p>\n<h2>Fin del monopolio informativo<\/h2>\n<p>Incluso los medios de comunicaci\u00f3n tradicionales se han visto rebasados por las redes sociales. Un ejemplo, el canal de youtube de noticieros televisa tiene uno 900 mil suscriptores, tan solo hay 10 distintos canales de simpatizantes de AMLO con la misma cantidad de suscriptores, con 100 mil o m\u00e1s vistas diarias mientras que los noticieros ya citados no pasan de 2 mil o 3 mil visitas.<\/p>\n<p>El control de la informaci\u00f3n que ten\u00edan las grandes televisoras y radiodifusoras se hizo pedazos. En este punto s\u00ed que las fuerzas productivas han desbordado las relaciones de producci\u00f3n. Pero esto es solo un aspecto de la nueva situaci\u00f3n.<\/p>\n<h2>La batalla por un nuevo sindicalismo<\/h2>\n<p>Las masas quieren un cambio y lo expresan en todos los campos, ejemplo de ello es el movimiento sindical, el cual se desat\u00f3 de manera desbordante en la frontera norte, especialmente en Matamoros, ante el anuncio de AMLO de aumentar el salario m\u00ednimo. R\u00e1pidamente las masas rebasaron a los sindicatos tradicionales y estallaron huelgas, unas legales y otras no, logrando en la mayor\u00eda de los casos importantes triunfos como los aumentos salariales del 20%, imposibles de alcanzar en 30 a\u00f1os con la excepci\u00f3n de los obreros del sindicato minero que, por su posici\u00f3n estrat\u00e9gica y combatividad, han conseguido aumentos semejantes a pesar de la persecuci\u00f3n a su dirigente.<\/p>\n<p>En este punto hay que aclarar que el triunfo de los trabajadores de Matamoros es producto del actual ambiente de lucha de clases. Es un ejemplo de la combatividad proletaria, es una victoria exclusivamente de los trabajadores dado que el propio gobierno de AMLO hubiera preferido evitar la lucha con el fin de quedar bien con los empresarios.<\/p>\n<p>Ahora los trabajadores enfrentan represi\u00f3n patronal en la forma de despidos, pero el proletariado de la frontera no se amedrenta, va por m\u00e1s. Ahora que el gobierno de AMLO dice que debe haber democracia sindical se desatar\u00e1 una lucha por construir sindicatos que sustituyan a los cascajos de la CTM y cong\u00e9neres. Esto se har\u00e1 con la anuencia del gobierno o sin ella. Se trata de un proceso cuyos primeros momentos han vivido en estos cien d\u00edas pero que tiende a generalizarse a nivel nacional.<\/p>\n<h2>Luchas regionales<\/h2>\n<p>En lo que se refiere a otros sectores sociales es importante recalcar el sentimiento de confianza de las masas y lo mejor es que por el momento no est\u00e1n supeditadas a la voluntad del nuevo gobierno. Este es el caso de asuntos como el de la termoel\u00e9ctrica en el estado de Morelos, la cual se construy\u00f3 en contra de la voluntad de los pobladores y hasta ahora mantienen una batalla por evitar su puesta en funcionamiento.<\/p>\n<p>Algo similar sucede en el caso de proyectos como la mina de oro en Baja California, la cual se tuvo que cancelar ante el clamor de las masas y probablemente veamos escenarios de lucha de clases en el marco de proyectos como los del Istmo de Tehuantepec y el tren maya. En todos estos casos el camino es la lucha, la organizaci\u00f3n y movilizaci\u00f3n independiente, las propuestas del gobierno se tienen que confrontar con la voluntad de las masas en pueblos y regiones, todo esto sin simulaciones.<\/p>\n<h2>Los derechos de la mujer<\/h2>\n<p>Otro tanto sucede con luchas como la de la mujer, en este punto podemos ver se\u00f1ales dis\u00edmbolas en el gobierno. Est\u00e1 claro que no habr\u00e1 una iniciativa para hacer nacional el derecho al aborto que incluya su atenci\u00f3n en los servicios de salud, como es en la ciudad de M\u00e9xico. Ser\u00e1 necesaria una campa\u00f1a de movilizaciones masivas, especialmente en las zonas m\u00e1s retrogradas como Guanajuato y Nuevo Le\u00f3n.<\/p>\n<p>Lo mismo pasa con la lucha contra el feminicidio y por la aut\u00e9ntica igualdad de la mujer, en estos temas la lucha va primero, la organizaci\u00f3n desde abajo y el combate sistem\u00e1tico y sist\u00e9mico es imprescindible. No se trata de un problema de gesti\u00f3n de gobierno sino de una sociedad que el capitalismo ha enfermado y de la que emanan por todos sus poros racismo, sexismo y violencia contra los m\u00e1s d\u00e9biles. Estas batallas no se pueden dejar para un futuro indeterminado, se deben librar ya, dado que hay vidas que, en estos momentos, se est\u00e1n perdiendo y no hay tiempo que perder. Sin dejar de perder de vista que la sociedad capitalista har\u00e1 renacer todas estas lacras mientras exista.<\/p>\n<p>En suma, las masas est\u00e1n en el plan de tomar sus destinos en sus manos. Si es con AMLO que bueno, pero luchar\u00e1n con o sin \u00e9l.<\/p>\n<h2>La Guardia Nacional<\/h2>\n<p>La violencia es tambi\u00e9n una dimensi\u00f3n del problema del capitalismo actual. La reacci\u00f3n del presidente ha sido la de crear una nueva fuerza militar que llegar\u00e1 a tener 80 mil integrantes lo cual, en suma, significa una forma de militarizaci\u00f3n. La iniciativa es vista con simpat\u00eda por la absoluta mayor\u00eda de la poblaci\u00f3n, dado que suena como una acci\u00f3n m\u00e1s all\u00e1 de las palabras y de los actos escenogr\u00e1ficos de anteriores gobiernos. Por supuesto es muy natural la reacci\u00f3n de amplios sectores de las masas que se sent\u00edan abandonados. Es probable que a la larga veamos alg\u00fan efecto en la detenci\u00f3n de criminales, pero lo que realmente es un asunto preocupante es la creaci\u00f3n de un cuerpo de hombres armados que, al estar aislado de las masas, se pueda utilizar en su contra en este o en alg\u00fan otro gobierno. Como se\u00f1alaba Marx, criticando a la asamblea nacional francesa en tiempos de Luis Bonaparte cuando esta fue disuelta a manos de las fuerzas armadas que ella misma cre\u00f3. Por esto mismo tanto el PRI como el PAN al final dieron su visto bueno, tal vez en su mente pueda pasar la idea \u201cquien sabe, tal vez a nosotros nos toque utilizar esta guardia nacional para aplastar al Lopezobradorismo\u201d.<\/p>\n<p>Ante ello la alternativa tampoco es cantarles canciones de paz y amor a los delincuentes, sino el armamento del pueblo en forma de milicias locales, electas en asambleas populares y con revocabilidad y vigilancia de la misma poblaci\u00f3n, una fuerza armada no de 80 mil, sino de dos o tres millones, un aut\u00e9ntico pueblo en armas.<\/p>\n<h2>\u00bfC\u00f3mo combatir al neoliberalismo?<\/h2>\n<p>No hay duda que AMLO es genuinamente una persona bien intencionada. Ha se\u00f1alado, en repetidas ocasiones, que es necesario superar al neoliberalismo al cual identifica con la corrupci\u00f3n y con la utilizaci\u00f3n de los cargos gubernamentales para crear fortunas. Es decir, la funci\u00f3n del poder econ\u00f3mico y el poder pol\u00edtico. En vez de emplear al Estado para fortalecer a la oligarqu\u00eda lo que pretende AMLO es utilizar al Estado para distribuir la riqueza en beneficio de los m\u00e1s pobres, con apoyos que pueden ir de 800 a 6mil pesos, dependiendo de los casos. Por supuesto no hay nadie que se oponga a que los pobres mejoren sus ingresos con excepci\u00f3n de los oligarcas, que por supuesto consideran un pecado mortal desperdiciar el dinero \u201cregal\u00e1ndolo\u201d a los pobres, cuando bien podr\u00eda seguir \u201cregal\u00e1ndolo\u201d a los ricos como es la tradici\u00f3n en M\u00e9xico.<\/p>\n<p>Para decirlo en otras palabras, AMLO pretende pasar de un gobierno centrado en los ricos a uno centrado en los pobres. Los apoyos a 8 millones de adultos mayores y 10 millones de estudiantes de bachillerato son solo un bot\u00f3n de muestra de ello. Para financiar esta inversi\u00f3n social pretende enfrentar otro de los elementos que \u00e9l considera neoliberalismo: la corrupci\u00f3n.<\/p>\n<p>Cuando se trata de cualquier problema econ\u00f3mico parece que solo hay una respuesta por parte del nuevo gobierno: \u201ccombatir la corrupci\u00f3n\u201d. Por supuesto, hay bastante de raz\u00f3n en ello. Supongamos que la lucha contra la corrupci\u00f3n tiene \u00e9xito, que \u201ctodos nos portamos bien\u201d y se consiguen ahorros y un presupuesto de 500 mil millones de pesos para distribuir a los pobres anualmente. Supongamos que estos suman 60 millones, esto dar\u00eda unos 8400 pesos al a\u00f1o para cada uno. Es un buen dinero, sin duda, pero nada comparable a un empleo de 144 mil pesos que se requieren anualmente para comprar la canasta b\u00e1sica.<\/p>\n<p>En suma, a\u00fan si son exitosos los programas del nuevo gobierno se quedar\u00eda a\u00fan muy corto de abatir realmente la pobreza, los apoyos son sensacionales y marcan una diferencia con respecto a los gobiernos del PRI y del PAN, pero no son suficientes para abatir la pobreza.<\/p>\n<p>Pese a todo, las masas ven con un optimismo que los \u201cexpertos\u201d burgueses no pueden entender que el indicador de Confianza del Consumidor (ICC) alcanz\u00f3 48.81, el nivel m\u00e1s alto de toda la historia (El Sol de M\u00e9xico 6\/III\/19).<\/p>\n<p>Otros indicadores ayudan a una percepci\u00f3n optimista, entre ellos que la inflaci\u00f3n (3.9 anualizada) tambi\u00e9n es una de las m\u00e1s bajas en 5 a\u00f1os y para acabarla el d\u00f3lar promedia 19 d\u00f3lares mientras que hace 100 d\u00edas superaba los 20 pesos.<\/p>\n<h2>Turbulencia internacional<\/h2>\n<p>Por supuesto las razones de esta circunstancia se deben a factores externos como el hecho de que Donald Trump est\u00e1 dedicando a destruir los acuerdos comerciales con todo el mundo: Rusia, Turqu\u00eda, India, Uni\u00f3n Europea, pero especialmente con China con quien vive una aut\u00e9ntica guerra comercial. Esto ha llevado a la administraci\u00f3n Trump a mantener una relativa poca presi\u00f3n contra M\u00e9xico, lo que genera en el corto plazo un escenario relativamente ventajoso para el comercio exterior mexicano el cual a\u00fan tiene un tratado vigente.<\/p>\n<p>La econom\u00eda mundial camina rumbo al colapso del d\u00f3lar, no obstante, este proceso a\u00fan puede tardar y mientras esto sucede la econom\u00eda mexicana sobrevive nadando de a muertito ante la turbulencia internacional. No obstante, cuando la crisis internacional estalle no habr\u00e1 escudo que nos proteja.<\/p>\n<h2>El grillete de la deuda<\/h2>\n<p>No se ha recurrido ni a la impresi\u00f3n de billetes ni al endeudamiento. Esto \u00faltimo ha enfurecido a los bancos norteamericanos los cuales, como si fueran vampiros, viven de succionar la sangre de pa\u00edses enteros por la v\u00eda de intereses de deudas impagables. En eso Pe\u00f1a era todo un h\u00e9roe para los bancos gringos ya que llev\u00f3 a un endeudamiento total, interno y externo, del 30% del PIB al 50% en la actualidad, haci\u00e9ndoles ganar millonadas. Tan solo en Pemex contrat\u00f3 deuda por casi 100 mil millones de d\u00f3lares, por ello les ha dolido tanto que AMLO se\u00f1ale que no habr\u00e1 m\u00e1s pr\u00e9stamos. Aun as\u00ed, la deuda mexicana no se compara, por ejemplo, con la deuda gringa que es de un 104% del PIB o pa\u00edses como Alemania con un 70% del PIB, Italia con un 135 % o m\u00e1s de 200% en el caso de China.<\/p>\n<p>Como hemos dicho en otras ocasiones, la deuda es uno de los mecanismos que la burgues\u00eda tiene para succionar la riqueza de los trabajadores sin crear un centavo de valor as\u00ed que el ponerle l\u00edmites es algo bueno como tambi\u00e9n lo es el no incurrir al d\u00e9ficit y la idea de que los gastos del Estado se pueden reducir sin que ello implique una reducci\u00f3n al gasto social. No obstante, ni a\u00fan con estas medidas se cambia la estructura de poder real de M\u00e9xico.<\/p>\n<h2>Inversi\u00f3n y desarrollo<\/h2>\n<p>L\u00f3pez Obrador tiene raz\u00f3n cuando dice que el neoliberalismo es corrupci\u00f3n, pero esta no es la escancia del mismo. Si observamos la estructura econ\u00f3mica del pa\u00eds en 1982 y la comparamos con la del 2018 encontramos las claves de este modelo econ\u00f3mico y cu\u00e1les podr\u00edan ser las v\u00edas para romper con \u00e9l.<\/p>\n<p>En M\u00e9xico, la inversi\u00f3n total en 1981 era de alrededor del 30% el PIB. De ella casi un 11% era p\u00fablica (Cuamatzin, 2006); para 2017 era del 22%, de ella el 19% era privada y el 3% del gobierno. Dicho en otras palabras el \u201cneoliberalismo\u201d ha significado una reducci\u00f3n relativa del 8% del PIB de la inversi\u00f3n p\u00fablica, sin que ello haya significado que los capitalistas privados inviertan m\u00e1s, de hecho hay un efecto contrario. La burgues\u00eda no fue capaz de desarrollar la econom\u00eda ni cuando el Estado se borr\u00f3 casi del mapa.<\/p>\n<p>Mientras no se revierta esta composici\u00f3n tendremos un gobierno que critica al neoliberalismo pero que en los hechos lo administra. La \u00fanica manera de comenzar a revertir esto ser\u00eda expropiando a los ricos de Forbes y poniendo empresas, bancos y organismos financieros bajo el control democr\u00e1tico de los trabajadores. Algunos dir\u00e1n que los capitalistas est\u00e1n vinculados internacionalmente y ya no tendr\u00edamos pr\u00e9stamos. Nosotros decimos que de hecho se tendr\u00eda que desconocer la deuda del gobierno, declararla ileg\u00edtima, en suma no pagarla. As\u00ed si tendr\u00edamos recursos para el desarrollo, as\u00ed si se acabar\u00eda el neoliberalismo. Seguramente los trabajadores norteamericanos ver\u00edan con simpat\u00eda eso de desconocer la deuda nacional, algunos dir\u00edan que para eso ser\u00eda necesaria una revoluci\u00f3n en Estados Unidos, nosotros decimos, \u201cbueno s\u00ed, esa es la idea\u201d. La cuarta transformaci\u00f3n no debe conocer fronteras.<\/p>\n<h2>Sistemas de pensiones<\/h2>\n<p>En pr\u00e1cticamente todos los rubros de la econom\u00eda se tiene condiciones similares. Los \u00faltimos 30 a\u00f1os de reformas han generado un esquema de reproducci\u00f3n capitalista que se alimenta a s\u00ed mismo a costa de la miseria de las masas y que debe ser destruido o de lo contrario el gobierno terminar\u00e1 sirvi\u00e9ndole.<\/p>\n<p>Pongamos un ejemplo m\u00e1s, la esencia de los sistemas de pensiones, los cuales fueron privatizados entre 1997 (IMSS) y 2007 (ISSSTE), es que las pensiones no est\u00e1n garantizadas. El trabajador recibir\u00e1 lo que bien o mal logre ahorrar. Las administradoras de fondos, mientras tanto, jinetean el dinero y ganan comisiones ya sea que los fondos suban o bajen. Un aut\u00e9ntico atraco que significa que el estado se deshace de la responsabilidad de otorgar una pensi\u00f3n al trabajador. La propuesta que hace la administraci\u00f3n de AMLO no es renacionalizarlas, sino ampliar sus facultades de inversi\u00f3n manteniendo su esencia. A la larga esto significar\u00e1 una fuente de conflictos sociales de proporciones monstruosas. Por el momento estos problemas no son evidentes, dado que ser\u00e1 hasta mediados de la pr\u00f3xima d\u00e9cada cuando al pensionarse los trabajadores se den cuenta que no tienen nada. En este punto no basta con no ser corrupto, hay que renacionalizar los sistemas, construir una administradora estatal, que sea fuente de inversi\u00f3n productiva con pensiones garantizadas, eso s\u00ed ser\u00eda superar al \u201cneoliberalismo\u201d.<\/p>\n<h2>Ni un paso atr\u00e1s<\/h2>\n<p>AMLO destaca que es importante arribar a la armon\u00eda social como mecanismo para que la cuarta transformaci\u00f3n se consolide. Nosotros consideramos que la armon\u00eda social es un fin no un medio. Cuando la explotaci\u00f3n y la violencia terminen, entonces habr\u00e1 espacio para la armon\u00eda. Mientras tanto no se puede apelar a la paciencia del pueblo, todo lo contrario. Si hay algo positivo en esta situaci\u00f3n es que se abre el espacio para liberar la lucha de clases en contra de las clases explotadoras.<\/p>\n<p>Morena no es un organismo de control social como lo fue el PRI, no tiene mecanismos ni fuerza para someter una sola directiva del movimiento sindical, campesino o incluso juvenil. Esta es una ventaja que debe ser aprovechada para no ponerle l\u00edmites a la lucha de todos los sectores.<\/p>\n<p>El enemigo principal es la burgues\u00eda y el imperialismo, mientras las masas asuman la iniciativa ser\u00e1 posible avanzar en las reivindicaciones del pueblo, y estos 100 d\u00edas del gobierno de AMLO demuestran que los verdaderos conflictos apenas se est\u00e1n perfilando.<\/p>\n","protected":false},"excerpt":{"rendered":"<p>Se han cumplido los primeros cien d\u00edas del gobierno de Andr\u00e9s Manuel L\u00f3pez Obrador, pese a que es relativamente poco tiempo, es el suficiente para saber los rasgos fundamentales de su administraci\u00f3n. Poder, Estado y gobierno En un r\u00e9gimen capitalista el poder real, reside en los grandes capitalistas, ellos son los que deciden qu\u00e9 y&#8230;<\/p>\n","protected":false},"author":89,"featured_media":5449,"comment_status":"open","ping_status":"open","sticky":false,"template":"","format":"standard","meta":{"_monsterinsights_skip_tracking":false,"_monsterinsights_sitenote_active":false,"_monsterinsights_sitenote_note":"","_monsterinsights_sitenote_category":0,"_uf_show_specific_survey":0,"_uf_disable_surveys":false,"_jetpack_memberships_contains_paid_content":false,"footnotes":""},"categories":[13,29,537],"tags":[727,272,570],"class_list":["post-5448","post","type-post","status-publish","format-standard","has-post-thumbnail","hentry","category-internacional","category-mexico","category-principales","tag-100-dias","tag-amlo","tag-cuarta-transformacion"],"aioseo_notices":[],"yoast_head":"<!-- This site is optimized with the Yoast SEO plugin v25.6 - https:\/\/yoast.com\/wordpress\/plugins\/seo\/ -->\n<title>100 d\u00edas de gobierno de AMLO \u00bfa d\u00f3nde va la cuarta transformaci\u00f3n?<\/title>\n<meta name=\"robots\" content=\"index, follow, max-snippet:-1, max-image-preview:large, max-video-preview:-1\" \/>\n<link rel=\"canonical\" href=\"https:\/\/elcomunista.org\/?p=5448\" \/>\n<meta property=\"og:locale\" content=\"es_ES\" \/>\n<meta property=\"og:type\" content=\"article\" \/>\n<meta property=\"og:title\" content=\"100 d\u00edas de gobierno de AMLO \u00bfa d\u00f3nde va la cuarta transformaci\u00f3n?\" \/>\n<meta property=\"og:description\" content=\"Se han cumplido los primeros cien d\u00edas del gobierno de Andr\u00e9s Manuel L\u00f3pez Obrador, pese a que es relativamente poco tiempo, es el suficiente para saber los rasgos fundamentales de su administraci\u00f3n. Poder, Estado y gobierno En un r\u00e9gimen capitalista el poder real, reside en los grandes capitalistas, ellos son los que deciden qu\u00e9 y...\" \/>\n<meta property=\"og:url\" content=\"https:\/\/elcomunista.org\/?p=5448\" \/>\n<meta property=\"og:site_name\" content=\"Revoluci\u00f3n Comunista\" \/>\n<meta property=\"article:publisher\" content=\"https:\/\/www.facebook.com\/Bloquepopularjuvenil\" \/>\n<meta property=\"article:published_time\" content=\"2019-04-23T15:02:48+00:00\" \/>\n<meta property=\"og:image\" content=\"https:\/\/elcomunista.org\/wp-content\/uploads\/2019\/04\/4120bc5ee541cfea80934b7abd76a5ca_w700_h500.jpeg\" \/>\n\t<meta property=\"og:image:width\" content=\"700\" \/>\n\t<meta property=\"og:image:height\" content=\"489\" \/>\n\t<meta property=\"og:image:type\" content=\"image\/jpeg\" \/>\n<meta name=\"author\" content=\"La Izquierda Socialista\" \/>\n<meta name=\"twitter:card\" content=\"summary_large_image\" \/>\n<meta name=\"twitter:creator\" content=\"@ElBPJ\" \/>\n<meta name=\"twitter:site\" content=\"@ElBPJ\" \/>\n<meta name=\"twitter:label1\" content=\"Escrito por\" \/>\n\t<meta name=\"twitter:data1\" content=\"La Izquierda Socialista\" \/>\n\t<meta name=\"twitter:label2\" content=\"Tiempo de lectura\" \/>\n\t<meta name=\"twitter:data2\" content=\"17 minutos\" \/>\n<script type=\"application\/ld+json\" class=\"yoast-schema-graph\">{\"@context\":\"https:\/\/schema.org\",\"@graph\":[{\"@type\":\"Article\",\"@id\":\"https:\/\/elcomunista.org\/?p=5448#article\",\"isPartOf\":{\"@id\":\"https:\/\/elcomunista.org\/?p=5448\"},\"author\":{\"name\":\"La Izquierda Socialista\",\"@id\":\"https:\/\/elcomunista.org\/#\/schema\/person\/0dfa162ed021b50f72638952dfbe60cf\"},\"headline\":\"100 d\u00edas de gobierno de AMLO \u00bfa d\u00f3nde va la cuarta transformaci\u00f3n?\",\"datePublished\":\"2019-04-23T15:02:48+00:00\",\"mainEntityOfPage\":{\"@id\":\"https:\/\/elcomunista.org\/?p=5448\"},\"wordCount\":3361,\"commentCount\":0,\"publisher\":{\"@id\":\"https:\/\/elcomunista.org\/#organization\"},\"image\":{\"@id\":\"https:\/\/elcomunista.org\/?p=5448#primaryimage\"},\"thumbnailUrl\":\"https:\/\/elcomunista.org\/wp-content\/uploads\/2019\/04\/4120bc5ee541cfea80934b7abd76a5ca_w700_h500.jpeg\",\"keywords\":[\"100 d\u00edas\",\"AMLO\",\"Cuarta Transformaci\u00f3n\"],\"articleSection\":[\"Internacional\",\"M\u00e9xico\",\"Principales\"],\"inLanguage\":\"es\",\"potentialAction\":[{\"@type\":\"CommentAction\",\"name\":\"Comment\",\"target\":[\"https:\/\/elcomunista.org\/?p=5448#respond\"]}]},{\"@type\":\"WebPage\",\"@id\":\"https:\/\/elcomunista.org\/?p=5448\",\"url\":\"https:\/\/elcomunista.org\/?p=5448\",\"name\":\"100 d\u00edas de gobierno de AMLO \u00bfa d\u00f3nde va la cuarta transformaci\u00f3n?\",\"isPartOf\":{\"@id\":\"https:\/\/elcomunista.org\/#website\"},\"primaryImageOfPage\":{\"@id\":\"https:\/\/elcomunista.org\/?p=5448#primaryimage\"},\"image\":{\"@id\":\"https:\/\/elcomunista.org\/?p=5448#primaryimage\"},\"thumbnailUrl\":\"https:\/\/elcomunista.org\/wp-content\/uploads\/2019\/04\/4120bc5ee541cfea80934b7abd76a5ca_w700_h500.jpeg\",\"datePublished\":\"2019-04-23T15:02:48+00:00\",\"breadcrumb\":{\"@id\":\"https:\/\/elcomunista.org\/?p=5448#breadcrumb\"},\"inLanguage\":\"es\",\"potentialAction\":[{\"@type\":\"ReadAction\",\"target\":[\"https:\/\/elcomunista.org\/?p=5448\"]}]},{\"@type\":\"ImageObject\",\"inLanguage\":\"es\",\"@id\":\"https:\/\/elcomunista.org\/?p=5448#primaryimage\",\"url\":\"https:\/\/elcomunista.org\/wp-content\/uploads\/2019\/04\/4120bc5ee541cfea80934b7abd76a5ca_w700_h500.jpeg\",\"contentUrl\":\"https:\/\/elcomunista.org\/wp-content\/uploads\/2019\/04\/4120bc5ee541cfea80934b7abd76a5ca_w700_h500.jpeg\",\"width\":700,\"height\":489},{\"@type\":\"BreadcrumbList\",\"@id\":\"https:\/\/elcomunista.org\/?p=5448#breadcrumb\",\"itemListElement\":[{\"@type\":\"ListItem\",\"position\":1,\"name\":\"Portada\",\"item\":\"https:\/\/elcomunista.org\/\"},{\"@type\":\"ListItem\",\"position\":2,\"name\":\"100 d\u00edas de gobierno de AMLO \u00bfa d\u00f3nde va la cuarta transformaci\u00f3n?\"}]},{\"@type\":\"WebSite\",\"@id\":\"https:\/\/elcomunista.org\/#website\",\"url\":\"https:\/\/elcomunista.org\/\",\"name\":\"Revoluci\u00f3n Comunista\",\"description\":\"Internacional Comunista Revolucionaria\",\"publisher\":{\"@id\":\"https:\/\/elcomunista.org\/#organization\"},\"potentialAction\":[{\"@type\":\"SearchAction\",\"target\":{\"@type\":\"EntryPoint\",\"urlTemplate\":\"https:\/\/elcomunista.org\/?s={search_term_string}\"},\"query-input\":{\"@type\":\"PropertyValueSpecification\",\"valueRequired\":true,\"valueName\":\"search_term_string\"}}],\"inLanguage\":\"es\"},{\"@type\":\"Organization\",\"@id\":\"https:\/\/elcomunista.org\/#organization\",\"name\":\"Bloque Popular Juvenil\",\"url\":\"https:\/\/elcomunista.org\/\",\"logo\":{\"@type\":\"ImageObject\",\"inLanguage\":\"es\",\"@id\":\"https:\/\/elcomunista.org\/#\/schema\/logo\/image\/\",\"url\":\"https:\/\/bloquepopularjuvenil.org\/wp-content\/uploads\/2018\/11\/bpj-militante.jpg\",\"contentUrl\":\"https:\/\/bloquepopularjuvenil.org\/wp-content\/uploads\/2018\/11\/bpj-militante.jpg\",\"width\":4000,\"height\":1390,\"caption\":\"Bloque Popular Juvenil\"},\"image\":{\"@id\":\"https:\/\/elcomunista.org\/#\/schema\/logo\/image\/\"},\"sameAs\":[\"https:\/\/www.facebook.com\/Bloquepopularjuvenil\",\"https:\/\/x.com\/ElBPJ\",\"https:\/\/www.instagram.com\/elbloque_bpj\/?hl=es-la\"]},{\"@type\":\"Person\",\"@id\":\"https:\/\/elcomunista.org\/#\/schema\/person\/0dfa162ed021b50f72638952dfbe60cf\",\"name\":\"La Izquierda Socialista\",\"image\":{\"@type\":\"ImageObject\",\"inLanguage\":\"es\",\"@id\":\"https:\/\/elcomunista.org\/#\/schema\/person\/image\/\",\"url\":\"https:\/\/secure.gravatar.com\/avatar\/a66eb4468c31f5b52b4931cc8211b329?s=96&d=mm&r=g\",\"contentUrl\":\"https:\/\/secure.gravatar.com\/avatar\/a66eb4468c31f5b52b4931cc8211b329?s=96&d=mm&r=g\",\"caption\":\"La Izquierda Socialista\"},\"url\":\"https:\/\/elcomunista.org\/?author=89\"}]}<\/script>\n<!-- \/ Yoast SEO plugin. -->","yoast_head_json":{"title":"100 d\u00edas de gobierno de AMLO \u00bfa d\u00f3nde va la cuarta transformaci\u00f3n?","robots":{"index":"index","follow":"follow","max-snippet":"max-snippet:-1","max-image-preview":"max-image-preview:large","max-video-preview":"max-video-preview:-1"},"canonical":"https:\/\/elcomunista.org\/?p=5448","og_locale":"es_ES","og_type":"article","og_title":"100 d\u00edas de gobierno de AMLO \u00bfa d\u00f3nde va la cuarta transformaci\u00f3n?","og_description":"Se han cumplido los primeros cien d\u00edas del gobierno de Andr\u00e9s Manuel L\u00f3pez Obrador, pese a que es relativamente poco tiempo, es el suficiente para saber los rasgos fundamentales de su administraci\u00f3n. Poder, Estado y gobierno En un r\u00e9gimen capitalista el poder real, reside en los grandes capitalistas, ellos son los que deciden qu\u00e9 y...","og_url":"https:\/\/elcomunista.org\/?p=5448","og_site_name":"Revoluci\u00f3n Comunista","article_publisher":"https:\/\/www.facebook.com\/Bloquepopularjuvenil","article_published_time":"2019-04-23T15:02:48+00:00","og_image":[{"width":700,"height":489,"url":"https:\/\/elcomunista.org\/wp-content\/uploads\/2019\/04\/4120bc5ee541cfea80934b7abd76a5ca_w700_h500.jpeg","type":"image\/jpeg"}],"author":"La Izquierda Socialista","twitter_card":"summary_large_image","twitter_creator":"@ElBPJ","twitter_site":"@ElBPJ","twitter_misc":{"Escrito por":"La Izquierda Socialista","Tiempo de lectura":"17 minutos"},"schema":{"@context":"https:\/\/schema.org","@graph":[{"@type":"Article","@id":"https:\/\/elcomunista.org\/?p=5448#article","isPartOf":{"@id":"https:\/\/elcomunista.org\/?p=5448"},"author":{"name":"La Izquierda Socialista","@id":"https:\/\/elcomunista.org\/#\/schema\/person\/0dfa162ed021b50f72638952dfbe60cf"},"headline":"100 d\u00edas de gobierno de AMLO \u00bfa d\u00f3nde va la cuarta transformaci\u00f3n?","datePublished":"2019-04-23T15:02:48+00:00","mainEntityOfPage":{"@id":"https:\/\/elcomunista.org\/?p=5448"},"wordCount":3361,"commentCount":0,"publisher":{"@id":"https:\/\/elcomunista.org\/#organization"},"image":{"@id":"https:\/\/elcomunista.org\/?p=5448#primaryimage"},"thumbnailUrl":"https:\/\/elcomunista.org\/wp-content\/uploads\/2019\/04\/4120bc5ee541cfea80934b7abd76a5ca_w700_h500.jpeg","keywords":["100 d\u00edas","AMLO","Cuarta Transformaci\u00f3n"],"articleSection":["Internacional","M\u00e9xico","Principales"],"inLanguage":"es","potentialAction":[{"@type":"CommentAction","name":"Comment","target":["https:\/\/elcomunista.org\/?p=5448#respond"]}]},{"@type":"WebPage","@id":"https:\/\/elcomunista.org\/?p=5448","url":"https:\/\/elcomunista.org\/?p=5448","name":"100 d\u00edas de gobierno de AMLO \u00bfa d\u00f3nde va la cuarta transformaci\u00f3n?","isPartOf":{"@id":"https:\/\/elcomunista.org\/#website"},"primaryImageOfPage":{"@id":"https:\/\/elcomunista.org\/?p=5448#primaryimage"},"image":{"@id":"https:\/\/elcomunista.org\/?p=5448#primaryimage"},"thumbnailUrl":"https:\/\/elcomunista.org\/wp-content\/uploads\/2019\/04\/4120bc5ee541cfea80934b7abd76a5ca_w700_h500.jpeg","datePublished":"2019-04-23T15:02:48+00:00","breadcrumb":{"@id":"https:\/\/elcomunista.org\/?p=5448#breadcrumb"},"inLanguage":"es","potentialAction":[{"@type":"ReadAction","target":["https:\/\/elcomunista.org\/?p=5448"]}]},{"@type":"ImageObject","inLanguage":"es","@id":"https:\/\/elcomunista.org\/?p=5448#primaryimage","url":"https:\/\/elcomunista.org\/wp-content\/uploads\/2019\/04\/4120bc5ee541cfea80934b7abd76a5ca_w700_h500.jpeg","contentUrl":"https:\/\/elcomunista.org\/wp-content\/uploads\/2019\/04\/4120bc5ee541cfea80934b7abd76a5ca_w700_h500.jpeg","width":700,"height":489},{"@type":"BreadcrumbList","@id":"https:\/\/elcomunista.org\/?p=5448#breadcrumb","itemListElement":[{"@type":"ListItem","position":1,"name":"Portada","item":"https:\/\/elcomunista.org\/"},{"@type":"ListItem","position":2,"name":"100 d\u00edas de gobierno de AMLO \u00bfa d\u00f3nde va la cuarta transformaci\u00f3n?"}]},{"@type":"WebSite","@id":"https:\/\/elcomunista.org\/#website","url":"https:\/\/elcomunista.org\/","name":"Revoluci\u00f3n Comunista","description":"Internacional Comunista Revolucionaria","publisher":{"@id":"https:\/\/elcomunista.org\/#organization"},"potentialAction":[{"@type":"SearchAction","target":{"@type":"EntryPoint","urlTemplate":"https:\/\/elcomunista.org\/?s={search_term_string}"},"query-input":{"@type":"PropertyValueSpecification","valueRequired":true,"valueName":"search_term_string"}}],"inLanguage":"es"},{"@type":"Organization","@id":"https:\/\/elcomunista.org\/#organization","name":"Bloque Popular Juvenil","url":"https:\/\/elcomunista.org\/","logo":{"@type":"ImageObject","inLanguage":"es","@id":"https:\/\/elcomunista.org\/#\/schema\/logo\/image\/","url":"https:\/\/bloquepopularjuvenil.org\/wp-content\/uploads\/2018\/11\/bpj-militante.jpg","contentUrl":"https:\/\/bloquepopularjuvenil.org\/wp-content\/uploads\/2018\/11\/bpj-militante.jpg","width":4000,"height":1390,"caption":"Bloque Popular Juvenil"},"image":{"@id":"https:\/\/elcomunista.org\/#\/schema\/logo\/image\/"},"sameAs":["https:\/\/www.facebook.com\/Bloquepopularjuvenil","https:\/\/x.com\/ElBPJ","https:\/\/www.instagram.com\/elbloque_bpj\/?hl=es-la"]},{"@type":"Person","@id":"https:\/\/elcomunista.org\/#\/schema\/person\/0dfa162ed021b50f72638952dfbe60cf","name":"La Izquierda Socialista","image":{"@type":"ImageObject","inLanguage":"es","@id":"https:\/\/elcomunista.org\/#\/schema\/person\/image\/","url":"https:\/\/secure.gravatar.com\/avatar\/a66eb4468c31f5b52b4931cc8211b329?s=96&d=mm&r=g","contentUrl":"https:\/\/secure.gravatar.com\/avatar\/a66eb4468c31f5b52b4931cc8211b329?s=96&d=mm&r=g","caption":"La Izquierda Socialista"},"url":"https:\/\/elcomunista.org\/?author=89"}]}},"jetpack_featured_media_url":"https:\/\/elcomunista.org\/wp-content\/uploads\/2019\/04\/4120bc5ee541cfea80934b7abd76a5ca_w700_h500.jpeg","jetpack_likes_enabled":true,"jetpack_sharing_enabled":true,"_links":{"self":[{"href":"https:\/\/elcomunista.org\/index.php?rest_route=\/wp\/v2\/posts\/5448"}],"collection":[{"href":"https:\/\/elcomunista.org\/index.php?rest_route=\/wp\/v2\/posts"}],"about":[{"href":"https:\/\/elcomunista.org\/index.php?rest_route=\/wp\/v2\/types\/post"}],"author":[{"embeddable":true,"href":"https:\/\/elcomunista.org\/index.php?rest_route=\/wp\/v2\/users\/89"}],"replies":[{"embeddable":true,"href":"https:\/\/elcomunista.org\/index.php?rest_route=%2Fwp%2Fv2%2Fcomments&post=5448"}],"version-history":[{"count":0,"href":"https:\/\/elcomunista.org\/index.php?rest_route=\/wp\/v2\/posts\/5448\/revisions"}],"wp:featuredmedia":[{"embeddable":true,"href":"https:\/\/elcomunista.org\/index.php?rest_route=\/wp\/v2\/media\/5449"}],"wp:attachment":[{"href":"https:\/\/elcomunista.org\/index.php?rest_route=%2Fwp%2Fv2%2Fmedia&parent=5448"}],"wp:term":[{"taxonomy":"category","embeddable":true,"href":"https:\/\/elcomunista.org\/index.php?rest_route=%2Fwp%2Fv2%2Fcategories&post=5448"},{"taxonomy":"post_tag","embeddable":true,"href":"https:\/\/elcomunista.org\/index.php?rest_route=%2Fwp%2Fv2%2Ftags&post=5448"}],"curies":[{"name":"wp","href":"https:\/\/api.w.org\/{rel}","templated":true}]}}