{"id":5689,"date":"2019-05-30T20:25:26","date_gmt":"2019-05-31T02:25:26","guid":{"rendered":"http:\/\/bloquepopularjuvenil.org\/?p=5689"},"modified":"2019-05-30T20:30:21","modified_gmt":"2019-05-31T02:30:21","slug":"foro-proyecto-ciudad-valle-el-angel-y-su-impacto-en-el-area-metropolitana-de-san-salvador","status":"publish","type":"post","link":"https:\/\/elcomunista.org\/?p=5689","title":{"rendered":"Foro \u201cProyecto Ciudad Valle el \u00c1ngel y su impacto en el \u00e1rea Metropolitana de San Salvador\u201d"},"content":{"rendered":"<p>Este martes 04 de junio del 2019 en el marco del d\u00eda Mundial Del medio Ambiente se estar\u00e1 realizando en la Universidad El Salvador el Foro <strong>\u201c<a href=\"https:\/\/bloquepopularjuvenil.org\/el-nuevo-megaproyecto-residencial-en-apopa\/\">Proyecto Ciudad Valle el \u00c1ngel<\/a> y su impacto en el \u00e1rea Metropolitana de San Salvador\u201d.<\/strong><\/p>\n<p>El nuevo proyecto residencial en la zona norte de la capital significa una clara amenaza no solo al medio ambiente, sino tambi\u00e9n al derecho humano al agua y a la vida digna, intensificando la situaci\u00f3n de estr\u00e9s h\u00eddrico que existe en el pa\u00eds. El capitalismo en su l\u00f3gica de acumulaci\u00f3n de riqueza profundiza la depredaci\u00f3n del medio ambiente y pone en riesgo la vida humana, este proyecto va m\u00e1s all\u00e1 de la necesidad de solventar el d\u00e9ficit de vivienda de los m\u00e1s desprotegidos del pa\u00eds, pues las viviendas que se construir\u00e1n tendr\u00e1n precios demasiado elevados para el salario promedio de la clase trabajadora, el cual como su mismo nombre lo dice es m\u00ednimo.<\/p>\n<p><img loading=\"lazy\" decoding=\"async\" class=\"alignright wp-image-5690\" src=\"http:\/\/bloquepopularjuvenil.org\/wp-content\/uploads\/2019\/05\/5ddbd6d0-bdf8-470e-8666-069906f65404.jpeg\" alt=\"\" width=\"400\" height=\"300\" \/>En los \u00faltimos a\u00f1os en el pa\u00eds, la industria inmobiliaria est\u00e1 construyendo an\u00e1rquicamente en las pocas zonas boscosas que nos quedan. Casos como la depredaci\u00f3n ambiental a causa de proyectos residenciales en la Cordillera El B\u00e1lsamo en la zona sur de La Libertad o en la Zona Sur de San Salvador en Santo Tomas est\u00e1n creando serios problemas sociales y medio ambientales <span style=\"font-family: -apple-system, BlinkMacSystemFont, 'Segoe UI', Roboto, Oxygen-Sans, Ubuntu, Cantarell, 'Helvetica Neue', sans-serif;\">en los municipios<\/span><span style=\"font-family: -apple-system, BlinkMacSystemFont, 'Segoe UI', Roboto, Oxygen-Sans, Ubuntu, Cantarell, 'Helvetica Neue', sans-serif;\">.<\/span><\/p>\n<p>En cada sector donde los grupos poderosos obtienen permisos para construir, ocurren procesos similares que profundizan la exclusi\u00f3n y la calidad de vida en el pa\u00eds. La experiencia de Zaragoza y San Jos\u00e9 Villanueva municipios de la zona sur de La Libertad, son muy aleccionadoras para concluir que debemos oponernos a este desarrollo urban\u00edstico desmedido.<\/p>\n<p>En estos municipios despu\u00e9s de las mega-construcciones de proyectos como: <a href=\"https:\/\/www.elencantogolf.com\">El Encanto Villas y Golf<\/a> , <a href=\"https:\/\/www.elsalvador.com\/noticias\/negocios\/tuscania-presenta-atloft-su-nueva-propuesta-habitacional\/524561\/2018\/\">Tuscania Residencial<\/a>, <a href=\"http:\/\/www.elagenteinmobiliario.net\/propiedades\/residencial-las-luces-carretera-al-puerto-de-la-libertad\/\">Las Luces<\/a> , <a href=\"http:\/\/www.bienesraicesenelsalvador.com\/property\/casa-miramar-en-residencial-privado-san-jose-villanueva-la-libertad-cea-v\">Miramar<\/a> y <a href=\"https:\/\/www.laprensagrafica.com\/economia\/La-Hacienda-un-complejo-residencial-de-ensueno-para-vivir-20190319-0291.html\">La Hacienda<\/a>, los pueblos aleda\u00f1os no disfrutaron del progreso prometido por el Grupo Roble de la familia Poma, al contrario los problemas como escasez de agua, delincuencia, exclusi\u00f3n de pobladores en zonas boscosas y la profundizaci\u00f3n de riesgos ante la ausencia de la pluviosidad de los suelos se ha intensificado, acompa\u00f1ado ahora de derrumbes y desprendimientos.<\/p>\n<p>En la zona Norte de San Salvador es la familia Due\u00f1as la que ha iniciado el plan urban\u00edstico que afectar\u00e1 a toda la \u00e1rea Metropolitana de San Salvador incluyendo a los municipios de Apopa y Tonacatepeque. Este es un problema sumamente grave para todos los residentes en estas zonas, puesto que seg\u00fan el acta de sesi\u00f3n ordinaria disponible en el Portal de Transparencia (transparencia.gob.sv) describe:<\/p>\n<p><em>\u201cQue la Sociedad DUE\u00d1AS HERMANOS LTDA., desarrollar\u00e1 el proyecto de Urbanizaci\u00f3n denominado \u201cCiudad Valle El \u00c1ngel\u201d, sobre una extensi\u00f3n de al menos 508 Manzanas, la cual estar\u00e1 conformado por: 3,500 lotes para vivienda, 3,000 apartamentos en edificios de 3 niveles, \u00e1rea de restaurantes, comercio, hoteles, hospitales, escuelas y terminal de autobuses, ubicado en prolongaci\u00f3n del Boulevard Constituci\u00f3n entre Nejapa y Apopa, Cant\u00f3n Joya Galana, municipio de Apopa, departamento de San Salvador\u201d<\/em><\/p>\n<p>&nbsp;<\/p>\n<p>\u00bfQu\u00e9 implica lo anterior? Esto se traduce en el seguro descenso de la situaci\u00f3n ambiental en la zona, porque de realizarse se llevar\u00edan a cabo acciones como: Deforestaci\u00f3n, explotaci\u00f3n de los suelos y control de la gesti\u00f3n del agua con los \u201cpermisos\u201d de parte de ANDA para perforar 8 pozos profundos. A todo esto agregar que las temperaturas de la zona se elevar\u00edan debido al da\u00f1o producido.<\/p>\n<p>\u00bfPor qu\u00e9 afirmamos esto? Porque un caso similar ya ocurri\u00f3 con el proyecto \u201cEl Encanto\u201d donde claramente el fin de estos proyectos no busc\u00f3 brindar un servicio a los m\u00e1s pobres si no, aprovecharse de todos los recursos de las comunidades mientras ellos acumulan m\u00e1s riquezas. Por ello debemos intensificar la organizaci\u00f3n y la resistencia en defensa de nuestros derechos y nuestros recursos.<\/p>\n<p>Como <a href=\"http:\/\/forodelagua.org.sv\">Foro de Agua<\/a> y Bloque Popular Juvenil estamos interesados en dar a conocer los riesgos que conlleva estas mega-construcciones por eso extendemos la invitaci\u00f3n para este martes 4 de junio en el Audit\u00f3rium de la Facultad de Agronom\u00eda al Foro sobre los planes de construcci\u00f3n de esta residencial que enriquecer\u00e1 a unos pocos pero afectar\u00e1 a muchos con todos los problemas que generar\u00e1 en el futuro.<\/p>\n<p>Hacemos un llamado a las autoridades competentes a no continuar con los planes, a cancelar los permisos y a defender los intereses de las comunidades m\u00e1s pobres del pa\u00eds.<\/p>\n<p><strong>Ven inf\u00f3rmate, organ\u00edzate y lucha.\u00a0\u00a0\u00a0\u00a0\u00a0\u00a0 <\/strong><\/p>\n<p>&nbsp;<\/p>\n<p>&nbsp;<\/p>\n","protected":false},"excerpt":{"rendered":"<p>Este martes 04 de junio del 2019 en el marco del d\u00eda Mundial Del medio Ambiente se estar\u00e1 realizando en la Universidad El Salvador el Foro \u201cProyecto Ciudad Valle el \u00c1ngel y su impacto en el \u00e1rea Metropolitana de San Salvador\u201d. El nuevo proyecto residencial en la zona norte de la capital significa una clara&#8230;<\/p>\n","protected":false},"author":1,"featured_media":5691,"comment_status":"open","ping_status":"open","sticky":false,"template":"","format":"standard","meta":{"_monsterinsights_skip_tracking":false,"_monsterinsights_sitenote_active":false,"_monsterinsights_sitenote_note":"","_monsterinsights_sitenote_category":0,"_uf_show_specific_survey":0,"_uf_disable_surveys":false,"_jetpack_memberships_contains_paid_content":false,"footnotes":""},"categories":[249,391,537],"tags":[275,751,394],"class_list":["post-5689","post","type-post","status-publish","format-standard","has-post-thumbnail","hentry","category-campana-contra-la-privatizacion-del-agua","category-medio-ambiente","category-principales","tag-agua","tag-alianza-nacional-contra-la-privatizacion-del-agua","tag-medio-ambiente"],"aioseo_notices":[],"yoast_head":"<!-- This site is optimized with the Yoast SEO plugin v25.6 - https:\/\/yoast.com\/wordpress\/plugins\/seo\/ -->\n<title>Foro \u201cProyecto Ciudad Valle el \u00c1ngel y su impacto en el \u00e1rea Metropolitana de San Salvador\u201d<\/title>\n<meta name=\"robots\" content=\"index, follow, max-snippet:-1, max-image-preview:large, max-video-preview:-1\" \/>\n<link rel=\"canonical\" href=\"https:\/\/elcomunista.org\/?p=5689\" \/>\n<meta property=\"og:locale\" content=\"es_ES\" \/>\n<meta property=\"og:type\" content=\"article\" \/>\n<meta property=\"og:title\" content=\"Foro \u201cProyecto Ciudad Valle el \u00c1ngel y su impacto en el \u00e1rea Metropolitana de San Salvador\u201d\" \/>\n<meta property=\"og:description\" content=\"Este martes 04 de junio del 2019 en el marco del d\u00eda Mundial Del medio Ambiente se estar\u00e1 realizando en la Universidad El Salvador el Foro \u201cProyecto Ciudad Valle el \u00c1ngel y su impacto en el \u00e1rea Metropolitana de San Salvador\u201d. El nuevo proyecto residencial en la zona norte de la capital significa una clara...\" \/>\n<meta property=\"og:url\" content=\"https:\/\/elcomunista.org\/?p=5689\" \/>\n<meta property=\"og:site_name\" content=\"Revoluci\u00f3n Comunista\" \/>\n<meta property=\"article:publisher\" content=\"https:\/\/www.facebook.com\/Bloquepopularjuvenil\" \/>\n<meta property=\"article:published_time\" content=\"2019-05-31T02:25:26+00:00\" \/>\n<meta property=\"article:modified_time\" content=\"2019-05-31T02:30:21+00:00\" \/>\n<meta property=\"og:image\" content=\"https:\/\/elcomunista.org\/wp-content\/uploads\/2019\/05\/Foro-del-Agua-760x490.jpg\" \/>\n\t<meta property=\"og:image:width\" content=\"760\" \/>\n\t<meta property=\"og:image:height\" content=\"490\" \/>\n\t<meta property=\"og:image:type\" content=\"image\/jpeg\" \/>\n<meta name=\"author\" content=\"Bloque Popular Juvenil\" \/>\n<meta name=\"twitter:card\" content=\"summary_large_image\" \/>\n<meta name=\"twitter:creator\" content=\"@ElBPJ\" \/>\n<meta name=\"twitter:site\" content=\"@ElBPJ\" \/>\n<meta name=\"twitter:label1\" content=\"Escrito por\" \/>\n\t<meta name=\"twitter:data1\" content=\"Bloque Popular Juvenil\" \/>\n\t<meta name=\"twitter:label2\" content=\"Tiempo de lectura\" \/>\n\t<meta name=\"twitter:data2\" content=\"4 minutos\" \/>\n<script type=\"application\/ld+json\" class=\"yoast-schema-graph\">{\"@context\":\"https:\/\/schema.org\",\"@graph\":[{\"@type\":\"Article\",\"@id\":\"https:\/\/elcomunista.org\/?p=5689#article\",\"isPartOf\":{\"@id\":\"https:\/\/elcomunista.org\/?p=5689\"},\"author\":{\"name\":\"Bloque Popular Juvenil\",\"@id\":\"https:\/\/elcomunista.org\/#\/schema\/person\/d55d5350d790a4464cbc0e898065567d\"},\"headline\":\"Foro \u201cProyecto Ciudad Valle el \u00c1ngel y su impacto en el \u00e1rea Metropolitana de San Salvador\u201d\",\"datePublished\":\"2019-05-31T02:25:26+00:00\",\"dateModified\":\"2019-05-31T02:30:21+00:00\",\"mainEntityOfPage\":{\"@id\":\"https:\/\/elcomunista.org\/?p=5689\"},\"wordCount\":789,\"commentCount\":1,\"publisher\":{\"@id\":\"https:\/\/elcomunista.org\/#organization\"},\"image\":{\"@id\":\"https:\/\/elcomunista.org\/?p=5689#primaryimage\"},\"thumbnailUrl\":\"https:\/\/elcomunista.org\/wp-content\/uploads\/2019\/05\/Foro-del-Agua-760x490.jpg\",\"keywords\":[\"agua\",\"Alianza Nacional Contra la Privatizaci\u00f3n del Agua\",\"medio ambiente\"],\"articleSection\":[\"Campa\u00f1a Contra la Privatizacion del Agua\",\"Medio Ambiente\",\"Principales\"],\"inLanguage\":\"es\",\"potentialAction\":[{\"@type\":\"CommentAction\",\"name\":\"Comment\",\"target\":[\"https:\/\/elcomunista.org\/?p=5689#respond\"]}]},{\"@type\":\"WebPage\",\"@id\":\"https:\/\/elcomunista.org\/?p=5689\",\"url\":\"https:\/\/elcomunista.org\/?p=5689\",\"name\":\"Foro \u201cProyecto Ciudad Valle el \u00c1ngel y su impacto en el \u00e1rea Metropolitana de San Salvador\u201d\",\"isPartOf\":{\"@id\":\"https:\/\/elcomunista.org\/#website\"},\"primaryImageOfPage\":{\"@id\":\"https:\/\/elcomunista.org\/?p=5689#primaryimage\"},\"image\":{\"@id\":\"https:\/\/elcomunista.org\/?p=5689#primaryimage\"},\"thumbnailUrl\":\"https:\/\/elcomunista.org\/wp-content\/uploads\/2019\/05\/Foro-del-Agua-760x490.jpg\",\"datePublished\":\"2019-05-31T02:25:26+00:00\",\"dateModified\":\"2019-05-31T02:30:21+00:00\",\"breadcrumb\":{\"@id\":\"https:\/\/elcomunista.org\/?p=5689#breadcrumb\"},\"inLanguage\":\"es\",\"potentialAction\":[{\"@type\":\"ReadAction\",\"target\":[\"https:\/\/elcomunista.org\/?p=5689\"]}]},{\"@type\":\"ImageObject\",\"inLanguage\":\"es\",\"@id\":\"https:\/\/elcomunista.org\/?p=5689#primaryimage\",\"url\":\"https:\/\/elcomunista.org\/wp-content\/uploads\/2019\/05\/Foro-del-Agua-760x490.jpg\",\"contentUrl\":\"https:\/\/elcomunista.org\/wp-content\/uploads\/2019\/05\/Foro-del-Agua-760x490.jpg\",\"width\":760,\"height\":490},{\"@type\":\"BreadcrumbList\",\"@id\":\"https:\/\/elcomunista.org\/?p=5689#breadcrumb\",\"itemListElement\":[{\"@type\":\"ListItem\",\"position\":1,\"name\":\"Portada\",\"item\":\"https:\/\/elcomunista.org\/\"},{\"@type\":\"ListItem\",\"position\":2,\"name\":\"Foro \u201cProyecto Ciudad Valle el \u00c1ngel y su impacto en el \u00e1rea Metropolitana de San Salvador\u201d\"}]},{\"@type\":\"WebSite\",\"@id\":\"https:\/\/elcomunista.org\/#website\",\"url\":\"https:\/\/elcomunista.org\/\",\"name\":\"Revoluci\u00f3n Comunista\",\"description\":\"Internacional Comunista Revolucionaria\",\"publisher\":{\"@id\":\"https:\/\/elcomunista.org\/#organization\"},\"potentialAction\":[{\"@type\":\"SearchAction\",\"target\":{\"@type\":\"EntryPoint\",\"urlTemplate\":\"https:\/\/elcomunista.org\/?s={search_term_string}\"},\"query-input\":{\"@type\":\"PropertyValueSpecification\",\"valueRequired\":true,\"valueName\":\"search_term_string\"}}],\"inLanguage\":\"es\"},{\"@type\":\"Organization\",\"@id\":\"https:\/\/elcomunista.org\/#organization\",\"name\":\"Bloque Popular Juvenil\",\"url\":\"https:\/\/elcomunista.org\/\",\"logo\":{\"@type\":\"ImageObject\",\"inLanguage\":\"es\",\"@id\":\"https:\/\/elcomunista.org\/#\/schema\/logo\/image\/\",\"url\":\"https:\/\/bloquepopularjuvenil.org\/wp-content\/uploads\/2018\/11\/bpj-militante.jpg\",\"contentUrl\":\"https:\/\/bloquepopularjuvenil.org\/wp-content\/uploads\/2018\/11\/bpj-militante.jpg\",\"width\":4000,\"height\":1390,\"caption\":\"Bloque Popular Juvenil\"},\"image\":{\"@id\":\"https:\/\/elcomunista.org\/#\/schema\/logo\/image\/\"},\"sameAs\":[\"https:\/\/www.facebook.com\/Bloquepopularjuvenil\",\"https:\/\/x.com\/ElBPJ\",\"https:\/\/www.instagram.com\/elbloque_bpj\/?hl=es-la\"]},{\"@type\":\"Person\",\"@id\":\"https:\/\/elcomunista.org\/#\/schema\/person\/d55d5350d790a4464cbc0e898065567d\",\"name\":\"Bloque Popular Juvenil\",\"image\":{\"@type\":\"ImageObject\",\"inLanguage\":\"es\",\"@id\":\"https:\/\/elcomunista.org\/#\/schema\/person\/image\/\",\"url\":\"https:\/\/secure.gravatar.com\/avatar\/85d12dca789bb6379dc38a198e1576cd?s=96&d=mm&r=g\",\"contentUrl\":\"https:\/\/secure.gravatar.com\/avatar\/85d12dca789bb6379dc38a198e1576cd?s=96&d=mm&r=g\",\"caption\":\"Bloque Popular Juvenil\"},\"url\":\"https:\/\/elcomunista.org\/?author=1\"}]}<\/script>\n<!-- \/ Yoast SEO plugin. -->","yoast_head_json":{"title":"Foro \u201cProyecto Ciudad Valle el \u00c1ngel y su impacto en el \u00e1rea Metropolitana de San Salvador\u201d","robots":{"index":"index","follow":"follow","max-snippet":"max-snippet:-1","max-image-preview":"max-image-preview:large","max-video-preview":"max-video-preview:-1"},"canonical":"https:\/\/elcomunista.org\/?p=5689","og_locale":"es_ES","og_type":"article","og_title":"Foro \u201cProyecto Ciudad Valle el \u00c1ngel y su impacto en el \u00e1rea Metropolitana de San Salvador\u201d","og_description":"Este martes 04 de junio del 2019 en el marco del d\u00eda Mundial Del medio Ambiente se estar\u00e1 realizando en la Universidad El Salvador el Foro \u201cProyecto Ciudad Valle el \u00c1ngel y su impacto en el \u00e1rea Metropolitana de San Salvador\u201d. El nuevo proyecto residencial en la zona norte de la capital significa una clara...","og_url":"https:\/\/elcomunista.org\/?p=5689","og_site_name":"Revoluci\u00f3n Comunista","article_publisher":"https:\/\/www.facebook.com\/Bloquepopularjuvenil","article_published_time":"2019-05-31T02:25:26+00:00","article_modified_time":"2019-05-31T02:30:21+00:00","og_image":[{"width":760,"height":490,"url":"https:\/\/elcomunista.org\/wp-content\/uploads\/2019\/05\/Foro-del-Agua-760x490.jpg","type":"image\/jpeg"}],"author":"Bloque Popular Juvenil","twitter_card":"summary_large_image","twitter_creator":"@ElBPJ","twitter_site":"@ElBPJ","twitter_misc":{"Escrito por":"Bloque Popular Juvenil","Tiempo de lectura":"4 minutos"},"schema":{"@context":"https:\/\/schema.org","@graph":[{"@type":"Article","@id":"https:\/\/elcomunista.org\/?p=5689#article","isPartOf":{"@id":"https:\/\/elcomunista.org\/?p=5689"},"author":{"name":"Bloque Popular Juvenil","@id":"https:\/\/elcomunista.org\/#\/schema\/person\/d55d5350d790a4464cbc0e898065567d"},"headline":"Foro \u201cProyecto Ciudad Valle el \u00c1ngel y su impacto en el \u00e1rea Metropolitana de San Salvador\u201d","datePublished":"2019-05-31T02:25:26+00:00","dateModified":"2019-05-31T02:30:21+00:00","mainEntityOfPage":{"@id":"https:\/\/elcomunista.org\/?p=5689"},"wordCount":789,"commentCount":1,"publisher":{"@id":"https:\/\/elcomunista.org\/#organization"},"image":{"@id":"https:\/\/elcomunista.org\/?p=5689#primaryimage"},"thumbnailUrl":"https:\/\/elcomunista.org\/wp-content\/uploads\/2019\/05\/Foro-del-Agua-760x490.jpg","keywords":["agua","Alianza Nacional Contra la Privatizaci\u00f3n del Agua","medio ambiente"],"articleSection":["Campa\u00f1a Contra la Privatizacion del Agua","Medio Ambiente","Principales"],"inLanguage":"es","potentialAction":[{"@type":"CommentAction","name":"Comment","target":["https:\/\/elcomunista.org\/?p=5689#respond"]}]},{"@type":"WebPage","@id":"https:\/\/elcomunista.org\/?p=5689","url":"https:\/\/elcomunista.org\/?p=5689","name":"Foro \u201cProyecto Ciudad Valle el \u00c1ngel y su impacto en el \u00e1rea Metropolitana de San Salvador\u201d","isPartOf":{"@id":"https:\/\/elcomunista.org\/#website"},"primaryImageOfPage":{"@id":"https:\/\/elcomunista.org\/?p=5689#primaryimage"},"image":{"@id":"https:\/\/elcomunista.org\/?p=5689#primaryimage"},"thumbnailUrl":"https:\/\/elcomunista.org\/wp-content\/uploads\/2019\/05\/Foro-del-Agua-760x490.jpg","datePublished":"2019-05-31T02:25:26+00:00","dateModified":"2019-05-31T02:30:21+00:00","breadcrumb":{"@id":"https:\/\/elcomunista.org\/?p=5689#breadcrumb"},"inLanguage":"es","potentialAction":[{"@type":"ReadAction","target":["https:\/\/elcomunista.org\/?p=5689"]}]},{"@type":"ImageObject","inLanguage":"es","@id":"https:\/\/elcomunista.org\/?p=5689#primaryimage","url":"https:\/\/elcomunista.org\/wp-content\/uploads\/2019\/05\/Foro-del-Agua-760x490.jpg","contentUrl":"https:\/\/elcomunista.org\/wp-content\/uploads\/2019\/05\/Foro-del-Agua-760x490.jpg","width":760,"height":490},{"@type":"BreadcrumbList","@id":"https:\/\/elcomunista.org\/?p=5689#breadcrumb","itemListElement":[{"@type":"ListItem","position":1,"name":"Portada","item":"https:\/\/elcomunista.org\/"},{"@type":"ListItem","position":2,"name":"Foro \u201cProyecto Ciudad Valle el \u00c1ngel y su impacto en el \u00e1rea Metropolitana de San Salvador\u201d"}]},{"@type":"WebSite","@id":"https:\/\/elcomunista.org\/#website","url":"https:\/\/elcomunista.org\/","name":"Revoluci\u00f3n Comunista","description":"Internacional Comunista Revolucionaria","publisher":{"@id":"https:\/\/elcomunista.org\/#organization"},"potentialAction":[{"@type":"SearchAction","target":{"@type":"EntryPoint","urlTemplate":"https:\/\/elcomunista.org\/?s={search_term_string}"},"query-input":{"@type":"PropertyValueSpecification","valueRequired":true,"valueName":"search_term_string"}}],"inLanguage":"es"},{"@type":"Organization","@id":"https:\/\/elcomunista.org\/#organization","name":"Bloque Popular Juvenil","url":"https:\/\/elcomunista.org\/","logo":{"@type":"ImageObject","inLanguage":"es","@id":"https:\/\/elcomunista.org\/#\/schema\/logo\/image\/","url":"https:\/\/bloquepopularjuvenil.org\/wp-content\/uploads\/2018\/11\/bpj-militante.jpg","contentUrl":"https:\/\/bloquepopularjuvenil.org\/wp-content\/uploads\/2018\/11\/bpj-militante.jpg","width":4000,"height":1390,"caption":"Bloque Popular Juvenil"},"image":{"@id":"https:\/\/elcomunista.org\/#\/schema\/logo\/image\/"},"sameAs":["https:\/\/www.facebook.com\/Bloquepopularjuvenil","https:\/\/x.com\/ElBPJ","https:\/\/www.instagram.com\/elbloque_bpj\/?hl=es-la"]},{"@type":"Person","@id":"https:\/\/elcomunista.org\/#\/schema\/person\/d55d5350d790a4464cbc0e898065567d","name":"Bloque Popular Juvenil","image":{"@type":"ImageObject","inLanguage":"es","@id":"https:\/\/elcomunista.org\/#\/schema\/person\/image\/","url":"https:\/\/secure.gravatar.com\/avatar\/85d12dca789bb6379dc38a198e1576cd?s=96&d=mm&r=g","contentUrl":"https:\/\/secure.gravatar.com\/avatar\/85d12dca789bb6379dc38a198e1576cd?s=96&d=mm&r=g","caption":"Bloque Popular Juvenil"},"url":"https:\/\/elcomunista.org\/?author=1"}]}},"jetpack_featured_media_url":"https:\/\/elcomunista.org\/wp-content\/uploads\/2019\/05\/Foro-del-Agua-760x490.jpg","jetpack_likes_enabled":true,"jetpack_sharing_enabled":true,"_links":{"self":[{"href":"https:\/\/elcomunista.org\/index.php?rest_route=\/wp\/v2\/posts\/5689"}],"collection":[{"href":"https:\/\/elcomunista.org\/index.php?rest_route=\/wp\/v2\/posts"}],"about":[{"href":"https:\/\/elcomunista.org\/index.php?rest_route=\/wp\/v2\/types\/post"}],"author":[{"embeddable":true,"href":"https:\/\/elcomunista.org\/index.php?rest_route=\/wp\/v2\/users\/1"}],"replies":[{"embeddable":true,"href":"https:\/\/elcomunista.org\/index.php?rest_route=%2Fwp%2Fv2%2Fcomments&post=5689"}],"version-history":[{"count":0,"href":"https:\/\/elcomunista.org\/index.php?rest_route=\/wp\/v2\/posts\/5689\/revisions"}],"wp:featuredmedia":[{"embeddable":true,"href":"https:\/\/elcomunista.org\/index.php?rest_route=\/wp\/v2\/media\/5691"}],"wp:attachment":[{"href":"https:\/\/elcomunista.org\/index.php?rest_route=%2Fwp%2Fv2%2Fmedia&parent=5689"}],"wp:term":[{"taxonomy":"category","embeddable":true,"href":"https:\/\/elcomunista.org\/index.php?rest_route=%2Fwp%2Fv2%2Fcategories&post=5689"},{"taxonomy":"post_tag","embeddable":true,"href":"https:\/\/elcomunista.org\/index.php?rest_route=%2Fwp%2Fv2%2Ftags&post=5689"}],"curies":[{"name":"wp","href":"https:\/\/api.w.org\/{rel}","templated":true}]}}