{"id":5710,"date":"2019-06-03T17:56:26","date_gmt":"2019-06-03T23:56:26","guid":{"rendered":"http:\/\/bloquepopularjuvenil.org\/?p=5710"},"modified":"2019-06-03T17:56:26","modified_gmt":"2019-06-03T23:56:26","slug":"sobre-la-lucha-de-pensiones","status":"publish","type":"post","link":"https:\/\/elcomunista.org\/?p=5710","title":{"rendered":"Sobre la lucha de pensiones"},"content":{"rendered":"<p>Antes de la privatizaci\u00f3n del sistema de pensiones las cotizaciones iban para un fondo com\u00fan, que en esencia era beneficioso, pues era posible obtener pensiones m\u00e1s altas, mientras otros trabajadores segu\u00edan cotizando y aumentando dicho fondo solidario; quienes cotizaban m\u00e1s, recib\u00edan m\u00e1s y quienes cotizaban poco, recib\u00edan al menos una pensi\u00f3n vitalicia, lo que implicaba recibir el equivalente a un salario m\u00ednimo en esos a\u00f1os. Con la llegada de la privatizaci\u00f3n a trav\u00e9s de la Ley SAP los trabajadores menores de treinta y seis a\u00f1os fueron obligados a cotizar para las AFP, mientras que los mayores a esta edad pudieron mantenerse en el INPEP. Sin embargo, quienes quedaron en el sistema p\u00fablico como cotizantes (alrededor de trece mil) tuvieron sobre sus hombros la responsabilidad de financiar las pensiones de quienes estaban ya jubilados (aproximadamente unas cien mil personas) por lo que el INPEP se vuelve insostenible y termina generando una fuerte deuda, pues los fondos faltantes para los pensionados son prestados por las AFP al Estado.<\/p>\n<p>En el 2017 se logra una reforma a la Ley SAP, no obstante, estas reformas representan pasos adelante demasiado peque\u00f1os, pues no pasan de ser min\u00fasculas reformas, por ejemplo: se reduce la comisi\u00f3n y prima de seguro que cobran las AFP de 2.2 % al 1.9 % y la diferencia del 0.3 % alimentara el ahorro de las personas. Lo cual significa que baja el margen de ganancias de las AFP, m\u00ednimamente, as\u00ed como tambi\u00e9n aumenta el monto de las pensiones. Esto implica que la administraci\u00f3n de las AFP se mantiene, pero ahora con un fondo solidario que saldr\u00e1 de las cotizaciones a las AFP y servir\u00e1 para solventar las obligaciones previsionales del gobierno, lo que significa que tenemos un problema irresuelto y la clase obrera seguir\u00e1 preocupada, en primera instancia, por la incertidumbre acerca de sus ahorros.<\/p>\n<p>Es ingenuo creer que se encontrar\u00e1 una salida mientras contin\u00fae un sistema privado de pensiones, es como esperar la liberaci\u00f3n de la humanidad bajo el capitalismo. Es claro que todo forma parte de un plan que atiende a los preceptos del modelo neoliberal: debilitar al Estado adrede y alegar que lo p\u00fablico es ineficiente por naturaleza, por lo que es la empresa privada, seg\u00fan los defensores del modelo, quien debe apropiarse la responsabilidad de determinados roles (en los que existan grandes sumas de dinero de por medio, claro est\u00e1) que tradicionalmente asum\u00eda el Estado, por lo que el papel de este \u00faltimo se ve reducido para que el sector privado tenga un mayor control.<\/p>\n<p>Nos es muy familiar el viejo discurso de que s\u00f3lo la empresa privada tiene la capacidad de administrar eficaz y eficientemente las instituciones que llegan a sus manos, que la propiedad privada es sagrada y las privatizaciones una soluci\u00f3n casi milagrosa; frente a esto, no debemos olvidar ubicarnos en la clase social a la que pertenecemos, pues si vamos a hablar de \u201cbeneficios\u201d tra\u00eddos por el neoliberalismo, debemos tener claro que esos \u201cbeneficios\u201d no son para nosotros si quienes gozan de las ganancias producidas son otros. En el 2017 el mismo ministro de Hacienda de turno (Carlos C\u00e1ceres) en aquel entonces, admiti\u00f3 que la reforma de pensiones no era m\u00e1s que un parche que tendr\u00eda vigencia durante unos trece a\u00f1os y que llegados al 2027 tendr\u00edan que realizarse ajustes como aumentar los a\u00f1os de jubilaci\u00f3n y a\u00f1os de cotizaci\u00f3n, lo que implica un duro golpe a la clase trabajadora y puede ser m\u00e1s grave si sucede bajo una de las c\u00edclicas crisis del sistema capitalista.<\/p>\n<p>Para revertir el proceso se requiere de una presi\u00f3n popular constante, fuerte, cohesionada y organizada de tal manera que quiebre la resistencia de los empresarios locales y extranjeros y a sus s\u00fabditos en el parlamento. Primero hay que agitar entre los trabajadores sobre la necesidad de volver al sistema p\u00fablico de retiro; esa era una tarea que debi\u00f3 hacer la direcci\u00f3n del FMLN desde que entr\u00f3 al gobierno, sin embargo, nunca entr\u00f3 en su programa reformista tal reivindicaci\u00f3n; se la pas\u00f3 negociando intereses en la Asamblea todo este tiempo con alianzas y acuerdos con la derecha. Sabemos pues, que la renacionalizaci\u00f3n total de las pensiones no es el fin \u00faltimo al que debemos aspirar; la renacionalizaci\u00f3n es s\u00f3lo un paso, debido a que la lucha debe extenderse y ser permanente, hasta transformar las viejas instituciones de la democracia burguesa, a instituciones administradas por las clases oprimidas y explotadas en una sociedad totalmente diferente.<\/p>\n","protected":false},"excerpt":{"rendered":"<p>Antes de la privatizaci\u00f3n del sistema de pensiones las cotizaciones iban para un fondo com\u00fan, que en esencia era beneficioso, pues era posible obtener pensiones m\u00e1s altas, mientras otros trabajadores segu\u00edan cotizando y aumentando dicho fondo solidario; quienes cotizaban m\u00e1s, recib\u00edan m\u00e1s y quienes cotizaban poco, recib\u00edan al menos una pensi\u00f3n vitalicia, lo que implicaba&#8230;<\/p>\n","protected":false},"author":87,"featured_media":5711,"comment_status":"open","ping_status":"open","sticky":false,"template":"","format":"standard","meta":{"_monsterinsights_skip_tracking":false,"_monsterinsights_sitenote_active":false,"_monsterinsights_sitenote_note":"","_monsterinsights_sitenote_category":0,"_uf_show_specific_survey":0,"_uf_disable_surveys":false,"_jetpack_memberships_contains_paid_content":false,"footnotes":""},"categories":[4,537,5],"tags":[331,774,773],"class_list":["post-5710","post","type-post","status-publish","format-standard","has-post-thumbnail","hentry","category-economia","category-principales","category-sindical","tag-afp","tag-ley-sap","tag-peniones"],"aioseo_notices":[],"yoast_head":"<!-- This site is optimized with the Yoast SEO plugin v25.6 - https:\/\/yoast.com\/wordpress\/plugins\/seo\/ -->\n<title>Sobre la lucha de pensiones<\/title>\n<meta name=\"robots\" content=\"index, follow, max-snippet:-1, max-image-preview:large, max-video-preview:-1\" \/>\n<link rel=\"canonical\" href=\"https:\/\/elcomunista.org\/?p=5710\" \/>\n<meta property=\"og:locale\" content=\"es_ES\" \/>\n<meta property=\"og:type\" content=\"article\" \/>\n<meta property=\"og:title\" content=\"Sobre la lucha de pensiones\" \/>\n<meta property=\"og:description\" content=\"Antes de la privatizaci\u00f3n del sistema de pensiones las cotizaciones iban para un fondo com\u00fan, que en esencia era beneficioso, pues era posible obtener pensiones m\u00e1s altas, mientras otros trabajadores segu\u00edan cotizando y aumentando dicho fondo solidario; quienes cotizaban m\u00e1s, recib\u00edan m\u00e1s y quienes cotizaban poco, recib\u00edan al menos una pensi\u00f3n vitalicia, lo que implicaba...\" \/>\n<meta property=\"og:url\" content=\"https:\/\/elcomunista.org\/?p=5710\" \/>\n<meta property=\"og:site_name\" content=\"Revoluci\u00f3n Comunista\" \/>\n<meta property=\"article:publisher\" content=\"https:\/\/www.facebook.com\/Bloquepopularjuvenil\" \/>\n<meta property=\"article:published_time\" content=\"2019-06-03T23:56:26+00:00\" \/>\n<meta property=\"og:image\" content=\"https:\/\/elcomunista.org\/wp-content\/uploads\/2019\/06\/no-afp.jpg\" \/>\n\t<meta property=\"og:image:width\" content=\"1000\" \/>\n\t<meta property=\"og:image:height\" content=\"600\" \/>\n\t<meta property=\"og:image:type\" content=\"image\/jpeg\" \/>\n<meta name=\"author\" content=\"Oscar Ramos\" \/>\n<meta name=\"twitter:card\" content=\"summary_large_image\" \/>\n<meta name=\"twitter:creator\" content=\"@ElBPJ\" \/>\n<meta name=\"twitter:site\" content=\"@ElBPJ\" \/>\n<meta name=\"twitter:label1\" content=\"Escrito por\" \/>\n\t<meta name=\"twitter:data1\" content=\"Oscar Ramos\" \/>\n\t<meta name=\"twitter:label2\" content=\"Tiempo de lectura\" \/>\n\t<meta name=\"twitter:data2\" content=\"4 minutos\" \/>\n<script type=\"application\/ld+json\" class=\"yoast-schema-graph\">{\"@context\":\"https:\/\/schema.org\",\"@graph\":[{\"@type\":\"Article\",\"@id\":\"https:\/\/elcomunista.org\/?p=5710#article\",\"isPartOf\":{\"@id\":\"https:\/\/elcomunista.org\/?p=5710\"},\"author\":{\"name\":\"Oscar Ramos\",\"@id\":\"https:\/\/elcomunista.org\/#\/schema\/person\/cae245481f2f5705181d8fca38eb3040\"},\"headline\":\"Sobre la lucha de pensiones\",\"datePublished\":\"2019-06-03T23:56:26+00:00\",\"mainEntityOfPage\":{\"@id\":\"https:\/\/elcomunista.org\/?p=5710\"},\"wordCount\":780,\"commentCount\":0,\"publisher\":{\"@id\":\"https:\/\/elcomunista.org\/#organization\"},\"image\":{\"@id\":\"https:\/\/elcomunista.org\/?p=5710#primaryimage\"},\"thumbnailUrl\":\"https:\/\/elcomunista.org\/wp-content\/uploads\/2019\/06\/no-afp.jpg\",\"keywords\":[\"AFP\",\"Ley SAP\",\"Peniones\"],\"articleSection\":[\"Econom\u00eda\",\"Principales\",\"Sindical\"],\"inLanguage\":\"es\",\"potentialAction\":[{\"@type\":\"CommentAction\",\"name\":\"Comment\",\"target\":[\"https:\/\/elcomunista.org\/?p=5710#respond\"]}]},{\"@type\":\"WebPage\",\"@id\":\"https:\/\/elcomunista.org\/?p=5710\",\"url\":\"https:\/\/elcomunista.org\/?p=5710\",\"name\":\"Sobre la lucha de pensiones\",\"isPartOf\":{\"@id\":\"https:\/\/elcomunista.org\/#website\"},\"primaryImageOfPage\":{\"@id\":\"https:\/\/elcomunista.org\/?p=5710#primaryimage\"},\"image\":{\"@id\":\"https:\/\/elcomunista.org\/?p=5710#primaryimage\"},\"thumbnailUrl\":\"https:\/\/elcomunista.org\/wp-content\/uploads\/2019\/06\/no-afp.jpg\",\"datePublished\":\"2019-06-03T23:56:26+00:00\",\"breadcrumb\":{\"@id\":\"https:\/\/elcomunista.org\/?p=5710#breadcrumb\"},\"inLanguage\":\"es\",\"potentialAction\":[{\"@type\":\"ReadAction\",\"target\":[\"https:\/\/elcomunista.org\/?p=5710\"]}]},{\"@type\":\"ImageObject\",\"inLanguage\":\"es\",\"@id\":\"https:\/\/elcomunista.org\/?p=5710#primaryimage\",\"url\":\"https:\/\/elcomunista.org\/wp-content\/uploads\/2019\/06\/no-afp.jpg\",\"contentUrl\":\"https:\/\/elcomunista.org\/wp-content\/uploads\/2019\/06\/no-afp.jpg\",\"width\":1000,\"height\":600},{\"@type\":\"BreadcrumbList\",\"@id\":\"https:\/\/elcomunista.org\/?p=5710#breadcrumb\",\"itemListElement\":[{\"@type\":\"ListItem\",\"position\":1,\"name\":\"Portada\",\"item\":\"https:\/\/elcomunista.org\/\"},{\"@type\":\"ListItem\",\"position\":2,\"name\":\"Sobre la lucha de pensiones\"}]},{\"@type\":\"WebSite\",\"@id\":\"https:\/\/elcomunista.org\/#website\",\"url\":\"https:\/\/elcomunista.org\/\",\"name\":\"Revoluci\u00f3n Comunista\",\"description\":\"Internacional Comunista Revolucionaria\",\"publisher\":{\"@id\":\"https:\/\/elcomunista.org\/#organization\"},\"potentialAction\":[{\"@type\":\"SearchAction\",\"target\":{\"@type\":\"EntryPoint\",\"urlTemplate\":\"https:\/\/elcomunista.org\/?s={search_term_string}\"},\"query-input\":{\"@type\":\"PropertyValueSpecification\",\"valueRequired\":true,\"valueName\":\"search_term_string\"}}],\"inLanguage\":\"es\"},{\"@type\":\"Organization\",\"@id\":\"https:\/\/elcomunista.org\/#organization\",\"name\":\"Bloque Popular Juvenil\",\"url\":\"https:\/\/elcomunista.org\/\",\"logo\":{\"@type\":\"ImageObject\",\"inLanguage\":\"es\",\"@id\":\"https:\/\/elcomunista.org\/#\/schema\/logo\/image\/\",\"url\":\"https:\/\/bloquepopularjuvenil.org\/wp-content\/uploads\/2018\/11\/bpj-militante.jpg\",\"contentUrl\":\"https:\/\/bloquepopularjuvenil.org\/wp-content\/uploads\/2018\/11\/bpj-militante.jpg\",\"width\":4000,\"height\":1390,\"caption\":\"Bloque Popular Juvenil\"},\"image\":{\"@id\":\"https:\/\/elcomunista.org\/#\/schema\/logo\/image\/\"},\"sameAs\":[\"https:\/\/www.facebook.com\/Bloquepopularjuvenil\",\"https:\/\/x.com\/ElBPJ\",\"https:\/\/www.instagram.com\/elbloque_bpj\/?hl=es-la\"]},{\"@type\":\"Person\",\"@id\":\"https:\/\/elcomunista.org\/#\/schema\/person\/cae245481f2f5705181d8fca38eb3040\",\"name\":\"Oscar Ramos\",\"image\":{\"@type\":\"ImageObject\",\"inLanguage\":\"es\",\"@id\":\"https:\/\/elcomunista.org\/#\/schema\/person\/image\/\",\"url\":\"https:\/\/secure.gravatar.com\/avatar\/d2050b11ea2bf4090cbbb1a0570de857?s=96&d=mm&r=g\",\"contentUrl\":\"https:\/\/secure.gravatar.com\/avatar\/d2050b11ea2bf4090cbbb1a0570de857?s=96&d=mm&r=g\",\"caption\":\"Oscar Ramos\"},\"url\":\"https:\/\/elcomunista.org\/?author=87\"}]}<\/script>\n<!-- \/ Yoast SEO plugin. -->","yoast_head_json":{"title":"Sobre la lucha de pensiones","robots":{"index":"index","follow":"follow","max-snippet":"max-snippet:-1","max-image-preview":"max-image-preview:large","max-video-preview":"max-video-preview:-1"},"canonical":"https:\/\/elcomunista.org\/?p=5710","og_locale":"es_ES","og_type":"article","og_title":"Sobre la lucha de pensiones","og_description":"Antes de la privatizaci\u00f3n del sistema de pensiones las cotizaciones iban para un fondo com\u00fan, que en esencia era beneficioso, pues era posible obtener pensiones m\u00e1s altas, mientras otros trabajadores segu\u00edan cotizando y aumentando dicho fondo solidario; quienes cotizaban m\u00e1s, recib\u00edan m\u00e1s y quienes cotizaban poco, recib\u00edan al menos una pensi\u00f3n vitalicia, lo que implicaba...","og_url":"https:\/\/elcomunista.org\/?p=5710","og_site_name":"Revoluci\u00f3n Comunista","article_publisher":"https:\/\/www.facebook.com\/Bloquepopularjuvenil","article_published_time":"2019-06-03T23:56:26+00:00","og_image":[{"width":1000,"height":600,"url":"https:\/\/elcomunista.org\/wp-content\/uploads\/2019\/06\/no-afp.jpg","type":"image\/jpeg"}],"author":"Oscar Ramos","twitter_card":"summary_large_image","twitter_creator":"@ElBPJ","twitter_site":"@ElBPJ","twitter_misc":{"Escrito por":"Oscar Ramos","Tiempo de lectura":"4 minutos"},"schema":{"@context":"https:\/\/schema.org","@graph":[{"@type":"Article","@id":"https:\/\/elcomunista.org\/?p=5710#article","isPartOf":{"@id":"https:\/\/elcomunista.org\/?p=5710"},"author":{"name":"Oscar Ramos","@id":"https:\/\/elcomunista.org\/#\/schema\/person\/cae245481f2f5705181d8fca38eb3040"},"headline":"Sobre la lucha de pensiones","datePublished":"2019-06-03T23:56:26+00:00","mainEntityOfPage":{"@id":"https:\/\/elcomunista.org\/?p=5710"},"wordCount":780,"commentCount":0,"publisher":{"@id":"https:\/\/elcomunista.org\/#organization"},"image":{"@id":"https:\/\/elcomunista.org\/?p=5710#primaryimage"},"thumbnailUrl":"https:\/\/elcomunista.org\/wp-content\/uploads\/2019\/06\/no-afp.jpg","keywords":["AFP","Ley SAP","Peniones"],"articleSection":["Econom\u00eda","Principales","Sindical"],"inLanguage":"es","potentialAction":[{"@type":"CommentAction","name":"Comment","target":["https:\/\/elcomunista.org\/?p=5710#respond"]}]},{"@type":"WebPage","@id":"https:\/\/elcomunista.org\/?p=5710","url":"https:\/\/elcomunista.org\/?p=5710","name":"Sobre la lucha de pensiones","isPartOf":{"@id":"https:\/\/elcomunista.org\/#website"},"primaryImageOfPage":{"@id":"https:\/\/elcomunista.org\/?p=5710#primaryimage"},"image":{"@id":"https:\/\/elcomunista.org\/?p=5710#primaryimage"},"thumbnailUrl":"https:\/\/elcomunista.org\/wp-content\/uploads\/2019\/06\/no-afp.jpg","datePublished":"2019-06-03T23:56:26+00:00","breadcrumb":{"@id":"https:\/\/elcomunista.org\/?p=5710#breadcrumb"},"inLanguage":"es","potentialAction":[{"@type":"ReadAction","target":["https:\/\/elcomunista.org\/?p=5710"]}]},{"@type":"ImageObject","inLanguage":"es","@id":"https:\/\/elcomunista.org\/?p=5710#primaryimage","url":"https:\/\/elcomunista.org\/wp-content\/uploads\/2019\/06\/no-afp.jpg","contentUrl":"https:\/\/elcomunista.org\/wp-content\/uploads\/2019\/06\/no-afp.jpg","width":1000,"height":600},{"@type":"BreadcrumbList","@id":"https:\/\/elcomunista.org\/?p=5710#breadcrumb","itemListElement":[{"@type":"ListItem","position":1,"name":"Portada","item":"https:\/\/elcomunista.org\/"},{"@type":"ListItem","position":2,"name":"Sobre la lucha de pensiones"}]},{"@type":"WebSite","@id":"https:\/\/elcomunista.org\/#website","url":"https:\/\/elcomunista.org\/","name":"Revoluci\u00f3n Comunista","description":"Internacional Comunista Revolucionaria","publisher":{"@id":"https:\/\/elcomunista.org\/#organization"},"potentialAction":[{"@type":"SearchAction","target":{"@type":"EntryPoint","urlTemplate":"https:\/\/elcomunista.org\/?s={search_term_string}"},"query-input":{"@type":"PropertyValueSpecification","valueRequired":true,"valueName":"search_term_string"}}],"inLanguage":"es"},{"@type":"Organization","@id":"https:\/\/elcomunista.org\/#organization","name":"Bloque Popular Juvenil","url":"https:\/\/elcomunista.org\/","logo":{"@type":"ImageObject","inLanguage":"es","@id":"https:\/\/elcomunista.org\/#\/schema\/logo\/image\/","url":"https:\/\/bloquepopularjuvenil.org\/wp-content\/uploads\/2018\/11\/bpj-militante.jpg","contentUrl":"https:\/\/bloquepopularjuvenil.org\/wp-content\/uploads\/2018\/11\/bpj-militante.jpg","width":4000,"height":1390,"caption":"Bloque Popular Juvenil"},"image":{"@id":"https:\/\/elcomunista.org\/#\/schema\/logo\/image\/"},"sameAs":["https:\/\/www.facebook.com\/Bloquepopularjuvenil","https:\/\/x.com\/ElBPJ","https:\/\/www.instagram.com\/elbloque_bpj\/?hl=es-la"]},{"@type":"Person","@id":"https:\/\/elcomunista.org\/#\/schema\/person\/cae245481f2f5705181d8fca38eb3040","name":"Oscar Ramos","image":{"@type":"ImageObject","inLanguage":"es","@id":"https:\/\/elcomunista.org\/#\/schema\/person\/image\/","url":"https:\/\/secure.gravatar.com\/avatar\/d2050b11ea2bf4090cbbb1a0570de857?s=96&d=mm&r=g","contentUrl":"https:\/\/secure.gravatar.com\/avatar\/d2050b11ea2bf4090cbbb1a0570de857?s=96&d=mm&r=g","caption":"Oscar Ramos"},"url":"https:\/\/elcomunista.org\/?author=87"}]}},"jetpack_featured_media_url":"https:\/\/elcomunista.org\/wp-content\/uploads\/2019\/06\/no-afp.jpg","jetpack_likes_enabled":true,"jetpack_sharing_enabled":true,"_links":{"self":[{"href":"https:\/\/elcomunista.org\/index.php?rest_route=\/wp\/v2\/posts\/5710"}],"collection":[{"href":"https:\/\/elcomunista.org\/index.php?rest_route=\/wp\/v2\/posts"}],"about":[{"href":"https:\/\/elcomunista.org\/index.php?rest_route=\/wp\/v2\/types\/post"}],"author":[{"embeddable":true,"href":"https:\/\/elcomunista.org\/index.php?rest_route=\/wp\/v2\/users\/87"}],"replies":[{"embeddable":true,"href":"https:\/\/elcomunista.org\/index.php?rest_route=%2Fwp%2Fv2%2Fcomments&post=5710"}],"version-history":[{"count":0,"href":"https:\/\/elcomunista.org\/index.php?rest_route=\/wp\/v2\/posts\/5710\/revisions"}],"wp:featuredmedia":[{"embeddable":true,"href":"https:\/\/elcomunista.org\/index.php?rest_route=\/wp\/v2\/media\/5711"}],"wp:attachment":[{"href":"https:\/\/elcomunista.org\/index.php?rest_route=%2Fwp%2Fv2%2Fmedia&parent=5710"}],"wp:term":[{"taxonomy":"category","embeddable":true,"href":"https:\/\/elcomunista.org\/index.php?rest_route=%2Fwp%2Fv2%2Fcategories&post=5710"},{"taxonomy":"post_tag","embeddable":true,"href":"https:\/\/elcomunista.org\/index.php?rest_route=%2Fwp%2Fv2%2Ftags&post=5710"}],"curies":[{"name":"wp","href":"https:\/\/api.w.org\/{rel}","templated":true}]}}