{"id":5922,"date":"2019-06-13T17:27:12","date_gmt":"2019-06-13T23:27:12","guid":{"rendered":"http:\/\/bloquepopularjuvenil.org\/?p=5922"},"modified":"2019-06-15T13:50:33","modified_gmt":"2019-06-15T19:50:33","slug":"hacia-donde-va-nuevas-ideas","status":"publish","type":"post","link":"https:\/\/elcomunista.org\/?p=5922","title":{"rendered":"\u00bfHacia d\u00f3nde va Nuevas Ideas?"},"content":{"rendered":"<p>Hist\u00f3ricamente la clase obrera se ha organizado para defender sus intereses, y lo ha hecho a trav\u00e9s de sindicatos, gremios, movimientos sociales y partidos obreros. La lucha de clases es una permanente escuela, de la que las masas van sacando conclusiones sobre los m\u00e9todos que les han permitido conquistar nuevas reivindicaciones y tambi\u00e9n lecciones de lo que los ha llevado al fracaso.<\/p>\n<p>En El Salvador, luego de vivir una d\u00e9cada gobernada bajo la batuta del FMLN, las masas deciden votar al candidato alternativo, es decir, a Nayib Bukele, quien le dio forma al movimiento Nuevas Ideas. El voto mayoritario hacia este controvertido personaje, responde a condiciones objetivas y subjetivas concretas, como lo hemos dicho en ocasiones anteriores, Bukele supo llenar el vac\u00edo pol\u00edtico dejado por ARENA y el FMLN, posicion\u00e1ndose como el candidato que romper\u00eda el bipartidismo y la polarizaci\u00f3n pol\u00edtica. Si el programa desarrollado por el FMLN en el Estado hubiera respondido a los intereses de los explotados, de ninguna manera se hubiera conformado el movimiento de Nuevas Ideas y mucho menos como partido.<\/p>\n<p>Es as\u00ed como nace este movimiento alrededor de la figura de Bukele, quien lo organiz\u00f3 y dirigi\u00f3 hasta convertirlo en un instituto pol\u00edtico. En repetidas ocasiones ha dicho que es un movimiento horizontal y que a \u00e9l puede ingresar cualquier tipo de persona, independientemente de su ideolog\u00eda o su procedencia pol\u00edtica. Esta caracter\u00edstica ha sido presentada como una fortaleza del ahora partido pol\u00edtico, que pretende ser el m\u00e1s abierto e inclusivo, diverso y horizontal. Si se est\u00e1 pensando en un partido para recolectar votos y ganar elecciones, cualquier persona con un DUI sirve para tal fin, pero es eso precisamente lo que hace \u00a0que los partidos pierdan la credibilidad ante la clase trabajadora; el hecho de desvincularse de la cotidianidad del d\u00eda a d\u00eda y solamente acercarse cada tres a\u00f1os a prometer el cielo y la tierra.<\/p>\n<p>El joven partido pol\u00edtico nace con muchas deformaciones cong\u00e9nitas, y careciendo de un ADN que lo identifique. Actualmente est\u00e1 compuesto por todo tipo de personas, como ya lo anunciaba su fundador, y entre ellas hay gente que busca un espacio de organizaci\u00f3n pol\u00edtica, con intenciones honestas y que tratan de incidir en la pol\u00edtica nacional a trav\u00e9s de dicho partido, mientras otras personas lo hacen porque les parece atrayente, pero tambi\u00e9n hay muchos oportunistas que buscan ganar protagonismo y arribar a puestos de direcci\u00f3n o a cargos p\u00fablicos para lucrarse personalmente. Con el tiempo estos arribistas controlar\u00e1n el partido y podr\u00e1n a sus allegados en puestos claves, desmoralizando a los seguidores honestos, y otra vez el mismo problema de un partido degenerado.<\/p>\n<p>Pareciera que es un ciclo interminable y que los pol\u00edticos son corruptos por antonomasia, lo cual no est\u00e1 alejado de la realidad, si lo separamos de la democracia obrera; sin embargo, el problema son los m\u00e9todos por los que se rige un partido, los \u00a0cuales son los que le pueden garantizar perdurar y cumplir sus objetivos hist\u00f3ricos, o llevarlo a su propia ruina. Bukele ha hablado mucho de democracia interna, pero podemos preguntarnos, \u00bfQui\u00e9n eligi\u00f3 a los emisarios? \u00bfQui\u00e9n defini\u00f3 sus funciones? \u00bfCu\u00e1ntos votaron para colocar a su actual secretario general? \u00bfCu\u00e1ntas personas se tomaron en cuenta para establecer sus estatutos o su plan de gobierno? Esto confirma que no es tan democr\u00e1tico como se quiere hacer ver. Recientemente anunci\u00f3 que habr\u00e1 elecciones internas para elegir dirigentes y candidatos como manda la ley de partidos pol\u00edticos, habr\u00e1 que esperar y ver c\u00f3mo se desarrollan en la pr\u00e1ctica estas elecciones.<\/p>\n<p>Otra debilidad es que el movimiento carece de una ideolog\u00eda, hasta el momento los integrantes de dicho partido han seguido a Bukele como persona, no porque defienda un programa, una teor\u00eda pol\u00edtica o econ\u00f3mica que pueda ser llevada a la pr\u00e1ctica sino porque creen que \u00e9l puede darle la respuesta a sus problemas. Lo que los limita a su forma de pensar y de ver la realidad, a simplemente aceptar sus decisiones. Ante la falta de una ideolog\u00eda definida, este partido est\u00e1 condenado a una muerte prematura. Teniendo en cuenta que no se permite la reelecci\u00f3n en la presidencia, \u00bfqu\u00e9 caracter\u00edsticas, principios o intereses tendr\u00e1 el candidato sucesor de Bukele? \u00bfQu\u00e9 hay de los diputados y alcaldes que se postular\u00e1n en 2021? Al parecer ser\u00e1n elegidos por principios meramente morales, al estilo de la meritocracia, sin ning\u00fan programa que los conecte con las bases a las que representar\u00e1n. Esto no llevar\u00e1 al pa\u00eds a ning\u00fan lado, solo seguir\u00e1 reproduciendo el statu quo sin tocar los problemas estructurales que sufre la sociedad bajo el capitalismo.<\/p>\n<p>Como marxistas no pretendemos profetizar lo que suceder\u00e1 en el futuro, no nos dedicamos a eso; nuestra tarea es hacer una lectura objetiva de la realidad y trazar una perspectiva sobre la que se desarrolla un programa de lucha con reivindicaciones laborales, pol\u00edticas y sociales que conecten con un objetivo central que, en nuestro caso es una econom\u00eda planificada de forma democr\u00e1tica por parte de los trabajadores.<\/p>\n<p>Dicho lo anterior no podemos asegurar si ser\u00e1n muchos o pocos los diputados que tendr\u00e1 este partido en la legislatura del 2021, sobre todo por lo cambiante e inestable que es la escena pol\u00edtica. Lo que si podemos decir es que las masas les dar\u00e1n el beneficio de la duda, y querr\u00e1n darle un soporte en la Asamblea Legislativa al presidente electo. Dichas elecciones ser\u00e1n claves para entender la nueva correlaci\u00f3n de fuerzas pol\u00edticas en el pa\u00eds, veremos los resultados de las sesiones de recuperaci\u00f3n por las que est\u00e1n atravesando los partidos tradicionales despu\u00e9s de su derrota electoral, o quedar\u00e1 confirmado el fin de los partidos que Bukele anunci\u00f3 liquidar.<\/p>\n<p>Si bien es cierto fue con el partido GANA que se inscribi\u00f3 el candidato; pero fueron los votantes de NI los que lo llevaron a la presidencia, votantes que en buena medida militaban o simpatizaban con la izquierda, puesto que fue el FMLN quien tuvo la mayor reducci\u00f3n de votos. Aqu\u00ed podemos ver que las masas est\u00e1n dispuestas a cambiar su realidad de una o de otra forma. Si las promesas de la libertad de empresa con el neoliberalismo, o el reformismo de la izquierda no resolvieron las condiciones precarias de los trabajadores, estos \u00faltimos buscar\u00e1n una alternativa, y si esta no funciona, no dudaran en cambiarla o modificarla.<\/p>\n<p>Este ser\u00e1 un gobierno sometido a mucha presi\u00f3n social, desde ya, las masas exigen cambios y soluciones. Los empresarios tambi\u00e9n exigir\u00e1n su porci\u00f3n y muchos intereses estar\u00e1n en juego en cada decisi\u00f3n del Ejecutivo, por otra parte sus propios votantes querr\u00e1n ver cumplidas todas y cada una de las promesas realizadas en campa\u00f1a. Ser\u00e1 muy limitada la tolerancia que puedan tener los trabajadores ante un gobierno que no de luces de resolver las problem\u00e1ticas m\u00e1s sentidas. Despu\u00e9s de ver los resultados del gobierno de izquierda los trabajadores ser\u00e1n muy esc\u00e9pticos ante las medidas tibias. Con esto no estamos diciendo que el gobierno de Bukele ser\u00e1 revolucionario o que resolver\u00e1 todas las contradicciones que el pa\u00eds necesita; lo que estamos planteando es que las masas exigir\u00e1n mucho m\u00e1s al gobierno que a cualquier otro, tanto la oposici\u00f3n como aquellos que pusieron su confianza en \u00e9l.<\/p>\n<p>Para que un instrumento de lucha de los trabajadores cumpla su raz\u00f3n de ser, primeramente debe definir su ideolog\u00eda y su programa pol\u00edtico, no puede ir improvisando todo el tiempo. Y si los dirigentes no muestran iniciativa de hacerlo, ser\u00e1n las bases quienes presionen hacia donde quieren que se dirija el movimiento. Pero para esto no funciona la horizontalidad, es mentira que una organizaci\u00f3n se puede conducir sin una direcci\u00f3n, tarde o temprano surge una camarilla que se va enquistando a la cabeza del movimiento y toma las decisiones en nombre de todos.<\/p>\n<p>En pol\u00edtica no hay nada escrito, y son los acontecimientos los que van moldeando a los partido, si NI contin\u00faa en el limbo entre izquierda y derecha, no llegar\u00e1 muy lejos, pero si sus miembros toman un mayor protagonismo pueden sacar mucho provecho de esta organizaci\u00f3n espontanea, que surgi\u00f3 de la necesidad de un verdadero cambio, el cual se har\u00e1 efectivo solo si son los obreros, campesinos, estudiantes quienes toman en sus manos el destino de su pa\u00eds y de su futuro. La experiencia nos ha demostrado que a ra\u00edz de las grandes conmociones sociales, las masas sacan conclusiones mucho m\u00e1s r\u00e1pido que en periodos de relativa calma, y lo que se viene para El Salvador es m\u00e1s lucha organizada y de calles que sacudir\u00e1 incluso a los sectores m\u00e1s ap\u00e1ticos a la actividad pol\u00edtica.<\/p>\n","protected":false},"excerpt":{"rendered":"<p>Hist\u00f3ricamente la clase obrera se ha organizado para defender sus intereses, y lo ha hecho a trav\u00e9s de sindicatos, gremios, movimientos sociales y partidos obreros. La lucha de clases es una permanente escuela, de la que las masas van sacando conclusiones sobre los m\u00e9todos que les han permitido conquistar nuevas reivindicaciones y tambi\u00e9n lecciones de&#8230;<\/p>\n","protected":false},"author":10,"featured_media":5923,"comment_status":"open","ping_status":"open","sticky":false,"template":"","format":"standard","meta":{"_monsterinsights_skip_tracking":false,"_monsterinsights_sitenote_active":false,"_monsterinsights_sitenote_note":"","_monsterinsights_sitenote_category":0,"_uf_show_specific_survey":0,"_uf_disable_surveys":false,"_jetpack_memberships_contains_paid_content":false,"footnotes":""},"categories":[3],"tags":[233],"class_list":["post-5922","post","type-post","status-publish","format-standard","has-post-thumbnail","hentry","category-politica","tag-nuevas-ideas"],"aioseo_notices":[],"yoast_head":"<!-- This site is optimized with the Yoast SEO plugin v25.6 - https:\/\/yoast.com\/wordpress\/plugins\/seo\/ -->\n<title>\u00bfHacia d\u00f3nde va Nuevas Ideas?<\/title>\n<meta name=\"robots\" content=\"index, follow, max-snippet:-1, max-image-preview:large, max-video-preview:-1\" \/>\n<link rel=\"canonical\" href=\"https:\/\/elcomunista.org\/?p=5922\" \/>\n<meta property=\"og:locale\" content=\"es_ES\" \/>\n<meta property=\"og:type\" content=\"article\" \/>\n<meta property=\"og:title\" content=\"\u00bfHacia d\u00f3nde va Nuevas Ideas?\" \/>\n<meta property=\"og:description\" content=\"Hist\u00f3ricamente la clase obrera se ha organizado para defender sus intereses, y lo ha hecho a trav\u00e9s de sindicatos, gremios, movimientos sociales y partidos obreros. La lucha de clases es una permanente escuela, de la que las masas van sacando conclusiones sobre los m\u00e9todos que les han permitido conquistar nuevas reivindicaciones y tambi\u00e9n lecciones de...\" \/>\n<meta property=\"og:url\" content=\"https:\/\/elcomunista.org\/?p=5922\" \/>\n<meta property=\"og:site_name\" content=\"Revoluci\u00f3n Comunista\" \/>\n<meta property=\"article:publisher\" content=\"https:\/\/www.facebook.com\/Bloquepopularjuvenil\" \/>\n<meta property=\"article:published_time\" content=\"2019-06-13T23:27:12+00:00\" \/>\n<meta property=\"article:modified_time\" content=\"2019-06-15T19:50:33+00:00\" \/>\n<meta property=\"og:image\" content=\"https:\/\/elcomunista.org\/wp-content\/uploads\/2019\/06\/2018012122294658027.jpg\" \/>\n\t<meta property=\"og:image:width\" content=\"960\" \/>\n\t<meta property=\"og:image:height\" content=\"720\" \/>\n\t<meta property=\"og:image:type\" content=\"image\/jpeg\" \/>\n<meta name=\"author\" content=\"Josu\u00e9 Mart\u00ednez\" \/>\n<meta name=\"twitter:card\" content=\"summary_large_image\" \/>\n<meta name=\"twitter:creator\" content=\"@ElBPJ\" \/>\n<meta name=\"twitter:site\" content=\"@ElBPJ\" \/>\n<meta name=\"twitter:label1\" content=\"Escrito por\" \/>\n\t<meta name=\"twitter:data1\" content=\"Josu\u00e9 Mart\u00ednez\" \/>\n\t<meta name=\"twitter:label2\" content=\"Tiempo de lectura\" \/>\n\t<meta name=\"twitter:data2\" content=\"8 minutos\" \/>\n<script type=\"application\/ld+json\" class=\"yoast-schema-graph\">{\"@context\":\"https:\/\/schema.org\",\"@graph\":[{\"@type\":\"Article\",\"@id\":\"https:\/\/elcomunista.org\/?p=5922#article\",\"isPartOf\":{\"@id\":\"https:\/\/elcomunista.org\/?p=5922\"},\"author\":{\"name\":\"Josu\u00e9 Mart\u00ednez\",\"@id\":\"https:\/\/elcomunista.org\/#\/schema\/person\/cf0616b7f004d00916008b50a3667e52\"},\"headline\":\"\u00bfHacia d\u00f3nde va Nuevas Ideas?\",\"datePublished\":\"2019-06-13T23:27:12+00:00\",\"dateModified\":\"2019-06-15T19:50:33+00:00\",\"mainEntityOfPage\":{\"@id\":\"https:\/\/elcomunista.org\/?p=5922\"},\"wordCount\":1526,\"commentCount\":0,\"publisher\":{\"@id\":\"https:\/\/elcomunista.org\/#organization\"},\"image\":{\"@id\":\"https:\/\/elcomunista.org\/?p=5922#primaryimage\"},\"thumbnailUrl\":\"https:\/\/elcomunista.org\/wp-content\/uploads\/2019\/06\/2018012122294658027.jpg\",\"keywords\":[\"Nuevas Ideas\"],\"articleSection\":[\"Pol\u00edtica\"],\"inLanguage\":\"es\",\"potentialAction\":[{\"@type\":\"CommentAction\",\"name\":\"Comment\",\"target\":[\"https:\/\/elcomunista.org\/?p=5922#respond\"]}]},{\"@type\":\"WebPage\",\"@id\":\"https:\/\/elcomunista.org\/?p=5922\",\"url\":\"https:\/\/elcomunista.org\/?p=5922\",\"name\":\"\u00bfHacia d\u00f3nde va Nuevas Ideas?\",\"isPartOf\":{\"@id\":\"https:\/\/elcomunista.org\/#website\"},\"primaryImageOfPage\":{\"@id\":\"https:\/\/elcomunista.org\/?p=5922#primaryimage\"},\"image\":{\"@id\":\"https:\/\/elcomunista.org\/?p=5922#primaryimage\"},\"thumbnailUrl\":\"https:\/\/elcomunista.org\/wp-content\/uploads\/2019\/06\/2018012122294658027.jpg\",\"datePublished\":\"2019-06-13T23:27:12+00:00\",\"dateModified\":\"2019-06-15T19:50:33+00:00\",\"breadcrumb\":{\"@id\":\"https:\/\/elcomunista.org\/?p=5922#breadcrumb\"},\"inLanguage\":\"es\",\"potentialAction\":[{\"@type\":\"ReadAction\",\"target\":[\"https:\/\/elcomunista.org\/?p=5922\"]}]},{\"@type\":\"ImageObject\",\"inLanguage\":\"es\",\"@id\":\"https:\/\/elcomunista.org\/?p=5922#primaryimage\",\"url\":\"https:\/\/elcomunista.org\/wp-content\/uploads\/2019\/06\/2018012122294658027.jpg\",\"contentUrl\":\"https:\/\/elcomunista.org\/wp-content\/uploads\/2019\/06\/2018012122294658027.jpg\",\"width\":960,\"height\":720},{\"@type\":\"BreadcrumbList\",\"@id\":\"https:\/\/elcomunista.org\/?p=5922#breadcrumb\",\"itemListElement\":[{\"@type\":\"ListItem\",\"position\":1,\"name\":\"Portada\",\"item\":\"https:\/\/elcomunista.org\/\"},{\"@type\":\"ListItem\",\"position\":2,\"name\":\"\u00bfHacia d\u00f3nde va Nuevas Ideas?\"}]},{\"@type\":\"WebSite\",\"@id\":\"https:\/\/elcomunista.org\/#website\",\"url\":\"https:\/\/elcomunista.org\/\",\"name\":\"Revoluci\u00f3n Comunista\",\"description\":\"Internacional Comunista Revolucionaria\",\"publisher\":{\"@id\":\"https:\/\/elcomunista.org\/#organization\"},\"potentialAction\":[{\"@type\":\"SearchAction\",\"target\":{\"@type\":\"EntryPoint\",\"urlTemplate\":\"https:\/\/elcomunista.org\/?s={search_term_string}\"},\"query-input\":{\"@type\":\"PropertyValueSpecification\",\"valueRequired\":true,\"valueName\":\"search_term_string\"}}],\"inLanguage\":\"es\"},{\"@type\":\"Organization\",\"@id\":\"https:\/\/elcomunista.org\/#organization\",\"name\":\"Bloque Popular Juvenil\",\"url\":\"https:\/\/elcomunista.org\/\",\"logo\":{\"@type\":\"ImageObject\",\"inLanguage\":\"es\",\"@id\":\"https:\/\/elcomunista.org\/#\/schema\/logo\/image\/\",\"url\":\"https:\/\/bloquepopularjuvenil.org\/wp-content\/uploads\/2018\/11\/bpj-militante.jpg\",\"contentUrl\":\"https:\/\/bloquepopularjuvenil.org\/wp-content\/uploads\/2018\/11\/bpj-militante.jpg\",\"width\":4000,\"height\":1390,\"caption\":\"Bloque Popular Juvenil\"},\"image\":{\"@id\":\"https:\/\/elcomunista.org\/#\/schema\/logo\/image\/\"},\"sameAs\":[\"https:\/\/www.facebook.com\/Bloquepopularjuvenil\",\"https:\/\/x.com\/ElBPJ\",\"https:\/\/www.instagram.com\/elbloque_bpj\/?hl=es-la\"]},{\"@type\":\"Person\",\"@id\":\"https:\/\/elcomunista.org\/#\/schema\/person\/cf0616b7f004d00916008b50a3667e52\",\"name\":\"Josu\u00e9 Mart\u00ednez\",\"image\":{\"@type\":\"ImageObject\",\"inLanguage\":\"es\",\"@id\":\"https:\/\/elcomunista.org\/#\/schema\/person\/image\/\",\"url\":\"https:\/\/secure.gravatar.com\/avatar\/50dabdaa5b1ce442a0bd1c1caa447fb8?s=96&d=mm&r=g\",\"contentUrl\":\"https:\/\/secure.gravatar.com\/avatar\/50dabdaa5b1ce442a0bd1c1caa447fb8?s=96&d=mm&r=g\",\"caption\":\"Josu\u00e9 Mart\u00ednez\"},\"url\":\"https:\/\/elcomunista.org\/?author=10\"}]}<\/script>\n<!-- \/ Yoast SEO plugin. -->","yoast_head_json":{"title":"\u00bfHacia d\u00f3nde va Nuevas Ideas?","robots":{"index":"index","follow":"follow","max-snippet":"max-snippet:-1","max-image-preview":"max-image-preview:large","max-video-preview":"max-video-preview:-1"},"canonical":"https:\/\/elcomunista.org\/?p=5922","og_locale":"es_ES","og_type":"article","og_title":"\u00bfHacia d\u00f3nde va Nuevas Ideas?","og_description":"Hist\u00f3ricamente la clase obrera se ha organizado para defender sus intereses, y lo ha hecho a trav\u00e9s de sindicatos, gremios, movimientos sociales y partidos obreros. La lucha de clases es una permanente escuela, de la que las masas van sacando conclusiones sobre los m\u00e9todos que les han permitido conquistar nuevas reivindicaciones y tambi\u00e9n lecciones de...","og_url":"https:\/\/elcomunista.org\/?p=5922","og_site_name":"Revoluci\u00f3n Comunista","article_publisher":"https:\/\/www.facebook.com\/Bloquepopularjuvenil","article_published_time":"2019-06-13T23:27:12+00:00","article_modified_time":"2019-06-15T19:50:33+00:00","og_image":[{"width":960,"height":720,"url":"https:\/\/elcomunista.org\/wp-content\/uploads\/2019\/06\/2018012122294658027.jpg","type":"image\/jpeg"}],"author":"Josu\u00e9 Mart\u00ednez","twitter_card":"summary_large_image","twitter_creator":"@ElBPJ","twitter_site":"@ElBPJ","twitter_misc":{"Escrito por":"Josu\u00e9 Mart\u00ednez","Tiempo de lectura":"8 minutos"},"schema":{"@context":"https:\/\/schema.org","@graph":[{"@type":"Article","@id":"https:\/\/elcomunista.org\/?p=5922#article","isPartOf":{"@id":"https:\/\/elcomunista.org\/?p=5922"},"author":{"name":"Josu\u00e9 Mart\u00ednez","@id":"https:\/\/elcomunista.org\/#\/schema\/person\/cf0616b7f004d00916008b50a3667e52"},"headline":"\u00bfHacia d\u00f3nde va Nuevas Ideas?","datePublished":"2019-06-13T23:27:12+00:00","dateModified":"2019-06-15T19:50:33+00:00","mainEntityOfPage":{"@id":"https:\/\/elcomunista.org\/?p=5922"},"wordCount":1526,"commentCount":0,"publisher":{"@id":"https:\/\/elcomunista.org\/#organization"},"image":{"@id":"https:\/\/elcomunista.org\/?p=5922#primaryimage"},"thumbnailUrl":"https:\/\/elcomunista.org\/wp-content\/uploads\/2019\/06\/2018012122294658027.jpg","keywords":["Nuevas Ideas"],"articleSection":["Pol\u00edtica"],"inLanguage":"es","potentialAction":[{"@type":"CommentAction","name":"Comment","target":["https:\/\/elcomunista.org\/?p=5922#respond"]}]},{"@type":"WebPage","@id":"https:\/\/elcomunista.org\/?p=5922","url":"https:\/\/elcomunista.org\/?p=5922","name":"\u00bfHacia d\u00f3nde va Nuevas Ideas?","isPartOf":{"@id":"https:\/\/elcomunista.org\/#website"},"primaryImageOfPage":{"@id":"https:\/\/elcomunista.org\/?p=5922#primaryimage"},"image":{"@id":"https:\/\/elcomunista.org\/?p=5922#primaryimage"},"thumbnailUrl":"https:\/\/elcomunista.org\/wp-content\/uploads\/2019\/06\/2018012122294658027.jpg","datePublished":"2019-06-13T23:27:12+00:00","dateModified":"2019-06-15T19:50:33+00:00","breadcrumb":{"@id":"https:\/\/elcomunista.org\/?p=5922#breadcrumb"},"inLanguage":"es","potentialAction":[{"@type":"ReadAction","target":["https:\/\/elcomunista.org\/?p=5922"]}]},{"@type":"ImageObject","inLanguage":"es","@id":"https:\/\/elcomunista.org\/?p=5922#primaryimage","url":"https:\/\/elcomunista.org\/wp-content\/uploads\/2019\/06\/2018012122294658027.jpg","contentUrl":"https:\/\/elcomunista.org\/wp-content\/uploads\/2019\/06\/2018012122294658027.jpg","width":960,"height":720},{"@type":"BreadcrumbList","@id":"https:\/\/elcomunista.org\/?p=5922#breadcrumb","itemListElement":[{"@type":"ListItem","position":1,"name":"Portada","item":"https:\/\/elcomunista.org\/"},{"@type":"ListItem","position":2,"name":"\u00bfHacia d\u00f3nde va Nuevas Ideas?"}]},{"@type":"WebSite","@id":"https:\/\/elcomunista.org\/#website","url":"https:\/\/elcomunista.org\/","name":"Revoluci\u00f3n Comunista","description":"Internacional Comunista Revolucionaria","publisher":{"@id":"https:\/\/elcomunista.org\/#organization"},"potentialAction":[{"@type":"SearchAction","target":{"@type":"EntryPoint","urlTemplate":"https:\/\/elcomunista.org\/?s={search_term_string}"},"query-input":{"@type":"PropertyValueSpecification","valueRequired":true,"valueName":"search_term_string"}}],"inLanguage":"es"},{"@type":"Organization","@id":"https:\/\/elcomunista.org\/#organization","name":"Bloque Popular Juvenil","url":"https:\/\/elcomunista.org\/","logo":{"@type":"ImageObject","inLanguage":"es","@id":"https:\/\/elcomunista.org\/#\/schema\/logo\/image\/","url":"https:\/\/bloquepopularjuvenil.org\/wp-content\/uploads\/2018\/11\/bpj-militante.jpg","contentUrl":"https:\/\/bloquepopularjuvenil.org\/wp-content\/uploads\/2018\/11\/bpj-militante.jpg","width":4000,"height":1390,"caption":"Bloque Popular Juvenil"},"image":{"@id":"https:\/\/elcomunista.org\/#\/schema\/logo\/image\/"},"sameAs":["https:\/\/www.facebook.com\/Bloquepopularjuvenil","https:\/\/x.com\/ElBPJ","https:\/\/www.instagram.com\/elbloque_bpj\/?hl=es-la"]},{"@type":"Person","@id":"https:\/\/elcomunista.org\/#\/schema\/person\/cf0616b7f004d00916008b50a3667e52","name":"Josu\u00e9 Mart\u00ednez","image":{"@type":"ImageObject","inLanguage":"es","@id":"https:\/\/elcomunista.org\/#\/schema\/person\/image\/","url":"https:\/\/secure.gravatar.com\/avatar\/50dabdaa5b1ce442a0bd1c1caa447fb8?s=96&d=mm&r=g","contentUrl":"https:\/\/secure.gravatar.com\/avatar\/50dabdaa5b1ce442a0bd1c1caa447fb8?s=96&d=mm&r=g","caption":"Josu\u00e9 Mart\u00ednez"},"url":"https:\/\/elcomunista.org\/?author=10"}]}},"jetpack_featured_media_url":"https:\/\/elcomunista.org\/wp-content\/uploads\/2019\/06\/2018012122294658027.jpg","jetpack_likes_enabled":true,"jetpack_sharing_enabled":true,"_links":{"self":[{"href":"https:\/\/elcomunista.org\/index.php?rest_route=\/wp\/v2\/posts\/5922"}],"collection":[{"href":"https:\/\/elcomunista.org\/index.php?rest_route=\/wp\/v2\/posts"}],"about":[{"href":"https:\/\/elcomunista.org\/index.php?rest_route=\/wp\/v2\/types\/post"}],"author":[{"embeddable":true,"href":"https:\/\/elcomunista.org\/index.php?rest_route=\/wp\/v2\/users\/10"}],"replies":[{"embeddable":true,"href":"https:\/\/elcomunista.org\/index.php?rest_route=%2Fwp%2Fv2%2Fcomments&post=5922"}],"version-history":[{"count":0,"href":"https:\/\/elcomunista.org\/index.php?rest_route=\/wp\/v2\/posts\/5922\/revisions"}],"wp:featuredmedia":[{"embeddable":true,"href":"https:\/\/elcomunista.org\/index.php?rest_route=\/wp\/v2\/media\/5923"}],"wp:attachment":[{"href":"https:\/\/elcomunista.org\/index.php?rest_route=%2Fwp%2Fv2%2Fmedia&parent=5922"}],"wp:term":[{"taxonomy":"category","embeddable":true,"href":"https:\/\/elcomunista.org\/index.php?rest_route=%2Fwp%2Fv2%2Fcategories&post=5922"},{"taxonomy":"post_tag","embeddable":true,"href":"https:\/\/elcomunista.org\/index.php?rest_route=%2Fwp%2Fv2%2Ftags&post=5922"}],"curies":[{"name":"wp","href":"https:\/\/api.w.org\/{rel}","templated":true}]}}