{"id":6116,"date":"2019-06-25T13:21:15","date_gmt":"2019-06-25T19:21:15","guid":{"rendered":"http:\/\/bloquepopularjuvenil.org\/?p=6116"},"modified":"2019-06-25T13:47:14","modified_gmt":"2019-06-25T19:47:14","slug":"por-una-mejor-honduras-botemos-la-dictadura-no-solo-al-dictador","status":"publish","type":"post","link":"https:\/\/elcomunista.org\/?p=6116","title":{"rendered":"Por una mejor Honduras: \u00a1botemos la dictadura, no s\u00f3lo al dictador!"},"content":{"rendered":"<p>Cuando nos referimos a la dictadura a veces resulta dif\u00edcil comprender que se trata de toda un estructura pol\u00edtica que sostienen grupos de poder que por cientos de a\u00f1os han puesto y quitado presidentes a su gusto, no solamente se trata de personajes que llegaron a la silla presidencial por meras aspiraciones. En Honduras no hay lugar en el que no se escuche el tradicional \u201cFuera JOH\u201d, esto como una exigencia inmediata ante la crisis que desangra al pa\u00eds pero, desde un punto de vista m\u00e1s objetivo: \u00bfrealmente basta s\u00f3lo con sacar a JOH?<\/p>\n<p>Muchos discursos est\u00e1n encaminados a la salida de JOH como una soluci\u00f3n a tantas problem\u00e1ticas que azotan al pa\u00eds; lo cierto es que el poder pol\u00edtico en Honduras no se manifiesta solamente a trav\u00e9s de la c\u00e1mara presidencial, en Honduras, como en la mayor\u00eda de pa\u00edses, el Estado resulta de la fusi\u00f3n de tres poderes:<\/p>\n<ul>\n<li><strong>Legislativo:<\/strong> se encarga de elaborar leyes en supuesto beneficio del pueblo, claramente eso no es as\u00ed, la historia ha demostrado que en el congreso los diputados, que son quienes conforman este poder, solo se encargan de legislar para las clases dominantes. La burgues\u00eda, no financia campa\u00f1as pol\u00edticas a los partidos tradicionales por gusto, los diputados son en primera instancia hombres y mujeres al servicio de la clase dominante; todas las concesiones sobre la privatizaci\u00f3n de la energ\u00eda el\u00e9ctrica, la salud, la educaci\u00f3n, la ley de condena de terrorismo por manifestarse. Todo eso y mucho m\u00e1s, son producto de decisiones tomadas en el congreso por los partidos de la burgues\u00eda: el Partido Nacional, el Partido Liberal y otras minor\u00edas.<\/li>\n<\/ul>\n<p>&nbsp;<\/p>\n<ul>\n<li><strong>Judicial:<\/strong> Se supone que administra la justicia en la sociedad, es ejercido por jueces y tribunales, su papel hist\u00f3ricamente ha sido proteger a los burgueses y juzgar a los pobres. En las c\u00e1rceles de Honduras, por muy incre\u00edble e ind\u00edgnate que suene, se han privado de libertad a personas por robarse una gallina como el caso de Jos\u00e9 \u00c1lvarez, un labrador de 25 a\u00f1os de la zona sur del pa\u00eds, que fue presentado a la polic\u00eda y su caso correspond\u00eda a una pena de entre 2 a 5 a\u00f1os. Como ese caso existen muchos y lo que llama la atenci\u00f3n es c\u00f3mo ellos (que dise\u00f1an la \u201cjusticia\u201d) crean la escenario (la pobreza), y son los mismo que castigan a los pobres, a los estudiantes por manifestarse por querer tener una mejor universidad, a los desempleados por querer oportunidades para comer, a las mujeres por decidir sobre su cuerpo etc., pero no pasa lo mismo con los ricos que han hecho de este pa\u00eds, con todo el sentido de la palabra, un estercolero, donde las arcas del Estado son ultra saqueadas sin que haya quien los juzgue. Tenemos el caso del IHSS, donde muchos quedaron en la impunidad y los pocos que fueron juzgados est\u00e1n en batallones con camas ortop\u00e9dicas, plasmas, buenas comidas y cualquier lujo que se les ocurra. Existen infinidad de casos nefastos de impunidad con los ricos e injusticia con los pobres, es obligatorio comprender que el sistema judicial en Honduras tiene que ser totalmente depurado.<\/li>\n<\/ul>\n<p>&nbsp;<\/p>\n<ul>\n<li><strong>Ejecutivo:<\/strong> aqu\u00ed se encuentra el gobierno presidencial, que en la actualidad es liderado por JOH. Ning\u00fan gobierno en la historia, a excepci\u00f3n del per\u00edodo de Manuel Zelaya (que culmin\u00f3 por un golpe de Estado imperialista) ha mostrado deseos genuinos por la prosperidad del pa\u00eds, todo lo contrario, cada gobierno casi siempre ha resultado m\u00e1s nefasto que el anterior y justamente por eso es que tenemos que comprender que en el marco de este sistema es imposible acabar con todos los males, porque simplemente no est\u00e1 dise\u00f1ado para que haya justicia y prosperidad para todos.<\/li>\n<\/ul>\n<p><strong>Botemos a la burgues\u00eda par\u00e1sita<\/strong><\/p>\n<p>El partido LIBRE, que es la fuerza pol\u00edtica m\u00e1s grande de Honduras, pero en el congreso es minor\u00eda (respecto al Partido Nacional, que ha colado m\u00e1s diputados por el robo a las elecciones); no debe limitar su lucha en la c\u00e1mara legislativa o luchar solamente por las elecciones, tiene que estar presente y organizando en la calles un combate contra la estructura misma, hombro a hombro con el pueblo y no solamente con sacos y corbatas desde sus sillas en el congreso.<\/p>\n<p>La democracia representativa de la burgues\u00eda se basa en ideolog\u00eda falsa; representa intereses particulares de millonarios, no hay representaci\u00f3n de los pobres, debe existir un Estado controlado por los trabajadores, donde la econom\u00eda del pa\u00eds est\u00e9 planificada y dirigida por los obreros.<\/p>\n<p>Marx y Engels en el manifiesto comunista dec\u00edan:<\/p>\n<p>\u201cEl\u00a0 gobierno\u00a0 del\u00a0 Estado moderno\u00a0 no\u00a0 es\u00a0 m\u00e1s\u00a0 que\u00a0 una\u00a0 junta\u00a0 que\u00a0 administra\u00a0 los\u00a0 negocios\u00a0 comunes\u00a0 de\u00a0 toda\u00a0 la\u00a0 clase\u00a0 burguesa.\u201d<\/p>\n<p>JOH s\u00f3lo es la cara de la burgues\u00eda que domina sobre los hondure\u00f1os desde hace cientos de a\u00f1os, no podemos seguir jugando en su terreno, hace falta una revoluci\u00f3n por la toma de los medios de producci\u00f3n, o sea, la toma de las maquinarias, transportes, herramientas, que ahora son propiedad de grupos muy peque\u00f1os pero que reprime a todo un pa\u00eds de 9 millones de habitantes. No es justo que grupitos de poder hagan del pa\u00eds un potrero donde se destruye cuanto sea necesario, es hora de encaminar la lucha a una trasformaci\u00f3n de ra\u00edz que rompa las viejas relaciones entre ricos y pobres, un gobierno de la oposici\u00f3n bajo este mismo sistema s\u00f3lo puede garantizar unas peque\u00f1as mejoras, pero en el fondo si no se expropia a la burgues\u00eda de lo que le pertenece a la clase trabajadora pero que se le ha negado, el pa\u00eds no puede cambiar.<\/p>\n<p>Si queremos cambios: \u00a1Expropiemos a la burgues\u00eda!<\/p>\n","protected":false},"excerpt":{"rendered":"<p>Cuando nos referimos a la dictadura a veces resulta dif\u00edcil comprender que se trata de toda un estructura pol\u00edtica que sostienen grupos de poder que por cientos de a\u00f1os han puesto y quitado presidentes a su gusto, no solamente se trata de personajes que llegaron a la silla presidencial por meras aspiraciones. En Honduras no&#8230;<\/p>\n","protected":false},"author":83,"featured_media":6117,"comment_status":"open","ping_status":"open","sticky":false,"template":"","format":"standard","meta":{"_monsterinsights_skip_tracking":false,"_monsterinsights_sitenote_active":false,"_monsterinsights_sitenote_note":"","_monsterinsights_sitenote_category":0,"_uf_show_specific_survey":0,"_uf_disable_surveys":false,"_jetpack_memberships_contains_paid_content":false,"footnotes":""},"categories":[9],"tags":[797,341,379],"class_list":["post-6116","post","type-post","status-publish","format-standard","has-post-thumbnail","hentry","category-honduras","tag-dictadura","tag-honduras","tag-joh"],"aioseo_notices":[],"yoast_head":"<!-- This site is optimized with the Yoast SEO plugin v25.6 - https:\/\/yoast.com\/wordpress\/plugins\/seo\/ -->\n<title>Por una mejor Honduras: \u00a1botemos la dictadura, no s\u00f3lo al dictador!<\/title>\n<meta name=\"robots\" content=\"index, follow, max-snippet:-1, max-image-preview:large, max-video-preview:-1\" \/>\n<link rel=\"canonical\" href=\"https:\/\/elcomunista.org\/?p=6116\" \/>\n<meta property=\"og:locale\" content=\"es_ES\" \/>\n<meta property=\"og:type\" content=\"article\" \/>\n<meta property=\"og:title\" content=\"Por una mejor Honduras: \u00a1botemos la dictadura, no s\u00f3lo al dictador!\" \/>\n<meta property=\"og:description\" content=\"Cuando nos referimos a la dictadura a veces resulta dif\u00edcil comprender que se trata de toda un estructura pol\u00edtica que sostienen grupos de poder que por cientos de a\u00f1os han puesto y quitado presidentes a su gusto, no solamente se trata de personajes que llegaron a la silla presidencial por meras aspiraciones. En Honduras no...\" \/>\n<meta property=\"og:url\" content=\"https:\/\/elcomunista.org\/?p=6116\" \/>\n<meta property=\"og:site_name\" content=\"Revoluci\u00f3n Comunista\" \/>\n<meta property=\"article:publisher\" content=\"https:\/\/www.facebook.com\/Bloquepopularjuvenil\" \/>\n<meta property=\"article:published_time\" content=\"2019-06-25T19:21:15+00:00\" \/>\n<meta property=\"article:modified_time\" content=\"2019-06-25T19:47:14+00:00\" \/>\n<meta property=\"og:image\" content=\"https:\/\/elcomunista.org\/wp-content\/uploads\/2019\/06\/represi\u00f3n.jpg\" \/>\n\t<meta property=\"og:image:width\" content=\"1200\" \/>\n\t<meta property=\"og:image:height\" content=\"628\" \/>\n\t<meta property=\"og:image:type\" content=\"image\/jpeg\" \/>\n<meta name=\"author\" content=\"Fabricio Varela\" \/>\n<meta name=\"twitter:card\" content=\"summary_large_image\" \/>\n<meta name=\"twitter:creator\" content=\"@ElBPJ\" \/>\n<meta name=\"twitter:site\" content=\"@ElBPJ\" \/>\n<meta name=\"twitter:label1\" content=\"Escrito por\" \/>\n\t<meta name=\"twitter:data1\" content=\"Fabricio Varela\" \/>\n\t<meta name=\"twitter:label2\" content=\"Tiempo de lectura\" \/>\n\t<meta name=\"twitter:data2\" content=\"5 minutos\" \/>\n<script type=\"application\/ld+json\" class=\"yoast-schema-graph\">{\"@context\":\"https:\/\/schema.org\",\"@graph\":[{\"@type\":\"Article\",\"@id\":\"https:\/\/elcomunista.org\/?p=6116#article\",\"isPartOf\":{\"@id\":\"https:\/\/elcomunista.org\/?p=6116\"},\"author\":{\"name\":\"Fabricio Varela\",\"@id\":\"https:\/\/elcomunista.org\/#\/schema\/person\/c4a92faa2f9a0c8999fc495bb286533e\"},\"headline\":\"Por una mejor Honduras: \u00a1botemos la dictadura, no s\u00f3lo al dictador!\",\"datePublished\":\"2019-06-25T19:21:15+00:00\",\"dateModified\":\"2019-06-25T19:47:14+00:00\",\"mainEntityOfPage\":{\"@id\":\"https:\/\/elcomunista.org\/?p=6116\"},\"wordCount\":1012,\"commentCount\":0,\"publisher\":{\"@id\":\"https:\/\/elcomunista.org\/#organization\"},\"image\":{\"@id\":\"https:\/\/elcomunista.org\/?p=6116#primaryimage\"},\"thumbnailUrl\":\"https:\/\/elcomunista.org\/wp-content\/uploads\/2019\/06\/represi\u00f3n.jpg\",\"keywords\":[\"dictadura\",\"Honduras\",\"JOH\"],\"articleSection\":[\"Honduras\"],\"inLanguage\":\"es\",\"potentialAction\":[{\"@type\":\"CommentAction\",\"name\":\"Comment\",\"target\":[\"https:\/\/elcomunista.org\/?p=6116#respond\"]}]},{\"@type\":\"WebPage\",\"@id\":\"https:\/\/elcomunista.org\/?p=6116\",\"url\":\"https:\/\/elcomunista.org\/?p=6116\",\"name\":\"Por una mejor Honduras: \u00a1botemos la dictadura, no s\u00f3lo al dictador!\",\"isPartOf\":{\"@id\":\"https:\/\/elcomunista.org\/#website\"},\"primaryImageOfPage\":{\"@id\":\"https:\/\/elcomunista.org\/?p=6116#primaryimage\"},\"image\":{\"@id\":\"https:\/\/elcomunista.org\/?p=6116#primaryimage\"},\"thumbnailUrl\":\"https:\/\/elcomunista.org\/wp-content\/uploads\/2019\/06\/represi\u00f3n.jpg\",\"datePublished\":\"2019-06-25T19:21:15+00:00\",\"dateModified\":\"2019-06-25T19:47:14+00:00\",\"breadcrumb\":{\"@id\":\"https:\/\/elcomunista.org\/?p=6116#breadcrumb\"},\"inLanguage\":\"es\",\"potentialAction\":[{\"@type\":\"ReadAction\",\"target\":[\"https:\/\/elcomunista.org\/?p=6116\"]}]},{\"@type\":\"ImageObject\",\"inLanguage\":\"es\",\"@id\":\"https:\/\/elcomunista.org\/?p=6116#primaryimage\",\"url\":\"https:\/\/elcomunista.org\/wp-content\/uploads\/2019\/06\/represi\u00f3n.jpg\",\"contentUrl\":\"https:\/\/elcomunista.org\/wp-content\/uploads\/2019\/06\/represi\u00f3n.jpg\",\"width\":1200,\"height\":628},{\"@type\":\"BreadcrumbList\",\"@id\":\"https:\/\/elcomunista.org\/?p=6116#breadcrumb\",\"itemListElement\":[{\"@type\":\"ListItem\",\"position\":1,\"name\":\"Portada\",\"item\":\"https:\/\/elcomunista.org\/\"},{\"@type\":\"ListItem\",\"position\":2,\"name\":\"Por una mejor Honduras: \u00a1botemos la dictadura, no s\u00f3lo al dictador!\"}]},{\"@type\":\"WebSite\",\"@id\":\"https:\/\/elcomunista.org\/#website\",\"url\":\"https:\/\/elcomunista.org\/\",\"name\":\"Revoluci\u00f3n Comunista\",\"description\":\"Internacional Comunista Revolucionaria\",\"publisher\":{\"@id\":\"https:\/\/elcomunista.org\/#organization\"},\"potentialAction\":[{\"@type\":\"SearchAction\",\"target\":{\"@type\":\"EntryPoint\",\"urlTemplate\":\"https:\/\/elcomunista.org\/?s={search_term_string}\"},\"query-input\":{\"@type\":\"PropertyValueSpecification\",\"valueRequired\":true,\"valueName\":\"search_term_string\"}}],\"inLanguage\":\"es\"},{\"@type\":\"Organization\",\"@id\":\"https:\/\/elcomunista.org\/#organization\",\"name\":\"Bloque Popular Juvenil\",\"url\":\"https:\/\/elcomunista.org\/\",\"logo\":{\"@type\":\"ImageObject\",\"inLanguage\":\"es\",\"@id\":\"https:\/\/elcomunista.org\/#\/schema\/logo\/image\/\",\"url\":\"https:\/\/bloquepopularjuvenil.org\/wp-content\/uploads\/2018\/11\/bpj-militante.jpg\",\"contentUrl\":\"https:\/\/bloquepopularjuvenil.org\/wp-content\/uploads\/2018\/11\/bpj-militante.jpg\",\"width\":4000,\"height\":1390,\"caption\":\"Bloque Popular Juvenil\"},\"image\":{\"@id\":\"https:\/\/elcomunista.org\/#\/schema\/logo\/image\/\"},\"sameAs\":[\"https:\/\/www.facebook.com\/Bloquepopularjuvenil\",\"https:\/\/x.com\/ElBPJ\",\"https:\/\/www.instagram.com\/elbloque_bpj\/?hl=es-la\"]},{\"@type\":\"Person\",\"@id\":\"https:\/\/elcomunista.org\/#\/schema\/person\/c4a92faa2f9a0c8999fc495bb286533e\",\"name\":\"Fabricio Varela\",\"image\":{\"@type\":\"ImageObject\",\"inLanguage\":\"es\",\"@id\":\"https:\/\/elcomunista.org\/#\/schema\/person\/image\/\",\"url\":\"https:\/\/secure.gravatar.com\/avatar\/b908cb369fe3334e60cb497bd0414d30?s=96&d=mm&r=g\",\"contentUrl\":\"https:\/\/secure.gravatar.com\/avatar\/b908cb369fe3334e60cb497bd0414d30?s=96&d=mm&r=g\",\"caption\":\"Fabricio Varela\"},\"url\":\"https:\/\/elcomunista.org\/?author=83\"}]}<\/script>\n<!-- \/ Yoast SEO plugin. -->","yoast_head_json":{"title":"Por una mejor Honduras: \u00a1botemos la dictadura, no s\u00f3lo al dictador!","robots":{"index":"index","follow":"follow","max-snippet":"max-snippet:-1","max-image-preview":"max-image-preview:large","max-video-preview":"max-video-preview:-1"},"canonical":"https:\/\/elcomunista.org\/?p=6116","og_locale":"es_ES","og_type":"article","og_title":"Por una mejor Honduras: \u00a1botemos la dictadura, no s\u00f3lo al dictador!","og_description":"Cuando nos referimos a la dictadura a veces resulta dif\u00edcil comprender que se trata de toda un estructura pol\u00edtica que sostienen grupos de poder que por cientos de a\u00f1os han puesto y quitado presidentes a su gusto, no solamente se trata de personajes que llegaron a la silla presidencial por meras aspiraciones. En Honduras no...","og_url":"https:\/\/elcomunista.org\/?p=6116","og_site_name":"Revoluci\u00f3n Comunista","article_publisher":"https:\/\/www.facebook.com\/Bloquepopularjuvenil","article_published_time":"2019-06-25T19:21:15+00:00","article_modified_time":"2019-06-25T19:47:14+00:00","og_image":[{"width":1200,"height":628,"url":"https:\/\/elcomunista.org\/wp-content\/uploads\/2019\/06\/represi\u00f3n.jpg","type":"image\/jpeg"}],"author":"Fabricio Varela","twitter_card":"summary_large_image","twitter_creator":"@ElBPJ","twitter_site":"@ElBPJ","twitter_misc":{"Escrito por":"Fabricio Varela","Tiempo de lectura":"5 minutos"},"schema":{"@context":"https:\/\/schema.org","@graph":[{"@type":"Article","@id":"https:\/\/elcomunista.org\/?p=6116#article","isPartOf":{"@id":"https:\/\/elcomunista.org\/?p=6116"},"author":{"name":"Fabricio Varela","@id":"https:\/\/elcomunista.org\/#\/schema\/person\/c4a92faa2f9a0c8999fc495bb286533e"},"headline":"Por una mejor Honduras: \u00a1botemos la dictadura, no s\u00f3lo al dictador!","datePublished":"2019-06-25T19:21:15+00:00","dateModified":"2019-06-25T19:47:14+00:00","mainEntityOfPage":{"@id":"https:\/\/elcomunista.org\/?p=6116"},"wordCount":1012,"commentCount":0,"publisher":{"@id":"https:\/\/elcomunista.org\/#organization"},"image":{"@id":"https:\/\/elcomunista.org\/?p=6116#primaryimage"},"thumbnailUrl":"https:\/\/elcomunista.org\/wp-content\/uploads\/2019\/06\/represi\u00f3n.jpg","keywords":["dictadura","Honduras","JOH"],"articleSection":["Honduras"],"inLanguage":"es","potentialAction":[{"@type":"CommentAction","name":"Comment","target":["https:\/\/elcomunista.org\/?p=6116#respond"]}]},{"@type":"WebPage","@id":"https:\/\/elcomunista.org\/?p=6116","url":"https:\/\/elcomunista.org\/?p=6116","name":"Por una mejor Honduras: \u00a1botemos la dictadura, no s\u00f3lo al dictador!","isPartOf":{"@id":"https:\/\/elcomunista.org\/#website"},"primaryImageOfPage":{"@id":"https:\/\/elcomunista.org\/?p=6116#primaryimage"},"image":{"@id":"https:\/\/elcomunista.org\/?p=6116#primaryimage"},"thumbnailUrl":"https:\/\/elcomunista.org\/wp-content\/uploads\/2019\/06\/represi\u00f3n.jpg","datePublished":"2019-06-25T19:21:15+00:00","dateModified":"2019-06-25T19:47:14+00:00","breadcrumb":{"@id":"https:\/\/elcomunista.org\/?p=6116#breadcrumb"},"inLanguage":"es","potentialAction":[{"@type":"ReadAction","target":["https:\/\/elcomunista.org\/?p=6116"]}]},{"@type":"ImageObject","inLanguage":"es","@id":"https:\/\/elcomunista.org\/?p=6116#primaryimage","url":"https:\/\/elcomunista.org\/wp-content\/uploads\/2019\/06\/represi\u00f3n.jpg","contentUrl":"https:\/\/elcomunista.org\/wp-content\/uploads\/2019\/06\/represi\u00f3n.jpg","width":1200,"height":628},{"@type":"BreadcrumbList","@id":"https:\/\/elcomunista.org\/?p=6116#breadcrumb","itemListElement":[{"@type":"ListItem","position":1,"name":"Portada","item":"https:\/\/elcomunista.org\/"},{"@type":"ListItem","position":2,"name":"Por una mejor Honduras: \u00a1botemos la dictadura, no s\u00f3lo al dictador!"}]},{"@type":"WebSite","@id":"https:\/\/elcomunista.org\/#website","url":"https:\/\/elcomunista.org\/","name":"Revoluci\u00f3n Comunista","description":"Internacional Comunista Revolucionaria","publisher":{"@id":"https:\/\/elcomunista.org\/#organization"},"potentialAction":[{"@type":"SearchAction","target":{"@type":"EntryPoint","urlTemplate":"https:\/\/elcomunista.org\/?s={search_term_string}"},"query-input":{"@type":"PropertyValueSpecification","valueRequired":true,"valueName":"search_term_string"}}],"inLanguage":"es"},{"@type":"Organization","@id":"https:\/\/elcomunista.org\/#organization","name":"Bloque Popular Juvenil","url":"https:\/\/elcomunista.org\/","logo":{"@type":"ImageObject","inLanguage":"es","@id":"https:\/\/elcomunista.org\/#\/schema\/logo\/image\/","url":"https:\/\/bloquepopularjuvenil.org\/wp-content\/uploads\/2018\/11\/bpj-militante.jpg","contentUrl":"https:\/\/bloquepopularjuvenil.org\/wp-content\/uploads\/2018\/11\/bpj-militante.jpg","width":4000,"height":1390,"caption":"Bloque Popular Juvenil"},"image":{"@id":"https:\/\/elcomunista.org\/#\/schema\/logo\/image\/"},"sameAs":["https:\/\/www.facebook.com\/Bloquepopularjuvenil","https:\/\/x.com\/ElBPJ","https:\/\/www.instagram.com\/elbloque_bpj\/?hl=es-la"]},{"@type":"Person","@id":"https:\/\/elcomunista.org\/#\/schema\/person\/c4a92faa2f9a0c8999fc495bb286533e","name":"Fabricio Varela","image":{"@type":"ImageObject","inLanguage":"es","@id":"https:\/\/elcomunista.org\/#\/schema\/person\/image\/","url":"https:\/\/secure.gravatar.com\/avatar\/b908cb369fe3334e60cb497bd0414d30?s=96&d=mm&r=g","contentUrl":"https:\/\/secure.gravatar.com\/avatar\/b908cb369fe3334e60cb497bd0414d30?s=96&d=mm&r=g","caption":"Fabricio Varela"},"url":"https:\/\/elcomunista.org\/?author=83"}]}},"jetpack_featured_media_url":"https:\/\/elcomunista.org\/wp-content\/uploads\/2019\/06\/represi\u00f3n.jpg","jetpack_likes_enabled":true,"jetpack_sharing_enabled":true,"_links":{"self":[{"href":"https:\/\/elcomunista.org\/index.php?rest_route=\/wp\/v2\/posts\/6116"}],"collection":[{"href":"https:\/\/elcomunista.org\/index.php?rest_route=\/wp\/v2\/posts"}],"about":[{"href":"https:\/\/elcomunista.org\/index.php?rest_route=\/wp\/v2\/types\/post"}],"author":[{"embeddable":true,"href":"https:\/\/elcomunista.org\/index.php?rest_route=\/wp\/v2\/users\/83"}],"replies":[{"embeddable":true,"href":"https:\/\/elcomunista.org\/index.php?rest_route=%2Fwp%2Fv2%2Fcomments&post=6116"}],"version-history":[{"count":0,"href":"https:\/\/elcomunista.org\/index.php?rest_route=\/wp\/v2\/posts\/6116\/revisions"}],"wp:featuredmedia":[{"embeddable":true,"href":"https:\/\/elcomunista.org\/index.php?rest_route=\/wp\/v2\/media\/6117"}],"wp:attachment":[{"href":"https:\/\/elcomunista.org\/index.php?rest_route=%2Fwp%2Fv2%2Fmedia&parent=6116"}],"wp:term":[{"taxonomy":"category","embeddable":true,"href":"https:\/\/elcomunista.org\/index.php?rest_route=%2Fwp%2Fv2%2Fcategories&post=6116"},{"taxonomy":"post_tag","embeddable":true,"href":"https:\/\/elcomunista.org\/index.php?rest_route=%2Fwp%2Fv2%2Ftags&post=6116"}],"curies":[{"name":"wp","href":"https:\/\/api.w.org\/{rel}","templated":true}]}}