{"id":6256,"date":"2019-07-10T15:54:14","date_gmt":"2019-07-10T21:54:14","guid":{"rendered":"http:\/\/bloquepopularjuvenil.org\/?p=6256"},"modified":"2019-07-18T16:13:51","modified_gmt":"2019-07-18T22:13:51","slug":"quien-no-quiera-trabajar-hasta-tarde-que-deje-el-trabajo","status":"publish","type":"post","link":"https:\/\/elcomunista.org\/?p=6256","title":{"rendered":"\u201cQuien no quiera trabajar hasta tarde, que deje el trabajo\u201d"},"content":{"rendered":"<p><strong>Grupo El Progreso S.A. de C.V. <\/strong>es una empresa de productos agroindustriales que tiene una de sus granjas en el Km 63 de la carretera a Sensuntepeque, cant\u00f3n Maquilishuat, municipio de Ilobasco en el departamento de Caba\u00f1as. Esta empresa se promociona como muy responsable con el cuidado del medio ambiente, sin embargo, habitantes de Suchitoto se han quejado por las emisiones de mal olor y filtraci\u00f3n de aguas contaminadas que van a dar a r\u00edos cercanos de una de las granjas ubicada en ese municipio.<\/p>\n<p>La empresa est\u00e1 teniendo una mayor demanda de sus productos a nivel nacional, sobre todo con clientes institucionales que exigen est\u00e1ndares de calidad, esto se traduce en una sobre carga de horas laborales para los empleados y jornadas de trabajo extenuantes, ya que la empresa se niega a contratar m\u00e1s empleados, y cuando lo hace son menores de edad a quienes se explota por un salario inferior al de un empleado promedio. Todo el \u00e9xito en ventas y crecimiento econ\u00f3mico que la empresa est\u00e1 teniendo es a costa de la vulneraci\u00f3n de derechos laborales b\u00e1sicos, como el pago de las horas extra, un contrato de trabajo legal y dem\u00e1s prestaciones que la ley exige.<img loading=\"lazy\" decoding=\"async\" class=\"alignnone size-full wp-image-6258\" src=\"http:\/\/bloquepopularjuvenil.org\/wp-content\/uploads\/2019\/07\/entrada.png\" alt=\"\" width=\"724\" height=\"407\" srcset=\"https:\/\/elcomunista.org\/wp-content\/uploads\/2019\/07\/entrada.png 724w, https:\/\/elcomunista.org\/wp-content\/uploads\/2019\/07\/entrada-300x169.png 300w\" sizes=\"(max-width: 724px) 100vw, 724px\" \/><\/p>\n<p>Este es un ejemplo cl\u00e1sico del capitalismo, donde una minor\u00eda se enriquece a partir del trabajo de personas que no tienen otra opci\u00f3n, m\u00e1s que trabajar en las condiciones que la empresa impone, por muy miserables que estas sean. El canto de todos los d\u00edas es: \u201cel que no quiera trabajar que se vaya\u201d, y esta es la realidad que se vive detr\u00e1s de la publicidad empresarial que habla de \u201cprogreso\u201d y crecimiento econ\u00f3mico.<\/p>\n<p>Como Bloque Popular Juvenil, exigimos al Ministerio de Trabajo y entidades competentes realizar investigaciones de oficio en este tipo de empresas y garantizar los derechos laborales por los que este pueblo ha luchado y que ha conquistado a precio de sangre. Es inadmisible que dicho ministerio \u201crecomiende\u201d a los j\u00f3venes del departamento para trabajar en estas condiciones laborales que solo benefician a la empresa privada.<\/p>\n<p>A continuaci\u00f3n compartimos la entrevista realizada a un trabajador de dicha empresa, que nos cuenta lo que ha vivido durante el tiempo que lleva laborando en este tipo de granjas:<\/p>\n<h3><strong>BPJ: \u00bfEn qu\u00e9 empresa laboras actualmente?<\/strong><\/h3>\n<p>Estamos trabajando en Grupo El Progreso, este se dedica a la agroindustria y tiene muchas \u00e1reas en las que se dedica a la venta de productos y procesos agropecuarios; hablamos de cerdos y aves de postura. En cuanto al producto se trata de carnes procesadas, huevos, productos de apicultura y en su momento tambi\u00e9n trabaj\u00f3 con productos l\u00e1cteos. En s\u00ed solo se dedica a procesos alimentarios.<\/p>\n<h3><strong>BPJ: \u00bfEn cuanto a la estabilidad laboral, qu\u00e9 tipo de contratos han firmado los trabajadores con la empresa?<\/strong><\/h3>\n<p>Ah\u00ed laboramos dos tipos de empleados, estamos hablando de trabajadores fijos, que ellos si trabajan por contrato, y los trabajadores eventuales, que se maneja como un trabajador que es contratado para cubrir ciertas necesidades, como cuando hay una alta producci\u00f3n y se contrata m\u00e1s personal, \u201cen teor\u00eda\u201d.<\/p>\n<h3><strong>BPJ: \u00bfCu\u00e1l es el horario de la jornada de trabajo?<\/strong><\/h3>\n<p>Hay sectores dentro de la granja en los que no son muy constantes los horarios extraordinarios, como por ejemplo el \u00e1rea administrativa y otras \u00e1reas de la producci\u00f3n en las que tambi\u00e9n el horario es bastante estable. Donde yo me ubico hay una gran inestabilidad acorde a eso, porque todos los d\u00edas se exige m\u00e1s del tiempo de las ocho horas laborales, en promedio estamos trabajando unas diez horas al d\u00eda, pero hay \u00e1reas como la de transporte y bodega que trabajan mucho m\u00e1s de esas horas.<img loading=\"lazy\" decoding=\"async\" class=\"alignnone size-full wp-image-6259\" src=\"http:\/\/bloquepopularjuvenil.org\/wp-content\/uploads\/2019\/07\/destete.png\" alt=\"\" width=\"723\" height=\"405\" srcset=\"https:\/\/elcomunista.org\/wp-content\/uploads\/2019\/07\/destete.png 723w, https:\/\/elcomunista.org\/wp-content\/uploads\/2019\/07\/destete-300x168.png 300w\" sizes=\"(max-width: 723px) 100vw, 723px\" \/><\/p>\n<h3><strong>BPJ: \u00bfC\u00f3mo recompensa la empresa las horas extra a los trabajadores?<\/strong><\/h3>\n<p>No, no son recompensadas. El trato que se est\u00e1 manejando seg\u00fan los comentarios de trabajadores que ya tienen buen tiempo de trabajar ah\u00ed es que no siempre la granja funcion\u00f3 de esa manera, pero desde hace cinco meses la granja opt\u00f3 por no pagar horas extra, en cuanto a dinero; lo que ellos manejas es recompensarte tus horas extra de trabajo con tiempo libre. Ellos dicen que llevan un control de las horas extra de cada operario y se supone que te las van a recompensar con d\u00edas libres o tardes libres.<\/p>\n<p>El problema es que vos como trabajador no sabes cuantas horas ten\u00e9s, ellos te dicen que llevan ese control pero es totalmente mentira. Lo que hacen es sacar a los empleados una hora antes o media hora, en los d\u00edas que no hay mucha demanda de producci\u00f3n. Pero todos los trabajadores est\u00e1n insatisfechos por esta forma de compensar las horas extra porque nadie sabe si esas horas que te permiten salir antes realmente equivalen al tiempo que has acumulado trabajando despu\u00e9s del horario estipulado.<\/p>\n<p>Adem\u00e1s te las dan cuando a ellos les conviene, porque hay poca producci\u00f3n, no cuando el trabajador quiere o necesita ese tiempo libre. Luego de cierto tiempo de haber estado saliendo una hora o media hora antes, te dicen que ya no pueden sacarte temprano y volv\u00e9s al horario de antes, es decir, a acumular m\u00e1s horas extra, porque la demanda de producci\u00f3n as\u00ed lo exige y al final no sabes si te dieron todas tus horas o cuantas te quedan, simplemente vas de nuevo a acumular horas extra. Al final ellos terminan dici\u00e9ndote que te dieron m\u00e1s horas de las que ten\u00edas, y ah\u00ed se acab\u00f3 el problema.<\/p>\n<h3><strong>BPJ: \u00bfLa empresa brinda a sus empleados las prestaciones laborales que exige la ley?<\/strong><\/h3>\n<p>En este caso los trabajadores fijos tienen ciertas ventajas por estar acorde a la ley, ellos si cotizan seguro, mientras que los trabajadores eventuales est\u00e1n a la intemperie, porque d\u00eda que no laboran es d\u00eda no pagado, ya sea que falten por enfermedad, necesidad o por un atraso. Adem\u00e1s yo tengo entendido que hay un cierto tiempo para ser considerado trabajador eventual, y que despu\u00e9s de cierta cantidad de tiempo de estar laborando ten\u00e9s que pasar a ser un trabajador fijo, pero ah\u00ed hay personal que ya lleva tres a\u00f1os laborando en calidad de trabajador eventual y nunca pasan a ser trabajadores fijos laboralmente hablando, aunque trabajen a tiempo completo. Obviamente a la empresa le conviene tener m\u00e1s empleados eventuales que fijos, porque a los fijos est\u00e1n obligados a cumplirle ciertas prestaciones de ley, en cambio a los eventuales no se les cumplen esas prestaciones.<\/p>\n<p>El salario de un empleado eventual es menor al de uno fijo, porque a este \u00faltimo tienen que cumplirle obligatoriamente por lo menos con el m\u00ednimo. Y al eventual que se supone que son empleados del momento, a ellos no se les reconoce nada, lo que es nada.<\/p>\n<p>Habemos trabajadores que hemos sido contratados como empleados fijos, pero que hasta el momento no se nos ha pedido documentaci\u00f3n ni nada por el estilo; entonces no estamos cotizando seguro, aunque si estamos \u201ccontratados\u201d como fijos, tenemos el sueldo de un empleado fijo y d\u00edas libre como un empleado fijo, pero hasta la fecha, el contrato solo ha sido de palabra, porque no hemos firmado nada; al final no hay seguridad. Y en esa condici\u00f3n de trabajadores eventuales hay m\u00e1s que los que tienen contrato como empleados fijos.<img loading=\"lazy\" decoding=\"async\" class=\"alignnone size-full wp-image-6260\" src=\"http:\/\/bloquepopularjuvenil.org\/wp-content\/uploads\/2019\/07\/cunas.png\" alt=\"\" width=\"725\" height=\"406\" srcset=\"https:\/\/elcomunista.org\/wp-content\/uploads\/2019\/07\/cunas.png 725w, https:\/\/elcomunista.org\/wp-content\/uploads\/2019\/07\/cunas-300x168.png 300w\" sizes=\"(max-width: 725px) 100vw, 725px\" \/><\/p>\n<h3><strong>BPJ: \u00bfExiste alg\u00fan tipo de organizaci\u00f3n obrera en la planta en la que laboras?<\/strong><\/h3>\n<p>Hasta donde tengo conocimiento en el \u00e1rea donde trabajo no hay ning\u00fan tipo de organizaci\u00f3n laboral, el \u00fanico amparo del empleado es recursos humanos, que es parte de la empresa.<\/p>\n<p>Los compa\u00f1eros que tienen bastante tiempo de trabajar ah\u00ed cuentan que han habido caso en los que empleados han ido a instancias gubernamentales a presentar alg\u00fan reclamo y se ha logrado que al empleado se le reconozca un poco de lo que se le debe, habl\u00e1ndolo de esa manera. Y hay otros casos, en los que se habla que, las instituciones gubernamentales se han hecho de o\u00eddos sordos, hablando espec\u00edficamente de Sensuntepeque.<\/p>\n<p>Otra cosa que sucede en la empresa, de la que la gente no dice nada, porque al final es una ayuda para ellos, es el hecho de que hay menores de edad laborando en las mismas condiciones que los dem\u00e1s, a los cuales les cobran el pago una persona adulta. Esto la gente en realidad no lo ve mal, porque sienten que es una oportunidad para llevar unas monedas m\u00e1s a la familia, incluso hay gente que se siente agradecida porque le permitan poder trabajar a un hijo menor de edad, por la misma necesidad en la que se vive. Pero esto es algo incorrecto y penado, porque moralmente puede ser incorrecto, pero no solo eso, porque seg\u00fan la ley no deber\u00eda de suceder.<\/p>\n<h3><strong>BPJ: \u00bfCu\u00e1l es el llamado que ustedes como trabajadores le har\u00edan a las organizaciones sindicales y obreras que defienden los derechos de los trabajadores?<\/strong><\/h3>\n<p>Que se acerquen a dar un acompa\u00f1amiento a los trabajadores de este tipo de empresas. Porque ah\u00ed se nos dice que \u201cel que no est\u00e9 dispuesto a hacer las horas extra, o a quedarse hasta tarde en el trabajo que ya no contin\u00fae\u201d, y realmente el trabajo se necesita, el dinero se necesita; sabemos las condiciones econ\u00f3micas en las que vive la familia salvadore\u00f1a.<\/p>\n<p>Las instituciones dicen que si el trabajador no se acerca a poner una denuncia ellas no pueden hacer nada, y es cierto, pero si alguien est\u00e1 soportando estas condiciones de trabajo es porque realmente no queda de otra pues, porque un trabajador que est\u00e1 consciente que en cualquier momento lo pueden despedir no se va a poner a arriesgar su salario hablando mal de la empresa, sobre todo aqu\u00ed en Caba\u00f1as donde las oportunidades industriales para laborar son muy escasas.<\/p>\n<p>En fin el llamado ser\u00eda ese, que haya un acercamiento m\u00e1s directo con la poblaci\u00f3n trabajadora, con los empleados, y que no solo se basen en la palabra de la empresa, porque aqu\u00ed se han acercado organismos gubernamentales, pero los jefes les dicen a los trabajadores: \u201csi les preguntan cuanto tiempo tienen de trabajar, ustedes digan que pocos meses\u201d aunque en realidad llevan a\u00f1os de ser trabajadores \u201ceventuales\u201d y ya no los pasaron a un contrato de trabajo fijo.<\/p>\n<p>Obviamente enfrente de los jefes nadie va a decir nada, cuando ellos se han acercado junto con recursos humanos de la misma empresa y los jefes de \u00e1rea, preguntan si hay inconformidades y nadie dice nada, a pesar que se supone que recursos humanos es algo bien aparte de los encargados y de las decisiones que ellos toman, pero nadie tiene el valor de decir nada.<img loading=\"lazy\" decoding=\"async\" class=\"alignnone size-full wp-image-6261\" src=\"http:\/\/bloquepopularjuvenil.org\/wp-content\/uploads\/2019\/07\/granja.png\" alt=\"\" width=\"726\" height=\"408\" srcset=\"https:\/\/elcomunista.org\/wp-content\/uploads\/2019\/07\/granja.png 726w, https:\/\/elcomunista.org\/wp-content\/uploads\/2019\/07\/granja-300x169.png 300w\" sizes=\"(max-width: 726px) 100vw, 726px\" \/><\/p>\n","protected":false},"excerpt":{"rendered":"<p>Grupo El Progreso S.A. de C.V. es una empresa de productos agroindustriales que tiene una de sus granjas en el Km 63 de la carretera a Sensuntepeque, cant\u00f3n Maquilishuat, municipio de Ilobasco en el departamento de Caba\u00f1as. Esta empresa se promociona como muy responsable con el cuidado del medio ambiente, sin embargo, habitantes de Suchitoto&#8230;<\/p>\n","protected":false},"author":1,"featured_media":6257,"comment_status":"open","ping_status":"open","sticky":false,"template":"","format":"standard","meta":{"_monsterinsights_skip_tracking":false,"_monsterinsights_sitenote_active":false,"_monsterinsights_sitenote_note":"","_monsterinsights_sitenote_category":0,"_uf_show_specific_survey":0,"_uf_disable_surveys":false,"_jetpack_memberships_contains_paid_content":false,"footnotes":""},"categories":[616,537,5],"tags":[820,558,819,821],"class_list":["post-6256","post","type-post","status-publish","format-standard","has-post-thumbnail","hentry","category-mundo-obrero","category-principales","category-sindical","tag-denuncia","tag-entrevista","tag-grupo-el-progreso","tag-vulneracion-de-derechos-laborales"],"aioseo_notices":[],"yoast_head":"<!-- This site is optimized with the Yoast SEO plugin v25.6 - https:\/\/yoast.com\/wordpress\/plugins\/seo\/ -->\n<title>\u201cQuien no quiera trabajar hasta tarde, que deje el trabajo\u201d<\/title>\n<meta name=\"robots\" content=\"index, follow, max-snippet:-1, max-image-preview:large, max-video-preview:-1\" \/>\n<link rel=\"canonical\" href=\"https:\/\/elcomunista.org\/?p=6256\" \/>\n<meta property=\"og:locale\" content=\"es_ES\" \/>\n<meta property=\"og:type\" content=\"article\" \/>\n<meta property=\"og:title\" content=\"\u201cQuien no quiera trabajar hasta tarde, que deje el trabajo\u201d\" \/>\n<meta property=\"og:description\" content=\"Grupo El Progreso S.A. de C.V. es una empresa de productos agroindustriales que tiene una de sus granjas en el Km 63 de la carretera a Sensuntepeque, cant\u00f3n Maquilishuat, municipio de Ilobasco en el departamento de Caba\u00f1as. Esta empresa se promociona como muy responsable con el cuidado del medio ambiente, sin embargo, habitantes de Suchitoto...\" \/>\n<meta property=\"og:url\" content=\"https:\/\/elcomunista.org\/?p=6256\" \/>\n<meta property=\"og:site_name\" content=\"Revoluci\u00f3n Comunista\" \/>\n<meta property=\"article:publisher\" content=\"https:\/\/www.facebook.com\/Bloquepopularjuvenil\" \/>\n<meta property=\"article:published_time\" content=\"2019-07-10T21:54:14+00:00\" \/>\n<meta property=\"article:modified_time\" content=\"2019-07-18T22:13:51+00:00\" \/>\n<meta property=\"og:image\" content=\"https:\/\/elcomunista.org\/wp-content\/uploads\/2019\/07\/cerdos.png\" \/>\n\t<meta property=\"og:image:width\" content=\"725\" \/>\n\t<meta property=\"og:image:height\" content=\"408\" \/>\n\t<meta property=\"og:image:type\" content=\"image\/png\" \/>\n<meta name=\"author\" content=\"Bloque Popular Juvenil\" \/>\n<meta name=\"twitter:card\" content=\"summary_large_image\" \/>\n<meta name=\"twitter:creator\" content=\"@ElBPJ\" \/>\n<meta name=\"twitter:site\" content=\"@ElBPJ\" \/>\n<meta name=\"twitter:label1\" content=\"Escrito por\" \/>\n\t<meta name=\"twitter:data1\" content=\"Bloque Popular Juvenil\" \/>\n\t<meta name=\"twitter:label2\" content=\"Tiempo de lectura\" \/>\n\t<meta name=\"twitter:data2\" content=\"9 minutos\" \/>\n<script type=\"application\/ld+json\" class=\"yoast-schema-graph\">{\"@context\":\"https:\/\/schema.org\",\"@graph\":[{\"@type\":\"Article\",\"@id\":\"https:\/\/elcomunista.org\/?p=6256#article\",\"isPartOf\":{\"@id\":\"https:\/\/elcomunista.org\/?p=6256\"},\"author\":{\"name\":\"Bloque Popular Juvenil\",\"@id\":\"https:\/\/elcomunista.org\/#\/schema\/person\/d55d5350d790a4464cbc0e898065567d\"},\"headline\":\"\u201cQuien no quiera trabajar hasta tarde, que deje el trabajo\u201d\",\"datePublished\":\"2019-07-10T21:54:14+00:00\",\"dateModified\":\"2019-07-18T22:13:51+00:00\",\"mainEntityOfPage\":{\"@id\":\"https:\/\/elcomunista.org\/?p=6256\"},\"wordCount\":1842,\"commentCount\":0,\"publisher\":{\"@id\":\"https:\/\/elcomunista.org\/#organization\"},\"image\":{\"@id\":\"https:\/\/elcomunista.org\/?p=6256#primaryimage\"},\"thumbnailUrl\":\"https:\/\/elcomunista.org\/wp-content\/uploads\/2019\/07\/cerdos.png\",\"keywords\":[\"Denuncia\",\"Entrevista\",\"Grupo El Progreso\",\"Vulneraci\u00f3n de derechos laborales\"],\"articleSection\":[\"Mundo Obrero\",\"Principales\",\"Sindical\"],\"inLanguage\":\"es\",\"potentialAction\":[{\"@type\":\"CommentAction\",\"name\":\"Comment\",\"target\":[\"https:\/\/elcomunista.org\/?p=6256#respond\"]}]},{\"@type\":\"WebPage\",\"@id\":\"https:\/\/elcomunista.org\/?p=6256\",\"url\":\"https:\/\/elcomunista.org\/?p=6256\",\"name\":\"\u201cQuien no quiera trabajar hasta tarde, que deje el trabajo\u201d\",\"isPartOf\":{\"@id\":\"https:\/\/elcomunista.org\/#website\"},\"primaryImageOfPage\":{\"@id\":\"https:\/\/elcomunista.org\/?p=6256#primaryimage\"},\"image\":{\"@id\":\"https:\/\/elcomunista.org\/?p=6256#primaryimage\"},\"thumbnailUrl\":\"https:\/\/elcomunista.org\/wp-content\/uploads\/2019\/07\/cerdos.png\",\"datePublished\":\"2019-07-10T21:54:14+00:00\",\"dateModified\":\"2019-07-18T22:13:51+00:00\",\"breadcrumb\":{\"@id\":\"https:\/\/elcomunista.org\/?p=6256#breadcrumb\"},\"inLanguage\":\"es\",\"potentialAction\":[{\"@type\":\"ReadAction\",\"target\":[\"https:\/\/elcomunista.org\/?p=6256\"]}]},{\"@type\":\"ImageObject\",\"inLanguage\":\"es\",\"@id\":\"https:\/\/elcomunista.org\/?p=6256#primaryimage\",\"url\":\"https:\/\/elcomunista.org\/wp-content\/uploads\/2019\/07\/cerdos.png\",\"contentUrl\":\"https:\/\/elcomunista.org\/wp-content\/uploads\/2019\/07\/cerdos.png\",\"width\":725,\"height\":408},{\"@type\":\"BreadcrumbList\",\"@id\":\"https:\/\/elcomunista.org\/?p=6256#breadcrumb\",\"itemListElement\":[{\"@type\":\"ListItem\",\"position\":1,\"name\":\"Portada\",\"item\":\"https:\/\/elcomunista.org\/\"},{\"@type\":\"ListItem\",\"position\":2,\"name\":\"\u201cQuien no quiera trabajar hasta tarde, que deje el trabajo\u201d\"}]},{\"@type\":\"WebSite\",\"@id\":\"https:\/\/elcomunista.org\/#website\",\"url\":\"https:\/\/elcomunista.org\/\",\"name\":\"Revoluci\u00f3n Comunista\",\"description\":\"Internacional Comunista Revolucionaria\",\"publisher\":{\"@id\":\"https:\/\/elcomunista.org\/#organization\"},\"potentialAction\":[{\"@type\":\"SearchAction\",\"target\":{\"@type\":\"EntryPoint\",\"urlTemplate\":\"https:\/\/elcomunista.org\/?s={search_term_string}\"},\"query-input\":{\"@type\":\"PropertyValueSpecification\",\"valueRequired\":true,\"valueName\":\"search_term_string\"}}],\"inLanguage\":\"es\"},{\"@type\":\"Organization\",\"@id\":\"https:\/\/elcomunista.org\/#organization\",\"name\":\"Bloque Popular Juvenil\",\"url\":\"https:\/\/elcomunista.org\/\",\"logo\":{\"@type\":\"ImageObject\",\"inLanguage\":\"es\",\"@id\":\"https:\/\/elcomunista.org\/#\/schema\/logo\/image\/\",\"url\":\"https:\/\/bloquepopularjuvenil.org\/wp-content\/uploads\/2018\/11\/bpj-militante.jpg\",\"contentUrl\":\"https:\/\/bloquepopularjuvenil.org\/wp-content\/uploads\/2018\/11\/bpj-militante.jpg\",\"width\":4000,\"height\":1390,\"caption\":\"Bloque Popular Juvenil\"},\"image\":{\"@id\":\"https:\/\/elcomunista.org\/#\/schema\/logo\/image\/\"},\"sameAs\":[\"https:\/\/www.facebook.com\/Bloquepopularjuvenil\",\"https:\/\/x.com\/ElBPJ\",\"https:\/\/www.instagram.com\/elbloque_bpj\/?hl=es-la\"]},{\"@type\":\"Person\",\"@id\":\"https:\/\/elcomunista.org\/#\/schema\/person\/d55d5350d790a4464cbc0e898065567d\",\"name\":\"Bloque Popular Juvenil\",\"image\":{\"@type\":\"ImageObject\",\"inLanguage\":\"es\",\"@id\":\"https:\/\/elcomunista.org\/#\/schema\/person\/image\/\",\"url\":\"https:\/\/secure.gravatar.com\/avatar\/85d12dca789bb6379dc38a198e1576cd?s=96&d=mm&r=g\",\"contentUrl\":\"https:\/\/secure.gravatar.com\/avatar\/85d12dca789bb6379dc38a198e1576cd?s=96&d=mm&r=g\",\"caption\":\"Bloque Popular Juvenil\"},\"url\":\"https:\/\/elcomunista.org\/?author=1\"}]}<\/script>\n<!-- \/ Yoast SEO plugin. -->","yoast_head_json":{"title":"\u201cQuien no quiera trabajar hasta tarde, que deje el trabajo\u201d","robots":{"index":"index","follow":"follow","max-snippet":"max-snippet:-1","max-image-preview":"max-image-preview:large","max-video-preview":"max-video-preview:-1"},"canonical":"https:\/\/elcomunista.org\/?p=6256","og_locale":"es_ES","og_type":"article","og_title":"\u201cQuien no quiera trabajar hasta tarde, que deje el trabajo\u201d","og_description":"Grupo El Progreso S.A. de C.V. es una empresa de productos agroindustriales que tiene una de sus granjas en el Km 63 de la carretera a Sensuntepeque, cant\u00f3n Maquilishuat, municipio de Ilobasco en el departamento de Caba\u00f1as. Esta empresa se promociona como muy responsable con el cuidado del medio ambiente, sin embargo, habitantes de Suchitoto...","og_url":"https:\/\/elcomunista.org\/?p=6256","og_site_name":"Revoluci\u00f3n Comunista","article_publisher":"https:\/\/www.facebook.com\/Bloquepopularjuvenil","article_published_time":"2019-07-10T21:54:14+00:00","article_modified_time":"2019-07-18T22:13:51+00:00","og_image":[{"width":725,"height":408,"url":"https:\/\/elcomunista.org\/wp-content\/uploads\/2019\/07\/cerdos.png","type":"image\/png"}],"author":"Bloque Popular Juvenil","twitter_card":"summary_large_image","twitter_creator":"@ElBPJ","twitter_site":"@ElBPJ","twitter_misc":{"Escrito por":"Bloque Popular Juvenil","Tiempo de lectura":"9 minutos"},"schema":{"@context":"https:\/\/schema.org","@graph":[{"@type":"Article","@id":"https:\/\/elcomunista.org\/?p=6256#article","isPartOf":{"@id":"https:\/\/elcomunista.org\/?p=6256"},"author":{"name":"Bloque Popular Juvenil","@id":"https:\/\/elcomunista.org\/#\/schema\/person\/d55d5350d790a4464cbc0e898065567d"},"headline":"\u201cQuien no quiera trabajar hasta tarde, que deje el trabajo\u201d","datePublished":"2019-07-10T21:54:14+00:00","dateModified":"2019-07-18T22:13:51+00:00","mainEntityOfPage":{"@id":"https:\/\/elcomunista.org\/?p=6256"},"wordCount":1842,"commentCount":0,"publisher":{"@id":"https:\/\/elcomunista.org\/#organization"},"image":{"@id":"https:\/\/elcomunista.org\/?p=6256#primaryimage"},"thumbnailUrl":"https:\/\/elcomunista.org\/wp-content\/uploads\/2019\/07\/cerdos.png","keywords":["Denuncia","Entrevista","Grupo El Progreso","Vulneraci\u00f3n de derechos laborales"],"articleSection":["Mundo Obrero","Principales","Sindical"],"inLanguage":"es","potentialAction":[{"@type":"CommentAction","name":"Comment","target":["https:\/\/elcomunista.org\/?p=6256#respond"]}]},{"@type":"WebPage","@id":"https:\/\/elcomunista.org\/?p=6256","url":"https:\/\/elcomunista.org\/?p=6256","name":"\u201cQuien no quiera trabajar hasta tarde, que deje el trabajo\u201d","isPartOf":{"@id":"https:\/\/elcomunista.org\/#website"},"primaryImageOfPage":{"@id":"https:\/\/elcomunista.org\/?p=6256#primaryimage"},"image":{"@id":"https:\/\/elcomunista.org\/?p=6256#primaryimage"},"thumbnailUrl":"https:\/\/elcomunista.org\/wp-content\/uploads\/2019\/07\/cerdos.png","datePublished":"2019-07-10T21:54:14+00:00","dateModified":"2019-07-18T22:13:51+00:00","breadcrumb":{"@id":"https:\/\/elcomunista.org\/?p=6256#breadcrumb"},"inLanguage":"es","potentialAction":[{"@type":"ReadAction","target":["https:\/\/elcomunista.org\/?p=6256"]}]},{"@type":"ImageObject","inLanguage":"es","@id":"https:\/\/elcomunista.org\/?p=6256#primaryimage","url":"https:\/\/elcomunista.org\/wp-content\/uploads\/2019\/07\/cerdos.png","contentUrl":"https:\/\/elcomunista.org\/wp-content\/uploads\/2019\/07\/cerdos.png","width":725,"height":408},{"@type":"BreadcrumbList","@id":"https:\/\/elcomunista.org\/?p=6256#breadcrumb","itemListElement":[{"@type":"ListItem","position":1,"name":"Portada","item":"https:\/\/elcomunista.org\/"},{"@type":"ListItem","position":2,"name":"\u201cQuien no quiera trabajar hasta tarde, que deje el trabajo\u201d"}]},{"@type":"WebSite","@id":"https:\/\/elcomunista.org\/#website","url":"https:\/\/elcomunista.org\/","name":"Revoluci\u00f3n Comunista","description":"Internacional Comunista Revolucionaria","publisher":{"@id":"https:\/\/elcomunista.org\/#organization"},"potentialAction":[{"@type":"SearchAction","target":{"@type":"EntryPoint","urlTemplate":"https:\/\/elcomunista.org\/?s={search_term_string}"},"query-input":{"@type":"PropertyValueSpecification","valueRequired":true,"valueName":"search_term_string"}}],"inLanguage":"es"},{"@type":"Organization","@id":"https:\/\/elcomunista.org\/#organization","name":"Bloque Popular Juvenil","url":"https:\/\/elcomunista.org\/","logo":{"@type":"ImageObject","inLanguage":"es","@id":"https:\/\/elcomunista.org\/#\/schema\/logo\/image\/","url":"https:\/\/bloquepopularjuvenil.org\/wp-content\/uploads\/2018\/11\/bpj-militante.jpg","contentUrl":"https:\/\/bloquepopularjuvenil.org\/wp-content\/uploads\/2018\/11\/bpj-militante.jpg","width":4000,"height":1390,"caption":"Bloque Popular Juvenil"},"image":{"@id":"https:\/\/elcomunista.org\/#\/schema\/logo\/image\/"},"sameAs":["https:\/\/www.facebook.com\/Bloquepopularjuvenil","https:\/\/x.com\/ElBPJ","https:\/\/www.instagram.com\/elbloque_bpj\/?hl=es-la"]},{"@type":"Person","@id":"https:\/\/elcomunista.org\/#\/schema\/person\/d55d5350d790a4464cbc0e898065567d","name":"Bloque Popular Juvenil","image":{"@type":"ImageObject","inLanguage":"es","@id":"https:\/\/elcomunista.org\/#\/schema\/person\/image\/","url":"https:\/\/secure.gravatar.com\/avatar\/85d12dca789bb6379dc38a198e1576cd?s=96&d=mm&r=g","contentUrl":"https:\/\/secure.gravatar.com\/avatar\/85d12dca789bb6379dc38a198e1576cd?s=96&d=mm&r=g","caption":"Bloque Popular Juvenil"},"url":"https:\/\/elcomunista.org\/?author=1"}]}},"jetpack_featured_media_url":"https:\/\/elcomunista.org\/wp-content\/uploads\/2019\/07\/cerdos.png","jetpack_likes_enabled":true,"jetpack_sharing_enabled":true,"_links":{"self":[{"href":"https:\/\/elcomunista.org\/index.php?rest_route=\/wp\/v2\/posts\/6256"}],"collection":[{"href":"https:\/\/elcomunista.org\/index.php?rest_route=\/wp\/v2\/posts"}],"about":[{"href":"https:\/\/elcomunista.org\/index.php?rest_route=\/wp\/v2\/types\/post"}],"author":[{"embeddable":true,"href":"https:\/\/elcomunista.org\/index.php?rest_route=\/wp\/v2\/users\/1"}],"replies":[{"embeddable":true,"href":"https:\/\/elcomunista.org\/index.php?rest_route=%2Fwp%2Fv2%2Fcomments&post=6256"}],"version-history":[{"count":0,"href":"https:\/\/elcomunista.org\/index.php?rest_route=\/wp\/v2\/posts\/6256\/revisions"}],"wp:featuredmedia":[{"embeddable":true,"href":"https:\/\/elcomunista.org\/index.php?rest_route=\/wp\/v2\/media\/6257"}],"wp:attachment":[{"href":"https:\/\/elcomunista.org\/index.php?rest_route=%2Fwp%2Fv2%2Fmedia&parent=6256"}],"wp:term":[{"taxonomy":"category","embeddable":true,"href":"https:\/\/elcomunista.org\/index.php?rest_route=%2Fwp%2Fv2%2Fcategories&post=6256"},{"taxonomy":"post_tag","embeddable":true,"href":"https:\/\/elcomunista.org\/index.php?rest_route=%2Fwp%2Fv2%2Ftags&post=6256"}],"curies":[{"name":"wp","href":"https:\/\/api.w.org\/{rel}","templated":true}]}}