{"id":6529,"date":"2019-08-13T15:24:09","date_gmt":"2019-08-13T21:24:09","guid":{"rendered":"http:\/\/bloquepopularjuvenil.org\/?p=6529"},"modified":"2019-08-13T15:24:09","modified_gmt":"2019-08-13T21:24:09","slug":"elecciones-primarias-en-argentina-derrota-humillante-de-macri","status":"publish","type":"post","link":"https:\/\/elcomunista.org\/?p=6529","title":{"rendered":"Elecciones primarias en Argentina: derrota humillante de Macri"},"content":{"rendered":"<p style=\"padding-left: 40px;\">El pasado domingo 11 de agosto tuvieron lugar las Elecciones Primarias Abiertas Simult\u00e1neas y Obligatorias (PASO) que obligan a cada partido alcanzar un m\u00ednimo del 1,5% del padr\u00f3n electoral para concurrir, con sus candidatos a la Presidencia del pa\u00eds y al Parlamento, a las elecciones generales del pr\u00f3ximo mes de octubre. Estas elecciones primarias \u2013un ensayo general de las elecciones de octubre\u2013 vieron una derrota humillante para la derecha argentina representada por el presidente Mauricio Macri.<\/p>\n<section class=\"article-content\">Con gesto de incredulidad y de no entender mucho lo que estaba sucediendo, el Presidente Mauricio Macri junto a su gabinete, reconoci\u00f3 no solo la derrota en la casi totalidad del pa\u00eds sino, adem\u00e1s, haber realizado una p\u00e9sima elecci\u00f3n.<\/p>\n<p>La f\u00f3rmula Alberto Fern\u00e1ndez \u2013 Cristina Fern\u00e1ndez obtuvo el 47,36% de los votos para la categor\u00eda Presidente y Vice, logrando una diferencia de 16,07% versus la dupla oficial Macri \u2013 Pichetto que obtuvo 32,09%. A lo que se suma el triunfo opositor de Axel Kicillof en el distrito m\u00e1s importante del pa\u00eds como es la provincia de Buenos Aires, donde obtuvo el 49,26% de los votos, arrasando a la f\u00f3rmula oficialista de M\u00aa Eugenia Vidal con un 16,60% m\u00e1s de votos. Con estos datos, aparece como incuestionable la llegada nuevamente al gobierno de Fern\u00e1ndez y Fern\u00e1ndez. El macrismo s\u00f3lo logr\u00f3 un triunfo en la provincia de C\u00f3rdoba con una diferencia del 10% sobre F y F, y en la ciudad de Buenos Aires donde Rodr\u00edguez Larreta alcanz\u00f3 el 46,3% de los votos. \u201cNo la vimos venir. Hubo un castigo que no supimos leer\u201d se pudo leer el 12\/08 en el peri\u00f3dico derechista\u00a0<em>La Naci\u00f3n<\/em>.<\/p>\n<p>En estas PASO qued\u00f3 demostrado que millones de trabajadores, de juventud y de sectores populares, dijeron basta al saqueo, la hambruna y pauperizaci\u00f3n, la desocupaci\u00f3n y la degradaci\u00f3n de las condiciones de vida de las familias obreras y de los sectores m\u00e1s castigados de la sociedad.<\/p>\n<p>Ya hemos se\u00f1alado en diferentes materiales que las innumerables luchas, movilizaciones y paros que los trabajadores desenvolvieron durante todo el 2018 para resistir los embates de los capitalistas y del gobierno de Macri, fue desviada con el operativo \u201cno queremos un 2001, queremos un 2019\u201d.<\/p>\n<p>Por ello, la agudizaci\u00f3n de la lucha de clases tom\u00f3 el camino electoral, condicionado no solo por las direcciones sindicales sino por el amplio abanico que despleg\u00f3 el Estado Mayor de los capitalistas. La crisis social se demuestra por el esfuerzo de la casi totalidad de los partidos del r\u00e9gimen para lograr un espacio pol\u00edtico en com\u00fan y dar batalla al gobierno macrista de Cambiemos.<\/p>\n<p>Desde que se insinuaba la tendencia ganadora de F y F, los medios radiales, escritos y televisivos comenzaron a fogonear la necesidad de apuntalar la gobernabilidad, interpelando a la f\u00f3rmula ganadora de las PASO a que mostrara confiabilidad a los mercados.<\/p>\n<p>La respuesta no se hizo esperar. Con un salto de m\u00e1s del 30% el d\u00f3lar trep\u00f3 a $61, los bonos argentinos en el extranjero cayeron en un 15% y las acciones se derrumbaron a un 56%. El ritmo de devaluaci\u00f3n de la jornada resulta sorprendente incluso para los economistas, al fin de la jornada lleg\u00f3 al 23% pero no se conoce el piso. El riesgo pa\u00eds alcanz\u00f3 los 1400 puntos. \u00abPodr\u00eda haber un mayor grado de volatilidad en los mercados porque los resultados oficiales a la ma\u00f1ana de hoy indicaban que Alberto Fern\u00e1ndez ten\u00eda suficiente apoyo para ganar la Presidencia en primera vuelta\u00bb, se\u00f1ala el texto de<em>\u00a0Reuters<\/em>.<\/p>\n<p>La respuesta del gobierno se orienta a \u201cdejar hacer\u201d en el d\u00eda de hoy para que los mercados se \u201cacomoden\u201d y luego intervenir para sostener un d\u00f3lar m\u00e1s \u201cestable\u201d. De todas formas la preocupaci\u00f3n de los inversores es la venta masiva de bonos y de la volatilidad cambiaria que lesionen las posibilidades de reelecci\u00f3n de Macri.<\/p>\n<p>En realidad, de lo que hablan los inversores es de la inestabilidad social, que impide garantizar la seguridad jur\u00eddica de sus dineros y de la propiedad privada de los medios de producci\u00f3n. La polarizaci\u00f3n electoral es tan solo un episodio de la lucha de clases -que los capitalistas tienen plena conciencia- y puede en un tiempo corto pasar a las calles, a las f\u00e1bricas, a los bancos y empresas, incluso en un futuro gobierno de Fern\u00e1ndez y Fern\u00e1ndez.<\/p>\n<h3><span style=\"color: #800000;\"><strong>Un gobierno sorprendido<\/strong><\/span><\/h3>\n<p>El gobierno de Mauricio Macri y el pleno de su gabinete quedaron sorprendidos por los resultados electorales. Habituados a su impunidad pol\u00edtica, a la represi\u00f3n de la lucha social, al intento de disciplinamiento hacia los trabajadores, habituados a la impunidad de intentar arrasar conquistas, cont\u00f3 con el santo y se\u00f1a de la oposici\u00f3n que mantuvo durante estos a\u00f1os de gobierno de Cambiemos, una pol\u00edtica de salvaguardar la gobernabilidad.<\/p>\n<p>El Gobierno tiene como objetivo conseguir que Macri finalice su mandato. El oficialismo pr\u00e1cticamente no tiene chances hacia octubre ya que, aunque sumara los votos de los otros candidatos derechistas como Lavagna, Espert y Centuri\u00f3n, si Fern\u00e1ndez mantiene los resultados de las PASO, es quien va directo a la Casa Rosada.<\/p>\n<p>El gobierno de Macri junto a la gran burgues\u00eda, y la formula F y F no tienen otro camino que armar un gran Acuerdo Nacional que incluya a todos los partidos del r\u00e9gimen capitalista para garantizar la gobernabilidad.<\/p>\n<p>Los plum\u00edferos de los medios escritos m\u00e1s importantes revelan su preocupaci\u00f3n ante la situaci\u00f3n explosiva de los de abajo. Circulan adem\u00e1s los balances de lo que no se hizo y de las definiciones pol\u00edticas que se hicieron mal, recayendo la responsabilidad en Duran Barba.<\/p>\n<p>Todo es especulaci\u00f3n ya que el voto castigo que recibi\u00f3 ayer y el desplome de las expectativas de un triunfo en octubre, se debe a dos elementos que se combinaron: la crisis mundial y su expresi\u00f3n en la regi\u00f3n y los planes de ajuste sostenidos desde 2015 hasta hoy. No podemos dejar de lado que en noviembre, en las elecciones Legislativas, Macri y Cambiemos arrasaron pintando de amarillo el territorio nacional. Solo pasaron un poco m\u00e1s de 30 d\u00edas para producirse un punto de inflexi\u00f3n en la cabeza de cientos de miles de trabajadores, ante la votaci\u00f3n en diciembre de la Reforma Previsional. Es ac\u00e1 que debemos entender el comienzo de la cuenta regresiva para Macri y Cambiemos.<\/p>\n<h3><span style=\"color: #800000;\"><strong>La Izquierda<\/strong><\/span><\/h3>\n<p>Los partidos de la izquierda que presentaron una alternativa de independencia pol\u00edtica, quedaron atravesados por la polarizaci\u00f3n de la situaci\u00f3n pol\u00edtica, econ\u00f3mica y social que viven millones de trabajadores y que se expres\u00f3 en los resultados de las PASO.<\/p>\n<p>Comparando los resultados del FIT-U (Frente de Izquierda y de los Trabajadores-Unidad) en las elecciones presidenciales del 2015, en donde obtuvieron el 3,25%, con las PASO 2019 donde alcanzaron el 2,86%, bajaron un 0,39%. Pero a esto debemos sumarles los votos del MST-Nueva Izquierda que en las PASO 2015 saco el 0,42 % de los votos.<\/p>\n<p>Es decir que en las PASO 2015 el FIT y el MST sacaron por separado 3.67% mientras que ahora los dos juntos sumaron el 2.86%. Se observa entonces un retroceso del 22% de los votos aproximadamente.<\/p>\n<p>Podemos afirmar que, si se constata definitivamente que otras formaciones de izquierda, como el nuevo MAS y Autodeterminaci\u00f3n y Libertad, no pasaron el piso prescriptivo del 1,5% del padr\u00f3n, nos encontramos ante un retroceso general de la izquierda. Sumamos adem\u00e1s como una causa de jerarqu\u00eda la ausencia de una correcta pol\u00edtica de Frente \u00danico hacia las masas de trabajadores que ven en F y F una herramienta viable para la defensa de los derechos perdidos y la conquista de nuevas reivindicaciones. No hay que confundir la independencia de clase en t\u00e9rminos de programa y en relaci\u00f3n al Estado capitalista, que independencia pol\u00edtica con relaci\u00f3n a las masas y su vanguardia.<\/p>\n<p>En general vemos una oscilaci\u00f3n entre oportunismo y sectarismo en su conducta pol\u00edtica. Por un lado, la adaptaci\u00f3n a la l\u00f3gica parlamentaria y por otro su sectarismo org\u00e1nico ante las masas. Estos errores se pagan caro en pol\u00edtica.<\/p>\n<p>Repetimos que se podr\u00eda considerar como atenuante que en general en las elecciones presidenciales se produce cierta polarizaci\u00f3n y m\u00e1s en estas elecciones en un contexto de miseria y desesperaci\u00f3n de amplios sectores de la poblaci\u00f3n.<\/p>\n<h3><span style=\"color: #800000;\"><strong>Por una salida revolucionaria<\/strong><\/span><\/h3>\n<p>Nos encontramos ante una crisis mundial de profunda envergadura. La crisis que comenz\u00f3 en 2008 no se resuelve, por el contrario se profundiza con las medidas que tomaron las econom\u00edas de los pa\u00edses centrales. La guerra comercial que lidera EEUU es la expresi\u00f3n m\u00e1s cruda de la crisis de sobreproducci\u00f3n que vive el capitalismo.<\/p>\n<p>El posible gobierno de F y F que asumir\u00eda el 10 de diciembre tendr\u00e1 entre manos una bomba de tiempo. El pago de la deuda externa, la presi\u00f3n de los capitalistas y el FMI que piden a viva voz la reforma laboral, un Brasil que no puede hacer despegar su econom\u00eda y nuestra dependencia en las exportaciones que mantenemos con este pa\u00eds, la necesaria respuesta ante la demanda de pan, trabajo y estabilidad, son todos indicadores de una situaci\u00f3n de inestabilidad extrema.<\/p>\n<p>Estas demandas de los de abajo chocan con el discurso de F y F que sostienen que la situaci\u00f3n amerita dejar de lado las diferencias, siendo muy claro en su discurso de agradecimiento: \u201cvenimos a arreglar lo que otros desarreglaron, como tambi\u00e9n lo hicieron N\u00e9stor y Cristina en 2003\u201d sostuvo Alberto Fern\u00e1ndez.<\/p>\n<p>El Gran Acuerdo Nacional o Pacto Social que se encuentra en elaboraci\u00f3n no debe detener nuestras demandas de salud, educaci\u00f3n, trabajo y salarios acorde a la canasta b\u00e1sica de alimentos.<\/p>\n<p>Pero estas demandas deben estar ligadas a la posibilidad de un debate concreto y leal del conjunto de la izquierda en la perspectiva de avanzar en la construcci\u00f3n de un poderoso Partido Revolucionario. No son estas elecciones ni en el Parlamento los que posibilitan el pan, el trabajo, la salud y la educaci\u00f3n. No es de la mano de los capitalistas que podremos satisfacer nuestros reclamos.<\/p>\n<p>Nos encontramos nuevamente ante una oportunidad hist\u00f3rica para la vanguardia revolucionaria; el 2001 nos ha dejado como ense\u00f1anza la esterilidad de las pol\u00edticas sectarias y de aparato de los grupos mayoritarios de la izquierda. Debemos construir una alternativa para que no solo se vaya Macri sino adem\u00e1s para que el conjunto de trabajadores tiremos al basurero de la historia al capitalismo.<\/p>\n<p>Nuestras banderas y demandas no deben postergarse, por ello debemos construir una nueva legalidad, debemos bregar por un Gobierno de los Trabajadores y por el Socialismo.<\/p>\n<\/section>\n","protected":false},"excerpt":{"rendered":"<p>El pasado domingo 11 de agosto tuvieron lugar las Elecciones Primarias Abiertas Simult\u00e1neas y Obligatorias (PASO) que obligan a cada partido alcanzar un m\u00ednimo del 1,5% del padr\u00f3n electoral para concurrir, con sus candidatos a la Presidencia del pa\u00eds y al Parlamento, a las elecciones generales del pr\u00f3ximo mes de octubre. Estas elecciones primarias \u2013un&#8230;<\/p>\n","protected":false},"author":18,"featured_media":6530,"comment_status":"open","ping_status":"open","sticky":false,"template":"","format":"standard","meta":{"_monsterinsights_skip_tracking":false,"_monsterinsights_sitenote_active":false,"_monsterinsights_sitenote_note":"","_monsterinsights_sitenote_category":0,"_uf_show_specific_survey":0,"_uf_disable_surveys":false,"_jetpack_memberships_contains_paid_content":false,"footnotes":""},"categories":[17],"tags":[281,104,851,258],"class_list":["post-6529","post","type-post","status-publish","format-standard","has-post-thumbnail","hentry","category-argentina","tag-argentina","tag-derrota","tag-elecciones-primarias","tag-macri"],"aioseo_notices":[],"yoast_head":"<!-- This site is optimized with the Yoast SEO plugin v25.6 - https:\/\/yoast.com\/wordpress\/plugins\/seo\/ -->\n<title>Elecciones primarias en Argentina: derrota humillante de Macri<\/title>\n<meta name=\"robots\" content=\"index, follow, max-snippet:-1, max-image-preview:large, max-video-preview:-1\" \/>\n<link rel=\"canonical\" href=\"https:\/\/elcomunista.org\/?p=6529\" \/>\n<meta property=\"og:locale\" content=\"es_ES\" \/>\n<meta property=\"og:type\" content=\"article\" \/>\n<meta property=\"og:title\" content=\"Elecciones primarias en Argentina: derrota humillante de Macri\" \/>\n<meta property=\"og:description\" content=\"El pasado domingo 11 de agosto tuvieron lugar las Elecciones Primarias Abiertas Simult\u00e1neas y Obligatorias (PASO) que obligan a cada partido alcanzar un m\u00ednimo del 1,5% del padr\u00f3n electoral para concurrir, con sus candidatos a la Presidencia del pa\u00eds y al Parlamento, a las elecciones generales del pr\u00f3ximo mes de octubre. Estas elecciones primarias \u2013un...\" \/>\n<meta property=\"og:url\" content=\"https:\/\/elcomunista.org\/?p=6529\" \/>\n<meta property=\"og:site_name\" content=\"Revoluci\u00f3n Comunista\" \/>\n<meta property=\"article:publisher\" content=\"https:\/\/www.facebook.com\/Bloquepopularjuvenil\" \/>\n<meta property=\"article:published_time\" content=\"2019-08-13T21:24:09+00:00\" \/>\n<meta property=\"og:image\" content=\"https:\/\/elcomunista.org\/wp-content\/uploads\/2019\/08\/cuarto_oscuro.jpg\" \/>\n\t<meta property=\"og:image:width\" content=\"1024\" \/>\n\t<meta property=\"og:image:height\" content=\"683\" \/>\n\t<meta property=\"og:image:type\" content=\"image\/jpeg\" \/>\n<meta name=\"author\" content=\"Corriente Socialista Militante - Argentina\" \/>\n<meta name=\"twitter:card\" content=\"summary_large_image\" \/>\n<meta name=\"twitter:creator\" content=\"@ElBPJ\" \/>\n<meta name=\"twitter:site\" content=\"@ElBPJ\" \/>\n<meta name=\"twitter:label1\" content=\"Escrito por\" \/>\n\t<meta name=\"twitter:data1\" content=\"Corriente Socialista Militante - Argentina\" \/>\n\t<meta name=\"twitter:label2\" content=\"Tiempo de lectura\" \/>\n\t<meta name=\"twitter:data2\" content=\"9 minutos\" \/>\n<script type=\"application\/ld+json\" class=\"yoast-schema-graph\">{\"@context\":\"https:\/\/schema.org\",\"@graph\":[{\"@type\":\"Article\",\"@id\":\"https:\/\/elcomunista.org\/?p=6529#article\",\"isPartOf\":{\"@id\":\"https:\/\/elcomunista.org\/?p=6529\"},\"author\":{\"name\":\"Corriente Socialista Militante - Argentina\",\"@id\":\"https:\/\/elcomunista.org\/#\/schema\/person\/80251289d3811111daae983f9b3af9c6\"},\"headline\":\"Elecciones primarias en Argentina: derrota humillante de Macri\",\"datePublished\":\"2019-08-13T21:24:09+00:00\",\"mainEntityOfPage\":{\"@id\":\"https:\/\/elcomunista.org\/?p=6529\"},\"wordCount\":1816,\"commentCount\":0,\"publisher\":{\"@id\":\"https:\/\/elcomunista.org\/#organization\"},\"image\":{\"@id\":\"https:\/\/elcomunista.org\/?p=6529#primaryimage\"},\"thumbnailUrl\":\"https:\/\/elcomunista.org\/wp-content\/uploads\/2019\/08\/cuarto_oscuro.jpg\",\"keywords\":[\"Argentina\",\"Derrota\",\"Elecciones primarias\",\"Macri\"],\"articleSection\":[\"Argentina\"],\"inLanguage\":\"es\",\"potentialAction\":[{\"@type\":\"CommentAction\",\"name\":\"Comment\",\"target\":[\"https:\/\/elcomunista.org\/?p=6529#respond\"]}]},{\"@type\":\"WebPage\",\"@id\":\"https:\/\/elcomunista.org\/?p=6529\",\"url\":\"https:\/\/elcomunista.org\/?p=6529\",\"name\":\"Elecciones primarias en Argentina: derrota humillante de Macri\",\"isPartOf\":{\"@id\":\"https:\/\/elcomunista.org\/#website\"},\"primaryImageOfPage\":{\"@id\":\"https:\/\/elcomunista.org\/?p=6529#primaryimage\"},\"image\":{\"@id\":\"https:\/\/elcomunista.org\/?p=6529#primaryimage\"},\"thumbnailUrl\":\"https:\/\/elcomunista.org\/wp-content\/uploads\/2019\/08\/cuarto_oscuro.jpg\",\"datePublished\":\"2019-08-13T21:24:09+00:00\",\"breadcrumb\":{\"@id\":\"https:\/\/elcomunista.org\/?p=6529#breadcrumb\"},\"inLanguage\":\"es\",\"potentialAction\":[{\"@type\":\"ReadAction\",\"target\":[\"https:\/\/elcomunista.org\/?p=6529\"]}]},{\"@type\":\"ImageObject\",\"inLanguage\":\"es\",\"@id\":\"https:\/\/elcomunista.org\/?p=6529#primaryimage\",\"url\":\"https:\/\/elcomunista.org\/wp-content\/uploads\/2019\/08\/cuarto_oscuro.jpg\",\"contentUrl\":\"https:\/\/elcomunista.org\/wp-content\/uploads\/2019\/08\/cuarto_oscuro.jpg\",\"width\":1024,\"height\":683},{\"@type\":\"BreadcrumbList\",\"@id\":\"https:\/\/elcomunista.org\/?p=6529#breadcrumb\",\"itemListElement\":[{\"@type\":\"ListItem\",\"position\":1,\"name\":\"Portada\",\"item\":\"https:\/\/elcomunista.org\/\"},{\"@type\":\"ListItem\",\"position\":2,\"name\":\"Elecciones primarias en Argentina: derrota humillante de Macri\"}]},{\"@type\":\"WebSite\",\"@id\":\"https:\/\/elcomunista.org\/#website\",\"url\":\"https:\/\/elcomunista.org\/\",\"name\":\"Revoluci\u00f3n Comunista\",\"description\":\"Internacional Comunista Revolucionaria\",\"publisher\":{\"@id\":\"https:\/\/elcomunista.org\/#organization\"},\"potentialAction\":[{\"@type\":\"SearchAction\",\"target\":{\"@type\":\"EntryPoint\",\"urlTemplate\":\"https:\/\/elcomunista.org\/?s={search_term_string}\"},\"query-input\":{\"@type\":\"PropertyValueSpecification\",\"valueRequired\":true,\"valueName\":\"search_term_string\"}}],\"inLanguage\":\"es\"},{\"@type\":\"Organization\",\"@id\":\"https:\/\/elcomunista.org\/#organization\",\"name\":\"Bloque Popular Juvenil\",\"url\":\"https:\/\/elcomunista.org\/\",\"logo\":{\"@type\":\"ImageObject\",\"inLanguage\":\"es\",\"@id\":\"https:\/\/elcomunista.org\/#\/schema\/logo\/image\/\",\"url\":\"https:\/\/bloquepopularjuvenil.org\/wp-content\/uploads\/2018\/11\/bpj-militante.jpg\",\"contentUrl\":\"https:\/\/bloquepopularjuvenil.org\/wp-content\/uploads\/2018\/11\/bpj-militante.jpg\",\"width\":4000,\"height\":1390,\"caption\":\"Bloque Popular Juvenil\"},\"image\":{\"@id\":\"https:\/\/elcomunista.org\/#\/schema\/logo\/image\/\"},\"sameAs\":[\"https:\/\/www.facebook.com\/Bloquepopularjuvenil\",\"https:\/\/x.com\/ElBPJ\",\"https:\/\/www.instagram.com\/elbloque_bpj\/?hl=es-la\"]},{\"@type\":\"Person\",\"@id\":\"https:\/\/elcomunista.org\/#\/schema\/person\/80251289d3811111daae983f9b3af9c6\",\"name\":\"Corriente Socialista Militante - Argentina\",\"image\":{\"@type\":\"ImageObject\",\"inLanguage\":\"es\",\"@id\":\"https:\/\/elcomunista.org\/#\/schema\/person\/image\/\",\"url\":\"https:\/\/secure.gravatar.com\/avatar\/c67ecf9955ec1dedd00eb5a811890742?s=96&d=mm&r=g\",\"contentUrl\":\"https:\/\/secure.gravatar.com\/avatar\/c67ecf9955ec1dedd00eb5a811890742?s=96&d=mm&r=g\",\"caption\":\"Corriente Socialista Militante - Argentina\"},\"url\":\"https:\/\/elcomunista.org\/?author=18\"}]}<\/script>\n<!-- \/ Yoast SEO plugin. -->","yoast_head_json":{"title":"Elecciones primarias en Argentina: derrota humillante de Macri","robots":{"index":"index","follow":"follow","max-snippet":"max-snippet:-1","max-image-preview":"max-image-preview:large","max-video-preview":"max-video-preview:-1"},"canonical":"https:\/\/elcomunista.org\/?p=6529","og_locale":"es_ES","og_type":"article","og_title":"Elecciones primarias en Argentina: derrota humillante de Macri","og_description":"El pasado domingo 11 de agosto tuvieron lugar las Elecciones Primarias Abiertas Simult\u00e1neas y Obligatorias (PASO) que obligan a cada partido alcanzar un m\u00ednimo del 1,5% del padr\u00f3n electoral para concurrir, con sus candidatos a la Presidencia del pa\u00eds y al Parlamento, a las elecciones generales del pr\u00f3ximo mes de octubre. Estas elecciones primarias \u2013un...","og_url":"https:\/\/elcomunista.org\/?p=6529","og_site_name":"Revoluci\u00f3n Comunista","article_publisher":"https:\/\/www.facebook.com\/Bloquepopularjuvenil","article_published_time":"2019-08-13T21:24:09+00:00","og_image":[{"width":1024,"height":683,"url":"https:\/\/elcomunista.org\/wp-content\/uploads\/2019\/08\/cuarto_oscuro.jpg","type":"image\/jpeg"}],"author":"Corriente Socialista Militante - Argentina","twitter_card":"summary_large_image","twitter_creator":"@ElBPJ","twitter_site":"@ElBPJ","twitter_misc":{"Escrito por":"Corriente Socialista Militante - Argentina","Tiempo de lectura":"9 minutos"},"schema":{"@context":"https:\/\/schema.org","@graph":[{"@type":"Article","@id":"https:\/\/elcomunista.org\/?p=6529#article","isPartOf":{"@id":"https:\/\/elcomunista.org\/?p=6529"},"author":{"name":"Corriente Socialista Militante - Argentina","@id":"https:\/\/elcomunista.org\/#\/schema\/person\/80251289d3811111daae983f9b3af9c6"},"headline":"Elecciones primarias en Argentina: derrota humillante de Macri","datePublished":"2019-08-13T21:24:09+00:00","mainEntityOfPage":{"@id":"https:\/\/elcomunista.org\/?p=6529"},"wordCount":1816,"commentCount":0,"publisher":{"@id":"https:\/\/elcomunista.org\/#organization"},"image":{"@id":"https:\/\/elcomunista.org\/?p=6529#primaryimage"},"thumbnailUrl":"https:\/\/elcomunista.org\/wp-content\/uploads\/2019\/08\/cuarto_oscuro.jpg","keywords":["Argentina","Derrota","Elecciones primarias","Macri"],"articleSection":["Argentina"],"inLanguage":"es","potentialAction":[{"@type":"CommentAction","name":"Comment","target":["https:\/\/elcomunista.org\/?p=6529#respond"]}]},{"@type":"WebPage","@id":"https:\/\/elcomunista.org\/?p=6529","url":"https:\/\/elcomunista.org\/?p=6529","name":"Elecciones primarias en Argentina: derrota humillante de Macri","isPartOf":{"@id":"https:\/\/elcomunista.org\/#website"},"primaryImageOfPage":{"@id":"https:\/\/elcomunista.org\/?p=6529#primaryimage"},"image":{"@id":"https:\/\/elcomunista.org\/?p=6529#primaryimage"},"thumbnailUrl":"https:\/\/elcomunista.org\/wp-content\/uploads\/2019\/08\/cuarto_oscuro.jpg","datePublished":"2019-08-13T21:24:09+00:00","breadcrumb":{"@id":"https:\/\/elcomunista.org\/?p=6529#breadcrumb"},"inLanguage":"es","potentialAction":[{"@type":"ReadAction","target":["https:\/\/elcomunista.org\/?p=6529"]}]},{"@type":"ImageObject","inLanguage":"es","@id":"https:\/\/elcomunista.org\/?p=6529#primaryimage","url":"https:\/\/elcomunista.org\/wp-content\/uploads\/2019\/08\/cuarto_oscuro.jpg","contentUrl":"https:\/\/elcomunista.org\/wp-content\/uploads\/2019\/08\/cuarto_oscuro.jpg","width":1024,"height":683},{"@type":"BreadcrumbList","@id":"https:\/\/elcomunista.org\/?p=6529#breadcrumb","itemListElement":[{"@type":"ListItem","position":1,"name":"Portada","item":"https:\/\/elcomunista.org\/"},{"@type":"ListItem","position":2,"name":"Elecciones primarias en Argentina: derrota humillante de Macri"}]},{"@type":"WebSite","@id":"https:\/\/elcomunista.org\/#website","url":"https:\/\/elcomunista.org\/","name":"Revoluci\u00f3n Comunista","description":"Internacional Comunista Revolucionaria","publisher":{"@id":"https:\/\/elcomunista.org\/#organization"},"potentialAction":[{"@type":"SearchAction","target":{"@type":"EntryPoint","urlTemplate":"https:\/\/elcomunista.org\/?s={search_term_string}"},"query-input":{"@type":"PropertyValueSpecification","valueRequired":true,"valueName":"search_term_string"}}],"inLanguage":"es"},{"@type":"Organization","@id":"https:\/\/elcomunista.org\/#organization","name":"Bloque Popular Juvenil","url":"https:\/\/elcomunista.org\/","logo":{"@type":"ImageObject","inLanguage":"es","@id":"https:\/\/elcomunista.org\/#\/schema\/logo\/image\/","url":"https:\/\/bloquepopularjuvenil.org\/wp-content\/uploads\/2018\/11\/bpj-militante.jpg","contentUrl":"https:\/\/bloquepopularjuvenil.org\/wp-content\/uploads\/2018\/11\/bpj-militante.jpg","width":4000,"height":1390,"caption":"Bloque Popular Juvenil"},"image":{"@id":"https:\/\/elcomunista.org\/#\/schema\/logo\/image\/"},"sameAs":["https:\/\/www.facebook.com\/Bloquepopularjuvenil","https:\/\/x.com\/ElBPJ","https:\/\/www.instagram.com\/elbloque_bpj\/?hl=es-la"]},{"@type":"Person","@id":"https:\/\/elcomunista.org\/#\/schema\/person\/80251289d3811111daae983f9b3af9c6","name":"Corriente Socialista Militante - Argentina","image":{"@type":"ImageObject","inLanguage":"es","@id":"https:\/\/elcomunista.org\/#\/schema\/person\/image\/","url":"https:\/\/secure.gravatar.com\/avatar\/c67ecf9955ec1dedd00eb5a811890742?s=96&d=mm&r=g","contentUrl":"https:\/\/secure.gravatar.com\/avatar\/c67ecf9955ec1dedd00eb5a811890742?s=96&d=mm&r=g","caption":"Corriente Socialista Militante - Argentina"},"url":"https:\/\/elcomunista.org\/?author=18"}]}},"jetpack_featured_media_url":"https:\/\/elcomunista.org\/wp-content\/uploads\/2019\/08\/cuarto_oscuro.jpg","jetpack_likes_enabled":true,"jetpack_sharing_enabled":true,"_links":{"self":[{"href":"https:\/\/elcomunista.org\/index.php?rest_route=\/wp\/v2\/posts\/6529"}],"collection":[{"href":"https:\/\/elcomunista.org\/index.php?rest_route=\/wp\/v2\/posts"}],"about":[{"href":"https:\/\/elcomunista.org\/index.php?rest_route=\/wp\/v2\/types\/post"}],"author":[{"embeddable":true,"href":"https:\/\/elcomunista.org\/index.php?rest_route=\/wp\/v2\/users\/18"}],"replies":[{"embeddable":true,"href":"https:\/\/elcomunista.org\/index.php?rest_route=%2Fwp%2Fv2%2Fcomments&post=6529"}],"version-history":[{"count":0,"href":"https:\/\/elcomunista.org\/index.php?rest_route=\/wp\/v2\/posts\/6529\/revisions"}],"wp:featuredmedia":[{"embeddable":true,"href":"https:\/\/elcomunista.org\/index.php?rest_route=\/wp\/v2\/media\/6530"}],"wp:attachment":[{"href":"https:\/\/elcomunista.org\/index.php?rest_route=%2Fwp%2Fv2%2Fmedia&parent=6529"}],"wp:term":[{"taxonomy":"category","embeddable":true,"href":"https:\/\/elcomunista.org\/index.php?rest_route=%2Fwp%2Fv2%2Fcategories&post=6529"},{"taxonomy":"post_tag","embeddable":true,"href":"https:\/\/elcomunista.org\/index.php?rest_route=%2Fwp%2Fv2%2Ftags&post=6529"}],"curies":[{"name":"wp","href":"https:\/\/api.w.org\/{rel}","templated":true}]}}