{"id":6589,"date":"2019-08-23T08:12:00","date_gmt":"2019-08-23T14:12:00","guid":{"rendered":"http:\/\/bloquepopularjuvenil.org\/?p=6589"},"modified":"2019-08-23T08:12:00","modified_gmt":"2019-08-23T14:12:00","slug":"brasil-muerte-y-destruccion-en-la-amazonia-de-bolsonaro","status":"publish","type":"post","link":"https:\/\/elcomunista.org\/?p=6589","title":{"rendered":"Brasil: Muerte y destrucci\u00f3n en la Amazon\u00eda de Bolsonaro"},"content":{"rendered":"<p>El mes pasado, el Amazonas fue el centro de atenci\u00f3n del gobierno de Bolsonaro. Despu\u00e9s de una larga lucha a brazo partido que culmin\u00f3 con la renuncia de Ricardo Galv\u00e3o de la junta del Instituto Nacional de Investigaci\u00f3n Espacial (INPE), el candidato a Bonaparte ahora intercambia bravuconadas con algunos de los pa\u00edses m\u00e1s ricos de Europa para preservar la regi\u00f3n.<\/p>\n<p>La disputa comenz\u00f3 cuando INPE public\u00f3 el resultado de la tasa anual de deforestaci\u00f3n, lo que indica un aumento del 40% respecto al per\u00edodo anterior. Las cifras crecen por encima del promedio principalmente desde mayo y en julio hubo la mayor p\u00e9rdida de vegetaci\u00f3n en un solo mes desde 2015, con una tasa de deforestaci\u00f3n de 212% m\u00e1s alta que en julio de 2017.<\/p>\n<p>Incapaz de presentar una defensa plausible, Bolsonaro acus\u00f3 a INPE de revelar datos falsos y dijo que se presentar\u00edan los \u00abdatos verdaderos\u00bb, lo que nunca sucedi\u00f3. En respuesta a la pol\u00edtica del gobierno, Alemania y Noruega han suspendido sus donaciones al Fondo Amazonas, una de las principales fuentes de financiamiento de IBAMA (Instituto Brasile\u00f1o del Medio Ambiente y de los Recursos Naturales Renovables) y las agencias ambientales estatales en la Amazon\u00eda Legal y otros cinco estados brasile\u00f1os.<\/p>\n<p>Acorralado, Bolsonaro se refugia en la ret\u00f3rica nacionalista y en defensa de la \u00absoberan\u00eda de la Amazon\u00eda\u00bb. Contradictoriamente, su proyecto para la regi\u00f3n est\u00e1 abierto a la miner\u00eda y la explotaci\u00f3n de madera y petr\u00f3leo por parte de multinacionales. Adem\u00e1s, el presidente parece haber olvidado combinar el discurso con su ministro de medio ambiente. En un debate con Ricardo Galv\u00e3o sobre el programa Panel de Globo News, Ricardo Salles critic\u00f3 el discurso \u00abnacionalista\u00bb del cient\u00edfico y defendi\u00f3 el uso de un sistema extranjero para monitorear el Amazonas, ya que el INPE no estar\u00eda \u00abactualizado\u00bb.<\/p>\n<p>La verdad es que Bolsonaro no puede ofrecer a las personas que viven y dependen de la Amazon\u00eda nada m\u00e1s que muerte y destrucci\u00f3n; en otras palabras, barbarie capitalista. Basta con mirar a los donantes de campa\u00f1a de sus ministros para comprender que detr\u00e1s del discurso suave del presidente hay intereses comerciales muy bien articulados.<\/p>\n<p>Uno no deber\u00eda hacerse ilusiones acerca de la capacidad de cualquier gobierno capitalista para proteger la regi\u00f3n. A\u00fan en los gobiernos de Lula y Dilma, el conflicto que enfrenta a ind\u00edgenas, ribere\u00f1os y campesinos contra buscadores de metales y piedras preciosas, madereros y terratenientes junto con sus guardaespaldas paramilitares han matado a docenas de l\u00edderes y destruido comunidades enteras.<\/p>\n<p>La construcci\u00f3n de la presa de Belo Monte, llevada a cabo por el gobierno de Dilma por la fuerza y \u200b\u200bcontra todas las advertencias, ha sumido a poblaciones enteras en la miseria y ha condenado a las personas que alguna vez pudieron vivir del bosque a la mendicidad, la prostituci\u00f3n y la marginaci\u00f3n. La propia Noruega, que es responsable del 98% de los recursos del Fondo Amazonas, es uno de los principales accionistas de la empresa minera Hydro Alunorte, que ten\u00eda una tuber\u00eda clandestina para verter desechos t\u00f3xicos en manantiales en el municipio de Barcarena, en el interior de Par\u00e1.<\/p>\n<p>El agronegocio, el principal responsable de la deforestaci\u00f3n de la Amazon\u00eda que apertura pastizales y \u00e1reas cultivables, tuvo su mayor fortalecimiento durante los gobiernos de Lula. Al contrario de lo que a la industria le gusta anunciar, la mayor parte de lo que se produce en grandes propiedades no son alimentos, sino productos como el ma\u00edz y la soja que van directamente al mercado internacional. Los gobiernos petistas otorgaron grandes concesiones a estos grupos en su b\u00fasqueda obsesiva del super\u00e1vit primario, cuya \u00fanica funci\u00f3n es pagar intereses y amortizar la deuda p\u00fablica.<\/p>\n<p>El resultado es una concentraci\u00f3n del 56% de los conflictos por la tierra en la Amazon\u00eda en Brasil, seg\u00fan la Comisi\u00f3n de Tierras Pastorales (CPT). La encuesta Cuaderno de Conflictos del Campo del CPT muestra que hubo 24 asesinatos, 17 intentos de asesinato y 121 amenazas de muerte vinculadas al conflicto agrario en la regi\u00f3n. Los n\u00fameros son de 2018, pero la tendencia con la pol\u00edtica de Bolsonaro es crecer a\u00fan m\u00e1s este a\u00f1o.<\/p>\n<p>En apoyo de la pol\u00edtica ambiental de Bolsonaro, los propietarios celebraron el \u00abD\u00eda del Fuego\u00bb los d\u00edas 10 y 11, en el que los incendios se intensificaron principalmente en el sur de la Amazon\u00eda. Como resultado, el 19 la ciudad de S\u00e3o Paulo estaba cubierta por una nube negra que hizo obscurecer la ciudad por la tarde. La lluvia que sigui\u00f3 fue completamente negra, los investigadores de la USP (Universidad de S\u00e3o Paulo) y la USCS (Universidad Municipal de S\u00e3o Caetano) detectaron sustancias relacionadas con la quema.<\/p>\n<p>La ciencia ya ha demostrado que la riqueza amaz\u00f3nica es infinitamente mayor si el bosque se mantiene floreciendo.\u00a0 Pero una explotaci\u00f3n racional de estos recursos solo es posible bajo una econom\u00eda controlada por trabajadores y no por compa\u00f1\u00edas que se benefician mucho m\u00e1s r\u00e1pidamente de su destrucci\u00f3n. Es necesario luchar contra la ra\u00edz de la violencia a la que est\u00e1n sometidos los trabajadores, campesinos y pueblos oprimidos de la Amazon\u00eda. Es preciso luchar contra el capitalismo.<\/p>\n<p>&nbsp;<\/p>\n<p>&nbsp;<\/p>\n<p>20 de agosto de 2019<\/p>\n","protected":false},"excerpt":{"rendered":"<p>El mes pasado, el Amazonas fue el centro de atenci\u00f3n del gobierno de Bolsonaro. Despu\u00e9s de una larga lucha a brazo partido que culmin\u00f3 con la renuncia de Ricardo Galv\u00e3o de la junta del Instituto Nacional de Investigaci\u00f3n Espacial (INPE), el candidato a Bonaparte ahora intercambia bravuconadas con algunos de los pa\u00edses m\u00e1s ricos de&#8230;<\/p>\n","protected":false},"author":116,"featured_media":6590,"comment_status":"open","ping_status":"open","sticky":false,"template":"","format":"standard","meta":{"_monsterinsights_skip_tracking":false,"_monsterinsights_sitenote_active":false,"_monsterinsights_sitenote_note":"","_monsterinsights_sitenote_category":0,"_uf_show_specific_survey":0,"_uf_disable_surveys":false,"_jetpack_memberships_contains_paid_content":false,"footnotes":""},"categories":[16,13,391,537],"tags":[859,414,860],"class_list":["post-6589","post","type-post","status-publish","format-standard","has-post-thumbnail","hentry","category-brasil","category-internacional","category-medio-ambiente","category-principales","tag-amazonia","tag-bolsonaro","tag-brasil-crisis-ambiental"],"aioseo_notices":[],"yoast_head":"<!-- This site is optimized with the Yoast SEO plugin v25.6 - https:\/\/yoast.com\/wordpress\/plugins\/seo\/ -->\n<title>Brasil: Muerte y destrucci\u00f3n en la Amazon\u00eda de Bolsonaro<\/title>\n<meta name=\"robots\" content=\"index, follow, max-snippet:-1, max-image-preview:large, max-video-preview:-1\" \/>\n<link rel=\"canonical\" href=\"https:\/\/elcomunista.org\/?p=6589\" \/>\n<meta property=\"og:locale\" content=\"es_ES\" \/>\n<meta property=\"og:type\" content=\"article\" \/>\n<meta property=\"og:title\" content=\"Brasil: Muerte y destrucci\u00f3n en la Amazon\u00eda de Bolsonaro\" \/>\n<meta property=\"og:description\" content=\"El mes pasado, el Amazonas fue el centro de atenci\u00f3n del gobierno de Bolsonaro. Despu\u00e9s de una larga lucha a brazo partido que culmin\u00f3 con la renuncia de Ricardo Galv\u00e3o de la junta del Instituto Nacional de Investigaci\u00f3n Espacial (INPE), el candidato a Bonaparte ahora intercambia bravuconadas con algunos de los pa\u00edses m\u00e1s ricos de...\" \/>\n<meta property=\"og:url\" content=\"https:\/\/elcomunista.org\/?p=6589\" \/>\n<meta property=\"og:site_name\" content=\"Revoluci\u00f3n Comunista\" \/>\n<meta property=\"article:publisher\" content=\"https:\/\/www.facebook.com\/Bloquepopularjuvenil\" \/>\n<meta property=\"article:published_time\" content=\"2019-08-23T14:12:00+00:00\" \/>\n<meta property=\"og:image\" content=\"https:\/\/elcomunista.org\/wp-content\/uploads\/2019\/08\/imagen-sin-titulo.jpg\" \/>\n\t<meta property=\"og:image:width\" content=\"483\" \/>\n\t<meta property=\"og:image:height\" content=\"271\" \/>\n\t<meta property=\"og:image:type\" content=\"image\/jpeg\" \/>\n<meta name=\"author\" content=\"Felipe Lib\u00f3rio\" \/>\n<meta name=\"twitter:card\" content=\"summary_large_image\" \/>\n<meta name=\"twitter:creator\" content=\"@ElBPJ\" \/>\n<meta name=\"twitter:site\" content=\"@ElBPJ\" \/>\n<meta name=\"twitter:label1\" content=\"Escrito por\" \/>\n\t<meta name=\"twitter:data1\" content=\"Felipe Lib\u00f3rio\" \/>\n\t<meta name=\"twitter:label2\" content=\"Tiempo de lectura\" \/>\n\t<meta name=\"twitter:data2\" content=\"5 minutos\" \/>\n<script type=\"application\/ld+json\" class=\"yoast-schema-graph\">{\"@context\":\"https:\/\/schema.org\",\"@graph\":[{\"@type\":\"Article\",\"@id\":\"https:\/\/elcomunista.org\/?p=6589#article\",\"isPartOf\":{\"@id\":\"https:\/\/elcomunista.org\/?p=6589\"},\"author\":{\"name\":\"Felipe Lib\u00f3rio\",\"@id\":\"https:\/\/elcomunista.org\/#\/schema\/person\/4d8160d6cc8e2bc75d5caf98511af79e\"},\"headline\":\"Brasil: Muerte y destrucci\u00f3n en la Amazon\u00eda de Bolsonaro\",\"datePublished\":\"2019-08-23T14:12:00+00:00\",\"mainEntityOfPage\":{\"@id\":\"https:\/\/elcomunista.org\/?p=6589\"},\"wordCount\":921,\"commentCount\":0,\"publisher\":{\"@id\":\"https:\/\/elcomunista.org\/#organization\"},\"image\":{\"@id\":\"https:\/\/elcomunista.org\/?p=6589#primaryimage\"},\"thumbnailUrl\":\"https:\/\/elcomunista.org\/wp-content\/uploads\/2019\/08\/imagen-sin-titulo.jpg\",\"keywords\":[\"Amazon\u00eda\",\"Bolsonaro\",\"Brasil. crisis ambiental\"],\"articleSection\":[\"Brasil\",\"Internacional\",\"Medio Ambiente\",\"Principales\"],\"inLanguage\":\"es\",\"potentialAction\":[{\"@type\":\"CommentAction\",\"name\":\"Comment\",\"target\":[\"https:\/\/elcomunista.org\/?p=6589#respond\"]}]},{\"@type\":\"WebPage\",\"@id\":\"https:\/\/elcomunista.org\/?p=6589\",\"url\":\"https:\/\/elcomunista.org\/?p=6589\",\"name\":\"Brasil: Muerte y destrucci\u00f3n en la Amazon\u00eda de Bolsonaro\",\"isPartOf\":{\"@id\":\"https:\/\/elcomunista.org\/#website\"},\"primaryImageOfPage\":{\"@id\":\"https:\/\/elcomunista.org\/?p=6589#primaryimage\"},\"image\":{\"@id\":\"https:\/\/elcomunista.org\/?p=6589#primaryimage\"},\"thumbnailUrl\":\"https:\/\/elcomunista.org\/wp-content\/uploads\/2019\/08\/imagen-sin-titulo.jpg\",\"datePublished\":\"2019-08-23T14:12:00+00:00\",\"breadcrumb\":{\"@id\":\"https:\/\/elcomunista.org\/?p=6589#breadcrumb\"},\"inLanguage\":\"es\",\"potentialAction\":[{\"@type\":\"ReadAction\",\"target\":[\"https:\/\/elcomunista.org\/?p=6589\"]}]},{\"@type\":\"ImageObject\",\"inLanguage\":\"es\",\"@id\":\"https:\/\/elcomunista.org\/?p=6589#primaryimage\",\"url\":\"https:\/\/elcomunista.org\/wp-content\/uploads\/2019\/08\/imagen-sin-titulo.jpg\",\"contentUrl\":\"https:\/\/elcomunista.org\/wp-content\/uploads\/2019\/08\/imagen-sin-titulo.jpg\",\"width\":483,\"height\":271},{\"@type\":\"BreadcrumbList\",\"@id\":\"https:\/\/elcomunista.org\/?p=6589#breadcrumb\",\"itemListElement\":[{\"@type\":\"ListItem\",\"position\":1,\"name\":\"Portada\",\"item\":\"https:\/\/elcomunista.org\/\"},{\"@type\":\"ListItem\",\"position\":2,\"name\":\"Brasil: Muerte y destrucci\u00f3n en la Amazon\u00eda de Bolsonaro\"}]},{\"@type\":\"WebSite\",\"@id\":\"https:\/\/elcomunista.org\/#website\",\"url\":\"https:\/\/elcomunista.org\/\",\"name\":\"Revoluci\u00f3n Comunista\",\"description\":\"Internacional Comunista Revolucionaria\",\"publisher\":{\"@id\":\"https:\/\/elcomunista.org\/#organization\"},\"potentialAction\":[{\"@type\":\"SearchAction\",\"target\":{\"@type\":\"EntryPoint\",\"urlTemplate\":\"https:\/\/elcomunista.org\/?s={search_term_string}\"},\"query-input\":{\"@type\":\"PropertyValueSpecification\",\"valueRequired\":true,\"valueName\":\"search_term_string\"}}],\"inLanguage\":\"es\"},{\"@type\":\"Organization\",\"@id\":\"https:\/\/elcomunista.org\/#organization\",\"name\":\"Bloque Popular Juvenil\",\"url\":\"https:\/\/elcomunista.org\/\",\"logo\":{\"@type\":\"ImageObject\",\"inLanguage\":\"es\",\"@id\":\"https:\/\/elcomunista.org\/#\/schema\/logo\/image\/\",\"url\":\"https:\/\/bloquepopularjuvenil.org\/wp-content\/uploads\/2018\/11\/bpj-militante.jpg\",\"contentUrl\":\"https:\/\/bloquepopularjuvenil.org\/wp-content\/uploads\/2018\/11\/bpj-militante.jpg\",\"width\":4000,\"height\":1390,\"caption\":\"Bloque Popular Juvenil\"},\"image\":{\"@id\":\"https:\/\/elcomunista.org\/#\/schema\/logo\/image\/\"},\"sameAs\":[\"https:\/\/www.facebook.com\/Bloquepopularjuvenil\",\"https:\/\/x.com\/ElBPJ\",\"https:\/\/www.instagram.com\/elbloque_bpj\/?hl=es-la\"]},{\"@type\":\"Person\",\"@id\":\"https:\/\/elcomunista.org\/#\/schema\/person\/4d8160d6cc8e2bc75d5caf98511af79e\",\"name\":\"Felipe Lib\u00f3rio\",\"image\":{\"@type\":\"ImageObject\",\"inLanguage\":\"es\",\"@id\":\"https:\/\/elcomunista.org\/#\/schema\/person\/image\/\",\"url\":\"https:\/\/secure.gravatar.com\/avatar\/17caf10ddcc2a64f76efe5e7a4f8a23c?s=96&d=mm&r=g\",\"contentUrl\":\"https:\/\/secure.gravatar.com\/avatar\/17caf10ddcc2a64f76efe5e7a4f8a23c?s=96&d=mm&r=g\",\"caption\":\"Felipe Lib\u00f3rio\"},\"url\":\"https:\/\/elcomunista.org\/?author=116\"}]}<\/script>\n<!-- \/ Yoast SEO plugin. -->","yoast_head_json":{"title":"Brasil: Muerte y destrucci\u00f3n en la Amazon\u00eda de Bolsonaro","robots":{"index":"index","follow":"follow","max-snippet":"max-snippet:-1","max-image-preview":"max-image-preview:large","max-video-preview":"max-video-preview:-1"},"canonical":"https:\/\/elcomunista.org\/?p=6589","og_locale":"es_ES","og_type":"article","og_title":"Brasil: Muerte y destrucci\u00f3n en la Amazon\u00eda de Bolsonaro","og_description":"El mes pasado, el Amazonas fue el centro de atenci\u00f3n del gobierno de Bolsonaro. Despu\u00e9s de una larga lucha a brazo partido que culmin\u00f3 con la renuncia de Ricardo Galv\u00e3o de la junta del Instituto Nacional de Investigaci\u00f3n Espacial (INPE), el candidato a Bonaparte ahora intercambia bravuconadas con algunos de los pa\u00edses m\u00e1s ricos de...","og_url":"https:\/\/elcomunista.org\/?p=6589","og_site_name":"Revoluci\u00f3n Comunista","article_publisher":"https:\/\/www.facebook.com\/Bloquepopularjuvenil","article_published_time":"2019-08-23T14:12:00+00:00","og_image":[{"width":483,"height":271,"url":"https:\/\/elcomunista.org\/wp-content\/uploads\/2019\/08\/imagen-sin-titulo.jpg","type":"image\/jpeg"}],"author":"Felipe Lib\u00f3rio","twitter_card":"summary_large_image","twitter_creator":"@ElBPJ","twitter_site":"@ElBPJ","twitter_misc":{"Escrito por":"Felipe Lib\u00f3rio","Tiempo de lectura":"5 minutos"},"schema":{"@context":"https:\/\/schema.org","@graph":[{"@type":"Article","@id":"https:\/\/elcomunista.org\/?p=6589#article","isPartOf":{"@id":"https:\/\/elcomunista.org\/?p=6589"},"author":{"name":"Felipe Lib\u00f3rio","@id":"https:\/\/elcomunista.org\/#\/schema\/person\/4d8160d6cc8e2bc75d5caf98511af79e"},"headline":"Brasil: Muerte y destrucci\u00f3n en la Amazon\u00eda de Bolsonaro","datePublished":"2019-08-23T14:12:00+00:00","mainEntityOfPage":{"@id":"https:\/\/elcomunista.org\/?p=6589"},"wordCount":921,"commentCount":0,"publisher":{"@id":"https:\/\/elcomunista.org\/#organization"},"image":{"@id":"https:\/\/elcomunista.org\/?p=6589#primaryimage"},"thumbnailUrl":"https:\/\/elcomunista.org\/wp-content\/uploads\/2019\/08\/imagen-sin-titulo.jpg","keywords":["Amazon\u00eda","Bolsonaro","Brasil. crisis ambiental"],"articleSection":["Brasil","Internacional","Medio Ambiente","Principales"],"inLanguage":"es","potentialAction":[{"@type":"CommentAction","name":"Comment","target":["https:\/\/elcomunista.org\/?p=6589#respond"]}]},{"@type":"WebPage","@id":"https:\/\/elcomunista.org\/?p=6589","url":"https:\/\/elcomunista.org\/?p=6589","name":"Brasil: Muerte y destrucci\u00f3n en la Amazon\u00eda de Bolsonaro","isPartOf":{"@id":"https:\/\/elcomunista.org\/#website"},"primaryImageOfPage":{"@id":"https:\/\/elcomunista.org\/?p=6589#primaryimage"},"image":{"@id":"https:\/\/elcomunista.org\/?p=6589#primaryimage"},"thumbnailUrl":"https:\/\/elcomunista.org\/wp-content\/uploads\/2019\/08\/imagen-sin-titulo.jpg","datePublished":"2019-08-23T14:12:00+00:00","breadcrumb":{"@id":"https:\/\/elcomunista.org\/?p=6589#breadcrumb"},"inLanguage":"es","potentialAction":[{"@type":"ReadAction","target":["https:\/\/elcomunista.org\/?p=6589"]}]},{"@type":"ImageObject","inLanguage":"es","@id":"https:\/\/elcomunista.org\/?p=6589#primaryimage","url":"https:\/\/elcomunista.org\/wp-content\/uploads\/2019\/08\/imagen-sin-titulo.jpg","contentUrl":"https:\/\/elcomunista.org\/wp-content\/uploads\/2019\/08\/imagen-sin-titulo.jpg","width":483,"height":271},{"@type":"BreadcrumbList","@id":"https:\/\/elcomunista.org\/?p=6589#breadcrumb","itemListElement":[{"@type":"ListItem","position":1,"name":"Portada","item":"https:\/\/elcomunista.org\/"},{"@type":"ListItem","position":2,"name":"Brasil: Muerte y destrucci\u00f3n en la Amazon\u00eda de Bolsonaro"}]},{"@type":"WebSite","@id":"https:\/\/elcomunista.org\/#website","url":"https:\/\/elcomunista.org\/","name":"Revoluci\u00f3n Comunista","description":"Internacional Comunista Revolucionaria","publisher":{"@id":"https:\/\/elcomunista.org\/#organization"},"potentialAction":[{"@type":"SearchAction","target":{"@type":"EntryPoint","urlTemplate":"https:\/\/elcomunista.org\/?s={search_term_string}"},"query-input":{"@type":"PropertyValueSpecification","valueRequired":true,"valueName":"search_term_string"}}],"inLanguage":"es"},{"@type":"Organization","@id":"https:\/\/elcomunista.org\/#organization","name":"Bloque Popular Juvenil","url":"https:\/\/elcomunista.org\/","logo":{"@type":"ImageObject","inLanguage":"es","@id":"https:\/\/elcomunista.org\/#\/schema\/logo\/image\/","url":"https:\/\/bloquepopularjuvenil.org\/wp-content\/uploads\/2018\/11\/bpj-militante.jpg","contentUrl":"https:\/\/bloquepopularjuvenil.org\/wp-content\/uploads\/2018\/11\/bpj-militante.jpg","width":4000,"height":1390,"caption":"Bloque Popular Juvenil"},"image":{"@id":"https:\/\/elcomunista.org\/#\/schema\/logo\/image\/"},"sameAs":["https:\/\/www.facebook.com\/Bloquepopularjuvenil","https:\/\/x.com\/ElBPJ","https:\/\/www.instagram.com\/elbloque_bpj\/?hl=es-la"]},{"@type":"Person","@id":"https:\/\/elcomunista.org\/#\/schema\/person\/4d8160d6cc8e2bc75d5caf98511af79e","name":"Felipe Lib\u00f3rio","image":{"@type":"ImageObject","inLanguage":"es","@id":"https:\/\/elcomunista.org\/#\/schema\/person\/image\/","url":"https:\/\/secure.gravatar.com\/avatar\/17caf10ddcc2a64f76efe5e7a4f8a23c?s=96&d=mm&r=g","contentUrl":"https:\/\/secure.gravatar.com\/avatar\/17caf10ddcc2a64f76efe5e7a4f8a23c?s=96&d=mm&r=g","caption":"Felipe Lib\u00f3rio"},"url":"https:\/\/elcomunista.org\/?author=116"}]}},"jetpack_featured_media_url":"https:\/\/elcomunista.org\/wp-content\/uploads\/2019\/08\/imagen-sin-titulo.jpg","jetpack_likes_enabled":true,"jetpack_sharing_enabled":true,"_links":{"self":[{"href":"https:\/\/elcomunista.org\/index.php?rest_route=\/wp\/v2\/posts\/6589"}],"collection":[{"href":"https:\/\/elcomunista.org\/index.php?rest_route=\/wp\/v2\/posts"}],"about":[{"href":"https:\/\/elcomunista.org\/index.php?rest_route=\/wp\/v2\/types\/post"}],"author":[{"embeddable":true,"href":"https:\/\/elcomunista.org\/index.php?rest_route=\/wp\/v2\/users\/116"}],"replies":[{"embeddable":true,"href":"https:\/\/elcomunista.org\/index.php?rest_route=%2Fwp%2Fv2%2Fcomments&post=6589"}],"version-history":[{"count":0,"href":"https:\/\/elcomunista.org\/index.php?rest_route=\/wp\/v2\/posts\/6589\/revisions"}],"wp:featuredmedia":[{"embeddable":true,"href":"https:\/\/elcomunista.org\/index.php?rest_route=\/wp\/v2\/media\/6590"}],"wp:attachment":[{"href":"https:\/\/elcomunista.org\/index.php?rest_route=%2Fwp%2Fv2%2Fmedia&parent=6589"}],"wp:term":[{"taxonomy":"category","embeddable":true,"href":"https:\/\/elcomunista.org\/index.php?rest_route=%2Fwp%2Fv2%2Fcategories&post=6589"},{"taxonomy":"post_tag","embeddable":true,"href":"https:\/\/elcomunista.org\/index.php?rest_route=%2Fwp%2Fv2%2Ftags&post=6589"}],"curies":[{"name":"wp","href":"https:\/\/api.w.org\/{rel}","templated":true}]}}