{"id":6600,"date":"2019-08-24T19:18:58","date_gmt":"2019-08-25T01:18:58","guid":{"rendered":"http:\/\/bloquepopularjuvenil.org\/?p=6600"},"modified":"2019-08-26T08:30:11","modified_gmt":"2019-08-26T14:30:11","slug":"el-triangulo-norte-de-centro-america-y-la-politica-antinmigrante-de-trump","status":"publish","type":"post","link":"https:\/\/elcomunista.org\/?p=6600","title":{"rendered":"El Tri\u00e1ngulo Norte de Centro Am\u00e9rica y la pol\u00edtica antiinmigrante de Trump"},"content":{"rendered":"<p>El mi\u00e9rcoles 21 de agosto el presidente de EE.UU., Donald Trump, anunci\u00f3 que ampliar\u00eda los d\u00edas en el que un ni\u00f1o o su familia pueden permanecer bajo custodia de las autoridades migratorias en las c\u00e1rceles para migrantes de la frontera sur de los Estados Unidos. Lo cual se vuelve una completa tortura, pues estas c\u00e1rceles no prestan las condiciones dignas para los migrantes, est\u00e1n ah\u00ed en cuartos comunes entre rejas y con sabanas de aluminio, en condiciones precarias. \u00a0Esta es otra arremetida contra el flujo migratorio de Am\u00e9rica Latina hacia el pa\u00eds del norte. La idea de Trump es acabar con el Acuerdo de Flores, por encontrarse desfasado seg\u00fan la Casa Blanca. El acuerdo de Flores fue aprobado en 1997 y establece que los ni\u00f1os inmigrantes y sus familias deben ser detenidos en condiciones apropiados por un periodo m\u00e1ximo de 20 d\u00edas.<\/p>\n<p>Donald Trump que gan\u00f3 la campa\u00f1a electoral prometiendo que volver\u00eda a hacer de Norte Am\u00e9rica un pa\u00eds grande para los \u201camericanos\u201d, no ha parado de atacar a los migrantes latinos que quieren ingresar al pa\u00eds. En 2018 implement\u00f3 su programa <em>Tolerancia cero<\/em>, que implic\u00f3 que 2,300 ni\u00f1os fueran separados de sus padres de manera violenta, programa que despu\u00e9s tuvo que eliminar ante la presi\u00f3n medi\u00e1tica en su pa\u00eds.<\/p>\n<p>Los dem\u00f3cratas (que tambi\u00e9n son antiinmigrantes, pero de una forma m\u00e1s suave y \u201ccivilizada\u201d) se han opuesto, de alguna forma, a las medidas impulsadas por Donald Trump. \u201cEl precandidato dem\u00f3crata a la Casa Blanca Beto O\u2019Rourke denunci\u00f3 que la \u00abcrueldad no har\u00e1 m\u00e1s que empeorar si no es frenada\u00bb. \u00abMiles de ni\u00f1os separados de sus padres. Siete ni\u00f1os muertos durante nuestra guardia. Muchos m\u00e1s durmiendo en suelos de concreto bajo mantas de aluminio. Hoy Trump decidi\u00f3 que la soluci\u00f3n es encarcelarlos por m\u00e1s tiempo\u00bb, dijo en Twitter\u201d<a href=\"#_ftn1\" name=\"_ftnref1\">[1]<\/a>. \u00a0Los dem\u00f3cratas no es que se opongan a la nefasta pol\u00edtica migratoria contra los latinos, se oponen solo a la forma m\u00e1s dura de esta.<\/p>\n<p>Por otro lado, el viernes 23 de agosto se anunci\u00f3 en un comunicado del gobierno salvadore\u00f1o en ingl\u00e9s, que el ministro de Justicia y Seguridad, Rogelio Rivas, en una reuni\u00f3n con diplom\u00e1ticos estadounidense y ministros de Seguridad de pa\u00edses centroamericanos ha hecho oficial que en el pa\u00eds se implementar\u00e1 patrullaje fronterizo como medida para evitar la migraci\u00f3n de salvadore\u00f1os.<\/p>\n<p>Seg\u00fan el funcionario, se desplegar\u00e1n m\u00e1s de 350 oficiales, previamente capacitados, para evitar el tr\u00e1fico ilegal y trata de personas en los puntos ciegos de las fronteras del pa\u00eds. \u201cVamos a golpear las estructuras criminales, que negocian con la vida de las personas, pero tambi\u00e9n a los grupos terroristas, quienes obligan a la ciudadan\u00eda a la migraci\u00f3n forzada, y aqu\u00ed golpeamos en dos puntos, detenemos este fen\u00f3meno, pero tambi\u00e9n brindaremos atenci\u00f3n a las v\u00edctimas\u201d<a href=\"#_ftn2\" name=\"_ftnref2\">[2]<\/a> dijo el ministro, Rogelio Rivas. Es as\u00ed como la patrulla fronteriza se a\u00f1ade a la lista de \u201csoluciones\u201d a un problema tan complejo como lo es la migraci\u00f3n. El se\u00f1or Trump ya podr\u00e1 estar muy a gusto mientras sus gobiernos t\u00edteres de C.A. ofrecen palo a los migrantes.<\/p>\n<p>La crisis que atraviesa el mundo es la crisis del capitalismo, la econom\u00eda globalizada es incapaz de poder garantizar las condiciones m\u00ednimas de supervivencia para millones de personas. En casi todos los pa\u00edses excoloniales o pobres, incluyendo algunos pa\u00edses de Europa, nos encontraremos con problemas migratorios, el problema migratorio o \u201ccrisis de refugiados\u201d como se le llama a veces, se est\u00e1 volviendo un problema casi generalizado. De \u00c1frica hacia Europa, de Espa\u00f1a a pa\u00edses europeos m\u00e1s \u201cestables\u201d econ\u00f3micamente y por supuesto de todo el sur de Am\u00e9rica incluyendo el Caribe, hacia el Norte de Am\u00e9rica.<\/p>\n<p>Seg\u00fan estimaciones de la Organizaci\u00f3n de Naciones Unidas y el Banco Mundial, la crisis ambiental generar\u00e1 m\u00e1s crisis migratorias. Se han hecho proyecciones a 2050 de que migrar\u00e1n al menos 143 millones. Pero estas cifras se incrementar\u00e1n cuando se pueda hacer un balance del desastroso incendio de la Amazonia causado por las empresas capitalistas y los gobiernos serviles al capital.<\/p>\n<p>La explicaci\u00f3n de esto no es otra que la crisis profunda que atraviesa el capital, desarrollando guerras (medio Oriente) o explotando mercados en condiciones b\u00e1rbaras, y desestabilizando naciones como Venezuela y Nicaragua. Mientras la crisis se profundiza y amenaza con el hambre, la violencia y la degradaci\u00f3n de los pa\u00edses no imperialistas.<\/p>\n<h3><span style=\"color: #800000;\"><strong>M\u00e9xico tan lejos de Dios y tan cerca de los Estados Unidos<\/strong><\/span><\/h3>\n<p>Trump desde hace meses ha utilizado a M\u00e9xico, que considera el primer pa\u00eds de su patio trasero, para que resuelva el flujo de migrantes que llegan a la frontera sur de EE.UU. Una de las medidas m\u00e1s dr\u00e1sticas implementadas por Trump sobre el gobierno mexicano ha sido las sanciones econ\u00f3micas que impuls\u00f3 en marzo del 2019. \u201cEl presidente de EE.UU., Donald Trump, anunci\u00f3 este jueves la imposici\u00f3n de aranceles -que empezar\u00e1n en el 5 % en junio y ascender\u00e1n hasta el 25 % en octubre- a todos los productos procedentes de M\u00e9xico como castigo por el creciente flujo migratorio a trav\u00e9s de la frontera com\u00fan\u201d<a href=\"#_ftn3\" name=\"_ftnref3\">[3]<\/a>. Ante esto el gobierno reformista de Andr\u00e9s Manuel L\u00f3pez Obrador, que no quiere meterse en problemas con el diablo, aument\u00f3 el reforzamiento policial en la frontera.<\/p>\n<p>Se estima que en los diez meses anteriores a julio de 2019, unas 475.000 personas que viajaban en familia cruzaron la frontera de forma irregular desde M\u00e9xico. A pesar de la militarizaci\u00f3n de la frontera mexicana y estadounidense la migraci\u00f3n sigue desarroll\u00e1ndose, como si nada de lo que pasa en este infernal camino, no solo asediado por militares armados hasta los dientes, sino tambi\u00e9n por traficantes de personas, pandilleros y narcotraficantes sanguinarios, representara un peligro inminente de vida o muerte para el latinoamericano que desea por razones materiales llegar a los Estados Unidos.<\/p>\n<p>Motivado por la idea de cambiar las condiciones de vida de ellos y de sus familias no temen emprender este viaje; ni\u00f1os, mujeres, j\u00f3venes y viejos han sorteado una y otra vez todas las inclemencias de este viaje. Pero ni la muerte de un joven y su hija de dos a\u00f1os que cruzaban el r\u00edo Bravo, para llegar a los Estado Unidos ha podido detener la migraci\u00f3n en el pa\u00eds. \u00bfCu\u00e1l es el motivo de esta determinaci\u00f3n tan profunda del migrante latino?<\/p>\n<h3><span style=\"color: #800000;\"><strong>El tri\u00e1ngulo norte de Centroam\u00e9rica<\/strong><\/span><\/h3>\n<p>El tri\u00e1ngulo norte de Centroam\u00e9rica es una regi\u00f3n conformada por los pa\u00edses m\u00e1s pobres y m\u00e1s violentos, Honduras, Guatemala y El Salvador son los principales impulsadores de migrantes hacia los Estados Unidos. Esto se debe a que los tres pa\u00edses que lo componen tienen los niveles m\u00e1s altos de criminalidad, pobreza y exclusi\u00f3n de la regi\u00f3n centroamericana.<\/p>\n<p>En Honduras, para poner un ejemplo, seg\u00fan datos de 2017 el 66 % de la gente vive en condiciones de pobreza, a pesar de que en ese mismo a\u00f1o haya alcanzado niveles de crecimiento econ\u00f3mico superior a a\u00f1os pasados. La raz\u00f3n de que la pobreza no disminuya es que solo el 10 % de la poblaci\u00f3n concentra el 90 % de la riqueza nacional, la brecha de desigualdad no parece tener l\u00edmites. Es l\u00f3gico que los trabajadores hondure\u00f1os incluso organicen caravanas para poder superar en masa todas las inclemencias que incluye el viaje hacia los Estados Unidos.<\/p>\n<p>En estos tres pa\u00edses las protestas y procesos de lucha han estado a la orden del d\u00eda en los \u00faltimos 20 a\u00f1os, reflejando que la clase obrera tambi\u00e9n ha buscado una soluci\u00f3n revolucionaria a sus condiciones de vida. En los a\u00f1os 2000 Honduras y El Salvador atravesaron procesos de movilizaciones de masas combativos; en Honduras se luch\u00f3 contra la privatizaci\u00f3n del agua y la salud, y en El Salvador con manifestaciones de cientos de miles se evit\u00f3 la privatizaci\u00f3n de la salud que quer\u00eda implementar el gobierno reaccionario del partido ARENA.<\/p>\n<p>En 2009, el golpe de Estado hacia Manuel Zelaya desat\u00f3 un movimiento revolucionario en Honduras, que termin\u00f3 con la imposici\u00f3n de una dictadura sangrienta que ha cobrado la vida de miles de j\u00f3venes y luchadores en 10 a\u00f1os, la soluci\u00f3n que la burgues\u00eda apoyada por el imperialismo yanqui busc\u00f3 para acabar con el \u201cradical\u201d gobierno de Mel, que hab\u00eda aumentado los salarios de los trabajadores result\u00f3 ser una receta acabada para profundizar la miseria del pueblo hondure\u00f1o.<\/p>\n<p>En 2009, tambi\u00e9n la clase obrera salvadore\u00f1a a trav\u00e9s de la v\u00eda democr\u00e1tica intent\u00f3 encontrar una salida a sus problemas fundamentales votando masivamente al FMLN, sin embargo, la direcci\u00f3n del FMLN traicion\u00f3 los intereses de la clase obrera, entregando el gobierno a los designios de los Estados Unidos, que siguieron mandando desde la Casa Blanca. Para luego, a partir de su traici\u00f3n al pueblo, entregar el gobierno al demag\u00f3gico de Bukele, aliado de Donald Trump.<\/p>\n<p>Guatemala en 2015 hartos de la corrupci\u00f3n, se alz\u00f3 un movimiento de masas que derroc\u00f3 al gobierno corrupto de Otto P\u00e9rez bajo intensas protestas. En 2016 y 2017 las movilizaciones y la inestabilidad han estado en el orden del d\u00eda, la crisis de las instituciones burguesas en Guatemala es profunda y la divisi\u00f3n de la clase dominante es m\u00e1s que evidente. Las contradicciones del sistema se profundizan por debajo de la superficie, la rabia y el descontento de la juventud y la clase obrera se intensifica a tal grado que un peque\u00f1o evento puede desencadenar grandes acontecimientos inesperadamente.<\/p>\n<p>Ahora en Guatemala tenemos el debate sobre los \u201cterceros pa\u00edses seguros\u201d, una pol\u00edtica copiada de la Uni\u00f3n Europea que Trump quiere utilizar para reducir las miles de solicitudes que a diario llegan para solicitar asilo a los Estados Unidos. La idea consiste en hacer pa\u00eds seguro a M\u00e9xico y Guatemala e incluso Panam\u00e1, para que todo migrante pida antes asilo en estos, si tienen problemas en sus respectivos pa\u00edses, y as\u00ed trasladar el problema a estos terceros pa\u00edses. Es una absurda idea que los gobiernos est\u00e1n aceptando sin tan siquiera evaluar si realmente son pa\u00edses seguros.<\/p>\n<p>Como vemos, las masas trabajadoras del tri\u00e1ngulo norte han estado combatiendo constantemente en las calles, buscando una salida a su situaci\u00f3n, en estos a\u00f1os no ha habido ni un \u00e1tomo de conformidad, todo lo contrario, hay un \u00e1nimo de luchar y buscar una salida a la situaci\u00f3n insoportable en la que vivimos. Por tanto, no se puede afirmar que el centroamericano saca la conclusi\u00f3n de emigrar sin antes haber dado la batalla en su tierra natal.<\/p>\n<p>Los centroamericanos han probado muchas formas para sacudirse sus problemas sin tener \u00e9xito, \u00bfno tiene sentido luchar?\u00a0 La cuesti\u00f3n no es tan sencilla, la respuesta a esto es que la alternativa que pueda resolver sus problemas en la tierra donde nacieron no existe; una y otra vez las masas son enga\u00f1adas por gobiernos demag\u00f3gicos t\u00edteres del imperialismo, que son los que profundizan los niveles de desigualdad y profundizan la explotaci\u00f3n de la clase obrera que tiene que vivir en un calvario ante las condiciones podridas que esta sociedad produce.<\/p>\n<h3><span style=\"color: #800000;\"><strong>La situaci\u00f3n concreta que vive la clase obrera en El Salvador<\/strong><\/span><\/h3>\n<p>Seg\u00fan la Organizaci\u00f3n Internacional para la Migraci\u00f3n, 1,352,357 salvadore\u00f1os residen en los Estados Unidos, de estos 432,000 son ciudadanos, 204 mil residen con estatutos de protecci\u00f3n temporal y 700 mil son migrantes no autorizados; en 2017 la emigraci\u00f3n aument\u00f3 en 50,248 un 3.33%.<\/p>\n<p>Estos datos se ven comprobandos por el ingreso de las remesas al pa\u00eds, \u201clos datos del BCR muestran que al cierre del a\u00f1o pasado [2018] se captaron $5,468.7 millones en concepto de remesas familiares, presentando un crecimiento de 8.4 %, con lo cual super\u00f3 en $425.7 millones a los ingresos recibidos bajo este concepto en el mismo per\u00edodo del 2017. Sin embargo, esto indica que la tasa de crecimiento del a\u00f1o pasado fue menor a la registrada en 2017, que fue de 9.7 %\u201d<a href=\"#_ftn4\" name=\"_ftnref4\">[4]<\/a>. Esto le da un soporte tremendo a la econom\u00eda salvadore\u00f1a. El envi\u00f3 de remesas en 2017 llego a representar el 16 % del PIB y el principal pa\u00eds de donde se env\u00edan las remesas es Estados Unidos, seguido de lejos por Canad\u00e1 y en un tercer lugar Italia.<\/p>\n<p>La mayor parte de los migrantes salvadore\u00f1os se encuentra entre los 18 y 65 a\u00f1os, en un 88%, seg\u00fan datos de la CEMLA. Actualmente, la migraci\u00f3n es m\u00e1s grande incluso que el crecimiento demogr\u00e1fico, y contrario a lo que se puede creer el 45 % de la gente que emigr\u00f3 ten\u00eda empleo<a href=\"#_ftn5\" name=\"_ftnref5\">[5]<\/a>. El problema no est\u00e1 tanto en el desempleo, sino en el ingreso, la mayor parte de esa gente tambi\u00e9n manifest\u00f3 que se puede hacer mucho m\u00e1s dinero en EE.UU. que en El Salvador.<\/p>\n<p>As\u00ed la mayor parte de los migrantes lo hacen por elevar sus niveles de vida y ayudar a sus familiares que quedan en el pa\u00eds, \u201csi pueden ganar all\u00e1 $21 mil al a\u00f1o comparados con los $4,502 que se gana ac\u00e1 es un impulso grande para abandonar la familia. Las\u00a0\u00a0condiciones del trabajo son las principales determinantes\u201d\u2026 \u201cEn cuanto al comportamiento de los ingresos que aporta est\u00e1 poblaci\u00f3n,\u00a0\u00a0nueve de cada diez remesas que recibe El Salvador vienen de Estados Unidos y desde 2010 \u2013tras la crisis econ\u00f3mica- el ritmo de crecimiento de las remesas alcanza el 4% anual\u201d.<a href=\"#_ftn6\" name=\"_ftnref6\">[6]<\/a> Cabe decir que la mayor parte de la poblaci\u00f3n que ha emigrado en los \u00faltimos a\u00f1os ten\u00eda un empleo, la raz\u00f3n principal de emigrar no es la falta de empleo, sino los bajos ingresos en los empleos que ofrecen las transnacionales.<\/p>\n<p>As\u00ed tambi\u00e9n la situaci\u00f3n de empleo para la juventud tiende a complicarse: Un an\u00e1lisis de la inserci\u00f3n laboral de la juventud salvadore\u00f1a, elaborado por la Fundaci\u00f3n para la Educaci\u00f3n Superior (FES), \u00a0indic\u00f3, entre varios datos, que los j\u00f3venes de entre 15 y 29 a\u00f1os de edad son los que m\u00e1s sufren el problema de desempleo en El Salvador.<\/p>\n<p>Seg\u00fan el estudio, la tasa de desempleo juvenil es mayor que la tasa promedio de todo el pa\u00eds. \u201cSi vemos la tasa de desempleo entre 15 y 29 a\u00f1os de edad es de 11.8 %: casi el doble que la tasa de desempleo nacional que es 7 %. Entonces, tenemos una importante diferencia; es decir, los j\u00f3venes padecen m\u00e1s el desempleo que el total de la poblaci\u00f3n\u201d, a esto debemos sumarles la violencia pandilleril, las constantes violaciones y asesinatos a las mujeres, asaltos y violencia generalizada que padece el pa\u00eds, todas son expresiones de una sociedad capitalista enferma.<\/p>\n<h3><span style=\"color: #800000;\"><strong>Las soluciones que ofrece el gobierno<\/strong><\/span><\/h3>\n<p>Las soluciones que nos han ofrecido los gobiernos parecen no tener ning\u00fan efecto, la migraci\u00f3n no se detiene. En El Salvador el presidente Nayib Bukele dice combatir la criminalidad, como principal eje de su pol\u00edtica ha reforzado la polic\u00eda y los militares; tambi\u00e9n ha pedido ampliar el plazo en el que deb\u00eda estar el ej\u00e9rcito en las calles, la utilizaci\u00f3n de los militares para tareas de seguridad se venc\u00edan este 31 de diciembre, es muy posible que no solo se ampl\u00ede el plazo sino tambi\u00e9n que se aumente la cantidad de soldados en las calles.<\/p>\n<p>El Plan Control Territorial que consiste en controlar por la fuerza policial y militar los territorios dominados por las pandillas dejando caer todo el peso del Estado sobre las comunidades, aparentemente ha reducido los homicidios y los conatos de violencia, estad\u00edsticamente los homicidios pasaron de 10-11 a 5 o incluso a cero en menos de un mes. Sin embargo, expertos en la materia revelaron al peri\u00f3dico digital El Faro su impresi\u00f3n de estos datos.<\/p>\n<p>\u201cLa espa\u00f1ola Sof\u00eda Mart\u00ednez (1991, 19 de mayo) es una consultora independiente que desde hace tres a\u00f1os analiza temas de seguridad en el Tri\u00e1ngulo Norte. Tras constatar que las cifras oficiales de violencia homicida en julio son \u201cbuenas noticias\u201d, Mart\u00ednez cree que \u201cno hay elementos suficientes para relacionar esta reducci\u00f3n con las estrategias de seguridad del nuevo Gobierno\u201d.<\/p>\n<p>La analista cree que, en esencia, la administraci\u00f3n Bukele tambi\u00e9n le ha apostado a la represi\u00f3n. \u201cLe han cambiado el nombre, pero la receta sigue siendo la misma\u201d, dice. El\u00a0<em>manodurismo<\/em>\u00a0hist\u00f3ricamente ha generado reducciones en la violencia homicida en las semanas e incluso meses posteriores al lanzamiento de los distintos planes. Dice Mart\u00ednez: \u201cLa raz\u00f3n por la que todos los gobiernos de los \u00faltimos 20 a\u00f1os han apostado por esta f\u00f3rmula es porque efectivamente baja los homicidios en el corto plazo; sin embargo, a la vez que bajan las cifras de muertes violentas, una serie de efectos colaterales grav\u00edsimos quiebran este pa\u00eds: el miedo y la estigmatizaci\u00f3n hace que las comunidades m\u00e1s vulnerables se atrincheren; se genera un suelo f\u00e9rtil para las violaciones de derechos humanos; se rompe la relaci\u00f3n entre el Estado y la sociedad; y la migraci\u00f3n forzada se convierte en la mejor opci\u00f3n para las v\u00edctimas\u201d.<\/p>\n<p>El salvadore\u00f1o Jos\u00e9 Miguel Cruz, experto en violencia en el pa\u00eds comparte la opini\u00f3n de Sof\u00eda Mart\u00ednez y dice en la misma entrevista: \u201cDichos programas lograron reducir la violencia temporalmente para luego dar paso a estallidos de violencia homicida que superaron los niveles previos a los programas\u201d, tambi\u00e9n opina que la clave no est\u00e1 en la represi\u00f3n: \u201cEn una sociedad como la salvadore\u00f1a, donde las normas de convivencia ciudadana jam\u00e1s se desarrollaron, la ocupaci\u00f3n territorial del Estado es efectiva solo ef\u00edmeramente, porque a) las fuerzas gubernamentales no pueden permanecer eternamente en todo el territorio sin una infraestructura social y econ\u00f3mica que las sostenga; y b) porque a la vuelta de un tiempo las fuerzas gubernamentales no pueden dirimir todos los conflictos que surgen sin que ellas mismas sean parte de la din\u00e1mica de la violencia\u201d.<\/p>\n<p>El articulo termina concluyendo que todos los planes echados a andar en los gobiernos anteriores contra la criminalidad, Mano Dura en el 2000 (Francisco Flores), S\u00faper Mano Dura 2004 (Antonio Saca) y Medidas Extraordinarias (S\u00e1nchez Cer\u00e9n 2014) lograron reducciones en los primeros meses, sin embargo, han fracasado en la tarea fundamental de acabar con la criminalidad y no solo eso, a cada plan le ha seguido una ola todav\u00eda superior de violencia y criminalidad en la que los pandilleros han reforzados sus m\u00e9todos y el control del territorio.<\/p>\n<p>Y se nos informa tambi\u00e9n que ahora, continuando con el Plan Control Territorial, tendremos una Patrulla Fronteriza seguramente controlada por el gobierno de Trump, que pretende acabar con la migraci\u00f3n a trav\u00e9s de la fuerza de las armas. Nos est\u00e1n condenado a vivir un infierno, los obreros y la juventud no tenemos otro camino que organizarnos para luchar contra el capital y sus gobiernos serviles.<\/p>\n<p>El error que comenten estos planes, es que no resuelven los problemas de fondo de la clase trabajadora y la juventud. El migrante no decide marcharse de su pa\u00eds por falta de militares en su comunidad, por falta de polic\u00edas y patrullas. No, por supuesto que no, los que abandonan nuestras tierras lo hacen porque saben que sus hijos no podr\u00e1n tener una vida dignamente humana, porque no tenemos acceso a la educaci\u00f3n, a la vivienda, a la salud, y aunque se tenga trabajo, los salarios est\u00e1n por debajo de las necesidades que se tienen que cubrir para la familia. Por ejemplo, la canasta b\u00e1sica ampliada en 2014, seg\u00fan la Digestyc, rondaba los 700 d\u00f3lares, con respecto al salario m\u00ednimo de un obrero ($300) se queda muy por debajo, ni tan siquiera trabajando dos miembros de una misma familia se alcanza a cubrir.<\/p>\n<p>Pero de esto no se habla en los discursos del presidente Bukele, recientemente se reuni\u00f3 con el vicepresidente de Estados Unidos, al que muy valientemente le dijo: \u201cNo queremos que nos sigan regalando su dinero; claro que cualquier programa que quieran desarrollar ser\u00e1 bienvenido (\u2026) no queremos seguir pidiendo dinero regalado, queremos ser aliados\u201d.<\/p>\n<p>Claro nuestro presidente nos tiene muy acostumbrando a decirnos: que lo podemos hacer todo con una buena ayuda de la inversi\u00f3n extranjera nada m\u00e1s, que acabar\u00e1 con aquello y con lo otro, con todos los males habidos y por haber, como quien poseyera poderes m\u00e1gicos capaces de acabar con todo el sufrimiento del pueblo salvadore\u00f1o, pero como toda magia tiene su limitaci\u00f3n, \u00e9l nunca nos dice c\u00f3mo lo har\u00e1 y en qu\u00e9 momento esas soluciones llegar\u00e1n. Pareciera que le gusta mantener el suspenso para darnos una sorpresa pronto, pero las sorpresas son buenas cuando nos solventan una necesidad, que en este caso deber\u00eda ser empleo para la juventud, salarios acordes al costo de la vida, salud y educaci\u00f3n, \u00bfnos lo podr\u00e1n dar las inversiones extranjeras que Bukele quiere traer?<\/p>\n<p>Las reuniones de Mike Pompeo y el jefe militar del Comando Sur de los Estados Unidos, no tienen otro objetivo que proponer la militarizaci\u00f3n de los pa\u00edses del Tri\u00e1ngulo Norte y M\u00e9xico; y establecer condiciones para asediar al vecino pa\u00eds de Nicaragua, en su ofensiva hist\u00f3rica tambi\u00e9n contra Venezuela y Cuba. La clase obrera no debe confiar en estos agentes del mal, ellos no traen las soluciones para acabar con nuestra miseria, de ning\u00fan modo.<\/p>\n<p>Pompeo ha dicho al llegar a El Salvador: \u00ab(La visita) ampliar\u00e1 la cooperaci\u00f3n en temas de seguridad, reforzar\u00e1 el compromiso en Estados Unidos con los derechos humanos y la democracia, en particular el apoyo a los pueblos de Cuba, Nicaragua y Venezuela y su lucha por la libertad y para mejorar las condiciones econ\u00f3micas y expandir las oportunidades econ\u00f3micas de nuestros ciudadanos\u00bb.<a href=\"#_ftn7\" name=\"_ftnref7\">[7]<\/a><\/p>\n<p>En esas declaraciones Pompeo dej\u00f3 claro realmente el motivo de su visita, desde luego que no hay nada que la clase obrera pueda celebrar de esto, aunque Nayib Bukele haya dicho que este evento es importante para toda la naci\u00f3n. No hay nada de progresismo en la pol\u00edtica de los Estado Unidos en Centroam\u00e9rica, desde todos los puntos de vista, no tienen una soluci\u00f3n para el problema migratorio, por lo menos no algo que realmente lo solucione.<\/p>\n<p>El problema que tenemos es que el reformismo en tiempos de crisis es totalmente inviable y con el FMLN lleg\u00f3 a su l\u00edmite, lo cual complica los movimientos de Nayib. \u00c9l ha empezado su gobierno siguiendo los mandatos del FMI, acortando el Estado despidiendo gente, y recortando los programas sociales, y este espiral ascendente de contrarreformas no las podr\u00e1 detener. Todos los intentos de restablecer el equilibrio econ\u00f3mico en el pa\u00eds tienen que pasar por ataques a la clase trabajadora, lo cual romper\u00e1 el equilibrio pol\u00edtico. La clase obrera volver\u00e1 a movilizarse tarde o temprano para defenderse de los ataques y buscar\u00e1 nuevamente una salida. As\u00ed que nuevos acontecimientos estar\u00e1n en el orden del d\u00eda.<\/p>\n<h3><span style=\"color: #800000;\"><strong>\u00bfA qu\u00e9 debemos aspirar?<\/strong><\/span><\/h3>\n<p>Desde una perspectiva de clase sabemos que los diferentes gobiernos de la regi\u00f3n no pueden ofrecer una soluci\u00f3n real para la clase obrera a las bases que fomentan la migraci\u00f3n, porque est\u00e1n unidos por miles de hilos al imperialismo norteamericano y a las burgues\u00edas de cada uno de los pa\u00edses. El problema de la migraci\u00f3n en este nivel de desarrollo tiene que ver con la crisis de las econom\u00edas y la crisis que atraviesa el capitalismo para brindar un mundo verdaderamente humano.<\/p>\n<p>Los gobiernos tienen amarradas sus manos a los intereses de los empresarios y banqueros, nacionales e internacionales, por eso no les interesa hablar de los problemas fundamentales de los trabajadores, que tienen que ver con los salarios, la jornada laboral\u00a0 y sus prestaciones sociales, porque esto entra en contradicci\u00f3n con los intereses de los empresarios y desde luego que no es bueno para la inversi\u00f3n extranjera, la que tan urgidos est\u00e1n de recibir.<\/p>\n<p>Porque entre m\u00e1s bajos sean los salarios y menos derechos tengan los trabajadores los capitalistas pueden extraer de mejor forma la plusval\u00eda de la clase obrera, as\u00ed Centroam\u00e9rica se vuelve un para\u00edso para la inversi\u00f3n. El problema no es que no hayan condiciones para invertir, el problema es que el capitalismo en esta etapa de crisis no est\u00e1 invirtiendo sino monopolizando la producci\u00f3n existente.<\/p>\n<p>A Trump le interesa controlar nuestros mercados para sus mercanc\u00edas en la disputa contra China, Latinoam\u00e9rica es un buen bot\u00edn del cual Trump no se quiere perder ni una parte, as\u00ed tambi\u00e9n necesita devolver a Estados Unidos su prosperidad (harta tarea) para cumplir con los que lo votaron y desde luego con los intereses de muchos capitalistas, sin embargo, todo paso que da para conseguir sus objetivos, no hacen m\u00e1s que complicarle las cosas. La militarizaci\u00f3n en el Tri\u00e1ngulo Norte de Centroam\u00e9rica puede tener efectos inmediatos, pero eso tambi\u00e9n puede desencadenar procesos duros en la lucha de clases que amenacen con el mismo sistema capitalista.<\/p>\n<p>Todo el progresismo del capitalismo ha llegado a su fin, en el pasado la burgues\u00eda acab\u00f3 con el absolutismo de la monarqu\u00eda de manera violenta, desarrollando el Estado Naci\u00f3n y los mercados a trav\u00e9s de la inversi\u00f3n en la tecnolog\u00eda y la ciencia. Pero hoy el Estado Naci\u00f3n y la propiedad privada se vuelven una camisa de fuerza para el desarrollo de la sociedad, para poder avanzar a un nivel superior se deben acabar con estos vestigios de una sociedad decadente, pero eso solo ser\u00e1 posible a trav\u00e9s de una revoluci\u00f3n socialista.<\/p>\n<p>La clase obrera centroamericana debe estrechar lazos entre s\u00ed. En todos los pa\u00edses el problema es realmente el mismo, la explotaci\u00f3n extenuante por las transnacionales, la pobreza y la exclusi\u00f3n, todo esto es generado por el sistema capitalista. Al contrario de lo que se pueda ver a simple vista, los trabajadores tienen un poder colosal tras de s\u00ed, ellos son los que realmente mueven los hilos de la econom\u00eda y no la burgues\u00eda parasitaria que solo se apropia del beneficio producido por el obrero.<\/p>\n<p>En diferentes momentos, los gobiernos, ya sean liberales, derechas o izquierdas reformistas, nos han traicionados. El pueblo centroamericano va concluyendo a trav\u00e9s de la pr\u00e1ctica que no se puede confiar en estos l\u00edderes. L\u00edderes que han renegado del socialismo y de la revoluci\u00f3n, que han llegado al poder y se han vendido al capital, que hablan en nombre de la democracia y la patria, pero a medida pasa el tiempo esa patria y democracia en lo abstracto se va volviendo m\u00e1s concreto en los intereses de los capitalistas de cada pa\u00eds y del imperialismo, o sea, la patria de la burgues\u00eda y la democracia de la clase dominante.<\/p>\n<p>Debemos construir un movimiento revolucionario y socialista que luche por las demandas y reivindicaciones de la clase obrera y la juventud, que se plantee la uni\u00f3n de todos los pa\u00edses de Centroam\u00e9rica en una sola y poderosa Federaci\u00f3n de Rep\u00fablicas Socialistas de Centroam\u00e9rica, que ponga toda su riqueza material y cultural a disposici\u00f3n de todas la clases oprimidas por el capitalismo. Solo de esta forma tendremos un lugar digno donde vivir, y esto solo se puede lograr a trav\u00e9s de la lucha unida de todos los trabajadores centroamericanos donde quiera que est\u00e9n.<\/p>\n<p>La Corriente Marxista Internacional se suscribe a estos grandes objetivos para luchar por una misma causa en todos y cada uno de los pa\u00edses donde tiene presencia, todo joven y trabajador dispuesto a luchar est\u00e1 invitado a integrarse en nuestras filas y combatir contra el capitalismo y el imperialismo norteamericano y por la revoluci\u00f3n socialista mundial.<\/p>\n<p><strong>\u00a1Solidaridad con los migrantes<\/strong><strong>!<\/strong><\/p>\n<p><strong>\u00a1Cierre de los campos de detenci\u00f3n<\/strong><strong>!<\/strong><\/p>\n<p><strong>\u00a1No a las patrullas fronterizas<\/strong><strong>!<\/strong><\/p>\n<p><strong>\u00a1Qu<\/strong><strong>\u00e9 la crisis la paguen los capitalistas<\/strong><strong>!<\/strong><\/p>\n<p><strong>\u00a1Fuera los gobiernos serviles al imperialismo yanqui en Centroam\u00e9rica<\/strong><strong>!<\/strong><\/p>\n<p><strong>\u00a1No a la intromisi\u00f3n imperialista de Trump<\/strong><strong>!<\/strong><\/p>\n<p><strong>\u00a1Por una Federaci\u00f3n Socialista de Am\u00e9rica Latina<\/strong><strong>!<\/strong><\/p>\n<p><strong>\u00a0<\/strong><\/p>\n<p>&nbsp;<\/p>\n<p><a href=\"#_ftnref1\" name=\"_ftn1\">[1]<\/a> <a href=\"https:\/\/www.paginasiete.bo\/planeta\/2019\/8\/22\/trump-quiere-detener-ninos-migrantes-sin-limite-de-tiempo-228281.html\">https:\/\/www.paginasiete.bo\/planeta\/2019\/8\/22\/trump-quiere-detener-ninos-migrantes-sin-limite-de-tiempo-228281.html<\/a><\/p>\n<p><a href=\"#_ftnref2\" name=\"_ftn2\">[2]<\/a> <a href=\"https:\/\/www.elsalvador.com\/noticias\/nacional\/el-salvador-implementara-patrullaje-fronterizo-asegura-ministro-de-seguridad-rogelio-rivas-en-reunion-con-homologos-en-panama\/632813\/2019\/\">https:\/\/www.elsalvador.com\/noticias\/nacional\/el-salvador-implementara-patrullaje-fronterizo-asegura-ministro-de-seguridad-rogelio-rivas-en-reunion-con-homologos-en-panama\/632813\/2019\/<\/a><\/p>\n<p><a href=\"#_ftnref3\" name=\"_ftn3\">[3]<\/a> <a href=\"https:\/\/www.efe.com\/efe\/america\/portada\/trump-castiga-a-mexico-con-aranceles-todos-sus-productos-por-la-inmigracion\/20000064-3989325\">https:\/\/www.efe.com\/efe\/america\/portada\/trump-castiga-a-mexico-con-aranceles-todos-sus-productos-por-la-inmigracion\/20000064-3989325<\/a><\/p>\n<p><a href=\"#_ftnref4\" name=\"_ftn4\">[4]<\/a> <a href=\"https:\/\/www.laprensagrafica.com\/economia\/Envio--promedio-mensual-de-remesas-aumento-en-2018-20190127-0260.html\">https:\/\/www.laprensagrafica.com\/economia\/Envio&#8211;promedio-mensual-de-remesas-aumento-en-2018-20190127-0260.html<\/a><\/p>\n<p><a href=\"#_ftnref5\" name=\"_ftn5\">[5]<\/a> <a href=\"http:\/\/www.resumenlatinoamericano.org\/2016\/08\/25\/el-salvador-razon-de-la-migracion-economia-o-inseguridad\/\">http:\/\/www.resumenlatinoamericano.org\/2016\/08\/25\/el-salvador-razon-de-la-migracion-economia-o-inseguridad\/<\/a><\/p>\n<p><a href=\"#_ftnref6\" name=\"_ftn6\">[6]<\/a> <a href=\"http:\/\/www.resumenlatinoamericano.org\/2016\/08\/25\/el-salvador-razon-de-la-migracion-economia-o-inseguridad\/\">http:\/\/www.resumenlatinoamericano.org\/2016\/08\/25\/el-salvador-razon-de-la-migracion-economia-o-inseguridad\/<\/a><\/p>\n<p><a href=\"#_ftnref7\" name=\"_ftn7\">[7]<\/a> <a href=\"https:\/\/www.laprensagrafica.com\/elsalvador\/Bukele-planteara-propuesta-sobre-migracion-hoy-a-secretario-Pompeo-20190720-0446.html\">https:\/\/www.laprensagrafica.com\/elsalvador\/Bukele-planteara-propuesta-sobre-migracion-hoy-a-secretario-Pompeo-20190720-0446.html<\/a><\/p>\n","protected":false},"excerpt":{"rendered":"<p>El mi\u00e9rcoles 21 de agosto el presidente de EE.UU., Donald Trump, anunci\u00f3 que ampliar\u00eda los d\u00edas en el que un ni\u00f1o o su familia pueden permanecer bajo custodia de las autoridades migratorias en las c\u00e1rceles para migrantes de la frontera sur de los Estados Unidos. Lo cual se vuelve una completa tortura, pues estas c\u00e1rceles&#8230;<\/p>\n","protected":false},"author":8,"featured_media":6601,"comment_status":"open","ping_status":"open","sticky":false,"template":"","format":"standard","meta":{"_monsterinsights_skip_tracking":false,"_monsterinsights_sitenote_active":false,"_monsterinsights_sitenote_note":"","_monsterinsights_sitenote_category":0,"_uf_show_specific_survey":0,"_uf_disable_surveys":false,"_jetpack_memberships_contains_paid_content":false,"footnotes":""},"categories":[6,3,537],"tags":[862,861,169],"class_list":["post-6600","post","type-post","status-publish","format-standard","has-post-thumbnail","hentry","category-centroamerica","category-politica","category-principales","tag-politica-antiinmigrante","tag-triangulo-norte","tag-trump"],"aioseo_notices":[],"yoast_head":"<!-- This site is optimized with the Yoast SEO plugin v25.6 - https:\/\/yoast.com\/wordpress\/plugins\/seo\/ -->\n<title>El Tri\u00e1ngulo Norte de Centro Am\u00e9rica y la pol\u00edtica antiinmigrante de Trump<\/title>\n<meta name=\"robots\" content=\"index, follow, max-snippet:-1, max-image-preview:large, max-video-preview:-1\" \/>\n<link rel=\"canonical\" href=\"https:\/\/elcomunista.org\/?p=6600\" \/>\n<meta property=\"og:locale\" content=\"es_ES\" \/>\n<meta property=\"og:type\" content=\"article\" \/>\n<meta property=\"og:title\" content=\"El Tri\u00e1ngulo Norte de Centro Am\u00e9rica y la pol\u00edtica antiinmigrante de Trump\" \/>\n<meta property=\"og:description\" content=\"El mi\u00e9rcoles 21 de agosto el presidente de EE.UU., Donald Trump, anunci\u00f3 que ampliar\u00eda los d\u00edas en el que un ni\u00f1o o su familia pueden permanecer bajo custodia de las autoridades migratorias en las c\u00e1rceles para migrantes de la frontera sur de los Estados Unidos. Lo cual se vuelve una completa tortura, pues estas c\u00e1rceles...\" \/>\n<meta property=\"og:url\" content=\"https:\/\/elcomunista.org\/?p=6600\" \/>\n<meta property=\"og:site_name\" content=\"Revoluci\u00f3n Comunista\" \/>\n<meta property=\"article:publisher\" content=\"https:\/\/www.facebook.com\/Bloquepopularjuvenil\" \/>\n<meta property=\"article:author\" content=\"https:\/\/www.facebook.com\/JuandeLaCruzBPJ\" \/>\n<meta property=\"article:published_time\" content=\"2019-08-25T01:18:58+00:00\" \/>\n<meta property=\"article:modified_time\" content=\"2019-08-26T14:30:11+00:00\" \/>\n<meta property=\"og:image\" content=\"https:\/\/elcomunista.org\/wp-content\/uploads\/2019\/08\/DONALD-TRUMP-AYUDA-A-CA.jpg\" \/>\n\t<meta property=\"og:image:width\" content=\"1280\" \/>\n\t<meta property=\"og:image:height\" content=\"720\" \/>\n\t<meta property=\"og:image:type\" content=\"image\/jpeg\" \/>\n<meta name=\"author\" content=\"Juan de la Cruz\" \/>\n<meta name=\"twitter:card\" content=\"summary_large_image\" \/>\n<meta name=\"twitter:creator\" content=\"@juandelacruzcmi\" \/>\n<meta name=\"twitter:site\" content=\"@ElBPJ\" \/>\n<meta name=\"twitter:label1\" content=\"Escrito por\" \/>\n\t<meta name=\"twitter:data1\" content=\"Juan de la Cruz\" \/>\n\t<meta name=\"twitter:label2\" content=\"Tiempo de lectura\" \/>\n\t<meta name=\"twitter:data2\" content=\"24 minutos\" \/>\n<script type=\"application\/ld+json\" class=\"yoast-schema-graph\">{\"@context\":\"https:\/\/schema.org\",\"@graph\":[{\"@type\":\"Article\",\"@id\":\"https:\/\/elcomunista.org\/?p=6600#article\",\"isPartOf\":{\"@id\":\"https:\/\/elcomunista.org\/?p=6600\"},\"author\":{\"name\":\"Juan de la Cruz\",\"@id\":\"https:\/\/elcomunista.org\/#\/schema\/person\/e070ce76b01e8720e27ac0d46b82063f\"},\"headline\":\"El Tri\u00e1ngulo Norte de Centro Am\u00e9rica y la pol\u00edtica antiinmigrante de Trump\",\"datePublished\":\"2019-08-25T01:18:58+00:00\",\"dateModified\":\"2019-08-26T14:30:11+00:00\",\"mainEntityOfPage\":{\"@id\":\"https:\/\/elcomunista.org\/?p=6600\"},\"wordCount\":4869,\"commentCount\":2,\"publisher\":{\"@id\":\"https:\/\/elcomunista.org\/#organization\"},\"image\":{\"@id\":\"https:\/\/elcomunista.org\/?p=6600#primaryimage\"},\"thumbnailUrl\":\"https:\/\/elcomunista.org\/wp-content\/uploads\/2019\/08\/DONALD-TRUMP-AYUDA-A-CA.jpg\",\"keywords\":[\"Pol\u00edtica antiinmigrante\",\"Triangulo Norte\",\"Trump\"],\"articleSection\":[\"Centroam\u00e9rica\",\"Pol\u00edtica\",\"Principales\"],\"inLanguage\":\"es\",\"potentialAction\":[{\"@type\":\"CommentAction\",\"name\":\"Comment\",\"target\":[\"https:\/\/elcomunista.org\/?p=6600#respond\"]}]},{\"@type\":\"WebPage\",\"@id\":\"https:\/\/elcomunista.org\/?p=6600\",\"url\":\"https:\/\/elcomunista.org\/?p=6600\",\"name\":\"El Tri\u00e1ngulo Norte de Centro Am\u00e9rica y la pol\u00edtica antiinmigrante de Trump\",\"isPartOf\":{\"@id\":\"https:\/\/elcomunista.org\/#website\"},\"primaryImageOfPage\":{\"@id\":\"https:\/\/elcomunista.org\/?p=6600#primaryimage\"},\"image\":{\"@id\":\"https:\/\/elcomunista.org\/?p=6600#primaryimage\"},\"thumbnailUrl\":\"https:\/\/elcomunista.org\/wp-content\/uploads\/2019\/08\/DONALD-TRUMP-AYUDA-A-CA.jpg\",\"datePublished\":\"2019-08-25T01:18:58+00:00\",\"dateModified\":\"2019-08-26T14:30:11+00:00\",\"breadcrumb\":{\"@id\":\"https:\/\/elcomunista.org\/?p=6600#breadcrumb\"},\"inLanguage\":\"es\",\"potentialAction\":[{\"@type\":\"ReadAction\",\"target\":[\"https:\/\/elcomunista.org\/?p=6600\"]}]},{\"@type\":\"ImageObject\",\"inLanguage\":\"es\",\"@id\":\"https:\/\/elcomunista.org\/?p=6600#primaryimage\",\"url\":\"https:\/\/elcomunista.org\/wp-content\/uploads\/2019\/08\/DONALD-TRUMP-AYUDA-A-CA.jpg\",\"contentUrl\":\"https:\/\/elcomunista.org\/wp-content\/uploads\/2019\/08\/DONALD-TRUMP-AYUDA-A-CA.jpg\",\"width\":1280,\"height\":720},{\"@type\":\"BreadcrumbList\",\"@id\":\"https:\/\/elcomunista.org\/?p=6600#breadcrumb\",\"itemListElement\":[{\"@type\":\"ListItem\",\"position\":1,\"name\":\"Portada\",\"item\":\"https:\/\/elcomunista.org\/\"},{\"@type\":\"ListItem\",\"position\":2,\"name\":\"El Tri\u00e1ngulo Norte de Centro Am\u00e9rica y la pol\u00edtica antiinmigrante de Trump\"}]},{\"@type\":\"WebSite\",\"@id\":\"https:\/\/elcomunista.org\/#website\",\"url\":\"https:\/\/elcomunista.org\/\",\"name\":\"Revoluci\u00f3n Comunista\",\"description\":\"Internacional Comunista Revolucionaria\",\"publisher\":{\"@id\":\"https:\/\/elcomunista.org\/#organization\"},\"potentialAction\":[{\"@type\":\"SearchAction\",\"target\":{\"@type\":\"EntryPoint\",\"urlTemplate\":\"https:\/\/elcomunista.org\/?s={search_term_string}\"},\"query-input\":{\"@type\":\"PropertyValueSpecification\",\"valueRequired\":true,\"valueName\":\"search_term_string\"}}],\"inLanguage\":\"es\"},{\"@type\":\"Organization\",\"@id\":\"https:\/\/elcomunista.org\/#organization\",\"name\":\"Bloque Popular Juvenil\",\"url\":\"https:\/\/elcomunista.org\/\",\"logo\":{\"@type\":\"ImageObject\",\"inLanguage\":\"es\",\"@id\":\"https:\/\/elcomunista.org\/#\/schema\/logo\/image\/\",\"url\":\"https:\/\/bloquepopularjuvenil.org\/wp-content\/uploads\/2018\/11\/bpj-militante.jpg\",\"contentUrl\":\"https:\/\/bloquepopularjuvenil.org\/wp-content\/uploads\/2018\/11\/bpj-militante.jpg\",\"width\":4000,\"height\":1390,\"caption\":\"Bloque Popular Juvenil\"},\"image\":{\"@id\":\"https:\/\/elcomunista.org\/#\/schema\/logo\/image\/\"},\"sameAs\":[\"https:\/\/www.facebook.com\/Bloquepopularjuvenil\",\"https:\/\/x.com\/ElBPJ\",\"https:\/\/www.instagram.com\/elbloque_bpj\/?hl=es-la\"]},{\"@type\":\"Person\",\"@id\":\"https:\/\/elcomunista.org\/#\/schema\/person\/e070ce76b01e8720e27ac0d46b82063f\",\"name\":\"Juan de la Cruz\",\"image\":{\"@type\":\"ImageObject\",\"inLanguage\":\"es\",\"@id\":\"https:\/\/elcomunista.org\/#\/schema\/person\/image\/\",\"url\":\"https:\/\/secure.gravatar.com\/avatar\/1aac3a8e4bbf29ce7030b8cd6a02f12b?s=96&d=mm&r=g\",\"contentUrl\":\"https:\/\/secure.gravatar.com\/avatar\/1aac3a8e4bbf29ce7030b8cd6a02f12b?s=96&d=mm&r=g\",\"caption\":\"Juan de la Cruz\"},\"description\":\"Editor del peri\u00f3dico El Comunista, vocero de la secci\u00f3n salvadore\u00f1a de la Internacional Comunista Revolucionaria (ICR)\",\"sameAs\":[\"http:\/\/www.bloquepopularjuvenil.org\",\"https:\/\/www.facebook.com\/JuandeLaCruzBPJ\",\"https:\/\/x.com\/juandelacruzcmi\"],\"url\":\"https:\/\/elcomunista.org\/?author=8\"}]}<\/script>\n<!-- \/ Yoast SEO plugin. -->","yoast_head_json":{"title":"El Tri\u00e1ngulo Norte de Centro Am\u00e9rica y la pol\u00edtica antiinmigrante de Trump","robots":{"index":"index","follow":"follow","max-snippet":"max-snippet:-1","max-image-preview":"max-image-preview:large","max-video-preview":"max-video-preview:-1"},"canonical":"https:\/\/elcomunista.org\/?p=6600","og_locale":"es_ES","og_type":"article","og_title":"El Tri\u00e1ngulo Norte de Centro Am\u00e9rica y la pol\u00edtica antiinmigrante de Trump","og_description":"El mi\u00e9rcoles 21 de agosto el presidente de EE.UU., Donald Trump, anunci\u00f3 que ampliar\u00eda los d\u00edas en el que un ni\u00f1o o su familia pueden permanecer bajo custodia de las autoridades migratorias en las c\u00e1rceles para migrantes de la frontera sur de los Estados Unidos. Lo cual se vuelve una completa tortura, pues estas c\u00e1rceles...","og_url":"https:\/\/elcomunista.org\/?p=6600","og_site_name":"Revoluci\u00f3n Comunista","article_publisher":"https:\/\/www.facebook.com\/Bloquepopularjuvenil","article_author":"https:\/\/www.facebook.com\/JuandeLaCruzBPJ","article_published_time":"2019-08-25T01:18:58+00:00","article_modified_time":"2019-08-26T14:30:11+00:00","og_image":[{"width":1280,"height":720,"url":"https:\/\/elcomunista.org\/wp-content\/uploads\/2019\/08\/DONALD-TRUMP-AYUDA-A-CA.jpg","type":"image\/jpeg"}],"author":"Juan de la Cruz","twitter_card":"summary_large_image","twitter_creator":"@juandelacruzcmi","twitter_site":"@ElBPJ","twitter_misc":{"Escrito por":"Juan de la Cruz","Tiempo de lectura":"24 minutos"},"schema":{"@context":"https:\/\/schema.org","@graph":[{"@type":"Article","@id":"https:\/\/elcomunista.org\/?p=6600#article","isPartOf":{"@id":"https:\/\/elcomunista.org\/?p=6600"},"author":{"name":"Juan de la Cruz","@id":"https:\/\/elcomunista.org\/#\/schema\/person\/e070ce76b01e8720e27ac0d46b82063f"},"headline":"El Tri\u00e1ngulo Norte de Centro Am\u00e9rica y la pol\u00edtica antiinmigrante de Trump","datePublished":"2019-08-25T01:18:58+00:00","dateModified":"2019-08-26T14:30:11+00:00","mainEntityOfPage":{"@id":"https:\/\/elcomunista.org\/?p=6600"},"wordCount":4869,"commentCount":2,"publisher":{"@id":"https:\/\/elcomunista.org\/#organization"},"image":{"@id":"https:\/\/elcomunista.org\/?p=6600#primaryimage"},"thumbnailUrl":"https:\/\/elcomunista.org\/wp-content\/uploads\/2019\/08\/DONALD-TRUMP-AYUDA-A-CA.jpg","keywords":["Pol\u00edtica antiinmigrante","Triangulo Norte","Trump"],"articleSection":["Centroam\u00e9rica","Pol\u00edtica","Principales"],"inLanguage":"es","potentialAction":[{"@type":"CommentAction","name":"Comment","target":["https:\/\/elcomunista.org\/?p=6600#respond"]}]},{"@type":"WebPage","@id":"https:\/\/elcomunista.org\/?p=6600","url":"https:\/\/elcomunista.org\/?p=6600","name":"El Tri\u00e1ngulo Norte de Centro Am\u00e9rica y la pol\u00edtica antiinmigrante de Trump","isPartOf":{"@id":"https:\/\/elcomunista.org\/#website"},"primaryImageOfPage":{"@id":"https:\/\/elcomunista.org\/?p=6600#primaryimage"},"image":{"@id":"https:\/\/elcomunista.org\/?p=6600#primaryimage"},"thumbnailUrl":"https:\/\/elcomunista.org\/wp-content\/uploads\/2019\/08\/DONALD-TRUMP-AYUDA-A-CA.jpg","datePublished":"2019-08-25T01:18:58+00:00","dateModified":"2019-08-26T14:30:11+00:00","breadcrumb":{"@id":"https:\/\/elcomunista.org\/?p=6600#breadcrumb"},"inLanguage":"es","potentialAction":[{"@type":"ReadAction","target":["https:\/\/elcomunista.org\/?p=6600"]}]},{"@type":"ImageObject","inLanguage":"es","@id":"https:\/\/elcomunista.org\/?p=6600#primaryimage","url":"https:\/\/elcomunista.org\/wp-content\/uploads\/2019\/08\/DONALD-TRUMP-AYUDA-A-CA.jpg","contentUrl":"https:\/\/elcomunista.org\/wp-content\/uploads\/2019\/08\/DONALD-TRUMP-AYUDA-A-CA.jpg","width":1280,"height":720},{"@type":"BreadcrumbList","@id":"https:\/\/elcomunista.org\/?p=6600#breadcrumb","itemListElement":[{"@type":"ListItem","position":1,"name":"Portada","item":"https:\/\/elcomunista.org\/"},{"@type":"ListItem","position":2,"name":"El Tri\u00e1ngulo Norte de Centro Am\u00e9rica y la pol\u00edtica antiinmigrante de Trump"}]},{"@type":"WebSite","@id":"https:\/\/elcomunista.org\/#website","url":"https:\/\/elcomunista.org\/","name":"Revoluci\u00f3n Comunista","description":"Internacional Comunista Revolucionaria","publisher":{"@id":"https:\/\/elcomunista.org\/#organization"},"potentialAction":[{"@type":"SearchAction","target":{"@type":"EntryPoint","urlTemplate":"https:\/\/elcomunista.org\/?s={search_term_string}"},"query-input":{"@type":"PropertyValueSpecification","valueRequired":true,"valueName":"search_term_string"}}],"inLanguage":"es"},{"@type":"Organization","@id":"https:\/\/elcomunista.org\/#organization","name":"Bloque Popular Juvenil","url":"https:\/\/elcomunista.org\/","logo":{"@type":"ImageObject","inLanguage":"es","@id":"https:\/\/elcomunista.org\/#\/schema\/logo\/image\/","url":"https:\/\/bloquepopularjuvenil.org\/wp-content\/uploads\/2018\/11\/bpj-militante.jpg","contentUrl":"https:\/\/bloquepopularjuvenil.org\/wp-content\/uploads\/2018\/11\/bpj-militante.jpg","width":4000,"height":1390,"caption":"Bloque Popular Juvenil"},"image":{"@id":"https:\/\/elcomunista.org\/#\/schema\/logo\/image\/"},"sameAs":["https:\/\/www.facebook.com\/Bloquepopularjuvenil","https:\/\/x.com\/ElBPJ","https:\/\/www.instagram.com\/elbloque_bpj\/?hl=es-la"]},{"@type":"Person","@id":"https:\/\/elcomunista.org\/#\/schema\/person\/e070ce76b01e8720e27ac0d46b82063f","name":"Juan de la Cruz","image":{"@type":"ImageObject","inLanguage":"es","@id":"https:\/\/elcomunista.org\/#\/schema\/person\/image\/","url":"https:\/\/secure.gravatar.com\/avatar\/1aac3a8e4bbf29ce7030b8cd6a02f12b?s=96&d=mm&r=g","contentUrl":"https:\/\/secure.gravatar.com\/avatar\/1aac3a8e4bbf29ce7030b8cd6a02f12b?s=96&d=mm&r=g","caption":"Juan de la Cruz"},"description":"Editor del peri\u00f3dico El Comunista, vocero de la secci\u00f3n salvadore\u00f1a de la Internacional Comunista Revolucionaria (ICR)","sameAs":["http:\/\/www.bloquepopularjuvenil.org","https:\/\/www.facebook.com\/JuandeLaCruzBPJ","https:\/\/x.com\/juandelacruzcmi"],"url":"https:\/\/elcomunista.org\/?author=8"}]}},"jetpack_featured_media_url":"https:\/\/elcomunista.org\/wp-content\/uploads\/2019\/08\/DONALD-TRUMP-AYUDA-A-CA.jpg","jetpack_likes_enabled":true,"jetpack_sharing_enabled":true,"_links":{"self":[{"href":"https:\/\/elcomunista.org\/index.php?rest_route=\/wp\/v2\/posts\/6600"}],"collection":[{"href":"https:\/\/elcomunista.org\/index.php?rest_route=\/wp\/v2\/posts"}],"about":[{"href":"https:\/\/elcomunista.org\/index.php?rest_route=\/wp\/v2\/types\/post"}],"author":[{"embeddable":true,"href":"https:\/\/elcomunista.org\/index.php?rest_route=\/wp\/v2\/users\/8"}],"replies":[{"embeddable":true,"href":"https:\/\/elcomunista.org\/index.php?rest_route=%2Fwp%2Fv2%2Fcomments&post=6600"}],"version-history":[{"count":0,"href":"https:\/\/elcomunista.org\/index.php?rest_route=\/wp\/v2\/posts\/6600\/revisions"}],"wp:featuredmedia":[{"embeddable":true,"href":"https:\/\/elcomunista.org\/index.php?rest_route=\/wp\/v2\/media\/6601"}],"wp:attachment":[{"href":"https:\/\/elcomunista.org\/index.php?rest_route=%2Fwp%2Fv2%2Fmedia&parent=6600"}],"wp:term":[{"taxonomy":"category","embeddable":true,"href":"https:\/\/elcomunista.org\/index.php?rest_route=%2Fwp%2Fv2%2Fcategories&post=6600"},{"taxonomy":"post_tag","embeddable":true,"href":"https:\/\/elcomunista.org\/index.php?rest_route=%2Fwp%2Fv2%2Ftags&post=6600"}],"curies":[{"name":"wp","href":"https:\/\/api.w.org\/{rel}","templated":true}]}}