{"id":6756,"date":"2019-10-04T12:12:37","date_gmt":"2019-10-04T18:12:37","guid":{"rendered":"http:\/\/bloquepopularjuvenil.org\/?p=6756"},"modified":"2019-10-09T15:20:17","modified_gmt":"2019-10-09T21:20:17","slug":"ecuador-paquetazo-de-austeridad-del-gobierno-provoca-un-levantamiento-masivo","status":"publish","type":"post","link":"https:\/\/elcomunista.org\/?p=6756","title":{"rendered":"Ecuador: paquetazo de austeridad del gobierno provoca un levantamiento masivo"},"content":{"rendered":"<p>El anuncio por parte del gobierno de Len\u00edn Moreno de un paquete de contrarreformas econ\u00f3micas por valor de US $ 2.200 millones el 1 de octubre ha dado lugar a manifestaciones y huelgas masivas. El gobierno, que teme perder el control de la situaci\u00f3n, respondi\u00f3 con brutal represi\u00f3n policial y ayer, 3 de octubre, declar\u00f3 el estado de emergencia durante 60 d\u00edas.<\/p>\n<p>El paquetazo de Len\u00edn Moreno incluye el fin de los subsidios a los precios del combustible, recortes en el gasto p\u00fablico, un asalto a los derechos adquiridos de los funcionarios p\u00fablicos y trabajadores del sector p\u00fablico (reducci\u00f3n de vacaciones pagadas de 30 a 15 d\u00edas al a\u00f1o, una contribuci\u00f3n especial de un d\u00eda de salario y la renovaci\u00f3n de contratos temporales con una p\u00e9rdida salarial del 20%), un plan para despidos masivos en el sector p\u00fablico y una contrarreforma integral de los contratos de trabajo.<\/p>\n<p>La mayor parte de las medidas anunciadas afectar\u00e1n a los trabajadores y pobres, y van acompa\u00f1adas de medidas que favorecer\u00e1n a los capitalistas. Entre estos se encuentran una reducci\u00f3n en los aranceles para la importaci\u00f3n de bienes de capital y de consumo, la abolici\u00f3n del pago anticipado del impuesto sobre la renta y la abolici\u00f3n del impuesto sobre la exportaci\u00f3n de divisas.<\/p>\n<p>El brutal paquete de medidas es parte del acuerdo alcanzado a principios de este a\u00f1o con el FMI, a cambio de un pr\u00e9stamo multilateral de US $ 10 mil millones (de los cuales el FMI aportar\u00e1 $ 4,2 mil millones). El pr\u00e9stamo fue negociado por el ministro de Hacienda, Ricardo Mart\u00ednez, quien fue nombrado en mayo de 2018 directamente desde ser presidente del Comit\u00e9 Empresarial Ecuatoriano. Sabemos pues a qui\u00e9n responden sus pol\u00edticas.<\/p>\n<p>Los objetivos declarados del paquete son transformar el d\u00e9ficit fiscal de 0.9% del PIB en 2018 a un masivo super\u00e1vit de 3.8% del PIB el pr\u00f3ximo a\u00f1o; reducir la deuda del pa\u00eds del 46.1% del PIB en 2018 al 36.6%, y duplicar las reservas de divisas de $5,1 a $11,4 mil millones para 2021. Seg\u00fan las propias estimaciones del FMI, este programa hundir\u00e1 al pa\u00eds en recesi\u00f3n este a\u00f1o, con una ca\u00edda del 0.5% en el PIB.<\/p>\n<p>Algunas de las medidas (reformas fiscales y laborales) necesitan la aprobaci\u00f3n del Congreso, pero la abolici\u00f3n de los subsidios al combustible entr\u00f3 en vigor de inmediato, con un aumento en el diesel de $ 1,03 por gal\u00f3n a $ 2,27, y la gasolina subi\u00f3 de $ 1,85 por gal\u00f3n a $ 2,30 . Por supuesto, esta medida ha provocado enojo masivo, ya que tendr\u00e1 un efecto indirecto en los precios del transporte y los bienes de consumo.<\/p>\n<h2>Movimiento de masas contra el paquetazo<\/h2>\n<p>Tan pronto como se anunciaron las medidas el martes, hubo manifestaciones espont\u00e1neas en la capital Quito contra el paquetazo. Los conductores de autobuses, taxis y camiones declararon un paro nacional el jueves se les unieron organizaciones estudiantiles y sindicatos que convocaron manifestaciones y huelgas. El movimiento fue particularmente grande en Quito, pero afect\u00f3 a la mayor\u00eda de las provincias del pa\u00eds. En algunas ciudades, como en Cuenca e Imbabura, los manifestantes asediaron la gobernaci\u00f3n regional e intentaron apoderarse de ella. Hubo manifestaciones masivas combinadas con bloqueos de carreteras y barricadas en todo el pa\u00eds. En Guayaquil, hubo casos de saqueo.<\/p>\n<p>El gobierno respondi\u00f3 con brutal represi\u00f3n policial, disparando gas lacrim\u00f3geno contra los manifestantes y luego embisti\u00e9ndolos con veh\u00edculos blindados. M\u00e1s de 200 personas fueron arrestadas durante el d\u00eda solo en la capital. El ej\u00e9rcito sali\u00f3 a las calles de varias ciudades para enfrentarse a los manifestantes. Nada de eso amortigu\u00f3 el estado de \u00e1nimo de los manifestantes, que corearon consignas como \u00abFuera Moreno\u00bb, \u00abO se va el paquetazo o se va el gobierno\u00bb , \u201cEl pueblo no se ahueva, carajo \u201d y marcharon hacia el palacio presidencial.<\/p>\n<p>En una reuni\u00f3n ampliada de urgencia del Gabinete de Ministros, se manifestaron divisiones sobre el camino a seguir. Algunos sugirieron suspender el levantamiento de los subsidios al combustible para apaciguar las protestas.\u00a0 Otros tem\u00edan que eso solo alentar\u00eda el movimiento contra todo el paquete. El Ministro de Hacienda Mart\u00ednez amenaz\u00f3 con renunciar si se hac\u00edan concesiones. Las divisiones por arriba son un reflejo de la fuerza del movimiento por abajo.<\/p>\n<p>Se supon\u00eda que el presidente Len\u00edn Moreno deb\u00eda hacer una transmisi\u00f3n en cadena nacional, que luego se retras\u00f3 y finalmente se cancel\u00f3 y se reemplaz\u00f3 con un v\u00eddeo pregrabado de tres minutos que ensalza las virtudes del paquete, manifiesta que no hay vuelta atr\u00e1s ni espacio para negociaciones y advierte a los manifestantes que \u00abenfrentar\u00e1n consecuencias\u00bb. En realidad, el presidente hab\u00eda huido a Guayaquil, desde donde declar\u00f3 el estado de excepci\u00f3n durante 60 d\u00edas, suspendiendo as\u00ed la libertad de organizaci\u00f3n y reuni\u00f3n. Claramente, el tama\u00f1o y el car\u00e1cter furioso de las protestas sacudieron al gobierno que tem\u00eda, con toda raz\u00f3n, ser derrocado. El presidente prefiri\u00f3 la seguridad de Guayaquil a quedarse en el palacio de Carondelet.<\/p>\n<p>Para hoy, viernes 4 de octubre, se convocaron m\u00e1s manifestaciones a las 4 de la tarde y se habla de una huelga general que se convocar\u00e1 para la pr\u00f3xima semana. La polic\u00eda ha recurrido a detener a l\u00edderes de los transportistas y de otras organizaciones en varias regiones, pero esto no ha detenido el movimiento. El d\u00eda comenz\u00f3 con bloqueos de carreteras y paralizaci\u00f3n del transporte en la mayor\u00eda de las regiones.<\/p>\n<p>No sabemos hasta d\u00f3nde llegar\u00e1 este movimiento. Ciertamente tiene el potencial de derribar a este odiado gobierno. Sin embargo, una cosa est\u00e1 clara, la sublevaci\u00f3n en Ecuador es otro clavo en el ata\u00fad de la llamada \u00abola conservadora\u00bb en Am\u00e9rica Latina, que los comentaristas burgueses vitorearon; y sobre el que los intelectuales y acad\u00e9micos de \u00abizquierda\u00bb, esc\u00e9pticos y c\u00ednicos teorizaron. Los otros clavos en el ata\u00fad fueron clavados por el movimiento estudiantil y la huelga general contra Bolsonaro en Brasil, las huelgas generales y la derrota de Macri en Argentina, el levantamiento que derroc\u00f3 al odiado gobernador en Puerto Rico, el movimiento de masas en Honduras contra JOH, el levantamiento en curso en Hait\u00ed contra Jovenel Mo\u00efse, etc.<\/p>\n<h2>Lecciones de levantamientos anteriores<\/h2>\n<p>Len\u00edn Moreno lleg\u00f3 al poder en 2017, cuando gan\u00f3 las elecciones como candidato oficial de Alianza Pa\u00eds, el partido del ex presidente Rafael Correa, y del que era visto como su sucesor. Durante su presidencia, Correa aprovech\u00f3 los altos precios del petr\u00f3leo para llevar a cabo programas sociales, incurriendo en la ira de la oligarqu\u00eda. Correa tambi\u00e9n se aline\u00f3 con la Revoluci\u00f3n Bolivariana de Venezuela, rompi\u00f3 con el FMI, se enfrent\u00f3 con el imperialismo estadounidense y con Colombia y ech\u00f3 a los Estados Unidos de la base militar de Manta.<\/p>\n<p>Sin embargo, r\u00e1pidamente se hizo evidente que Moreno no ten\u00eda intenci\u00f3n de continuar con las mismas pol\u00edticas que su predecesor, bajo el cual hab\u00eda servido como vicepresidente. Se movi\u00f3 hacia la implementaci\u00f3n de un programa de austeridad fiscal, introduciendo recortes en el gasto social, despidiendo a miles de trabajadores del sector p\u00fablico, etc. Tambi\u00e9n se aline\u00f3 estrechamente con Trump, incluso antes de ser elegido. La oligarqu\u00eda, ese pu\u00f1ado de familias capitalistas y terratenientes muy ricas que han gobernado Ecuador durante la mayor parte de casi 200 a\u00f1os, le dio a Moreno pleno respaldo en sus pol\u00edticas. Como parte de su realineamiento con el imperialismo estadounidense, Moreno entreg\u00f3 a Julian Assange, quien hab\u00eda recibido asilo en la embajada ecuatoriana en el Reino Unido, y\u00a0 la ciudadan\u00eda ecuatoriana bajo el gobierno de Correa.<\/p>\n<p><span class=\" wf_caption\"><img loading=\"lazy\" decoding=\"async\" src=\"https:\/\/www.marxist.com\/images\/cache\/cf0efc9af3b9d11075a89710a12c220e_w720_h486.jpg\" alt=\"Ecuador protest 2019 2 Image fair use\" width=\"720\" height=\"342\" \/><\/span><\/p>\n<p>Los trabajadores, campesinos y j\u00f3venes ecuatorianos tienen una orgullosa tradici\u00f3n revolucionaria y en los \u00faltimos 20 a\u00f1os han derrocado a un gobierno tras otro a trav\u00e9s de levantamientos masivos contra sus intentos de introducir paquetes de austeridad: Abadl\u00e1 Bucaram en 1997, Jamil Mahuad en la revoluci\u00f3n en 2000 y Lucio Guiterrez en 2005. Las masas entraron nuevamente en escena en 2007 mediante la elecci\u00f3n de Rafael Correa y nuevamente en 2010 cuando derrotaron un intento de la oligarqu\u00eda de llevar a cabo un golpe de estado contra \u00e9l. En algunos de estos casos (Bucaram y Guti\u00e9rrez), gobiernos que fueron elegidos con el apoyo popular de los trabajadores y campesinos que buscaban un cambio fundamental fueron derrocados por insurrecciones populares cuando los traicionaron. Es posible que Len\u00edn Moreno siga el mismo camino.<\/p>\n<p>El movimiento actual contra Len\u00edn Moreno ciertamente beneficiar\u00e1 al ex presidente Rafael Correa y su partido de la Revoluci\u00f3n Ciudadana y podr\u00eda traerlo de vuelta al poder. Si ese es el caso, es necesario aprender de los errores del gobierno de Correa. Si bien se trataba principalmente de un gobierno progresista que realizaba programas sociales, nunca desafi\u00f3 fundamentalmente el poder econ\u00f3mico de la oligarqu\u00eda capitalista. Por lo tanto, cuando el precio del petr\u00f3leo comenz\u00f3 a caer en 2014, la econom\u00eda del pa\u00eds se vio severamente afectada. El desempleo y la pobreza aumentaron y la popularidad del gobierno comenz\u00f3 a caer.<\/p>\n<h2>\u00bfQu\u00e9 camino seguir?<\/h2>\n<p>Las masas de trabajadores y campesinos en Ecuador tienen que armarse con un programa que vaya m\u00e1s all\u00e1 de las limitaciones del sistema capitalista podrido y dependiente. Solo con la expropiaci\u00f3n de la riqueza del pu\u00f1ado de familias poderosas que controlan la econom\u00eda del pa\u00eds se pueden empezar a resolver los problemas a los que se enfrentan los obreros y campesinos ecuatorianos. Si bien fue temporalmente posible aplicar pol\u00edticas de redistribuci\u00f3n de la riqueza dentro de los l\u00edmites del capitalismo mientras los precios del petr\u00f3leo eran altos, esto ya no es posible, particularmente en un momento en que el capitalismo mundial se est\u00e1 moviendo r\u00e1pidamente hacia una nueva recesi\u00f3n. El \u00fanico camino a seguir para los trabajadores y campesinos en Ecuador es el socialismo.<\/p>\n<p>Est\u00e1 claro que la clase dominante intentar\u00e1 sofocar el movimiento actual mediante la represi\u00f3n. Si eso falla, podr\u00edan intentar hacer concesiones temporales para desactivar el movimiento. Si el movimiento contin\u00faa, entonces podr\u00edan decidir eliminar a Len\u00edn Moreno y reemplazarlo con otro pol\u00edtico burgu\u00e9s que lleve a cabo las mismas pol\u00edticas.<\/p>\n<p>El movimiento de trabajadores, campesinos y j\u00f3venes necesita unificarse alrededor de las consignas de \u00abAbajo el paquetazo y fuera Len\u00edn\u00bb. Esto solo se puede lograr avanzando hacia una huelga general que paralice al pa\u00eds. Es necesario establecer comit\u00e9s de acci\u00f3n en cada f\u00e1brica, lugar de trabajo, escuela secundaria y facultad, y en todas las comunidades campesinas. Solo la acci\u00f3n independiente de la clase trabajadora puede aportar una soluci\u00f3n a la crisis en beneficio de los trabajadores.<\/p>\n<p><strong>\u00a1Abajo el paquete! \u00a1Abajo Len\u00edn Moreno!<\/strong><\/p>\n<p><strong>\u00a1Comit\u00e9s de acci\u00f3n en todas partes! \u00a1Huelga general!<\/strong><\/p>\n<p><strong>\u00a1Trabajadores y campesinos, conf\u00eden solo en sus propias fuerzas!<\/strong><\/p>\n","protected":false},"excerpt":{"rendered":"<p>El anuncio por parte del gobierno de Len\u00edn Moreno de un paquete de contrarreformas econ\u00f3micas por valor de US $ 2.200 millones el 1 de octubre ha dado lugar a manifestaciones y huelgas masivas. El gobierno, que teme perder el control de la situaci\u00f3n, respondi\u00f3 con brutal represi\u00f3n policial y ayer, 3 de octubre, declar\u00f3&#8230;<\/p>\n","protected":false},"author":36,"featured_media":6760,"comment_status":"open","ping_status":"open","sticky":false,"template":"","format":"standard","meta":{"_monsterinsights_skip_tracking":false,"_monsterinsights_sitenote_active":false,"_monsterinsights_sitenote_note":"","_monsterinsights_sitenote_category":0,"_uf_show_specific_survey":0,"_uf_disable_surveys":false,"_jetpack_memberships_contains_paid_content":false,"footnotes":""},"categories":[13,616,537],"tags":[898,292,899],"class_list":["post-6756","post","type-post","status-publish","format-standard","has-post-thumbnail","hentry","category-internacional","category-mundo-obrero","category-principales","tag-ecuador","tag-lenin","tag-paquetazo"],"aioseo_notices":[],"yoast_head":"<!-- This site is optimized with the Yoast SEO plugin v25.6 - https:\/\/yoast.com\/wordpress\/plugins\/seo\/ -->\n<title>Ecuador: paquetazo de austeridad del gobierno provoca un levantamiento masivo<\/title>\n<meta name=\"robots\" content=\"index, follow, max-snippet:-1, max-image-preview:large, max-video-preview:-1\" \/>\n<link rel=\"canonical\" href=\"https:\/\/elcomunista.org\/?p=6756\" \/>\n<meta property=\"og:locale\" content=\"es_ES\" \/>\n<meta property=\"og:type\" content=\"article\" \/>\n<meta property=\"og:title\" content=\"Ecuador: paquetazo de austeridad del gobierno provoca un levantamiento masivo\" \/>\n<meta property=\"og:description\" content=\"El anuncio por parte del gobierno de Len\u00edn Moreno de un paquete de contrarreformas econ\u00f3micas por valor de US $ 2.200 millones el 1 de octubre ha dado lugar a manifestaciones y huelgas masivas. El gobierno, que teme perder el control de la situaci\u00f3n, respondi\u00f3 con brutal represi\u00f3n policial y ayer, 3 de octubre, declar\u00f3...\" \/>\n<meta property=\"og:url\" content=\"https:\/\/elcomunista.org\/?p=6756\" \/>\n<meta property=\"og:site_name\" content=\"Revoluci\u00f3n Comunista\" \/>\n<meta property=\"article:publisher\" content=\"https:\/\/www.facebook.com\/Bloquepopularjuvenil\" \/>\n<meta property=\"article:published_time\" content=\"2019-10-04T18:12:37+00:00\" \/>\n<meta property=\"article:modified_time\" content=\"2019-10-09T21:20:17+00:00\" \/>\n<meta property=\"og:image\" content=\"https:\/\/elcomunista.org\/wp-content\/uploads\/2019\/10\/protestas-ecuador.jpeg\" \/>\n\t<meta property=\"og:image:width\" content=\"1024\" \/>\n\t<meta property=\"og:image:height\" content=\"683\" \/>\n\t<meta property=\"og:image:type\" content=\"image\/jpeg\" \/>\n<meta name=\"author\" content=\"Jorge Martin\" \/>\n<meta name=\"twitter:card\" content=\"summary_large_image\" \/>\n<meta name=\"twitter:creator\" content=\"@ElBPJ\" \/>\n<meta name=\"twitter:site\" content=\"@ElBPJ\" \/>\n<meta name=\"twitter:label1\" content=\"Escrito por\" \/>\n\t<meta name=\"twitter:data1\" content=\"Jorge Martin\" \/>\n\t<meta name=\"twitter:label2\" content=\"Tiempo de lectura\" \/>\n\t<meta name=\"twitter:data2\" content=\"9 minutos\" \/>\n<script type=\"application\/ld+json\" class=\"yoast-schema-graph\">{\"@context\":\"https:\/\/schema.org\",\"@graph\":[{\"@type\":\"Article\",\"@id\":\"https:\/\/elcomunista.org\/?p=6756#article\",\"isPartOf\":{\"@id\":\"https:\/\/elcomunista.org\/?p=6756\"},\"author\":{\"name\":\"Jorge Martin\",\"@id\":\"https:\/\/elcomunista.org\/#\/schema\/person\/4cc74db2ec789a45c134e77808ba2c32\"},\"headline\":\"Ecuador: paquetazo de austeridad del gobierno provoca un levantamiento masivo\",\"datePublished\":\"2019-10-04T18:12:37+00:00\",\"dateModified\":\"2019-10-09T21:20:17+00:00\",\"mainEntityOfPage\":{\"@id\":\"https:\/\/elcomunista.org\/?p=6756\"},\"wordCount\":1862,\"commentCount\":0,\"publisher\":{\"@id\":\"https:\/\/elcomunista.org\/#organization\"},\"image\":{\"@id\":\"https:\/\/elcomunista.org\/?p=6756#primaryimage\"},\"thumbnailUrl\":\"https:\/\/elcomunista.org\/wp-content\/uploads\/2019\/10\/protestas-ecuador.jpeg\",\"keywords\":[\"Ecuador\",\"Lenin\",\"paquetazo\"],\"articleSection\":[\"Internacional\",\"Mundo Obrero\",\"Principales\"],\"inLanguage\":\"es\",\"potentialAction\":[{\"@type\":\"CommentAction\",\"name\":\"Comment\",\"target\":[\"https:\/\/elcomunista.org\/?p=6756#respond\"]}]},{\"@type\":\"WebPage\",\"@id\":\"https:\/\/elcomunista.org\/?p=6756\",\"url\":\"https:\/\/elcomunista.org\/?p=6756\",\"name\":\"Ecuador: paquetazo de austeridad del gobierno provoca un levantamiento masivo\",\"isPartOf\":{\"@id\":\"https:\/\/elcomunista.org\/#website\"},\"primaryImageOfPage\":{\"@id\":\"https:\/\/elcomunista.org\/?p=6756#primaryimage\"},\"image\":{\"@id\":\"https:\/\/elcomunista.org\/?p=6756#primaryimage\"},\"thumbnailUrl\":\"https:\/\/elcomunista.org\/wp-content\/uploads\/2019\/10\/protestas-ecuador.jpeg\",\"datePublished\":\"2019-10-04T18:12:37+00:00\",\"dateModified\":\"2019-10-09T21:20:17+00:00\",\"breadcrumb\":{\"@id\":\"https:\/\/elcomunista.org\/?p=6756#breadcrumb\"},\"inLanguage\":\"es\",\"potentialAction\":[{\"@type\":\"ReadAction\",\"target\":[\"https:\/\/elcomunista.org\/?p=6756\"]}]},{\"@type\":\"ImageObject\",\"inLanguage\":\"es\",\"@id\":\"https:\/\/elcomunista.org\/?p=6756#primaryimage\",\"url\":\"https:\/\/elcomunista.org\/wp-content\/uploads\/2019\/10\/protestas-ecuador.jpeg\",\"contentUrl\":\"https:\/\/elcomunista.org\/wp-content\/uploads\/2019\/10\/protestas-ecuador.jpeg\",\"width\":1024,\"height\":683},{\"@type\":\"BreadcrumbList\",\"@id\":\"https:\/\/elcomunista.org\/?p=6756#breadcrumb\",\"itemListElement\":[{\"@type\":\"ListItem\",\"position\":1,\"name\":\"Portada\",\"item\":\"https:\/\/elcomunista.org\/\"},{\"@type\":\"ListItem\",\"position\":2,\"name\":\"Ecuador: paquetazo de austeridad del gobierno provoca un levantamiento masivo\"}]},{\"@type\":\"WebSite\",\"@id\":\"https:\/\/elcomunista.org\/#website\",\"url\":\"https:\/\/elcomunista.org\/\",\"name\":\"Revoluci\u00f3n Comunista\",\"description\":\"Internacional Comunista Revolucionaria\",\"publisher\":{\"@id\":\"https:\/\/elcomunista.org\/#organization\"},\"potentialAction\":[{\"@type\":\"SearchAction\",\"target\":{\"@type\":\"EntryPoint\",\"urlTemplate\":\"https:\/\/elcomunista.org\/?s={search_term_string}\"},\"query-input\":{\"@type\":\"PropertyValueSpecification\",\"valueRequired\":true,\"valueName\":\"search_term_string\"}}],\"inLanguage\":\"es\"},{\"@type\":\"Organization\",\"@id\":\"https:\/\/elcomunista.org\/#organization\",\"name\":\"Bloque Popular Juvenil\",\"url\":\"https:\/\/elcomunista.org\/\",\"logo\":{\"@type\":\"ImageObject\",\"inLanguage\":\"es\",\"@id\":\"https:\/\/elcomunista.org\/#\/schema\/logo\/image\/\",\"url\":\"https:\/\/bloquepopularjuvenil.org\/wp-content\/uploads\/2018\/11\/bpj-militante.jpg\",\"contentUrl\":\"https:\/\/bloquepopularjuvenil.org\/wp-content\/uploads\/2018\/11\/bpj-militante.jpg\",\"width\":4000,\"height\":1390,\"caption\":\"Bloque Popular Juvenil\"},\"image\":{\"@id\":\"https:\/\/elcomunista.org\/#\/schema\/logo\/image\/\"},\"sameAs\":[\"https:\/\/www.facebook.com\/Bloquepopularjuvenil\",\"https:\/\/x.com\/ElBPJ\",\"https:\/\/www.instagram.com\/elbloque_bpj\/?hl=es-la\"]},{\"@type\":\"Person\",\"@id\":\"https:\/\/elcomunista.org\/#\/schema\/person\/4cc74db2ec789a45c134e77808ba2c32\",\"name\":\"Jorge Martin\",\"image\":{\"@type\":\"ImageObject\",\"inLanguage\":\"es\",\"@id\":\"https:\/\/elcomunista.org\/#\/schema\/person\/image\/\",\"url\":\"https:\/\/secure.gravatar.com\/avatar\/19f21407383a9ad29194a5cadd7eac42?s=96&d=mm&r=g\",\"contentUrl\":\"https:\/\/secure.gravatar.com\/avatar\/19f21407383a9ad29194a5cadd7eac42?s=96&d=mm&r=g\",\"caption\":\"Jorge Martin\"},\"url\":\"https:\/\/elcomunista.org\/?author=36\"}]}<\/script>\n<!-- \/ Yoast SEO plugin. -->","yoast_head_json":{"title":"Ecuador: paquetazo de austeridad del gobierno provoca un levantamiento masivo","robots":{"index":"index","follow":"follow","max-snippet":"max-snippet:-1","max-image-preview":"max-image-preview:large","max-video-preview":"max-video-preview:-1"},"canonical":"https:\/\/elcomunista.org\/?p=6756","og_locale":"es_ES","og_type":"article","og_title":"Ecuador: paquetazo de austeridad del gobierno provoca un levantamiento masivo","og_description":"El anuncio por parte del gobierno de Len\u00edn Moreno de un paquete de contrarreformas econ\u00f3micas por valor de US $ 2.200 millones el 1 de octubre ha dado lugar a manifestaciones y huelgas masivas. El gobierno, que teme perder el control de la situaci\u00f3n, respondi\u00f3 con brutal represi\u00f3n policial y ayer, 3 de octubre, declar\u00f3...","og_url":"https:\/\/elcomunista.org\/?p=6756","og_site_name":"Revoluci\u00f3n Comunista","article_publisher":"https:\/\/www.facebook.com\/Bloquepopularjuvenil","article_published_time":"2019-10-04T18:12:37+00:00","article_modified_time":"2019-10-09T21:20:17+00:00","og_image":[{"width":1024,"height":683,"url":"https:\/\/elcomunista.org\/wp-content\/uploads\/2019\/10\/protestas-ecuador.jpeg","type":"image\/jpeg"}],"author":"Jorge Martin","twitter_card":"summary_large_image","twitter_creator":"@ElBPJ","twitter_site":"@ElBPJ","twitter_misc":{"Escrito por":"Jorge Martin","Tiempo de lectura":"9 minutos"},"schema":{"@context":"https:\/\/schema.org","@graph":[{"@type":"Article","@id":"https:\/\/elcomunista.org\/?p=6756#article","isPartOf":{"@id":"https:\/\/elcomunista.org\/?p=6756"},"author":{"name":"Jorge Martin","@id":"https:\/\/elcomunista.org\/#\/schema\/person\/4cc74db2ec789a45c134e77808ba2c32"},"headline":"Ecuador: paquetazo de austeridad del gobierno provoca un levantamiento masivo","datePublished":"2019-10-04T18:12:37+00:00","dateModified":"2019-10-09T21:20:17+00:00","mainEntityOfPage":{"@id":"https:\/\/elcomunista.org\/?p=6756"},"wordCount":1862,"commentCount":0,"publisher":{"@id":"https:\/\/elcomunista.org\/#organization"},"image":{"@id":"https:\/\/elcomunista.org\/?p=6756#primaryimage"},"thumbnailUrl":"https:\/\/elcomunista.org\/wp-content\/uploads\/2019\/10\/protestas-ecuador.jpeg","keywords":["Ecuador","Lenin","paquetazo"],"articleSection":["Internacional","Mundo Obrero","Principales"],"inLanguage":"es","potentialAction":[{"@type":"CommentAction","name":"Comment","target":["https:\/\/elcomunista.org\/?p=6756#respond"]}]},{"@type":"WebPage","@id":"https:\/\/elcomunista.org\/?p=6756","url":"https:\/\/elcomunista.org\/?p=6756","name":"Ecuador: paquetazo de austeridad del gobierno provoca un levantamiento masivo","isPartOf":{"@id":"https:\/\/elcomunista.org\/#website"},"primaryImageOfPage":{"@id":"https:\/\/elcomunista.org\/?p=6756#primaryimage"},"image":{"@id":"https:\/\/elcomunista.org\/?p=6756#primaryimage"},"thumbnailUrl":"https:\/\/elcomunista.org\/wp-content\/uploads\/2019\/10\/protestas-ecuador.jpeg","datePublished":"2019-10-04T18:12:37+00:00","dateModified":"2019-10-09T21:20:17+00:00","breadcrumb":{"@id":"https:\/\/elcomunista.org\/?p=6756#breadcrumb"},"inLanguage":"es","potentialAction":[{"@type":"ReadAction","target":["https:\/\/elcomunista.org\/?p=6756"]}]},{"@type":"ImageObject","inLanguage":"es","@id":"https:\/\/elcomunista.org\/?p=6756#primaryimage","url":"https:\/\/elcomunista.org\/wp-content\/uploads\/2019\/10\/protestas-ecuador.jpeg","contentUrl":"https:\/\/elcomunista.org\/wp-content\/uploads\/2019\/10\/protestas-ecuador.jpeg","width":1024,"height":683},{"@type":"BreadcrumbList","@id":"https:\/\/elcomunista.org\/?p=6756#breadcrumb","itemListElement":[{"@type":"ListItem","position":1,"name":"Portada","item":"https:\/\/elcomunista.org\/"},{"@type":"ListItem","position":2,"name":"Ecuador: paquetazo de austeridad del gobierno provoca un levantamiento masivo"}]},{"@type":"WebSite","@id":"https:\/\/elcomunista.org\/#website","url":"https:\/\/elcomunista.org\/","name":"Revoluci\u00f3n Comunista","description":"Internacional Comunista Revolucionaria","publisher":{"@id":"https:\/\/elcomunista.org\/#organization"},"potentialAction":[{"@type":"SearchAction","target":{"@type":"EntryPoint","urlTemplate":"https:\/\/elcomunista.org\/?s={search_term_string}"},"query-input":{"@type":"PropertyValueSpecification","valueRequired":true,"valueName":"search_term_string"}}],"inLanguage":"es"},{"@type":"Organization","@id":"https:\/\/elcomunista.org\/#organization","name":"Bloque Popular Juvenil","url":"https:\/\/elcomunista.org\/","logo":{"@type":"ImageObject","inLanguage":"es","@id":"https:\/\/elcomunista.org\/#\/schema\/logo\/image\/","url":"https:\/\/bloquepopularjuvenil.org\/wp-content\/uploads\/2018\/11\/bpj-militante.jpg","contentUrl":"https:\/\/bloquepopularjuvenil.org\/wp-content\/uploads\/2018\/11\/bpj-militante.jpg","width":4000,"height":1390,"caption":"Bloque Popular Juvenil"},"image":{"@id":"https:\/\/elcomunista.org\/#\/schema\/logo\/image\/"},"sameAs":["https:\/\/www.facebook.com\/Bloquepopularjuvenil","https:\/\/x.com\/ElBPJ","https:\/\/www.instagram.com\/elbloque_bpj\/?hl=es-la"]},{"@type":"Person","@id":"https:\/\/elcomunista.org\/#\/schema\/person\/4cc74db2ec789a45c134e77808ba2c32","name":"Jorge Martin","image":{"@type":"ImageObject","inLanguage":"es","@id":"https:\/\/elcomunista.org\/#\/schema\/person\/image\/","url":"https:\/\/secure.gravatar.com\/avatar\/19f21407383a9ad29194a5cadd7eac42?s=96&d=mm&r=g","contentUrl":"https:\/\/secure.gravatar.com\/avatar\/19f21407383a9ad29194a5cadd7eac42?s=96&d=mm&r=g","caption":"Jorge Martin"},"url":"https:\/\/elcomunista.org\/?author=36"}]}},"jetpack_featured_media_url":"https:\/\/elcomunista.org\/wp-content\/uploads\/2019\/10\/protestas-ecuador.jpeg","jetpack_likes_enabled":true,"jetpack_sharing_enabled":true,"_links":{"self":[{"href":"https:\/\/elcomunista.org\/index.php?rest_route=\/wp\/v2\/posts\/6756"}],"collection":[{"href":"https:\/\/elcomunista.org\/index.php?rest_route=\/wp\/v2\/posts"}],"about":[{"href":"https:\/\/elcomunista.org\/index.php?rest_route=\/wp\/v2\/types\/post"}],"author":[{"embeddable":true,"href":"https:\/\/elcomunista.org\/index.php?rest_route=\/wp\/v2\/users\/36"}],"replies":[{"embeddable":true,"href":"https:\/\/elcomunista.org\/index.php?rest_route=%2Fwp%2Fv2%2Fcomments&post=6756"}],"version-history":[{"count":0,"href":"https:\/\/elcomunista.org\/index.php?rest_route=\/wp\/v2\/posts\/6756\/revisions"}],"wp:featuredmedia":[{"embeddable":true,"href":"https:\/\/elcomunista.org\/index.php?rest_route=\/wp\/v2\/media\/6760"}],"wp:attachment":[{"href":"https:\/\/elcomunista.org\/index.php?rest_route=%2Fwp%2Fv2%2Fmedia&parent=6756"}],"wp:term":[{"taxonomy":"category","embeddable":true,"href":"https:\/\/elcomunista.org\/index.php?rest_route=%2Fwp%2Fv2%2Fcategories&post=6756"},{"taxonomy":"post_tag","embeddable":true,"href":"https:\/\/elcomunista.org\/index.php?rest_route=%2Fwp%2Fv2%2Ftags&post=6756"}],"curies":[{"name":"wp","href":"https:\/\/api.w.org\/{rel}","templated":true}]}}