{"id":6776,"date":"2019-10-08T16:06:43","date_gmt":"2019-10-08T22:06:43","guid":{"rendered":"http:\/\/bloquepopularjuvenil.org\/?p=6776"},"modified":"2019-10-08T16:06:43","modified_gmt":"2019-10-08T22:06:43","slug":"ecuador-levantamiento-obrero-campesino-el-gobierno-abandona-la-capital","status":"publish","type":"post","link":"https:\/\/elcomunista.org\/?p=6776","title":{"rendered":"Ecuador: levantamiento obrero-campesino, el gobierno abandona la capital"},"content":{"rendered":"<p>El movimiento en Ecuador contra el paquetazo de Len\u00edn Moreno y el FMI que se inici\u00f3 el 2 de octubre ha alcanzado proporciones insurreccionales. El estado de excepci\u00f3n declarado el viernes y la utilizaci\u00f3n de la polic\u00eda y el ej\u00e9rcito (1 muerto, decenas de heridos, cientos de detenidos) no ha parado el movimiento de obreros, j\u00f3venes y campesinos. En algunas provincias se han asaltado las gobernaciones y la poderosa organizaci\u00f3n ind\u00edgena CONAIE ha declarado su propio estado de excepci\u00f3n. Ayer, lunes 7 de octubre, ante la llegada de las columnas ind\u00edgenas a la capital Quito, Len\u00edn Moreno se vi\u00f3 obligado a evacuar el palacio presidencial y trasladar el gobierno a Guayaquil. Obreros y campesinos se preparan para la huelga general del mi\u00e9rcoles 9 de octubre. El gobierno pende de un hilo.<\/p>\n<p>Lo que empez\u00f3 como una protesta contra el paquetazo de medidas del gobierno y el FMI se ha desarrollado hacia una insurrecci\u00f3n nacional. El anuncio del gobierno de un acuerdo con los transportistas fue una declaraci\u00f3n vac\u00eda. En los \u00faltimos d\u00edas hemos visto al estado perder parcialmente el control de la situaci\u00f3n. La brutal represi\u00f3n por parte de la polic\u00eda y, desde la declaraci\u00f3n del estado de excepci\u00f3n, tambi\u00e9n del ej\u00e9rcito, lejos de detener las protestas han atizado todav\u00eda m\u00e1s las llamas de la rebeli\u00f3n.<\/p>\n<p>Todo movimiento genuinamente revolucionario tiende a romper el aparato del estado en l\u00edneas de clase, y en Ecuador estamos empezando a ver ejemplos de esto en los \u00faltimos d\u00edas. En primer lugar la declaraci\u00f3n del estado de excepci\u00f3n por parte de la CONAIE es un desaf\u00edo directo al poder del estado y a su monopolio de la violencia. La CONAIE anunci\u00f3 que ni la polic\u00eda ni el ej\u00e9rcito eran bienvenidos en sus comunidades y que si entraban ser\u00edan detenidos. Y as\u00ed sucedi\u00f3 por lo menos en tres casos.<\/p>\n<p>En Otavalo, provincia de Imababura, al norte de Quito, las comunidades detuvieron el viernes a 10 polic\u00edas del Grupo de Intervenci\u00f3n y Rescate, que no fueron liberados hasta al d\u00eda siguiente despu\u00e9s de negociaciones. En el cant\u00f3n Nizag, Alaus\u00ed, provincia del Chimborazo, al este de Guayaquil, la comunidad captur\u00f3 a 47 militares de la Brigada de Caballer\u00eda Blindada Gal\u00e1pagos y 10 polic\u00edas, por haber lanzado botes lacrim\u00f3genos contra la poblaci\u00f3n. Finalmente fueron liberados y rescatados en helic\u00f3ptero el lunes. En Latacunga, provincia de Cotopaxi, al sur de Quito, la Uni\u00f3n de Comunidades Ind\u00edgenas y Campesinas de Cotopaxi tambi\u00e9n retuvo el domingo a un grupo de polic\u00edas y militares que trataban de detener a j\u00f3venes manifestantes.<\/p>\n<div class=\"SandboxRoot env-bp-350\" data-twitter-event-id=\"0\">\n<div id=\"twitter-widget-0\" class=\"EmbeddedTweet EmbeddedTweet--cta js-clickToOpenTarget\" lang=\"en-gb\" data-click-to-open-target=\"https:\/\/twitter.com\/marxistJorge\/status\/1181542470167007233\" data-iframe-title=\"Twitter Tweet\" data-scribe=\"page:tweet\" data-twitter-event-id=\"11\">\n<div class=\"EmbeddedTweet-tweetContainer\">\n<div class=\"EmbeddedTweet-tweet\">\n<blockquote class=\"Tweet h-entry js-tweetIdInfo subject expanded\" cite=\"https:\/\/twitter.com\/marxistJorge\/status\/1181542470167007233\" data-tweet-id=\"1181542470167007233\" data-scribe=\"section:subject\">\n<div class=\"Tweet-body e-entry-content\" data-scribe=\"component:tweet\">\n<div class=\"Tweet-card\">\n<article class=\"MediaCard\n\n           cards-multimedia\n           customisable-border\" dir=\"ltr\" data-scribe=\"component:card\"><\/p>\n<div class=\"MediaCard-media\">\n<div class=\"MediaCard-widthConstraint js-cspForcedStyle\" data-style=\"max-width: 2000px\">\n<div class=\"MediaCard-mediaContainer MediaCard--roundedTop MediaCard--roundedBottom js-cspForcedStyle\" data-style=\"padding-bottom: 100.0000%\"><a class=\"MediaCard-mediaAsset MediaCard-mediaPlaceholder NaturalImage NaturalImage--fill js-playableMediaInterstitial\" href=\"https:\/\/twitter.com\/marxistJorge\/status\/1181542470167007233\"><img decoding=\"async\" class=\"NaturalImage-image\" src=\"https:\/\/pbs.twimg.com\/ext_tw_video_thumb\/1181542129040023555\/pu\/img\/ATn9ja_E5aMqhuEP?format=jpg&amp;name=small\" alt=\"Embedded video\" data-image=\"https:\/\/pbs.twimg.com\/ext_tw_video_thumb\/1181542129040023555\/pu\/img\/ATn9ja_E5aMqhuEP\" data-scribe=\"element:poster_image\" \/><\/a><\/div>\n<\/div>\n<\/div>\n<\/article>\n<\/div>\n<div class=\"TweetInfo\"><\/div>\n<\/div>\n<\/blockquote>\n<\/div>\n<div class=\"CallToAction-chevron\" data-scribe=\"element:cta_chevron\">\n<div class=\"Icon Icon--chevronRightCTA \" title=\"View on Twitter\" role=\"img\" aria-label=\"View on Twitter\">En otras poblaciones la polic\u00eda y el ej\u00e9rcito se han retirado, incapaces de levantar los bloqueos de carretera. Hay im\u00e1genes de polic\u00edas enviados a reprimir que han terminado escoltando las columnas ind\u00edgeno-campesinas que avanzan para converger en la capital Quito. Algunos soldados rasos seguramente simpatizan con las protestas de sus hermanos, esposas y madres. Otros habr\u00e1n decidido que no ten\u00eda sentido ser atacados para defender este gobierno. Son todav\u00eda casos aislados, pero muy significativos.<\/div>\n<\/div>\n<\/div>\n<\/div>\n<\/div>\n<div class=\"SandboxRoot env-bp-350\" data-twitter-event-id=\"1\">\n<div id=\"twitter-widget-1\" class=\"EmbeddedTweet EmbeddedTweet--cta js-clickToOpenTarget\" lang=\"en-gb\" data-click-to-open-target=\"https:\/\/twitter.com\/marxistJorge\/status\/1181539834726375425\" data-iframe-title=\"Twitter Tweet\" data-scribe=\"page:tweet\" data-twitter-event-id=\"7\">\n<div class=\"EmbeddedTweet-tweetContainer\">\n<div class=\"EmbeddedTweet-tweet\">\n<blockquote class=\"Tweet h-entry js-tweetIdInfo subject expanded\" cite=\"https:\/\/twitter.com\/marxistJorge\/status\/1181539834726375425\" data-tweet-id=\"1181539834726375425\" data-scribe=\"section:subject\">\n<div class=\"Tweet-body e-entry-content\" data-scribe=\"component:tweet\">\n<div class=\"Tweet-card\">\n<article class=\"MediaCard\n\n           cards-multimedia\n           customisable-border\" dir=\"ltr\" data-scribe=\"component:card\" data-publisher-id=\"942510748630245376\"><\/p>\n<div class=\"MediaCard-media\">\n<div class=\"MediaCard-widthConstraint js-cspForcedStyle\" data-style=\"max-width: 2000px\">\n<div class=\"MediaCard-mediaContainer MediaCard--roundedTop MediaCard--roundedBottom js-cspForcedStyle\" data-style=\"padding-bottom: 55.0000%\"><a class=\"MediaCard-mediaAsset MediaCard-mediaPlaceholder NaturalImage NaturalImage--fill js-playableMediaInterstitial\" href=\"https:\/\/twitter.com\/marxistJorge\/status\/1181539834726375425\"><img decoding=\"async\" class=\"NaturalImage-image\" src=\"https:\/\/pbs.twimg.com\/ext_tw_video_thumb\/1181352385094045696\/pu\/img\/FiYgzmfm3FhsTl3W?format=jpg&amp;name=small\" alt=\"Embedded video\" data-image=\"https:\/\/pbs.twimg.com\/ext_tw_video_thumb\/1181352385094045696\/pu\/img\/FiYgzmfm3FhsTl3W\" data-scribe=\"element:poster_image\" \/><\/a><\/div>\n<\/div>\n<\/div>\n<\/article>\n<\/div>\n<div class=\"TweetInfo\"><\/div>\n<\/div>\n<\/blockquote>\n<\/div>\n<div class=\"CallToAction-text\" data-scribe=\"element:profile_text\">El domingo por la noche Lenin Moreno hizo un llamado al di\u00e1logo a \u201cnuestros hermanos ind\u00edgenas\u201d, en un tono muy diferente del que us\u00f3 cuando la declaraci\u00f3n del estado de excepci\u00f3n el jueves por la noche. Entonces hablaba de que las medidas no eran negociables y amenazaba a los manifestantes que \u201chabr\u00eda consecuencias\u201d. \u201cLa violencia y el caos no van a ganar. No voy a dar marcha atr\u00e1s porque lo correcto no tiene matices\u201d hab\u00eda declarado. Ahora se ve\u00eda forzado, sobrepasado por los acontecimientos, a ofrecer un \u201cdi\u00e1logo sincero\u201d. Demasiado tarde. La consigna del movimiento en su inicio era \u201co cae el paquetazo, o cae el gobierno\u201d, ahora ya es una cuesti\u00f3n de tumbar al gobierno para tumbar el paquetazo.<\/div>\n<\/div>\n<\/div>\n<\/div>\n<p>El lunes amaneci\u00f3 con el gobierno paralizado y perdiendo el control de la situaci\u00f3n. De madrugada veh\u00edculos blindados transportaban a tropas con boinas rojas para proteger el palacio presidencial. El dirigente de la CONAIE Jaime Vargas respondi\u00f3 a la oferta de negociaciones diciendo que daban por cortado el di\u00e1logo con el gobierno hambreador y represor, y que se dirig\u00edan a la capital. Columnas ind\u00edgenas de todo el pa\u00eds marchaban ya hacia Quito y nada pod\u00eda detenerlas. En todas las v\u00edas de acceso hubo batallas y enfrentamientos entre manifestantes de un lado y polic\u00eda y ej\u00e9rcito del otro. No pudieron detener al pueblo en movimiento. En una de las entradas a la ciudad los manifestantes incendiaron uno de los veh\u00edculos blindados.<\/p>\n<div class=\"SandboxRoot env-bp-350\" data-twitter-event-id=\"2\">\n<div id=\"twitter-widget-2\" class=\"EmbeddedTweet EmbeddedTweet--cta js-clickToOpenTarget\" lang=\"en-gb\" data-click-to-open-target=\"https:\/\/twitter.com\/marxistJorge\/status\/1181539197313863680\" data-iframe-title=\"Twitter Tweet\" data-scribe=\"page:tweet\" data-twitter-event-id=\"6\">\n<div class=\"EmbeddedTweet-tweetContainer\">\n<div class=\"EmbeddedTweet-tweet\">\n<blockquote class=\"Tweet h-entry js-tweetIdInfo subject expanded\" cite=\"https:\/\/twitter.com\/marxistJorge\/status\/1181539197313863680\" data-tweet-id=\"1181539197313863680\" data-scribe=\"section:subject\">\n<div class=\"Tweet-body e-entry-content\" data-scribe=\"component:tweet\">\n<div class=\"Tweet-card\">\n<article class=\"MediaCard\n\n           cards-multimedia\n           customisable-border\" dir=\"ltr\" data-scribe=\"component:card\" data-publisher-id=\"1077279530\"><\/p>\n<div class=\"MediaCard-media\">\n<div class=\"MediaCard-widthConstraint js-cspForcedStyle\" data-style=\"max-width: 2000px\">\n<div class=\"MediaCard-mediaContainer MediaCard--roundedTop MediaCard--roundedBottom js-cspForcedStyle\" data-style=\"padding-bottom: 100.0000%\"><a class=\"MediaCard-mediaAsset MediaCard-mediaPlaceholder NaturalImage NaturalImage--fill js-playableMediaInterstitial\" href=\"https:\/\/twitter.com\/marxistJorge\/status\/1181539197313863680\"><img decoding=\"async\" class=\"NaturalImage-image\" src=\"https:\/\/pbs.twimg.com\/ext_tw_video_thumb\/1181317324260773889\/pu\/img\/BZzPQ0YatQROtwpT?format=jpg&amp;name=small\" alt=\"Embedded video\" data-image=\"https:\/\/pbs.twimg.com\/ext_tw_video_thumb\/1181317324260773889\/pu\/img\/BZzPQ0YatQROtwpT\" data-scribe=\"element:poster_image\" \/><\/a><\/div>\n<\/div>\n<\/div>\n<\/article>\n<\/div>\n<\/div>\n<\/blockquote>\n<\/div>\n<\/div>\n<\/div>\n<\/div>\n<div class=\"SandboxRoot env-bp-350\" data-twitter-event-id=\"3\">\n<div id=\"twitter-widget-3\" class=\"EmbeddedTweet EmbeddedTweet--cta js-clickToOpenTarget\" lang=\"en-gb\" data-click-to-open-target=\"https:\/\/twitter.com\/marxistJorge\/status\/1181321852511227905\" data-iframe-title=\"Twitter Tweet\" data-scribe=\"page:tweet\" data-twitter-event-id=\"8\">\n<div class=\"EmbeddedTweet-tweetContainer\">\n<div class=\"EmbeddedTweet-tweet\">\n<div class=\"Tweet-body e-entry-content\" data-scribe=\"component:tweet\">\n<p class=\"Tweet-text e-entry-title\" dir=\"ltr\" lang=\"es\">\n<\/div>\n<blockquote class=\"Tweet h-entry js-tweetIdInfo subject expanded\" cite=\"https:\/\/twitter.com\/marxistJorge\/status\/1181321852511227905\" data-tweet-id=\"1181321852511227905\" data-scribe=\"section:subject\">\n<div class=\"Tweet-body e-entry-content\" data-scribe=\"component:tweet\">\n<div class=\"Tweet-card\">\n<article class=\"MediaCard\n\n           cards-multimedia\n           customisable-border\" dir=\"ltr\" data-scribe=\"component:card\" data-publisher-id=\"93680677\"><\/p>\n<div class=\"MediaCard-media\">\n<div class=\"MediaCard-widthConstraint js-cspForcedStyle\" data-style=\"max-width: 2000px\">\n<div class=\"MediaCard-mediaContainer MediaCard--roundedTop MediaCard--roundedBottom js-cspForcedStyle\" data-style=\"padding-bottom: 55.0000%\">\n<div class=\"NaturalImage-ctaOverlay PlayButton PlayButton--centered\" data-scribe=\"element:play_button\">\n<div class=\"Icon Icon--playCircle \" title=\"Play Media\" role=\"img\" aria-label=\"Play Media\"><\/div>\n<\/div>\n<p><a class=\"MediaCard-mediaAsset MediaCard-mediaPlaceholder NaturalImage NaturalImage--fill js-playableMediaInterstitial\" href=\"https:\/\/twitter.com\/marxistJorge\/status\/1181321852511227905\"><img decoding=\"async\" class=\"NaturalImage-image\" src=\"https:\/\/pbs.twimg.com\/ext_tw_video_thumb\/1181315396399296512\/pu\/img\/wL7FFr9PXbSlPYNH?format=jpg&amp;name=small\" alt=\"Embedded video\" data-image=\"https:\/\/pbs.twimg.com\/ext_tw_video_thumb\/1181315396399296512\/pu\/img\/wL7FFr9PXbSlPYNH\" data-scribe=\"element:poster_image\" \/><\/a><\/div>\n<\/div>\n<\/div>\n<\/article>\n<\/div>\n<\/div>\n<\/blockquote>\n<\/div>\n<\/div>\n<\/div>\n<\/div>\n<p style=\"text-align: center;\"><span style=\"font-size: 10pt;\"><em>Manifestantes queman un veh\u00edculo blindado del ej\u00e9rcito que imped\u00eda el paso a la capital Quito &#8211; avanza la insurrecci\u00f3n contra el paquetazo del FMI que anunci\u00f3 Moreno<\/em><\/span><\/p>\n<p>En los \u00faltimos d\u00edas se produjeron saqueos en varias ciudades y durante las manifestaciones del lunes en la capital hubo actos de vandalismo. La CONAIE respondi\u00f3 que estos eran obra de provocadores infiltrados y que iban a usar la guardia ind\u00edgena para resguardar las manifestaciones.<\/p>\n<div class=\"SandboxRoot env-bp-350\" data-twitter-event-id=\"4\">\n<div id=\"twitter-widget-4\" class=\"EmbeddedTweet EmbeddedTweet--cta js-clickToOpenTarget\" lang=\"en-gb\" data-click-to-open-target=\"https:\/\/twitter.com\/marxistJorge\/status\/1181543748959965184\" data-iframe-title=\"Twitter Tweet\" data-scribe=\"page:tweet\" data-twitter-event-id=\"9\">\n<div class=\"EmbeddedTweet-tweetContainer\">\n<div class=\"EmbeddedTweet-tweet\">\n<blockquote class=\"Tweet h-entry js-tweetIdInfo subject expanded\" cite=\"https:\/\/twitter.com\/marxistJorge\/status\/1181543748959965184\" data-tweet-id=\"1181543748959965184\" data-scribe=\"section:subject\">\n<div class=\"Tweet-body e-entry-content\" data-scribe=\"component:tweet\">\n<div class=\"Tweet-card\">\n<article class=\"MediaCard\n\n           customisable-border\" dir=\"ltr\" data-scribe=\"component:card\"><\/p>\n<div class=\"MediaCard-mediaContainer MediaCard--roundedTop MediaCard--roundedBottom js-cspForcedStyle\" data-scribe=\"element:photo_grid\" data-style=\"padding-bottom: 50%\">\n<div class=\"MediaCard-mediaAsset ImageGrid ImageGrid--2\"><a class=\"ImageGrid-image ImageGrid-image-0 CroppedImage CroppedImage--fillHeight\" href=\"https:\/\/twitter.com\/marxistJorge\/status\/1181543748959965184\/photo\/1\"><img loading=\"lazy\" decoding=\"async\" class=\"CroppedImage-image js-cspForcedStyle\" title=\"View image on Twitter\" src=\"https:\/\/pbs.twimg.com\/media\/EGWvxYxWkAE9klb?format=jpg&amp;name=360x360\" alt=\"View image on Twitter\" width=\"1002\" height=\"816\" data-image=\"https:\/\/pbs.twimg.com\/media\/EGWvxYxWkAE9klb\" data-image-format=\"jpg\" data-style=\"left:-11%;\" \/><\/a><a class=\"ImageGrid-image ImageGrid-image-1 CroppedImage CroppedImage--fillHeight\" href=\"https:\/\/twitter.com\/marxistJorge\/status\/1181543748959965184\/photo\/1\"><img loading=\"lazy\" decoding=\"async\" class=\"CroppedImage-image js-cspForcedStyle\" title=\"View image on Twitter\" src=\"https:\/\/pbs.twimg.com\/media\/EGWvxYzWoAE4n8J?format=png&amp;name=360x360\" alt=\"View image on Twitter\" width=\"720\" height=\"540\" data-image=\"https:\/\/pbs.twimg.com\/media\/EGWvxYzWoAE4n8J\" data-image-format=\"png\" data-style=\"left:-15%;\" \/><\/a><\/div>\n<\/div>\n<\/article>\n<\/div>\n<div class=\"TweetInfo\"><\/div>\n<\/div>\n<\/blockquote>\n<\/div>\n<div class=\"CallToAction-text\" data-scribe=\"element:profile_text\">Las columnas obrero-campesinas en la capital iban rompiendo todas las barreras a su paso y avanzaban hacia el palacio de Carondelet, militarizado. Un grupo de manifestantes trataron de timar el edificio de la Asamblea Nacional. Finalmente el gobierno tuvo que suspender la rueda de prensa anunciada y evacuar a los periodistas del palacio presidencial. En una alocuci\u00f3n televisada, flanqueado por el vice-presidente, el ministro de defensa y los generales del ej\u00e9rcito, Len\u00edn Moreno anunci\u00f3 que trasladaba la sede de gobierno a Guayaquil. El poder ejecutivo hu\u00eda despavorido ante la ofensiva de obreros, campesinos y estudiantes, y se ve\u00eda obligado a abandonar la capital del pa\u00eds!<\/div>\n<\/div>\n<\/div>\n<\/div>\n<div class=\"SandboxRoot env-bp-350\" data-twitter-event-id=\"5\">\n<div id=\"twitter-widget-5\" class=\"EmbeddedTweet EmbeddedTweet--cta js-clickToOpenTarget\" lang=\"en-gb\" data-click-to-open-target=\"https:\/\/twitter.com\/eluniversocom\/status\/1181390069955006464\" data-iframe-title=\"Twitter Tweet\" data-scribe=\"page:tweet\" data-twitter-event-id=\"10\">\n<div class=\"EmbeddedTweet-tweetContainer\">\n<div class=\"EmbeddedTweet-tweet\">\n<blockquote class=\"Tweet h-entry js-tweetIdInfo subject expanded\" cite=\"https:\/\/twitter.com\/eluniversocom\/status\/1181390069955006464\" data-tweet-id=\"1181390069955006464\" data-scribe=\"section:subject\">\n<div class=\"Tweet-body e-entry-content\" data-scribe=\"component:tweet\">\n<div class=\"Tweet-card\">\n<article class=\"MediaCard\n\n           customisable-border\" dir=\"ltr\" data-scribe=\"component:card\"><\/p>\n<div class=\"MediaCard-media\" data-scribe=\"element:photo\">\n<div class=\"MediaCard-widthConstraint js-cspForcedStyle\" data-style=\"max-width: 1157px\">\n<div class=\"MediaCard-mediaContainer js-cspForcedStyle MediaCard--roundedTop MediaCard--roundedBottom\" data-style=\"padding-bottom: 54.7105%\"><a class=\"MediaCard-mediaAsset NaturalImage\" href=\"https:\/\/twitter.com\/eluniversocom\/status\/1181390069955006464\/photo\/1\"><img loading=\"lazy\" decoding=\"async\" class=\"NaturalImage-image\" title=\"View image on Twitter\" src=\"https:\/\/pbs.twimg.com\/media\/EGUkAfeXoAAF9_j?format=jpg&amp;name=small\" alt=\"View image on Twitter\" width=\"1157\" height=\"633\" data-image=\"https:\/\/pbs.twimg.com\/media\/EGUkAfeXoAAF9_j\" data-image-format=\"jpg\" \/><\/a><\/div>\n<\/div>\n<\/div>\n<\/article>\n<\/div>\n<\/div>\n<\/blockquote>\n<\/div>\n<div style=\"text-align: center;\" data-scribe=\"element:conversation_text\"><span style=\"font-size: 10pt;\"><em>Presidente Len\u00edn Moreno anuncia, en cadena nacional, que la sede de Gobierno la traslad\u00f3 a Guayaquil ante las protestas.<\/em><\/span><\/div>\n<div data-scribe=\"element:conversation_text\"><\/div>\n<div class=\"CallToAction-text\" data-scribe=\"element:conversation_text\">En su alocuci\u00f3n, Len\u00edn Moreno utiliz\u00f3 el viejo truco de tratar de desprestigiar la protesta diciendo que se trataba de un complot por parte de Maduro y Correa. Una afirmaci\u00f3n doblemente rid\u00edcula pues obviamente fueron el FMI y el propio Moreno quienes dise\u00f1aron el paquetazo de ajuste anti-popular, y por otra otra otra parte las principales organizaciones implicadas en la movilizaci\u00f3n son desde hace ya alg\u00fan tiempo opositoras a Correa. Las acusaciones de Moreno son un \u00faltimo intento desesperado para restar legitimidad a la protesta. En realidad, el paquetazo de octubre ha sido solo la chispa que ha hecho estallar un levantamiento nacional cuyo combustible se hab\u00eda ido acumulando durante dos a\u00f1os de ataques y medidas antiobreras del gobierno de Moreno.<\/div>\n<\/div>\n<\/div>\n<\/div>\n<p>El movimiento ha dado importantes pasos adelante. Gran parte del pa\u00eds est\u00e1 paralizado por los cortes de carretera. Los ind\u00edgenas han pasado de bloquear rutas a marchar hacia Quito. El poder del estado ha sido desafiado parcialmente. El levantamiento ha obligado al gobierno a abandonar la capital. La Asamblea Nacional ha suspendido sus sesiones. Sin embargo, no se ha conseguido la victoria todav\u00eda. El gobierno sigue en el poder, el paquetazo no se ha retirado.<\/p>\n<p>La CONAIE ha declarado una Asamblea de los Pueblos en Quito y para el mi\u00e9rcoles 9 de octubre una coalici\u00f3n de organizaciones obreras, campesinas y estudiantiles ha convocado una huelga general en todo el pa\u00eds.<\/p>\n<p><img loading=\"lazy\" decoding=\"async\" class=\"aligncenter\" src=\"https:\/\/www.marxist.com\/images\/cache\/635db7f6586f4685282f6940d3624995_w720_h720.jpg\" alt=\"Ecuador protest 2 self defence Image public domain\" width=\"720\" height=\"540\" \/><\/p>\n<p>Del otro lado la oligarqu\u00eda y el imperialismo agrupan sus fuerzas. El alcalde Guayaquil Nebot, que en un primer momento y de manera hip\u00f3crita hab\u00eda criticado las medidas de Moreno, ha hecho hoy un llamado \u201ca la unidad para para defender la democracia, la paz, la libertad, las ciudades, las familias y los bienes\u201d. A Nebot, un representante de la rancia oligarqu\u00eda ecuatoriana y dirigente del burgu\u00e9s Partido Social Cristiano, lo que le interesa defender bajo el manto de la \u201cdemocracia\u201d y la \u201cpaz\u201d son \u201clos bienes\u201d, es decir, la propiedad burguesa. Los EEUU tambi\u00e9n han corrido a apoyar a su t\u00edtere con un comunicado en el que denuncian \u201cla violencia como forma de protesta\u201d. La prensa de la oligarqu\u00eda miente y manipula acerca del car\u00e1cter del movimiento.<\/p>\n<p>El movimiento avanza y adquiere fuerza. Existen ya en la situaci\u00f3n elementos insurreccionales: detenci\u00f3n de efectivos policiales y militares, romper los bloqueos del ej\u00e9rcito y la polic\u00eda, la actuaci\u00f3n de la guardia campesina, la hu\u00edda del gobierno de la capital, la conformaci\u00f3n de la Asamblea de los Pueblos. Es necesario fortalecer y extenderlos. Las organizaciones de obreros, campesinos y estudiantes deben formar un comando unitario de lucha. Hay que ampliar la Asamblea de los Pueblos con delegados electos y revocables de las f\u00e1bricas, las comunidades, las universidades y escuelas secundarias, para que se convierta en un organismo de lucha y de poder. Hay que extender la guardia ind\u00edgena, formando organismos de autodefensa obrera y campesina para defender las movilizaciones.<\/p>\n<p>La alianza obrero campesina en el Ecuador en el pasado ha tumbado por lo menos a dos gobiernos que aplicaron paquetes de austeridad: el de Bucar\u00e1m en 1997 y el de Mahuad en 2000. El potencial para repetir ese desenlace est\u00e1 impl\u00edcito en la situaci\u00f3n. Sin embargo es importante tambi\u00e9n aprender de las lecciones de esos acontecimientos. En ambos casos el movimiento revolucionario de las masas tumb\u00f3 al gobierno burgu\u00e9s, pero no lleg\u00f3 a tomar el poder en sus propias manos. Como resultado, otro gobierno burgu\u00e9s tom\u00f3 el poder, y cuando el movimiento de masas hab\u00eda retrocedido, volvi\u00f3 a aplicar las mismas pol\u00edticas contra el pueblo trabajador.<\/p>\n<p>La conclusi\u00f3n que hay que sacar es la siguiente: es necesario tumbar al gobierno de Len\u00edn Moreno para derrocar su paquetazo. Pero no basta con eso. El paquetazo no es el resultado de \u201cpura corrupci\u00f3n e ineptitud\u201d como dice Correa. Es el resultado del impacto de la crisis del capitalismo en Ecuador, una econom\u00eda subyugada al imperialismo y exportadora. Los trabajadores y campesinos deben de tomar el poder en sus propias manos para que los recursos del pa\u00eds se utilicen en beneficio de la mayor\u00eda. No basta con tumbar el gobierno, hay que quitarle a la oligarqu\u00eda vendida al imperialismo su poder pol\u00edtico y expropiarle su poder econ\u00f3mico.<\/p>\n","protected":false},"excerpt":{"rendered":"<p>El movimiento en Ecuador contra el paquetazo de Len\u00edn Moreno y el FMI que se inici\u00f3 el 2 de octubre ha alcanzado proporciones insurreccionales. El estado de excepci\u00f3n declarado el viernes y la utilizaci\u00f3n de la polic\u00eda y el ej\u00e9rcito (1 muerto, decenas de heridos, cientos de detenidos) no ha parado el movimiento de obreros,&#8230;<\/p>\n","protected":false},"author":36,"featured_media":6777,"comment_status":"open","ping_status":"open","sticky":false,"template":"","format":"standard","meta":{"_monsterinsights_skip_tracking":false,"_monsterinsights_sitenote_active":false,"_monsterinsights_sitenote_note":"","_monsterinsights_sitenote_category":0,"_uf_show_specific_survey":0,"_uf_disable_surveys":false,"_jetpack_memberships_contains_paid_content":false,"footnotes":""},"categories":[19],"tags":[902],"class_list":["post-6776","post","type-post","status-publish","format-standard","has-post-thumbnail","hentry","category-ecuador","tag-levantamiento-obrero-campesino"],"aioseo_notices":[],"yoast_head":"<!-- This site is optimized with the Yoast SEO plugin v25.6 - https:\/\/yoast.com\/wordpress\/plugins\/seo\/ -->\n<title>Ecuador: levantamiento obrero-campesino, el gobierno abandona la capital<\/title>\n<meta name=\"robots\" content=\"index, follow, max-snippet:-1, max-image-preview:large, max-video-preview:-1\" \/>\n<link rel=\"canonical\" href=\"https:\/\/elcomunista.org\/?p=6776\" \/>\n<meta property=\"og:locale\" content=\"es_ES\" \/>\n<meta property=\"og:type\" content=\"article\" \/>\n<meta property=\"og:title\" content=\"Ecuador: levantamiento obrero-campesino, el gobierno abandona la capital\" \/>\n<meta property=\"og:description\" content=\"El movimiento en Ecuador contra el paquetazo de Len\u00edn Moreno y el FMI que se inici\u00f3 el 2 de octubre ha alcanzado proporciones insurreccionales. El estado de excepci\u00f3n declarado el viernes y la utilizaci\u00f3n de la polic\u00eda y el ej\u00e9rcito (1 muerto, decenas de heridos, cientos de detenidos) no ha parado el movimiento de obreros,...\" \/>\n<meta property=\"og:url\" content=\"https:\/\/elcomunista.org\/?p=6776\" \/>\n<meta property=\"og:site_name\" content=\"Revoluci\u00f3n Comunista\" \/>\n<meta property=\"article:publisher\" content=\"https:\/\/www.facebook.com\/Bloquepopularjuvenil\" \/>\n<meta property=\"article:published_time\" content=\"2019-10-08T22:06:43+00:00\" \/>\n<meta property=\"og:image\" content=\"https:\/\/elcomunista.org\/wp-content\/uploads\/2019\/10\/3d991d94d8a3bb78b4d0d003cbd7fe2c_w700_h500.jpg\" \/>\n\t<meta property=\"og:image:width\" content=\"667\" \/>\n\t<meta property=\"og:image:height\" content=\"500\" \/>\n\t<meta property=\"og:image:type\" content=\"image\/jpeg\" \/>\n<meta name=\"author\" content=\"Jorge Martin\" \/>\n<meta name=\"twitter:card\" content=\"summary_large_image\" \/>\n<meta name=\"twitter:creator\" content=\"@ElBPJ\" \/>\n<meta name=\"twitter:site\" content=\"@ElBPJ\" \/>\n<meta name=\"twitter:label1\" content=\"Escrito por\" \/>\n\t<meta name=\"twitter:data1\" content=\"Jorge Martin\" \/>\n\t<meta name=\"twitter:label2\" content=\"Tiempo de lectura\" \/>\n\t<meta name=\"twitter:data2\" content=\"9 minutos\" \/>\n<script type=\"application\/ld+json\" class=\"yoast-schema-graph\">{\"@context\":\"https:\/\/schema.org\",\"@graph\":[{\"@type\":\"Article\",\"@id\":\"https:\/\/elcomunista.org\/?p=6776#article\",\"isPartOf\":{\"@id\":\"https:\/\/elcomunista.org\/?p=6776\"},\"author\":{\"name\":\"Jorge Martin\",\"@id\":\"https:\/\/elcomunista.org\/#\/schema\/person\/4cc74db2ec789a45c134e77808ba2c32\"},\"headline\":\"Ecuador: levantamiento obrero-campesino, el gobierno abandona la capital\",\"datePublished\":\"2019-10-08T22:06:43+00:00\",\"mainEntityOfPage\":{\"@id\":\"https:\/\/elcomunista.org\/?p=6776\"},\"wordCount\":1762,\"commentCount\":1,\"publisher\":{\"@id\":\"https:\/\/elcomunista.org\/#organization\"},\"image\":{\"@id\":\"https:\/\/elcomunista.org\/?p=6776#primaryimage\"},\"thumbnailUrl\":\"https:\/\/elcomunista.org\/wp-content\/uploads\/2019\/10\/3d991d94d8a3bb78b4d0d003cbd7fe2c_w700_h500.jpg\",\"keywords\":[\"Levantamiento obrero-campesino\"],\"articleSection\":[\"Ecuador\"],\"inLanguage\":\"es\",\"potentialAction\":[{\"@type\":\"CommentAction\",\"name\":\"Comment\",\"target\":[\"https:\/\/elcomunista.org\/?p=6776#respond\"]}]},{\"@type\":\"WebPage\",\"@id\":\"https:\/\/elcomunista.org\/?p=6776\",\"url\":\"https:\/\/elcomunista.org\/?p=6776\",\"name\":\"Ecuador: levantamiento obrero-campesino, el gobierno abandona la capital\",\"isPartOf\":{\"@id\":\"https:\/\/elcomunista.org\/#website\"},\"primaryImageOfPage\":{\"@id\":\"https:\/\/elcomunista.org\/?p=6776#primaryimage\"},\"image\":{\"@id\":\"https:\/\/elcomunista.org\/?p=6776#primaryimage\"},\"thumbnailUrl\":\"https:\/\/elcomunista.org\/wp-content\/uploads\/2019\/10\/3d991d94d8a3bb78b4d0d003cbd7fe2c_w700_h500.jpg\",\"datePublished\":\"2019-10-08T22:06:43+00:00\",\"breadcrumb\":{\"@id\":\"https:\/\/elcomunista.org\/?p=6776#breadcrumb\"},\"inLanguage\":\"es\",\"potentialAction\":[{\"@type\":\"ReadAction\",\"target\":[\"https:\/\/elcomunista.org\/?p=6776\"]}]},{\"@type\":\"ImageObject\",\"inLanguage\":\"es\",\"@id\":\"https:\/\/elcomunista.org\/?p=6776#primaryimage\",\"url\":\"https:\/\/elcomunista.org\/wp-content\/uploads\/2019\/10\/3d991d94d8a3bb78b4d0d003cbd7fe2c_w700_h500.jpg\",\"contentUrl\":\"https:\/\/elcomunista.org\/wp-content\/uploads\/2019\/10\/3d991d94d8a3bb78b4d0d003cbd7fe2c_w700_h500.jpg\",\"width\":667,\"height\":500},{\"@type\":\"BreadcrumbList\",\"@id\":\"https:\/\/elcomunista.org\/?p=6776#breadcrumb\",\"itemListElement\":[{\"@type\":\"ListItem\",\"position\":1,\"name\":\"Portada\",\"item\":\"https:\/\/elcomunista.org\/\"},{\"@type\":\"ListItem\",\"position\":2,\"name\":\"Ecuador: levantamiento obrero-campesino, el gobierno abandona la capital\"}]},{\"@type\":\"WebSite\",\"@id\":\"https:\/\/elcomunista.org\/#website\",\"url\":\"https:\/\/elcomunista.org\/\",\"name\":\"Revoluci\u00f3n Comunista\",\"description\":\"Internacional Comunista Revolucionaria\",\"publisher\":{\"@id\":\"https:\/\/elcomunista.org\/#organization\"},\"potentialAction\":[{\"@type\":\"SearchAction\",\"target\":{\"@type\":\"EntryPoint\",\"urlTemplate\":\"https:\/\/elcomunista.org\/?s={search_term_string}\"},\"query-input\":{\"@type\":\"PropertyValueSpecification\",\"valueRequired\":true,\"valueName\":\"search_term_string\"}}],\"inLanguage\":\"es\"},{\"@type\":\"Organization\",\"@id\":\"https:\/\/elcomunista.org\/#organization\",\"name\":\"Bloque Popular Juvenil\",\"url\":\"https:\/\/elcomunista.org\/\",\"logo\":{\"@type\":\"ImageObject\",\"inLanguage\":\"es\",\"@id\":\"https:\/\/elcomunista.org\/#\/schema\/logo\/image\/\",\"url\":\"https:\/\/bloquepopularjuvenil.org\/wp-content\/uploads\/2018\/11\/bpj-militante.jpg\",\"contentUrl\":\"https:\/\/bloquepopularjuvenil.org\/wp-content\/uploads\/2018\/11\/bpj-militante.jpg\",\"width\":4000,\"height\":1390,\"caption\":\"Bloque Popular Juvenil\"},\"image\":{\"@id\":\"https:\/\/elcomunista.org\/#\/schema\/logo\/image\/\"},\"sameAs\":[\"https:\/\/www.facebook.com\/Bloquepopularjuvenil\",\"https:\/\/x.com\/ElBPJ\",\"https:\/\/www.instagram.com\/elbloque_bpj\/?hl=es-la\"]},{\"@type\":\"Person\",\"@id\":\"https:\/\/elcomunista.org\/#\/schema\/person\/4cc74db2ec789a45c134e77808ba2c32\",\"name\":\"Jorge Martin\",\"image\":{\"@type\":\"ImageObject\",\"inLanguage\":\"es\",\"@id\":\"https:\/\/elcomunista.org\/#\/schema\/person\/image\/\",\"url\":\"https:\/\/secure.gravatar.com\/avatar\/19f21407383a9ad29194a5cadd7eac42?s=96&d=mm&r=g\",\"contentUrl\":\"https:\/\/secure.gravatar.com\/avatar\/19f21407383a9ad29194a5cadd7eac42?s=96&d=mm&r=g\",\"caption\":\"Jorge Martin\"},\"url\":\"https:\/\/elcomunista.org\/?author=36\"}]}<\/script>\n<!-- \/ Yoast SEO plugin. -->","yoast_head_json":{"title":"Ecuador: levantamiento obrero-campesino, el gobierno abandona la capital","robots":{"index":"index","follow":"follow","max-snippet":"max-snippet:-1","max-image-preview":"max-image-preview:large","max-video-preview":"max-video-preview:-1"},"canonical":"https:\/\/elcomunista.org\/?p=6776","og_locale":"es_ES","og_type":"article","og_title":"Ecuador: levantamiento obrero-campesino, el gobierno abandona la capital","og_description":"El movimiento en Ecuador contra el paquetazo de Len\u00edn Moreno y el FMI que se inici\u00f3 el 2 de octubre ha alcanzado proporciones insurreccionales. El estado de excepci\u00f3n declarado el viernes y la utilizaci\u00f3n de la polic\u00eda y el ej\u00e9rcito (1 muerto, decenas de heridos, cientos de detenidos) no ha parado el movimiento de obreros,...","og_url":"https:\/\/elcomunista.org\/?p=6776","og_site_name":"Revoluci\u00f3n Comunista","article_publisher":"https:\/\/www.facebook.com\/Bloquepopularjuvenil","article_published_time":"2019-10-08T22:06:43+00:00","og_image":[{"width":667,"height":500,"url":"https:\/\/elcomunista.org\/wp-content\/uploads\/2019\/10\/3d991d94d8a3bb78b4d0d003cbd7fe2c_w700_h500.jpg","type":"image\/jpeg"}],"author":"Jorge Martin","twitter_card":"summary_large_image","twitter_creator":"@ElBPJ","twitter_site":"@ElBPJ","twitter_misc":{"Escrito por":"Jorge Martin","Tiempo de lectura":"9 minutos"},"schema":{"@context":"https:\/\/schema.org","@graph":[{"@type":"Article","@id":"https:\/\/elcomunista.org\/?p=6776#article","isPartOf":{"@id":"https:\/\/elcomunista.org\/?p=6776"},"author":{"name":"Jorge Martin","@id":"https:\/\/elcomunista.org\/#\/schema\/person\/4cc74db2ec789a45c134e77808ba2c32"},"headline":"Ecuador: levantamiento obrero-campesino, el gobierno abandona la capital","datePublished":"2019-10-08T22:06:43+00:00","mainEntityOfPage":{"@id":"https:\/\/elcomunista.org\/?p=6776"},"wordCount":1762,"commentCount":1,"publisher":{"@id":"https:\/\/elcomunista.org\/#organization"},"image":{"@id":"https:\/\/elcomunista.org\/?p=6776#primaryimage"},"thumbnailUrl":"https:\/\/elcomunista.org\/wp-content\/uploads\/2019\/10\/3d991d94d8a3bb78b4d0d003cbd7fe2c_w700_h500.jpg","keywords":["Levantamiento obrero-campesino"],"articleSection":["Ecuador"],"inLanguage":"es","potentialAction":[{"@type":"CommentAction","name":"Comment","target":["https:\/\/elcomunista.org\/?p=6776#respond"]}]},{"@type":"WebPage","@id":"https:\/\/elcomunista.org\/?p=6776","url":"https:\/\/elcomunista.org\/?p=6776","name":"Ecuador: levantamiento obrero-campesino, el gobierno abandona la capital","isPartOf":{"@id":"https:\/\/elcomunista.org\/#website"},"primaryImageOfPage":{"@id":"https:\/\/elcomunista.org\/?p=6776#primaryimage"},"image":{"@id":"https:\/\/elcomunista.org\/?p=6776#primaryimage"},"thumbnailUrl":"https:\/\/elcomunista.org\/wp-content\/uploads\/2019\/10\/3d991d94d8a3bb78b4d0d003cbd7fe2c_w700_h500.jpg","datePublished":"2019-10-08T22:06:43+00:00","breadcrumb":{"@id":"https:\/\/elcomunista.org\/?p=6776#breadcrumb"},"inLanguage":"es","potentialAction":[{"@type":"ReadAction","target":["https:\/\/elcomunista.org\/?p=6776"]}]},{"@type":"ImageObject","inLanguage":"es","@id":"https:\/\/elcomunista.org\/?p=6776#primaryimage","url":"https:\/\/elcomunista.org\/wp-content\/uploads\/2019\/10\/3d991d94d8a3bb78b4d0d003cbd7fe2c_w700_h500.jpg","contentUrl":"https:\/\/elcomunista.org\/wp-content\/uploads\/2019\/10\/3d991d94d8a3bb78b4d0d003cbd7fe2c_w700_h500.jpg","width":667,"height":500},{"@type":"BreadcrumbList","@id":"https:\/\/elcomunista.org\/?p=6776#breadcrumb","itemListElement":[{"@type":"ListItem","position":1,"name":"Portada","item":"https:\/\/elcomunista.org\/"},{"@type":"ListItem","position":2,"name":"Ecuador: levantamiento obrero-campesino, el gobierno abandona la capital"}]},{"@type":"WebSite","@id":"https:\/\/elcomunista.org\/#website","url":"https:\/\/elcomunista.org\/","name":"Revoluci\u00f3n Comunista","description":"Internacional Comunista Revolucionaria","publisher":{"@id":"https:\/\/elcomunista.org\/#organization"},"potentialAction":[{"@type":"SearchAction","target":{"@type":"EntryPoint","urlTemplate":"https:\/\/elcomunista.org\/?s={search_term_string}"},"query-input":{"@type":"PropertyValueSpecification","valueRequired":true,"valueName":"search_term_string"}}],"inLanguage":"es"},{"@type":"Organization","@id":"https:\/\/elcomunista.org\/#organization","name":"Bloque Popular Juvenil","url":"https:\/\/elcomunista.org\/","logo":{"@type":"ImageObject","inLanguage":"es","@id":"https:\/\/elcomunista.org\/#\/schema\/logo\/image\/","url":"https:\/\/bloquepopularjuvenil.org\/wp-content\/uploads\/2018\/11\/bpj-militante.jpg","contentUrl":"https:\/\/bloquepopularjuvenil.org\/wp-content\/uploads\/2018\/11\/bpj-militante.jpg","width":4000,"height":1390,"caption":"Bloque Popular Juvenil"},"image":{"@id":"https:\/\/elcomunista.org\/#\/schema\/logo\/image\/"},"sameAs":["https:\/\/www.facebook.com\/Bloquepopularjuvenil","https:\/\/x.com\/ElBPJ","https:\/\/www.instagram.com\/elbloque_bpj\/?hl=es-la"]},{"@type":"Person","@id":"https:\/\/elcomunista.org\/#\/schema\/person\/4cc74db2ec789a45c134e77808ba2c32","name":"Jorge Martin","image":{"@type":"ImageObject","inLanguage":"es","@id":"https:\/\/elcomunista.org\/#\/schema\/person\/image\/","url":"https:\/\/secure.gravatar.com\/avatar\/19f21407383a9ad29194a5cadd7eac42?s=96&d=mm&r=g","contentUrl":"https:\/\/secure.gravatar.com\/avatar\/19f21407383a9ad29194a5cadd7eac42?s=96&d=mm&r=g","caption":"Jorge Martin"},"url":"https:\/\/elcomunista.org\/?author=36"}]}},"jetpack_featured_media_url":"https:\/\/elcomunista.org\/wp-content\/uploads\/2019\/10\/3d991d94d8a3bb78b4d0d003cbd7fe2c_w700_h500.jpg","jetpack_likes_enabled":true,"jetpack_sharing_enabled":true,"_links":{"self":[{"href":"https:\/\/elcomunista.org\/index.php?rest_route=\/wp\/v2\/posts\/6776"}],"collection":[{"href":"https:\/\/elcomunista.org\/index.php?rest_route=\/wp\/v2\/posts"}],"about":[{"href":"https:\/\/elcomunista.org\/index.php?rest_route=\/wp\/v2\/types\/post"}],"author":[{"embeddable":true,"href":"https:\/\/elcomunista.org\/index.php?rest_route=\/wp\/v2\/users\/36"}],"replies":[{"embeddable":true,"href":"https:\/\/elcomunista.org\/index.php?rest_route=%2Fwp%2Fv2%2Fcomments&post=6776"}],"version-history":[{"count":0,"href":"https:\/\/elcomunista.org\/index.php?rest_route=\/wp\/v2\/posts\/6776\/revisions"}],"wp:featuredmedia":[{"embeddable":true,"href":"https:\/\/elcomunista.org\/index.php?rest_route=\/wp\/v2\/media\/6777"}],"wp:attachment":[{"href":"https:\/\/elcomunista.org\/index.php?rest_route=%2Fwp%2Fv2%2Fmedia&parent=6776"}],"wp:term":[{"taxonomy":"category","embeddable":true,"href":"https:\/\/elcomunista.org\/index.php?rest_route=%2Fwp%2Fv2%2Fcategories&post=6776"},{"taxonomy":"post_tag","embeddable":true,"href":"https:\/\/elcomunista.org\/index.php?rest_route=%2Fwp%2Fv2%2Ftags&post=6776"}],"curies":[{"name":"wp","href":"https:\/\/api.w.org\/{rel}","templated":true}]}}