{"id":6800,"date":"2019-10-12T13:24:09","date_gmt":"2019-10-12T19:24:09","guid":{"rendered":"http:\/\/bloquepopularjuvenil.org\/?p=6800"},"modified":"2019-10-12T13:24:09","modified_gmt":"2019-10-12T19:24:09","slug":"ecuador-abajo-moreno-y-el-fmi-todo-el-poder-a-la-asamblea-del-pueblo","status":"publish","type":"post","link":"https:\/\/elcomunista.org\/?p=6800","title":{"rendered":"Ecuador: \u00a1abajo Moreno y el FMI \u2013 todo el poder a la Asamblea del Pueblo!"},"content":{"rendered":"<p>Lo que empez\u00f3 como una protesta contra el paquetazo del FMI impuesto por el presidente Lenin Moreno se ha convertido en una insurrecci\u00f3n nacional que plantea la cuesti\u00f3n de qui\u00e9n gobierna el pa\u00eds. La enorme movilizaci\u00f3n de masas ha obligado al gobierno a huir de la capital Quito, a cerrar la asamblea nacional y ha empezado a resquebrajar las fuerzas armadas. Para avanzar, el movimiento debe plantearse la cuesti\u00f3n del poder.<\/p>\n<p>Esta semana, la segunda de la insurrecci\u00f3n obrero \u2013 campesina, se ha saldado con 5 muertos (por lo menos) cientos de heridos y detenidos y una represi\u00f3n brutal, como se ve\u00eda en Ecuador desde hace d\u00e9cadas, que no ha logrado detener el movimiento. Ni el estado de emergencia, ni el toque de queda, ni las mentiras de los medios, ni las falsas ofertas de negociaci\u00f3n, ni el ej\u00e9rcito en las calles. El gobierno de Lenin Moreno, con el respaldo de toda la oligarqu\u00eda capitalista, del imperialismo de EEUU, de todos los gobiernos reaccionarios de la regi\u00f3n, no ha podido aplastar el movimiento decidido de campesinos, ind\u00edgenas, obreros y estudiantes.<\/p>\n<p>El mi\u00e9rcoles 9, una poderosa huelga general paralizaba el pa\u00eds. En Quito, la capital abandonada por el gobierno, una enorme marcha de entre 50 y 100.000 manifestantes se dirig\u00eda de nuevo al Palacio de Carondelet, abandonado a toda prisa el d\u00eda anterior. Por unos breves momentos el movimiento tom\u00f3 control de la tambi\u00e9n abandonada Asamblea Nacional, con la intenci\u00f3n de instalar la Asamblea del Pueblo.<\/p>\n<p>En Guayaquil, la oligarqu\u00eda dirigida por la alcaldesa Viteri y su mentor Nebot, azuzaban una turba peque\u00f1o burguesa racista contra los \u201cindios\u201d.\u201cQue se queden en el p\u00e1ramo\u201d chillaba el empresario y banquero Nebot, dirigente socialcristiano, agitando el espectro de la \u201ctoma de la capital\u201d por parte del movimiento ind\u00edgena: \u201cno merecen pisar el suelo de Guayaquil, vienen a destruir\u201d. Pero su capacidad de movilizaci\u00f3n fue peque\u00f1a, apenas unos miles. Fueron necesarios gran cantidad de efectivos policiales y militares, adem\u00e1s de camiones de obras p\u00fablicas para cerrar el Puente de la Unidad Nacional que conecta la populosa Dur\u00e1n con Guayaquil para impedir el paso de miles de manifestantes contra el gobierno.<\/p>\n<p>Dentro de la propia ciudad de Guayaquil tambi\u00e9n hubo manifestaciones contra el paquetazo, silenciadas por los medios c\u00f3mplices. Y fue precisamente ah\u00ed d\u00f3nde se produjo un incidente muy significativo. Un grupo de polic\u00edas motorizados llegaron a la avenida 9 de octubre con intenci\u00f3n de atacar a un reducido grupo de manifestantes antigubernamentales. Un grupo de soldados cortaba el paso de los manifestantes, pero ante la arremetida de los motorizados, los militares les protegieron enfrent\u00e1ndose a golpes a los polic\u00edas.<\/p>\n<p>Un incidente peque\u00f1o, pero que se suma a otros peque\u00f1os incidentes que indican que la insurrecci\u00f3n popular por un lado y la brutal represi\u00f3n del estado est\u00e1n empezando a hacer mella entre los soldados rasos, que tambi\u00e9n son de extracci\u00f3n popular.<\/p>\n<p>El mismo 9 de octubre, en Quito, el ej\u00e9rcito y la polic\u00eda se emplearon a fondo contra la enorme marcha pac\u00edfica que recorri\u00f3 la capital. Gases lacrim\u00f3genos, golpes, veh\u00edculos blindados lanzados contra la multitud. La represi\u00f3n se cebaba por igual contra todos, mujeres y ni\u00f1os incluidos. Al final del d\u00eda la polic\u00eda lanz\u00f3 gases lacrim\u00f3genos dentro del recinto de dos universidades en Quito donde duermen los ind\u00edgenas que se han desplazado a la capital por decenas de miles. Hubo conatos de atacar el \u00c1gora de la Casa de la Cultura el centro log\u00edstico y directivo del movimiento.<\/p>\n<p>El saldo: 5 muertos. Uno de ellos, Inocencio Tucumb\u00ed, dirigente ind\u00edgena de Cotopaxi, por impacto directo de un bote de gas en la cabeza. Tres j\u00f3venes muertos al caerse de un puente en San Roque durante enfrentamientos cuerpo a cuerpo con la polic\u00eda. Testigos presenciales afirman que la polic\u00eda les empuj\u00f3.<\/p>\n<p>El gobierno, en realidad toda la clase dominante que se ha unido detr\u00e1s del paquetazo y contra la insurrecci\u00f3n, combinaba la represi\u00f3n m\u00e1s brutal con informaciones falsas acerca de una supuesta negociaci\u00f3n, con mediaci\u00f3n de las Naciones Unidas y de la Iglesia Cat\u00f3lica. En realidad est\u00e1n hablando con \u201cdirigentes\u201d sindicales e ind\u00edgenas, de organizaciones que no representan a nadie y que no son las que dirigen el movimiento. El gobierno pretende comprar el movimiento con unas pocas migajas para \u201cdesarrollo\u201d, con parte del dinero que se ahorra con la abolici\u00f3n del subsidio al combustible (1.300 millones de d\u00f3lares). Una y otra vez la CONAIE ha desmentido la existencia de tales negociaciones.<\/p>\n<p>El d\u00eda 10, octavo de la insurrecci\u00f3n, fue de rabia y de luto. Los medios y el gobierno segu\u00edan mintiendo, desinformando, presentando a los manifestantes como violentos. Cada vez m\u00e1s im\u00e1genes compartidas en redes sociales daban cuenta de la brutalidad policial del d\u00eda anterior. Polic\u00edas motorizados golpeando a dos mujeres ind\u00edgenas que estaban tranquilamente en una esquina, a un j\u00f3ven que ya estaba en el suelo, etc.<\/p>\n<p>Miles se reunieron en una extraordinaria asamblea en el \u00c1gora de la Casa de la Cultura en Quito para deliberar y tomar decisiones acerca de los pasos a dar. En el estrado ocho polic\u00edas que hab\u00edan estado patrullando el exterior del edificio y fueron desarmados por el movimiento. Los dirigentes locales del movimiento, uno tras otro, se dirig\u00edan a la asamblea reunida. Se anunci\u00f3 que hab\u00eda certeza de dos muertos en la jornada de la huelga nacional y que se hab\u00eda exigido a las autoridades la entrega de sus cuerpos.<\/p>\n<p>El movimiento ya no solo pide y reivindica, empieza a tomar decisiones. Se dio instrucci\u00f3n a los medios all\u00ed presentes para que transmitieran la asamblea en vivo a todo el pa\u00eds, cosa que hicieron (parcialmente). Se guardaron dos minutos de silencio por los muertos y se oblig\u00f3 a los polic\u00edas a quitarse los cascos y chalecos anti-balas en se\u00f1al de respeto.<\/p>\n<p>En un momento dado, lleg\u00f3 el rumor que la polic\u00eda preparaba el asalto al \u00c1gora con gases lacrim\u00f3genos. Los dirigentes que presid\u00edan la asamblea obligaron a los polic\u00edas a llamar a sus superiores en el exterior y garantizar que no iban a entrar. As\u00ed fue.<\/p>\n<p>Algunos propusieron marchar a la Asamblea Nacional para tomarla, con los polic\u00edas al frente, desarmados, \u201cpara que sepan lo que es la represi\u00f3n\u201d. El ambiente era de rabia y de mucha indignaci\u00f3n. La consigna de \u201cFuera Moreno, fuera\u201d estaba en todas las bocas y la repet\u00eda la asamblea al un\u00edsono. La direcci\u00f3n nacional de la CONAIE, que va un paso por detr\u00e1s del ambiente general de las bases, todav\u00eda no la ha hecho suya de manera oficial, no aparece en ninguno de los comunicados.<\/p>\n<p>Otro de los ejes de casi todas las intervenciones eran la exigencia a las fuerzas armadas a que dejaran de obedecer al gobierno. Un llamado claro a un derrocamiento del r\u00e9gimen. Se anunci\u00f3 tambi\u00e9n que otras tres gobernaciones provinciales hab\u00edan pasado a manos del pueblo en la regi\u00f3n amaz\u00f3nica. De all\u00ed iban llegando a Quito m\u00e1s columnas de miles de ind\u00edgenas, para fortalecer el movimiento.<\/p>\n<p>Finalmente, despu\u00e9s de traer el f\u00e9retro (a hombros de los polic\u00edas y de dirigentes ind\u00edgenas) de Inocencio Tucumbi en un pasillo de honor y de oficial una ceremonia en su mem\u00f3ria, el movimiento march\u00f3 por la capital para entregar a los ahora ya 10 polic\u00edas retenidos a las Naciones Unidas.<\/p>\n<p>El d\u00eda siguiente, 11 de octubre, nuevamente la insurrecci\u00f3n obrero \u2013 campesina march\u00f3 hacia la Asamblea Nacional con el objetivo de tomarla. La marcha, de decenas de miles, era pac\u00edfica y lleg\u00f3 hasta el frente del edificio, fuertemente resguardado por polic\u00edas y militares. Al cabo de un rato de tensa espera, algunos militares retrocedieron de sus posiciones. El movimiento hizo una pausa. Se organiz\u00f3 la comida, que tambi\u00e9n se ofreci\u00f3 a las fuerzas del orden. Hay una pol\u00edtica clara y correcta de utilizar todas las oportunidades para confraternizar con sus bases.<\/p>\n<p>A traici\u00f3n y sin previo aviso, la polic\u00eda utiliz\u00f3 esa pausa para reagrupar fuerzas y lanzar una nueva oleada de represi\u00f3n con gases lacrim\u00f3genos y perdigones contra la multitud pac\u00edfica y desarmada que estaba comiendo en el parque del Arbolito. La multitud resisti\u00f3, evacuando a los heridos, haciendo un pasillo para sacar a los m\u00e1s vulnerables, construyendo barricadas. Un escenario de aut\u00e9ntica guerra civil, guerra de clases.<\/p>\n<p>Mientras, el c\u00ednico Moreno aparec\u00eda en televisi\u00f3n ofreciendo \u201cdi\u00e1logo\u201d, que de nuevo fue rechazado rotundamente por la CONAIE en un duro comunicado. Las condiciones del movimiento son: derogaci\u00f3n del decreto del combustible, cese de la ministra de gobernaci\u00f3n y el ministro de defensa, responsables de la represi\u00f3n, antes de que haya ninguna negociaci\u00f3n.<\/p>\n<p>Pero incluso eso se queda corto. A lo que el movimiento aspira ahora es a derrocar a Moreno. \u201cQuien se va de Quito, pierde su banquito\u201d gritan en las calles. Incluso la idea de presionar a la Asamblea Nacional para que declare nuevas elecciones se contradice con las acciones pr\u00e1cticas del movimiento que trata de tomar el edificio de la Asamblea para instalar la Asamblea del Pueblo, es decir, un gobierno alternativo. La cuesti\u00f3n de qui\u00e9n gobierna el pa\u00eds se plantea claramente. Los ricos o los pobres, la oligarqu\u00eda y el FMI o el pueblo trabajador, los capitalistas y banqueros o los obreros y campesinos.<\/p>\n<p>En la pr\u00e1ctica, la insurrecci\u00f3n ecuatoriana controla ya gran parte de la capital (con excepci\u00f3n de los edificios oficiales abandonados), y varias provincias del interior. Se empieza a organizar, tiene su propia Guardia Ind\u00edgena y toma decisiones en asamblea que luego se ponen en pr\u00e1ctica.<\/p>\n<p>La situaci\u00f3n es insostenible desde el punto de vista de la burgues\u00eda y el imperialismo. Su poder pende de un hilo. De ah\u00ed el empe\u00f1o en impedir la entrada de los manifestantes a la Asamblea Nacional. No es simplemente un edificio vac\u00edo (ya se barrunta trasladar su sede a Guayaquil), sino un s\u00edmbolo del poder.<\/p>\n<p>El levantamiento tiene en su favor el coraje, la decisi\u00f3n y el arrojo de miles, decenas de miles de j\u00f3venes, obreros, campesinos, mujeres que se han batido en las calles contra Moreno y el FMI. Le falta todav\u00eda una comprensi\u00f3n clara de las tareas a las que se enfrenta y c\u00f3mo llevarlas a cabo.<\/p>\n<p>Es urgente proclamar la Asamblea del Pueblo como poder leg\u00edtimo y extenderla por todo el pa\u00eds. Hay que desarrollarla como un aut\u00e9ntico organismo democr\u00e1tico de direcci\u00f3n del movimiento, con delegados elegidos en las barricadas, en los barrios populares, en las f\u00e1bricas y universidades, en las comunidades ind\u00edgenas. Los elementos de auto-defensa que ya existen hay que coordinarlos y desarrollarlos. La Guardia Ind\u00edgena deben extenderse y organizar en sus files a miles. Ante la brutal represi\u00f3n de la polic\u00eda y el ej\u00e9rcito hay que organizar la defensa. Esto debe combinarse con la profundizaci\u00f3n del trabajo de confraternizaci\u00f3n con los soldados que ya empieza a dar resultados.<\/p>\n<p>El momento es decisivo. La batalla por el poder est\u00e1 planteada, pero no se ha resuelto todav\u00eda. Si el movimiento no avanza con pasos decisivos, existe el riesgo de que el cansancio y la falta de perspectivas empiecen a hacer mella. En esas condiciones el gobierno puede usar la represi\u00f3n selectiva con concesiones cosm\u00e9ticas para debilitarlo todav\u00eda m\u00e1s.<\/p>\n<p>Si se avanza con decisi\u00f3n y con objetivos claros, el derrocamiento del gobierno es totalmente posible. Se puede tomar el cielo por asalto. Ahora es el momento.<\/p>\n<div class=\"wp-block-image\"><\/div>\n","protected":false},"excerpt":{"rendered":"<p>Lo que empez\u00f3 como una protesta contra el paquetazo del FMI impuesto por el presidente Lenin Moreno se ha convertido en una insurrecci\u00f3n nacional que plantea la cuesti\u00f3n de qui\u00e9n gobierna el pa\u00eds. La enorme movilizaci\u00f3n de masas ha obligado al gobierno a huir de la capital Quito, a cerrar la asamblea nacional y ha&#8230;<\/p>\n","protected":false},"author":36,"featured_media":6796,"comment_status":"open","ping_status":"open","sticky":false,"template":"","format":"standard","meta":{"_monsterinsights_skip_tracking":false,"_monsterinsights_sitenote_active":false,"_monsterinsights_sitenote_note":"","_monsterinsights_sitenote_category":0,"_uf_show_specific_survey":0,"_uf_disable_surveys":false,"_jetpack_memberships_contains_paid_content":false,"footnotes":""},"categories":[19,537],"tags":[898,910,908],"class_list":["post-6800","post","type-post","status-publish","format-standard","has-post-thumbnail","hentry","category-ecuador","category-principales","tag-ecuador","tag-insurreccion","tag-lenin-moreno"],"aioseo_notices":[],"yoast_head":"<!-- This site is optimized with the Yoast SEO plugin v25.6 - https:\/\/yoast.com\/wordpress\/plugins\/seo\/ -->\n<title>Ecuador: \u00a1abajo Moreno y el FMI \u2013 todo el poder a la Asamblea del Pueblo!<\/title>\n<meta name=\"robots\" content=\"index, follow, max-snippet:-1, max-image-preview:large, max-video-preview:-1\" \/>\n<link rel=\"canonical\" href=\"https:\/\/elcomunista.org\/?p=6800\" \/>\n<meta property=\"og:locale\" content=\"es_ES\" \/>\n<meta property=\"og:type\" content=\"article\" \/>\n<meta property=\"og:title\" content=\"Ecuador: \u00a1abajo Moreno y el FMI \u2013 todo el poder a la Asamblea del Pueblo!\" \/>\n<meta property=\"og:description\" content=\"Lo que empez\u00f3 como una protesta contra el paquetazo del FMI impuesto por el presidente Lenin Moreno se ha convertido en una insurrecci\u00f3n nacional que plantea la cuesti\u00f3n de qui\u00e9n gobierna el pa\u00eds. La enorme movilizaci\u00f3n de masas ha obligado al gobierno a huir de la capital Quito, a cerrar la asamblea nacional y ha...\" \/>\n<meta property=\"og:url\" content=\"https:\/\/elcomunista.org\/?p=6800\" \/>\n<meta property=\"og:site_name\" content=\"Revoluci\u00f3n Comunista\" \/>\n<meta property=\"article:publisher\" content=\"https:\/\/www.facebook.com\/Bloquepopularjuvenil\" \/>\n<meta property=\"article:published_time\" content=\"2019-10-12T19:24:09+00:00\" \/>\n<meta property=\"og:image\" content=\"https:\/\/elcomunista.org\/wp-content\/uploads\/2019\/10\/ecuador3.jpg\" \/>\n\t<meta property=\"og:image:width\" content=\"660\" \/>\n\t<meta property=\"og:image:height\" content=\"378\" \/>\n\t<meta property=\"og:image:type\" content=\"image\/jpeg\" \/>\n<meta name=\"author\" content=\"Jorge Martin\" \/>\n<meta name=\"twitter:card\" content=\"summary_large_image\" \/>\n<meta name=\"twitter:creator\" content=\"@ElBPJ\" \/>\n<meta name=\"twitter:site\" content=\"@ElBPJ\" \/>\n<meta name=\"twitter:label1\" content=\"Escrito por\" \/>\n\t<meta name=\"twitter:data1\" content=\"Jorge Martin\" \/>\n\t<meta name=\"twitter:label2\" content=\"Tiempo de lectura\" \/>\n\t<meta name=\"twitter:data2\" content=\"10 minutos\" \/>\n<script type=\"application\/ld+json\" class=\"yoast-schema-graph\">{\"@context\":\"https:\/\/schema.org\",\"@graph\":[{\"@type\":\"Article\",\"@id\":\"https:\/\/elcomunista.org\/?p=6800#article\",\"isPartOf\":{\"@id\":\"https:\/\/elcomunista.org\/?p=6800\"},\"author\":{\"name\":\"Jorge Martin\",\"@id\":\"https:\/\/elcomunista.org\/#\/schema\/person\/4cc74db2ec789a45c134e77808ba2c32\"},\"headline\":\"Ecuador: \u00a1abajo Moreno y el FMI \u2013 todo el poder a la Asamblea del Pueblo!\",\"datePublished\":\"2019-10-12T19:24:09+00:00\",\"mainEntityOfPage\":{\"@id\":\"https:\/\/elcomunista.org\/?p=6800\"},\"wordCount\":2032,\"commentCount\":0,\"publisher\":{\"@id\":\"https:\/\/elcomunista.org\/#organization\"},\"image\":{\"@id\":\"https:\/\/elcomunista.org\/?p=6800#primaryimage\"},\"thumbnailUrl\":\"https:\/\/elcomunista.org\/wp-content\/uploads\/2019\/10\/ecuador3.jpg\",\"keywords\":[\"Ecuador\",\"Insurrecci\u00f3n\",\"Lenin Moreno\"],\"articleSection\":[\"Ecuador\",\"Principales\"],\"inLanguage\":\"es\",\"potentialAction\":[{\"@type\":\"CommentAction\",\"name\":\"Comment\",\"target\":[\"https:\/\/elcomunista.org\/?p=6800#respond\"]}]},{\"@type\":\"WebPage\",\"@id\":\"https:\/\/elcomunista.org\/?p=6800\",\"url\":\"https:\/\/elcomunista.org\/?p=6800\",\"name\":\"Ecuador: \u00a1abajo Moreno y el FMI \u2013 todo el poder a la Asamblea del Pueblo!\",\"isPartOf\":{\"@id\":\"https:\/\/elcomunista.org\/#website\"},\"primaryImageOfPage\":{\"@id\":\"https:\/\/elcomunista.org\/?p=6800#primaryimage\"},\"image\":{\"@id\":\"https:\/\/elcomunista.org\/?p=6800#primaryimage\"},\"thumbnailUrl\":\"https:\/\/elcomunista.org\/wp-content\/uploads\/2019\/10\/ecuador3.jpg\",\"datePublished\":\"2019-10-12T19:24:09+00:00\",\"breadcrumb\":{\"@id\":\"https:\/\/elcomunista.org\/?p=6800#breadcrumb\"},\"inLanguage\":\"es\",\"potentialAction\":[{\"@type\":\"ReadAction\",\"target\":[\"https:\/\/elcomunista.org\/?p=6800\"]}]},{\"@type\":\"ImageObject\",\"inLanguage\":\"es\",\"@id\":\"https:\/\/elcomunista.org\/?p=6800#primaryimage\",\"url\":\"https:\/\/elcomunista.org\/wp-content\/uploads\/2019\/10\/ecuador3.jpg\",\"contentUrl\":\"https:\/\/elcomunista.org\/wp-content\/uploads\/2019\/10\/ecuador3.jpg\",\"width\":660,\"height\":378},{\"@type\":\"BreadcrumbList\",\"@id\":\"https:\/\/elcomunista.org\/?p=6800#breadcrumb\",\"itemListElement\":[{\"@type\":\"ListItem\",\"position\":1,\"name\":\"Portada\",\"item\":\"https:\/\/elcomunista.org\/\"},{\"@type\":\"ListItem\",\"position\":2,\"name\":\"Ecuador: \u00a1abajo Moreno y el FMI \u2013 todo el poder a la Asamblea del Pueblo!\"}]},{\"@type\":\"WebSite\",\"@id\":\"https:\/\/elcomunista.org\/#website\",\"url\":\"https:\/\/elcomunista.org\/\",\"name\":\"Revoluci\u00f3n Comunista\",\"description\":\"Internacional Comunista Revolucionaria\",\"publisher\":{\"@id\":\"https:\/\/elcomunista.org\/#organization\"},\"potentialAction\":[{\"@type\":\"SearchAction\",\"target\":{\"@type\":\"EntryPoint\",\"urlTemplate\":\"https:\/\/elcomunista.org\/?s={search_term_string}\"},\"query-input\":{\"@type\":\"PropertyValueSpecification\",\"valueRequired\":true,\"valueName\":\"search_term_string\"}}],\"inLanguage\":\"es\"},{\"@type\":\"Organization\",\"@id\":\"https:\/\/elcomunista.org\/#organization\",\"name\":\"Bloque Popular Juvenil\",\"url\":\"https:\/\/elcomunista.org\/\",\"logo\":{\"@type\":\"ImageObject\",\"inLanguage\":\"es\",\"@id\":\"https:\/\/elcomunista.org\/#\/schema\/logo\/image\/\",\"url\":\"https:\/\/bloquepopularjuvenil.org\/wp-content\/uploads\/2018\/11\/bpj-militante.jpg\",\"contentUrl\":\"https:\/\/bloquepopularjuvenil.org\/wp-content\/uploads\/2018\/11\/bpj-militante.jpg\",\"width\":4000,\"height\":1390,\"caption\":\"Bloque Popular Juvenil\"},\"image\":{\"@id\":\"https:\/\/elcomunista.org\/#\/schema\/logo\/image\/\"},\"sameAs\":[\"https:\/\/www.facebook.com\/Bloquepopularjuvenil\",\"https:\/\/x.com\/ElBPJ\",\"https:\/\/www.instagram.com\/elbloque_bpj\/?hl=es-la\"]},{\"@type\":\"Person\",\"@id\":\"https:\/\/elcomunista.org\/#\/schema\/person\/4cc74db2ec789a45c134e77808ba2c32\",\"name\":\"Jorge Martin\",\"image\":{\"@type\":\"ImageObject\",\"inLanguage\":\"es\",\"@id\":\"https:\/\/elcomunista.org\/#\/schema\/person\/image\/\",\"url\":\"https:\/\/secure.gravatar.com\/avatar\/19f21407383a9ad29194a5cadd7eac42?s=96&d=mm&r=g\",\"contentUrl\":\"https:\/\/secure.gravatar.com\/avatar\/19f21407383a9ad29194a5cadd7eac42?s=96&d=mm&r=g\",\"caption\":\"Jorge Martin\"},\"url\":\"https:\/\/elcomunista.org\/?author=36\"}]}<\/script>\n<!-- \/ Yoast SEO plugin. -->","yoast_head_json":{"title":"Ecuador: \u00a1abajo Moreno y el FMI \u2013 todo el poder a la Asamblea del Pueblo!","robots":{"index":"index","follow":"follow","max-snippet":"max-snippet:-1","max-image-preview":"max-image-preview:large","max-video-preview":"max-video-preview:-1"},"canonical":"https:\/\/elcomunista.org\/?p=6800","og_locale":"es_ES","og_type":"article","og_title":"Ecuador: \u00a1abajo Moreno y el FMI \u2013 todo el poder a la Asamblea del Pueblo!","og_description":"Lo que empez\u00f3 como una protesta contra el paquetazo del FMI impuesto por el presidente Lenin Moreno se ha convertido en una insurrecci\u00f3n nacional que plantea la cuesti\u00f3n de qui\u00e9n gobierna el pa\u00eds. La enorme movilizaci\u00f3n de masas ha obligado al gobierno a huir de la capital Quito, a cerrar la asamblea nacional y ha...","og_url":"https:\/\/elcomunista.org\/?p=6800","og_site_name":"Revoluci\u00f3n Comunista","article_publisher":"https:\/\/www.facebook.com\/Bloquepopularjuvenil","article_published_time":"2019-10-12T19:24:09+00:00","og_image":[{"width":660,"height":378,"url":"https:\/\/elcomunista.org\/wp-content\/uploads\/2019\/10\/ecuador3.jpg","type":"image\/jpeg"}],"author":"Jorge Martin","twitter_card":"summary_large_image","twitter_creator":"@ElBPJ","twitter_site":"@ElBPJ","twitter_misc":{"Escrito por":"Jorge Martin","Tiempo de lectura":"10 minutos"},"schema":{"@context":"https:\/\/schema.org","@graph":[{"@type":"Article","@id":"https:\/\/elcomunista.org\/?p=6800#article","isPartOf":{"@id":"https:\/\/elcomunista.org\/?p=6800"},"author":{"name":"Jorge Martin","@id":"https:\/\/elcomunista.org\/#\/schema\/person\/4cc74db2ec789a45c134e77808ba2c32"},"headline":"Ecuador: \u00a1abajo Moreno y el FMI \u2013 todo el poder a la Asamblea del Pueblo!","datePublished":"2019-10-12T19:24:09+00:00","mainEntityOfPage":{"@id":"https:\/\/elcomunista.org\/?p=6800"},"wordCount":2032,"commentCount":0,"publisher":{"@id":"https:\/\/elcomunista.org\/#organization"},"image":{"@id":"https:\/\/elcomunista.org\/?p=6800#primaryimage"},"thumbnailUrl":"https:\/\/elcomunista.org\/wp-content\/uploads\/2019\/10\/ecuador3.jpg","keywords":["Ecuador","Insurrecci\u00f3n","Lenin Moreno"],"articleSection":["Ecuador","Principales"],"inLanguage":"es","potentialAction":[{"@type":"CommentAction","name":"Comment","target":["https:\/\/elcomunista.org\/?p=6800#respond"]}]},{"@type":"WebPage","@id":"https:\/\/elcomunista.org\/?p=6800","url":"https:\/\/elcomunista.org\/?p=6800","name":"Ecuador: \u00a1abajo Moreno y el FMI \u2013 todo el poder a la Asamblea del Pueblo!","isPartOf":{"@id":"https:\/\/elcomunista.org\/#website"},"primaryImageOfPage":{"@id":"https:\/\/elcomunista.org\/?p=6800#primaryimage"},"image":{"@id":"https:\/\/elcomunista.org\/?p=6800#primaryimage"},"thumbnailUrl":"https:\/\/elcomunista.org\/wp-content\/uploads\/2019\/10\/ecuador3.jpg","datePublished":"2019-10-12T19:24:09+00:00","breadcrumb":{"@id":"https:\/\/elcomunista.org\/?p=6800#breadcrumb"},"inLanguage":"es","potentialAction":[{"@type":"ReadAction","target":["https:\/\/elcomunista.org\/?p=6800"]}]},{"@type":"ImageObject","inLanguage":"es","@id":"https:\/\/elcomunista.org\/?p=6800#primaryimage","url":"https:\/\/elcomunista.org\/wp-content\/uploads\/2019\/10\/ecuador3.jpg","contentUrl":"https:\/\/elcomunista.org\/wp-content\/uploads\/2019\/10\/ecuador3.jpg","width":660,"height":378},{"@type":"BreadcrumbList","@id":"https:\/\/elcomunista.org\/?p=6800#breadcrumb","itemListElement":[{"@type":"ListItem","position":1,"name":"Portada","item":"https:\/\/elcomunista.org\/"},{"@type":"ListItem","position":2,"name":"Ecuador: \u00a1abajo Moreno y el FMI \u2013 todo el poder a la Asamblea del Pueblo!"}]},{"@type":"WebSite","@id":"https:\/\/elcomunista.org\/#website","url":"https:\/\/elcomunista.org\/","name":"Revoluci\u00f3n Comunista","description":"Internacional Comunista Revolucionaria","publisher":{"@id":"https:\/\/elcomunista.org\/#organization"},"potentialAction":[{"@type":"SearchAction","target":{"@type":"EntryPoint","urlTemplate":"https:\/\/elcomunista.org\/?s={search_term_string}"},"query-input":{"@type":"PropertyValueSpecification","valueRequired":true,"valueName":"search_term_string"}}],"inLanguage":"es"},{"@type":"Organization","@id":"https:\/\/elcomunista.org\/#organization","name":"Bloque Popular Juvenil","url":"https:\/\/elcomunista.org\/","logo":{"@type":"ImageObject","inLanguage":"es","@id":"https:\/\/elcomunista.org\/#\/schema\/logo\/image\/","url":"https:\/\/bloquepopularjuvenil.org\/wp-content\/uploads\/2018\/11\/bpj-militante.jpg","contentUrl":"https:\/\/bloquepopularjuvenil.org\/wp-content\/uploads\/2018\/11\/bpj-militante.jpg","width":4000,"height":1390,"caption":"Bloque Popular Juvenil"},"image":{"@id":"https:\/\/elcomunista.org\/#\/schema\/logo\/image\/"},"sameAs":["https:\/\/www.facebook.com\/Bloquepopularjuvenil","https:\/\/x.com\/ElBPJ","https:\/\/www.instagram.com\/elbloque_bpj\/?hl=es-la"]},{"@type":"Person","@id":"https:\/\/elcomunista.org\/#\/schema\/person\/4cc74db2ec789a45c134e77808ba2c32","name":"Jorge Martin","image":{"@type":"ImageObject","inLanguage":"es","@id":"https:\/\/elcomunista.org\/#\/schema\/person\/image\/","url":"https:\/\/secure.gravatar.com\/avatar\/19f21407383a9ad29194a5cadd7eac42?s=96&d=mm&r=g","contentUrl":"https:\/\/secure.gravatar.com\/avatar\/19f21407383a9ad29194a5cadd7eac42?s=96&d=mm&r=g","caption":"Jorge Martin"},"url":"https:\/\/elcomunista.org\/?author=36"}]}},"jetpack_featured_media_url":"https:\/\/elcomunista.org\/wp-content\/uploads\/2019\/10\/ecuador3.jpg","jetpack_likes_enabled":true,"jetpack_sharing_enabled":true,"_links":{"self":[{"href":"https:\/\/elcomunista.org\/index.php?rest_route=\/wp\/v2\/posts\/6800"}],"collection":[{"href":"https:\/\/elcomunista.org\/index.php?rest_route=\/wp\/v2\/posts"}],"about":[{"href":"https:\/\/elcomunista.org\/index.php?rest_route=\/wp\/v2\/types\/post"}],"author":[{"embeddable":true,"href":"https:\/\/elcomunista.org\/index.php?rest_route=\/wp\/v2\/users\/36"}],"replies":[{"embeddable":true,"href":"https:\/\/elcomunista.org\/index.php?rest_route=%2Fwp%2Fv2%2Fcomments&post=6800"}],"version-history":[{"count":0,"href":"https:\/\/elcomunista.org\/index.php?rest_route=\/wp\/v2\/posts\/6800\/revisions"}],"wp:featuredmedia":[{"embeddable":true,"href":"https:\/\/elcomunista.org\/index.php?rest_route=\/wp\/v2\/media\/6796"}],"wp:attachment":[{"href":"https:\/\/elcomunista.org\/index.php?rest_route=%2Fwp%2Fv2%2Fmedia&parent=6800"}],"wp:term":[{"taxonomy":"category","embeddable":true,"href":"https:\/\/elcomunista.org\/index.php?rest_route=%2Fwp%2Fv2%2Fcategories&post=6800"},{"taxonomy":"post_tag","embeddable":true,"href":"https:\/\/elcomunista.org\/index.php?rest_route=%2Fwp%2Fv2%2Ftags&post=6800"}],"curies":[{"name":"wp","href":"https:\/\/api.w.org\/{rel}","templated":true}]}}