{"id":6842,"date":"2019-10-18T18:56:49","date_gmt":"2019-10-19T00:56:49","guid":{"rendered":"http:\/\/bloquepopularjuvenil.org\/?p=6842"},"modified":"2019-10-18T18:56:49","modified_gmt":"2019-10-19T00:56:49","slug":"viva-la-huelga-general-en-catalunya-presos-politicos-libertad","status":"publish","type":"post","link":"https:\/\/elcomunista.org\/?p=6842","title":{"rendered":"\u00a1Viva la Huelga General en Catalunya! \u00a1Presos pol\u00edticos, libertad!"},"content":{"rendered":"<p>Este viernes 18 de octubre hay convocada una huelga general en Catalunya y una movilizaci\u00f3n masiva que ser\u00e1 hist\u00f3rica, con cinco columnas marchando por toda Catalunya para confluir en Barcelona. Este d\u00eda de acci\u00f3n se organiza bajo las consignas de rechazar la sentencia del \u201cProc\u00e9s\u201d, por la libertad de los presos pol\u00edticos catalanes y por el derecho a la autodeterminaci\u00f3n. La Corriente Marxista Internacional en el Estado espa\u00f1ol, Lucha de Clases, apoya incondicionalmente esta jornada de lucha.<\/p>\n<section class=\"article-content\">Esto viene despu\u00e9s de cuatro d\u00edas intens\u00edsimos de lucha donde cientos de miles de personas, particularmente la juventud, han demostrado un enorme coraje y determinaci\u00f3n pese a la brutal represi\u00f3n a que han sido sometidos por las fuerzas policiales, Mossos d\u2019Esquadra y Polic\u00eda Nacional.<\/p>\n<p><strong>\u00bfQui\u00e9n genera violencia?<\/strong><\/p>\n<p>Los medios de comunicaci\u00f3n han hecho mucho esc\u00e1ndalo con la \u201cviolencia\u201d, pero al margen o no de la existencia de infiltrados policiales dentro de los manifestantes, ha sido la represi\u00f3n brutal y violenta de manifestaciones inicialmente pac\u00edficas, a iniciativa de las fuerzas policiales, la que ha desatado la indignaci\u00f3n de miles de j\u00f3venes que han respondido con todo lo que ten\u00edan a su alrededor para defenderse. Incontables personas han sido apaleadas, varias fueron atropelladas por veh\u00edculos policiales, 2 manifestantes han perdido un ojo, uno ha perdido un test\u00edculo, otro permanece en la UVI con traumatismo craneoencef\u00e1lico, entre otros heridos graves. El aparato del Estado espa\u00f1ol necesitaba de esta \u201cviolencia\u201d para, con ayuda de los medios de comunicaci\u00f3n del r\u00e9gimen, tratar de desacreditar el movimiento y escindir las simpat\u00edas despertadas en el resto del Estado de la lucha desatada en Catalunya, y para introducir la divisi\u00f3n en la propia clase obrera catalana a fin de impedir que diera una respuesta poderosa este 18 de octubre.<\/p>\n<p><strong>Una lucha democr\u00e1tica que implica a todo el Estado<\/strong><\/p>\n<p>Pese a todo, las muestras de solidaridad se han desarrollado a lo largo y ancho del Estado, con concentraciones y manifestaciones en Madrid, Bilbao, Vitoria, Valencia, Mallorca, Alicante, Sevilla, Granada, Galicia, C\u00e1ceres, entre otras ciudades. Otras m\u00e1s hay proyectadas este fin de semana: M\u00e1laga, C\u00e1diz, Donostia, Zaragoza, Segovia, etc.<\/p>\n<p>La lucha de Catalunya no es una lucha sobre la independencia, es una lucha sobre el avasallamiento de los derechos democr\u00e1ticos, pol\u00edticos y sociales de la poblaci\u00f3n por una minor\u00eda no elegida \u00bfQui\u00e9n compone esta minor\u00eda no elegida por nadie? Los grandes empresarios y banqueros, jueces, altos funcionarios del Estado, mandos policiales y militares, y una monarqu\u00eda legada por Franco, que deciden qu\u00e9 podemos votar, opinar y decidir, para que sus intereses y privilegios no se vean amenazados. Sus palafreneros pol\u00edticos en la derecha y en la direcci\u00f3n del PSOE, simplemente cuidan las cuadras de sus amos.<\/p>\n<p>Se proh\u00edbe el derecho de autodeterminaci\u00f3n para Catalunya, como se proh\u00edbe un refer\u00e9ndum sobre la monarqu\u00eda, como se declaran intocables la reforma laboral del PP y su ley mordaza, o se impide investigar y procesar al Rey em\u00e9rito pese a los suficientes indicios existentes sobre su implicaci\u00f3n en cobro de comisiones ilegales y evasi\u00f3n de dinero al extranjero. Y todo eso ocurre, no importa si est\u00e1n en el gobierno S\u00e1nchez o Rajoy.<\/p>\n<p>Hasta tal punto nos afecta lo que sucede en Catalunya que, con la sentencia del Proc\u00e9s en la mano, cualquier manifestaci\u00f3n de masas por nuestros derechos que obstaculice la labor represiva de jueces y polic\u00edas puede ser penada como \u201csedici\u00f3n\u201d y sus promotores condenados hasta a 12 a\u00f1os de prisi\u00f3n, como parar un desahucio, impedir el apaleamiento de manifestantes por la polic\u00eda, deso\u00edr un requerimiento judicial o policial de desalojo de una empresa amenazada de cierre que est\u00e9 ocupada por sus trabajadores, o cualquier otra acci\u00f3n de masas que la polic\u00eda considere que obstaculiza su labor.<\/p>\n<p><strong>Juicio del Proc\u00e9s: farsa e infamia<\/strong><\/p>\n<p>El proceso judicial mismo del Proc\u00e9s muestra claramente este car\u00e1cter autoritario del r\u00e9gimen del 78. La acusaci\u00f3n de \u201crebeli\u00f3n\u201d, en la que ni los propios acusadores cre\u00edan y que al final cay\u00f3, sirvi\u00f3 para despojar \u00ablegalmente\u00bb a los acusados de sus derechos democr\u00e1ticos y \u00abconstitucionales\u00bb (no poder ejercer cargos p\u00fablicos, prisi\u00f3n provisional de 2 a\u00f1os, etc.) y as\u00ed quitarlos pol\u00edticamente de en medio como referentes activos de la causa independentista. Con el cargo de \u201csedici\u00f3n\u201d no hubieran podido hacer esto.<br \/>\nAhora, que se descart\u00f3 la rebeli\u00f3n \u00bfqui\u00e9n les devuelve sus derechos \u00abconstitucionales\u00bb despojados, qui\u00e9n les devuelve 2 a\u00f1os de vida en libertad?<br \/>\nPor supuesto, el cargo de sedici\u00f3n tampoco se lo cree el tribunal, que declara en su sentencia que nunca hubo intento por parte de la Generalitat de romper institucionalmente con el Estado espa\u00f1ol sino s\u00f3lo de forzar una negociaci\u00f3n.<br \/>\nLos \u00fanicos hechos con que se justifica el delito de \u00absedici\u00f3n\u00bb en la sentencia son, escandalosamente, las protestas y movilizaciones populares del 20 de septiembre y 1 de octubre de 2017 en Barcelona.<br \/>\nPor tanto, todo el juicio del proc\u00e9s, su instrucci\u00f3n previa, as\u00ed como las sentencias, est\u00e1n viciados desde el inicio; son una impostura y una farsa, y por lo tanto son, moral y pol\u00edticamente, una manipulaci\u00f3n. Por no hablar de sus consecuencias en nuestros derechos democr\u00e1ticos.<br \/>\nNo reconocer y desobedecer tal infamia, la sentencia del Proc\u00e9s, es por tanto un principio democr\u00e1tico elemental que va m\u00e1s all\u00e1 de la cuesti\u00f3n independentista y del conflicto en Catalunya, como expusimos al inicio de esta declaraci\u00f3n.<\/p>\n<p><strong>Por el derecho de autodeterminaci\u00f3n<\/strong><\/p>\n<p>Como hemos reclamado innumerables veces, la unidad de los pueblos no pude imponerse, debe ser establecida sobre bases voluntarias y en pie de igualdad, sin prebendas de unos sobre otros, y decidida en un refer\u00e9ndum democr\u00e1tico. Pero el Estado espa\u00f1ol nunca aceptar\u00e1 que el pueblo catal\u00e1n pueda decidir libremente su destino. En Espa\u00f1a, el derecho a la autodeterminaci\u00f3n \u2013como la lucha por una rep\u00fablica democr\u00e1tica\u2013 es una tarea revolucionaria, que implica desafiar a un aparato de Estado y al sistema capitalista sobre el que se sostiene.<\/p>\n<p>Ahora bien, si la lucha de Catalunya debe ganar tiene que hacerlo conquistando el apoyo mayoritario de la clase obrera catalana, con m\u00e9todos de lucha de masas y combinando la demanda del derecho de autodeterminaci\u00f3n con un discurso de clase socialista e internacionalista, que apele a la solidaridad de la clase trabajadora de fuera de Catalunya.<\/p>\n<p>Por nuestra parte, en el resto del Estado, debemos sostener con todas nuestras fuerzas la lucha en Catalunya, porque su derrota ser\u00e1 nuestra derrota. No es casualidad que los colmillos de la reacci\u00f3n parecieron brillar m\u00e1s intensamente tras la derrota del Octubre catal\u00e1n de 2017. El desarrollo de Vox es la criatura fea de ese per\u00edodo temporal de semirreacci\u00f3n.<\/p>\n<p><strong>Papel lamentable de los dirigentes de Unidos Podemos<\/strong><\/p>\n<p>En este sentido, nos parece lamentable la postura adoptada por los dirigentes de Unidos Podemos. Han mostrado su desacuerdo con la sentencia del Proc\u00e9s, pero han llamado a acatarla. En lugar de utilizar esta sentencia para desacreditar al aparato del Estado y al sistema judicial, agachan la cabeza impotentemente implorando un \u201cdi\u00e1logo\u201d imposible. Su postura, lejos de arrojar luz y claridad sobre lo que est\u00e1 pasando, reduce el nivel de conciencia de las masas sobre las que tienen autoridad, y permite que ideas reaccionarias anticatalanas y antidemocr\u00e1ticas se extiendan entre el resto de la poblaci\u00f3n.<\/p>\n<p>Ausentes de las movilizaciones que comienzan a darse por todas partes, cuando deber\u00edan estar a la cabeza de las mismas para potenciar su masividad, s\u00f3lo les inquieta perder votos en las elecciones del 10N si muestran una postura clara y valiente de rechazo a la sentencia del Tribunal Supremo. Pero es la cobard\u00eda y la confusi\u00f3n lo que genera desconfianza. La claridad y la firmeza de las convicciones es lo que permite ganar el o\u00eddo y el apoyo popular.<\/p>\n<p>Alberto Garz\u00f3n, en particular, ha tenido una postura escandalosa, poniendo en la misma balanza a los \u201cindependentistas violentos\u201d que a la derecha: \u201cLos mejores aliados de los independentistas violentos de estos d\u00edas son Pablo Casado, Albert Rivera y Santiago Abascal. Se necesitan mutuamente para justificar sus disparatados discursos, sus verborreas belicistas, sus relatos ultranacionalistas y sus pr\u00e1cticas inertes\u201d.\u00a0 Garz\u00f3n nunca ha entendido la cuesti\u00f3n nacional catalana, ni el derecho democr\u00e1tico de autodeterminaci\u00f3n. Su \u201cequidistancia\u201d, en la medida que existe un agredido y un agresor, le coloca realmente al lado de este \u00faltimo. Sus aliados en Catalunya, Ada Colau y Jessica Albiach, no lo est\u00e1n haciendo mejor. Con un cretinismo digno de un converso furioso, estas \u201cexactivistas\u201d le reprochan vergonzosamente a Quim Torra actuar como un \u201cactivista\u201d por alentar la movilizaci\u00f3n popular (aunque \u00e9ste \u00a0consiente y justifica por detr\u00e1s la represi\u00f3n de los Mossos), cuando son ellas quienes deber\u00edan estar al frente de la lucha.<\/p>\n<p><strong>La rep\u00fablica catalana, chispa de la revoluci\u00f3n ib\u00e9rica<\/strong><\/p>\n<p>La lucha por la rep\u00fablica catalana tiene todo nuestro apoyo. Una lucha exitosa de este objetivo ser\u00eda la chispa que iniciar\u00eda una lucha de conjunto en todo el Estado por la rep\u00fablica y el derrumbe del R\u00e9gimen del 78. Si la clase obrera, tanto en Catalunya como en el resto del Estado, se pusiera al frente de la lucha, la lucha por las rep\u00fablicas podr\u00eda r\u00e1pidamente ampliar sus objetivos hacia el socialismo. Una federaci\u00f3n voluntaria de rep\u00fablicas socialistas ib\u00e9ricas podr\u00eda establecerse en esas condiciones, s\u00f3lo para extender la lucha por el socialismo al otro lado los Pirineos y m\u00e1s all\u00e1<\/p>\n<p>Es por ello, que en esta jornada hist\u00f3rica, proclamamos:<\/p>\n<ul>\n<li><strong>\u00a1Libertad presos pol\u00edticos! Movilizaci\u00f3n sostenida y masiva contra las sentencias!<\/strong><\/li>\n<li><strong>\u00a1Por la Huelga General en Catalunya!<\/strong><\/li>\n<li><strong>\u00a1Solidaridad con el pueblo catal\u00e1n!<\/strong><\/li>\n<li><strong>\u00a1Para conseguir la rep\u00fablica hay que hacer una revoluci\u00f3n!<\/strong><\/li>\n<li><strong>\u00a1Por la rep\u00fablica socialista catalana, chispa de la revoluci\u00f3n ib\u00e9rica!<\/strong><\/li>\n<\/ul>\n<\/section>\n","protected":false},"excerpt":{"rendered":"<p>Este viernes 18 de octubre hay convocada una huelga general en Catalunya y una movilizaci\u00f3n masiva que ser\u00e1 hist\u00f3rica, con cinco columnas marchando por toda Catalunya para confluir en Barcelona. Este d\u00eda de acci\u00f3n se organiza bajo las consignas de rechazar la sentencia del \u201cProc\u00e9s\u201d, por la libertad de los presos pol\u00edticos catalanes y por&#8230;<\/p>\n","protected":false},"author":48,"featured_media":6843,"comment_status":"open","ping_status":"open","sticky":false,"template":"","format":"standard","meta":{"_monsterinsights_skip_tracking":false,"_monsterinsights_sitenote_active":false,"_monsterinsights_sitenote_note":"","_monsterinsights_sitenote_category":0,"_uf_show_specific_survey":0,"_uf_disable_surveys":false,"_jetpack_memberships_contains_paid_content":false,"footnotes":""},"categories":[13],"tags":[207,919,206,205],"class_list":["post-6842","post","type-post","status-publish","format-standard","has-post-thumbnail","hentry","category-internacional","tag-catalunya","tag-huelga-catalana","tag-libertad","tag-presos-politicos"],"aioseo_notices":[],"yoast_head":"<!-- This site is optimized with the Yoast SEO plugin v25.6 - https:\/\/yoast.com\/wordpress\/plugins\/seo\/ -->\n<title>\u00a1Viva la Huelga General en Catalunya! \u00a1Presos pol\u00edticos, libertad!<\/title>\n<meta name=\"robots\" content=\"index, follow, max-snippet:-1, max-image-preview:large, max-video-preview:-1\" \/>\n<link rel=\"canonical\" href=\"https:\/\/elcomunista.org\/?p=6842\" \/>\n<meta property=\"og:locale\" content=\"es_ES\" \/>\n<meta property=\"og:type\" content=\"article\" \/>\n<meta property=\"og:title\" content=\"\u00a1Viva la Huelga General en Catalunya! \u00a1Presos pol\u00edticos, libertad!\" \/>\n<meta property=\"og:description\" content=\"Este viernes 18 de octubre hay convocada una huelga general en Catalunya y una movilizaci\u00f3n masiva que ser\u00e1 hist\u00f3rica, con cinco columnas marchando por toda Catalunya para confluir en Barcelona. Este d\u00eda de acci\u00f3n se organiza bajo las consignas de rechazar la sentencia del \u201cProc\u00e9s\u201d, por la libertad de los presos pol\u00edticos catalanes y por...\" \/>\n<meta property=\"og:url\" content=\"https:\/\/elcomunista.org\/?p=6842\" \/>\n<meta property=\"og:site_name\" content=\"Revoluci\u00f3n Comunista\" \/>\n<meta property=\"article:publisher\" content=\"https:\/\/www.facebook.com\/Bloquepopularjuvenil\" \/>\n<meta property=\"article:published_time\" content=\"2019-10-19T00:56:49+00:00\" \/>\n<meta property=\"og:image\" content=\"https:\/\/elcomunista.org\/wp-content\/uploads\/2019\/10\/72434771_790730648037435_1790959628234784768_n.jpg\" \/>\n\t<meta property=\"og:image:width\" content=\"960\" \/>\n\t<meta property=\"og:image:height\" content=\"792\" \/>\n\t<meta property=\"og:image:type\" content=\"image\/jpeg\" \/>\n<meta name=\"author\" content=\"Lucha de Clases - Estado Espa\u00f1ol\" \/>\n<meta name=\"twitter:card\" content=\"summary_large_image\" \/>\n<meta name=\"twitter:creator\" content=\"@ElBPJ\" \/>\n<meta name=\"twitter:site\" content=\"@ElBPJ\" \/>\n<meta name=\"twitter:label1\" content=\"Escrito por\" \/>\n\t<meta name=\"twitter:data1\" content=\"Lucha de Clases - Estado Espa\u00f1ol\" \/>\n\t<meta name=\"twitter:label2\" content=\"Tiempo de lectura\" \/>\n\t<meta name=\"twitter:data2\" content=\"9 minutos\" \/>\n<script type=\"application\/ld+json\" class=\"yoast-schema-graph\">{\"@context\":\"https:\/\/schema.org\",\"@graph\":[{\"@type\":\"Article\",\"@id\":\"https:\/\/elcomunista.org\/?p=6842#article\",\"isPartOf\":{\"@id\":\"https:\/\/elcomunista.org\/?p=6842\"},\"author\":{\"name\":\"Lucha de Clases - Estado Espa\u00f1ol\",\"@id\":\"https:\/\/elcomunista.org\/#\/schema\/person\/d4ccce059b2bb47c44201716573d372e\"},\"headline\":\"\u00a1Viva la Huelga General en Catalunya! \u00a1Presos pol\u00edticos, libertad!\",\"datePublished\":\"2019-10-19T00:56:49+00:00\",\"mainEntityOfPage\":{\"@id\":\"https:\/\/elcomunista.org\/?p=6842\"},\"wordCount\":1731,\"commentCount\":0,\"publisher\":{\"@id\":\"https:\/\/elcomunista.org\/#organization\"},\"image\":{\"@id\":\"https:\/\/elcomunista.org\/?p=6842#primaryimage\"},\"thumbnailUrl\":\"https:\/\/elcomunista.org\/wp-content\/uploads\/2019\/10\/72434771_790730648037435_1790959628234784768_n.jpg\",\"keywords\":[\"Catalunya\",\"Huelga catalana\",\"Libertad\",\"Presos pol\u00edticos\"],\"articleSection\":[\"Internacional\"],\"inLanguage\":\"es\",\"potentialAction\":[{\"@type\":\"CommentAction\",\"name\":\"Comment\",\"target\":[\"https:\/\/elcomunista.org\/?p=6842#respond\"]}]},{\"@type\":\"WebPage\",\"@id\":\"https:\/\/elcomunista.org\/?p=6842\",\"url\":\"https:\/\/elcomunista.org\/?p=6842\",\"name\":\"\u00a1Viva la Huelga General en Catalunya! \u00a1Presos pol\u00edticos, libertad!\",\"isPartOf\":{\"@id\":\"https:\/\/elcomunista.org\/#website\"},\"primaryImageOfPage\":{\"@id\":\"https:\/\/elcomunista.org\/?p=6842#primaryimage\"},\"image\":{\"@id\":\"https:\/\/elcomunista.org\/?p=6842#primaryimage\"},\"thumbnailUrl\":\"https:\/\/elcomunista.org\/wp-content\/uploads\/2019\/10\/72434771_790730648037435_1790959628234784768_n.jpg\",\"datePublished\":\"2019-10-19T00:56:49+00:00\",\"breadcrumb\":{\"@id\":\"https:\/\/elcomunista.org\/?p=6842#breadcrumb\"},\"inLanguage\":\"es\",\"potentialAction\":[{\"@type\":\"ReadAction\",\"target\":[\"https:\/\/elcomunista.org\/?p=6842\"]}]},{\"@type\":\"ImageObject\",\"inLanguage\":\"es\",\"@id\":\"https:\/\/elcomunista.org\/?p=6842#primaryimage\",\"url\":\"https:\/\/elcomunista.org\/wp-content\/uploads\/2019\/10\/72434771_790730648037435_1790959628234784768_n.jpg\",\"contentUrl\":\"https:\/\/elcomunista.org\/wp-content\/uploads\/2019\/10\/72434771_790730648037435_1790959628234784768_n.jpg\",\"width\":960,\"height\":792},{\"@type\":\"BreadcrumbList\",\"@id\":\"https:\/\/elcomunista.org\/?p=6842#breadcrumb\",\"itemListElement\":[{\"@type\":\"ListItem\",\"position\":1,\"name\":\"Portada\",\"item\":\"https:\/\/elcomunista.org\/\"},{\"@type\":\"ListItem\",\"position\":2,\"name\":\"\u00a1Viva la Huelga General en Catalunya! \u00a1Presos pol\u00edticos, libertad!\"}]},{\"@type\":\"WebSite\",\"@id\":\"https:\/\/elcomunista.org\/#website\",\"url\":\"https:\/\/elcomunista.org\/\",\"name\":\"Revoluci\u00f3n Comunista\",\"description\":\"Internacional Comunista Revolucionaria\",\"publisher\":{\"@id\":\"https:\/\/elcomunista.org\/#organization\"},\"potentialAction\":[{\"@type\":\"SearchAction\",\"target\":{\"@type\":\"EntryPoint\",\"urlTemplate\":\"https:\/\/elcomunista.org\/?s={search_term_string}\"},\"query-input\":{\"@type\":\"PropertyValueSpecification\",\"valueRequired\":true,\"valueName\":\"search_term_string\"}}],\"inLanguage\":\"es\"},{\"@type\":\"Organization\",\"@id\":\"https:\/\/elcomunista.org\/#organization\",\"name\":\"Bloque Popular Juvenil\",\"url\":\"https:\/\/elcomunista.org\/\",\"logo\":{\"@type\":\"ImageObject\",\"inLanguage\":\"es\",\"@id\":\"https:\/\/elcomunista.org\/#\/schema\/logo\/image\/\",\"url\":\"https:\/\/bloquepopularjuvenil.org\/wp-content\/uploads\/2018\/11\/bpj-militante.jpg\",\"contentUrl\":\"https:\/\/bloquepopularjuvenil.org\/wp-content\/uploads\/2018\/11\/bpj-militante.jpg\",\"width\":4000,\"height\":1390,\"caption\":\"Bloque Popular Juvenil\"},\"image\":{\"@id\":\"https:\/\/elcomunista.org\/#\/schema\/logo\/image\/\"},\"sameAs\":[\"https:\/\/www.facebook.com\/Bloquepopularjuvenil\",\"https:\/\/x.com\/ElBPJ\",\"https:\/\/www.instagram.com\/elbloque_bpj\/?hl=es-la\"]},{\"@type\":\"Person\",\"@id\":\"https:\/\/elcomunista.org\/#\/schema\/person\/d4ccce059b2bb47c44201716573d372e\",\"name\":\"Lucha de Clases - Estado Espa\u00f1ol\",\"image\":{\"@type\":\"ImageObject\",\"inLanguage\":\"es\",\"@id\":\"https:\/\/elcomunista.org\/#\/schema\/person\/image\/\",\"url\":\"https:\/\/secure.gravatar.com\/avatar\/36c26ab3d3a5d56e2eb0888027f46f73?s=96&d=mm&r=g\",\"contentUrl\":\"https:\/\/secure.gravatar.com\/avatar\/36c26ab3d3a5d56e2eb0888027f46f73?s=96&d=mm&r=g\",\"caption\":\"Lucha de Clases - Estado Espa\u00f1ol\"},\"url\":\"https:\/\/elcomunista.org\/?author=48\"}]}<\/script>\n<!-- \/ Yoast SEO plugin. -->","yoast_head_json":{"title":"\u00a1Viva la Huelga General en Catalunya! \u00a1Presos pol\u00edticos, libertad!","robots":{"index":"index","follow":"follow","max-snippet":"max-snippet:-1","max-image-preview":"max-image-preview:large","max-video-preview":"max-video-preview:-1"},"canonical":"https:\/\/elcomunista.org\/?p=6842","og_locale":"es_ES","og_type":"article","og_title":"\u00a1Viva la Huelga General en Catalunya! \u00a1Presos pol\u00edticos, libertad!","og_description":"Este viernes 18 de octubre hay convocada una huelga general en Catalunya y una movilizaci\u00f3n masiva que ser\u00e1 hist\u00f3rica, con cinco columnas marchando por toda Catalunya para confluir en Barcelona. Este d\u00eda de acci\u00f3n se organiza bajo las consignas de rechazar la sentencia del \u201cProc\u00e9s\u201d, por la libertad de los presos pol\u00edticos catalanes y por...","og_url":"https:\/\/elcomunista.org\/?p=6842","og_site_name":"Revoluci\u00f3n Comunista","article_publisher":"https:\/\/www.facebook.com\/Bloquepopularjuvenil","article_published_time":"2019-10-19T00:56:49+00:00","og_image":[{"width":960,"height":792,"url":"https:\/\/elcomunista.org\/wp-content\/uploads\/2019\/10\/72434771_790730648037435_1790959628234784768_n.jpg","type":"image\/jpeg"}],"author":"Lucha de Clases - Estado Espa\u00f1ol","twitter_card":"summary_large_image","twitter_creator":"@ElBPJ","twitter_site":"@ElBPJ","twitter_misc":{"Escrito por":"Lucha de Clases - Estado Espa\u00f1ol","Tiempo de lectura":"9 minutos"},"schema":{"@context":"https:\/\/schema.org","@graph":[{"@type":"Article","@id":"https:\/\/elcomunista.org\/?p=6842#article","isPartOf":{"@id":"https:\/\/elcomunista.org\/?p=6842"},"author":{"name":"Lucha de Clases - Estado Espa\u00f1ol","@id":"https:\/\/elcomunista.org\/#\/schema\/person\/d4ccce059b2bb47c44201716573d372e"},"headline":"\u00a1Viva la Huelga General en Catalunya! \u00a1Presos pol\u00edticos, libertad!","datePublished":"2019-10-19T00:56:49+00:00","mainEntityOfPage":{"@id":"https:\/\/elcomunista.org\/?p=6842"},"wordCount":1731,"commentCount":0,"publisher":{"@id":"https:\/\/elcomunista.org\/#organization"},"image":{"@id":"https:\/\/elcomunista.org\/?p=6842#primaryimage"},"thumbnailUrl":"https:\/\/elcomunista.org\/wp-content\/uploads\/2019\/10\/72434771_790730648037435_1790959628234784768_n.jpg","keywords":["Catalunya","Huelga catalana","Libertad","Presos pol\u00edticos"],"articleSection":["Internacional"],"inLanguage":"es","potentialAction":[{"@type":"CommentAction","name":"Comment","target":["https:\/\/elcomunista.org\/?p=6842#respond"]}]},{"@type":"WebPage","@id":"https:\/\/elcomunista.org\/?p=6842","url":"https:\/\/elcomunista.org\/?p=6842","name":"\u00a1Viva la Huelga General en Catalunya! \u00a1Presos pol\u00edticos, libertad!","isPartOf":{"@id":"https:\/\/elcomunista.org\/#website"},"primaryImageOfPage":{"@id":"https:\/\/elcomunista.org\/?p=6842#primaryimage"},"image":{"@id":"https:\/\/elcomunista.org\/?p=6842#primaryimage"},"thumbnailUrl":"https:\/\/elcomunista.org\/wp-content\/uploads\/2019\/10\/72434771_790730648037435_1790959628234784768_n.jpg","datePublished":"2019-10-19T00:56:49+00:00","breadcrumb":{"@id":"https:\/\/elcomunista.org\/?p=6842#breadcrumb"},"inLanguage":"es","potentialAction":[{"@type":"ReadAction","target":["https:\/\/elcomunista.org\/?p=6842"]}]},{"@type":"ImageObject","inLanguage":"es","@id":"https:\/\/elcomunista.org\/?p=6842#primaryimage","url":"https:\/\/elcomunista.org\/wp-content\/uploads\/2019\/10\/72434771_790730648037435_1790959628234784768_n.jpg","contentUrl":"https:\/\/elcomunista.org\/wp-content\/uploads\/2019\/10\/72434771_790730648037435_1790959628234784768_n.jpg","width":960,"height":792},{"@type":"BreadcrumbList","@id":"https:\/\/elcomunista.org\/?p=6842#breadcrumb","itemListElement":[{"@type":"ListItem","position":1,"name":"Portada","item":"https:\/\/elcomunista.org\/"},{"@type":"ListItem","position":2,"name":"\u00a1Viva la Huelga General en Catalunya! \u00a1Presos pol\u00edticos, libertad!"}]},{"@type":"WebSite","@id":"https:\/\/elcomunista.org\/#website","url":"https:\/\/elcomunista.org\/","name":"Revoluci\u00f3n Comunista","description":"Internacional Comunista Revolucionaria","publisher":{"@id":"https:\/\/elcomunista.org\/#organization"},"potentialAction":[{"@type":"SearchAction","target":{"@type":"EntryPoint","urlTemplate":"https:\/\/elcomunista.org\/?s={search_term_string}"},"query-input":{"@type":"PropertyValueSpecification","valueRequired":true,"valueName":"search_term_string"}}],"inLanguage":"es"},{"@type":"Organization","@id":"https:\/\/elcomunista.org\/#organization","name":"Bloque Popular Juvenil","url":"https:\/\/elcomunista.org\/","logo":{"@type":"ImageObject","inLanguage":"es","@id":"https:\/\/elcomunista.org\/#\/schema\/logo\/image\/","url":"https:\/\/bloquepopularjuvenil.org\/wp-content\/uploads\/2018\/11\/bpj-militante.jpg","contentUrl":"https:\/\/bloquepopularjuvenil.org\/wp-content\/uploads\/2018\/11\/bpj-militante.jpg","width":4000,"height":1390,"caption":"Bloque Popular Juvenil"},"image":{"@id":"https:\/\/elcomunista.org\/#\/schema\/logo\/image\/"},"sameAs":["https:\/\/www.facebook.com\/Bloquepopularjuvenil","https:\/\/x.com\/ElBPJ","https:\/\/www.instagram.com\/elbloque_bpj\/?hl=es-la"]},{"@type":"Person","@id":"https:\/\/elcomunista.org\/#\/schema\/person\/d4ccce059b2bb47c44201716573d372e","name":"Lucha de Clases - Estado Espa\u00f1ol","image":{"@type":"ImageObject","inLanguage":"es","@id":"https:\/\/elcomunista.org\/#\/schema\/person\/image\/","url":"https:\/\/secure.gravatar.com\/avatar\/36c26ab3d3a5d56e2eb0888027f46f73?s=96&d=mm&r=g","contentUrl":"https:\/\/secure.gravatar.com\/avatar\/36c26ab3d3a5d56e2eb0888027f46f73?s=96&d=mm&r=g","caption":"Lucha de Clases - Estado Espa\u00f1ol"},"url":"https:\/\/elcomunista.org\/?author=48"}]}},"jetpack_featured_media_url":"https:\/\/elcomunista.org\/wp-content\/uploads\/2019\/10\/72434771_790730648037435_1790959628234784768_n.jpg","jetpack_likes_enabled":true,"jetpack_sharing_enabled":true,"_links":{"self":[{"href":"https:\/\/elcomunista.org\/index.php?rest_route=\/wp\/v2\/posts\/6842"}],"collection":[{"href":"https:\/\/elcomunista.org\/index.php?rest_route=\/wp\/v2\/posts"}],"about":[{"href":"https:\/\/elcomunista.org\/index.php?rest_route=\/wp\/v2\/types\/post"}],"author":[{"embeddable":true,"href":"https:\/\/elcomunista.org\/index.php?rest_route=\/wp\/v2\/users\/48"}],"replies":[{"embeddable":true,"href":"https:\/\/elcomunista.org\/index.php?rest_route=%2Fwp%2Fv2%2Fcomments&post=6842"}],"version-history":[{"count":0,"href":"https:\/\/elcomunista.org\/index.php?rest_route=\/wp\/v2\/posts\/6842\/revisions"}],"wp:featuredmedia":[{"embeddable":true,"href":"https:\/\/elcomunista.org\/index.php?rest_route=\/wp\/v2\/media\/6843"}],"wp:attachment":[{"href":"https:\/\/elcomunista.org\/index.php?rest_route=%2Fwp%2Fv2%2Fmedia&parent=6842"}],"wp:term":[{"taxonomy":"category","embeddable":true,"href":"https:\/\/elcomunista.org\/index.php?rest_route=%2Fwp%2Fv2%2Fcategories&post=6842"},{"taxonomy":"post_tag","embeddable":true,"href":"https:\/\/elcomunista.org\/index.php?rest_route=%2Fwp%2Fv2%2Ftags&post=6842"}],"curies":[{"name":"wp","href":"https:\/\/api.w.org\/{rel}","templated":true}]}}