{"id":7026,"date":"2019-12-06T09:43:31","date_gmt":"2019-12-06T15:43:31","guid":{"rendered":"http:\/\/bloquepopularjuvenil.org\/?p=7026"},"modified":"2019-12-06T09:43:31","modified_gmt":"2019-12-06T15:43:31","slug":"la-interminable-amenaza-de-la-mineria-en-el-salvador","status":"publish","type":"post","link":"https:\/\/elcomunista.org\/?p=7026","title":{"rendered":"La interminable amenaza de la miner\u00eda en El Salvador"},"content":{"rendered":"<p>El pasado 5 de diciembre, se realiz\u00f3 la presentaci\u00f3n de los resultados de la investigaci\u00f3n: \u00abImpacto de la mina transfronteriza Cerro Blanco en el agua y la salud para El Salvador\u00bb, realizada por la Mesa Nacional Frente a la Miner\u00eda Met\u00e1lica en El Salvador, la presentaci\u00f3n estuvo a cargo de la bi\u00f3loga e investigadora Msc. Cidia Cortez, quien particip\u00f3 en la realizaci\u00f3n de dicha investigaci\u00f3n.<\/p>\n<p>Los resultados son sumamente interesantes, desde el a\u00f1o 2007 el gobierno de Guatemala dio autorizaci\u00f3n a GoldCorp para la explotaci\u00f3n en la mina Cerro Blanco, como primer paso deb\u00eda extraerse agua geot\u00e9rmica para poder extraer el oro y la plata, diariamente durante 10 a\u00f1os la empresa extrajo 68 barriles de agua (2,856 galones), y se estima que se han sustra\u00eddo 297,840 mil barriles (doce millones y medio de galones)\u00a0 a partir de 10 pozos hasta el a\u00f1o 2017 cuando dicha empresa fue comprada por la transnacional Bluestone Resources. El impacto de la sustracci\u00f3n del agua geot\u00e9rmica con niveles altos\u00a0 de ars\u00e9nico, aluminio y\u00a0 manganeso ya son visibles; los caudales del R\u00edo Ost\u00faa y el Lago de G\u00fcija se han reducido considerablemente, esta deducci\u00f3n se realiza a partir de la cercan\u00eda de la fuente \u201cPita Floja\u201d la cual se identifica en la investigaci\u00f3n es parte del acu\u00edfero transfronterizo Ost\u00faa-Metap\u00e1n y lugares como Trapiche Vargas ya no poseen fuente h\u00eddrica alguna.<\/p>\n<p>Las enfermedades tambi\u00e9n ya se han hecho presentes, la presencia de muertes a causa de insuficiencia renal, c\u00e1ncer, diabetes mellitus tipo II, las cuales son asociadas a los altos niveles de ars\u00e9nico han incrementado considerablemente en las zonas transfronterizas como Metap\u00e1n.<\/p>\n<p>Si los estragos hasta el momento suenan fuertes, solo se ponen cada vez peor, la transnacional tom\u00f3 la decisi\u00f3n de aumentar los pozos a 24 e incrementar la sustracci\u00f3n de aguas a 4,000 galones por minuto al finalizar el presente a\u00f1o. Hagamos n\u00fameros para cuantificar la magnitud y el estrago irreparable que esto puede ocasionar: en una hora se sustraer\u00e1n 240 mil galones, significa que en un poco m\u00e1s de dos d\u00edas se habr\u00e1 sustra\u00eddo lo que hasta el momento se ha hecho en 10 a\u00f1os, \u00bfse imaginan el impacto a un a\u00f1o de aplicarlo? Inevitablemente, ya no estamos frente a una amenaza sino frente hecho casi consumado, la transnacional ni siquiera ha presentado una evaluaci\u00f3n de riesgos, no da a conocer la informaci\u00f3n clave para realizar una evaluaci\u00f3n de impacto que generar\u00e1 el proyecto y la poca informaci\u00f3n a la que se ha tenido acceso est\u00e1 en ingles y es de la cual se ha retomado algunas de las intenciones presentadas en la investigaci\u00f3n.<\/p>\n<p>La \u201csoluci\u00f3n\u201d que presenta la transnacional es reinyectar los materiales sobrantes a los lugares vac\u00edos donde ya se haya terminado de explotar, estamos hablando no solo del agua \u201ctratada\u201d sino adem\u00e1s de las 1250 toneladas de roca extra\u00edda por d\u00eda, lo cual implicar\u00eda una contaminaci\u00f3n de las aguas subterr\u00e1neas y sin duda alguna de los mantos acu\u00edferos cercanos.<\/p>\n<p>\u00bfCual ser\u00e1 el costo de tantas vidas humanas, animales y del ecosistema cercano al proyecto en primera instancia y de pr\u00e1cticamente toda la regi\u00f3n en poco tiempo? La respuesta es 952 mil onzas de oro y 3.14 millones de onzas de plata, seg\u00fan lo expresado por la bi\u00f3loga e investigadora Cidia Cortez)<\/p>\n<p>El aporte que realiza dicha investigaci\u00f3n es grande y pone en evidencia que la ambici\u00f3n del capital no para, las consecuencias de la explotaci\u00f3n desmedida de recursos terminar\u00e1 afect\u00e1ndonos a\u00fan teniendo una ley que proh\u00edbe la miner\u00eda met\u00e1lica en nuestro pa\u00eds, la lucha como tal deber\u00e1 extenderse a los pa\u00edses que nos rodean, ahora ser\u00e1 necesario luchar por la vida y con la vida.<\/p>\n<p style=\"text-align: center;\">\u00a1Ni verde ni met\u00e1lica, la miner\u00eda es muerte!<\/p>\n<p style=\"text-align: center;\">\u00a1Por la vida y con la vida!<\/p>\n","protected":false},"excerpt":{"rendered":"<p>El pasado 5 de diciembre, se realiz\u00f3 la presentaci\u00f3n de los resultados de la investigaci\u00f3n: \u00abImpacto de la mina transfronteriza Cerro Blanco en el agua y la salud para El Salvador\u00bb, realizada por la Mesa Nacional Frente a la Miner\u00eda Met\u00e1lica en El Salvador, la presentaci\u00f3n estuvo a cargo de la bi\u00f3loga e investigadora Msc&#8230;.<\/p>\n","protected":false},"author":13,"featured_media":7027,"comment_status":"open","ping_status":"open","sticky":false,"template":"","format":"standard","meta":{"_monsterinsights_skip_tracking":false,"_monsterinsights_sitenote_active":false,"_monsterinsights_sitenote_note":"","_monsterinsights_sitenote_category":0,"_uf_show_specific_survey":0,"_uf_disable_surveys":false,"_jetpack_memberships_contains_paid_content":false,"footnotes":""},"categories":[391,2,537],"tags":[93,763],"class_list":["post-7026","post","type-post","status-publish","format-standard","has-post-thumbnail","hentry","category-medio-ambiente","category-nacional","category-principales","tag-el-salvador","tag-mineria-metalica"],"aioseo_notices":[],"yoast_head":"<!-- This site is optimized with the Yoast SEO plugin v25.6 - https:\/\/yoast.com\/wordpress\/plugins\/seo\/ -->\n<title>La interminable amenaza de la miner\u00eda en El Salvador<\/title>\n<meta name=\"robots\" content=\"index, follow, max-snippet:-1, max-image-preview:large, max-video-preview:-1\" \/>\n<link rel=\"canonical\" href=\"https:\/\/elcomunista.org\/?p=7026\" \/>\n<meta property=\"og:locale\" content=\"es_ES\" \/>\n<meta property=\"og:type\" content=\"article\" \/>\n<meta property=\"og:title\" content=\"La interminable amenaza de la miner\u00eda en El Salvador\" \/>\n<meta property=\"og:description\" content=\"El pasado 5 de diciembre, se realiz\u00f3 la presentaci\u00f3n de los resultados de la investigaci\u00f3n: \u00abImpacto de la mina transfronteriza Cerro Blanco en el agua y la salud para El Salvador\u00bb, realizada por la Mesa Nacional Frente a la Miner\u00eda Met\u00e1lica en El Salvador, la presentaci\u00f3n estuvo a cargo de la bi\u00f3loga e investigadora Msc....\" \/>\n<meta property=\"og:url\" content=\"https:\/\/elcomunista.org\/?p=7026\" \/>\n<meta property=\"og:site_name\" content=\"Revoluci\u00f3n Comunista\" \/>\n<meta property=\"article:publisher\" content=\"https:\/\/www.facebook.com\/Bloquepopularjuvenil\" \/>\n<meta property=\"article:published_time\" content=\"2019-12-06T15:43:31+00:00\" \/>\n<meta property=\"og:image\" content=\"https:\/\/elcomunista.org\/wp-content\/uploads\/2019\/12\/AFP_N39U2_20170330004423-kUb-U421317896373U3C-992x558@LaVanguardia-Web.jpg\" \/>\n\t<meta property=\"og:image:width\" content=\"992\" \/>\n\t<meta property=\"og:image:height\" content=\"558\" \/>\n\t<meta property=\"og:image:type\" content=\"image\/jpeg\" \/>\n<meta name=\"author\" content=\"Le\u00f3n G\u00f3mez\" \/>\n<meta name=\"twitter:card\" content=\"summary_large_image\" \/>\n<meta name=\"twitter:creator\" content=\"@ElBPJ\" \/>\n<meta name=\"twitter:site\" content=\"@ElBPJ\" \/>\n<meta name=\"twitter:label1\" content=\"Escrito por\" \/>\n\t<meta name=\"twitter:data1\" content=\"Le\u00f3n G\u00f3mez\" \/>\n\t<meta name=\"twitter:label2\" content=\"Tiempo de lectura\" \/>\n\t<meta name=\"twitter:data2\" content=\"3 minutos\" \/>\n<script type=\"application\/ld+json\" class=\"yoast-schema-graph\">{\"@context\":\"https:\/\/schema.org\",\"@graph\":[{\"@type\":\"Article\",\"@id\":\"https:\/\/elcomunista.org\/?p=7026#article\",\"isPartOf\":{\"@id\":\"https:\/\/elcomunista.org\/?p=7026\"},\"author\":{\"name\":\"Le\u00f3n G\u00f3mez\",\"@id\":\"https:\/\/elcomunista.org\/#\/schema\/person\/9acdfac68bd4031730abd6cc148c874c\"},\"headline\":\"La interminable amenaza de la miner\u00eda en El Salvador\",\"datePublished\":\"2019-12-06T15:43:31+00:00\",\"mainEntityOfPage\":{\"@id\":\"https:\/\/elcomunista.org\/?p=7026\"},\"wordCount\":687,\"commentCount\":0,\"publisher\":{\"@id\":\"https:\/\/elcomunista.org\/#organization\"},\"image\":{\"@id\":\"https:\/\/elcomunista.org\/?p=7026#primaryimage\"},\"thumbnailUrl\":\"https:\/\/elcomunista.org\/wp-content\/uploads\/2019\/12\/AFP_N39U2_20170330004423-kUb-U421317896373U3C-992x558@LaVanguardia-Web.jpg\",\"keywords\":[\"El Salvador\",\"Miner\u00eda met\u00e1lica\"],\"articleSection\":[\"Medio Ambiente\",\"Nacional\",\"Principales\"],\"inLanguage\":\"es\",\"potentialAction\":[{\"@type\":\"CommentAction\",\"name\":\"Comment\",\"target\":[\"https:\/\/elcomunista.org\/?p=7026#respond\"]}]},{\"@type\":\"WebPage\",\"@id\":\"https:\/\/elcomunista.org\/?p=7026\",\"url\":\"https:\/\/elcomunista.org\/?p=7026\",\"name\":\"La interminable amenaza de la miner\u00eda en El Salvador\",\"isPartOf\":{\"@id\":\"https:\/\/elcomunista.org\/#website\"},\"primaryImageOfPage\":{\"@id\":\"https:\/\/elcomunista.org\/?p=7026#primaryimage\"},\"image\":{\"@id\":\"https:\/\/elcomunista.org\/?p=7026#primaryimage\"},\"thumbnailUrl\":\"https:\/\/elcomunista.org\/wp-content\/uploads\/2019\/12\/AFP_N39U2_20170330004423-kUb-U421317896373U3C-992x558@LaVanguardia-Web.jpg\",\"datePublished\":\"2019-12-06T15:43:31+00:00\",\"breadcrumb\":{\"@id\":\"https:\/\/elcomunista.org\/?p=7026#breadcrumb\"},\"inLanguage\":\"es\",\"potentialAction\":[{\"@type\":\"ReadAction\",\"target\":[\"https:\/\/elcomunista.org\/?p=7026\"]}]},{\"@type\":\"ImageObject\",\"inLanguage\":\"es\",\"@id\":\"https:\/\/elcomunista.org\/?p=7026#primaryimage\",\"url\":\"https:\/\/elcomunista.org\/wp-content\/uploads\/2019\/12\/AFP_N39U2_20170330004423-kUb-U421317896373U3C-992x558@LaVanguardia-Web.jpg\",\"contentUrl\":\"https:\/\/elcomunista.org\/wp-content\/uploads\/2019\/12\/AFP_N39U2_20170330004423-kUb-U421317896373U3C-992x558@LaVanguardia-Web.jpg\",\"width\":992,\"height\":558},{\"@type\":\"BreadcrumbList\",\"@id\":\"https:\/\/elcomunista.org\/?p=7026#breadcrumb\",\"itemListElement\":[{\"@type\":\"ListItem\",\"position\":1,\"name\":\"Portada\",\"item\":\"https:\/\/elcomunista.org\/\"},{\"@type\":\"ListItem\",\"position\":2,\"name\":\"La interminable amenaza de la miner\u00eda en El Salvador\"}]},{\"@type\":\"WebSite\",\"@id\":\"https:\/\/elcomunista.org\/#website\",\"url\":\"https:\/\/elcomunista.org\/\",\"name\":\"Revoluci\u00f3n Comunista\",\"description\":\"Internacional Comunista Revolucionaria\",\"publisher\":{\"@id\":\"https:\/\/elcomunista.org\/#organization\"},\"potentialAction\":[{\"@type\":\"SearchAction\",\"target\":{\"@type\":\"EntryPoint\",\"urlTemplate\":\"https:\/\/elcomunista.org\/?s={search_term_string}\"},\"query-input\":{\"@type\":\"PropertyValueSpecification\",\"valueRequired\":true,\"valueName\":\"search_term_string\"}}],\"inLanguage\":\"es\"},{\"@type\":\"Organization\",\"@id\":\"https:\/\/elcomunista.org\/#organization\",\"name\":\"Bloque Popular Juvenil\",\"url\":\"https:\/\/elcomunista.org\/\",\"logo\":{\"@type\":\"ImageObject\",\"inLanguage\":\"es\",\"@id\":\"https:\/\/elcomunista.org\/#\/schema\/logo\/image\/\",\"url\":\"https:\/\/bloquepopularjuvenil.org\/wp-content\/uploads\/2018\/11\/bpj-militante.jpg\",\"contentUrl\":\"https:\/\/bloquepopularjuvenil.org\/wp-content\/uploads\/2018\/11\/bpj-militante.jpg\",\"width\":4000,\"height\":1390,\"caption\":\"Bloque Popular Juvenil\"},\"image\":{\"@id\":\"https:\/\/elcomunista.org\/#\/schema\/logo\/image\/\"},\"sameAs\":[\"https:\/\/www.facebook.com\/Bloquepopularjuvenil\",\"https:\/\/x.com\/ElBPJ\",\"https:\/\/www.instagram.com\/elbloque_bpj\/?hl=es-la\"]},{\"@type\":\"Person\",\"@id\":\"https:\/\/elcomunista.org\/#\/schema\/person\/9acdfac68bd4031730abd6cc148c874c\",\"name\":\"Le\u00f3n G\u00f3mez\",\"image\":{\"@type\":\"ImageObject\",\"inLanguage\":\"es\",\"@id\":\"https:\/\/elcomunista.org\/#\/schema\/person\/image\/\",\"url\":\"https:\/\/secure.gravatar.com\/avatar\/a5d46231976d545519e1c7310c19f053?s=96&d=mm&r=g\",\"contentUrl\":\"https:\/\/secure.gravatar.com\/avatar\/a5d46231976d545519e1c7310c19f053?s=96&d=mm&r=g\",\"caption\":\"Le\u00f3n G\u00f3mez\"},\"url\":\"https:\/\/elcomunista.org\/?author=13\"}]}<\/script>\n<!-- \/ Yoast SEO plugin. -->","yoast_head_json":{"title":"La interminable amenaza de la miner\u00eda en El Salvador","robots":{"index":"index","follow":"follow","max-snippet":"max-snippet:-1","max-image-preview":"max-image-preview:large","max-video-preview":"max-video-preview:-1"},"canonical":"https:\/\/elcomunista.org\/?p=7026","og_locale":"es_ES","og_type":"article","og_title":"La interminable amenaza de la miner\u00eda en El Salvador","og_description":"El pasado 5 de diciembre, se realiz\u00f3 la presentaci\u00f3n de los resultados de la investigaci\u00f3n: \u00abImpacto de la mina transfronteriza Cerro Blanco en el agua y la salud para El Salvador\u00bb, realizada por la Mesa Nacional Frente a la Miner\u00eda Met\u00e1lica en El Salvador, la presentaci\u00f3n estuvo a cargo de la bi\u00f3loga e investigadora Msc....","og_url":"https:\/\/elcomunista.org\/?p=7026","og_site_name":"Revoluci\u00f3n Comunista","article_publisher":"https:\/\/www.facebook.com\/Bloquepopularjuvenil","article_published_time":"2019-12-06T15:43:31+00:00","og_image":[{"width":992,"height":558,"url":"https:\/\/elcomunista.org\/wp-content\/uploads\/2019\/12\/AFP_N39U2_20170330004423-kUb-U421317896373U3C-992x558@LaVanguardia-Web.jpg","type":"image\/jpeg"}],"author":"Le\u00f3n G\u00f3mez","twitter_card":"summary_large_image","twitter_creator":"@ElBPJ","twitter_site":"@ElBPJ","twitter_misc":{"Escrito por":"Le\u00f3n G\u00f3mez","Tiempo de lectura":"3 minutos"},"schema":{"@context":"https:\/\/schema.org","@graph":[{"@type":"Article","@id":"https:\/\/elcomunista.org\/?p=7026#article","isPartOf":{"@id":"https:\/\/elcomunista.org\/?p=7026"},"author":{"name":"Le\u00f3n G\u00f3mez","@id":"https:\/\/elcomunista.org\/#\/schema\/person\/9acdfac68bd4031730abd6cc148c874c"},"headline":"La interminable amenaza de la miner\u00eda en El Salvador","datePublished":"2019-12-06T15:43:31+00:00","mainEntityOfPage":{"@id":"https:\/\/elcomunista.org\/?p=7026"},"wordCount":687,"commentCount":0,"publisher":{"@id":"https:\/\/elcomunista.org\/#organization"},"image":{"@id":"https:\/\/elcomunista.org\/?p=7026#primaryimage"},"thumbnailUrl":"https:\/\/elcomunista.org\/wp-content\/uploads\/2019\/12\/AFP_N39U2_20170330004423-kUb-U421317896373U3C-992x558@LaVanguardia-Web.jpg","keywords":["El Salvador","Miner\u00eda met\u00e1lica"],"articleSection":["Medio Ambiente","Nacional","Principales"],"inLanguage":"es","potentialAction":[{"@type":"CommentAction","name":"Comment","target":["https:\/\/elcomunista.org\/?p=7026#respond"]}]},{"@type":"WebPage","@id":"https:\/\/elcomunista.org\/?p=7026","url":"https:\/\/elcomunista.org\/?p=7026","name":"La interminable amenaza de la miner\u00eda en El Salvador","isPartOf":{"@id":"https:\/\/elcomunista.org\/#website"},"primaryImageOfPage":{"@id":"https:\/\/elcomunista.org\/?p=7026#primaryimage"},"image":{"@id":"https:\/\/elcomunista.org\/?p=7026#primaryimage"},"thumbnailUrl":"https:\/\/elcomunista.org\/wp-content\/uploads\/2019\/12\/AFP_N39U2_20170330004423-kUb-U421317896373U3C-992x558@LaVanguardia-Web.jpg","datePublished":"2019-12-06T15:43:31+00:00","breadcrumb":{"@id":"https:\/\/elcomunista.org\/?p=7026#breadcrumb"},"inLanguage":"es","potentialAction":[{"@type":"ReadAction","target":["https:\/\/elcomunista.org\/?p=7026"]}]},{"@type":"ImageObject","inLanguage":"es","@id":"https:\/\/elcomunista.org\/?p=7026#primaryimage","url":"https:\/\/elcomunista.org\/wp-content\/uploads\/2019\/12\/AFP_N39U2_20170330004423-kUb-U421317896373U3C-992x558@LaVanguardia-Web.jpg","contentUrl":"https:\/\/elcomunista.org\/wp-content\/uploads\/2019\/12\/AFP_N39U2_20170330004423-kUb-U421317896373U3C-992x558@LaVanguardia-Web.jpg","width":992,"height":558},{"@type":"BreadcrumbList","@id":"https:\/\/elcomunista.org\/?p=7026#breadcrumb","itemListElement":[{"@type":"ListItem","position":1,"name":"Portada","item":"https:\/\/elcomunista.org\/"},{"@type":"ListItem","position":2,"name":"La interminable amenaza de la miner\u00eda en El Salvador"}]},{"@type":"WebSite","@id":"https:\/\/elcomunista.org\/#website","url":"https:\/\/elcomunista.org\/","name":"Revoluci\u00f3n Comunista","description":"Internacional Comunista Revolucionaria","publisher":{"@id":"https:\/\/elcomunista.org\/#organization"},"potentialAction":[{"@type":"SearchAction","target":{"@type":"EntryPoint","urlTemplate":"https:\/\/elcomunista.org\/?s={search_term_string}"},"query-input":{"@type":"PropertyValueSpecification","valueRequired":true,"valueName":"search_term_string"}}],"inLanguage":"es"},{"@type":"Organization","@id":"https:\/\/elcomunista.org\/#organization","name":"Bloque Popular Juvenil","url":"https:\/\/elcomunista.org\/","logo":{"@type":"ImageObject","inLanguage":"es","@id":"https:\/\/elcomunista.org\/#\/schema\/logo\/image\/","url":"https:\/\/bloquepopularjuvenil.org\/wp-content\/uploads\/2018\/11\/bpj-militante.jpg","contentUrl":"https:\/\/bloquepopularjuvenil.org\/wp-content\/uploads\/2018\/11\/bpj-militante.jpg","width":4000,"height":1390,"caption":"Bloque Popular Juvenil"},"image":{"@id":"https:\/\/elcomunista.org\/#\/schema\/logo\/image\/"},"sameAs":["https:\/\/www.facebook.com\/Bloquepopularjuvenil","https:\/\/x.com\/ElBPJ","https:\/\/www.instagram.com\/elbloque_bpj\/?hl=es-la"]},{"@type":"Person","@id":"https:\/\/elcomunista.org\/#\/schema\/person\/9acdfac68bd4031730abd6cc148c874c","name":"Le\u00f3n G\u00f3mez","image":{"@type":"ImageObject","inLanguage":"es","@id":"https:\/\/elcomunista.org\/#\/schema\/person\/image\/","url":"https:\/\/secure.gravatar.com\/avatar\/a5d46231976d545519e1c7310c19f053?s=96&d=mm&r=g","contentUrl":"https:\/\/secure.gravatar.com\/avatar\/a5d46231976d545519e1c7310c19f053?s=96&d=mm&r=g","caption":"Le\u00f3n G\u00f3mez"},"url":"https:\/\/elcomunista.org\/?author=13"}]}},"jetpack_featured_media_url":"https:\/\/elcomunista.org\/wp-content\/uploads\/2019\/12\/AFP_N39U2_20170330004423-kUb-U421317896373U3C-992x558@LaVanguardia-Web.jpg","jetpack_likes_enabled":true,"jetpack_sharing_enabled":true,"_links":{"self":[{"href":"https:\/\/elcomunista.org\/index.php?rest_route=\/wp\/v2\/posts\/7026"}],"collection":[{"href":"https:\/\/elcomunista.org\/index.php?rest_route=\/wp\/v2\/posts"}],"about":[{"href":"https:\/\/elcomunista.org\/index.php?rest_route=\/wp\/v2\/types\/post"}],"author":[{"embeddable":true,"href":"https:\/\/elcomunista.org\/index.php?rest_route=\/wp\/v2\/users\/13"}],"replies":[{"embeddable":true,"href":"https:\/\/elcomunista.org\/index.php?rest_route=%2Fwp%2Fv2%2Fcomments&post=7026"}],"version-history":[{"count":0,"href":"https:\/\/elcomunista.org\/index.php?rest_route=\/wp\/v2\/posts\/7026\/revisions"}],"wp:featuredmedia":[{"embeddable":true,"href":"https:\/\/elcomunista.org\/index.php?rest_route=\/wp\/v2\/media\/7027"}],"wp:attachment":[{"href":"https:\/\/elcomunista.org\/index.php?rest_route=%2Fwp%2Fv2%2Fmedia&parent=7026"}],"wp:term":[{"taxonomy":"category","embeddable":true,"href":"https:\/\/elcomunista.org\/index.php?rest_route=%2Fwp%2Fv2%2Fcategories&post=7026"},{"taxonomy":"post_tag","embeddable":true,"href":"https:\/\/elcomunista.org\/index.php?rest_route=%2Fwp%2Fv2%2Ftags&post=7026"}],"curies":[{"name":"wp","href":"https:\/\/api.w.org\/{rel}","templated":true}]}}