{"id":71,"date":"2009-02-11T20:52:45","date_gmt":"2009-02-11T20:52:45","guid":{"rendered":"http:\/\/bloquepopularjuvenil.org\/bpjwordpress\/?p=71"},"modified":"2021-07-28T12:33:17","modified_gmt":"2021-07-28T18:33:17","slug":"inician-los-ataques-contra-la-prensa-obrera-el-diario-mas-el-salvador-publica-una-nota-difamando-a-militante-bpj","status":"publish","type":"post","link":"https:\/\/elcomunista.org\/?p=71","title":{"rendered":"Inician los ataques contra la prensa obrera: El diario MAS! El Salvador publica una nota difamando a Militante BPJ"},"content":{"rendered":"<p style=\"text-align: justify;\">El pasado lunes 9 de febrero, en el diario <i>MAS! El Salvador<\/i>, que es uno de los peri\u00f3dicos reaccionarios de la burgues\u00eda menos le\u00eddos, apareci\u00f3 una peque\u00f1a nota difamando, mintiendo y tergiversando las ideas de nuestro peri\u00f3dico <i>Militante BPJ<\/i>. Esto esta enmarcado dentro de la campa\u00f1a de miedo de la burgues\u00eda de cara a las elecciones presidenciales de marzo donde quieren dar la imagen de que Ch\u00e1vez y Castro est\u00e1n tras el FMLN; que aqu\u00ed se instaurar\u00e1 una dictadura autoritaria comunista si gana la izquierda; que el FMLN no ha cambiado y \u00a0solo quiere enga\u00f1ar a la poblaci\u00f3n para llegando al poder eliminar todos los derechos democr\u00e1ticos.<\/p>\n<p style=\"text-align: justify;\">Ante esto queremos hacer algunas aclaraciones a nuestros lectores. Nuestra organizaci\u00f3n as\u00ed como nuestra prensa es financiada por los j\u00f3venes y trabajadores de este pa\u00eds, por eso no regalamos nuestro peri\u00f3dico para que este sea autofinanciable, no es ni el gobierno de Venezuela ni el de Cuba, a los cuales apoyamos cr\u00edticamente, quienes nos financian, quien verdaderamente financia al BPJ y nuestro peri\u00f3dico es el pueblo salvadore\u00f1o.<\/p>\n<p style=\"text-align: justify;\">La nota del diario MAS!, pese a su brevedad, refleja el enorme odio de clase de la burgues\u00eda y el temor que tienen a que los j\u00f3venes y trabajadores organizados les echemos del gobierno y acabemos con sus privilegios. Ellos se\u00f1alan: \u201clos responsables [de la publicaci\u00f3n de Militante BPJ] dejan clara la intenci\u00f3n, en caso ganaran la elecci\u00f3n, esperan hacer un gobierno socialista\u201d.<\/p>\n<p style=\"text-align: justify;\">Tenemos que precisar que hemos sido cr\u00edticos del programa que esta impulsando nuestra formula presidencial, justamente porque no es un programa socialista. Aunque el FMLN no est\u00e1 planteando construir el socialismo en estos momentos, somos claros al se\u00f1alar que no tenemos salida bajo el parasitario capitalismo salvadore\u00f1o inmerso en una crisis mundial del capitalismo. Creemos que Funes y la direcci\u00f3n del FMLN deben adoptar un programa socialista, que no implicar\u00e1 arrebatar la tierra al peque\u00f1o campesino, ni quitarle su casa al comerciante, sino la nacionalizaci\u00f3n de la banca, las grandes industrias y las tierras de los terratenientes puestas a funcionar en beneficio de las amplias mayor\u00edas de pobres de nuestro pa\u00eds y de la forma m\u00e1s democr\u00e1tica posible. No se trata de arrebatar ls prque\u00f1sa poseciones que la mayor\u00eda a obtenido fruto de su trabajo sino de arrancar sus privilegios a los grandes millonarios que se enriquecen a costa del sufrimiento de la mayor\u00eda de los salvadore\u00f1os.<\/p>\n<p style=\"text-align: justify;\">Llamamos a la organizaci\u00f3n y a la lucha de los trabajadores no porque consideremos que el FMLN va a perder las elecciones sino porque sabemos que la \u00fanica forma de que gane ARENA es a trav\u00e9s de la campa\u00f1a de miedo y el fraude. Consideramos que la direcci\u00f3n del FMLN debe llamar a fortalecer los comit\u00e9s de base del partido y preparar una respuesta masiva en caso de que nos quieran robar las elecciones, llamando a una huelga general. Los trabajadores debemos mostrar nuestra fuerza dejando en claro que esta sociedad funciona gracias a nosotros y tenemos derecho a una vida digna.<\/p>\n<p style=\"text-align: justify;\">Sabemos que la burgues\u00eda est\u00e1 que se muere de rabia porque sali\u00f3 <i>Militante BPJ<\/i>, un peri\u00f3dico que sigue levantando las ideas del socialismo por las que han dado su vida miles de oprimidos de este pa\u00eds. Sabemos que los ataques de la derecha continuar\u00e1n, por fortuna la clase obrera ya cuenta con un instrumento donde expresar y defender sus ideas. Invitamos a nuestros lectores a no creer en las mentiras de la burgues\u00eda y apoyar a la prensa obrera.<\/p>\n<p style=\"text-align: right;\" align=\"right\"><i>11 de febrero de 2009<\/i><\/p>\n<p style=\"text-align: justify;\"><b>Texto integro de la nota contra <i>Militante BPJ<\/i> de <i>MAS! El Salvador<\/i><\/b><\/p>\n<p style=\"text-align: justify;\"><b>Revista Roja<\/b><\/p>\n<p style=\"text-align: justify;\">Dicen que un grupo de farabundistas del BPJ est\u00e1 que se cae de la cama por una revista que logr\u00f3 publicar y que espera vender en alcald\u00edas e instituciones coloradas. Cuentan que Cuba y Venezuela son financistas del bolet\u00edn. Estos mismos piden hoy defender el voto rojo y giran instrucciones de organizar a comunidades porque temen perder la elecci\u00f3n.<\/p>\n<p style=\"text-align: justify;\"><b>Llaman a huelga<\/b><\/p>\n<p style=\"text-align: justify;\">A prop\u00f3sito de la revistita, cuentan que en el editorial los responsables dejan clara la intenci\u00f3n, en caso ganaran la elecci\u00f3n, esperan hacer un gobierno socialista. Y si pierde el FMLN llamar\u00edan a un paro alegando que hubo fraude.<\/p>\n<p>&nbsp;<\/p>\n","protected":false},"excerpt":{"rendered":"<p>El pasado lunes 9 de febrero, en el diario MAS! El Salvador, que es uno de los peri\u00f3dicos reaccionarios de la burgues\u00eda menos le\u00eddos, apareci\u00f3 una peque\u00f1a nota difamando, mintiendo y tergiversando las ideas de nuestro peri\u00f3dico Militante BPJ. Esto esta enmarcado dentro de la campa\u00f1a de miedo de la burgues\u00eda de cara a las&#8230;<\/p>\n","protected":false},"author":1,"featured_media":69,"comment_status":"open","ping_status":"open","sticky":false,"template":"","format":"standard","meta":{"_monsterinsights_skip_tracking":false,"_monsterinsights_sitenote_active":false,"_monsterinsights_sitenote_note":"","_monsterinsights_sitenote_category":0,"_uf_show_specific_survey":0,"_uf_disable_surveys":false,"_jetpack_memberships_contains_paid_content":false,"footnotes":""},"categories":[1],"tags":[],"class_list":["post-71","post","type-post","status-publish","format-standard","has-post-thumbnail","hentry","category-uncategorized"],"aioseo_notices":[],"yoast_head":"<!-- This site is optimized with the Yoast SEO plugin v25.6 - https:\/\/yoast.com\/wordpress\/plugins\/seo\/ -->\n<title>Inician los ataques contra la prensa obrera: El diario MAS! El Salvador publica una nota difamando a Militante BPJ<\/title>\n<meta name=\"robots\" content=\"index, follow, max-snippet:-1, max-image-preview:large, max-video-preview:-1\" \/>\n<link rel=\"canonical\" href=\"https:\/\/elcomunista.org\/?p=71\" \/>\n<meta property=\"og:locale\" content=\"es_ES\" \/>\n<meta property=\"og:type\" content=\"article\" \/>\n<meta property=\"og:title\" content=\"Inician los ataques contra la prensa obrera: El diario MAS! El Salvador publica una nota difamando a Militante BPJ\" \/>\n<meta property=\"og:description\" content=\"El pasado lunes 9 de febrero, en el diario MAS! El Salvador, que es uno de los peri\u00f3dicos reaccionarios de la burgues\u00eda menos le\u00eddos, apareci\u00f3 una peque\u00f1a nota difamando, mintiendo y tergiversando las ideas de nuestro peri\u00f3dico Militante BPJ. Esto esta enmarcado dentro de la campa\u00f1a de miedo de la burgues\u00eda de cara a las...\" \/>\n<meta property=\"og:url\" content=\"https:\/\/elcomunista.org\/?p=71\" \/>\n<meta property=\"og:site_name\" content=\"Revoluci\u00f3n Comunista\" \/>\n<meta property=\"article:publisher\" content=\"https:\/\/www.facebook.com\/Bloquepopularjuvenil\" \/>\n<meta property=\"article:published_time\" content=\"2009-02-11T20:52:45+00:00\" \/>\n<meta property=\"article:modified_time\" content=\"2021-07-28T18:33:17+00:00\" \/>\n<meta property=\"og:image\" content=\"https:\/\/elcomunista.org\/wp-content\/uploads\/2009\/02\/revista_roja_2.jpg\" \/>\n\t<meta property=\"og:image:width\" content=\"160\" \/>\n\t<meta property=\"og:image:height\" content=\"103\" \/>\n\t<meta property=\"og:image:type\" content=\"image\/jpeg\" \/>\n<meta name=\"author\" content=\"Bloque Popular Juvenil\" \/>\n<meta name=\"twitter:card\" content=\"summary_large_image\" \/>\n<meta name=\"twitter:creator\" content=\"@ElBPJ\" \/>\n<meta name=\"twitter:site\" content=\"@ElBPJ\" \/>\n<meta name=\"twitter:label1\" content=\"Escrito por\" \/>\n\t<meta name=\"twitter:data1\" content=\"Bloque Popular Juvenil\" \/>\n\t<meta name=\"twitter:label2\" content=\"Tiempo de lectura\" \/>\n\t<meta name=\"twitter:data2\" content=\"4 minutos\" \/>\n<script type=\"application\/ld+json\" class=\"yoast-schema-graph\">{\"@context\":\"https:\/\/schema.org\",\"@graph\":[{\"@type\":\"Article\",\"@id\":\"https:\/\/elcomunista.org\/?p=71#article\",\"isPartOf\":{\"@id\":\"https:\/\/elcomunista.org\/?p=71\"},\"author\":{\"name\":\"Bloque Popular Juvenil\",\"@id\":\"https:\/\/elcomunista.org\/#\/schema\/person\/d55d5350d790a4464cbc0e898065567d\"},\"headline\":\"Inician los ataques contra la prensa obrera: El diario MAS! El Salvador publica una nota difamando a Militante BPJ\",\"datePublished\":\"2009-02-11T20:52:45+00:00\",\"dateModified\":\"2021-07-28T18:33:17+00:00\",\"mainEntityOfPage\":{\"@id\":\"https:\/\/elcomunista.org\/?p=71\"},\"wordCount\":768,\"commentCount\":0,\"publisher\":{\"@id\":\"https:\/\/elcomunista.org\/#organization\"},\"image\":{\"@id\":\"https:\/\/elcomunista.org\/?p=71#primaryimage\"},\"thumbnailUrl\":\"https:\/\/elcomunista.org\/wp-content\/uploads\/2009\/02\/revista_roja_2.jpg\",\"articleSection\":[\"Archivo\"],\"inLanguage\":\"es\",\"potentialAction\":[{\"@type\":\"CommentAction\",\"name\":\"Comment\",\"target\":[\"https:\/\/elcomunista.org\/?p=71#respond\"]}]},{\"@type\":\"WebPage\",\"@id\":\"https:\/\/elcomunista.org\/?p=71\",\"url\":\"https:\/\/elcomunista.org\/?p=71\",\"name\":\"Inician los ataques contra la prensa obrera: El diario MAS! El Salvador publica una nota difamando a Militante BPJ\",\"isPartOf\":{\"@id\":\"https:\/\/elcomunista.org\/#website\"},\"primaryImageOfPage\":{\"@id\":\"https:\/\/elcomunista.org\/?p=71#primaryimage\"},\"image\":{\"@id\":\"https:\/\/elcomunista.org\/?p=71#primaryimage\"},\"thumbnailUrl\":\"https:\/\/elcomunista.org\/wp-content\/uploads\/2009\/02\/revista_roja_2.jpg\",\"datePublished\":\"2009-02-11T20:52:45+00:00\",\"dateModified\":\"2021-07-28T18:33:17+00:00\",\"breadcrumb\":{\"@id\":\"https:\/\/elcomunista.org\/?p=71#breadcrumb\"},\"inLanguage\":\"es\",\"potentialAction\":[{\"@type\":\"ReadAction\",\"target\":[\"https:\/\/elcomunista.org\/?p=71\"]}]},{\"@type\":\"ImageObject\",\"inLanguage\":\"es\",\"@id\":\"https:\/\/elcomunista.org\/?p=71#primaryimage\",\"url\":\"https:\/\/elcomunista.org\/wp-content\/uploads\/2009\/02\/revista_roja_2.jpg\",\"contentUrl\":\"https:\/\/elcomunista.org\/wp-content\/uploads\/2009\/02\/revista_roja_2.jpg\",\"width\":160,\"height\":103},{\"@type\":\"BreadcrumbList\",\"@id\":\"https:\/\/elcomunista.org\/?p=71#breadcrumb\",\"itemListElement\":[{\"@type\":\"ListItem\",\"position\":1,\"name\":\"Portada\",\"item\":\"https:\/\/elcomunista.org\/\"},{\"@type\":\"ListItem\",\"position\":2,\"name\":\"Inician los ataques contra la prensa obrera: El diario MAS! El Salvador publica una nota difamando a Militante BPJ\"}]},{\"@type\":\"WebSite\",\"@id\":\"https:\/\/elcomunista.org\/#website\",\"url\":\"https:\/\/elcomunista.org\/\",\"name\":\"Revoluci\u00f3n Comunista\",\"description\":\"Internacional Comunista Revolucionaria\",\"publisher\":{\"@id\":\"https:\/\/elcomunista.org\/#organization\"},\"potentialAction\":[{\"@type\":\"SearchAction\",\"target\":{\"@type\":\"EntryPoint\",\"urlTemplate\":\"https:\/\/elcomunista.org\/?s={search_term_string}\"},\"query-input\":{\"@type\":\"PropertyValueSpecification\",\"valueRequired\":true,\"valueName\":\"search_term_string\"}}],\"inLanguage\":\"es\"},{\"@type\":\"Organization\",\"@id\":\"https:\/\/elcomunista.org\/#organization\",\"name\":\"Bloque Popular Juvenil\",\"url\":\"https:\/\/elcomunista.org\/\",\"logo\":{\"@type\":\"ImageObject\",\"inLanguage\":\"es\",\"@id\":\"https:\/\/elcomunista.org\/#\/schema\/logo\/image\/\",\"url\":\"https:\/\/bloquepopularjuvenil.org\/wp-content\/uploads\/2018\/11\/bpj-militante.jpg\",\"contentUrl\":\"https:\/\/bloquepopularjuvenil.org\/wp-content\/uploads\/2018\/11\/bpj-militante.jpg\",\"width\":4000,\"height\":1390,\"caption\":\"Bloque Popular Juvenil\"},\"image\":{\"@id\":\"https:\/\/elcomunista.org\/#\/schema\/logo\/image\/\"},\"sameAs\":[\"https:\/\/www.facebook.com\/Bloquepopularjuvenil\",\"https:\/\/x.com\/ElBPJ\",\"https:\/\/www.instagram.com\/elbloque_bpj\/?hl=es-la\"]},{\"@type\":\"Person\",\"@id\":\"https:\/\/elcomunista.org\/#\/schema\/person\/d55d5350d790a4464cbc0e898065567d\",\"name\":\"Bloque Popular Juvenil\",\"image\":{\"@type\":\"ImageObject\",\"inLanguage\":\"es\",\"@id\":\"https:\/\/elcomunista.org\/#\/schema\/person\/image\/\",\"url\":\"https:\/\/secure.gravatar.com\/avatar\/85d12dca789bb6379dc38a198e1576cd?s=96&d=mm&r=g\",\"contentUrl\":\"https:\/\/secure.gravatar.com\/avatar\/85d12dca789bb6379dc38a198e1576cd?s=96&d=mm&r=g\",\"caption\":\"Bloque Popular Juvenil\"},\"url\":\"https:\/\/elcomunista.org\/?author=1\"}]}<\/script>\n<!-- \/ Yoast SEO plugin. -->","yoast_head_json":{"title":"Inician los ataques contra la prensa obrera: El diario MAS! El Salvador publica una nota difamando a Militante BPJ","robots":{"index":"index","follow":"follow","max-snippet":"max-snippet:-1","max-image-preview":"max-image-preview:large","max-video-preview":"max-video-preview:-1"},"canonical":"https:\/\/elcomunista.org\/?p=71","og_locale":"es_ES","og_type":"article","og_title":"Inician los ataques contra la prensa obrera: El diario MAS! El Salvador publica una nota difamando a Militante BPJ","og_description":"El pasado lunes 9 de febrero, en el diario MAS! El Salvador, que es uno de los peri\u00f3dicos reaccionarios de la burgues\u00eda menos le\u00eddos, apareci\u00f3 una peque\u00f1a nota difamando, mintiendo y tergiversando las ideas de nuestro peri\u00f3dico Militante BPJ. Esto esta enmarcado dentro de la campa\u00f1a de miedo de la burgues\u00eda de cara a las...","og_url":"https:\/\/elcomunista.org\/?p=71","og_site_name":"Revoluci\u00f3n Comunista","article_publisher":"https:\/\/www.facebook.com\/Bloquepopularjuvenil","article_published_time":"2009-02-11T20:52:45+00:00","article_modified_time":"2021-07-28T18:33:17+00:00","og_image":[{"width":160,"height":103,"url":"https:\/\/elcomunista.org\/wp-content\/uploads\/2009\/02\/revista_roja_2.jpg","type":"image\/jpeg"}],"author":"Bloque Popular Juvenil","twitter_card":"summary_large_image","twitter_creator":"@ElBPJ","twitter_site":"@ElBPJ","twitter_misc":{"Escrito por":"Bloque Popular Juvenil","Tiempo de lectura":"4 minutos"},"schema":{"@context":"https:\/\/schema.org","@graph":[{"@type":"Article","@id":"https:\/\/elcomunista.org\/?p=71#article","isPartOf":{"@id":"https:\/\/elcomunista.org\/?p=71"},"author":{"name":"Bloque Popular Juvenil","@id":"https:\/\/elcomunista.org\/#\/schema\/person\/d55d5350d790a4464cbc0e898065567d"},"headline":"Inician los ataques contra la prensa obrera: El diario MAS! El Salvador publica una nota difamando a Militante BPJ","datePublished":"2009-02-11T20:52:45+00:00","dateModified":"2021-07-28T18:33:17+00:00","mainEntityOfPage":{"@id":"https:\/\/elcomunista.org\/?p=71"},"wordCount":768,"commentCount":0,"publisher":{"@id":"https:\/\/elcomunista.org\/#organization"},"image":{"@id":"https:\/\/elcomunista.org\/?p=71#primaryimage"},"thumbnailUrl":"https:\/\/elcomunista.org\/wp-content\/uploads\/2009\/02\/revista_roja_2.jpg","articleSection":["Archivo"],"inLanguage":"es","potentialAction":[{"@type":"CommentAction","name":"Comment","target":["https:\/\/elcomunista.org\/?p=71#respond"]}]},{"@type":"WebPage","@id":"https:\/\/elcomunista.org\/?p=71","url":"https:\/\/elcomunista.org\/?p=71","name":"Inician los ataques contra la prensa obrera: El diario MAS! El Salvador publica una nota difamando a Militante BPJ","isPartOf":{"@id":"https:\/\/elcomunista.org\/#website"},"primaryImageOfPage":{"@id":"https:\/\/elcomunista.org\/?p=71#primaryimage"},"image":{"@id":"https:\/\/elcomunista.org\/?p=71#primaryimage"},"thumbnailUrl":"https:\/\/elcomunista.org\/wp-content\/uploads\/2009\/02\/revista_roja_2.jpg","datePublished":"2009-02-11T20:52:45+00:00","dateModified":"2021-07-28T18:33:17+00:00","breadcrumb":{"@id":"https:\/\/elcomunista.org\/?p=71#breadcrumb"},"inLanguage":"es","potentialAction":[{"@type":"ReadAction","target":["https:\/\/elcomunista.org\/?p=71"]}]},{"@type":"ImageObject","inLanguage":"es","@id":"https:\/\/elcomunista.org\/?p=71#primaryimage","url":"https:\/\/elcomunista.org\/wp-content\/uploads\/2009\/02\/revista_roja_2.jpg","contentUrl":"https:\/\/elcomunista.org\/wp-content\/uploads\/2009\/02\/revista_roja_2.jpg","width":160,"height":103},{"@type":"BreadcrumbList","@id":"https:\/\/elcomunista.org\/?p=71#breadcrumb","itemListElement":[{"@type":"ListItem","position":1,"name":"Portada","item":"https:\/\/elcomunista.org\/"},{"@type":"ListItem","position":2,"name":"Inician los ataques contra la prensa obrera: El diario MAS! El Salvador publica una nota difamando a Militante BPJ"}]},{"@type":"WebSite","@id":"https:\/\/elcomunista.org\/#website","url":"https:\/\/elcomunista.org\/","name":"Revoluci\u00f3n Comunista","description":"Internacional Comunista Revolucionaria","publisher":{"@id":"https:\/\/elcomunista.org\/#organization"},"potentialAction":[{"@type":"SearchAction","target":{"@type":"EntryPoint","urlTemplate":"https:\/\/elcomunista.org\/?s={search_term_string}"},"query-input":{"@type":"PropertyValueSpecification","valueRequired":true,"valueName":"search_term_string"}}],"inLanguage":"es"},{"@type":"Organization","@id":"https:\/\/elcomunista.org\/#organization","name":"Bloque Popular Juvenil","url":"https:\/\/elcomunista.org\/","logo":{"@type":"ImageObject","inLanguage":"es","@id":"https:\/\/elcomunista.org\/#\/schema\/logo\/image\/","url":"https:\/\/bloquepopularjuvenil.org\/wp-content\/uploads\/2018\/11\/bpj-militante.jpg","contentUrl":"https:\/\/bloquepopularjuvenil.org\/wp-content\/uploads\/2018\/11\/bpj-militante.jpg","width":4000,"height":1390,"caption":"Bloque Popular Juvenil"},"image":{"@id":"https:\/\/elcomunista.org\/#\/schema\/logo\/image\/"},"sameAs":["https:\/\/www.facebook.com\/Bloquepopularjuvenil","https:\/\/x.com\/ElBPJ","https:\/\/www.instagram.com\/elbloque_bpj\/?hl=es-la"]},{"@type":"Person","@id":"https:\/\/elcomunista.org\/#\/schema\/person\/d55d5350d790a4464cbc0e898065567d","name":"Bloque Popular Juvenil","image":{"@type":"ImageObject","inLanguage":"es","@id":"https:\/\/elcomunista.org\/#\/schema\/person\/image\/","url":"https:\/\/secure.gravatar.com\/avatar\/85d12dca789bb6379dc38a198e1576cd?s=96&d=mm&r=g","contentUrl":"https:\/\/secure.gravatar.com\/avatar\/85d12dca789bb6379dc38a198e1576cd?s=96&d=mm&r=g","caption":"Bloque Popular Juvenil"},"url":"https:\/\/elcomunista.org\/?author=1"}]}},"jetpack_featured_media_url":"https:\/\/elcomunista.org\/wp-content\/uploads\/2009\/02\/revista_roja_2.jpg","jetpack_likes_enabled":true,"jetpack_sharing_enabled":true,"_links":{"self":[{"href":"https:\/\/elcomunista.org\/index.php?rest_route=\/wp\/v2\/posts\/71"}],"collection":[{"href":"https:\/\/elcomunista.org\/index.php?rest_route=\/wp\/v2\/posts"}],"about":[{"href":"https:\/\/elcomunista.org\/index.php?rest_route=\/wp\/v2\/types\/post"}],"author":[{"embeddable":true,"href":"https:\/\/elcomunista.org\/index.php?rest_route=\/wp\/v2\/users\/1"}],"replies":[{"embeddable":true,"href":"https:\/\/elcomunista.org\/index.php?rest_route=%2Fwp%2Fv2%2Fcomments&post=71"}],"version-history":[{"count":0,"href":"https:\/\/elcomunista.org\/index.php?rest_route=\/wp\/v2\/posts\/71\/revisions"}],"wp:featuredmedia":[{"embeddable":true,"href":"https:\/\/elcomunista.org\/index.php?rest_route=\/wp\/v2\/media\/69"}],"wp:attachment":[{"href":"https:\/\/elcomunista.org\/index.php?rest_route=%2Fwp%2Fv2%2Fmedia&parent=71"}],"wp:term":[{"taxonomy":"category","embeddable":true,"href":"https:\/\/elcomunista.org\/index.php?rest_route=%2Fwp%2Fv2%2Fcategories&post=71"},{"taxonomy":"post_tag","embeddable":true,"href":"https:\/\/elcomunista.org\/index.php?rest_route=%2Fwp%2Fv2%2Ftags&post=71"}],"curies":[{"name":"wp","href":"https:\/\/api.w.org\/{rel}","templated":true}]}}