{"id":7966,"date":"2020-03-03T13:18:45","date_gmt":"2020-03-03T19:18:45","guid":{"rendered":"http:\/\/bloquepopularjuvenil.org\/?p=7966"},"modified":"2020-03-03T13:18:52","modified_gmt":"2020-03-03T19:18:52","slug":"coronavirus-en-italia-si-a-la-defensa-de-la-salud-no-a-las-medidas-indiscriminadas-ni-al-alarmismo","status":"publish","type":"post","link":"https:\/\/elcomunista.org\/?p=7966","title":{"rendered":"Coronavirus en Italia: \u00a1S\u00ed a la defensa de la salud! \u00a1No a las medidas indiscriminadas ni al alarmismo!"},"content":{"rendered":"<p>El siguiente art\u00edculo, publicado originalmente el 26 de febrero por\u00a0<a href=\"https:\/\/www.rivoluzione.red\/\" target=\"_blank\" rel=\"noopener noreferrer\">Sinistra classe rivoluzione<\/a>, critica la respuesta del gobierno italiano a la epidemia de coronavirus. En lugar de informar al p\u00fablico y proteger la salud p\u00fablica, el gobierno ha creado un p\u00e1nico innecesario, promulgado medidas ineficientes y suprimido los derechos de huelga y de reuni\u00f3n p\u00fablica.<\/p>\n<section class=\"article-content\">\n<p>El temor p\u00fablico a la propagaci\u00f3n del Covid-19 (coronavirus) est\u00e1 justificado, sobre todo porque el peligro a\u00fan no se entiende del todo. Frente a un fen\u00f3meno que a\u00fan debe evaluarse, es correcto actuar con cautela tanto en la vida cotidiana como en el comportamiento social.<\/p>\n<p>Sin embargo, las medidas adoptadas hasta ahora por el Gobierno y, posteriormente, por los dem\u00e1s \u00f3rganos administrativos, no han logrado crear conciencia ni asumir responsabilidades, sino que han avivado el miedo y creado pasividad, al tiempo que han descargado la mayor parte de las consecuencias de sus medidas en los trabajadores y los pobres.<\/p>\n<p>Las inevitables contradicciones de los decretos emitidos son contundentes: se puede ir a trabajar, se puede ir al centro comercial (con o sin p\u00e1nico y acaparamiento), y m\u00e1s all\u00e1 de eso, el consejo es encerrarse en la casa y \u00abconfiar en las autoridades\u00bb.<\/p>\n<p>A esto se a\u00f1ade el aislamiento, hasta la fecha, de aproximadamente 50.000 personas, que han sido confinadas en los municipios de mayor riesgo.<\/p>\n<h4><span style=\"color: #800000;\"><strong>\u00bfUna respuesta efectiva?<\/strong><\/span><\/h4>\n<p>\u00bfSon necesarias estas medidas para contener la infecci\u00f3n? Se puede dudar razonablemente. Los estudios realizados sobre epidemias anteriores (H1N1, o \u00abgripe porcina\u00bb y SARS) han demostrado que los controles generales a gran escala (en fronteras, aeropuertos y mediante cuarentenas masivas, etc.) han tenido un efecto m\u00ednimo, desviando recursos preciosos hacia medidas ineficaces.<\/p>\n<p>Esto es a\u00fan m\u00e1s cierto en el presente caso, cuando est\u00e1 claro que incluso los pacientes \u00abasintom\u00e1ticos\u00bb pueden transmitir el virus. Los controles y el aislamiento pueden ser indudablemente eficaces si se utilizan de manera dirigida a quienes han estado realmente expuestos a un peligro de contagio espec\u00edfico.<\/p>\n<p>Peor a\u00fan es el alarmismo difundido por los medios de comunicaci\u00f3n y los \u201cespecialistas\u201d de los programas de entrevistas. Comparar el coronavirus con la llamada \u00abGripe Espa\u00f1ola\u00bb de 1918-1919 es m\u00e1s que una alarma razonable. La gripe espa\u00f1ola se cobr\u00f3 decenas de millones de v\u00edctimas en una Europa que sal\u00eda de una guerra mundial, con una poblaci\u00f3n debilitada por el hambre y la enfermedad, y afect\u00f3 a millones de soldados que hab\u00edan pasado a\u00f1os en las trincheras, en una \u00e9poca en que no exist\u00edan servicios nacionales de salud. \u00bfQu\u00e9 tiene que ver con la situaci\u00f3n actual?<\/p>\n<p>Asimismo, es necesario contextualizar la elevada tasa de mortalidad (2,3% de los casos, unas 20 veces m\u00e1s que la gripe normal), ya que afecta desproporcionadamente a los pacientes de edad avanzada y a las personas con otras patolog\u00edas, y tambi\u00e9n se refiere a la fase inicial de la epidemia en la que no se conoc\u00eda la naturaleza del peligro ni las medidas necesarias que hab\u00eda que adoptar.<\/p>\n<p>No es una coincidencia que en China la mortalidad fuera del 2,9% en la provincia de Hubei, la primera y m\u00e1s afectada, mientras que en las dem\u00e1s provincias, que fueron afectadas m\u00e1s tarde, descendi\u00f3 al 0,4%.<\/p>\n<p>Esto no significa minimizar o trivializar el peligro reduci\u00e9ndolo a una estad\u00edstica abstracta, sino todo lo contrario: nos protegemos ante todo con la conciencia. Aqu\u00ed, sin embargo, el mensaje es lo contrario: hay que tener miedo y afrontar el peligro solo.<\/p>\n<p>\u00bfTiene hijos peque\u00f1os y la escuela est\u00e1 cerrada? Es tu problema. \u00bfEres un trabajador precario (por ejemplo, los miles de educadores que apoyan a las escuelas)? Qu\u00e9date en casa sin un salario. En Mil\u00e1n los bares est\u00e1n cerrados&#8230; desde las 6 de la tarde hasta las 6 de la ma\u00f1ana. Ve a trabajar, es cosa tuya si te infectas, pero no puedes ir a la cantina.<\/p>\n<p>Puedes ir a la f\u00e1brica, detenerte en la caja del supermercado, conducir un autob\u00fas y hacer entregas en toda la ciudad, pero la carrera a campo a trav\u00e9s organizada por el club deportivo de la ciudad es suprimida por el prefecto o el alcalde.<\/p>\n<p>Los decretos emitidos contienen cientos de estas absurdas y exasperantes contradicciones.<\/p>\n<p>El aislamiento de pa\u00edses y comunidades enteras facilita en realidad la propagaci\u00f3n del contagio, y no al rev\u00e9s. Un caso extremo es el del crucero japon\u00e9s Diamond Princess, donde la cuarentena tuvo el efecto de enfermar a unos 690 de los 3.700 pasajeros y tripulantes. S\u00f3lo despu\u00e9s de semanas de controversia y enfrentamientos qued\u00f3 claro que el aislamiento, en la medida en que fuera necesario, deb\u00eda hacerse en tierra firme, diferenciando entre las diferentes situaciones.<\/p>\n<h4><span style=\"color: #800000;\"><strong>Supresi\u00f3n de reuniones<\/strong><\/span><\/h4>\n<p>El gobierno persigui\u00f3 objetivamente a la Liga (partido de extrema derecha) en el desarrollo de su respuesta a la emergencia. La maniobra tuvo un cierto \u00e9xito superficial, hasta el punto de que Salvini, sin saber ya qu\u00e9 decir, ha sugerido cerrar las fronteras francesas. Tal vez superado con entusiasmo, el gobierno intent\u00f3 prohibir cualquier manifestaci\u00f3n p\u00fablica: al aire libre o en espacios cerrados. Tambi\u00e9n desliz\u00f3 una \u00abinvitaci\u00f3n\u00bb (l\u00e9ase: orden) para suspender todas las huelgas y manifestaciones pol\u00edticas hasta el 31 de marzo.<\/p>\n<p>Por lo tanto, los trabajadores de Whirlpool cuya f\u00e1brica est\u00e1 siendo cerrada; los empleados de Air Italy o Auchan que han sido despedidos; los profesores y el personal de las escuelas sin contrato, \u00a1deben guardar silencio y no protestar! Vayan al centro comercial a llenar su carrito de conservas, y luego enci\u00e9rrense en casa y vean el recuento de infecciones y los noticieros con mascarillas en la televisi\u00f3n.<\/p>\n<p>Es escandaloso que los l\u00edderes sindicales hayan aceptado estas medidas e incluso suspendido asambleas de todo tipo en los centros de trabajo.<\/p>\n<p>Y hablando de sindicatos y trabajadores: ahora todo el mundo se apresura a decir lo heroicos que han sido los trabajadores sanitarios que est\u00e1n en la primera l\u00ednea de esta emergencia, que han hecho doble turno y se han expuesto al contagio. Sin embargo, nadie, o casi nadie, recuerda que los contratos nacionales de estos trabajadores expiraron hace 18 meses. Tras 30 a\u00f1os de corporativizaci\u00f3n, el Servicio Nacional de Salud se ha visto sistem\u00e1ticamente socavado, provocando cierres y fusi\u00f3n de estructuras (incluidas las unidades de cuidados intensivos); recorte de camas y desmantelamiento de los servicios de prevenci\u00f3n y territoriales. La regionalizaci\u00f3n y la corporativizaci\u00f3n implican una menor coordinaci\u00f3n entre los territorios y las estructuras, en detrimento de la salud de los ciudadanos y de las condiciones de los trabajadores. Las estructuras privadas, que se han engordado con estas pol\u00edticas, hasta ahora no han movido ni un dedo para contribuir a los esfuerzos contra la epidemia.<\/p>\n<p>En lugar de arrastrarse ante las medidas del gobierno, los sindicatos deben movilizarse para proteger a los trabajadores y evitar que el costo de esta emergencia se les traslade. En particular, deben exigir:<\/p>\n<p>\u00a0Redes de seguridad social para todos aquellos que se ven obligados a perder d\u00edas de trabajo, tanto por el cierre de los centros de trabajo (como cines, restaurantes, etc.) como por otras consecuencias de los decretos gubernamentales, como las restricciones a las escuelas, centros de atenci\u00f3n, etc., que obligan a la gente com\u00fan a cuidar de los menores, los ancianos, los discapacitados, etc., sin poder acceder a los servicios p\u00fablicos;<\/p>\n<ul>\n<li>El acceso a las redes de seguridad social tambi\u00e9n para los trabajadores precarios que se quedan en casa como resultado de la suspensi\u00f3n de ciertas actividades;<\/li>\n<li>Alivio gratuito de la sobrecarga de los servicios p\u00fablicos por parte las compa\u00f1\u00edas privadas de salud y hospitales privados, sin compensaci\u00f3n;<\/li>\n<li>Un nuevo convenio nacional para el personal sanitario con condiciones adecuadas;<\/li>\n<li>El costo de los dispositivos de protecci\u00f3n, la formaci\u00f3n en materia de salud y otras medidas de precauci\u00f3n adoptadas por los centros de trabajo deben ser sufragados en su totalidad por los patronos, e introducidos bajo el control de los trabajadores y delegados sindicales;<\/li>\n<li>Ninguna prohibici\u00f3n de actividades pol\u00edticas y sindicales (asambleas, etc.). Las excepciones s\u00f3lo pueden discutirse con los propios trabajadores o colectivos afectados en casos concretos en los que se eval\u00fae y se justifique la necesidad.<\/li>\n<\/ul>\n<p>\u00a0\u00a1No aceptamos que, en nombre de la emergencia, siempre nos toque pagar a los mismos mientras el gobierno garantiza que los patrones puedan seguir obteniendo beneficios descargando todos los costes sobre la clase obrera!<\/p>\n<\/section>","protected":false},"excerpt":{"rendered":"<p>El siguiente art\u00edculo, publicado originalmente el 26 de febrero por\u00a0Sinistra classe rivoluzione, critica la respuesta del gobierno italiano a la epidemia de coronavirus. En lugar de informar al p\u00fablico y proteger la salud p\u00fablica, el gobierno ha creado un p\u00e1nico innecesario, promulgado medidas ineficientes y suprimido los derechos de huelga y de reuni\u00f3n p\u00fablica. El&#8230;<\/p>\n","protected":false},"author":47,"featured_media":7967,"comment_status":"open","ping_status":"open","sticky":false,"template":"","format":"standard","meta":{"_monsterinsights_skip_tracking":false,"_monsterinsights_sitenote_active":false,"_monsterinsights_sitenote_note":"","_monsterinsights_sitenote_category":0,"_uf_show_specific_survey":0,"_uf_disable_surveys":false,"_jetpack_memberships_contains_paid_content":false,"footnotes":""},"categories":[35,537],"tags":[1043,263],"class_list":["post-7966","post","type-post","status-publish","format-standard","has-post-thumbnail","hentry","category-italia","category-principales","tag-coronavirus","tag-italia"],"aioseo_notices":[],"yoast_head":"<!-- This site is optimized with the Yoast SEO plugin v25.6 - https:\/\/yoast.com\/wordpress\/plugins\/seo\/ -->\n<title>Coronavirus en Italia: \u00a1S\u00ed a la defensa de la salud! \u00a1No a las medidas indiscriminadas ni al alarmismo!<\/title>\n<meta name=\"robots\" content=\"index, follow, max-snippet:-1, max-image-preview:large, max-video-preview:-1\" \/>\n<link rel=\"canonical\" href=\"https:\/\/elcomunista.org\/?p=7966\" \/>\n<meta property=\"og:locale\" content=\"es_ES\" \/>\n<meta property=\"og:type\" content=\"article\" \/>\n<meta property=\"og:title\" content=\"Coronavirus en Italia: \u00a1S\u00ed a la defensa de la salud! \u00a1No a las medidas indiscriminadas ni al alarmismo!\" \/>\n<meta property=\"og:description\" content=\"El siguiente art\u00edculo, publicado originalmente el 26 de febrero por\u00a0Sinistra classe rivoluzione, critica la respuesta del gobierno italiano a la epidemia de coronavirus. En lugar de informar al p\u00fablico y proteger la salud p\u00fablica, el gobierno ha creado un p\u00e1nico innecesario, promulgado medidas ineficientes y suprimido los derechos de huelga y de reuni\u00f3n p\u00fablica. El...\" \/>\n<meta property=\"og:url\" content=\"https:\/\/elcomunista.org\/?p=7966\" \/>\n<meta property=\"og:site_name\" content=\"Revoluci\u00f3n Comunista\" \/>\n<meta property=\"article:publisher\" content=\"https:\/\/www.facebook.com\/Bloquepopularjuvenil\" \/>\n<meta property=\"article:published_time\" content=\"2020-03-03T19:18:45+00:00\" \/>\n<meta property=\"article:modified_time\" content=\"2020-03-03T19:18:52+00:00\" \/>\n<meta property=\"og:image\" content=\"https:\/\/elcomunista.org\/wp-content\/uploads\/2020\/03\/Italia_Coronavirus_mar_20.png\" \/>\n\t<meta property=\"og:image:width\" content=\"477\" \/>\n\t<meta property=\"og:image:height\" content=\"330\" \/>\n\t<meta property=\"og:image:type\" content=\"image\/png\" \/>\n<meta name=\"author\" content=\"Sinistra Classe Rivoluzione - Italia\" \/>\n<meta name=\"twitter:card\" content=\"summary_large_image\" \/>\n<meta name=\"twitter:creator\" content=\"@ElBPJ\" \/>\n<meta name=\"twitter:site\" content=\"@ElBPJ\" \/>\n<meta name=\"twitter:label1\" content=\"Escrito por\" \/>\n\t<meta name=\"twitter:data1\" content=\"Sinistra Classe Rivoluzione - Italia\" \/>\n\t<meta name=\"twitter:label2\" content=\"Tiempo de lectura\" \/>\n\t<meta name=\"twitter:data2\" content=\"7 minutos\" \/>\n<script type=\"application\/ld+json\" class=\"yoast-schema-graph\">{\"@context\":\"https:\/\/schema.org\",\"@graph\":[{\"@type\":\"Article\",\"@id\":\"https:\/\/elcomunista.org\/?p=7966#article\",\"isPartOf\":{\"@id\":\"https:\/\/elcomunista.org\/?p=7966\"},\"author\":{\"name\":\"Sinistra Classe Rivoluzione - Italia\",\"@id\":\"https:\/\/elcomunista.org\/#\/schema\/person\/502721b6d539c69d5554f0249198e4fe\"},\"headline\":\"Coronavirus en Italia: \u00a1S\u00ed a la defensa de la salud! \u00a1No a las medidas indiscriminadas ni al alarmismo!\",\"datePublished\":\"2020-03-03T19:18:45+00:00\",\"dateModified\":\"2020-03-03T19:18:52+00:00\",\"mainEntityOfPage\":{\"@id\":\"https:\/\/elcomunista.org\/?p=7966\"},\"wordCount\":1464,\"commentCount\":0,\"publisher\":{\"@id\":\"https:\/\/elcomunista.org\/#organization\"},\"image\":{\"@id\":\"https:\/\/elcomunista.org\/?p=7966#primaryimage\"},\"thumbnailUrl\":\"https:\/\/elcomunista.org\/wp-content\/uploads\/2020\/03\/Italia_Coronavirus_mar_20.png\",\"keywords\":[\"Coronavirus\",\"Italia\"],\"articleSection\":[\"Italia\",\"Principales\"],\"inLanguage\":\"es\",\"potentialAction\":[{\"@type\":\"CommentAction\",\"name\":\"Comment\",\"target\":[\"https:\/\/elcomunista.org\/?p=7966#respond\"]}]},{\"@type\":\"WebPage\",\"@id\":\"https:\/\/elcomunista.org\/?p=7966\",\"url\":\"https:\/\/elcomunista.org\/?p=7966\",\"name\":\"Coronavirus en Italia: \u00a1S\u00ed a la defensa de la salud! \u00a1No a las medidas indiscriminadas ni al alarmismo!\",\"isPartOf\":{\"@id\":\"https:\/\/elcomunista.org\/#website\"},\"primaryImageOfPage\":{\"@id\":\"https:\/\/elcomunista.org\/?p=7966#primaryimage\"},\"image\":{\"@id\":\"https:\/\/elcomunista.org\/?p=7966#primaryimage\"},\"thumbnailUrl\":\"https:\/\/elcomunista.org\/wp-content\/uploads\/2020\/03\/Italia_Coronavirus_mar_20.png\",\"datePublished\":\"2020-03-03T19:18:45+00:00\",\"dateModified\":\"2020-03-03T19:18:52+00:00\",\"breadcrumb\":{\"@id\":\"https:\/\/elcomunista.org\/?p=7966#breadcrumb\"},\"inLanguage\":\"es\",\"potentialAction\":[{\"@type\":\"ReadAction\",\"target\":[\"https:\/\/elcomunista.org\/?p=7966\"]}]},{\"@type\":\"ImageObject\",\"inLanguage\":\"es\",\"@id\":\"https:\/\/elcomunista.org\/?p=7966#primaryimage\",\"url\":\"https:\/\/elcomunista.org\/wp-content\/uploads\/2020\/03\/Italia_Coronavirus_mar_20.png\",\"contentUrl\":\"https:\/\/elcomunista.org\/wp-content\/uploads\/2020\/03\/Italia_Coronavirus_mar_20.png\",\"width\":477,\"height\":330},{\"@type\":\"BreadcrumbList\",\"@id\":\"https:\/\/elcomunista.org\/?p=7966#breadcrumb\",\"itemListElement\":[{\"@type\":\"ListItem\",\"position\":1,\"name\":\"Portada\",\"item\":\"https:\/\/elcomunista.org\/\"},{\"@type\":\"ListItem\",\"position\":2,\"name\":\"Coronavirus en Italia: \u00a1S\u00ed a la defensa de la salud! \u00a1No a las medidas indiscriminadas ni al alarmismo!\"}]},{\"@type\":\"WebSite\",\"@id\":\"https:\/\/elcomunista.org\/#website\",\"url\":\"https:\/\/elcomunista.org\/\",\"name\":\"Revoluci\u00f3n Comunista\",\"description\":\"Internacional Comunista Revolucionaria\",\"publisher\":{\"@id\":\"https:\/\/elcomunista.org\/#organization\"},\"potentialAction\":[{\"@type\":\"SearchAction\",\"target\":{\"@type\":\"EntryPoint\",\"urlTemplate\":\"https:\/\/elcomunista.org\/?s={search_term_string}\"},\"query-input\":{\"@type\":\"PropertyValueSpecification\",\"valueRequired\":true,\"valueName\":\"search_term_string\"}}],\"inLanguage\":\"es\"},{\"@type\":\"Organization\",\"@id\":\"https:\/\/elcomunista.org\/#organization\",\"name\":\"Bloque Popular Juvenil\",\"url\":\"https:\/\/elcomunista.org\/\",\"logo\":{\"@type\":\"ImageObject\",\"inLanguage\":\"es\",\"@id\":\"https:\/\/elcomunista.org\/#\/schema\/logo\/image\/\",\"url\":\"https:\/\/bloquepopularjuvenil.org\/wp-content\/uploads\/2018\/11\/bpj-militante.jpg\",\"contentUrl\":\"https:\/\/bloquepopularjuvenil.org\/wp-content\/uploads\/2018\/11\/bpj-militante.jpg\",\"width\":4000,\"height\":1390,\"caption\":\"Bloque Popular Juvenil\"},\"image\":{\"@id\":\"https:\/\/elcomunista.org\/#\/schema\/logo\/image\/\"},\"sameAs\":[\"https:\/\/www.facebook.com\/Bloquepopularjuvenil\",\"https:\/\/x.com\/ElBPJ\",\"https:\/\/www.instagram.com\/elbloque_bpj\/?hl=es-la\"]},{\"@type\":\"Person\",\"@id\":\"https:\/\/elcomunista.org\/#\/schema\/person\/502721b6d539c69d5554f0249198e4fe\",\"name\":\"Sinistra Classe Rivoluzione - Italia\",\"image\":{\"@type\":\"ImageObject\",\"inLanguage\":\"es\",\"@id\":\"https:\/\/elcomunista.org\/#\/schema\/person\/image\/\",\"url\":\"https:\/\/secure.gravatar.com\/avatar\/a4d2b03cd536209baa01a4e9f643ac83?s=96&d=mm&r=g\",\"contentUrl\":\"https:\/\/secure.gravatar.com\/avatar\/a4d2b03cd536209baa01a4e9f643ac83?s=96&d=mm&r=g\",\"caption\":\"Sinistra Classe Rivoluzione - Italia\"},\"url\":\"https:\/\/elcomunista.org\/?author=47\"}]}<\/script>\n<!-- \/ Yoast SEO plugin. -->","yoast_head_json":{"title":"Coronavirus en Italia: \u00a1S\u00ed a la defensa de la salud! \u00a1No a las medidas indiscriminadas ni al alarmismo!","robots":{"index":"index","follow":"follow","max-snippet":"max-snippet:-1","max-image-preview":"max-image-preview:large","max-video-preview":"max-video-preview:-1"},"canonical":"https:\/\/elcomunista.org\/?p=7966","og_locale":"es_ES","og_type":"article","og_title":"Coronavirus en Italia: \u00a1S\u00ed a la defensa de la salud! \u00a1No a las medidas indiscriminadas ni al alarmismo!","og_description":"El siguiente art\u00edculo, publicado originalmente el 26 de febrero por\u00a0Sinistra classe rivoluzione, critica la respuesta del gobierno italiano a la epidemia de coronavirus. En lugar de informar al p\u00fablico y proteger la salud p\u00fablica, el gobierno ha creado un p\u00e1nico innecesario, promulgado medidas ineficientes y suprimido los derechos de huelga y de reuni\u00f3n p\u00fablica. El...","og_url":"https:\/\/elcomunista.org\/?p=7966","og_site_name":"Revoluci\u00f3n Comunista","article_publisher":"https:\/\/www.facebook.com\/Bloquepopularjuvenil","article_published_time":"2020-03-03T19:18:45+00:00","article_modified_time":"2020-03-03T19:18:52+00:00","og_image":[{"width":477,"height":330,"url":"https:\/\/elcomunista.org\/wp-content\/uploads\/2020\/03\/Italia_Coronavirus_mar_20.png","type":"image\/png"}],"author":"Sinistra Classe Rivoluzione - Italia","twitter_card":"summary_large_image","twitter_creator":"@ElBPJ","twitter_site":"@ElBPJ","twitter_misc":{"Escrito por":"Sinistra Classe Rivoluzione - Italia","Tiempo de lectura":"7 minutos"},"schema":{"@context":"https:\/\/schema.org","@graph":[{"@type":"Article","@id":"https:\/\/elcomunista.org\/?p=7966#article","isPartOf":{"@id":"https:\/\/elcomunista.org\/?p=7966"},"author":{"name":"Sinistra Classe Rivoluzione - Italia","@id":"https:\/\/elcomunista.org\/#\/schema\/person\/502721b6d539c69d5554f0249198e4fe"},"headline":"Coronavirus en Italia: \u00a1S\u00ed a la defensa de la salud! \u00a1No a las medidas indiscriminadas ni al alarmismo!","datePublished":"2020-03-03T19:18:45+00:00","dateModified":"2020-03-03T19:18:52+00:00","mainEntityOfPage":{"@id":"https:\/\/elcomunista.org\/?p=7966"},"wordCount":1464,"commentCount":0,"publisher":{"@id":"https:\/\/elcomunista.org\/#organization"},"image":{"@id":"https:\/\/elcomunista.org\/?p=7966#primaryimage"},"thumbnailUrl":"https:\/\/elcomunista.org\/wp-content\/uploads\/2020\/03\/Italia_Coronavirus_mar_20.png","keywords":["Coronavirus","Italia"],"articleSection":["Italia","Principales"],"inLanguage":"es","potentialAction":[{"@type":"CommentAction","name":"Comment","target":["https:\/\/elcomunista.org\/?p=7966#respond"]}]},{"@type":"WebPage","@id":"https:\/\/elcomunista.org\/?p=7966","url":"https:\/\/elcomunista.org\/?p=7966","name":"Coronavirus en Italia: \u00a1S\u00ed a la defensa de la salud! \u00a1No a las medidas indiscriminadas ni al alarmismo!","isPartOf":{"@id":"https:\/\/elcomunista.org\/#website"},"primaryImageOfPage":{"@id":"https:\/\/elcomunista.org\/?p=7966#primaryimage"},"image":{"@id":"https:\/\/elcomunista.org\/?p=7966#primaryimage"},"thumbnailUrl":"https:\/\/elcomunista.org\/wp-content\/uploads\/2020\/03\/Italia_Coronavirus_mar_20.png","datePublished":"2020-03-03T19:18:45+00:00","dateModified":"2020-03-03T19:18:52+00:00","breadcrumb":{"@id":"https:\/\/elcomunista.org\/?p=7966#breadcrumb"},"inLanguage":"es","potentialAction":[{"@type":"ReadAction","target":["https:\/\/elcomunista.org\/?p=7966"]}]},{"@type":"ImageObject","inLanguage":"es","@id":"https:\/\/elcomunista.org\/?p=7966#primaryimage","url":"https:\/\/elcomunista.org\/wp-content\/uploads\/2020\/03\/Italia_Coronavirus_mar_20.png","contentUrl":"https:\/\/elcomunista.org\/wp-content\/uploads\/2020\/03\/Italia_Coronavirus_mar_20.png","width":477,"height":330},{"@type":"BreadcrumbList","@id":"https:\/\/elcomunista.org\/?p=7966#breadcrumb","itemListElement":[{"@type":"ListItem","position":1,"name":"Portada","item":"https:\/\/elcomunista.org\/"},{"@type":"ListItem","position":2,"name":"Coronavirus en Italia: \u00a1S\u00ed a la defensa de la salud! \u00a1No a las medidas indiscriminadas ni al alarmismo!"}]},{"@type":"WebSite","@id":"https:\/\/elcomunista.org\/#website","url":"https:\/\/elcomunista.org\/","name":"Revoluci\u00f3n Comunista","description":"Internacional Comunista Revolucionaria","publisher":{"@id":"https:\/\/elcomunista.org\/#organization"},"potentialAction":[{"@type":"SearchAction","target":{"@type":"EntryPoint","urlTemplate":"https:\/\/elcomunista.org\/?s={search_term_string}"},"query-input":{"@type":"PropertyValueSpecification","valueRequired":true,"valueName":"search_term_string"}}],"inLanguage":"es"},{"@type":"Organization","@id":"https:\/\/elcomunista.org\/#organization","name":"Bloque Popular Juvenil","url":"https:\/\/elcomunista.org\/","logo":{"@type":"ImageObject","inLanguage":"es","@id":"https:\/\/elcomunista.org\/#\/schema\/logo\/image\/","url":"https:\/\/bloquepopularjuvenil.org\/wp-content\/uploads\/2018\/11\/bpj-militante.jpg","contentUrl":"https:\/\/bloquepopularjuvenil.org\/wp-content\/uploads\/2018\/11\/bpj-militante.jpg","width":4000,"height":1390,"caption":"Bloque Popular Juvenil"},"image":{"@id":"https:\/\/elcomunista.org\/#\/schema\/logo\/image\/"},"sameAs":["https:\/\/www.facebook.com\/Bloquepopularjuvenil","https:\/\/x.com\/ElBPJ","https:\/\/www.instagram.com\/elbloque_bpj\/?hl=es-la"]},{"@type":"Person","@id":"https:\/\/elcomunista.org\/#\/schema\/person\/502721b6d539c69d5554f0249198e4fe","name":"Sinistra Classe Rivoluzione - Italia","image":{"@type":"ImageObject","inLanguage":"es","@id":"https:\/\/elcomunista.org\/#\/schema\/person\/image\/","url":"https:\/\/secure.gravatar.com\/avatar\/a4d2b03cd536209baa01a4e9f643ac83?s=96&d=mm&r=g","contentUrl":"https:\/\/secure.gravatar.com\/avatar\/a4d2b03cd536209baa01a4e9f643ac83?s=96&d=mm&r=g","caption":"Sinistra Classe Rivoluzione - Italia"},"url":"https:\/\/elcomunista.org\/?author=47"}]}},"jetpack_featured_media_url":"https:\/\/elcomunista.org\/wp-content\/uploads\/2020\/03\/Italia_Coronavirus_mar_20.png","jetpack_likes_enabled":true,"jetpack_sharing_enabled":true,"_links":{"self":[{"href":"https:\/\/elcomunista.org\/index.php?rest_route=\/wp\/v2\/posts\/7966"}],"collection":[{"href":"https:\/\/elcomunista.org\/index.php?rest_route=\/wp\/v2\/posts"}],"about":[{"href":"https:\/\/elcomunista.org\/index.php?rest_route=\/wp\/v2\/types\/post"}],"author":[{"embeddable":true,"href":"https:\/\/elcomunista.org\/index.php?rest_route=\/wp\/v2\/users\/47"}],"replies":[{"embeddable":true,"href":"https:\/\/elcomunista.org\/index.php?rest_route=%2Fwp%2Fv2%2Fcomments&post=7966"}],"version-history":[{"count":0,"href":"https:\/\/elcomunista.org\/index.php?rest_route=\/wp\/v2\/posts\/7966\/revisions"}],"wp:featuredmedia":[{"embeddable":true,"href":"https:\/\/elcomunista.org\/index.php?rest_route=\/wp\/v2\/media\/7967"}],"wp:attachment":[{"href":"https:\/\/elcomunista.org\/index.php?rest_route=%2Fwp%2Fv2%2Fmedia&parent=7966"}],"wp:term":[{"taxonomy":"category","embeddable":true,"href":"https:\/\/elcomunista.org\/index.php?rest_route=%2Fwp%2Fv2%2Fcategories&post=7966"},{"taxonomy":"post_tag","embeddable":true,"href":"https:\/\/elcomunista.org\/index.php?rest_route=%2Fwp%2Fv2%2Ftags&post=7966"}],"curies":[{"name":"wp","href":"https:\/\/api.w.org\/{rel}","templated":true}]}}