{"id":8074,"date":"2020-03-18T18:54:50","date_gmt":"2020-03-19T00:54:50","guid":{"rendered":"http:\/\/bloquepopularjuvenil.org\/?p=8074"},"modified":"2020-03-18T18:54:57","modified_gmt":"2020-03-19T00:54:57","slug":"espana-por-una-salida-socialista-que-evite-la-catastrofe-que-se-avecina","status":"publish","type":"post","link":"https:\/\/elcomunista.org\/?p=8074","title":{"rendered":"Espa\u00f1a: Por una salida socialista que evite la cat\u00e1strofe que se avecina"},"content":{"rendered":"<p>La epidemia global de coronavirus y la declaraci\u00f3n del Estado de Alarma han provocado el cambio m\u00e1s dr\u00e1stico en la vida de la poblaci\u00f3n espa\u00f1ola desde los primeros d\u00edas y semanas de la crisis de 2008-2009. Millones de personas permanecen recluidas en sus casas y se anuncia que m\u00e1s de un mill\u00f3n perder\u00e1, temporal o permanentemente, su puesto de trabajo. Estando de acuerdo con tomar medidas en\u00e9rgicas y audaces contra esto, \u00bfes el plan aprobado ayer por el gobierno, la manera m\u00e1s efectiva de luchar contra la epidemia y asegurar el empleo y las condiciones de vida de las familias obreras, o s\u00f3lo es \u00abpan para hoy\u00bb?<\/p>\n<section class=\"article-content\">\n<p>En\u00a0<a href=\"http:\/\/luchadeclases.org\/3315-la-crisis-del-coronavirus.html\">art\u00edculos anteriores<\/a>\u00a0ya se\u00f1alamos que la r\u00e1pida extensi\u00f3n de la epidemia de Coronavirus COVID-19 se debi\u00f3 principalmente a las vacilaciones y al miedo del gobierno a aplicar medidas en\u00e9rgicas por temor a poner en peligro los negocios de la burgues\u00eda y a enfadar a los burocracia de Bruselas con un incremento del gasto p\u00fablico para hacer frente a la epidemia.<\/p>\n<p>Desde el principio, se deb\u00edan haber incrementado los recursos sanitarios para hacer pruebas masivas del virus a la poblaci\u00f3n; se deb\u00eda haber aumentado las plantillas y equipamientos, hasta el punto de tomar el control de la sanidad privada para este fin. Se deb\u00eda haber aislado inmediatamente las zonas m\u00e1s afectadas, y paralizado parcialmente el transporte y los sectores productivos no esenciales. Y para financiar todo esto se deb\u00eda haber aprobado un impuesto especial al gran capital.<\/p>\n<p>Un pa\u00eds como Corea del Sur aplic\u00f3 estas medidas en\u00e9rgicamente y con s\u00f3lo 8.000 infectados apenas ha tenido varias docenas de muertos y ha conseguido controlar la epidemia. Mientras Corea del Sur hizo 15.000 pruebas del virus diarias para identificar el alcance de la epidemia y evitar su extensi\u00f3n, hasta 500.000; aqu\u00ed se han hecho poco m\u00e1s de 20.000 en un mes, dando tiempo a que la epidemia escapara de control.<\/p>\n<p>La derecha, pese a su demagogia, ha carecido de cualquier plan alternativo al gobierno, como prueba su escandaloso manejo de la crisis sanitaria de la Comunidad de Madrid, que concentra el 43% de los infectados y el 70% de los fallecidos de todo el pa\u00eds. La derecha y la ultraderecha han pretendido culpar, falsamente y por motivos pol\u00edticos e ideol\u00f3gicos, a la manifestaci\u00f3n del D\u00eda Internacional de la Mujer Trabajadora del 8 de marzo en Madrid por extender el contagio, mientras callan miserablemente sobre los posibles contagios producidos en las aglomeraciones habidas antes, durante y despu\u00e9s de ese d\u00eda, en los estadios de f\u00fatbol, en las estaciones de tren, autob\u00fas y aeropuertos, o en los cientos de miles de centros de trabajo donde los empresarios han juntado a millones de trabajadores sin guardar las m\u00ednimas medidas de seguridad para evitarlo. Por no hablar de la irresponsabilidad criminal de dirigentes de Vox infectados por el virus, como Ortega-Smith, que en un acto en Madrid, precisamente el 8 de marzo, supuestamente con 9.000 asistentes, repartieron besos y abrazos pese a que ya conoc\u00edan su enfermedad. No es casual que Vox sea el partido con la mayor cantidad de dirigentes nacionales infectados, \u00a1y no precisamente porque se mezclaran con feministas radicales en la mani del 8M de Madrid!<\/p>\n<p>Ahora, cuando la epidemia ha escapado de control se necesitan medidas m\u00e1s en\u00e9rgicas y audaces a\u00fan. El gobierno ha aprobado un ambicioso plan de choque que eval\u00faa en 200.000 millones de euros a aplicar inmediatamente, previendo que la crisis no dure m\u00e1s de un mes, 117.000 millones aportados por el Estado y 83.000 millones en cr\u00e9ditos a bajo inter\u00e9s disponibles por parte de la banca, respaldados por el Estado en caso de impago.<\/p>\n<p>Hay expertos que pronostican hasta m\u00e1s de un mill\u00f3n de trabajadores que podr\u00edan verse afectados por los Expedientes de Regulaci\u00f3n Temporal de Empleo (ERTE). A d\u00eda de hoy son m\u00e1s de 100.000 en todo el pa\u00eds, incluyendo grandes empresas como Iberia y otras aerol\u00edneas, restaurantes, hoteles, etc.<\/p>\n<p>Precisamente, un aspecto central del plan del gobierno es el destino de 17.000 millones de euros a pagar el 70% del salario a los cientos de miles de trabajadores que se prev\u00e9 que ir\u00e1n al paro temporalmente por la aplicaci\u00f3n de los ERTEs en miles de empresas por \u201cfuerza mayor\u201d. Este dinero no se tomar\u00eda del subsidio de desempleo acumulado por el trabajador y tambi\u00e9n se beneficiar\u00edan trabajadores que no hubieran trabajado el tiempo m\u00ednimo requerido para tener ese subsidio (12 meses).<\/p>\n<p>Est\u00e1 claro que muchas empresas querr\u00e1n aprovecharse de estos ERTEs, que ser\u00e1n autorizados en tiempo expr\u00e9s, seg\u00fan la norma aprobada, para desembarazarse de trabajadores por causas ajenas a la epidemia; sobre todo en peque\u00f1as y medianas.<\/p>\n<p>Para miles de trabajadores que trabajan en negro o en sectores muy precarios, como en el agr\u00edcola, y que ir\u00e1n al desempleo por el par\u00f3n econ\u00f3mico, no habr\u00e1 nada de nada.<\/p>\n<p>Nosotros estamos a favor del cierre de la actividad de toda empresa no esencial en el actual estado de cosas para preservar la salud de las familias trabajadoras, pero las necesidades de \u00e9stas no cambian permaneciendo en casa, por lo que exigimos que se pague el 100% del salario. Tampoco nos parece razonable que ese dinero (17.000 millones) lo asuma el Estado; es decir, el conjunto de las familias trabajadoras del pa\u00eds pues ya se sabe que los empresarios pagan una parte \u00ednfima de los impuestos y ahora menos, escud\u00e1ndose en la crisis del coronavirus. Este dinero ir\u00e1 a engrosar la deuda p\u00fablica espa\u00f1ola que ya roza el 100% de la riqueza generada en el a\u00f1o (el Producto Interno Bruto, PIB). M\u00e1s deuda significa pan para hoy y hambre para ma\u00f1ana. Ma\u00f1ana ese dinero debe devolverse con intereses, eternizando los recortes y las pol\u00edticas de austeridad incluido el gasto sanitario, como ocurri\u00f3 en a\u00f1os anteriores.<\/p>\n<p>Las empresas espa\u00f1olas han acumulado enormes beneficios en los \u00faltimos a\u00f1os. S\u00f3lo los bancos tiene en efectivo medio bill\u00f3n de euros. Que paguen un mes de salario a sus trabajadores ser\u00eda una buena muestra de solidaridad con su pueblo y sus trabajadores, pues los empresarios siempre han sido rescatados en los momentos clave con el dinero del pueblo.<\/p>\n<p>Esto podr\u00eda ser acompa\u00f1ado con un impuesto especial a las grandes empresas, menos afectadas por la crisis, por ejemplo con un 10% efectivo a sus ingresos, para utilizar en ayudas a las peque\u00f1as empresas que realmente s\u00ed tengan dificultades para pagar los salarios y otros costes.<\/p>\n<p>Otra de las medidas es que las empresas no paguen un mes de cotizaciones sociales ni impuestos. Nosotros tampoco podemos apoyar eso. La vida de los trabajadores no se alarga un mes porque dejen de trabajar ese per\u00edodo, se reduce as\u00ed un mes de sus cotizaciones por jubilaci\u00f3n, desempleo, enfermedad, etc. Exigimos que las empresas paguen sus impuestos y que las empresas peque\u00f1as sean exoneradas con el fondo conseguido con ese impuesto especial a las grandes compa\u00f1\u00edas.<\/p>\n<p>En cualquier caso, los sindicatos deber\u00edan impulsar la creaci\u00f3n de comit\u00e9s de control en cada empresa exigiendo que se abran los libros de cuenta para evaluar realmente qu\u00e9 empresa tiene liquidez y cu\u00e1l no. Que la clase obrera tenga la \u00faltima palabra sobre esto.<\/p>\n<p>Hay medidas que apoyamos como la transferencia de 600 millones para dependencia, aunque las necesidades estimadas son 2.000 millones, o la moratoria en el pago de las hipotecas para los trabajadores que queden en paro y si la hipoteca supera el 35% de los ingresos familiares. Tambi\u00e9n se suspende el corte durante un mes del suministro de electricidad, agua y telecomunicaciones. Sin embargo, no se ha tomado decisi\u00f3n alguna para los trabajadores afectados y sus familias que vivan en alquiler y cuyo pago tambi\u00e9n deber\u00edan suspenderse. Ahora m\u00e1s que nunca hay que exigir el llamado \u201cbanco malo\u201d, el SAREB ponga a disposici\u00f3n del estado todo su parque de viviendas y expropiar sin indemnizaci\u00f3n el fondo de viviendas acumulados en los llamados fondos buitres, bancos y socimis para que est\u00e9n a disposici\u00f3n de las familias que las necesiten.<\/p>\n<p>Se permite que los trabajadores puedan acogerse a reducci\u00f3n de horarios para poder cuidar a los hijos y familiares, pero con la reducci\u00f3n salarial correspondiente.<\/p>\n<p>Nosotros debemos exigir, adem\u00e1s, que los trabajadores de servicios no esenciales permanezcan en casa, con el 100% del salario, lo que les permitir\u00eda cuidar de sus familiares; y aquellos trabajadores en servicios esenciales (sanidad, transporte y log\u00edstica, alimentaci\u00f3n y productos b\u00e1sicos, energ\u00eda, bancos, bomberos, agua, saneamientos y recolecci\u00f3n de residuos, administraci\u00f3n p\u00fablica esencial) con necesidades familiares, y sin alternativa de ayuda, tambi\u00e9n puedan reducir su jornada con el 100% del salario.<\/p>\n<p>Por \u00faltimo, el gobierno establece una l\u00ednea de cr\u00e9dito de 100.000 millones de euros para respaldar y actuar de garant\u00eda ante impagos de las empresas de cr\u00e9ditos y obligaciones financieras en los pr\u00f3ximos meses, en lo que no ser\u00eda otra cosa que un rescate empresarial encubierto. Nosotros estamos en contra de esto, porque esos 100.000 millones de euros \u2013 si se utilizaran, como es bastante probable ante la profundizaci\u00f3n de la crisis a lo largo del a\u00f1o \u2013 junto con los otros 17.000 millones de euros, hasta hace un total de 117.000 millones de euros la aportaci\u00f3n de dinero p\u00fablico, engordar\u00e1n a\u00fan m\u00e1s la deuda p\u00fablica (un 9,4% m\u00e1s) lo que significar\u00e1 m\u00e1s recortes y austeridad ma\u00f1ana, pagados doblemente por las familias obreras: con impuestos y con menores y peores prestaciones sociales.<\/p>\n<p>Hay varios aspectos a contemplar. Este plan de choque es para un solo mes, si la crisis de epidemia se mantiene habr\u00eda que prorrogar unas medidas que no pueden durar en el tiempo por la enorme deuda estatal y que podr\u00eda llevar a la cesaci\u00f3n de pagos con el hundimiento previsible de los balances empresariales.<\/p>\n<p>Por otro lado, la anarqu\u00eda del capitalismo espa\u00f1ol hace que a d\u00eda de hoy los hospitales p\u00fablicos est\u00e9n colapsados, se est\u00e1n desatendiendo enfermos y cirug\u00edas de otras patolog\u00edas, los trabajadores est\u00e1n agotados, falta equipamiento de todo tipo. Est\u00e1 empezando a darse una especie de \u201ceutanasia\u201d encubierta y forzada practicada por los mismos m\u00e9dicos, como en Italia, ante la falta de camas, respiradores, etc. En realidad, nos enfrentamos a una perspectiva de cat\u00e1strofe si no hay una r\u00e1pida salida a esta crisis. Es vergonzoso que dependamos de los env\u00edos de mascarillas y otros materiales de China o de d\u00e1divas puntuales de \u201cbenefactores\u201d privados como el empresario Amancio Ortega.<\/p>\n<p>A la hora de la verdad s\u00f3lo la implicaci\u00f3n del Estado ha hecho que esta crisis no haya provocada ya una cat\u00e1strofe completa en la salud y la econom\u00eda del pa\u00eds. Se muestra as\u00ed el fracaso completo del capitalismo espa\u00f1ol para un caso puntual de epidemia v\u00edrica, cuando hay recursos suficientes para encararlas sin necesidad de llevar el sufrimiento de las familias obreras a este nivel de calamidad. Las medidas del Ministerio de Sanidad son insuficientes. La implicaci\u00f3n de la sanidad privada en la crisis del coronavirus est\u00e1 a medio gas y debemos rechazar cualquier pago del Estado a los empresarios del sector por esta \u201ccolaboraci\u00f3n\u201d as\u00ed como a los hoteles privados que han ofrecido sus habitaciones para alojar a enfermos. \u00a1Bastante dinero ha chupado ya la sanidad privada con los ciertos y privatizaciones de la \u00faltima d\u00e9cada!<\/p>\n<p>El socialismo nunca ha reclamado tanta urgencia como ahora. Los intereses privados del pu\u00f1ado de grandes compa\u00f1\u00eda capitalistas nunca han entrado en mayor contradicci\u00f3n con las necesidades sociales. La clase trabajadora debe hacerse cargo de la situaci\u00f3n en sus empresas y barrios, y en todo el pa\u00eds. Es necesario que el Estado se apropie de las palancas fundamentales de la econom\u00eda del pa\u00eds, bajo el control democr\u00e1tico de los trabajadores, para ordenar y planificar la econom\u00eda en inter\u00e9s de la inmensa mayor\u00eda de la poblaci\u00f3n que somos las familias obreras. Y esto debe comenzar por el sistema sanitario en su integridad, incluido el aparato productivo adyacente que lo provee de todo tipo de equipamiento, farmac\u00e9uticas y laboratorios.<\/p>\n<p>Ya no basta, como propusimos hace una semana para financiar un plan especial contra la epidemia del coronavirus, con un impuesto directo especial a los bancos y grandes empresas, hay que ir m\u00e1s all\u00e1.<\/p>\n<p>Ante el impago de m\u00e1s de un mill\u00f3n de salarios, y el peligro de que el desempleo se extienda a nuevos sectores, ante el cierre de decenas de miles de empresas, ante el colapso del sistema sanitario, ante la crisis de vivienda, etc. es necesario un programa que contemple:<\/p>\n<ul>\n<li>Por un sistema p\u00fablico y \u00fanico de salud bajo el control de los trabajadores, que no s\u00f3lo recupere la cantidad de trabajadores, camas, equipamiento y porcentaje de gasto p\u00fablico destinado hasta 2008, sino que los supere y actualice a las verdaderas necesidades hoy existentes. No al empleo precario en en la sanidad. Empleo fijo con condiciones dignas, incluidos los nuevos contratados a ra\u00edz de esta crisis. Nacionalizaci\u00f3n sin indemnizaci\u00f3n salvo a peque\u00f1os accionistas, de la sanidad privada, manteniendo el 100% del empleo existente. Esto debe incluir no s\u00f3lo hospitales y centros de salud sino completarse con la nacionalizaci\u00f3n de las grandes f\u00e1bricas, laboratorios y farmac\u00e9uticas proveedoras del sistema sanitario.<\/li>\n<li>Intervenci\u00f3n de todos los centros de mayores. Pruebas del virus para todos los ancianos all\u00ed alojados. Condiciones dignas para nuestros mayores. Nacionalizaci\u00f3n de todas las residencias geri\u00e1tricas privadas<\/li>\n<li>Extensi\u00f3n a toda la poblaci\u00f3n de las pruebas gratuitas del coronavirus, como m\u00ednimo 2 por unidad familiar y al 20% de las plantillas de cada empresa. No esperar a que aparezcan los s\u00edntomas de la enfermedad.<\/li>\n<li>Control obrero en las empresas que mantengan su actividad para supervisar las condiciones higi\u00e9nicas y de salud, a trav\u00e9s de los comit\u00e9s de empresa y de los comit\u00e9s de seguridad e higiene. Cierre inmediato de aquellas que no cumplan las condiciones necesarias de salubridad y reapertura una vez que se haya resuelto.<\/li>\n<li>Suspensi\u00f3n de toda actividad econ\u00f3mica no esencial con el pago del 100% del salario a los trabajadores. No aceptamos que computen las jornadas no trabajadas por bajas por enfermedad ni por vacaciones.<\/li>\n<li>Ni ERES ni ERTEs. No al cobro del 75% del salario por los trabajadores afectados mientras dure la epidemia. No depositar sobre el Estado el pago del salario ni con el truco de computar la suspensi\u00f3n temporal del trabajo como bajas por enfermedad. 100% del salario pagado por los patrones.<\/li>\n<li>Prohibici\u00f3n de los despidos. Reparto del trabajo entre los brazos existentes. Si la empresa cierra argumentando quebranto financiero que sea nacionalizada sin indemnizaci\u00f3n bajo el control de sus trabajadores.<\/li>\n<li>Las empresas de productos b\u00e1sicos, y otras, se est\u00e1n haciendo de oro en la crisis actual,con un incremento de la producci\u00f3n. Plus de peligrosidad para los trabajadores que mantengan la producci\u00f3n esencial, contrataci\u00f3n de m\u00e1s personal con el incremento de la producci\u00f3n.<\/li>\n<li>Que las empresas paguen el 100% del salario a los trabajadores que necesiten cuidar a sus hijos, y carezcan de recursos, por la suspensi\u00f3n obligatoria de las clases.<\/li>\n<li>Que se abran los libros de cuenta de las empresas para que los trabajadores puedan verificar la situaci\u00f3n financiera de las empresas que argumenten problemas financieros para aplicar todas estas medidas.<\/li>\n<li>Ayudar a las peque\u00f1as empresas a mantener su empleo y condiciones tal cual planteamos en esta propuesta de medidas.<\/li>\n<li>Nacionalizaci\u00f3n de las grandes empresas de log\u00edstica y del transporte.<\/li>\n<li>Nacionalizaci\u00f3n integral del sistema energ\u00e9tico: el\u00e9ctricas, fotovoltaicas, nuclear, y petroleras.<\/li>\n<li>Nacionalizaci\u00f3n de las grandes redes de comercializaci\u00f3n y distribuci\u00f3n para asegurar el abastecimiento, combatir el acaparamiento y evitar la especulaci\u00f3n de los precios. Comit\u00e9s en los barrios de vigilancia de los precios para evitar abusos en supermercados.<\/li>\n<li>No al pago de la Deuda P\u00fablica, salvo a peque\u00f1o ahorradores cuya existencia est\u00e9 contrastada. Ni un c\u00e9ntimo para los grandes buitres, bancos, financieras e instituciones imperialistas ya se enriquecieron bastante estos a\u00f1os con los recortes, la austeridad y el sufrimiento infligido a las familias obreras.<\/li>\n<li>Nacionalizaci\u00f3n de las 100 grandes empresas del pa\u00eds, sin indemnizaci\u00f3n salvo a peque\u00f1os accionistas de recursos modestos, comenzando por las 35 grandes multinacionales del IBEX, que abarcan el 70% del PIB nacional, m\u00e1s que suficiente para iniciar una planificaci\u00f3n a gran escala de la econom\u00eda espa\u00f1ola en inter\u00e9s de la mayor\u00eda.<\/li>\n<li>Nacionalizaci\u00f3n de la banca, sin indemnizaci\u00f3n salvo a peque\u00f1os accionistas de recursos modestos, que acumula m\u00e1s de medio bill\u00f3n de euros en sus balances y que resultan vitales para proporcionar la liquidez necesaria para emprender tal programa de planificaci\u00f3n.<\/li>\n<\/ul>\n<\/section>","protected":false},"excerpt":{"rendered":"<p>La epidemia global de coronavirus y la declaraci\u00f3n del Estado de Alarma han provocado el cambio m\u00e1s dr\u00e1stico en la vida de la poblaci\u00f3n espa\u00f1ola desde los primeros d\u00edas y semanas de la crisis de 2008-2009. Millones de personas permanecen recluidas en sus casas y se anuncia que m\u00e1s de un mill\u00f3n perder\u00e1, temporal o&#8230;<\/p>\n","protected":false},"author":48,"featured_media":8075,"comment_status":"open","ping_status":"open","sticky":false,"template":"","format":"standard","meta":{"_monsterinsights_skip_tracking":false,"_monsterinsights_sitenote_active":false,"_monsterinsights_sitenote_note":"","_monsterinsights_sitenote_category":0,"_uf_show_specific_survey":0,"_uf_disable_surveys":false,"_jetpack_memberships_contains_paid_content":false,"footnotes":""},"categories":[1084,32,537],"tags":[1043,1068,82],"class_list":["post-8074","post","type-post","status-publish","format-standard","has-post-thumbnail","hentry","category-coronavirus","category-estado-espanol","category-principales","tag-coronavirus","tag-crisis-social","tag-espana"],"aioseo_notices":[],"yoast_head":"<!-- This site is optimized with the Yoast SEO plugin v25.6 - https:\/\/yoast.com\/wordpress\/plugins\/seo\/ -->\n<title>Espa\u00f1a: Por una salida socialista que evite la cat\u00e1strofe que se avecina<\/title>\n<meta name=\"robots\" content=\"index, follow, max-snippet:-1, max-image-preview:large, max-video-preview:-1\" \/>\n<link rel=\"canonical\" href=\"https:\/\/elcomunista.org\/?p=8074\" \/>\n<meta property=\"og:locale\" content=\"es_ES\" \/>\n<meta property=\"og:type\" content=\"article\" \/>\n<meta property=\"og:title\" content=\"Espa\u00f1a: Por una salida socialista que evite la cat\u00e1strofe que se avecina\" \/>\n<meta property=\"og:description\" content=\"La epidemia global de coronavirus y la declaraci\u00f3n del Estado de Alarma han provocado el cambio m\u00e1s dr\u00e1stico en la vida de la poblaci\u00f3n espa\u00f1ola desde los primeros d\u00edas y semanas de la crisis de 2008-2009. Millones de personas permanecen recluidas en sus casas y se anuncia que m\u00e1s de un mill\u00f3n perder\u00e1, temporal o...\" \/>\n<meta property=\"og:url\" content=\"https:\/\/elcomunista.org\/?p=8074\" \/>\n<meta property=\"og:site_name\" content=\"Revoluci\u00f3n Comunista\" \/>\n<meta property=\"article:publisher\" content=\"https:\/\/www.facebook.com\/Bloquepopularjuvenil\" \/>\n<meta property=\"article:published_time\" content=\"2020-03-19T00:54:50+00:00\" \/>\n<meta property=\"article:modified_time\" content=\"2020-03-19T00:54:57+00:00\" \/>\n<meta property=\"og:image\" content=\"https:\/\/elcomunista.org\/wp-content\/uploads\/2020\/03\/Covid-19_mar_20.jpeg\" \/>\n\t<meta property=\"og:image:width\" content=\"700\" \/>\n\t<meta property=\"og:image:height\" content=\"394\" \/>\n\t<meta property=\"og:image:type\" content=\"image\/jpeg\" \/>\n<meta name=\"author\" content=\"Lucha de Clases - Estado Espa\u00f1ol\" \/>\n<meta name=\"twitter:card\" content=\"summary_large_image\" \/>\n<meta name=\"twitter:creator\" content=\"@ElBPJ\" \/>\n<meta name=\"twitter:site\" content=\"@ElBPJ\" \/>\n<meta name=\"twitter:label1\" content=\"Escrito por\" \/>\n\t<meta name=\"twitter:data1\" content=\"Lucha de Clases - Estado Espa\u00f1ol\" \/>\n\t<meta name=\"twitter:label2\" content=\"Tiempo de lectura\" \/>\n\t<meta name=\"twitter:data2\" content=\"14 minutos\" \/>\n<script type=\"application\/ld+json\" class=\"yoast-schema-graph\">{\"@context\":\"https:\/\/schema.org\",\"@graph\":[{\"@type\":\"Article\",\"@id\":\"https:\/\/elcomunista.org\/?p=8074#article\",\"isPartOf\":{\"@id\":\"https:\/\/elcomunista.org\/?p=8074\"},\"author\":{\"name\":\"Lucha de Clases - Estado Espa\u00f1ol\",\"@id\":\"https:\/\/elcomunista.org\/#\/schema\/person\/d4ccce059b2bb47c44201716573d372e\"},\"headline\":\"Espa\u00f1a: Por una salida socialista que evite la cat\u00e1strofe que se avecina\",\"datePublished\":\"2020-03-19T00:54:50+00:00\",\"dateModified\":\"2020-03-19T00:54:57+00:00\",\"mainEntityOfPage\":{\"@id\":\"https:\/\/elcomunista.org\/?p=8074\"},\"wordCount\":2909,\"commentCount\":0,\"publisher\":{\"@id\":\"https:\/\/elcomunista.org\/#organization\"},\"image\":{\"@id\":\"https:\/\/elcomunista.org\/?p=8074#primaryimage\"},\"thumbnailUrl\":\"https:\/\/elcomunista.org\/wp-content\/uploads\/2020\/03\/Covid-19_mar_20.jpeg\",\"keywords\":[\"Coronavirus\",\"crisis social\",\"Espa\u00f1a\"],\"articleSection\":[\"Coronavirus\",\"Estado Espa\u00f1ol\",\"Principales\"],\"inLanguage\":\"es\",\"potentialAction\":[{\"@type\":\"CommentAction\",\"name\":\"Comment\",\"target\":[\"https:\/\/elcomunista.org\/?p=8074#respond\"]}]},{\"@type\":\"WebPage\",\"@id\":\"https:\/\/elcomunista.org\/?p=8074\",\"url\":\"https:\/\/elcomunista.org\/?p=8074\",\"name\":\"Espa\u00f1a: Por una salida socialista que evite la cat\u00e1strofe que se avecina\",\"isPartOf\":{\"@id\":\"https:\/\/elcomunista.org\/#website\"},\"primaryImageOfPage\":{\"@id\":\"https:\/\/elcomunista.org\/?p=8074#primaryimage\"},\"image\":{\"@id\":\"https:\/\/elcomunista.org\/?p=8074#primaryimage\"},\"thumbnailUrl\":\"https:\/\/elcomunista.org\/wp-content\/uploads\/2020\/03\/Covid-19_mar_20.jpeg\",\"datePublished\":\"2020-03-19T00:54:50+00:00\",\"dateModified\":\"2020-03-19T00:54:57+00:00\",\"breadcrumb\":{\"@id\":\"https:\/\/elcomunista.org\/?p=8074#breadcrumb\"},\"inLanguage\":\"es\",\"potentialAction\":[{\"@type\":\"ReadAction\",\"target\":[\"https:\/\/elcomunista.org\/?p=8074\"]}]},{\"@type\":\"ImageObject\",\"inLanguage\":\"es\",\"@id\":\"https:\/\/elcomunista.org\/?p=8074#primaryimage\",\"url\":\"https:\/\/elcomunista.org\/wp-content\/uploads\/2020\/03\/Covid-19_mar_20.jpeg\",\"contentUrl\":\"https:\/\/elcomunista.org\/wp-content\/uploads\/2020\/03\/Covid-19_mar_20.jpeg\",\"width\":700,\"height\":394},{\"@type\":\"BreadcrumbList\",\"@id\":\"https:\/\/elcomunista.org\/?p=8074#breadcrumb\",\"itemListElement\":[{\"@type\":\"ListItem\",\"position\":1,\"name\":\"Portada\",\"item\":\"https:\/\/elcomunista.org\/\"},{\"@type\":\"ListItem\",\"position\":2,\"name\":\"Espa\u00f1a: Por una salida socialista que evite la cat\u00e1strofe que se avecina\"}]},{\"@type\":\"WebSite\",\"@id\":\"https:\/\/elcomunista.org\/#website\",\"url\":\"https:\/\/elcomunista.org\/\",\"name\":\"Revoluci\u00f3n Comunista\",\"description\":\"Internacional Comunista Revolucionaria\",\"publisher\":{\"@id\":\"https:\/\/elcomunista.org\/#organization\"},\"potentialAction\":[{\"@type\":\"SearchAction\",\"target\":{\"@type\":\"EntryPoint\",\"urlTemplate\":\"https:\/\/elcomunista.org\/?s={search_term_string}\"},\"query-input\":{\"@type\":\"PropertyValueSpecification\",\"valueRequired\":true,\"valueName\":\"search_term_string\"}}],\"inLanguage\":\"es\"},{\"@type\":\"Organization\",\"@id\":\"https:\/\/elcomunista.org\/#organization\",\"name\":\"Bloque Popular Juvenil\",\"url\":\"https:\/\/elcomunista.org\/\",\"logo\":{\"@type\":\"ImageObject\",\"inLanguage\":\"es\",\"@id\":\"https:\/\/elcomunista.org\/#\/schema\/logo\/image\/\",\"url\":\"https:\/\/bloquepopularjuvenil.org\/wp-content\/uploads\/2018\/11\/bpj-militante.jpg\",\"contentUrl\":\"https:\/\/bloquepopularjuvenil.org\/wp-content\/uploads\/2018\/11\/bpj-militante.jpg\",\"width\":4000,\"height\":1390,\"caption\":\"Bloque Popular Juvenil\"},\"image\":{\"@id\":\"https:\/\/elcomunista.org\/#\/schema\/logo\/image\/\"},\"sameAs\":[\"https:\/\/www.facebook.com\/Bloquepopularjuvenil\",\"https:\/\/x.com\/ElBPJ\",\"https:\/\/www.instagram.com\/elbloque_bpj\/?hl=es-la\"]},{\"@type\":\"Person\",\"@id\":\"https:\/\/elcomunista.org\/#\/schema\/person\/d4ccce059b2bb47c44201716573d372e\",\"name\":\"Lucha de Clases - Estado Espa\u00f1ol\",\"image\":{\"@type\":\"ImageObject\",\"inLanguage\":\"es\",\"@id\":\"https:\/\/elcomunista.org\/#\/schema\/person\/image\/\",\"url\":\"https:\/\/secure.gravatar.com\/avatar\/36c26ab3d3a5d56e2eb0888027f46f73?s=96&d=mm&r=g\",\"contentUrl\":\"https:\/\/secure.gravatar.com\/avatar\/36c26ab3d3a5d56e2eb0888027f46f73?s=96&d=mm&r=g\",\"caption\":\"Lucha de Clases - Estado Espa\u00f1ol\"},\"url\":\"https:\/\/elcomunista.org\/?author=48\"}]}<\/script>\n<!-- \/ Yoast SEO plugin. -->","yoast_head_json":{"title":"Espa\u00f1a: Por una salida socialista que evite la cat\u00e1strofe que se avecina","robots":{"index":"index","follow":"follow","max-snippet":"max-snippet:-1","max-image-preview":"max-image-preview:large","max-video-preview":"max-video-preview:-1"},"canonical":"https:\/\/elcomunista.org\/?p=8074","og_locale":"es_ES","og_type":"article","og_title":"Espa\u00f1a: Por una salida socialista que evite la cat\u00e1strofe que se avecina","og_description":"La epidemia global de coronavirus y la declaraci\u00f3n del Estado de Alarma han provocado el cambio m\u00e1s dr\u00e1stico en la vida de la poblaci\u00f3n espa\u00f1ola desde los primeros d\u00edas y semanas de la crisis de 2008-2009. Millones de personas permanecen recluidas en sus casas y se anuncia que m\u00e1s de un mill\u00f3n perder\u00e1, temporal o...","og_url":"https:\/\/elcomunista.org\/?p=8074","og_site_name":"Revoluci\u00f3n Comunista","article_publisher":"https:\/\/www.facebook.com\/Bloquepopularjuvenil","article_published_time":"2020-03-19T00:54:50+00:00","article_modified_time":"2020-03-19T00:54:57+00:00","og_image":[{"width":700,"height":394,"url":"https:\/\/elcomunista.org\/wp-content\/uploads\/2020\/03\/Covid-19_mar_20.jpeg","type":"image\/jpeg"}],"author":"Lucha de Clases - Estado Espa\u00f1ol","twitter_card":"summary_large_image","twitter_creator":"@ElBPJ","twitter_site":"@ElBPJ","twitter_misc":{"Escrito por":"Lucha de Clases - Estado Espa\u00f1ol","Tiempo de lectura":"14 minutos"},"schema":{"@context":"https:\/\/schema.org","@graph":[{"@type":"Article","@id":"https:\/\/elcomunista.org\/?p=8074#article","isPartOf":{"@id":"https:\/\/elcomunista.org\/?p=8074"},"author":{"name":"Lucha de Clases - Estado Espa\u00f1ol","@id":"https:\/\/elcomunista.org\/#\/schema\/person\/d4ccce059b2bb47c44201716573d372e"},"headline":"Espa\u00f1a: Por una salida socialista que evite la cat\u00e1strofe que se avecina","datePublished":"2020-03-19T00:54:50+00:00","dateModified":"2020-03-19T00:54:57+00:00","mainEntityOfPage":{"@id":"https:\/\/elcomunista.org\/?p=8074"},"wordCount":2909,"commentCount":0,"publisher":{"@id":"https:\/\/elcomunista.org\/#organization"},"image":{"@id":"https:\/\/elcomunista.org\/?p=8074#primaryimage"},"thumbnailUrl":"https:\/\/elcomunista.org\/wp-content\/uploads\/2020\/03\/Covid-19_mar_20.jpeg","keywords":["Coronavirus","crisis social","Espa\u00f1a"],"articleSection":["Coronavirus","Estado Espa\u00f1ol","Principales"],"inLanguage":"es","potentialAction":[{"@type":"CommentAction","name":"Comment","target":["https:\/\/elcomunista.org\/?p=8074#respond"]}]},{"@type":"WebPage","@id":"https:\/\/elcomunista.org\/?p=8074","url":"https:\/\/elcomunista.org\/?p=8074","name":"Espa\u00f1a: Por una salida socialista que evite la cat\u00e1strofe que se avecina","isPartOf":{"@id":"https:\/\/elcomunista.org\/#website"},"primaryImageOfPage":{"@id":"https:\/\/elcomunista.org\/?p=8074#primaryimage"},"image":{"@id":"https:\/\/elcomunista.org\/?p=8074#primaryimage"},"thumbnailUrl":"https:\/\/elcomunista.org\/wp-content\/uploads\/2020\/03\/Covid-19_mar_20.jpeg","datePublished":"2020-03-19T00:54:50+00:00","dateModified":"2020-03-19T00:54:57+00:00","breadcrumb":{"@id":"https:\/\/elcomunista.org\/?p=8074#breadcrumb"},"inLanguage":"es","potentialAction":[{"@type":"ReadAction","target":["https:\/\/elcomunista.org\/?p=8074"]}]},{"@type":"ImageObject","inLanguage":"es","@id":"https:\/\/elcomunista.org\/?p=8074#primaryimage","url":"https:\/\/elcomunista.org\/wp-content\/uploads\/2020\/03\/Covid-19_mar_20.jpeg","contentUrl":"https:\/\/elcomunista.org\/wp-content\/uploads\/2020\/03\/Covid-19_mar_20.jpeg","width":700,"height":394},{"@type":"BreadcrumbList","@id":"https:\/\/elcomunista.org\/?p=8074#breadcrumb","itemListElement":[{"@type":"ListItem","position":1,"name":"Portada","item":"https:\/\/elcomunista.org\/"},{"@type":"ListItem","position":2,"name":"Espa\u00f1a: Por una salida socialista que evite la cat\u00e1strofe que se avecina"}]},{"@type":"WebSite","@id":"https:\/\/elcomunista.org\/#website","url":"https:\/\/elcomunista.org\/","name":"Revoluci\u00f3n Comunista","description":"Internacional Comunista Revolucionaria","publisher":{"@id":"https:\/\/elcomunista.org\/#organization"},"potentialAction":[{"@type":"SearchAction","target":{"@type":"EntryPoint","urlTemplate":"https:\/\/elcomunista.org\/?s={search_term_string}"},"query-input":{"@type":"PropertyValueSpecification","valueRequired":true,"valueName":"search_term_string"}}],"inLanguage":"es"},{"@type":"Organization","@id":"https:\/\/elcomunista.org\/#organization","name":"Bloque Popular Juvenil","url":"https:\/\/elcomunista.org\/","logo":{"@type":"ImageObject","inLanguage":"es","@id":"https:\/\/elcomunista.org\/#\/schema\/logo\/image\/","url":"https:\/\/bloquepopularjuvenil.org\/wp-content\/uploads\/2018\/11\/bpj-militante.jpg","contentUrl":"https:\/\/bloquepopularjuvenil.org\/wp-content\/uploads\/2018\/11\/bpj-militante.jpg","width":4000,"height":1390,"caption":"Bloque Popular Juvenil"},"image":{"@id":"https:\/\/elcomunista.org\/#\/schema\/logo\/image\/"},"sameAs":["https:\/\/www.facebook.com\/Bloquepopularjuvenil","https:\/\/x.com\/ElBPJ","https:\/\/www.instagram.com\/elbloque_bpj\/?hl=es-la"]},{"@type":"Person","@id":"https:\/\/elcomunista.org\/#\/schema\/person\/d4ccce059b2bb47c44201716573d372e","name":"Lucha de Clases - Estado Espa\u00f1ol","image":{"@type":"ImageObject","inLanguage":"es","@id":"https:\/\/elcomunista.org\/#\/schema\/person\/image\/","url":"https:\/\/secure.gravatar.com\/avatar\/36c26ab3d3a5d56e2eb0888027f46f73?s=96&d=mm&r=g","contentUrl":"https:\/\/secure.gravatar.com\/avatar\/36c26ab3d3a5d56e2eb0888027f46f73?s=96&d=mm&r=g","caption":"Lucha de Clases - Estado Espa\u00f1ol"},"url":"https:\/\/elcomunista.org\/?author=48"}]}},"jetpack_featured_media_url":"https:\/\/elcomunista.org\/wp-content\/uploads\/2020\/03\/Covid-19_mar_20.jpeg","jetpack_likes_enabled":true,"jetpack_sharing_enabled":true,"_links":{"self":[{"href":"https:\/\/elcomunista.org\/index.php?rest_route=\/wp\/v2\/posts\/8074"}],"collection":[{"href":"https:\/\/elcomunista.org\/index.php?rest_route=\/wp\/v2\/posts"}],"about":[{"href":"https:\/\/elcomunista.org\/index.php?rest_route=\/wp\/v2\/types\/post"}],"author":[{"embeddable":true,"href":"https:\/\/elcomunista.org\/index.php?rest_route=\/wp\/v2\/users\/48"}],"replies":[{"embeddable":true,"href":"https:\/\/elcomunista.org\/index.php?rest_route=%2Fwp%2Fv2%2Fcomments&post=8074"}],"version-history":[{"count":0,"href":"https:\/\/elcomunista.org\/index.php?rest_route=\/wp\/v2\/posts\/8074\/revisions"}],"wp:featuredmedia":[{"embeddable":true,"href":"https:\/\/elcomunista.org\/index.php?rest_route=\/wp\/v2\/media\/8075"}],"wp:attachment":[{"href":"https:\/\/elcomunista.org\/index.php?rest_route=%2Fwp%2Fv2%2Fmedia&parent=8074"}],"wp:term":[{"taxonomy":"category","embeddable":true,"href":"https:\/\/elcomunista.org\/index.php?rest_route=%2Fwp%2Fv2%2Fcategories&post=8074"},{"taxonomy":"post_tag","embeddable":true,"href":"https:\/\/elcomunista.org\/index.php?rest_route=%2Fwp%2Fv2%2Ftags&post=8074"}],"curies":[{"name":"wp","href":"https:\/\/api.w.org\/{rel}","templated":true}]}}