{"id":8386,"date":"2020-04-17T14:26:15","date_gmt":"2020-04-17T20:26:15","guid":{"rendered":"http:\/\/bloquepopularjuvenil.org\/?p=8386"},"modified":"2020-04-17T14:26:20","modified_gmt":"2020-04-17T20:26:20","slug":"muertes-por-covid-19-en-las-calles-de-ecuador-el-fatal-resultado-de-la-crisis-capitalista","status":"publish","type":"post","link":"https:\/\/elcomunista.org\/?p=8386","title":{"rendered":"Muertes por Covid-19 en las calles de Ecuador; el fatal resultado de la crisis capitalista"},"content":{"rendered":"<p>Sara Mondrag\u00f3n<\/p>\n<p>La provincia ecuatoriana de Guayas se ha convertido en la zona cero para el coronavirus en Am\u00e9rica del Sur. Su capital, la ciudad de Guayaquil, tiene un n\u00famero de casos muy desproporcionado con respecto a su tama\u00f1o. Es el hogar de la mayor\u00eda de los casos y muertes diagnosticados del pa\u00eds. Hay cad\u00e1veres en las calles y otros en ataudes de cart\u00f3n. La responsabulidad es de la neglicencia del gobierno y la crisis del capitalismo.<\/p>\n<p>La pandemia del coronavirus ha desencadenado una recesi\u00f3n mundial, el capitalismo se enfrenta a la peor crisis de su historia. El FMI anunci\u00f3 que el mundo enfrenta la peor crisis econ\u00f3mica desde la Gran Depresi\u00f3n de la d\u00e9cada de 1930. Seg\u00fan la entidad las naciones en desarrollo est\u00e1n en alto riesgo. Para empezar, con sistemas de salud m\u00e1s d\u00e9biles, muchos enfrentan el terrible desaf\u00edo de combatir el virus en ciudades densamente pobladas y barrios marginales afectados por la pobreza, donde el distanciamiento social no es una opci\u00f3n. Con menos recursos para comenzar, est\u00e1n peligrosamente expuestos a los continuos choques de la oferta y la demanda, el endurecimiento dr\u00e1stico de las condiciones financieras, y algunos pueden enfrentar una carga de deuda insostenible.<\/p>\n<p><iframe loading=\"lazy\" src=\"\/\/www.youtube.com\/embed\/iVZNBZN5EJc\" width=\"560\" height=\"314\" allowfullscreen=\"allowfullscreen\"><\/iframe><\/p>\n<p>En Am\u00e9rica Latina la pandemia de covid-19 se ha intensificado en las ultimas semanas. La provincia ecuatoriana de Guayas se ha convertido en la zona cero para el coronavirus en Am\u00e9rica del Sur , con m\u00e1s casos reportados all\u00ed que en muchos pa\u00edses latinoamericanos en general. Su capital, la ciudad de Guayaquil, es el \u00e1rea metropolitana m\u00e1s poblada del pa\u00eds, pero su n\u00famero de casos es muy desproporcionado con respecto a su tama\u00f1o. Es el hogar de la mayor\u00eda de los casos y muertes diagnosticados del pa\u00eds.<\/p>\n<p>Y con las morgues llenas m\u00e1s all\u00e1 de su capacidad, el gobierno organiz\u00f3 camiones refrigerados como morgues improvisadas. Con las funerarias diciendo que no solo estaban fuera del espacio, sino tambi\u00e9n de ata\u00fades, las autoridades comenzaron a distribuir cientos de ata\u00fades de cart\u00f3n para manejar el desastre.<\/p>\n<p>Hasta el lunes por la ma\u00f1ana, Ecuador , que tiene una poblaci\u00f3n de 17 millones, ha tenido 7,466 casos de Covid-19 con m\u00e1s de 300 muertes, seg\u00fan la Universidad Johns Hopkins .Pero el presidente de Ecuador, Lenin Moreno, admiti\u00f3 que las cifras reales son mucho m\u00e1s altas, alegando que las pruebas limitadas han hecho que sea casi imposible determinar con precisi\u00f3n el n\u00famero total de personas infectadas.<\/p>\n<p>Pero m\u00e1s all\u00e1 de la ineptitud del gobierno, esta manera de manejar la crisis no corresponde a una falencia accidental del gobierno, ni resulta ser coincidencia alguna. Es la consecuencia directa de una pol\u00edtica deliberada que responde a los intereses de nuestras \u00e9lites pol\u00edticas y econ\u00f3micas, los \u2018vende patria\u2019.<\/p>\n<p>Las cartas de intenci\u00f3n firmadas con el Fondo Monetario Internacional (FMI), el Banco Mundial (BM), etc., dictan la pol\u00edtica interna del pa\u00eds, Ecuador no tiene soberan\u00eda alguna. Condicionan a Ecuador a recortar la salud, la educaci\u00f3n, los puestos p\u00fablicos y dem\u00e1s \u201cgastos superfluos\u201d del Estado. El capitalismo mata. Las masas mostraron su gran descontento con el sistema capitalista durante el <a href=\"https:\/\/americasocialista.org\/america-latina-en-revolucion-lecciones-del-octubre-rojo\/\">levantamiento insurreccional de Octubre<\/a>. Y el presidente tiene los peores ratings desde su comienzo hace tres a\u00f1os. El gobierno nacional se aventur\u00f3 al contrario que su predecesor a una crisis auto-inducida, justificando los recortes con meros formalismos con la administraci\u00f3n anterior, como suele ser tan com\u00fan en el Estado burgu\u00e9s. El \u201cneoliberalismo\u201d predica una estatalidad m\u00ednima, replegando la asistencia p\u00fablica y social a lo absolutamente fundamental, privatizando \u00e1reas de competencia del Estado, y releg\u00e1ndolas al amparo y cuidado de la empresa privada. En tiempos de crisis, llegamos a conceptualizar la dimensi\u00f3n real a la que conllevan decisiones de \u00edndole pol\u00edtica de tal naturaleza, y nos damos cuenta de que el sector privado jam\u00e1s podr\u00eda suplir el derecho humano que presupone el acceso a una salud p\u00fablica digna y eficiente.<\/p>\n<p><blockquote class=\"twitter-tweet\" data-width=\"550\" data-dnt=\"true\"><p lang=\"en\" dir=\"ltr\">Ecuador in crisis, Guayaquil the city of death <a href=\"https:\/\/twitter.com\/hashtag\/Coronavirus?src=hash&amp;ref_src=twsrc%5Etfw\">#Coronavirus<\/a> the regime of <a href=\"https:\/\/twitter.com\/Lenin?ref_src=twsrc%5Etfw\">@Lenin<\/a> unable to provide solutions to the pandemic. <a href=\"https:\/\/t.co\/kdC13kQp3j\">pic.twitter.com\/kdC13kQp3j<\/a><\/p>&mdash; crossstream\uff08\u62dc\u767b\u4f5c\u5f0a\uff09#BidenCheated (@CrossstreamW) <a href=\"https:\/\/twitter.com\/CrossstreamW\/status\/1248398083479633921?ref_src=twsrc%5Etfw\">April 9, 2020<\/a><\/blockquote><script async src=\"https:\/\/platform.twitter.com\/widgets.js\" charset=\"utf-8\"><\/script><\/p>\n<p>Pero la deuda externa s\u00ed se paga, mientras las calles se llenan de muertos y el grito desolado de miles de ecuatorianos por sus seres queridos se hace saber. La derrota de Octubre la pagamos con cajas de cart\u00f3n y persecuci\u00f3n a los que deciden hablar de lo mal que el gobierno gestiona la crisis.<\/p>\n<p>\u00bfQue esperamos de un gobierno que impunemente tiraba a gente de puentes en Octubre? Un gobierno que traicion\u00f3 una vez m\u00e1s a su pueblo vendiendo la crisis como un plan para desestabilizar al gobierno orquestado por el ex mandatario Rafael Correa.<\/p>\n<p>El gobierno se ha encargado en los \u00faltimos tres a\u00f1os de desmantelar todo lo que logramos con un gobierno de izquierdas. El contraste entre el gobierno actual y el anterior se puede ver con la crisis de fiebre porcina del 2009. El gobierno de Rafael Correa no tuvo ning\u00fan reparo en tomar medidas sanitarias para socavar la enfermedad. \u00abEst\u00e1 identificado, est\u00e1 controlado, no hay problema\u00bb Correa dijo que \u00abestamos controlando todo, bastante bien; se han tomado todas las precauciones\u00bb y a\u00f1adi\u00f3 que \u00ablamentablemente ya tenemos el primer caso en Ecuador, en Guayaquil\u00bb. El primer caso reportado dec\u00eda la ministra Chang \u201ctenemos m\u00e1s de 53 alarmas (casos sospechosos) que han sido atendidas. Hasta el momento m\u00e1s de 45 ya (est\u00e1n) descartadas y estamos esperando los resultados\u201d de los otros casos. El caso del ni\u00f1o (el primer caso en el pa\u00eds) \u201ces el \u00fanico caso confirmado por laboratorio\u201d, a\u00f1adi\u00f3.<\/p>\n<p>Muy diferente a como el gobierno actual esta manejando la crisis. Guayaquil tuvo el primer caso confirmado de coronavirus en Ecuador el 29 de febrero, y solo se aplicaron medidas de distanciamiento social m\u00e1s de dos semanas despu\u00e9s.<\/p>\n<p>En efecto, el sistema de salud p\u00fablico fue debilitado durante el Gobierno de Len\u00edn Moreno por los continuos recortes de recursos econ\u00f3micos. En el pa\u00eds la inversi\u00f3n en salud pas\u00f3 de USD 306 millones en 2017 a USD 201 millones en 2018 y USD 110 millones en 2019, demostrando una tendencia descendente. Esto implica una disminuci\u00f3n de la inversi\u00f3n en Salud entre 2017 y 2018 del 34% y despu\u00e9s otra disminuci\u00f3n adicional del 36%. Adicionalmente, entre el a\u00f1o 2018 y el 2019, el gasto en el sector disminuy\u00f3 en aproximadamente USD 66 millones.<\/p>\n<p><blockquote class=\"twitter-tweet\" data-width=\"550\" data-dnt=\"true\"><p lang=\"en\" dir=\"ltr\"><a href=\"https:\/\/twitter.com\/hashtag\/Coronavirus?src=hash&amp;ref_src=twsrc%5Etfw\">#Coronavirus<\/a> Ecuador struggles to bury its victims &#8211; <a href=\"https:\/\/twitter.com\/hashtag\/BBCNews?src=hash&amp;ref_src=twsrc%5Etfw\">#BBCNews<\/a> <a href=\"https:\/\/twitter.com\/hashtag\/photoeidit?src=hash&amp;ref_src=twsrc%5Etfw\">#photoeidit<\/a> <a href=\"https:\/\/twitter.com\/hashtag\/flyer?src=hash&amp;ref_src=twsrc%5Etfw\">#flyer<\/a> <a href=\"https:\/\/twitter.com\/hashtag\/logo?src=hash&amp;ref_src=twsrc%5Etfw\">#logo<\/a><a href=\"https:\/\/t.co\/HxNmCLkjO7\">https:\/\/t.co\/HxNmCLkjO7<\/a> <a href=\"https:\/\/t.co\/7C9wdaNCB1\">pic.twitter.com\/7C9wdaNCB1<\/a><\/p>&mdash; Banar Design (@BanarDesign) <a href=\"https:\/\/twitter.com\/BanarDesign\/status\/1249844983265259522?ref_src=twsrc%5Etfw\">April 13, 2020<\/a><\/blockquote><script async src=\"https:\/\/platform.twitter.com\/widgets.js\" charset=\"utf-8\"><\/script><\/p>\n<p>Las medidas de ajuste y de austeridad implementadas por el Gobierno en la pr\u00e1ctica significaron menor gasto en infraestructura e insumos destinados a salud, a lo que se suman despidos de una buena parte del personal m\u00e9dico, limitando la capacidad de atenci\u00f3n.<\/p>\n<p>A esto hay que sumar la inestabilidad en la conducci\u00f3n de la cartera de Estado de Salud, teniendo tres ministros en el frente en tres a\u00f1os de gobierno; el \u00faltimo asumi\u00f3 el mando en plena crisis sanitaria. De haber continuado con la pol\u00edtica del anterior Gobierno de construir hospitales -y en general de construir un sistema de salud p\u00fablico robusto-, se podr\u00edan haber destinado algunos de ellos exclusivamente para atender los casos de coronavirus.<\/p>\n<p>El 21 de marzo, luego de casi nueve meses en el cargo, la ministra de Salud, renunci\u00f3. En su carta dirigida a Len\u00edn Moreno, Andramu\u00f1o se\u00f1al\u00f3 que pese a que el MSP se prepar\u00f3 desde diciembre del 2019 para la crisis que vive el Ecuador, \u201cenfrentar una emergencia sanitaria sin recursos es complicado\u201d. Andramu\u00f1o afirm\u00f3 que no se recibi\u00f3 ninguna asignaci\u00f3n presupuestaria para el manejo de la emergencia por el COVID-19, por lo que present\u00f3 su renuncia irrevocable al cargo. Despu\u00e9s de Guayaquil, el segundo lugar donde hay m\u00e1s contagiados en la provincia es en Samborond\u00f3n, un barrio de clase social alta. El foco de infecci\u00f3n fueron los ricos.<\/p>\n<p>A esto hay que se\u00f1alar que, de acuerdo a cifras del Instituto Nacional de Estad\u00edsticas y Censos (INEC), a diciembre de 2019, Guayaquil es de las principales ciudades del pa\u00eds donde se registra una mayor tasa de pobreza (11,2%) y con una amplia poblaci\u00f3n vinculada al sector informal. Seg\u00fan datos de la Alcald\u00eda de esta ciudad, en Guayaquil hay al menos 50.000 vendedores ambulantes (Quito que registra alrededor de 11.000). En estas condiciones estructurales de pobreza y precariedad, donde varias familias si no salen a la calle a trabajar simplemente no comen, es comprensible que muchos guayaquile\u00f1os y guayaquile\u00f1as infrinjan la cuarentena.<\/p>\n<p><a href=\"https:\/\/twitter.com\/Eddie20937506\/status\/1248633282750791688?ref_src=twsrc%5Etfw%7Ctwcamp%5Etweetembed%7Ctwterm%5E1248633282750791688&#038;ref_url=https%3A%2F%2Fwww.marxist.com%2Fmuertes-por-covid-19-en-las-calles-de-ecuador-el-fatal-resultado-de-la-crisis-capitalista.htm%3Ffbclid%3DIwAR01KorbQ1GiVdZOl44cU33A_-fykrqec144xTj9joBw2QWmIFMXhGfo3jk\">https:\/\/twitter.com\/Eddie20937506\/status\/1248633282750791688?ref_src=twsrc%5Etfw%7Ctwcamp%5Etweetembed%7Ctwterm%5E1248633282750791688&amp;ref_url=https%3A%2F%2Fwww.marxist.com%2Fmuertes-por-covid-19-en-las-calles-de-ecuador-el-fatal-resultado-de-la-crisis-capitalista.htm%3Ffbclid%3DIwAR01KorbQ1GiVdZOl44cU33A_-fykrqec144xTj9joBw2QWmIFMXhGfo3jk<\/a><\/p>\n<p>Como ciudad de casi 3 millones de habitantes un gran segmento de su poblaci\u00f3n es extremadamente pobre: la provincia de Guayas tiene la tasa de pobreza m\u00e1s alta de Ecuador, lo que aumenta la dificultad de combatir la pandemia. El \u00faltimo censo en Ecuador encontr\u00f3 que m\u00e1s de uno de cada cuatro residentes en Guayas no tiene acceso a agua corriente.<\/p>\n<p>El ministro de Econom\u00eda Richard Mart\u00ednez enfatiz\u00f3 que al gobierno \u201cle encantar\u00eda\u201d contar con recursos econ\u00f3micos para desplegar la ayuda con la rapidez y magnitud con la que lo est\u00e1n haciendo pa\u00edses como Chile, Per\u00fa o Colombia, pero explic\u00f3 que \u201cel rango de maniobra es extremadamente limitado\u201d para Ecuador, dice despu\u00e9s de haber pagado a sus acreedores del Norte. En cuanto al mapa econ\u00f3mico del pa\u00eds, inform\u00f3 que Ecuador tiene grandes restricciones: no tiene ahorros p\u00fablicos, no tiene reservas internacionales suficientes, no tiene acceso a los mercados y no puede expandir el cr\u00e9dito si no recibe d\u00f3lares del exterior.<\/p>\n<p>Desde el Gobierno central, con un presidente literalmente escondido y con el vicepresidente Otto Sonnenholzner en plena campa\u00f1a para las elecciones del 2021, culpan del crecimiento exponencial de las cifras de contagiados a las y los guayaquile\u00f1os por no respetar la cuarentena. Tambi\u00e9n atribuyen la creaci\u00f3n de noticias falsas (fake news) a los corre\u00edstas, como parte de una estrategia recurrente \u2013culpar de todos los males al corre\u00edsmo\u2013 que no tiene ya ning\u00fan efecto en la poblaci\u00f3n. Tal justificaci\u00f3n s\u00f3lo demuestra dos cosas: o est\u00e1n mintiendo o son incapaces; quiz\u00e1s ambas. El presidente, ante la evidencia en redes sociales de la realidad de lo que sucede en Guayaquil, se vio forzado a decir que \u201cpor m\u00e1s doloroso que sea se deben transparentar las cifras de fallecidos y contagiados por el coronavirus en el Ecuador\u201d, y al vicepresidente no le quedo m\u00e1s que \u201cpedir disculpas\u201d. Pareciera, entonces, que la realidad es mucho m\u00e1s sombr\u00eda de lo que dicen las cifras oficiales y que el Gobierno no tiene claridad sobre el n\u00famero de contagiados y fallecidos a causa del coronavirus. Es por esto que no sorprende, entonces, que s\u00f3lo un 14 % de las y los ecuatorianos apruebe la gesti\u00f3n de Moreno, es el mandatario peor evaluado de la regi\u00f3n.<\/p>\n<p>Es claro que la principal medida implementada por el gobierno: el \u201cQu\u00e9date en Casa\u201d no era ni es suficiente sin un plan de acci\u00f3n complementario que le permita a la poblaci\u00f3n m\u00e1s vulnerable acceder a alimentos, medicinas y servicios b\u00e1sicos, entre otras necesidades para su supervivencia. Tampoco es posible una cuarentena social exitosa sin que el Gobierno reasigne los recursos necesarios al sector Salud para atender eficientemente la emergencia sanitaria y adquirir pruebas de diagn\u00f3stico del coronavirus.<\/p>\n<p>Las pocas pruebas que se pueden realizar ni siquiera son gratuitas y, en muchos casos, los pacientes tienen que pagar un alto precio por ellas (USD 80 d\u00f3lares si el paciente tiene orden de un m\u00e9dico p\u00fablico y USD 120 d\u00f3lares si tiene orden de un doctor privado).<\/p>\n<p>El presidente Len\u00edn Moreno anunci\u00f3 una serie de medidas econ\u00f3micas con el fin de afrontar la situaci\u00f3n fiscal del pa\u00eds durante la emergencia sanitaria por el coronavirus.Propuso crear una cuenta nacional de asistencia humanitaria \u00abpara asegurar la atenci\u00f3n de la salud, la provisi\u00f3n de los alimentos y la protecci\u00f3n de empleos\u00bb.<\/p>\n<p>Seg\u00fan el plan, esta cuenta estar\u00e1 bajo la administraci\u00f3n de representantes de la sociedad civil que contar\u00e1n con sus ingresos. Este fondo tendr\u00e1 dos fuentes: pagos de empresas y pagos de ciudadanos. De esta manera, las empresas que ganaron al menos un mill\u00f3n de d\u00f3lares \u00abaportar\u00e1n el cinco por ciento de esa utilidad, en tres pagos mensuales\u00bb.<\/p>\n<p>La CONAIE considera que estas medidas demuestran un gobierno incapaz de garantizar bienestar social y econ\u00f3mico al pueblo. Las medidas del presidente no tocan a los empresarios. Lo dice el mismo: estas medidas \u201ctienen como objetivo impulsar acuerdos para mantener y defender la producci\u00f3n, el empleo y la dolarizaci\u00f3n\u2026La \u00fanica manera de reactivar la econom\u00eda es llegar a acuerdos justos. Es el momento de salvar las empresas y las fuentes de trabajo que tendr\u00e1n todo el apoyo desde el estado.\u201d Se han vulnerado los derechos de miles de trabajadores en el pa\u00eds. La crisis solo demuestra las garras de las elites ante un barco que se hunde.<\/p>\n<p><blockquote class=\"twitter-tweet\" data-width=\"550\" data-dnt=\"true\"><p lang=\"en\" dir=\"ltr\">In Guayaquil, Ecuador, people have started dumping the bodies of coronavirus victims into the sea rather than leaving them on the streets to rot. <a href=\"https:\/\/t.co\/Q3DXgANwC1\">pic.twitter.com\/Q3DXgANwC1<\/a><\/p>&mdash; Shana M \ud83c\udde6\ud83c\uddfa (@shana2727) <a href=\"https:\/\/twitter.com\/shana2727\/status\/1248270189436604417?ref_src=twsrc%5Etfw\">April 9, 2020<\/a><\/blockquote><script async src=\"https:\/\/platform.twitter.com\/widgets.js\" charset=\"utf-8\"><\/script><\/p>\n<p>Horas despu\u00e9s de la Cadena Nacional de Richard Martinez, la empresa de grifer\u00eda y cer\u00e1mica, EDESA S.A., envi\u00f3 a media noche un correo electr\u00f3nico con la notificaci\u00f3n de despido a cientos de trabajadores. Los trabajadores sin tener ninguna otra opci\u00f3n, infringieron la cuarentena y se plantaron fuera de la empresa para protestar estas medidas. Y extra\u00f1amente esta ma\u00f1ana la empresa amaneci\u00f3 resguardada con polic\u00eda antimotines. Todo esto esta documentado en las redes sociales. Tampoco las medidas imponen impuesto a banqueros, el sector con m\u00e1s ganancias del a\u00f1o pasado. No se impone impuestos a personas con fortunas superiores al mill\u00f3n de d\u00f3lares. Son cerca de 500 familias con capitales cercanos a los 16.000 millones de d\u00f3lares<\/p>\n<p>Este es solo es el principio de una crisis que vera a miles de ecuatorianos entre la espada y la pared. \u00bfComer o quedarse en casa? Este gobierno es c\u00f3mplice de los despidos y el irrespeto a los derechos laborales en el pa\u00eds.<\/p>\n<h2>\u00bfQue papel juega la clase obrera en la crisis?<\/h2>\n<p>Mostramos nuestra cara mas revolucionaria en Octubre y esta vez no ser\u00e1 diferente. La clase obrera se organiza intuitivamente. Ante toda la incertidumbre e ineficacia del gobierno, la clase obrera tiene las respuestas. Campesinos y productores han entrado a Guayaquil para acabar con los altos precios de los alimentos. Las brigadas campesinas han movilizado decenas de camiones entre provincias de todo el pa\u00eds para abastecer de alimentos a los sectores populares. La Brigada Campesina, que nace de una alianza entre el Movimiento Nacional Campesino &#8211; FECAOL y la ASOTRASET (Trabajadores del Transporte),tambi\u00e9n inaugur\u00f3 un CENTRO DE ACOPIO en la ciudad, para luchar contra los intermediarios, quienes han aprovechado la crisis que vive el pa\u00eds para subir los precios. Juntos desde la organizaci\u00f3n social y popular, superaremos la crisis alimentaria, sanitaria, econ\u00f3mica y pol\u00edtica. No es el gobierno de los banqueros, capitalistas y terratenientes el que toma la iniciativa es la clase obrera la que se une.<\/p>\n<p>En s\u00edntesis, la falta de identificaci\u00f3n temprana, la no aplicaci\u00f3n de pruebas masivas, la deficiente gesti\u00f3n del Gobierno ante la crisis, sumado al desmantelamiento del sistema de salud p\u00fablica, son los elementos que permiten entender lo que ha ocurrido en Ecuador.<\/p>\n<p>Aunque la pesadilla est\u00e1 lejos de terminar, la lecci\u00f3n que nos deja, hasta el momento, la pandemia del COVID-19 es que el capitalismo nunca va a poder suplir estas necesidades.<\/p>\n<p>La organizaci\u00f3n popular y el destino de los recursos del estado deben estar para a mejorar las condiciones de salud y no al pago de la deuda externa, una econom\u00eda planificada derivada de un control colectivo de los medios de producci\u00f3n. Nosotros como Marxistas no planteamos reforzar el Estado (aunque haya gobiernos de \u00abizquierda\u00bb) planteamos su destrucci\u00f3n total.<\/p>\n<p>Es claro que el gobierno de Lenin no tiene ning\u00fan control de la contingencia sanitaria. El FMI tiene el control del pa\u00eds, por eso Ecuador sigue pagando la deuda externa mientras la gente muere en las calles y algunos sectores como el campesino organizan brigadas de alimentos.<\/p>\n<ul>\n<li>Alto al pago de la deuda externa y que ese dinero que destin\u00e9 al sector salud<\/li>\n<li>Gratuidad en las pruebas de Covid-19,<\/li>\n<li>Expropiaci\u00f3n de los grandes bancos, empresas y terratenientes para que los recursos creados con el sudor de trabajadores y campesinos se utilicen para las necesidades de la mayor\u00eda<\/li>\n<li>Garantizar una atenci\u00f3n m\u00e9dica digna para la clase trabajadora, campesina e ind\u00edgena en Ecuador.<\/li>\n<\/ul>\n<p>\u00a1No m\u00e1s muertes en las calles!<\/p>\n<p>\u00a1Salud social para combatir la pandemia!<\/p>\n<p>\u00a1No al pago de la deuda externa!<\/p>\n<p>\u00a1Abajo Lenin Moreno, por un gobierno de los trabajadores!<\/p>","protected":false},"excerpt":{"rendered":"<p>Sara Mondrag\u00f3n La provincia ecuatoriana de Guayas se ha convertido en la zona cero para el coronavirus en Am\u00e9rica del Sur. Su capital, la ciudad de Guayaquil, tiene un n\u00famero de casos muy desproporcionado con respecto a su tama\u00f1o. Es el hogar de la mayor\u00eda de los casos y muertes diagnosticados del pa\u00eds. Hay cad\u00e1veres&#8230;<\/p>\n","protected":false},"author":62,"featured_media":8392,"comment_status":"open","ping_status":"open","sticky":false,"template":"","format":"standard","meta":{"_monsterinsights_skip_tracking":false,"_monsterinsights_sitenote_active":false,"_monsterinsights_sitenote_note":"","_monsterinsights_sitenote_category":0,"_uf_show_specific_survey":0,"_uf_disable_surveys":false,"_jetpack_memberships_contains_paid_content":false,"footnotes":""},"categories":[1084,19,3,537],"tags":[1082,796,898],"class_list":["post-8386","post","type-post","status-publish","format-standard","has-post-thumbnail","hentry","category-coronavirus","category-ecuador","category-politica","category-principales","tag-covid_19","tag-crisis-capitalista","tag-ecuador"],"aioseo_notices":[],"yoast_head":"<!-- This site is optimized with the Yoast SEO plugin v25.6 - https:\/\/yoast.com\/wordpress\/plugins\/seo\/ -->\n<title>Muertes por Covid-19 en las calles de Ecuador; el fatal resultado de la crisis capitalista<\/title>\n<meta name=\"robots\" content=\"index, follow, max-snippet:-1, max-image-preview:large, max-video-preview:-1\" \/>\n<link rel=\"canonical\" href=\"https:\/\/elcomunista.org\/?p=8386\" \/>\n<meta property=\"og:locale\" content=\"es_ES\" \/>\n<meta property=\"og:type\" content=\"article\" \/>\n<meta property=\"og:title\" content=\"Muertes por Covid-19 en las calles de Ecuador; el fatal resultado de la crisis capitalista\" \/>\n<meta property=\"og:description\" content=\"Sara Mondrag\u00f3n La provincia ecuatoriana de Guayas se ha convertido en la zona cero para el coronavirus en Am\u00e9rica del Sur. Su capital, la ciudad de Guayaquil, tiene un n\u00famero de casos muy desproporcionado con respecto a su tama\u00f1o. Es el hogar de la mayor\u00eda de los casos y muertes diagnosticados del pa\u00eds. Hay cad\u00e1veres...\" \/>\n<meta property=\"og:url\" content=\"https:\/\/elcomunista.org\/?p=8386\" \/>\n<meta property=\"og:site_name\" content=\"Revoluci\u00f3n Comunista\" \/>\n<meta property=\"article:publisher\" content=\"https:\/\/www.facebook.com\/Bloquepopularjuvenil\" \/>\n<meta property=\"article:published_time\" content=\"2020-04-17T20:26:15+00:00\" \/>\n<meta property=\"article:modified_time\" content=\"2020-04-17T20:26:20+00:00\" \/>\n<meta property=\"og:image\" content=\"https:\/\/elcomunista.org\/wp-content\/uploads\/2020\/04\/ecuador.png\" \/>\n\t<meta property=\"og:image:width\" content=\"639\" \/>\n\t<meta property=\"og:image:height\" content=\"420\" \/>\n\t<meta property=\"og:image:type\" content=\"image\/png\" \/>\n<meta name=\"author\" content=\"Internacional Comunista Revolucionaria\" \/>\n<meta name=\"twitter:card\" content=\"summary_large_image\" \/>\n<meta name=\"twitter:creator\" content=\"@ElBPJ\" \/>\n<meta name=\"twitter:site\" content=\"@ElBPJ\" \/>\n<meta name=\"twitter:label1\" content=\"Escrito por\" \/>\n\t<meta name=\"twitter:data1\" content=\"Internacional Comunista Revolucionaria\" \/>\n\t<meta name=\"twitter:label2\" content=\"Tiempo de lectura\" \/>\n\t<meta name=\"twitter:data2\" content=\"15 minutos\" \/>\n<script type=\"application\/ld+json\" class=\"yoast-schema-graph\">{\"@context\":\"https:\/\/schema.org\",\"@graph\":[{\"@type\":\"Article\",\"@id\":\"https:\/\/elcomunista.org\/?p=8386#article\",\"isPartOf\":{\"@id\":\"https:\/\/elcomunista.org\/?p=8386\"},\"author\":{\"name\":\"Internacional Comunista Revolucionaria\",\"@id\":\"https:\/\/elcomunista.org\/#\/schema\/person\/f263a81caf9b6558c019b2d6b83e55be\"},\"headline\":\"Muertes por Covid-19 en las calles de Ecuador; el fatal resultado de la crisis capitalista\",\"datePublished\":\"2020-04-17T20:26:15+00:00\",\"dateModified\":\"2020-04-17T20:26:20+00:00\",\"mainEntityOfPage\":{\"@id\":\"https:\/\/elcomunista.org\/?p=8386\"},\"wordCount\":2986,\"commentCount\":0,\"publisher\":{\"@id\":\"https:\/\/elcomunista.org\/#organization\"},\"image\":{\"@id\":\"https:\/\/elcomunista.org\/?p=8386#primaryimage\"},\"thumbnailUrl\":\"https:\/\/elcomunista.org\/wp-content\/uploads\/2020\/04\/ecuador.png\",\"keywords\":[\"Covid_19\",\"Crisis capitalista\",\"Ecuador\"],\"articleSection\":[\"Coronavirus\",\"Ecuador\",\"Pol\u00edtica\",\"Principales\"],\"inLanguage\":\"es\",\"potentialAction\":[{\"@type\":\"CommentAction\",\"name\":\"Comment\",\"target\":[\"https:\/\/elcomunista.org\/?p=8386#respond\"]}]},{\"@type\":\"WebPage\",\"@id\":\"https:\/\/elcomunista.org\/?p=8386\",\"url\":\"https:\/\/elcomunista.org\/?p=8386\",\"name\":\"Muertes por Covid-19 en las calles de Ecuador; el fatal resultado de la crisis capitalista\",\"isPartOf\":{\"@id\":\"https:\/\/elcomunista.org\/#website\"},\"primaryImageOfPage\":{\"@id\":\"https:\/\/elcomunista.org\/?p=8386#primaryimage\"},\"image\":{\"@id\":\"https:\/\/elcomunista.org\/?p=8386#primaryimage\"},\"thumbnailUrl\":\"https:\/\/elcomunista.org\/wp-content\/uploads\/2020\/04\/ecuador.png\",\"datePublished\":\"2020-04-17T20:26:15+00:00\",\"dateModified\":\"2020-04-17T20:26:20+00:00\",\"breadcrumb\":{\"@id\":\"https:\/\/elcomunista.org\/?p=8386#breadcrumb\"},\"inLanguage\":\"es\",\"potentialAction\":[{\"@type\":\"ReadAction\",\"target\":[\"https:\/\/elcomunista.org\/?p=8386\"]}]},{\"@type\":\"ImageObject\",\"inLanguage\":\"es\",\"@id\":\"https:\/\/elcomunista.org\/?p=8386#primaryimage\",\"url\":\"https:\/\/elcomunista.org\/wp-content\/uploads\/2020\/04\/ecuador.png\",\"contentUrl\":\"https:\/\/elcomunista.org\/wp-content\/uploads\/2020\/04\/ecuador.png\",\"width\":639,\"height\":420},{\"@type\":\"BreadcrumbList\",\"@id\":\"https:\/\/elcomunista.org\/?p=8386#breadcrumb\",\"itemListElement\":[{\"@type\":\"ListItem\",\"position\":1,\"name\":\"Portada\",\"item\":\"https:\/\/elcomunista.org\/\"},{\"@type\":\"ListItem\",\"position\":2,\"name\":\"Muertes por Covid-19 en las calles de Ecuador; el fatal resultado de la crisis capitalista\"}]},{\"@type\":\"WebSite\",\"@id\":\"https:\/\/elcomunista.org\/#website\",\"url\":\"https:\/\/elcomunista.org\/\",\"name\":\"Revoluci\u00f3n Comunista\",\"description\":\"Internacional Comunista Revolucionaria\",\"publisher\":{\"@id\":\"https:\/\/elcomunista.org\/#organization\"},\"potentialAction\":[{\"@type\":\"SearchAction\",\"target\":{\"@type\":\"EntryPoint\",\"urlTemplate\":\"https:\/\/elcomunista.org\/?s={search_term_string}\"},\"query-input\":{\"@type\":\"PropertyValueSpecification\",\"valueRequired\":true,\"valueName\":\"search_term_string\"}}],\"inLanguage\":\"es\"},{\"@type\":\"Organization\",\"@id\":\"https:\/\/elcomunista.org\/#organization\",\"name\":\"Bloque Popular Juvenil\",\"url\":\"https:\/\/elcomunista.org\/\",\"logo\":{\"@type\":\"ImageObject\",\"inLanguage\":\"es\",\"@id\":\"https:\/\/elcomunista.org\/#\/schema\/logo\/image\/\",\"url\":\"https:\/\/bloquepopularjuvenil.org\/wp-content\/uploads\/2018\/11\/bpj-militante.jpg\",\"contentUrl\":\"https:\/\/bloquepopularjuvenil.org\/wp-content\/uploads\/2018\/11\/bpj-militante.jpg\",\"width\":4000,\"height\":1390,\"caption\":\"Bloque Popular Juvenil\"},\"image\":{\"@id\":\"https:\/\/elcomunista.org\/#\/schema\/logo\/image\/\"},\"sameAs\":[\"https:\/\/www.facebook.com\/Bloquepopularjuvenil\",\"https:\/\/x.com\/ElBPJ\",\"https:\/\/www.instagram.com\/elbloque_bpj\/?hl=es-la\"]},{\"@type\":\"Person\",\"@id\":\"https:\/\/elcomunista.org\/#\/schema\/person\/f263a81caf9b6558c019b2d6b83e55be\",\"name\":\"Internacional Comunista Revolucionaria\",\"image\":{\"@type\":\"ImageObject\",\"inLanguage\":\"es\",\"@id\":\"https:\/\/elcomunista.org\/#\/schema\/person\/image\/\",\"url\":\"https:\/\/secure.gravatar.com\/avatar\/007ae9c82193c93b7cbb3bbda1ed8c15?s=96&d=mm&r=g\",\"contentUrl\":\"https:\/\/secure.gravatar.com\/avatar\/007ae9c82193c93b7cbb3bbda1ed8c15?s=96&d=mm&r=g\",\"caption\":\"Internacional Comunista Revolucionaria\"},\"url\":\"https:\/\/elcomunista.org\/?author=62\"}]}<\/script>\n<!-- \/ Yoast SEO plugin. -->","yoast_head_json":{"title":"Muertes por Covid-19 en las calles de Ecuador; el fatal resultado de la crisis capitalista","robots":{"index":"index","follow":"follow","max-snippet":"max-snippet:-1","max-image-preview":"max-image-preview:large","max-video-preview":"max-video-preview:-1"},"canonical":"https:\/\/elcomunista.org\/?p=8386","og_locale":"es_ES","og_type":"article","og_title":"Muertes por Covid-19 en las calles de Ecuador; el fatal resultado de la crisis capitalista","og_description":"Sara Mondrag\u00f3n La provincia ecuatoriana de Guayas se ha convertido en la zona cero para el coronavirus en Am\u00e9rica del Sur. Su capital, la ciudad de Guayaquil, tiene un n\u00famero de casos muy desproporcionado con respecto a su tama\u00f1o. Es el hogar de la mayor\u00eda de los casos y muertes diagnosticados del pa\u00eds. Hay cad\u00e1veres...","og_url":"https:\/\/elcomunista.org\/?p=8386","og_site_name":"Revoluci\u00f3n Comunista","article_publisher":"https:\/\/www.facebook.com\/Bloquepopularjuvenil","article_published_time":"2020-04-17T20:26:15+00:00","article_modified_time":"2020-04-17T20:26:20+00:00","og_image":[{"width":639,"height":420,"url":"https:\/\/elcomunista.org\/wp-content\/uploads\/2020\/04\/ecuador.png","type":"image\/png"}],"author":"Internacional Comunista Revolucionaria","twitter_card":"summary_large_image","twitter_creator":"@ElBPJ","twitter_site":"@ElBPJ","twitter_misc":{"Escrito por":"Internacional Comunista Revolucionaria","Tiempo de lectura":"15 minutos"},"schema":{"@context":"https:\/\/schema.org","@graph":[{"@type":"Article","@id":"https:\/\/elcomunista.org\/?p=8386#article","isPartOf":{"@id":"https:\/\/elcomunista.org\/?p=8386"},"author":{"name":"Internacional Comunista Revolucionaria","@id":"https:\/\/elcomunista.org\/#\/schema\/person\/f263a81caf9b6558c019b2d6b83e55be"},"headline":"Muertes por Covid-19 en las calles de Ecuador; el fatal resultado de la crisis capitalista","datePublished":"2020-04-17T20:26:15+00:00","dateModified":"2020-04-17T20:26:20+00:00","mainEntityOfPage":{"@id":"https:\/\/elcomunista.org\/?p=8386"},"wordCount":2986,"commentCount":0,"publisher":{"@id":"https:\/\/elcomunista.org\/#organization"},"image":{"@id":"https:\/\/elcomunista.org\/?p=8386#primaryimage"},"thumbnailUrl":"https:\/\/elcomunista.org\/wp-content\/uploads\/2020\/04\/ecuador.png","keywords":["Covid_19","Crisis capitalista","Ecuador"],"articleSection":["Coronavirus","Ecuador","Pol\u00edtica","Principales"],"inLanguage":"es","potentialAction":[{"@type":"CommentAction","name":"Comment","target":["https:\/\/elcomunista.org\/?p=8386#respond"]}]},{"@type":"WebPage","@id":"https:\/\/elcomunista.org\/?p=8386","url":"https:\/\/elcomunista.org\/?p=8386","name":"Muertes por Covid-19 en las calles de Ecuador; el fatal resultado de la crisis capitalista","isPartOf":{"@id":"https:\/\/elcomunista.org\/#website"},"primaryImageOfPage":{"@id":"https:\/\/elcomunista.org\/?p=8386#primaryimage"},"image":{"@id":"https:\/\/elcomunista.org\/?p=8386#primaryimage"},"thumbnailUrl":"https:\/\/elcomunista.org\/wp-content\/uploads\/2020\/04\/ecuador.png","datePublished":"2020-04-17T20:26:15+00:00","dateModified":"2020-04-17T20:26:20+00:00","breadcrumb":{"@id":"https:\/\/elcomunista.org\/?p=8386#breadcrumb"},"inLanguage":"es","potentialAction":[{"@type":"ReadAction","target":["https:\/\/elcomunista.org\/?p=8386"]}]},{"@type":"ImageObject","inLanguage":"es","@id":"https:\/\/elcomunista.org\/?p=8386#primaryimage","url":"https:\/\/elcomunista.org\/wp-content\/uploads\/2020\/04\/ecuador.png","contentUrl":"https:\/\/elcomunista.org\/wp-content\/uploads\/2020\/04\/ecuador.png","width":639,"height":420},{"@type":"BreadcrumbList","@id":"https:\/\/elcomunista.org\/?p=8386#breadcrumb","itemListElement":[{"@type":"ListItem","position":1,"name":"Portada","item":"https:\/\/elcomunista.org\/"},{"@type":"ListItem","position":2,"name":"Muertes por Covid-19 en las calles de Ecuador; el fatal resultado de la crisis capitalista"}]},{"@type":"WebSite","@id":"https:\/\/elcomunista.org\/#website","url":"https:\/\/elcomunista.org\/","name":"Revoluci\u00f3n Comunista","description":"Internacional Comunista Revolucionaria","publisher":{"@id":"https:\/\/elcomunista.org\/#organization"},"potentialAction":[{"@type":"SearchAction","target":{"@type":"EntryPoint","urlTemplate":"https:\/\/elcomunista.org\/?s={search_term_string}"},"query-input":{"@type":"PropertyValueSpecification","valueRequired":true,"valueName":"search_term_string"}}],"inLanguage":"es"},{"@type":"Organization","@id":"https:\/\/elcomunista.org\/#organization","name":"Bloque Popular Juvenil","url":"https:\/\/elcomunista.org\/","logo":{"@type":"ImageObject","inLanguage":"es","@id":"https:\/\/elcomunista.org\/#\/schema\/logo\/image\/","url":"https:\/\/bloquepopularjuvenil.org\/wp-content\/uploads\/2018\/11\/bpj-militante.jpg","contentUrl":"https:\/\/bloquepopularjuvenil.org\/wp-content\/uploads\/2018\/11\/bpj-militante.jpg","width":4000,"height":1390,"caption":"Bloque Popular Juvenil"},"image":{"@id":"https:\/\/elcomunista.org\/#\/schema\/logo\/image\/"},"sameAs":["https:\/\/www.facebook.com\/Bloquepopularjuvenil","https:\/\/x.com\/ElBPJ","https:\/\/www.instagram.com\/elbloque_bpj\/?hl=es-la"]},{"@type":"Person","@id":"https:\/\/elcomunista.org\/#\/schema\/person\/f263a81caf9b6558c019b2d6b83e55be","name":"Internacional Comunista Revolucionaria","image":{"@type":"ImageObject","inLanguage":"es","@id":"https:\/\/elcomunista.org\/#\/schema\/person\/image\/","url":"https:\/\/secure.gravatar.com\/avatar\/007ae9c82193c93b7cbb3bbda1ed8c15?s=96&d=mm&r=g","contentUrl":"https:\/\/secure.gravatar.com\/avatar\/007ae9c82193c93b7cbb3bbda1ed8c15?s=96&d=mm&r=g","caption":"Internacional Comunista Revolucionaria"},"url":"https:\/\/elcomunista.org\/?author=62"}]}},"jetpack_featured_media_url":"https:\/\/elcomunista.org\/wp-content\/uploads\/2020\/04\/ecuador.png","jetpack_likes_enabled":true,"jetpack_sharing_enabled":true,"_links":{"self":[{"href":"https:\/\/elcomunista.org\/index.php?rest_route=\/wp\/v2\/posts\/8386"}],"collection":[{"href":"https:\/\/elcomunista.org\/index.php?rest_route=\/wp\/v2\/posts"}],"about":[{"href":"https:\/\/elcomunista.org\/index.php?rest_route=\/wp\/v2\/types\/post"}],"author":[{"embeddable":true,"href":"https:\/\/elcomunista.org\/index.php?rest_route=\/wp\/v2\/users\/62"}],"replies":[{"embeddable":true,"href":"https:\/\/elcomunista.org\/index.php?rest_route=%2Fwp%2Fv2%2Fcomments&post=8386"}],"version-history":[{"count":0,"href":"https:\/\/elcomunista.org\/index.php?rest_route=\/wp\/v2\/posts\/8386\/revisions"}],"wp:featuredmedia":[{"embeddable":true,"href":"https:\/\/elcomunista.org\/index.php?rest_route=\/wp\/v2\/media\/8392"}],"wp:attachment":[{"href":"https:\/\/elcomunista.org\/index.php?rest_route=%2Fwp%2Fv2%2Fmedia&parent=8386"}],"wp:term":[{"taxonomy":"category","embeddable":true,"href":"https:\/\/elcomunista.org\/index.php?rest_route=%2Fwp%2Fv2%2Fcategories&post=8386"},{"taxonomy":"post_tag","embeddable":true,"href":"https:\/\/elcomunista.org\/index.php?rest_route=%2Fwp%2Fv2%2Ftags&post=8386"}],"curies":[{"name":"wp","href":"https:\/\/api.w.org\/{rel}","templated":true}]}}