{"id":8418,"date":"2020-04-19T17:55:03","date_gmt":"2020-04-19T23:55:03","guid":{"rendered":"http:\/\/bloquepopularjuvenil.org\/?p=8418"},"modified":"2020-04-20T11:58:21","modified_gmt":"2020-04-20T17:58:21","slug":"declaracion-del-bpj-ante-la-emergencia-nacional-por-la-covid-19-y-las-sistematicas-violaciones-a-los-ddhh-en-el-salvador","status":"publish","type":"post","link":"https:\/\/elcomunista.org\/?p=8418","title":{"rendered":"Declaraci\u00f3n del BPJ ante la emergencia por la Covid-19 y los abusos de poder por parte del Estado"},"content":{"rendered":"<p><strong>Como organizaci\u00f3n de trabajadores e hijos de trabajadores ante el estado de emergencia y calamidad y ante las constantes violaciones de los derechos humanos cometidos por las fuerzas coercitivas del Estado (Polic\u00eda y Ej\u00e9rcito) incentivadas por el presidente de la Republica, denunciadas por instituciones nacionales e internacionales defensoras de los DDHH, ante las demandas de personas naturales, sindicatos, gremios, organizaciones comunitarias y sociales en general declaramos: <\/strong><\/p>\n<p>\u00a0<\/p>\n<p>1. Que estamos en defensa de los derechos civiles y democr\u00e1ticos conseguidos a partir de la lucha sangrienta en las d\u00e9cadas pasadas en el pa\u00eds, y por lo tanto la actual situaci\u00f3n de emergencia mundial no puede pisotear, a trav\u00e9s de la polic\u00eda y el ej\u00e9rcito, estas conquistas de las clases oprimidas haci\u00e9ndonos retroceder a tiempos oscuros y represivos<\/p>\n<p>2. Que el asesoramiento del gobierno por parte de personal de salud cient\u00edfico y t\u00e9cnico pudo evitar las muertes y contagios que se han presentado las \u00faltimas semanas<\/p>\n<p>3. Que la constante informaci\u00f3n estatal sobre el virus, utilizando todos los medios de comunicaci\u00f3n y otros con la adecuada organizaci\u00f3n popular de los barrios, colonias, municipios y departamentos junto con Protecci\u00f3n Civil, Ministerio de Salud y otras instituciones elevar\u00eda los niveles de eficiencia y eficacia de las medidas sanitarias tomadas por el gobierno y relegar\u00eda al punto de accesorio el papel de los \u00f3rganos coercitivos del Estado que hoy juegan un papel preponderante represivo similar a un r\u00e9gimen dictatorial abierto y descarado<\/p>\n<p>4. Que el gobierno no debe ceder ante la presi\u00f3n de la burgues\u00eda que desde la Asociaci\u00f3n Nacional de la Empresa Privada ANEP y similares est\u00e1 presionando por reactivar la industria ante las \u201cp\u00e9rdidas\u201d que han presentado en los \u00faltimos d\u00edas de cuarentena<\/p>\n<p>5. Que una posible reactivaci\u00f3n de la econom\u00eda escalonada o no, en el momento actual seria un acto mezquino que empujar\u00eda a la muerte a miles de trabajadores por los intereses empresariales de la burgues\u00eda nacional e internacional<\/p>\n<p>6. Que las pol\u00edticas econ\u00f3micas que exige la situaci\u00f3n cr\u00edtica de la econom\u00eda, deben estar enfocadas en defender los intereses de los trabajadores, los peque\u00f1os y medianos empresarios y los desempleados del pa\u00eds antes que los intereses de los grandes empresarios que exigen medidas de contenci\u00f3n y reparaci\u00f3n de p\u00e9rdidas<\/p>\n<p><strong>Ante las denuncias de trabajadores afectados por el abuso policial y militar por los decretos de emergencia nacional exigimos a la Asamblea Legislativa, a la corte Suprema de Justicia y al Ejecutivo: <\/strong><\/p>\n<p>1. El cese inmediato a la violencia institucional por parte del Estado sobre la poblaci\u00f3n civil, a la detenci\u00f3n, encarcelamiento de las personas civiles por violaci\u00f3n de cuarentena, en cambio, aplicar sanciones escalonadas tal y como lo exige la Ley Especial para Proteger a las Personas durante la Emergencia Nacional COVID-19 aprobada el 17 de este mes por la Asamblea Legislativa<\/p>\n<p>2. La resoluci\u00f3n inmediata de las demandas de personas detenidas desde hace m\u00e1s de 35 d\u00edas en albergues de contenci\u00f3n y la resoluci\u00f3n inmediata de las demandas de los compatriotas retenidos en el exterior<\/p>\n<p>3. El reconocimiento como error Ejecutivo la imposici\u00f3n del cord\u00f3n militar en el puerto de La Libertad y el establecimiento de un cord\u00f3n sanitario en esta ciudad que permita el abastecimiento de alimentos y medicinas para sus habitantes<\/p>\n<p>4. Regulaci\u00f3n nacional de salidas de la poblaci\u00f3n para abastecerse de alimentos y medicamentos, estos pueden ser a trav\u00e9s de n\u00famero de DUI u otros mecanismos m\u00e1s eficaces<\/p>\n<p>5. El cumplimiento del derecho al acceso a la informaci\u00f3n p\u00fablica, alto al bloqueo sistem\u00e1tico a la prensa, a la libre expresi\u00f3n y a las violaciones de los derechos de los periodistas cometidas por el Estado<\/p>\n<p>6. La activaci\u00f3n de la organizaci\u00f3n, comunal, barrial, municipal y departamental a trav\u00e9s de representantes comunitarios que participen en las tareas sanitarias y de seguridad ante la emergencia nacional y el establecimiento de una entidad de salud y seguridad estatal-civil para planificar y llevar a cabo medidas que combatan el contagio por Covid-19<\/p>\n<p>7. El cumplimiento de la resoluci\u00f3n de la Sala de lo Constitucional que llama al presidente Bukele acatar los procedimientos espec\u00edficos para resguardar los derechos humanos de la poblaci\u00f3n civil<\/p>\n<p>8. La protecci\u00f3n de los puestos de trabajo, prohibici\u00f3n de despidos o cancelaci\u00f3n de contratos laborales, ning\u00fan despido durante la cuarentena, que los salarios de trabajadores en cuarentena no sean tomados como incapacidad pagada por el ISSS sino pagadas por las grandes empresas<\/p>\n<p>9. Que el Estado pare el endeudamiento cr\u00f3nico, pues el servicio de la deuda es pagado principalmente por la clase obrera a trav\u00e9s de los impuesto, mientras que la mayor parte del dinero que se recibe en concepto de pr\u00e9stamos cubre el vac\u00edo que genera la falta de impuestos a los bienes suntuosos y a las ganancias de los capitalistas del pa\u00eds, la elusi\u00f3n y evasi\u00f3n fiscal anual que se cuenta por miles de millones de d\u00f3lares, as\u00ed la deuda la pagamos los que menos tenemos y los beneficios los reciben los que m\u00e1s tienen, por tanto y ante la falta de dinero exigimos la implementaci\u00f3n de una reforma fiscal revolucionaria que haga que las grandes empresas paguen m\u00e1s impuestos al Estado<\/p>\n<p>10. Ante las necesidades sanitarias que el Ejecutivo ordene un estudio de la industria nacional para saber qu\u00e9 insumos se pueden producir localmente y decretar una ley que permita la utilizaci\u00f3n de estas industrias en favor de la vida de los ciudadanos. Para que el Estado cumpla con sus obligaciones de brindar salud al pa\u00eds en el corto, mediano y largo plazo se nacionalicen los hospitales y cl\u00ednicas privadas y la industria farmac\u00e9utica<\/p>\n<p><b>Por \u00faltimo, afirmamos que la actual situaci\u00f3n de pandemia pone de manifiesto las condiciones precarias a las que nos somete el capitalismo, que los diferentes gobiernos alrededor del mundo prefieren mantener las condiciones materiales que producen el hambre y sufrimiento de la clase obrera solo por salvar los intereses de los grandes ricos. La sociedad capitalista a trav\u00e9s de su gran industria es capaz de brindar hospitales equipados, alimentaci\u00f3n, vivienda y medicamentos a toda la poblaci\u00f3n de manera gratuita, sin embargo, esto es imposible debido al derecho a la propiedad privada de los medios de producci\u00f3n (f\u00e1bricas y tierras) que hoy est\u00e1n en manos de unos pocos.<\/b><\/p>\n<p><b>En El Salvador en manos de los 160 ultra ricos que controlan m\u00e1s del 86 por ciento de la riqueza nacional, solo la lucha por un sistema democr\u00e1tico que expropie la propiedad de estos grandes ricos y organice democr\u00e1tica mente la producci\u00f3n puede salvarnos de los embates de la explotaci\u00f3n, el sometimiento, la miseria y la enfermedad, el \u00fanico sistema capaz de conseguir estas grandes tareas es el sistema socialista por el que nosotros luchamos y por el que debemos luchar los oprimidos del mundo en momentos de calamidad mundial. <\/b><\/p>\n<p><strong>\u00a1La crisis de la pandemia por Covid-19 no puede recargarse sobre los m\u00e1s pobres, alto a los abusos de poder y la explotaci\u00f3n capitalista! <\/strong><\/p>\n<p><strong>\u00a0<\/strong><\/p>\n<p style=\"text-align: right;\"><strong>Soyapango, abril 19, 2020 <\/strong><\/p>\n<p><strong>\u00a0<\/strong><\/p>","protected":false},"excerpt":{"rendered":"<p>En El Salvador en manos de los 160 ultra ricos que controlan m\u00e1s del 86 por ciento de la riqueza nacional, solo la lucha por un sistema democr\u00e1tico que expropie la propiedad de estos grandes ricos y organice democr\u00e1tica mente la producci\u00f3n puede salvarnos de los embates de la explotaci\u00f3n, el sometimiento, la miseria y la enfermedad, el \u00fanico sistema capaz de conseguir estas grandes tareas es el sistema socialista por el que nosotros luchamos y por el que debemos luchar los oprimidos del mundo en momentos de calamidad mundial.<\/p>\n","protected":false},"author":1,"featured_media":7707,"comment_status":"open","ping_status":"open","sticky":false,"template":"","format":"standard","meta":{"_monsterinsights_skip_tracking":false,"_monsterinsights_sitenote_active":false,"_monsterinsights_sitenote_note":"","_monsterinsights_sitenote_category":0,"_uf_show_specific_survey":0,"_uf_disable_surveys":false,"_jetpack_memberships_contains_paid_content":false,"footnotes":""},"categories":[1084,986,3],"tags":[1043,797,522],"class_list":["post-8418","post","type-post","status-publish","format-standard","has-post-thumbnail","hentry","category-coronavirus","category-destacada","category-politica","tag-coronavirus","tag-dictadura","tag-socialismo"],"aioseo_notices":[],"yoast_head":"<!-- This site is optimized with the Yoast SEO plugin v25.6 - https:\/\/yoast.com\/wordpress\/plugins\/seo\/ -->\n<title>Declaraci\u00f3n del BPJ ante la emergencia por la Covid-19 y los abusos de poder por parte del Estado<\/title>\n<meta name=\"robots\" content=\"index, follow, max-snippet:-1, max-image-preview:large, max-video-preview:-1\" \/>\n<link rel=\"canonical\" href=\"https:\/\/elcomunista.org\/?p=8418\" \/>\n<meta property=\"og:locale\" content=\"es_ES\" \/>\n<meta property=\"og:type\" content=\"article\" \/>\n<meta property=\"og:title\" content=\"Declaraci\u00f3n del BPJ ante la emergencia por la Covid-19 y los abusos de poder por parte del Estado\" \/>\n<meta property=\"og:description\" content=\"En El Salvador en manos de los 160 ultra ricos que controlan m\u00e1s del 86 por ciento de la riqueza nacional, solo la lucha por un sistema democr\u00e1tico que expropie la propiedad de estos grandes ricos y organice democr\u00e1tica mente la producci\u00f3n puede salvarnos de los embates de la explotaci\u00f3n, el sometimiento, la miseria y la enfermedad, el \u00fanico sistema capaz de conseguir estas grandes tareas es el sistema socialista por el que nosotros luchamos y por el que debemos luchar los oprimidos del mundo en momentos de calamidad mundial.\" \/>\n<meta property=\"og:url\" content=\"https:\/\/elcomunista.org\/?p=8418\" \/>\n<meta property=\"og:site_name\" content=\"Revoluci\u00f3n Comunista\" \/>\n<meta property=\"article:publisher\" content=\"https:\/\/www.facebook.com\/Bloquepopularjuvenil\" \/>\n<meta property=\"article:published_time\" content=\"2020-04-19T23:55:03+00:00\" \/>\n<meta property=\"article:modified_time\" content=\"2020-04-20T17:58:21+00:00\" \/>\n<meta property=\"og:image\" content=\"https:\/\/elcomunista.org\/wp-content\/uploads\/2020\/01\/thumbnail_hqdefault.jpg\" \/>\n\t<meta property=\"og:image:width\" content=\"480\" \/>\n\t<meta property=\"og:image:height\" content=\"360\" \/>\n\t<meta property=\"og:image:type\" content=\"image\/jpeg\" \/>\n<meta name=\"author\" content=\"Bloque Popular Juvenil\" \/>\n<meta name=\"twitter:card\" content=\"summary_large_image\" \/>\n<meta name=\"twitter:creator\" content=\"@ElBPJ\" \/>\n<meta name=\"twitter:site\" content=\"@ElBPJ\" \/>\n<meta name=\"twitter:label1\" content=\"Escrito por\" \/>\n\t<meta name=\"twitter:data1\" content=\"Bloque Popular Juvenil\" \/>\n\t<meta name=\"twitter:label2\" content=\"Tiempo de lectura\" \/>\n\t<meta name=\"twitter:data2\" content=\"6 minutos\" \/>\n<script type=\"application\/ld+json\" class=\"yoast-schema-graph\">{\"@context\":\"https:\/\/schema.org\",\"@graph\":[{\"@type\":\"Article\",\"@id\":\"https:\/\/elcomunista.org\/?p=8418#article\",\"isPartOf\":{\"@id\":\"https:\/\/elcomunista.org\/?p=8418\"},\"author\":{\"name\":\"Bloque Popular Juvenil\",\"@id\":\"https:\/\/elcomunista.org\/#\/schema\/person\/d55d5350d790a4464cbc0e898065567d\"},\"headline\":\"Declaraci\u00f3n del BPJ ante la emergencia por la Covid-19 y los abusos de poder por parte del Estado\",\"datePublished\":\"2020-04-19T23:55:03+00:00\",\"dateModified\":\"2020-04-20T17:58:21+00:00\",\"mainEntityOfPage\":{\"@id\":\"https:\/\/elcomunista.org\/?p=8418\"},\"wordCount\":1237,\"commentCount\":0,\"publisher\":{\"@id\":\"https:\/\/elcomunista.org\/#organization\"},\"image\":{\"@id\":\"https:\/\/elcomunista.org\/?p=8418#primaryimage\"},\"thumbnailUrl\":\"https:\/\/elcomunista.org\/wp-content\/uploads\/2020\/01\/thumbnail_hqdefault.jpg\",\"keywords\":[\"Coronavirus\",\"dictadura\",\"Socialismo\"],\"articleSection\":[\"Coronavirus\",\"Destacada\",\"Pol\u00edtica\"],\"inLanguage\":\"es\",\"potentialAction\":[{\"@type\":\"CommentAction\",\"name\":\"Comment\",\"target\":[\"https:\/\/elcomunista.org\/?p=8418#respond\"]}]},{\"@type\":\"WebPage\",\"@id\":\"https:\/\/elcomunista.org\/?p=8418\",\"url\":\"https:\/\/elcomunista.org\/?p=8418\",\"name\":\"Declaraci\u00f3n del BPJ ante la emergencia por la Covid-19 y los abusos de poder por parte del Estado\",\"isPartOf\":{\"@id\":\"https:\/\/elcomunista.org\/#website\"},\"primaryImageOfPage\":{\"@id\":\"https:\/\/elcomunista.org\/?p=8418#primaryimage\"},\"image\":{\"@id\":\"https:\/\/elcomunista.org\/?p=8418#primaryimage\"},\"thumbnailUrl\":\"https:\/\/elcomunista.org\/wp-content\/uploads\/2020\/01\/thumbnail_hqdefault.jpg\",\"datePublished\":\"2020-04-19T23:55:03+00:00\",\"dateModified\":\"2020-04-20T17:58:21+00:00\",\"breadcrumb\":{\"@id\":\"https:\/\/elcomunista.org\/?p=8418#breadcrumb\"},\"inLanguage\":\"es\",\"potentialAction\":[{\"@type\":\"ReadAction\",\"target\":[\"https:\/\/elcomunista.org\/?p=8418\"]}]},{\"@type\":\"ImageObject\",\"inLanguage\":\"es\",\"@id\":\"https:\/\/elcomunista.org\/?p=8418#primaryimage\",\"url\":\"https:\/\/elcomunista.org\/wp-content\/uploads\/2020\/01\/thumbnail_hqdefault.jpg\",\"contentUrl\":\"https:\/\/elcomunista.org\/wp-content\/uploads\/2020\/01\/thumbnail_hqdefault.jpg\",\"width\":480,\"height\":360},{\"@type\":\"BreadcrumbList\",\"@id\":\"https:\/\/elcomunista.org\/?p=8418#breadcrumb\",\"itemListElement\":[{\"@type\":\"ListItem\",\"position\":1,\"name\":\"Portada\",\"item\":\"https:\/\/elcomunista.org\/\"},{\"@type\":\"ListItem\",\"position\":2,\"name\":\"Declaraci\u00f3n del BPJ ante la emergencia por la Covid-19 y los abusos de poder por parte del Estado\"}]},{\"@type\":\"WebSite\",\"@id\":\"https:\/\/elcomunista.org\/#website\",\"url\":\"https:\/\/elcomunista.org\/\",\"name\":\"Revoluci\u00f3n Comunista\",\"description\":\"Internacional Comunista Revolucionaria\",\"publisher\":{\"@id\":\"https:\/\/elcomunista.org\/#organization\"},\"potentialAction\":[{\"@type\":\"SearchAction\",\"target\":{\"@type\":\"EntryPoint\",\"urlTemplate\":\"https:\/\/elcomunista.org\/?s={search_term_string}\"},\"query-input\":{\"@type\":\"PropertyValueSpecification\",\"valueRequired\":true,\"valueName\":\"search_term_string\"}}],\"inLanguage\":\"es\"},{\"@type\":\"Organization\",\"@id\":\"https:\/\/elcomunista.org\/#organization\",\"name\":\"Bloque Popular Juvenil\",\"url\":\"https:\/\/elcomunista.org\/\",\"logo\":{\"@type\":\"ImageObject\",\"inLanguage\":\"es\",\"@id\":\"https:\/\/elcomunista.org\/#\/schema\/logo\/image\/\",\"url\":\"https:\/\/bloquepopularjuvenil.org\/wp-content\/uploads\/2018\/11\/bpj-militante.jpg\",\"contentUrl\":\"https:\/\/bloquepopularjuvenil.org\/wp-content\/uploads\/2018\/11\/bpj-militante.jpg\",\"width\":4000,\"height\":1390,\"caption\":\"Bloque Popular Juvenil\"},\"image\":{\"@id\":\"https:\/\/elcomunista.org\/#\/schema\/logo\/image\/\"},\"sameAs\":[\"https:\/\/www.facebook.com\/Bloquepopularjuvenil\",\"https:\/\/x.com\/ElBPJ\",\"https:\/\/www.instagram.com\/elbloque_bpj\/?hl=es-la\"]},{\"@type\":\"Person\",\"@id\":\"https:\/\/elcomunista.org\/#\/schema\/person\/d55d5350d790a4464cbc0e898065567d\",\"name\":\"Bloque Popular Juvenil\",\"image\":{\"@type\":\"ImageObject\",\"inLanguage\":\"es\",\"@id\":\"https:\/\/elcomunista.org\/#\/schema\/person\/image\/\",\"url\":\"https:\/\/secure.gravatar.com\/avatar\/85d12dca789bb6379dc38a198e1576cd?s=96&d=mm&r=g\",\"contentUrl\":\"https:\/\/secure.gravatar.com\/avatar\/85d12dca789bb6379dc38a198e1576cd?s=96&d=mm&r=g\",\"caption\":\"Bloque Popular Juvenil\"},\"url\":\"https:\/\/elcomunista.org\/?author=1\"}]}<\/script>\n<!-- \/ Yoast SEO plugin. -->","yoast_head_json":{"title":"Declaraci\u00f3n del BPJ ante la emergencia por la Covid-19 y los abusos de poder por parte del Estado","robots":{"index":"index","follow":"follow","max-snippet":"max-snippet:-1","max-image-preview":"max-image-preview:large","max-video-preview":"max-video-preview:-1"},"canonical":"https:\/\/elcomunista.org\/?p=8418","og_locale":"es_ES","og_type":"article","og_title":"Declaraci\u00f3n del BPJ ante la emergencia por la Covid-19 y los abusos de poder por parte del Estado","og_description":"En El Salvador en manos de los 160 ultra ricos que controlan m\u00e1s del 86 por ciento de la riqueza nacional, solo la lucha por un sistema democr\u00e1tico que expropie la propiedad de estos grandes ricos y organice democr\u00e1tica mente la producci\u00f3n puede salvarnos de los embates de la explotaci\u00f3n, el sometimiento, la miseria y la enfermedad, el \u00fanico sistema capaz de conseguir estas grandes tareas es el sistema socialista por el que nosotros luchamos y por el que debemos luchar los oprimidos del mundo en momentos de calamidad mundial.","og_url":"https:\/\/elcomunista.org\/?p=8418","og_site_name":"Revoluci\u00f3n Comunista","article_publisher":"https:\/\/www.facebook.com\/Bloquepopularjuvenil","article_published_time":"2020-04-19T23:55:03+00:00","article_modified_time":"2020-04-20T17:58:21+00:00","og_image":[{"width":480,"height":360,"url":"https:\/\/elcomunista.org\/wp-content\/uploads\/2020\/01\/thumbnail_hqdefault.jpg","type":"image\/jpeg"}],"author":"Bloque Popular Juvenil","twitter_card":"summary_large_image","twitter_creator":"@ElBPJ","twitter_site":"@ElBPJ","twitter_misc":{"Escrito por":"Bloque Popular Juvenil","Tiempo de lectura":"6 minutos"},"schema":{"@context":"https:\/\/schema.org","@graph":[{"@type":"Article","@id":"https:\/\/elcomunista.org\/?p=8418#article","isPartOf":{"@id":"https:\/\/elcomunista.org\/?p=8418"},"author":{"name":"Bloque Popular Juvenil","@id":"https:\/\/elcomunista.org\/#\/schema\/person\/d55d5350d790a4464cbc0e898065567d"},"headline":"Declaraci\u00f3n del BPJ ante la emergencia por la Covid-19 y los abusos de poder por parte del Estado","datePublished":"2020-04-19T23:55:03+00:00","dateModified":"2020-04-20T17:58:21+00:00","mainEntityOfPage":{"@id":"https:\/\/elcomunista.org\/?p=8418"},"wordCount":1237,"commentCount":0,"publisher":{"@id":"https:\/\/elcomunista.org\/#organization"},"image":{"@id":"https:\/\/elcomunista.org\/?p=8418#primaryimage"},"thumbnailUrl":"https:\/\/elcomunista.org\/wp-content\/uploads\/2020\/01\/thumbnail_hqdefault.jpg","keywords":["Coronavirus","dictadura","Socialismo"],"articleSection":["Coronavirus","Destacada","Pol\u00edtica"],"inLanguage":"es","potentialAction":[{"@type":"CommentAction","name":"Comment","target":["https:\/\/elcomunista.org\/?p=8418#respond"]}]},{"@type":"WebPage","@id":"https:\/\/elcomunista.org\/?p=8418","url":"https:\/\/elcomunista.org\/?p=8418","name":"Declaraci\u00f3n del BPJ ante la emergencia por la Covid-19 y los abusos de poder por parte del Estado","isPartOf":{"@id":"https:\/\/elcomunista.org\/#website"},"primaryImageOfPage":{"@id":"https:\/\/elcomunista.org\/?p=8418#primaryimage"},"image":{"@id":"https:\/\/elcomunista.org\/?p=8418#primaryimage"},"thumbnailUrl":"https:\/\/elcomunista.org\/wp-content\/uploads\/2020\/01\/thumbnail_hqdefault.jpg","datePublished":"2020-04-19T23:55:03+00:00","dateModified":"2020-04-20T17:58:21+00:00","breadcrumb":{"@id":"https:\/\/elcomunista.org\/?p=8418#breadcrumb"},"inLanguage":"es","potentialAction":[{"@type":"ReadAction","target":["https:\/\/elcomunista.org\/?p=8418"]}]},{"@type":"ImageObject","inLanguage":"es","@id":"https:\/\/elcomunista.org\/?p=8418#primaryimage","url":"https:\/\/elcomunista.org\/wp-content\/uploads\/2020\/01\/thumbnail_hqdefault.jpg","contentUrl":"https:\/\/elcomunista.org\/wp-content\/uploads\/2020\/01\/thumbnail_hqdefault.jpg","width":480,"height":360},{"@type":"BreadcrumbList","@id":"https:\/\/elcomunista.org\/?p=8418#breadcrumb","itemListElement":[{"@type":"ListItem","position":1,"name":"Portada","item":"https:\/\/elcomunista.org\/"},{"@type":"ListItem","position":2,"name":"Declaraci\u00f3n del BPJ ante la emergencia por la Covid-19 y los abusos de poder por parte del Estado"}]},{"@type":"WebSite","@id":"https:\/\/elcomunista.org\/#website","url":"https:\/\/elcomunista.org\/","name":"Revoluci\u00f3n Comunista","description":"Internacional Comunista Revolucionaria","publisher":{"@id":"https:\/\/elcomunista.org\/#organization"},"potentialAction":[{"@type":"SearchAction","target":{"@type":"EntryPoint","urlTemplate":"https:\/\/elcomunista.org\/?s={search_term_string}"},"query-input":{"@type":"PropertyValueSpecification","valueRequired":true,"valueName":"search_term_string"}}],"inLanguage":"es"},{"@type":"Organization","@id":"https:\/\/elcomunista.org\/#organization","name":"Bloque Popular Juvenil","url":"https:\/\/elcomunista.org\/","logo":{"@type":"ImageObject","inLanguage":"es","@id":"https:\/\/elcomunista.org\/#\/schema\/logo\/image\/","url":"https:\/\/bloquepopularjuvenil.org\/wp-content\/uploads\/2018\/11\/bpj-militante.jpg","contentUrl":"https:\/\/bloquepopularjuvenil.org\/wp-content\/uploads\/2018\/11\/bpj-militante.jpg","width":4000,"height":1390,"caption":"Bloque Popular Juvenil"},"image":{"@id":"https:\/\/elcomunista.org\/#\/schema\/logo\/image\/"},"sameAs":["https:\/\/www.facebook.com\/Bloquepopularjuvenil","https:\/\/x.com\/ElBPJ","https:\/\/www.instagram.com\/elbloque_bpj\/?hl=es-la"]},{"@type":"Person","@id":"https:\/\/elcomunista.org\/#\/schema\/person\/d55d5350d790a4464cbc0e898065567d","name":"Bloque Popular Juvenil","image":{"@type":"ImageObject","inLanguage":"es","@id":"https:\/\/elcomunista.org\/#\/schema\/person\/image\/","url":"https:\/\/secure.gravatar.com\/avatar\/85d12dca789bb6379dc38a198e1576cd?s=96&d=mm&r=g","contentUrl":"https:\/\/secure.gravatar.com\/avatar\/85d12dca789bb6379dc38a198e1576cd?s=96&d=mm&r=g","caption":"Bloque Popular Juvenil"},"url":"https:\/\/elcomunista.org\/?author=1"}]}},"jetpack_featured_media_url":"https:\/\/elcomunista.org\/wp-content\/uploads\/2020\/01\/thumbnail_hqdefault.jpg","jetpack_likes_enabled":true,"jetpack_sharing_enabled":true,"_links":{"self":[{"href":"https:\/\/elcomunista.org\/index.php?rest_route=\/wp\/v2\/posts\/8418"}],"collection":[{"href":"https:\/\/elcomunista.org\/index.php?rest_route=\/wp\/v2\/posts"}],"about":[{"href":"https:\/\/elcomunista.org\/index.php?rest_route=\/wp\/v2\/types\/post"}],"author":[{"embeddable":true,"href":"https:\/\/elcomunista.org\/index.php?rest_route=\/wp\/v2\/users\/1"}],"replies":[{"embeddable":true,"href":"https:\/\/elcomunista.org\/index.php?rest_route=%2Fwp%2Fv2%2Fcomments&post=8418"}],"version-history":[{"count":0,"href":"https:\/\/elcomunista.org\/index.php?rest_route=\/wp\/v2\/posts\/8418\/revisions"}],"wp:featuredmedia":[{"embeddable":true,"href":"https:\/\/elcomunista.org\/index.php?rest_route=\/wp\/v2\/media\/7707"}],"wp:attachment":[{"href":"https:\/\/elcomunista.org\/index.php?rest_route=%2Fwp%2Fv2%2Fmedia&parent=8418"}],"wp:term":[{"taxonomy":"category","embeddable":true,"href":"https:\/\/elcomunista.org\/index.php?rest_route=%2Fwp%2Fv2%2Fcategories&post=8418"},{"taxonomy":"post_tag","embeddable":true,"href":"https:\/\/elcomunista.org\/index.php?rest_route=%2Fwp%2Fv2%2Ftags&post=8418"}],"curies":[{"name":"wp","href":"https:\/\/api.w.org\/{rel}","templated":true}]}}