{"id":8448,"date":"2020-04-21T21:12:35","date_gmt":"2020-04-22T03:12:35","guid":{"rendered":"http:\/\/bloquepopularjuvenil.org\/?p=8448"},"modified":"2020-04-21T21:12:39","modified_gmt":"2020-04-22T03:12:39","slug":"el-salvador-aciertos-y-errores-en-la-emergencia-por-el-covid-19","status":"publish","type":"post","link":"https:\/\/elcomunista.org\/?p=8448","title":{"rendered":"El Salvador: Aciertos y errores en la emergencia por el Covid-19"},"content":{"rendered":"<p>Las situaciones de emergencia son la mejor manera de poner al descubierto todas las fortalezas o debilidades de una persona, estructura o sistema, que se vea en la necesidad de responder de manera inmediata ante una situaci\u00f3n as\u00ed.\u00a0 En este sentido, la pandemia provocada por el Covid-19 ha puesto a prueba no solo al sistema de salud de los pa\u00edses cuyos casos se han desbordado, sino que se est\u00e1 poniendo a prueba todo el sistema pol\u00edtico econ\u00f3mico global: el capitalismo, la globalizaci\u00f3n y el famoso libre mercado internacional. Claro que las crisis del capital como ya lo explicara Marx hace\u00a0 m\u00e1s de 150 a\u00f1os, son c\u00edclicas, y como ya se explic\u00f3 en un art\u00edculo de la CMI, hay catalizadores que las desembocan (<a href=\"http:\/\/bloquepopularjuvenil.org\/el-sistema-capitalista-se-dirige-a-una-debacle\/\">El sistema capitalista se dirige a una debacle[i]<\/a>).<\/p>\n<p>Pr\u00e1cticamente el mundo, en su historia contempor\u00e1nea, se enfrenta a una emergencia de salud que ha superado por mucho a las anteriores como el SARS en 2002 \u2013 2004; la gripe A H1N1 que golpe\u00f3 entre el 2009 \u2013 2010 y de la que oficialmente se reportaron al final de la pandemia un estimado de un mill\u00f3n seiscientos mil casos<a href=\"#_edn2\" name=\"_ednref2\">[ii]<\/a>. Ahora, desde finales del a\u00f1o pasado, entre el 12 y 29 de diciembre en Wuhan, China, se detectaron los primeros casos del COVID-19 (llamado en un primer momento coronavirus) y en un periodo de 4 meses ha hecho colapsar a pa\u00edses como Espa\u00f1a, Italia, Estados Unidos, Francia y Reino Unido, por hablar de las econom\u00edas m\u00e1s grandes; solo entre ellos tienen, seg\u00fan cifras oficiales hasta el quince de abril, un mill\u00f3n ciento setenta y tres mil novecientos treinta y dos casos<a href=\"#_edn3\" name=\"_ednref3\">[iii]<\/a> (1,173,932). La r\u00e1pidez con que el virus se propaga se debe a que tiene, en promedio, un periodo de incubaci\u00f3n de dos semanas sin s\u00edntomas<a href=\"#_edn4\" name=\"_ednref4\">[iv]<\/a>, en el cual tambi\u00e9n es contagioso, entonces las personas est\u00e1n infectadas, no lo saben y durante dos semanas se mueven sin ning\u00fan tipo de protecci\u00f3n, propagando la enfermedad.<\/p>\n<p>Dentro de todo este marco de pandemia mundial, y el colapso de los sistemas de salud de grandes potencias econ\u00f3micas \u00bfc\u00f3mo se ha estado preparando el gobierno de nuestro pa\u00eds? En un principio la primera respuesta fue ir cerrando el ingreso a El Salvador a las personas que vinieran de los pa\u00edses con casos confirmados, acci\u00f3n que aunque pareciera radical, parec\u00eda tener cierta l\u00f3gica en tanto que es una medida que eventualmente fueron adoptando los pa\u00edses m\u00e1s afectados ya cuando los casos estaban fueran de control. Sin embargo, aqu\u00ed comienza el primer gran error del gobierno de Nayib Bukele ante la\u00a0 emergencia del Covid-19, pues pone en evidencia una pol\u00edtica reactiva (de reacci\u00f3n posterior) antes que una planificaci\u00f3n preventiva. Cualquiera pudiera decir que el gobierno ha reaccionado de manera r\u00e1pida y que esa es una de las razones por las cuales a la fecha el pa\u00eds tiene relativamente pocos casos diagnosticados, a pesar de que esto es positivo, con el pasar de los d\u00edas parece que poco a poco el desastre se avecina.<\/p>\n<p>Los primeros que entraron en cuarentena fueron las personas que venian hacia El Salvador desde diferentes pa\u00edses, incluso de aquellos en donde el brote del virus ya estaba avanzado como Espa\u00f1a e Italia, que representaban un potencial foco de infecci\u00f3n. A pesar de ser una buena medida, seguramente muchos lectores recordaran la odisea de estas primeras personas que fueron detenidas en el aeropuerto, a quienes se les oblig\u00f3 a entrar en cuarentena sin haber preparado las condiciones necesarias para resguardar sus derechos y lo m\u00e1s importante en este contexto, su salud.<\/p>\n<p><em>\u201cEn total eran ocho m\u00e9dicos los disponibles para atender a unos 300 viajeros procedentes de diversos destinos, y quienes hasta la ma\u00f1ana de este jueves permanecen varados en una sala de la terminal a\u00e9rea. Algunos de ellos intentaron salir por la fuerza de las instalaciones, pero la Polic\u00eda Nacional Civil (PNC) se los impidi\u00f3 e incluso pidieron refuerzos para tratar de controlar situaci\u00f3n. Algunos de los viajeros que permanecen en las salas de la terminal a\u00e9rea se han visto obligados a dormir en las sillas y en el piso del lugar. Personas que se encuentran en el aeropuerto comentan en redes sociales que no les han hecho ninguna medici\u00f3n de temperatura y que est\u00e1n siendo custodiados por polic\u00edas\u201d.<a href=\"#_edn5\" name=\"_ednref5\"><strong>[v]<\/strong><\/a> <\/em>(ElSalvador.com 17 de marzo)<\/p>\n<p>Este breve fragmento, que es de las primeras personas mantenidas en cuarentena, tomado de\u00a0 un peri\u00f3dico de circulaci\u00f3n nacional, nos muestra los primeros resultados de las acciones reactivas, en lugar de preventivas, y la din\u00e1mica que ha ido tomando el Ejecutivo para enfrentar la crisis. En primer lugar, se dispone de la cuarentena sin tener ning\u00fan plan, ni lugar habilitado para la misma; en segundo lugar, la cantidad del personal m\u00e9dico dispuesto por el gobierno para atender a las personas fue sumamente bajo, y se detuvieron a las personas sin realizar un verdadero chequeo m\u00e9dico que permitiera separar a los casos sospechosos de los que no estaban infectados con el virus; y por \u00faltimo, la visi\u00f3n de tener que usar a las fuerzas represivas del Estado para mantener el \u201ccontrol social\u201d.<\/p>\n<p>No es dif\u00edcil cuestionar las acciones y decisiones del gobierno, sobre todo con nuestras deficiencias estructurales; a pesar de que hay que tener la claridad de que ning\u00fan pa\u00eds, por avanzado que estuviera, pudo hacer frente de manera preventiva a la pandemia; incluso China, que tuvo la capacidad de construir dos hospitales en menos de un mes para atender a sus conciudadanos, se vio superada en sus fuerzas y recibieron ayuda de otras naciones, especialmente Cuba, con personal m\u00e9dico y medicinas paliativas. \u00bfQue podr\u00edamos esperar de nuestro gobierno? Como se mencion\u00f3 anteriormente, las acciones m\u00e1s acertadas fueron impedir el acceso a personas que ven\u00edan de pa\u00edses con elevados casos positivos de Covid-19, pero llevarlos a cuarentena sin hacer una separaci\u00f3n de casos ha repercutido en que los centros de cuarentena se convirtieron en el principal foco de infecci\u00f3n, es desde donde se han reportado la mayor\u00eda de los casos positivos hasta el momento. Para el 16 de abril el pa\u00eds hab\u00eda reportado 177 casos activos, de esos, 116 est\u00e1n repartidos entre los diferentes centros de contenci\u00f3n<a href=\"#_edn6\" name=\"_ednref6\">[vi]<\/a> podr\u00edamos pensar que es l\u00f3gico, son las personas que ven\u00edan ya contagiadas \u00bfpero como saberlo si nunca se hicieron los ex\u00e1menes para separar los casos positivos de los negativos? M\u00e1s a\u00fan, todav\u00eda hay personas que luego de 30 d\u00edas de cuarentena siguen detenidas sin mostrar s\u00edntomas.<\/p>\n<p><em>\u201c30 d\u00edas en cuarentena cumplidos. Hemos comenzado a preguntar por el protocolo de salida sin tener una respuesta. Lleg\u00f3 la representante del Ministerio de Salud a informar que no saldr\u00edamos este d\u00eda, sino hasta que los de \u00abarriba\u00bb dieran indicaciones. Pero, \u00bfcon qu\u00e9 derecho nos privan de nuestra libertad y nos alejan de nuestros hijos sin responder con la verdad a nuestras dudas? La doctora nos dijo que solo ven\u00eda a informarnos, que nos realizar\u00edan otras pruebas, pero no entendemos el por qu\u00e9 si aqu\u00ed no hay positivos. Entonces, \u00bfpor qu\u00e9 m\u00e1s pruebas? Adem\u00e1s el ministro de Salud dijo que no eran necesarias las pruebas para salir de los centros de contenci\u00f3n. Entonces, \u00bfa qui\u00e9n le creemos? Nos dicen que por haber estado en la Villa Ol\u00edmpica nos quieren hacer otra prueba, pero ya tenemos 28 d\u00edas de haber sido trasladados y estamos asintom\u00e1ticos. Si nuestra prueba es negativa, \u00bfpor qu\u00e9 nos retienen? \u00a1Queremos respuestas e irnos a casa! \u00a1Es todo lo que pedimos\u201d!<a href=\"#_edn7\" name=\"_ednref7\"><strong>[vii]<\/strong><\/a> <\/em>(Gatoencerrado.news 14 de abril)<\/p>\n<p>M\u00e1s all\u00e1 de las malas condiciones en las que inicialmente se encontraban algunos albergues, y que por tal motivo el gobierno decidi\u00f3 utilizar diversos hoteles para llevar a cuarentena a las personas detenidas, el principal problema es que esto no ha evitado la propagaci\u00f3n del virus, y m\u00e1s grave a\u00fan es que muchas de las personas retenidas en cuarentena tienen m\u00e1s de 30 d\u00edas de confinamiento en el que se est\u00e1 violando su derecho a la informaci\u00f3n sobre su salud y su libertad al retenerlos de manera ilegal.<\/p>\n<p>Ciertamente no pod\u00edamos esperar que El Salvador no enfrentara problemas a la hora de responder a la pandemia, los problemas que por el momento estamos enfrentando no son solo de escasez de camas, medicinas, o de centros de cuarentena, sino tambi\u00e9n de legalidad y afectaci\u00f3n de derechos humanos, de derechos de los y las trabajadoras, de endeudamiento p\u00fablico, de mala planificaci\u00f3n preventiva, de una pobre eficacia del gobierno, empeorada con mensajes contradictorios, como pedir a las personas que acudan a los CENADES en medio de una cuarentena y ni hablar del Ministerio de Salud. El personal m\u00e9dico est\u00e1 siendo disminuido por los contagios al no tener los insumos necesarios para realizar su trabajo con la protecci\u00f3n necesaria, muchos hospitales est\u00e1n comprometidos m\u00e1s por ser espacios de infecci\u00f3n que por estar saturados de pacientes. Mientras tanto la mejor estrategia del presidente Nayib Bukele para contener la pandemia es obligar a las personas a mantenerse en sus casas a punta de ca\u00f1\u00f3n, su estrategia es militar, el d\u00eda 17 de abril impuso un cerco sanitario en el puerto de la libertad<a href=\"#_edn8\" name=\"_ednref8\">[viii]<\/a>, pero al ver las fotograf\u00eda y los comentarios de las personas en redes sociales, es m\u00e1s bien un toque de queda militar.<\/p>\n<p>El Covid-19 en El Salvador, a\u00fan no ha provocado una emergencia m\u00e9dica y social, al menos eso puede decirse a partir de la informaci\u00f3n oficial, el manejo de la informaci\u00f3n es cuestionable y en muchos casos es utilizada para ejercer presiones pol\u00edticas. La visi\u00f3n militarista de Bukele para enfrentar una emergencia m\u00e9dica ha provocado un choque entre los tres poderes del Estado burgu\u00e9s. La Corte Suprema de Justicia, en la Sala de lo Constitucional ha recibido al menos una docena de Habeas Corpus<a href=\"#_edn9\" name=\"_ednref9\">[ix]<\/a> de personas que est\u00e1n siendo retenidas sin que se les brinde informaci\u00f3n sobres su situaci\u00f3n, la Procuradur\u00eda de los Derechos Humanos ha recibido cientos de denuncias de abuso<a href=\"#_edn10\" name=\"_ednref10\">[x]<\/a> de autoridad cometidos por la Polic\u00eda Nacional Civil y la miembros de la Fuerza Armada, ante esto la Sala se ha pronunciado para impedir que las personas sean detenidas de manera arbitraria y se respeten procedimientos y criterios, sin embargo, el Ejecutivo se ha opuesto a acatar las sentencias, presionando para que la Asamblea Legislativa no cambie los Decretos aprobados, logrando de ella una extensi\u00f3n de los mismos, creando una nueva crisis institucional.<a href=\"#_edn11\" name=\"_ednref11\">[xi]<\/a><\/p>\n<p>El pueblo trabajador tiene un futuro muy incierto por delante. La magnitud del impacto de la pandemia del Covid-19 es a\u00fan incierta, mientras tanto, se debe guardar una cuarentena casi militar, que poco a poco va limitando nuestros derechos, mientras, entre medidas demag\u00f3gica como ofrecer 300 d\u00f3lares a las familias m\u00e1s desprotegidas (que es necesario, aunque tambi\u00e9n puede ser una pantalla para desviar fondos para otros fines o reactivar la econom\u00eda de consumo), el pa\u00eds se endeuda m\u00e1s y m\u00e1s, y sabemos que eso solo significa m\u00e1s sacrificios para la clase proletaria. El ministro de Hacienda ya anunci\u00f3 un fuerte descenso de $281 millones en la recolecci\u00f3n de impuestos<a href=\"#_edn12\" name=\"_ednref12\">[xii]<\/a>, es muy probable que en un futuro pr\u00f3ximo se proponga un incremento al IVA. Es necesario estar alertas a la forma en la que el gobierno enfrentar\u00e1 la pr\u00f3xima crisis econ\u00f3mica que se avecina luego de esta pandemia.<\/p>\n<hr \/>\n<p><a href=\"#_ednref1\" name=\"_edn1\">[i]<\/a>\u00a0\u00a0\u00a0\u00a0\u00a0\u00a0 El sistema capitalista se dirige a una debacle. http:\/\/bloquepopularjuvenil.org\/el-sistema-capitalista-se-dirige-a-una-debacle\/<\/p>\n<p><a href=\"#_ednref2\" name=\"_edn2\">[ii]<\/a>\u00a0\u00a0\u00a0\u00a0\u00a0 Pandemia de gripe A (H1N1) de 2009-2010. https:\/\/es.wikipedia.org\/wiki\/Pandemia_de_gripe_A_(H1N1)_de_2009-2010<\/p>\n<p><a href=\"#_ednref3\" name=\"_edn3\">[iii]<\/a>\u00a0\u00a0\u00a0\u00a0 N\u00famero de casos confirmados de coronavirus en el mundo a fecha de 14 de abril de 2020, por pa\u00eds. https:\/\/es.statista.com\/estadisticas\/1091192\/paises-afectados-por-el-coronavirus-de-wuhan-segun-los-casos-confirmados\/<\/p>\n<p><a href=\"#_ednref4\" name=\"_edn4\">[iv]<\/a>\u00a0\u00a0\u00a0 Covid-19: \u00bfCu\u00e1nto dura el proceso de incubaci\u00f3n? https:\/\/www.dw.com\/es\/covid-19-cu%C3%A1nto-dura-el-proceso-de-incubaci%C3%B3n\/a-52578128<\/p>\n<p><a href=\"#_ednref5\" name=\"_edn5\">[v]<\/a>\u00a0\u00a0\u00a0\u00a0 \u201cHay un caos en este lugar\u201d. Inconformidad y malestar entre viajeros en aeropuerto por medidas de cuarentena. elsalvador.com &#8211; https:\/\/www.elsalvador.com\/noticias\/nacional\/coronavirus-aeropuerto-caos-cuarentena-pasajeros-extranjeros-salvadorenos\/694898\/2020\/<\/p>\n<p><a href=\"#_ednref6\" name=\"_edn6\">[vi]<\/a>\u00a0\u00a0\u00a0 Situaci\u00f3n Nacional COVID-19 &#8211; https:\/\/covid19.gob.sv\/<\/p>\n<p><a href=\"#_ednref7\" name=\"_edn7\">[vii]<\/a>\u00a0\u00a0 Atrapados en una cuarentena que se cumple a ciegas. Gatoencerrado.news &#8211; https:\/\/gatoencerrado.news\/2020\/04\/14\/atrapados-en-una-cuarentena-que-se-cumple-a-ciegas\/<\/p>\n<p><a href=\"#_ednref8\" name=\"_edn8\">[viii]<\/a>\u00a0 Bukele ordena cerco sanitario en el Puerto de La Libertad por 48 horas. https:\/\/diario.elmundo.sv\/bukele-ordena-cerco-sanitario-en-el-puerto-de-la-libertad-por-48-horas2\/<\/p>\n<p><a href=\"#_ednref9\" name=\"_edn9\">[ix]<\/a>\u00a0\u00a0\u00a0 Sala admite tr\u00e1mite de h\u00e1beas corpus solicitado por 56 personas llevadas a cuarentena. https:\/\/radioyskl.com\/2020\/03\/13\/sala-admite-habeas-corpus-solicitado-por-56-personas-llevadas-a-cuarentena\/<\/p>\n<p><a href=\"#_ednref10\" name=\"_edn10\">[x]<\/a>\u00a0\u00a0\u00a0\u00a0 Procuradur\u00eda de Derechos Humanos recibe 471 denuncias en 24 d\u00edas de emergencia. https:\/\/www.elsalvador.com\/noticias\/nacional\/procurador-para-la-defensa-de-los-derechos-humanos-coronavirus\/706387\/2020\/<\/p>\n<p><a href=\"#_ednref11\" name=\"_edn11\">[xi]<\/a>\u00a0\u00a0\u00a0 El Salvador: El presidente desaf\u00eda a la Corte Suprema. https:\/\/www.hrw.org\/es\/news\/2020\/04\/17\/el-salvador-el-presidente-desafia-la-corte-suprema<\/p>\n<p><a href=\"#_ednref12\" name=\"_edn12\">[xii]<\/a>\u00a0\u00a0 Ministerio de Hacienda de El Salvador reporta ca\u00edda de $281 millones en recaudaci\u00f3n fiscal. https:\/\/www.eleconomista.net\/economia\/Ministerio-de-Hacienda-de-El-Salvador-reporta-caida-de-281-millones-en-recaudacion-fiscal&#8211;20200416-0005.html<\/p>","protected":false},"excerpt":{"rendered":"<p>Las situaciones de emergencia son la mejor manera de poner al descubierto todas las fortalezas o debilidades de una persona, estructura o sistema, que se vea en la necesidad de responder de manera inmediata ante una situaci\u00f3n as\u00ed.\u00a0 En este sentido, la pandemia provocada por el Covid-19 ha puesto a prueba no solo al sistema&#8230;<\/p>\n","protected":false},"author":58,"featured_media":8449,"comment_status":"open","ping_status":"open","sticky":false,"template":"","format":"standard","meta":{"_monsterinsights_skip_tracking":false,"_monsterinsights_sitenote_active":false,"_monsterinsights_sitenote_note":"","_monsterinsights_sitenote_category":0,"_uf_show_specific_survey":0,"_uf_disable_surveys":false,"_jetpack_memberships_contains_paid_content":false,"footnotes":""},"categories":[1084,3,537],"tags":[1043,93],"class_list":["post-8448","post","type-post","status-publish","format-standard","has-post-thumbnail","hentry","category-coronavirus","category-politica","category-principales","tag-coronavirus","tag-el-salvador"],"aioseo_notices":[],"yoast_head":"<!-- This site is optimized with the Yoast SEO plugin v25.6 - https:\/\/yoast.com\/wordpress\/plugins\/seo\/ -->\n<title>El Salvador: Aciertos y errores en la emergencia por el Covid-19<\/title>\n<meta name=\"robots\" content=\"index, follow, max-snippet:-1, max-image-preview:large, max-video-preview:-1\" \/>\n<link rel=\"canonical\" href=\"https:\/\/elcomunista.org\/?p=8448\" \/>\n<meta property=\"og:locale\" content=\"es_ES\" \/>\n<meta property=\"og:type\" content=\"article\" \/>\n<meta property=\"og:title\" content=\"El Salvador: Aciertos y errores en la emergencia por el Covid-19\" \/>\n<meta property=\"og:description\" content=\"Las situaciones de emergencia son la mejor manera de poner al descubierto todas las fortalezas o debilidades de una persona, estructura o sistema, que se vea en la necesidad de responder de manera inmediata ante una situaci\u00f3n as\u00ed.\u00a0 En este sentido, la pandemia provocada por el Covid-19 ha puesto a prueba no solo al sistema...\" \/>\n<meta property=\"og:url\" content=\"https:\/\/elcomunista.org\/?p=8448\" \/>\n<meta property=\"og:site_name\" content=\"Revoluci\u00f3n Comunista\" \/>\n<meta property=\"article:publisher\" content=\"https:\/\/www.facebook.com\/Bloquepopularjuvenil\" \/>\n<meta property=\"article:published_time\" content=\"2020-04-22T03:12:35+00:00\" \/>\n<meta property=\"article:modified_time\" content=\"2020-04-22T03:12:39+00:00\" \/>\n<meta property=\"og:image\" content=\"https:\/\/elcomunista.org\/wp-content\/uploads\/2020\/04\/cadena-nacional-21-marzo.jpg\" \/>\n\t<meta property=\"og:image:width\" content=\"650\" \/>\n\t<meta property=\"og:image:height\" content=\"375\" \/>\n\t<meta property=\"og:image:type\" content=\"image\/jpeg\" \/>\n<meta name=\"author\" content=\"Iv\u00e1n Castro\" \/>\n<meta name=\"twitter:card\" content=\"summary_large_image\" \/>\n<meta name=\"twitter:creator\" content=\"@ElBPJ\" \/>\n<meta name=\"twitter:site\" content=\"@ElBPJ\" \/>\n<meta name=\"twitter:label1\" content=\"Escrito por\" \/>\n\t<meta name=\"twitter:data1\" content=\"Iv\u00e1n Castro\" \/>\n\t<meta name=\"twitter:label2\" content=\"Tiempo de lectura\" \/>\n\t<meta name=\"twitter:data2\" content=\"11 minutos\" \/>\n<script type=\"application\/ld+json\" class=\"yoast-schema-graph\">{\"@context\":\"https:\/\/schema.org\",\"@graph\":[{\"@type\":\"Article\",\"@id\":\"https:\/\/elcomunista.org\/?p=8448#article\",\"isPartOf\":{\"@id\":\"https:\/\/elcomunista.org\/?p=8448\"},\"author\":{\"name\":\"Iv\u00e1n Castro\",\"@id\":\"https:\/\/elcomunista.org\/#\/schema\/person\/d969cd35d0a7ebe415a282c37e6f6b8d\"},\"headline\":\"El Salvador: Aciertos y errores en la emergencia por el Covid-19\",\"datePublished\":\"2020-04-22T03:12:35+00:00\",\"dateModified\":\"2020-04-22T03:12:39+00:00\",\"mainEntityOfPage\":{\"@id\":\"https:\/\/elcomunista.org\/?p=8448\"},\"wordCount\":2241,\"commentCount\":0,\"publisher\":{\"@id\":\"https:\/\/elcomunista.org\/#organization\"},\"image\":{\"@id\":\"https:\/\/elcomunista.org\/?p=8448#primaryimage\"},\"thumbnailUrl\":\"https:\/\/elcomunista.org\/wp-content\/uploads\/2020\/04\/cadena-nacional-21-marzo.jpg\",\"keywords\":[\"Coronavirus\",\"El Salvador\"],\"articleSection\":[\"Coronavirus\",\"Pol\u00edtica\",\"Principales\"],\"inLanguage\":\"es\",\"potentialAction\":[{\"@type\":\"CommentAction\",\"name\":\"Comment\",\"target\":[\"https:\/\/elcomunista.org\/?p=8448#respond\"]}]},{\"@type\":\"WebPage\",\"@id\":\"https:\/\/elcomunista.org\/?p=8448\",\"url\":\"https:\/\/elcomunista.org\/?p=8448\",\"name\":\"El Salvador: Aciertos y errores en la emergencia por el Covid-19\",\"isPartOf\":{\"@id\":\"https:\/\/elcomunista.org\/#website\"},\"primaryImageOfPage\":{\"@id\":\"https:\/\/elcomunista.org\/?p=8448#primaryimage\"},\"image\":{\"@id\":\"https:\/\/elcomunista.org\/?p=8448#primaryimage\"},\"thumbnailUrl\":\"https:\/\/elcomunista.org\/wp-content\/uploads\/2020\/04\/cadena-nacional-21-marzo.jpg\",\"datePublished\":\"2020-04-22T03:12:35+00:00\",\"dateModified\":\"2020-04-22T03:12:39+00:00\",\"breadcrumb\":{\"@id\":\"https:\/\/elcomunista.org\/?p=8448#breadcrumb\"},\"inLanguage\":\"es\",\"potentialAction\":[{\"@type\":\"ReadAction\",\"target\":[\"https:\/\/elcomunista.org\/?p=8448\"]}]},{\"@type\":\"ImageObject\",\"inLanguage\":\"es\",\"@id\":\"https:\/\/elcomunista.org\/?p=8448#primaryimage\",\"url\":\"https:\/\/elcomunista.org\/wp-content\/uploads\/2020\/04\/cadena-nacional-21-marzo.jpg\",\"contentUrl\":\"https:\/\/elcomunista.org\/wp-content\/uploads\/2020\/04\/cadena-nacional-21-marzo.jpg\",\"width\":650,\"height\":375},{\"@type\":\"BreadcrumbList\",\"@id\":\"https:\/\/elcomunista.org\/?p=8448#breadcrumb\",\"itemListElement\":[{\"@type\":\"ListItem\",\"position\":1,\"name\":\"Portada\",\"item\":\"https:\/\/elcomunista.org\/\"},{\"@type\":\"ListItem\",\"position\":2,\"name\":\"El Salvador: Aciertos y errores en la emergencia por el Covid-19\"}]},{\"@type\":\"WebSite\",\"@id\":\"https:\/\/elcomunista.org\/#website\",\"url\":\"https:\/\/elcomunista.org\/\",\"name\":\"Revoluci\u00f3n Comunista\",\"description\":\"Internacional Comunista Revolucionaria\",\"publisher\":{\"@id\":\"https:\/\/elcomunista.org\/#organization\"},\"potentialAction\":[{\"@type\":\"SearchAction\",\"target\":{\"@type\":\"EntryPoint\",\"urlTemplate\":\"https:\/\/elcomunista.org\/?s={search_term_string}\"},\"query-input\":{\"@type\":\"PropertyValueSpecification\",\"valueRequired\":true,\"valueName\":\"search_term_string\"}}],\"inLanguage\":\"es\"},{\"@type\":\"Organization\",\"@id\":\"https:\/\/elcomunista.org\/#organization\",\"name\":\"Bloque Popular Juvenil\",\"url\":\"https:\/\/elcomunista.org\/\",\"logo\":{\"@type\":\"ImageObject\",\"inLanguage\":\"es\",\"@id\":\"https:\/\/elcomunista.org\/#\/schema\/logo\/image\/\",\"url\":\"https:\/\/bloquepopularjuvenil.org\/wp-content\/uploads\/2018\/11\/bpj-militante.jpg\",\"contentUrl\":\"https:\/\/bloquepopularjuvenil.org\/wp-content\/uploads\/2018\/11\/bpj-militante.jpg\",\"width\":4000,\"height\":1390,\"caption\":\"Bloque Popular Juvenil\"},\"image\":{\"@id\":\"https:\/\/elcomunista.org\/#\/schema\/logo\/image\/\"},\"sameAs\":[\"https:\/\/www.facebook.com\/Bloquepopularjuvenil\",\"https:\/\/x.com\/ElBPJ\",\"https:\/\/www.instagram.com\/elbloque_bpj\/?hl=es-la\"]},{\"@type\":\"Person\",\"@id\":\"https:\/\/elcomunista.org\/#\/schema\/person\/d969cd35d0a7ebe415a282c37e6f6b8d\",\"name\":\"Iv\u00e1n Castro\",\"image\":{\"@type\":\"ImageObject\",\"inLanguage\":\"es\",\"@id\":\"https:\/\/elcomunista.org\/#\/schema\/person\/image\/\",\"url\":\"https:\/\/secure.gravatar.com\/avatar\/f41b41e67177fdfed1326b3a5e4c449e?s=96&d=mm&r=g\",\"contentUrl\":\"https:\/\/secure.gravatar.com\/avatar\/f41b41e67177fdfed1326b3a5e4c449e?s=96&d=mm&r=g\",\"caption\":\"Iv\u00e1n Castro\"},\"url\":\"https:\/\/elcomunista.org\/?author=58\"}]}<\/script>\n<!-- \/ Yoast SEO plugin. -->","yoast_head_json":{"title":"El Salvador: Aciertos y errores en la emergencia por el Covid-19","robots":{"index":"index","follow":"follow","max-snippet":"max-snippet:-1","max-image-preview":"max-image-preview:large","max-video-preview":"max-video-preview:-1"},"canonical":"https:\/\/elcomunista.org\/?p=8448","og_locale":"es_ES","og_type":"article","og_title":"El Salvador: Aciertos y errores en la emergencia por el Covid-19","og_description":"Las situaciones de emergencia son la mejor manera de poner al descubierto todas las fortalezas o debilidades de una persona, estructura o sistema, que se vea en la necesidad de responder de manera inmediata ante una situaci\u00f3n as\u00ed.\u00a0 En este sentido, la pandemia provocada por el Covid-19 ha puesto a prueba no solo al sistema...","og_url":"https:\/\/elcomunista.org\/?p=8448","og_site_name":"Revoluci\u00f3n Comunista","article_publisher":"https:\/\/www.facebook.com\/Bloquepopularjuvenil","article_published_time":"2020-04-22T03:12:35+00:00","article_modified_time":"2020-04-22T03:12:39+00:00","og_image":[{"width":650,"height":375,"url":"https:\/\/elcomunista.org\/wp-content\/uploads\/2020\/04\/cadena-nacional-21-marzo.jpg","type":"image\/jpeg"}],"author":"Iv\u00e1n Castro","twitter_card":"summary_large_image","twitter_creator":"@ElBPJ","twitter_site":"@ElBPJ","twitter_misc":{"Escrito por":"Iv\u00e1n Castro","Tiempo de lectura":"11 minutos"},"schema":{"@context":"https:\/\/schema.org","@graph":[{"@type":"Article","@id":"https:\/\/elcomunista.org\/?p=8448#article","isPartOf":{"@id":"https:\/\/elcomunista.org\/?p=8448"},"author":{"name":"Iv\u00e1n Castro","@id":"https:\/\/elcomunista.org\/#\/schema\/person\/d969cd35d0a7ebe415a282c37e6f6b8d"},"headline":"El Salvador: Aciertos y errores en la emergencia por el Covid-19","datePublished":"2020-04-22T03:12:35+00:00","dateModified":"2020-04-22T03:12:39+00:00","mainEntityOfPage":{"@id":"https:\/\/elcomunista.org\/?p=8448"},"wordCount":2241,"commentCount":0,"publisher":{"@id":"https:\/\/elcomunista.org\/#organization"},"image":{"@id":"https:\/\/elcomunista.org\/?p=8448#primaryimage"},"thumbnailUrl":"https:\/\/elcomunista.org\/wp-content\/uploads\/2020\/04\/cadena-nacional-21-marzo.jpg","keywords":["Coronavirus","El Salvador"],"articleSection":["Coronavirus","Pol\u00edtica","Principales"],"inLanguage":"es","potentialAction":[{"@type":"CommentAction","name":"Comment","target":["https:\/\/elcomunista.org\/?p=8448#respond"]}]},{"@type":"WebPage","@id":"https:\/\/elcomunista.org\/?p=8448","url":"https:\/\/elcomunista.org\/?p=8448","name":"El Salvador: Aciertos y errores en la emergencia por el Covid-19","isPartOf":{"@id":"https:\/\/elcomunista.org\/#website"},"primaryImageOfPage":{"@id":"https:\/\/elcomunista.org\/?p=8448#primaryimage"},"image":{"@id":"https:\/\/elcomunista.org\/?p=8448#primaryimage"},"thumbnailUrl":"https:\/\/elcomunista.org\/wp-content\/uploads\/2020\/04\/cadena-nacional-21-marzo.jpg","datePublished":"2020-04-22T03:12:35+00:00","dateModified":"2020-04-22T03:12:39+00:00","breadcrumb":{"@id":"https:\/\/elcomunista.org\/?p=8448#breadcrumb"},"inLanguage":"es","potentialAction":[{"@type":"ReadAction","target":["https:\/\/elcomunista.org\/?p=8448"]}]},{"@type":"ImageObject","inLanguage":"es","@id":"https:\/\/elcomunista.org\/?p=8448#primaryimage","url":"https:\/\/elcomunista.org\/wp-content\/uploads\/2020\/04\/cadena-nacional-21-marzo.jpg","contentUrl":"https:\/\/elcomunista.org\/wp-content\/uploads\/2020\/04\/cadena-nacional-21-marzo.jpg","width":650,"height":375},{"@type":"BreadcrumbList","@id":"https:\/\/elcomunista.org\/?p=8448#breadcrumb","itemListElement":[{"@type":"ListItem","position":1,"name":"Portada","item":"https:\/\/elcomunista.org\/"},{"@type":"ListItem","position":2,"name":"El Salvador: Aciertos y errores en la emergencia por el Covid-19"}]},{"@type":"WebSite","@id":"https:\/\/elcomunista.org\/#website","url":"https:\/\/elcomunista.org\/","name":"Revoluci\u00f3n Comunista","description":"Internacional Comunista Revolucionaria","publisher":{"@id":"https:\/\/elcomunista.org\/#organization"},"potentialAction":[{"@type":"SearchAction","target":{"@type":"EntryPoint","urlTemplate":"https:\/\/elcomunista.org\/?s={search_term_string}"},"query-input":{"@type":"PropertyValueSpecification","valueRequired":true,"valueName":"search_term_string"}}],"inLanguage":"es"},{"@type":"Organization","@id":"https:\/\/elcomunista.org\/#organization","name":"Bloque Popular Juvenil","url":"https:\/\/elcomunista.org\/","logo":{"@type":"ImageObject","inLanguage":"es","@id":"https:\/\/elcomunista.org\/#\/schema\/logo\/image\/","url":"https:\/\/bloquepopularjuvenil.org\/wp-content\/uploads\/2018\/11\/bpj-militante.jpg","contentUrl":"https:\/\/bloquepopularjuvenil.org\/wp-content\/uploads\/2018\/11\/bpj-militante.jpg","width":4000,"height":1390,"caption":"Bloque Popular Juvenil"},"image":{"@id":"https:\/\/elcomunista.org\/#\/schema\/logo\/image\/"},"sameAs":["https:\/\/www.facebook.com\/Bloquepopularjuvenil","https:\/\/x.com\/ElBPJ","https:\/\/www.instagram.com\/elbloque_bpj\/?hl=es-la"]},{"@type":"Person","@id":"https:\/\/elcomunista.org\/#\/schema\/person\/d969cd35d0a7ebe415a282c37e6f6b8d","name":"Iv\u00e1n Castro","image":{"@type":"ImageObject","inLanguage":"es","@id":"https:\/\/elcomunista.org\/#\/schema\/person\/image\/","url":"https:\/\/secure.gravatar.com\/avatar\/f41b41e67177fdfed1326b3a5e4c449e?s=96&d=mm&r=g","contentUrl":"https:\/\/secure.gravatar.com\/avatar\/f41b41e67177fdfed1326b3a5e4c449e?s=96&d=mm&r=g","caption":"Iv\u00e1n Castro"},"url":"https:\/\/elcomunista.org\/?author=58"}]}},"jetpack_featured_media_url":"https:\/\/elcomunista.org\/wp-content\/uploads\/2020\/04\/cadena-nacional-21-marzo.jpg","jetpack_likes_enabled":true,"jetpack_sharing_enabled":true,"_links":{"self":[{"href":"https:\/\/elcomunista.org\/index.php?rest_route=\/wp\/v2\/posts\/8448"}],"collection":[{"href":"https:\/\/elcomunista.org\/index.php?rest_route=\/wp\/v2\/posts"}],"about":[{"href":"https:\/\/elcomunista.org\/index.php?rest_route=\/wp\/v2\/types\/post"}],"author":[{"embeddable":true,"href":"https:\/\/elcomunista.org\/index.php?rest_route=\/wp\/v2\/users\/58"}],"replies":[{"embeddable":true,"href":"https:\/\/elcomunista.org\/index.php?rest_route=%2Fwp%2Fv2%2Fcomments&post=8448"}],"version-history":[{"count":0,"href":"https:\/\/elcomunista.org\/index.php?rest_route=\/wp\/v2\/posts\/8448\/revisions"}],"wp:featuredmedia":[{"embeddable":true,"href":"https:\/\/elcomunista.org\/index.php?rest_route=\/wp\/v2\/media\/8449"}],"wp:attachment":[{"href":"https:\/\/elcomunista.org\/index.php?rest_route=%2Fwp%2Fv2%2Fmedia&parent=8448"}],"wp:term":[{"taxonomy":"category","embeddable":true,"href":"https:\/\/elcomunista.org\/index.php?rest_route=%2Fwp%2Fv2%2Fcategories&post=8448"},{"taxonomy":"post_tag","embeddable":true,"href":"https:\/\/elcomunista.org\/index.php?rest_route=%2Fwp%2Fv2%2Ftags&post=8448"}],"curies":[{"name":"wp","href":"https:\/\/api.w.org\/{rel}","templated":true}]}}